{"id":85271,"date":"2013-08-16T17:28:27","date_gmt":"2013-08-16T15:28:27","guid":{"rendered":"https:\/\/sandzakpress.net\/arhiva\/?p=85271"},"modified":"2013-08-16T18:50:55","modified_gmt":"2013-08-16T16:50:55","slug":"bdz-sandzaka-na-celu-sa-jahjom-fehratovicem-prikupila-dovoljan-broj-potpisa-za-preregistraciju","status":"publish","type":"post","link":"https:\/\/sandzakpress.net\/arhiva\/bdz-sandzaka-na-celu-sa-jahjom-fehratovicem-prikupila-dovoljan-broj-potpisa-za-preregistraciju\/","title":{"rendered":"BDZ Sand\u017eaka prikupila dovoljan broj potpisa za preregistraciju"},"content":{"rendered":"<p><strong><img loading=\"lazy\" decoding=\"async\" class=\"alignleft size-medium wp-image-85272\" alt=\"1176319_4818977686924_1918777028_n\" src=\"https:\/\/sandzakpress.net\/arhiva\/wp-content\/uploads\/2013\/08\/1176319_4818977686924_1918777028_n-300x262.jpg\" width=\"300\" height=\"262\" \/>Sjeverni Sand\u017eak &#8211; \u201eObavje\u0161tavamo javnost da smo zaklju\u010dno sa dana\u0161njim danom prikupili preko 1000 potpisa podr\u0161ke za preregistraciju Bo\u0161nja\u010dke demokratske zajednice Sand\u017eaka, sto je dovoljno po pravilniku Registra politi\u010dkih stranaka Ministarstva pravde Republike Srbije.<\/strong><\/p>\n<p>Bo\u0161nja\u010dka demokratska zajednica Sand\u017eaka se zahvaljuje svim simpatizerima koji su u ovih nekoliko dana svojim potpisima podr\u017eali na\u0161u i njihovu stranku.<\/p>\n<p>Akciju nastavljamo od ponedeljka, 19.08.2013., kada \u0107emo upisivati nove \u010dlanove BDZ Sand\u017eaka&#8221; &#8211; istakao je u izjavi za medije potpredsjednik BDZ-a dr. Admir Muratovi\u0107.<\/p>\n<p>Informativna slu\u017eba<\/p>\n<p>(BDZ)<\/p>\n","protected":false},"excerpt":{"rendered":"<p>Sjeverni Sand\u017eak &#8211; \u201eObavje\u0161tavamo javnost da smo zaklju\u010dno sa dana\u0161njim danom prikupili preko 1000 potpisa podr\u0161ke za preregistraciju Bo\u0161nja\u010dke demokratske zajednice Sand\u017eaka, sto je dovoljno po pravilniku Registra politi\u010dkih stranaka Ministarstva pravde Republike Srbije. Bo\u0161nja\u010dka demokratska zajednica Sand\u017eaka se zahvaljuje svim simpatizerima koji su u ovih nekoliko dana svojim potpisima podr\u017eali na\u0161u i njihovu stranku. [&hellip;]<\/p>\n","protected":false},"author":83,"featured_media":85274,"comment_status":"open","ping_status":"open","sticky":false,"template":"","format":"standard","meta":{"footnotes":""},"categories":[72,1,52,327,392,393,394,8957],"tags":[10223],"class_list":{"0":"post-85271","1":"post","2":"type-post","3":"status-publish","4":"format-standard","5":"has-post-thumbnail","7":"category-novi-pazar","8":"category-politika","9":"category-sjenica","10":"category-tutin","11":"category-prijepolje_","12":"category-priboj","13":"category-nova-varos","14":"category-vijesti-dana","15":"tag-bdz"},"yoast_head":"<!-- This site is optimized with the Yoast SEO Premium plugin v23.1 (Yoast SEO v24.9) - https:\/\/yoast.com\/wordpress\/plugins\/seo\/ -->\n<title>BDZ Sand\u017eaka prikupila dovoljan broj potpisa za preregistraciju<\/title>\n<meta name=\"robots\" content=\"index, follow, max-snippet:-1, max-image-preview:large, max-video-preview:-1\" \/>\n<link rel=\"canonical\" href=\"https:\/\/sandzakpress.net\/arhiva\/bdz-sandzaka-na-celu-sa-jahjom-fehratovicem-prikupila-dovoljan-broj-potpisa-za-preregistraciju\/\" \/>\n<meta property=\"og:locale\" content=\"bs_BA\" \/>\n<meta property=\"og:type\" content=\"article\" \/>\n<meta property=\"og:title\" content=\"BDZ Sand\u017eaka prikupila dovoljan broj potpisa za preregistraciju\" \/>\n<meta property=\"og:description\" content=\"Sjeverni Sand\u017eak &#8211; \u201eObavje\u0161tavamo javnost da smo zaklju\u010dno sa dana\u0161njim danom prikupili preko 1000 potpisa podr\u0161ke za preregistraciju Bo\u0161nja\u010dke demokratske zajednice Sand\u017eaka, sto je dovoljno po pravilniku Registra politi\u010dkih stranaka Ministarstva pravde Republike Srbije. Bo\u0161nja\u010dka demokratska zajednica Sand\u017eaka se zahvaljuje svim simpatizerima koji su u ovih nekoliko dana svojim potpisima podr\u017eali na\u0161u i njihovu stranku. [&hellip;]\" \/>\n<meta property=\"og:url\" content=\"https:\/\/sandzakpress.net\/arhiva\/bdz-sandzaka-na-celu-sa-jahjom-fehratovicem-prikupila-dovoljan-broj-potpisa-za-preregistraciju\/\" \/>\n<meta property=\"og:site_name\" content=\"Sand\u017eak PRESS\" \/>\n<meta property=\"article:published_time\" content=\"2013-08-16T15:28:27+00:00\" \/>\n<meta property=\"article:modified_time\" content=\"2013-08-16T16:50:55+00:00\" \/>\n<meta property=\"og:image\" content=\"https:\/\/sandzakpress.net\/arhiva\/wp-content\/uploads\/2013\/08\/1176319_4818977686924_1918777028_n-300x2621.jpg\" \/>\n\t<meta property=\"og:image:width\" content=\"300\" \/>\n\t<meta property=\"og:image:height\" content=\"262\" \/>\n\t<meta property=\"og:image:type\" content=\"image\/jpeg\" \/>\n<meta name=\"author\" content=\"bosniak\" \/>\n<meta name=\"twitter:card\" content=\"summary_large_image\" \/>\n<meta name=\"twitter:label1\" content=\"Written by\" \/>\n\t<meta name=\"twitter:data1\" content=\"bosniak\" \/>\n<script type=\"application\/ld+json\" class=\"yoast-schema-graph\">{\"@context\":\"https:\/\/schema.org\",\"@graph\":[{\"@type\":\"Article\",\"@id\":\"https:\/\/sandzakpress.net\/arhiva\/bdz-sandzaka-na-celu-sa-jahjom-fehratovicem-prikupila-dovoljan-broj-potpisa-za-preregistraciju\/#article\",\"isPartOf\":{\"@id\":\"https:\/\/sandzakpress.net\/arhiva\/bdz-sandzaka-na-celu-sa-jahjom-fehratovicem-prikupila-dovoljan-broj-potpisa-za-preregistraciju\/\"},\"author\":{\"name\":\"bosniak\",\"@id\":\"https:\/\/sandzakpress.net\/arhiva\/#\/schema\/person\/c8baee722073534b583ea7bdb2e36c02\"},\"headline\":\"BDZ Sand\u017eaka prikupila dovoljan broj potpisa za preregistraciju\",\"datePublished\":\"2013-08-16T15:28:27+00:00\",\"dateModified\":\"2013-08-16T16:50:55+00:00\",\"mainEntityOfPage\":{\"@id\":\"https:\/\/sandzakpress.net\/arhiva\/bdz-sandzaka-na-celu-sa-jahjom-fehratovicem-prikupila-dovoljan-broj-potpisa-za-preregistraciju\/\"},\"wordCount\":105,\"commentCount\":3,\"publisher\":{\"@id\":\"https:\/\/sandzakpress.net\/arhiva\/#\/schema\/person\/6e72b67d6e51910a1117b3b483ba20bd\"},\"image\":{\"@id\":\"https:\/\/sandzakpress.net\/arhiva\/bdz-sandzaka-na-celu-sa-jahjom-fehratovicem-prikupila-dovoljan-broj-potpisa-za-preregistraciju\/#primaryimage\"},\"thumbnailUrl\":\"https:\/\/sandzakpress.net\/arhiva\/wp-content\/uploads\/2013\/08\/1176319_4818977686924_1918777028_n-300x2621.jpg\",\"keywords\":[\"BDZ\"],\"articleSection\":[\"Novi Pazar\",\"Politika\",\"Sjenica\",\"Tutin\",\"Prijepolje\",\"Priboj\",\"Nova Varo\u0161\",\"VIJESTI DANA\"],\"inLanguage\":\"bs-BA\",\"potentialAction\":[{\"@type\":\"CommentAction\",\"name\":\"Comment\",\"target\":[\"https:\/\/sandzakpress.net\/arhiva\/bdz-sandzaka-na-celu-sa-jahjom-fehratovicem-prikupila-dovoljan-broj-potpisa-za-preregistraciju\/#respond\"]}]},{\"@type\":\"WebPage\",\"@id\":\"https:\/\/sandzakpress.net\/arhiva\/bdz-sandzaka-na-celu-sa-jahjom-fehratovicem-prikupila-dovoljan-broj-potpisa-za-preregistraciju\/\",\"url\":\"https:\/\/sandzakpress.net\/arhiva\/bdz-sandzaka-na-celu-sa-jahjom-fehratovicem-prikupila-dovoljan-broj-potpisa-za-preregistraciju\/\",\"name\":\"BDZ Sand\u017eaka prikupila dovoljan broj potpisa za preregistraciju\",\"isPartOf\":{\"@id\":\"https:\/\/sandzakpress.net\/arhiva\/#website\"},\"primaryImageOfPage\":{\"@id\":\"https:\/\/sandzakpress.net\/arhiva\/bdz-sandzaka-na-celu-sa-jahjom-fehratovicem-prikupila-dovoljan-broj-potpisa-za-preregistraciju\/#primaryimage\"},\"image\":{\"@id\":\"https:\/\/sandzakpress.net\/arhiva\/bdz-sandzaka-na-celu-sa-jahjom-fehratovicem-prikupila-dovoljan-broj-potpisa-za-preregistraciju\/#primaryimage\"},\"thumbnailUrl\":\"https:\/\/sandzakpress.net\/arhiva\/wp-content\/uploads\/2013\/08\/1176319_4818977686924_1918777028_n-300x2621.jpg\",\"datePublished\":\"2013-08-16T15:28:27+00:00\",\"dateModified\":\"2013-08-16T16:50:55+00:00\",\"breadcrumb\":{\"@id\":\"https:\/\/sandzakpress.net\/arhiva\/bdz-sandzaka-na-celu-sa-jahjom-fehratovicem-prikupila-dovoljan-broj-potpisa-za-preregistraciju\/#breadcrumb\"},\"inLanguage\":\"bs-BA\",\"potentialAction\":[{\"@type\":\"ReadAction\",\"target\":[\"https:\/\/sandzakpress.net\/arhiva\/bdz-sandzaka-na-celu-sa-jahjom-fehratovicem-prikupila-dovoljan-broj-potpisa-za-preregistraciju\/\"]}]},{\"@type\":\"ImageObject\",\"inLanguage\":\"bs-BA\",\"@id\":\"https:\/\/sandzakpress.net\/arhiva\/bdz-sandzaka-na-celu-sa-jahjom-fehratovicem-prikupila-dovoljan-broj-potpisa-za-preregistraciju\/#primaryimage\",\"url\":\"https:\/\/sandzakpress.net\/arhiva\/wp-content\/uploads\/2013\/08\/1176319_4818977686924_1918777028_n-300x2621.jpg\",\"contentUrl\":\"https:\/\/sandzakpress.net\/arhiva\/wp-content\/uploads\/2013\/08\/1176319_4818977686924_1918777028_n-300x2621.jpg\",\"width\":300,\"height\":262},{\"@type\":\"BreadcrumbList\",\"@id\":\"https:\/\/sandzakpress.net\/arhiva\/bdz-sandzaka-na-celu-sa-jahjom-fehratovicem-prikupila-dovoljan-broj-potpisa-za-preregistraciju\/#breadcrumb\",\"itemListElement\":[{\"@type\":\"ListItem\",\"position\":1,\"name\":\"Home\",\"item\":\"https:\/\/sandzakpress.net\/arhiva\/\"},{\"@type\":\"ListItem\",\"position\":2,\"name\":\"BDZ Sand\u017eaka prikupila dovoljan broj potpisa za preregistraciju\"}]},{\"@type\":\"WebSite\",\"@id\":\"https:\/\/sandzakpress.net\/arhiva\/#website\",\"url\":\"https:\/\/sandzakpress.net\/arhiva\/\",\"name\":\"Sand\u017eak PRESS\",\"description\":\"Prve elektronske novine u Sand\u017eaku\",\"publisher\":{\"@id\":\"https:\/\/sandzakpress.net\/arhiva\/#\/schema\/person\/6e72b67d6e51910a1117b3b483ba20bd\"},\"potentialAction\":[{\"@type\":\"SearchAction\",\"target\":{\"@type\":\"EntryPoint\",\"urlTemplate\":\"https:\/\/sandzakpress.net\/arhiva\/?s={search_term_string}\"},\"query-input\":{\"@type\":\"PropertyValueSpecification\",\"valueRequired\":true,\"valueName\":\"search_term_string\"}}],\"inLanguage\":\"bs-BA\"},{\"@type\":[\"Person\",\"Organization\"],\"@id\":\"https:\/\/sandzakpress.net\/arhiva\/#\/schema\/person\/6e72b67d6e51910a1117b3b483ba20bd\",\"name\":\"Kul\",\"image\":{\"@type\":\"ImageObject\",\"inLanguage\":\"bs-BA\",\"@id\":\"https:\/\/sandzakpress.net\/arhiva\/#\/schema\/person\/image\/\",\"url\":\"https:\/\/secure.gravatar.com\/avatar\/42263f39aa27ac04c43cab85c280eb2e?s=96&d=mm&r=pg\",\"contentUrl\":\"https:\/\/secure.gravatar.com\/avatar\/42263f39aa27ac04c43cab85c280eb2e?s=96&d=mm&r=pg\",\"caption\":\"Kul\"},\"logo\":{\"@id\":\"https:\/\/sandzakpress.net\/arhiva\/#\/schema\/person\/image\/\"}},{\"@type\":\"Person\",\"@id\":\"https:\/\/sandzakpress.net\/arhiva\/#\/schema\/person\/c8baee722073534b583ea7bdb2e36c02\",\"name\":\"bosniak\",\"image\":{\"@type\":\"ImageObject\",\"inLanguage\":\"bs-BA\",\"@id\":\"https:\/\/sandzakpress.net\/arhiva\/#\/schema\/person\/image\/\",\"url\":\"https:\/\/secure.gravatar.com\/avatar\/a04fd330bfe3a36a72a0ad4a6d89fca7?s=96&d=mm&r=pg\",\"contentUrl\":\"https:\/\/secure.gravatar.com\/avatar\/a04fd330bfe3a36a72a0ad4a6d89fca7?s=96&d=mm&r=pg\",\"caption\":\"bosniak\"},\"url\":\"https:\/\/sandzakpress.net\/arhiva\/author\/bosniak\/\"}]}<\/script>\n<!-- \/ Yoast SEO Premium plugin. -->","yoast_head_json":{"title":"BDZ Sand\u017eaka prikupila dovoljan broj potpisa za preregistraciju","robots":{"index":"index","follow":"follow","max-snippet":"max-snippet:-1","max-image-preview":"max-image-preview:large","max-video-preview":"max-video-preview:-1"},"canonical":"https:\/\/sandzakpress.net\/arhiva\/bdz-sandzaka-na-celu-sa-jahjom-fehratovicem-prikupila-dovoljan-broj-potpisa-za-preregistraciju\/","og_locale":"bs_BA","og_type":"article","og_title":"BDZ Sand\u017eaka prikupila dovoljan broj potpisa za preregistraciju","og_description":"Sjeverni Sand\u017eak &#8211; \u201eObavje\u0161tavamo javnost da smo zaklju\u010dno sa dana\u0161njim danom prikupili preko 1000 potpisa podr\u0161ke za preregistraciju Bo\u0161nja\u010dke demokratske zajednice Sand\u017eaka, sto je dovoljno po pravilniku Registra politi\u010dkih stranaka Ministarstva pravde Republike Srbije. Bo\u0161nja\u010dka demokratska zajednica Sand\u017eaka se zahvaljuje svim simpatizerima koji su u ovih nekoliko dana svojim potpisima podr\u017eali na\u0161u i njihovu stranku. [&hellip;]","og_url":"https:\/\/sandzakpress.net\/arhiva\/bdz-sandzaka-na-celu-sa-jahjom-fehratovicem-prikupila-dovoljan-broj-potpisa-za-preregistraciju\/","og_site_name":"Sand\u017eak PRESS","article_published_time":"2013-08-16T15:28:27+00:00","article_modified_time":"2013-08-16T16:50:55+00:00","og_image":[{"width":300,"height":262,"url":"https:\/\/sandzakpress.net\/arhiva\/wp-content\/uploads\/2013\/08\/1176319_4818977686924_1918777028_n-300x2621.jpg","type":"image\/jpeg"}],"author":"bosniak","twitter_card":"summary_large_image","twitter_misc":{"Written by":"bosniak"},"schema":{"@context":"https:\/\/schema.org","@graph":[{"@type":"Article","@id":"https:\/\/sandzakpress.net\/arhiva\/bdz-sandzaka-na-celu-sa-jahjom-fehratovicem-prikupila-dovoljan-broj-potpisa-za-preregistraciju\/#article","isPartOf":{"@id":"https:\/\/sandzakpress.net\/arhiva\/bdz-sandzaka-na-celu-sa-jahjom-fehratovicem-prikupila-dovoljan-broj-potpisa-za-preregistraciju\/"},"author":{"name":"bosniak","@id":"https:\/\/sandzakpress.net\/arhiva\/#\/schema\/person\/c8baee722073534b583ea7bdb2e36c02"},"headline":"BDZ Sand\u017eaka prikupila dovoljan broj potpisa za preregistraciju","datePublished":"2013-08-16T15:28:27+00:00","dateModified":"2013-08-16T16:50:55+00:00","mainEntityOfPage":{"@id":"https:\/\/sandzakpress.net\/arhiva\/bdz-sandzaka-na-celu-sa-jahjom-fehratovicem-prikupila-dovoljan-broj-potpisa-za-preregistraciju\/"},"wordCount":105,"commentCount":3,"publisher":{"@id":"https:\/\/sandzakpress.net\/arhiva\/#\/schema\/person\/6e72b67d6e51910a1117b3b483ba20bd"},"image":{"@id":"https:\/\/sandzakpress.net\/arhiva\/bdz-sandzaka-na-celu-sa-jahjom-fehratovicem-prikupila-dovoljan-broj-potpisa-za-preregistraciju\/#primaryimage"},"thumbnailUrl":"https:\/\/sandzakpress.net\/arhiva\/wp-content\/uploads\/2013\/08\/1176319_4818977686924_1918777028_n-300x2621.jpg","keywords":["BDZ"],"articleSection":["Novi Pazar","Politika","Sjenica","Tutin","Prijepolje","Priboj","Nova Varo\u0161","VIJESTI DANA"],"inLanguage":"bs-BA","potentialAction":[{"@type":"CommentAction","name":"Comment","target":["https:\/\/sandzakpress.net\/arhiva\/bdz-sandzaka-na-celu-sa-jahjom-fehratovicem-prikupila-dovoljan-broj-potpisa-za-preregistraciju\/#respond"]}]},{"@type":"WebPage","@id":"https:\/\/sandzakpress.net\/arhiva\/bdz-sandzaka-na-celu-sa-jahjom-fehratovicem-prikupila-dovoljan-broj-potpisa-za-preregistraciju\/","url":"https:\/\/sandzakpress.net\/arhiva\/bdz-sandzaka-na-celu-sa-jahjom-fehratovicem-prikupila-dovoljan-broj-potpisa-za-preregistraciju\/","name":"BDZ Sand\u017eaka prikupila dovoljan broj potpisa za preregistraciju","isPartOf":{"@id":"https:\/\/sandzakpress.net\/arhiva\/#website"},"primaryImageOfPage":{"@id":"https:\/\/sandzakpress.net\/arhiva\/bdz-sandzaka-na-celu-sa-jahjom-fehratovicem-prikupila-dovoljan-broj-potpisa-za-preregistraciju\/#primaryimage"},"image":{"@id":"https:\/\/sandzakpress.net\/arhiva\/bdz-sandzaka-na-celu-sa-jahjom-fehratovicem-prikupila-dovoljan-broj-potpisa-za-preregistraciju\/#primaryimage"},"thumbnailUrl":"https:\/\/sandzakpress.net\/arhiva\/wp-content\/uploads\/2013\/08\/1176319_4818977686924_1918777028_n-300x2621.jpg","datePublished":"2013-08-16T15:28:27+00:00","dateModified":"2013-08-16T16:50:55+00:00","breadcrumb":{"@id":"https:\/\/sandzakpress.net\/arhiva\/bdz-sandzaka-na-celu-sa-jahjom-fehratovicem-prikupila-dovoljan-broj-potpisa-za-preregistraciju\/#breadcrumb"},"inLanguage":"bs-BA","potentialAction":[{"@type":"ReadAction","target":["https:\/\/sandzakpress.net\/arhiva\/bdz-sandzaka-na-celu-sa-jahjom-fehratovicem-prikupila-dovoljan-broj-potpisa-za-preregistraciju\/"]}]},{"@type":"ImageObject","inLanguage":"bs-BA","@id":"https:\/\/sandzakpress.net\/arhiva\/bdz-sandzaka-na-celu-sa-jahjom-fehratovicem-prikupila-dovoljan-broj-potpisa-za-preregistraciju\/#primaryimage","url":"https:\/\/sandzakpress.net\/arhiva\/wp-content\/uploads\/2013\/08\/1176319_4818977686924_1918777028_n-300x2621.jpg","contentUrl":"https:\/\/sandzakpress.net\/arhiva\/wp-content\/uploads\/2013\/08\/1176319_4818977686924_1918777028_n-300x2621.jpg","width":300,"height":262},{"@type":"BreadcrumbList","@id":"https:\/\/sandzakpress.net\/arhiva\/bdz-sandzaka-na-celu-sa-jahjom-fehratovicem-prikupila-dovoljan-broj-potpisa-za-preregistraciju\/#breadcrumb","itemListElement":[{"@type":"ListItem","position":1,"name":"Home","item":"https:\/\/sandzakpress.net\/arhiva\/"},{"@type":"ListItem","position":2,"name":"BDZ Sand\u017eaka prikupila dovoljan broj potpisa za preregistraciju"}]},{"@type":"WebSite","@id":"https:\/\/sandzakpress.net\/arhiva\/#website","url":"https:\/\/sandzakpress.net\/arhiva\/","name":"Sand\u017eak PRESS","description":"Prve elektronske novine u Sand\u017eaku","publisher":{"@id":"https:\/\/sandzakpress.net\/arhiva\/#\/schema\/person\/6e72b67d6e51910a1117b3b483ba20bd"},"potentialAction":[{"@type":"SearchAction","target":{"@type":"EntryPoint","urlTemplate":"https:\/\/sandzakpress.net\/arhiva\/?s={search_term_string}"},"query-input":{"@type":"PropertyValueSpecification","valueRequired":true,"valueName":"search_term_string"}}],"inLanguage":"bs-BA"},{"@type":["Person","Organization"],"@id":"https:\/\/sandzakpress.net\/arhiva\/#\/schema\/person\/6e72b67d6e51910a1117b3b483ba20bd","name":"Kul","image":{"@type":"ImageObject","inLanguage":"bs-BA","@id":"https:\/\/sandzakpress.net\/arhiva\/#\/schema\/person\/image\/","url":"https:\/\/secure.gravatar.com\/avatar\/42263f39aa27ac04c43cab85c280eb2e?s=96&d=mm&r=pg","contentUrl":"https:\/\/secure.gravatar.com\/avatar\/42263f39aa27ac04c43cab85c280eb2e?s=96&d=mm&r=pg","caption":"Kul"},"logo":{"@id":"https:\/\/sandzakpress.net\/arhiva\/#\/schema\/person\/image\/"}},{"@type":"Person","@id":"https:\/\/sandzakpress.net\/arhiva\/#\/schema\/person\/c8baee722073534b583ea7bdb2e36c02","name":"bosniak","image":{"@type":"ImageObject","inLanguage":"bs-BA","@id":"https:\/\/sandzakpress.net\/arhiva\/#\/schema\/person\/image\/","url":"https:\/\/secure.gravatar.com\/avatar\/a04fd330bfe3a36a72a0ad4a6d89fca7?s=96&d=mm&r=pg","contentUrl":"https:\/\/secure.gravatar.com\/avatar\/a04fd330bfe3a36a72a0ad4a6d89fca7?s=96&d=mm&r=pg","caption":"bosniak"},"url":"https:\/\/sandzakpress.net\/arhiva\/author\/bosniak\/"}]}},"_links":{"self":[{"href":"https:\/\/sandzakpress.net\/arhiva\/wp-json\/wp\/v2\/posts\/85271"}],"collection":[{"href":"https:\/\/sandzakpress.net\/arhiva\/wp-json\/wp\/v2\/posts"}],"about":[{"href":"https:\/\/sandzakpress.net\/arhiva\/wp-json\/wp\/v2\/types\/post"}],"author":[{"embeddable":true,"href":"https:\/\/sandzakpress.net\/arhiva\/wp-json\/wp\/v2\/users\/83"}],"replies":[{"embeddable":true,"href":"https:\/\/sandzakpress.net\/arhiva\/wp-json\/wp\/v2\/comments?post=85271"}],"version-history":[{"count":0,"href":"https:\/\/sandzakpress.net\/arhiva\/wp-json\/wp\/v2\/posts\/85271\/revisions"}],"wp:featuredmedia":[{"embeddable":true,"href":"https:\/\/sandzakpress.net\/arhiva\/wp-json\/wp\/v2\/media\/85274"}],"wp:attachment":[{"href":"https:\/\/sandzakpress.net\/arhiva\/wp-json\/wp\/v2\/media?parent=85271"}],"wp:term":[{"taxonomy":"category","embeddable":true,"href":"https:\/\/sandzakpress.net\/arhiva\/wp-json\/wp\/v2\/categories?post=85271"},{"taxonomy":"post_tag","embeddable":true,"href":"https:\/\/sandzakpress.net\/arhiva\/wp-json\/wp\/v2\/tags?post=85271"}],"curies":[{"name":"wp","href":"https:\/\/api.w.org\/{rel}","templated":true}]}}