{"id":85262,"date":"2013-08-16T16:42:08","date_gmt":"2013-08-16T14:42:08","guid":{"rendered":"https:\/\/sandzakpress.net\/arhiva\/?p=85262"},"modified":"2013-08-16T16:42:08","modified_gmt":"2013-08-16T14:42:08","slug":"od-1-septembra-pocinje-nastava-na-bosanskom-jeziku-u-4-sandzacka-grada","status":"publish","type":"post","link":"https:\/\/sandzakpress.net\/arhiva\/od-1-septembra-pocinje-nastava-na-bosanskom-jeziku-u-4-sandzacka-grada\/","title":{"rendered":"Od 1. septembra po\u010dinje nastava na bosanskom jeziku u 4 sand\u017ea\u010dka grada"},"content":{"rendered":"<p><strong><img loading=\"lazy\" decoding=\"async\" class=\"alignleft size-medium wp-image-85263\" alt=\"bosanski-jezik\" src=\"https:\/\/sandzakpress.net\/arhiva\/wp-content\/uploads\/2013\/08\/bosanski-jezik-300x202.jpg\" width=\"300\" height=\"202\" \/>Sjeverni Sand\u017eak &#8211; U \u010detiri op\u0161tine u kojima Bo\u0161njaci \u010dine ve\u0107insko stanovni\u0161tvo, nastavu na bosanskom jeziku poha\u0111at \u0107e 68 posto \u0111aka prvog i petog razreda osnovne i prvog razreda srednje \u0161kole.<\/strong><\/p>\n<p>Od \u0161kolske godine koja po\u010dinje u septembru, nastavu na bosanskom jeziku u \u010detiri op\u0161tine u Sand\u017eaku, Novom Pazaru, Sjenici, Tutinu i Prijepolju, poha\u0111at \u0107e 68 posto \u0111aka prvog i petog razreda osnovne i prvog razreda srednje \u0161kole. Bo\u0161njaci u spomenutim op\u0161tinama \u010dine 85 posto stanovni\u0161tva.<\/p>\n<p>Bosanski jezik, poslije srpskog i ma\u0111arskog, prema poslednjem popisu stanovni\u0161tva u Srbiji, nalazi se na tre\u0107em mjestu po broju onih koji se njime slu\u017ee, a po Evropskoj povelji svrstan je u 10 manjinskih jezika u Srbiji.<\/p>\n<p>&nbsp;<\/p>\n","protected":false},"excerpt":{"rendered":"<p>Sjeverni Sand\u017eak &#8211; U \u010detiri op\u0161tine u kojima Bo\u0161njaci \u010dine ve\u0107insko stanovni\u0161tvo, nastavu na bosanskom jeziku poha\u0111at \u0107e 68 posto \u0111aka prvog i petog razreda osnovne i prvog razreda srednje \u0161kole. Od \u0161kolske godine koja po\u010dinje u septembru, nastavu na bosanskom jeziku u \u010detiri op\u0161tine u Sand\u017eaku, Novom Pazaru, Sjenici, Tutinu i Prijepolju, poha\u0111at \u0107e [&hellip;]<\/p>\n","protected":false},"author":83,"featured_media":85265,"comment_status":"open","ping_status":"open","sticky":false,"template":"","format":"standard","meta":{"footnotes":""},"categories":[800,72,52,327,392,8957],"tags":[10319],"class_list":{"0":"post-85262","1":"post","2":"type-post","3":"status-publish","4":"format-standard","5":"has-post-thumbnail","7":"category-nacija","8":"category-novi-pazar","9":"category-sjenica","10":"category-tutin","11":"category-prijepolje_","12":"category-vijesti-dana","13":"tag-bosanski-jezik"},"yoast_head":"<!-- This site is optimized with the Yoast SEO Premium plugin v23.1 (Yoast SEO v24.9) - https:\/\/yoast.com\/wordpress\/plugins\/seo\/ -->\n<title>Od 1. septembra po\u010dinje nastava na bosanskom jeziku u 4 sand\u017ea\u010dka grada<\/title>\n<meta name=\"robots\" content=\"index, follow, max-snippet:-1, max-image-preview:large, max-video-preview:-1\" \/>\n<link rel=\"canonical\" href=\"https:\/\/sandzakpress.net\/arhiva\/od-1-septembra-pocinje-nastava-na-bosanskom-jeziku-u-4-sandzacka-grada\/\" \/>\n<meta property=\"og:locale\" content=\"bs_BA\" \/>\n<meta property=\"og:type\" content=\"article\" \/>\n<meta property=\"og:title\" content=\"Od 1. septembra po\u010dinje nastava na bosanskom jeziku u 4 sand\u017ea\u010dka grada\" \/>\n<meta property=\"og:description\" content=\"Sjeverni Sand\u017eak &#8211; U \u010detiri op\u0161tine u kojima Bo\u0161njaci \u010dine ve\u0107insko stanovni\u0161tvo, nastavu na bosanskom jeziku poha\u0111at \u0107e 68 posto \u0111aka prvog i petog razreda osnovne i prvog razreda srednje \u0161kole. Od \u0161kolske godine koja po\u010dinje u septembru, nastavu na bosanskom jeziku u \u010detiri op\u0161tine u Sand\u017eaku, Novom Pazaru, Sjenici, Tutinu i Prijepolju, poha\u0111at \u0107e [&hellip;]\" \/>\n<meta property=\"og:url\" content=\"https:\/\/sandzakpress.net\/arhiva\/od-1-septembra-pocinje-nastava-na-bosanskom-jeziku-u-4-sandzacka-grada\/\" \/>\n<meta property=\"og:site_name\" content=\"Sand\u017eak PRESS\" \/>\n<meta property=\"article:published_time\" content=\"2013-08-16T14:42:08+00:00\" \/>\n<meta property=\"og:image\" content=\"https:\/\/sandzakpress.net\/arhiva\/wp-content\/uploads\/2013\/08\/bosanski-jezik-300x2021.jpg\" \/>\n\t<meta property=\"og:image:width\" content=\"300\" \/>\n\t<meta property=\"og:image:height\" content=\"202\" \/>\n\t<meta property=\"og:image:type\" content=\"image\/jpeg\" \/>\n<meta name=\"author\" content=\"bosniak\" \/>\n<meta name=\"twitter:card\" content=\"summary_large_image\" \/>\n<meta name=\"twitter:label1\" content=\"Written by\" \/>\n\t<meta name=\"twitter:data1\" content=\"bosniak\" \/>\n\t<meta name=\"twitter:label2\" content=\"Est. reading time\" \/>\n\t<meta name=\"twitter:data2\" content=\"1 minuta\" \/>\n<script type=\"application\/ld+json\" class=\"yoast-schema-graph\">{\"@context\":\"https:\/\/schema.org\",\"@graph\":[{\"@type\":\"Article\",\"@id\":\"https:\/\/sandzakpress.net\/arhiva\/od-1-septembra-pocinje-nastava-na-bosanskom-jeziku-u-4-sandzacka-grada\/#article\",\"isPartOf\":{\"@id\":\"https:\/\/sandzakpress.net\/arhiva\/od-1-septembra-pocinje-nastava-na-bosanskom-jeziku-u-4-sandzacka-grada\/\"},\"author\":{\"name\":\"bosniak\",\"@id\":\"https:\/\/sandzakpress.net\/arhiva\/#\/schema\/person\/c8baee722073534b583ea7bdb2e36c02\"},\"headline\":\"Od 1. septembra po\u010dinje nastava na bosanskom jeziku u 4 sand\u017ea\u010dka grada\",\"datePublished\":\"2013-08-16T14:42:08+00:00\",\"mainEntityOfPage\":{\"@id\":\"https:\/\/sandzakpress.net\/arhiva\/od-1-septembra-pocinje-nastava-na-bosanskom-jeziku-u-4-sandzacka-grada\/\"},\"wordCount\":139,\"commentCount\":7,\"publisher\":{\"@id\":\"https:\/\/sandzakpress.net\/arhiva\/#\/schema\/person\/6e72b67d6e51910a1117b3b483ba20bd\"},\"image\":{\"@id\":\"https:\/\/sandzakpress.net\/arhiva\/od-1-septembra-pocinje-nastava-na-bosanskom-jeziku-u-4-sandzacka-grada\/#primaryimage\"},\"thumbnailUrl\":\"https:\/\/sandzakpress.net\/arhiva\/wp-content\/uploads\/2013\/08\/bosanski-jezik-300x2021.jpg\",\"keywords\":[\"bosanski jezik\"],\"articleSection\":[\"Nacija\",\"Novi Pazar\",\"Sjenica\",\"Tutin\",\"Prijepolje\",\"VIJESTI DANA\"],\"inLanguage\":\"bs-BA\",\"potentialAction\":[{\"@type\":\"CommentAction\",\"name\":\"Comment\",\"target\":[\"https:\/\/sandzakpress.net\/arhiva\/od-1-septembra-pocinje-nastava-na-bosanskom-jeziku-u-4-sandzacka-grada\/#respond\"]}]},{\"@type\":\"WebPage\",\"@id\":\"https:\/\/sandzakpress.net\/arhiva\/od-1-septembra-pocinje-nastava-na-bosanskom-jeziku-u-4-sandzacka-grada\/\",\"url\":\"https:\/\/sandzakpress.net\/arhiva\/od-1-septembra-pocinje-nastava-na-bosanskom-jeziku-u-4-sandzacka-grada\/\",\"name\":\"Od 1. septembra po\u010dinje nastava na bosanskom jeziku u 4 sand\u017ea\u010dka grada\",\"isPartOf\":{\"@id\":\"https:\/\/sandzakpress.net\/arhiva\/#website\"},\"primaryImageOfPage\":{\"@id\":\"https:\/\/sandzakpress.net\/arhiva\/od-1-septembra-pocinje-nastava-na-bosanskom-jeziku-u-4-sandzacka-grada\/#primaryimage\"},\"image\":{\"@id\":\"https:\/\/sandzakpress.net\/arhiva\/od-1-septembra-pocinje-nastava-na-bosanskom-jeziku-u-4-sandzacka-grada\/#primaryimage\"},\"thumbnailUrl\":\"https:\/\/sandzakpress.net\/arhiva\/wp-content\/uploads\/2013\/08\/bosanski-jezik-300x2021.jpg\",\"datePublished\":\"2013-08-16T14:42:08+00:00\",\"breadcrumb\":{\"@id\":\"https:\/\/sandzakpress.net\/arhiva\/od-1-septembra-pocinje-nastava-na-bosanskom-jeziku-u-4-sandzacka-grada\/#breadcrumb\"},\"inLanguage\":\"bs-BA\",\"potentialAction\":[{\"@type\":\"ReadAction\",\"target\":[\"https:\/\/sandzakpress.net\/arhiva\/od-1-septembra-pocinje-nastava-na-bosanskom-jeziku-u-4-sandzacka-grada\/\"]}]},{\"@type\":\"ImageObject\",\"inLanguage\":\"bs-BA\",\"@id\":\"https:\/\/sandzakpress.net\/arhiva\/od-1-septembra-pocinje-nastava-na-bosanskom-jeziku-u-4-sandzacka-grada\/#primaryimage\",\"url\":\"https:\/\/sandzakpress.net\/arhiva\/wp-content\/uploads\/2013\/08\/bosanski-jezik-300x2021.jpg\",\"contentUrl\":\"https:\/\/sandzakpress.net\/arhiva\/wp-content\/uploads\/2013\/08\/bosanski-jezik-300x2021.jpg\",\"width\":300,\"height\":202},{\"@type\":\"BreadcrumbList\",\"@id\":\"https:\/\/sandzakpress.net\/arhiva\/od-1-septembra-pocinje-nastava-na-bosanskom-jeziku-u-4-sandzacka-grada\/#breadcrumb\",\"itemListElement\":[{\"@type\":\"ListItem\",\"position\":1,\"name\":\"Home\",\"item\":\"https:\/\/sandzakpress.net\/arhiva\/\"},{\"@type\":\"ListItem\",\"position\":2,\"name\":\"Od 1. septembra po\u010dinje nastava na bosanskom jeziku u 4 sand\u017ea\u010dka grada\"}]},{\"@type\":\"WebSite\",\"@id\":\"https:\/\/sandzakpress.net\/arhiva\/#website\",\"url\":\"https:\/\/sandzakpress.net\/arhiva\/\",\"name\":\"Sand\u017eak PRESS\",\"description\":\"Prve elektronske novine u Sand\u017eaku\",\"publisher\":{\"@id\":\"https:\/\/sandzakpress.net\/arhiva\/#\/schema\/person\/6e72b67d6e51910a1117b3b483ba20bd\"},\"potentialAction\":[{\"@type\":\"SearchAction\",\"target\":{\"@type\":\"EntryPoint\",\"urlTemplate\":\"https:\/\/sandzakpress.net\/arhiva\/?s={search_term_string}\"},\"query-input\":{\"@type\":\"PropertyValueSpecification\",\"valueRequired\":true,\"valueName\":\"search_term_string\"}}],\"inLanguage\":\"bs-BA\"},{\"@type\":[\"Person\",\"Organization\"],\"@id\":\"https:\/\/sandzakpress.net\/arhiva\/#\/schema\/person\/6e72b67d6e51910a1117b3b483ba20bd\",\"name\":\"Kul\",\"image\":{\"@type\":\"ImageObject\",\"inLanguage\":\"bs-BA\",\"@id\":\"https:\/\/sandzakpress.net\/arhiva\/#\/schema\/person\/image\/\",\"url\":\"https:\/\/secure.gravatar.com\/avatar\/42263f39aa27ac04c43cab85c280eb2e?s=96&d=mm&r=pg\",\"contentUrl\":\"https:\/\/secure.gravatar.com\/avatar\/42263f39aa27ac04c43cab85c280eb2e?s=96&d=mm&r=pg\",\"caption\":\"Kul\"},\"logo\":{\"@id\":\"https:\/\/sandzakpress.net\/arhiva\/#\/schema\/person\/image\/\"}},{\"@type\":\"Person\",\"@id\":\"https:\/\/sandzakpress.net\/arhiva\/#\/schema\/person\/c8baee722073534b583ea7bdb2e36c02\",\"name\":\"bosniak\",\"image\":{\"@type\":\"ImageObject\",\"inLanguage\":\"bs-BA\",\"@id\":\"https:\/\/sandzakpress.net\/arhiva\/#\/schema\/person\/image\/\",\"url\":\"https:\/\/secure.gravatar.com\/avatar\/a04fd330bfe3a36a72a0ad4a6d89fca7?s=96&d=mm&r=pg\",\"contentUrl\":\"https:\/\/secure.gravatar.com\/avatar\/a04fd330bfe3a36a72a0ad4a6d89fca7?s=96&d=mm&r=pg\",\"caption\":\"bosniak\"},\"url\":\"https:\/\/sandzakpress.net\/arhiva\/author\/bosniak\/\"}]}<\/script>\n<!-- \/ Yoast SEO Premium plugin. -->","yoast_head_json":{"title":"Od 1. septembra po\u010dinje nastava na bosanskom jeziku u 4 sand\u017ea\u010dka grada","robots":{"index":"index","follow":"follow","max-snippet":"max-snippet:-1","max-image-preview":"max-image-preview:large","max-video-preview":"max-video-preview:-1"},"canonical":"https:\/\/sandzakpress.net\/arhiva\/od-1-septembra-pocinje-nastava-na-bosanskom-jeziku-u-4-sandzacka-grada\/","og_locale":"bs_BA","og_type":"article","og_title":"Od 1. septembra po\u010dinje nastava na bosanskom jeziku u 4 sand\u017ea\u010dka grada","og_description":"Sjeverni Sand\u017eak &#8211; U \u010detiri op\u0161tine u kojima Bo\u0161njaci \u010dine ve\u0107insko stanovni\u0161tvo, nastavu na bosanskom jeziku poha\u0111at \u0107e 68 posto \u0111aka prvog i petog razreda osnovne i prvog razreda srednje \u0161kole. Od \u0161kolske godine koja po\u010dinje u septembru, nastavu na bosanskom jeziku u \u010detiri op\u0161tine u Sand\u017eaku, Novom Pazaru, Sjenici, Tutinu i Prijepolju, poha\u0111at \u0107e [&hellip;]","og_url":"https:\/\/sandzakpress.net\/arhiva\/od-1-septembra-pocinje-nastava-na-bosanskom-jeziku-u-4-sandzacka-grada\/","og_site_name":"Sand\u017eak PRESS","article_published_time":"2013-08-16T14:42:08+00:00","og_image":[{"width":300,"height":202,"url":"https:\/\/sandzakpress.net\/arhiva\/wp-content\/uploads\/2013\/08\/bosanski-jezik-300x2021.jpg","type":"image\/jpeg"}],"author":"bosniak","twitter_card":"summary_large_image","twitter_misc":{"Written by":"bosniak","Est. reading time":"1 minuta"},"schema":{"@context":"https:\/\/schema.org","@graph":[{"@type":"Article","@id":"https:\/\/sandzakpress.net\/arhiva\/od-1-septembra-pocinje-nastava-na-bosanskom-jeziku-u-4-sandzacka-grada\/#article","isPartOf":{"@id":"https:\/\/sandzakpress.net\/arhiva\/od-1-septembra-pocinje-nastava-na-bosanskom-jeziku-u-4-sandzacka-grada\/"},"author":{"name":"bosniak","@id":"https:\/\/sandzakpress.net\/arhiva\/#\/schema\/person\/c8baee722073534b583ea7bdb2e36c02"},"headline":"Od 1. septembra po\u010dinje nastava na bosanskom jeziku u 4 sand\u017ea\u010dka grada","datePublished":"2013-08-16T14:42:08+00:00","mainEntityOfPage":{"@id":"https:\/\/sandzakpress.net\/arhiva\/od-1-septembra-pocinje-nastava-na-bosanskom-jeziku-u-4-sandzacka-grada\/"},"wordCount":139,"commentCount":7,"publisher":{"@id":"https:\/\/sandzakpress.net\/arhiva\/#\/schema\/person\/6e72b67d6e51910a1117b3b483ba20bd"},"image":{"@id":"https:\/\/sandzakpress.net\/arhiva\/od-1-septembra-pocinje-nastava-na-bosanskom-jeziku-u-4-sandzacka-grada\/#primaryimage"},"thumbnailUrl":"https:\/\/sandzakpress.net\/arhiva\/wp-content\/uploads\/2013\/08\/bosanski-jezik-300x2021.jpg","keywords":["bosanski jezik"],"articleSection":["Nacija","Novi Pazar","Sjenica","Tutin","Prijepolje","VIJESTI DANA"],"inLanguage":"bs-BA","potentialAction":[{"@type":"CommentAction","name":"Comment","target":["https:\/\/sandzakpress.net\/arhiva\/od-1-septembra-pocinje-nastava-na-bosanskom-jeziku-u-4-sandzacka-grada\/#respond"]}]},{"@type":"WebPage","@id":"https:\/\/sandzakpress.net\/arhiva\/od-1-septembra-pocinje-nastava-na-bosanskom-jeziku-u-4-sandzacka-grada\/","url":"https:\/\/sandzakpress.net\/arhiva\/od-1-septembra-pocinje-nastava-na-bosanskom-jeziku-u-4-sandzacka-grada\/","name":"Od 1. septembra po\u010dinje nastava na bosanskom jeziku u 4 sand\u017ea\u010dka grada","isPartOf":{"@id":"https:\/\/sandzakpress.net\/arhiva\/#website"},"primaryImageOfPage":{"@id":"https:\/\/sandzakpress.net\/arhiva\/od-1-septembra-pocinje-nastava-na-bosanskom-jeziku-u-4-sandzacka-grada\/#primaryimage"},"image":{"@id":"https:\/\/sandzakpress.net\/arhiva\/od-1-septembra-pocinje-nastava-na-bosanskom-jeziku-u-4-sandzacka-grada\/#primaryimage"},"thumbnailUrl":"https:\/\/sandzakpress.net\/arhiva\/wp-content\/uploads\/2013\/08\/bosanski-jezik-300x2021.jpg","datePublished":"2013-08-16T14:42:08+00:00","breadcrumb":{"@id":"https:\/\/sandzakpress.net\/arhiva\/od-1-septembra-pocinje-nastava-na-bosanskom-jeziku-u-4-sandzacka-grada\/#breadcrumb"},"inLanguage":"bs-BA","potentialAction":[{"@type":"ReadAction","target":["https:\/\/sandzakpress.net\/arhiva\/od-1-septembra-pocinje-nastava-na-bosanskom-jeziku-u-4-sandzacka-grada\/"]}]},{"@type":"ImageObject","inLanguage":"bs-BA","@id":"https:\/\/sandzakpress.net\/arhiva\/od-1-septembra-pocinje-nastava-na-bosanskom-jeziku-u-4-sandzacka-grada\/#primaryimage","url":"https:\/\/sandzakpress.net\/arhiva\/wp-content\/uploads\/2013\/08\/bosanski-jezik-300x2021.jpg","contentUrl":"https:\/\/sandzakpress.net\/arhiva\/wp-content\/uploads\/2013\/08\/bosanski-jezik-300x2021.jpg","width":300,"height":202},{"@type":"BreadcrumbList","@id":"https:\/\/sandzakpress.net\/arhiva\/od-1-septembra-pocinje-nastava-na-bosanskom-jeziku-u-4-sandzacka-grada\/#breadcrumb","itemListElement":[{"@type":"ListItem","position":1,"name":"Home","item":"https:\/\/sandzakpress.net\/arhiva\/"},{"@type":"ListItem","position":2,"name":"Od 1. septembra po\u010dinje nastava na bosanskom jeziku u 4 sand\u017ea\u010dka grada"}]},{"@type":"WebSite","@id":"https:\/\/sandzakpress.net\/arhiva\/#website","url":"https:\/\/sandzakpress.net\/arhiva\/","name":"Sand\u017eak PRESS","description":"Prve elektronske novine u Sand\u017eaku","publisher":{"@id":"https:\/\/sandzakpress.net\/arhiva\/#\/schema\/person\/6e72b67d6e51910a1117b3b483ba20bd"},"potentialAction":[{"@type":"SearchAction","target":{"@type":"EntryPoint","urlTemplate":"https:\/\/sandzakpress.net\/arhiva\/?s={search_term_string}"},"query-input":{"@type":"PropertyValueSpecification","valueRequired":true,"valueName":"search_term_string"}}],"inLanguage":"bs-BA"},{"@type":["Person","Organization"],"@id":"https:\/\/sandzakpress.net\/arhiva\/#\/schema\/person\/6e72b67d6e51910a1117b3b483ba20bd","name":"Kul","image":{"@type":"ImageObject","inLanguage":"bs-BA","@id":"https:\/\/sandzakpress.net\/arhiva\/#\/schema\/person\/image\/","url":"https:\/\/secure.gravatar.com\/avatar\/42263f39aa27ac04c43cab85c280eb2e?s=96&d=mm&r=pg","contentUrl":"https:\/\/secure.gravatar.com\/avatar\/42263f39aa27ac04c43cab85c280eb2e?s=96&d=mm&r=pg","caption":"Kul"},"logo":{"@id":"https:\/\/sandzakpress.net\/arhiva\/#\/schema\/person\/image\/"}},{"@type":"Person","@id":"https:\/\/sandzakpress.net\/arhiva\/#\/schema\/person\/c8baee722073534b583ea7bdb2e36c02","name":"bosniak","image":{"@type":"ImageObject","inLanguage":"bs-BA","@id":"https:\/\/sandzakpress.net\/arhiva\/#\/schema\/person\/image\/","url":"https:\/\/secure.gravatar.com\/avatar\/a04fd330bfe3a36a72a0ad4a6d89fca7?s=96&d=mm&r=pg","contentUrl":"https:\/\/secure.gravatar.com\/avatar\/a04fd330bfe3a36a72a0ad4a6d89fca7?s=96&d=mm&r=pg","caption":"bosniak"},"url":"https:\/\/sandzakpress.net\/arhiva\/author\/bosniak\/"}]}},"_links":{"self":[{"href":"https:\/\/sandzakpress.net\/arhiva\/wp-json\/wp\/v2\/posts\/85262"}],"collection":[{"href":"https:\/\/sandzakpress.net\/arhiva\/wp-json\/wp\/v2\/posts"}],"about":[{"href":"https:\/\/sandzakpress.net\/arhiva\/wp-json\/wp\/v2\/types\/post"}],"author":[{"embeddable":true,"href":"https:\/\/sandzakpress.net\/arhiva\/wp-json\/wp\/v2\/users\/83"}],"replies":[{"embeddable":true,"href":"https:\/\/sandzakpress.net\/arhiva\/wp-json\/wp\/v2\/comments?post=85262"}],"version-history":[{"count":0,"href":"https:\/\/sandzakpress.net\/arhiva\/wp-json\/wp\/v2\/posts\/85262\/revisions"}],"wp:featuredmedia":[{"embeddable":true,"href":"https:\/\/sandzakpress.net\/arhiva\/wp-json\/wp\/v2\/media\/85265"}],"wp:attachment":[{"href":"https:\/\/sandzakpress.net\/arhiva\/wp-json\/wp\/v2\/media?parent=85262"}],"wp:term":[{"taxonomy":"category","embeddable":true,"href":"https:\/\/sandzakpress.net\/arhiva\/wp-json\/wp\/v2\/categories?post=85262"},{"taxonomy":"post_tag","embeddable":true,"href":"https:\/\/sandzakpress.net\/arhiva\/wp-json\/wp\/v2\/tags?post=85262"}],"curies":[{"name":"wp","href":"https:\/\/api.w.org\/{rel}","templated":true}]}}