{"id":85185,"date":"2013-08-15T18:23:33","date_gmt":"2013-08-15T16:23:33","guid":{"rendered":"https:\/\/sandzakpress.net\/arhiva\/?p=85185"},"modified":"2013-08-15T18:23:48","modified_gmt":"2013-08-15T16:23:48","slug":"kome-treba-siizam-u-bosni","status":"publish","type":"post","link":"https:\/\/sandzakpress.net\/arhiva\/kome-treba-siizam-u-bosni\/","title":{"rendered":"Kome treba \u0161iizam u Bosni?"},"content":{"rendered":"<p><img loading=\"lazy\" decoding=\"async\" class=\"aligncenter size-full wp-image-85186\" alt=\"199920-shia-muslims-flagellate-themselves-walk-on-fire-prior-to-ashura\" src=\"https:\/\/sandzakpress.net\/arhiva\/wp-content\/uploads\/2013\/08\/199920-shia-muslims-flagellate-themselves-walk-on-fire-prior-to-ashura.jpg\" width=\"616\" height=\"420\" \/><\/p>\n<p>Islamska zajednica podr\u017eava vjerske projekte u medijima, me\u0111utim ako se Islamska zajednica ne konsultira u vezi s odre\u0111enim projektima ili ako ne u\u010destvuje, onda se otvaraju vrata za haos koji mo\u017ee rezultirati ideolo\u0161kim insinuacijama i ekstremizmom. Svaka dobro pla\u0107ena organizacija mo\u0107i \u0107e da \u0161iri nered i smutnju me\u0111u muslimanima u BiH i da niko ne bude odgovoran.<\/p>\n<figure style=\"width: 185px\" class=\"wp-caption alignleft\"><img loading=\"lazy\" decoding=\"async\" alt=\"\" src=\"http:\/\/t3.gstatic.com\/images?q=tbn:ANd9GcQ0lPuwi__Hw-ydgPQcgiKoSN9QnYA0r9jftY3H6svS6Zrurjdn\" width=\"185\" height=\"204\" \/><figcaption class=\"wp-caption-text\">Autor: Mirnes Kova\u010d<\/figcaption><\/figure>\n<p>U udarnim terminima u danima Bajrama FTV je emitirala dokumentarni serijal \u201eSunniti, \u0161iiti\u201c, koji je jedan dio muslimana u BiH uznemirio, druge zbunio a tre\u0107e jednostavno uvrijedio. U tom kontekstu postavljamo neka va\u017ena pitanja:<\/p>\n<p>1. Kome treba ovakav film? Treba li nam film s ovom tematikom nakon brojnih ideolo\u0161kih nasrtaja na muslimane, \u0161irenja razli\u010ditih mezhebskih i akaidskih ideja, naro\u010dito tokom agresije, i treba li nam obja\u0161njavanje \u0161iizma me\u0111u bh. muslimanima, naro\u010dito ako se uzme u obzir da \u0161iizam nikada nije imao apsolutno nikakvu podr\u0161ku muslimana u BiH?<\/p>\n<p>2. Kome je potrebno da bh. muslimane zbunjuje sukobima starim 14. vijekova, odnosno pitanjima koja nisu rije\u0161ena tamo gdje su nastala, u muslimanskom svijetu i koja, najvjerovatnije, ne\u0107e nikada biti ni objektivno rasvijetljena niti rije\u0161ena?<\/p>\n<p>3. Kome odgovara zbunjivanje bh. muslimana danas pred Popis 2013. godine kada se muslimani svakodnevno nastoje zbuniti u nacionalnom i vjerskom smislu?<\/p>\n<p>4. Serijal se zavr\u0161ava obja\u0161njenjem geopoliti\u010dke situacije oko sukoba u Siriji. Stoga se postavlja pitanje: ako je u slu\u010daju Sirije rije\u010d o geopolitici, za\u0161to serijal tematizira vjersku podjelu, a ako je rije\u010d o vjerskoj podjeli i sukobu \u010demu onda zavr\u0161nica serijala klasi\u010dnom geopoliti\u010dkom propagandom?<\/p>\n<p>5. Za\u0161to nije potpisan autor teksta serijala, te za\u0161to se ne zna porijeklo scena iz serijala?<\/p>\n<p>6. Zar nam treba Kerbela u vremenu kada poku\u0161avamo preboljeti sve kolektivne d\u017eenaze i sukobe zbog kojih svakodnevno tugujemo?<\/p>\n<p>7. Za\u0161to se Islamska zajednica ne spominje kao saradnik u serijalu? Zna\u010di li to da \u0107e svako mo\u0107i, kako god i kada god \u017eeli re\u017eirati emisije o islamu i emitirati ih na javnom servisu?<\/p>\n<p>&nbsp;<\/p>\n<p>Pi\u0161e: Mirnes Kova\u010d<\/p>\n<p>preporod.com<\/p>\n","protected":false},"excerpt":{"rendered":"<p>Mirnes Kova\u010d<\/p>\n","protected":false},"author":83,"featured_media":85186,"comment_status":"open","ping_status":"open","sticky":false,"template":"","format":"standard","meta":{"footnotes":""},"categories":[2860,10196],"tags":[10318],"class_list":{"0":"post-85185","1":"post","2":"type-post","3":"status-publish","4":"format-standard","5":"has-post-thumbnail","7":"category-bosna-i-hercegovina-gradovi","8":"category-iz-pera-nasih-autora","9":"tag-mirnes-kovac"},"yoast_head":"<!-- This site is optimized with the Yoast SEO Premium plugin v23.1 (Yoast SEO v24.9) - https:\/\/yoast.com\/wordpress\/plugins\/seo\/ -->\n<title>Kome treba \u0161iizam u Bosni?<\/title>\n<meta name=\"robots\" content=\"index, follow, max-snippet:-1, max-image-preview:large, max-video-preview:-1\" \/>\n<link rel=\"canonical\" href=\"https:\/\/sandzakpress.net\/arhiva\/kome-treba-siizam-u-bosni\/\" \/>\n<meta property=\"og:locale\" content=\"bs_BA\" \/>\n<meta property=\"og:type\" content=\"article\" \/>\n<meta property=\"og:title\" content=\"Kome treba \u0161iizam u Bosni?\" \/>\n<meta property=\"og:description\" content=\"Mirnes Kova\u010d\" \/>\n<meta property=\"og:url\" content=\"https:\/\/sandzakpress.net\/arhiva\/kome-treba-siizam-u-bosni\/\" \/>\n<meta property=\"og:site_name\" content=\"Sand\u017eak PRESS\" \/>\n<meta property=\"article:published_time\" content=\"2013-08-15T16:23:33+00:00\" \/>\n<meta property=\"article:modified_time\" content=\"2013-08-15T16:23:48+00:00\" \/>\n<meta property=\"og:image\" content=\"https:\/\/sandzakpress.net\/arhiva\/wp-content\/uploads\/2013\/08\/199920-shia-muslims-flagellate-themselves-walk-on-fire-prior-to-ashura.jpg\" \/>\n\t<meta property=\"og:image:width\" content=\"616\" \/>\n\t<meta property=\"og:image:height\" content=\"420\" \/>\n\t<meta property=\"og:image:type\" content=\"image\/jpeg\" \/>\n<meta name=\"author\" content=\"bosniak\" \/>\n<meta name=\"twitter:card\" content=\"summary_large_image\" \/>\n<meta name=\"twitter:label1\" content=\"Written by\" \/>\n\t<meta name=\"twitter:data1\" content=\"bosniak\" \/>\n\t<meta name=\"twitter:label2\" content=\"Est. reading time\" \/>\n\t<meta name=\"twitter:data2\" content=\"2 minute\" \/>\n<script type=\"application\/ld+json\" class=\"yoast-schema-graph\">{\"@context\":\"https:\/\/schema.org\",\"@graph\":[{\"@type\":\"Article\",\"@id\":\"https:\/\/sandzakpress.net\/arhiva\/kome-treba-siizam-u-bosni\/#article\",\"isPartOf\":{\"@id\":\"https:\/\/sandzakpress.net\/arhiva\/kome-treba-siizam-u-bosni\/\"},\"author\":{\"name\":\"bosniak\",\"@id\":\"https:\/\/sandzakpress.net\/arhiva\/#\/schema\/person\/c8baee722073534b583ea7bdb2e36c02\"},\"headline\":\"Kome treba \u0161iizam u Bosni?\",\"datePublished\":\"2013-08-15T16:23:33+00:00\",\"dateModified\":\"2013-08-15T16:23:48+00:00\",\"mainEntityOfPage\":{\"@id\":\"https:\/\/sandzakpress.net\/arhiva\/kome-treba-siizam-u-bosni\/\"},\"wordCount\":363,\"commentCount\":1,\"publisher\":{\"@id\":\"https:\/\/sandzakpress.net\/arhiva\/#\/schema\/person\/6e72b67d6e51910a1117b3b483ba20bd\"},\"image\":{\"@id\":\"https:\/\/sandzakpress.net\/arhiva\/kome-treba-siizam-u-bosni\/#primaryimage\"},\"thumbnailUrl\":\"https:\/\/sandzakpress.net\/arhiva\/wp-content\/uploads\/2013\/08\/199920-shia-muslims-flagellate-themselves-walk-on-fire-prior-to-ashura.jpg\",\"keywords\":[\"Mirnes Kova\u010d\"],\"articleSection\":[\"Bosna i Hercegovina\",\"Iz pera na\u0161ih autora\"],\"inLanguage\":\"bs-BA\",\"potentialAction\":[{\"@type\":\"CommentAction\",\"name\":\"Comment\",\"target\":[\"https:\/\/sandzakpress.net\/arhiva\/kome-treba-siizam-u-bosni\/#respond\"]}]},{\"@type\":\"WebPage\",\"@id\":\"https:\/\/sandzakpress.net\/arhiva\/kome-treba-siizam-u-bosni\/\",\"url\":\"https:\/\/sandzakpress.net\/arhiva\/kome-treba-siizam-u-bosni\/\",\"name\":\"Kome treba \u0161iizam u Bosni?\",\"isPartOf\":{\"@id\":\"https:\/\/sandzakpress.net\/arhiva\/#website\"},\"primaryImageOfPage\":{\"@id\":\"https:\/\/sandzakpress.net\/arhiva\/kome-treba-siizam-u-bosni\/#primaryimage\"},\"image\":{\"@id\":\"https:\/\/sandzakpress.net\/arhiva\/kome-treba-siizam-u-bosni\/#primaryimage\"},\"thumbnailUrl\":\"https:\/\/sandzakpress.net\/arhiva\/wp-content\/uploads\/2013\/08\/199920-shia-muslims-flagellate-themselves-walk-on-fire-prior-to-ashura.jpg\",\"datePublished\":\"2013-08-15T16:23:33+00:00\",\"dateModified\":\"2013-08-15T16:23:48+00:00\",\"breadcrumb\":{\"@id\":\"https:\/\/sandzakpress.net\/arhiva\/kome-treba-siizam-u-bosni\/#breadcrumb\"},\"inLanguage\":\"bs-BA\",\"potentialAction\":[{\"@type\":\"ReadAction\",\"target\":[\"https:\/\/sandzakpress.net\/arhiva\/kome-treba-siizam-u-bosni\/\"]}]},{\"@type\":\"ImageObject\",\"inLanguage\":\"bs-BA\",\"@id\":\"https:\/\/sandzakpress.net\/arhiva\/kome-treba-siizam-u-bosni\/#primaryimage\",\"url\":\"https:\/\/sandzakpress.net\/arhiva\/wp-content\/uploads\/2013\/08\/199920-shia-muslims-flagellate-themselves-walk-on-fire-prior-to-ashura.jpg\",\"contentUrl\":\"https:\/\/sandzakpress.net\/arhiva\/wp-content\/uploads\/2013\/08\/199920-shia-muslims-flagellate-themselves-walk-on-fire-prior-to-ashura.jpg\",\"width\":616,\"height\":420},{\"@type\":\"BreadcrumbList\",\"@id\":\"https:\/\/sandzakpress.net\/arhiva\/kome-treba-siizam-u-bosni\/#breadcrumb\",\"itemListElement\":[{\"@type\":\"ListItem\",\"position\":1,\"name\":\"Home\",\"item\":\"https:\/\/sandzakpress.net\/arhiva\/\"},{\"@type\":\"ListItem\",\"position\":2,\"name\":\"Kome treba \u0161iizam u Bosni?\"}]},{\"@type\":\"WebSite\",\"@id\":\"https:\/\/sandzakpress.net\/arhiva\/#website\",\"url\":\"https:\/\/sandzakpress.net\/arhiva\/\",\"name\":\"Sand\u017eak PRESS\",\"description\":\"Prve elektronske novine u Sand\u017eaku\",\"publisher\":{\"@id\":\"https:\/\/sandzakpress.net\/arhiva\/#\/schema\/person\/6e72b67d6e51910a1117b3b483ba20bd\"},\"potentialAction\":[{\"@type\":\"SearchAction\",\"target\":{\"@type\":\"EntryPoint\",\"urlTemplate\":\"https:\/\/sandzakpress.net\/arhiva\/?s={search_term_string}\"},\"query-input\":{\"@type\":\"PropertyValueSpecification\",\"valueRequired\":true,\"valueName\":\"search_term_string\"}}],\"inLanguage\":\"bs-BA\"},{\"@type\":[\"Person\",\"Organization\"],\"@id\":\"https:\/\/sandzakpress.net\/arhiva\/#\/schema\/person\/6e72b67d6e51910a1117b3b483ba20bd\",\"name\":\"Kul\",\"image\":{\"@type\":\"ImageObject\",\"inLanguage\":\"bs-BA\",\"@id\":\"https:\/\/sandzakpress.net\/arhiva\/#\/schema\/person\/image\/\",\"url\":\"https:\/\/secure.gravatar.com\/avatar\/42263f39aa27ac04c43cab85c280eb2e?s=96&d=mm&r=pg\",\"contentUrl\":\"https:\/\/secure.gravatar.com\/avatar\/42263f39aa27ac04c43cab85c280eb2e?s=96&d=mm&r=pg\",\"caption\":\"Kul\"},\"logo\":{\"@id\":\"https:\/\/sandzakpress.net\/arhiva\/#\/schema\/person\/image\/\"}},{\"@type\":\"Person\",\"@id\":\"https:\/\/sandzakpress.net\/arhiva\/#\/schema\/person\/c8baee722073534b583ea7bdb2e36c02\",\"name\":\"bosniak\",\"image\":{\"@type\":\"ImageObject\",\"inLanguage\":\"bs-BA\",\"@id\":\"https:\/\/sandzakpress.net\/arhiva\/#\/schema\/person\/image\/\",\"url\":\"https:\/\/secure.gravatar.com\/avatar\/a04fd330bfe3a36a72a0ad4a6d89fca7?s=96&d=mm&r=pg\",\"contentUrl\":\"https:\/\/secure.gravatar.com\/avatar\/a04fd330bfe3a36a72a0ad4a6d89fca7?s=96&d=mm&r=pg\",\"caption\":\"bosniak\"},\"url\":\"https:\/\/sandzakpress.net\/arhiva\/author\/bosniak\/\"}]}<\/script>\n<!-- \/ Yoast SEO Premium plugin. -->","yoast_head_json":{"title":"Kome treba \u0161iizam u Bosni?","robots":{"index":"index","follow":"follow","max-snippet":"max-snippet:-1","max-image-preview":"max-image-preview:large","max-video-preview":"max-video-preview:-1"},"canonical":"https:\/\/sandzakpress.net\/arhiva\/kome-treba-siizam-u-bosni\/","og_locale":"bs_BA","og_type":"article","og_title":"Kome treba \u0161iizam u Bosni?","og_description":"Mirnes Kova\u010d","og_url":"https:\/\/sandzakpress.net\/arhiva\/kome-treba-siizam-u-bosni\/","og_site_name":"Sand\u017eak PRESS","article_published_time":"2013-08-15T16:23:33+00:00","article_modified_time":"2013-08-15T16:23:48+00:00","og_image":[{"width":616,"height":420,"url":"https:\/\/sandzakpress.net\/arhiva\/wp-content\/uploads\/2013\/08\/199920-shia-muslims-flagellate-themselves-walk-on-fire-prior-to-ashura.jpg","type":"image\/jpeg"}],"author":"bosniak","twitter_card":"summary_large_image","twitter_misc":{"Written by":"bosniak","Est. reading time":"2 minute"},"schema":{"@context":"https:\/\/schema.org","@graph":[{"@type":"Article","@id":"https:\/\/sandzakpress.net\/arhiva\/kome-treba-siizam-u-bosni\/#article","isPartOf":{"@id":"https:\/\/sandzakpress.net\/arhiva\/kome-treba-siizam-u-bosni\/"},"author":{"name":"bosniak","@id":"https:\/\/sandzakpress.net\/arhiva\/#\/schema\/person\/c8baee722073534b583ea7bdb2e36c02"},"headline":"Kome treba \u0161iizam u Bosni?","datePublished":"2013-08-15T16:23:33+00:00","dateModified":"2013-08-15T16:23:48+00:00","mainEntityOfPage":{"@id":"https:\/\/sandzakpress.net\/arhiva\/kome-treba-siizam-u-bosni\/"},"wordCount":363,"commentCount":1,"publisher":{"@id":"https:\/\/sandzakpress.net\/arhiva\/#\/schema\/person\/6e72b67d6e51910a1117b3b483ba20bd"},"image":{"@id":"https:\/\/sandzakpress.net\/arhiva\/kome-treba-siizam-u-bosni\/#primaryimage"},"thumbnailUrl":"https:\/\/sandzakpress.net\/arhiva\/wp-content\/uploads\/2013\/08\/199920-shia-muslims-flagellate-themselves-walk-on-fire-prior-to-ashura.jpg","keywords":["Mirnes Kova\u010d"],"articleSection":["Bosna i Hercegovina","Iz pera na\u0161ih autora"],"inLanguage":"bs-BA","potentialAction":[{"@type":"CommentAction","name":"Comment","target":["https:\/\/sandzakpress.net\/arhiva\/kome-treba-siizam-u-bosni\/#respond"]}]},{"@type":"WebPage","@id":"https:\/\/sandzakpress.net\/arhiva\/kome-treba-siizam-u-bosni\/","url":"https:\/\/sandzakpress.net\/arhiva\/kome-treba-siizam-u-bosni\/","name":"Kome treba \u0161iizam u Bosni?","isPartOf":{"@id":"https:\/\/sandzakpress.net\/arhiva\/#website"},"primaryImageOfPage":{"@id":"https:\/\/sandzakpress.net\/arhiva\/kome-treba-siizam-u-bosni\/#primaryimage"},"image":{"@id":"https:\/\/sandzakpress.net\/arhiva\/kome-treba-siizam-u-bosni\/#primaryimage"},"thumbnailUrl":"https:\/\/sandzakpress.net\/arhiva\/wp-content\/uploads\/2013\/08\/199920-shia-muslims-flagellate-themselves-walk-on-fire-prior-to-ashura.jpg","datePublished":"2013-08-15T16:23:33+00:00","dateModified":"2013-08-15T16:23:48+00:00","breadcrumb":{"@id":"https:\/\/sandzakpress.net\/arhiva\/kome-treba-siizam-u-bosni\/#breadcrumb"},"inLanguage":"bs-BA","potentialAction":[{"@type":"ReadAction","target":["https:\/\/sandzakpress.net\/arhiva\/kome-treba-siizam-u-bosni\/"]}]},{"@type":"ImageObject","inLanguage":"bs-BA","@id":"https:\/\/sandzakpress.net\/arhiva\/kome-treba-siizam-u-bosni\/#primaryimage","url":"https:\/\/sandzakpress.net\/arhiva\/wp-content\/uploads\/2013\/08\/199920-shia-muslims-flagellate-themselves-walk-on-fire-prior-to-ashura.jpg","contentUrl":"https:\/\/sandzakpress.net\/arhiva\/wp-content\/uploads\/2013\/08\/199920-shia-muslims-flagellate-themselves-walk-on-fire-prior-to-ashura.jpg","width":616,"height":420},{"@type":"BreadcrumbList","@id":"https:\/\/sandzakpress.net\/arhiva\/kome-treba-siizam-u-bosni\/#breadcrumb","itemListElement":[{"@type":"ListItem","position":1,"name":"Home","item":"https:\/\/sandzakpress.net\/arhiva\/"},{"@type":"ListItem","position":2,"name":"Kome treba \u0161iizam u Bosni?"}]},{"@type":"WebSite","@id":"https:\/\/sandzakpress.net\/arhiva\/#website","url":"https:\/\/sandzakpress.net\/arhiva\/","name":"Sand\u017eak PRESS","description":"Prve elektronske novine u Sand\u017eaku","publisher":{"@id":"https:\/\/sandzakpress.net\/arhiva\/#\/schema\/person\/6e72b67d6e51910a1117b3b483ba20bd"},"potentialAction":[{"@type":"SearchAction","target":{"@type":"EntryPoint","urlTemplate":"https:\/\/sandzakpress.net\/arhiva\/?s={search_term_string}"},"query-input":{"@type":"PropertyValueSpecification","valueRequired":true,"valueName":"search_term_string"}}],"inLanguage":"bs-BA"},{"@type":["Person","Organization"],"@id":"https:\/\/sandzakpress.net\/arhiva\/#\/schema\/person\/6e72b67d6e51910a1117b3b483ba20bd","name":"Kul","image":{"@type":"ImageObject","inLanguage":"bs-BA","@id":"https:\/\/sandzakpress.net\/arhiva\/#\/schema\/person\/image\/","url":"https:\/\/secure.gravatar.com\/avatar\/42263f39aa27ac04c43cab85c280eb2e?s=96&d=mm&r=pg","contentUrl":"https:\/\/secure.gravatar.com\/avatar\/42263f39aa27ac04c43cab85c280eb2e?s=96&d=mm&r=pg","caption":"Kul"},"logo":{"@id":"https:\/\/sandzakpress.net\/arhiva\/#\/schema\/person\/image\/"}},{"@type":"Person","@id":"https:\/\/sandzakpress.net\/arhiva\/#\/schema\/person\/c8baee722073534b583ea7bdb2e36c02","name":"bosniak","image":{"@type":"ImageObject","inLanguage":"bs-BA","@id":"https:\/\/sandzakpress.net\/arhiva\/#\/schema\/person\/image\/","url":"https:\/\/secure.gravatar.com\/avatar\/a04fd330bfe3a36a72a0ad4a6d89fca7?s=96&d=mm&r=pg","contentUrl":"https:\/\/secure.gravatar.com\/avatar\/a04fd330bfe3a36a72a0ad4a6d89fca7?s=96&d=mm&r=pg","caption":"bosniak"},"url":"https:\/\/sandzakpress.net\/arhiva\/author\/bosniak\/"}]}},"_links":{"self":[{"href":"https:\/\/sandzakpress.net\/arhiva\/wp-json\/wp\/v2\/posts\/85185"}],"collection":[{"href":"https:\/\/sandzakpress.net\/arhiva\/wp-json\/wp\/v2\/posts"}],"about":[{"href":"https:\/\/sandzakpress.net\/arhiva\/wp-json\/wp\/v2\/types\/post"}],"author":[{"embeddable":true,"href":"https:\/\/sandzakpress.net\/arhiva\/wp-json\/wp\/v2\/users\/83"}],"replies":[{"embeddable":true,"href":"https:\/\/sandzakpress.net\/arhiva\/wp-json\/wp\/v2\/comments?post=85185"}],"version-history":[{"count":0,"href":"https:\/\/sandzakpress.net\/arhiva\/wp-json\/wp\/v2\/posts\/85185\/revisions"}],"wp:featuredmedia":[{"embeddable":true,"href":"https:\/\/sandzakpress.net\/arhiva\/wp-json\/wp\/v2\/media\/85186"}],"wp:attachment":[{"href":"https:\/\/sandzakpress.net\/arhiva\/wp-json\/wp\/v2\/media?parent=85185"}],"wp:term":[{"taxonomy":"category","embeddable":true,"href":"https:\/\/sandzakpress.net\/arhiva\/wp-json\/wp\/v2\/categories?post=85185"},{"taxonomy":"post_tag","embeddable":true,"href":"https:\/\/sandzakpress.net\/arhiva\/wp-json\/wp\/v2\/tags?post=85185"}],"curies":[{"name":"wp","href":"https:\/\/api.w.org\/{rel}","templated":true}]}}