{"id":85052,"date":"2013-08-14T21:21:08","date_gmt":"2013-08-14T19:21:08","guid":{"rendered":"https:\/\/sandzakpress.net\/arhiva\/?p=85052"},"modified":"2013-08-14T23:25:19","modified_gmt":"2013-08-14T21:25:19","slug":"masakr-ubijeno-preko-5000-muslimana-danas-u-kairu-foto","status":"publish","type":"post","link":"https:\/\/sandzakpress.net\/arhiva\/masakr-ubijeno-preko-5000-muslimana-danas-u-kairu-foto\/","title":{"rendered":"Masakr! Ubijeno oko 5000 muslimana za jedan dan u Kairu! (Foto)"},"content":{"rendered":"<p><strong><img loading=\"lazy\" decoding=\"async\" alt=\"version4_555004_10151769287579749_1839248572_n\" src=\"https:\/\/sandzakpress.net\/arhiva\/wp-content\/uploads\/2013\/08\/version4_555004_10151769287579749_1839248572_n-616x462.jpg\" width=\"615\" height=\"461\" \/><\/strong><\/p>\n<p><strong>Egipat &#8211; Kanal Ahrar 25 navodi, a stranica za podr\u0161ku legitimitetu potvr\u0111uje, da je broj poginulih samo na trgu Rabia al-Adawiya porastao na oko 5000 \u0161ehida, nakon \u0161to su vojska i policija osvojili trg i po\u010deli sa ubijanjem ranjenika koji su bili na trgu.<\/strong><\/p>\n<p>Neka od tijela \u0161ehida su prenesena u jedan od salona na trgu.<\/p>\n<p>Kanal prenosi od uprave u poljskoj bolnici da su oni dokumentirali poginule i ranjene, te da \u0107e to prikazati svijetu.<\/p>\n<p>Izvor:\u00a0<strong>islamemo.com<\/strong><\/p>\n<p><img loading=\"lazy\" decoding=\"async\" class=\"size-full wp-image-85128 aligncenter\" alt=\"Capture\" src=\"https:\/\/sandzakpress.net\/arhiva\/wp-content\/uploads\/2013\/08\/Capture1.png\" width=\"506\" height=\"402\" \/><\/p>\n<p><strong><img loading=\"lazy\" decoding=\"async\" class=\"aligncenter size-large wp-image-85060\" alt=\"b106be3332a5a0e12279e2c10a2759ab_XL\" src=\"https:\/\/sandzakpress.net\/arhiva\/wp-content\/uploads\/2013\/08\/b106be3332a5a0e12279e2c10a2759ab_XL-616x377.jpg\" width=\"615\" height=\"376\" \/><\/strong><\/p>\n<p><strong> <img loading=\"lazy\" decoding=\"async\" class=\"aligncenter size-large wp-image-85061\" alt=\"version4_14-08-2013 07-45-47 \u0645\" src=\"https:\/\/sandzakpress.net\/arhiva\/wp-content\/uploads\/2013\/08\/version4_14-08-2013-07-45-47-\u0645-616x380.jpg\" width=\"615\" height=\"379\" \/><\/strong><\/p>\n<p><img loading=\"lazy\" decoding=\"async\" class=\"aligncenter size-full wp-image-85069\" alt=\"BRnoLY9CEAAQdEA\" src=\"https:\/\/sandzakpress.net\/arhiva\/wp-content\/uploads\/2013\/08\/BRnoLY9CEAAQdEA.jpg\" width=\"599\" height=\"447\" \/><\/p>\n<p><img loading=\"lazy\" decoding=\"async\" class=\"aligncenter size-large wp-image-85070\" alt=\"Ubijeni_od_strane_teroristicke_vojske\" src=\"https:\/\/sandzakpress.net\/arhiva\/wp-content\/uploads\/2013\/08\/Ubijeni_od_strane_teroristicke_vojske.jpg\" width=\"599\" height=\"447\" \/><\/p>\n<p><img loading=\"lazy\" decoding=\"async\" class=\"aligncenter size-large wp-image-85072\" alt=\"9d9caa46458a4334eba43dc9ba2ad014_XL\" src=\"https:\/\/sandzakpress.net\/arhiva\/wp-content\/uploads\/2013\/08\/9d9caa46458a4334eba43dc9ba2ad014_XL-616x400.jpg\" width=\"615\" height=\"399\" \/><\/p>\n<p><strong><br \/>\n<\/strong><\/p>\n<p>&nbsp;<\/p>\n","protected":false},"excerpt":{"rendered":"<p>Egipat &#8211; Kanal Ahrar 25 navodi, a stranica za podr\u0161ku legitimitetu potvr\u0111uje, da je broj poginulih samo na trgu Rabia al-Adawiya porastao na oko 5000 \u0161ehida, nakon \u0161to su vojska i policija osvojili trg i po\u010deli sa ubijanjem ranjenika koji su bili na trgu. Neka od tijela \u0161ehida su prenesena u jedan od salona na [&hellip;]<\/p>\n","protected":false},"author":83,"featured_media":85065,"comment_status":"open","ping_status":"open","sticky":false,"template":"","format":"standard","meta":{"footnotes":""},"categories":[9,8957],"tags":[10228],"class_list":{"0":"post-85052","1":"post","2":"type-post","3":"status-publish","4":"format-standard","5":"has-post-thumbnail","7":"category-svijet","8":"category-vijesti-dana","9":"tag-egipat"},"yoast_head":"<!-- This site is optimized with the Yoast SEO Premium plugin v23.1 (Yoast SEO v24.9) - https:\/\/yoast.com\/wordpress\/plugins\/seo\/ -->\n<title>Masakr! Ubijeno oko 5000 muslimana za jedan dan u Kairu! (Foto)<\/title>\n<meta name=\"robots\" content=\"index, follow, max-snippet:-1, max-image-preview:large, max-video-preview:-1\" \/>\n<link rel=\"canonical\" href=\"https:\/\/sandzakpress.net\/arhiva\/masakr-ubijeno-preko-5000-muslimana-danas-u-kairu-foto\/\" \/>\n<meta property=\"og:locale\" content=\"bs_BA\" \/>\n<meta property=\"og:type\" content=\"article\" \/>\n<meta property=\"og:title\" content=\"Masakr! Ubijeno oko 5000 muslimana za jedan dan u Kairu! (Foto)\" \/>\n<meta property=\"og:description\" content=\"Egipat &#8211; Kanal Ahrar 25 navodi, a stranica za podr\u0161ku legitimitetu potvr\u0111uje, da je broj poginulih samo na trgu Rabia al-Adawiya porastao na oko 5000 \u0161ehida, nakon \u0161to su vojska i policija osvojili trg i po\u010deli sa ubijanjem ranjenika koji su bili na trgu. Neka od tijela \u0161ehida su prenesena u jedan od salona na [&hellip;]\" \/>\n<meta property=\"og:url\" content=\"https:\/\/sandzakpress.net\/arhiva\/masakr-ubijeno-preko-5000-muslimana-danas-u-kairu-foto\/\" \/>\n<meta property=\"og:site_name\" content=\"Sand\u017eak PRESS\" \/>\n<meta property=\"article:published_time\" content=\"2013-08-14T19:21:08+00:00\" \/>\n<meta property=\"article:modified_time\" content=\"2013-08-14T21:25:19+00:00\" \/>\n<meta property=\"og:image\" content=\"https:\/\/sandzakpress.net\/arhiva\/wp-content\/uploads\/2013\/08\/version4_555004_10151769287579749_1839248572_n-616x4621.jpg\" \/>\n\t<meta property=\"og:image:width\" content=\"616\" \/>\n\t<meta property=\"og:image:height\" content=\"462\" \/>\n\t<meta property=\"og:image:type\" content=\"image\/jpeg\" \/>\n<meta name=\"author\" content=\"bosniak\" \/>\n<meta name=\"twitter:card\" content=\"summary_large_image\" \/>\n<meta name=\"twitter:label1\" content=\"Written by\" \/>\n\t<meta name=\"twitter:data1\" content=\"bosniak\" \/>\n<script type=\"application\/ld+json\" class=\"yoast-schema-graph\">{\"@context\":\"https:\/\/schema.org\",\"@graph\":[{\"@type\":\"Article\",\"@id\":\"https:\/\/sandzakpress.net\/arhiva\/masakr-ubijeno-preko-5000-muslimana-danas-u-kairu-foto\/#article\",\"isPartOf\":{\"@id\":\"https:\/\/sandzakpress.net\/arhiva\/masakr-ubijeno-preko-5000-muslimana-danas-u-kairu-foto\/\"},\"author\":{\"name\":\"bosniak\",\"@id\":\"https:\/\/sandzakpress.net\/arhiva\/#\/schema\/person\/c8baee722073534b583ea7bdb2e36c02\"},\"headline\":\"Masakr! Ubijeno oko 5000 muslimana za jedan dan u Kairu! (Foto)\",\"datePublished\":\"2013-08-14T19:21:08+00:00\",\"dateModified\":\"2013-08-14T21:25:19+00:00\",\"mainEntityOfPage\":{\"@id\":\"https:\/\/sandzakpress.net\/arhiva\/masakr-ubijeno-preko-5000-muslimana-danas-u-kairu-foto\/\"},\"wordCount\":91,\"commentCount\":5,\"publisher\":{\"@id\":\"https:\/\/sandzakpress.net\/arhiva\/#\/schema\/person\/6e72b67d6e51910a1117b3b483ba20bd\"},\"image\":{\"@id\":\"https:\/\/sandzakpress.net\/arhiva\/masakr-ubijeno-preko-5000-muslimana-danas-u-kairu-foto\/#primaryimage\"},\"thumbnailUrl\":\"https:\/\/sandzakpress.net\/arhiva\/wp-content\/uploads\/2013\/08\/version4_555004_10151769287579749_1839248572_n-616x4621.jpg\",\"keywords\":[\"Egipat\"],\"articleSection\":[\"Svijet\",\"VIJESTI DANA\"],\"inLanguage\":\"bs-BA\",\"potentialAction\":[{\"@type\":\"CommentAction\",\"name\":\"Comment\",\"target\":[\"https:\/\/sandzakpress.net\/arhiva\/masakr-ubijeno-preko-5000-muslimana-danas-u-kairu-foto\/#respond\"]}]},{\"@type\":\"WebPage\",\"@id\":\"https:\/\/sandzakpress.net\/arhiva\/masakr-ubijeno-preko-5000-muslimana-danas-u-kairu-foto\/\",\"url\":\"https:\/\/sandzakpress.net\/arhiva\/masakr-ubijeno-preko-5000-muslimana-danas-u-kairu-foto\/\",\"name\":\"Masakr! Ubijeno oko 5000 muslimana za jedan dan u Kairu! (Foto)\",\"isPartOf\":{\"@id\":\"https:\/\/sandzakpress.net\/arhiva\/#website\"},\"primaryImageOfPage\":{\"@id\":\"https:\/\/sandzakpress.net\/arhiva\/masakr-ubijeno-preko-5000-muslimana-danas-u-kairu-foto\/#primaryimage\"},\"image\":{\"@id\":\"https:\/\/sandzakpress.net\/arhiva\/masakr-ubijeno-preko-5000-muslimana-danas-u-kairu-foto\/#primaryimage\"},\"thumbnailUrl\":\"https:\/\/sandzakpress.net\/arhiva\/wp-content\/uploads\/2013\/08\/version4_555004_10151769287579749_1839248572_n-616x4621.jpg\",\"datePublished\":\"2013-08-14T19:21:08+00:00\",\"dateModified\":\"2013-08-14T21:25:19+00:00\",\"breadcrumb\":{\"@id\":\"https:\/\/sandzakpress.net\/arhiva\/masakr-ubijeno-preko-5000-muslimana-danas-u-kairu-foto\/#breadcrumb\"},\"inLanguage\":\"bs-BA\",\"potentialAction\":[{\"@type\":\"ReadAction\",\"target\":[\"https:\/\/sandzakpress.net\/arhiva\/masakr-ubijeno-preko-5000-muslimana-danas-u-kairu-foto\/\"]}]},{\"@type\":\"ImageObject\",\"inLanguage\":\"bs-BA\",\"@id\":\"https:\/\/sandzakpress.net\/arhiva\/masakr-ubijeno-preko-5000-muslimana-danas-u-kairu-foto\/#primaryimage\",\"url\":\"https:\/\/sandzakpress.net\/arhiva\/wp-content\/uploads\/2013\/08\/version4_555004_10151769287579749_1839248572_n-616x4621.jpg\",\"contentUrl\":\"https:\/\/sandzakpress.net\/arhiva\/wp-content\/uploads\/2013\/08\/version4_555004_10151769287579749_1839248572_n-616x4621.jpg\",\"width\":616,\"height\":462},{\"@type\":\"BreadcrumbList\",\"@id\":\"https:\/\/sandzakpress.net\/arhiva\/masakr-ubijeno-preko-5000-muslimana-danas-u-kairu-foto\/#breadcrumb\",\"itemListElement\":[{\"@type\":\"ListItem\",\"position\":1,\"name\":\"Home\",\"item\":\"https:\/\/sandzakpress.net\/arhiva\/\"},{\"@type\":\"ListItem\",\"position\":2,\"name\":\"Masakr! Ubijeno oko 5000 muslimana za jedan dan u Kairu! (Foto)\"}]},{\"@type\":\"WebSite\",\"@id\":\"https:\/\/sandzakpress.net\/arhiva\/#website\",\"url\":\"https:\/\/sandzakpress.net\/arhiva\/\",\"name\":\"Sand\u017eak PRESS\",\"description\":\"Prve elektronske novine u Sand\u017eaku\",\"publisher\":{\"@id\":\"https:\/\/sandzakpress.net\/arhiva\/#\/schema\/person\/6e72b67d6e51910a1117b3b483ba20bd\"},\"potentialAction\":[{\"@type\":\"SearchAction\",\"target\":{\"@type\":\"EntryPoint\",\"urlTemplate\":\"https:\/\/sandzakpress.net\/arhiva\/?s={search_term_string}\"},\"query-input\":{\"@type\":\"PropertyValueSpecification\",\"valueRequired\":true,\"valueName\":\"search_term_string\"}}],\"inLanguage\":\"bs-BA\"},{\"@type\":[\"Person\",\"Organization\"],\"@id\":\"https:\/\/sandzakpress.net\/arhiva\/#\/schema\/person\/6e72b67d6e51910a1117b3b483ba20bd\",\"name\":\"Kul\",\"image\":{\"@type\":\"ImageObject\",\"inLanguage\":\"bs-BA\",\"@id\":\"https:\/\/sandzakpress.net\/arhiva\/#\/schema\/person\/image\/\",\"url\":\"https:\/\/secure.gravatar.com\/avatar\/42263f39aa27ac04c43cab85c280eb2e?s=96&d=mm&r=pg\",\"contentUrl\":\"https:\/\/secure.gravatar.com\/avatar\/42263f39aa27ac04c43cab85c280eb2e?s=96&d=mm&r=pg\",\"caption\":\"Kul\"},\"logo\":{\"@id\":\"https:\/\/sandzakpress.net\/arhiva\/#\/schema\/person\/image\/\"}},{\"@type\":\"Person\",\"@id\":\"https:\/\/sandzakpress.net\/arhiva\/#\/schema\/person\/c8baee722073534b583ea7bdb2e36c02\",\"name\":\"bosniak\",\"image\":{\"@type\":\"ImageObject\",\"inLanguage\":\"bs-BA\",\"@id\":\"https:\/\/sandzakpress.net\/arhiva\/#\/schema\/person\/image\/\",\"url\":\"https:\/\/secure.gravatar.com\/avatar\/a04fd330bfe3a36a72a0ad4a6d89fca7?s=96&d=mm&r=pg\",\"contentUrl\":\"https:\/\/secure.gravatar.com\/avatar\/a04fd330bfe3a36a72a0ad4a6d89fca7?s=96&d=mm&r=pg\",\"caption\":\"bosniak\"},\"url\":\"https:\/\/sandzakpress.net\/arhiva\/author\/bosniak\/\"}]}<\/script>\n<!-- \/ Yoast SEO Premium plugin. -->","yoast_head_json":{"title":"Masakr! Ubijeno oko 5000 muslimana za jedan dan u Kairu! (Foto)","robots":{"index":"index","follow":"follow","max-snippet":"max-snippet:-1","max-image-preview":"max-image-preview:large","max-video-preview":"max-video-preview:-1"},"canonical":"https:\/\/sandzakpress.net\/arhiva\/masakr-ubijeno-preko-5000-muslimana-danas-u-kairu-foto\/","og_locale":"bs_BA","og_type":"article","og_title":"Masakr! Ubijeno oko 5000 muslimana za jedan dan u Kairu! (Foto)","og_description":"Egipat &#8211; Kanal Ahrar 25 navodi, a stranica za podr\u0161ku legitimitetu potvr\u0111uje, da je broj poginulih samo na trgu Rabia al-Adawiya porastao na oko 5000 \u0161ehida, nakon \u0161to su vojska i policija osvojili trg i po\u010deli sa ubijanjem ranjenika koji su bili na trgu. Neka od tijela \u0161ehida su prenesena u jedan od salona na [&hellip;]","og_url":"https:\/\/sandzakpress.net\/arhiva\/masakr-ubijeno-preko-5000-muslimana-danas-u-kairu-foto\/","og_site_name":"Sand\u017eak PRESS","article_published_time":"2013-08-14T19:21:08+00:00","article_modified_time":"2013-08-14T21:25:19+00:00","og_image":[{"width":616,"height":462,"url":"https:\/\/sandzakpress.net\/arhiva\/wp-content\/uploads\/2013\/08\/version4_555004_10151769287579749_1839248572_n-616x4621.jpg","type":"image\/jpeg"}],"author":"bosniak","twitter_card":"summary_large_image","twitter_misc":{"Written by":"bosniak"},"schema":{"@context":"https:\/\/schema.org","@graph":[{"@type":"Article","@id":"https:\/\/sandzakpress.net\/arhiva\/masakr-ubijeno-preko-5000-muslimana-danas-u-kairu-foto\/#article","isPartOf":{"@id":"https:\/\/sandzakpress.net\/arhiva\/masakr-ubijeno-preko-5000-muslimana-danas-u-kairu-foto\/"},"author":{"name":"bosniak","@id":"https:\/\/sandzakpress.net\/arhiva\/#\/schema\/person\/c8baee722073534b583ea7bdb2e36c02"},"headline":"Masakr! Ubijeno oko 5000 muslimana za jedan dan u Kairu! (Foto)","datePublished":"2013-08-14T19:21:08+00:00","dateModified":"2013-08-14T21:25:19+00:00","mainEntityOfPage":{"@id":"https:\/\/sandzakpress.net\/arhiva\/masakr-ubijeno-preko-5000-muslimana-danas-u-kairu-foto\/"},"wordCount":91,"commentCount":5,"publisher":{"@id":"https:\/\/sandzakpress.net\/arhiva\/#\/schema\/person\/6e72b67d6e51910a1117b3b483ba20bd"},"image":{"@id":"https:\/\/sandzakpress.net\/arhiva\/masakr-ubijeno-preko-5000-muslimana-danas-u-kairu-foto\/#primaryimage"},"thumbnailUrl":"https:\/\/sandzakpress.net\/arhiva\/wp-content\/uploads\/2013\/08\/version4_555004_10151769287579749_1839248572_n-616x4621.jpg","keywords":["Egipat"],"articleSection":["Svijet","VIJESTI DANA"],"inLanguage":"bs-BA","potentialAction":[{"@type":"CommentAction","name":"Comment","target":["https:\/\/sandzakpress.net\/arhiva\/masakr-ubijeno-preko-5000-muslimana-danas-u-kairu-foto\/#respond"]}]},{"@type":"WebPage","@id":"https:\/\/sandzakpress.net\/arhiva\/masakr-ubijeno-preko-5000-muslimana-danas-u-kairu-foto\/","url":"https:\/\/sandzakpress.net\/arhiva\/masakr-ubijeno-preko-5000-muslimana-danas-u-kairu-foto\/","name":"Masakr! Ubijeno oko 5000 muslimana za jedan dan u Kairu! (Foto)","isPartOf":{"@id":"https:\/\/sandzakpress.net\/arhiva\/#website"},"primaryImageOfPage":{"@id":"https:\/\/sandzakpress.net\/arhiva\/masakr-ubijeno-preko-5000-muslimana-danas-u-kairu-foto\/#primaryimage"},"image":{"@id":"https:\/\/sandzakpress.net\/arhiva\/masakr-ubijeno-preko-5000-muslimana-danas-u-kairu-foto\/#primaryimage"},"thumbnailUrl":"https:\/\/sandzakpress.net\/arhiva\/wp-content\/uploads\/2013\/08\/version4_555004_10151769287579749_1839248572_n-616x4621.jpg","datePublished":"2013-08-14T19:21:08+00:00","dateModified":"2013-08-14T21:25:19+00:00","breadcrumb":{"@id":"https:\/\/sandzakpress.net\/arhiva\/masakr-ubijeno-preko-5000-muslimana-danas-u-kairu-foto\/#breadcrumb"},"inLanguage":"bs-BA","potentialAction":[{"@type":"ReadAction","target":["https:\/\/sandzakpress.net\/arhiva\/masakr-ubijeno-preko-5000-muslimana-danas-u-kairu-foto\/"]}]},{"@type":"ImageObject","inLanguage":"bs-BA","@id":"https:\/\/sandzakpress.net\/arhiva\/masakr-ubijeno-preko-5000-muslimana-danas-u-kairu-foto\/#primaryimage","url":"https:\/\/sandzakpress.net\/arhiva\/wp-content\/uploads\/2013\/08\/version4_555004_10151769287579749_1839248572_n-616x4621.jpg","contentUrl":"https:\/\/sandzakpress.net\/arhiva\/wp-content\/uploads\/2013\/08\/version4_555004_10151769287579749_1839248572_n-616x4621.jpg","width":616,"height":462},{"@type":"BreadcrumbList","@id":"https:\/\/sandzakpress.net\/arhiva\/masakr-ubijeno-preko-5000-muslimana-danas-u-kairu-foto\/#breadcrumb","itemListElement":[{"@type":"ListItem","position":1,"name":"Home","item":"https:\/\/sandzakpress.net\/arhiva\/"},{"@type":"ListItem","position":2,"name":"Masakr! Ubijeno oko 5000 muslimana za jedan dan u Kairu! (Foto)"}]},{"@type":"WebSite","@id":"https:\/\/sandzakpress.net\/arhiva\/#website","url":"https:\/\/sandzakpress.net\/arhiva\/","name":"Sand\u017eak PRESS","description":"Prve elektronske novine u Sand\u017eaku","publisher":{"@id":"https:\/\/sandzakpress.net\/arhiva\/#\/schema\/person\/6e72b67d6e51910a1117b3b483ba20bd"},"potentialAction":[{"@type":"SearchAction","target":{"@type":"EntryPoint","urlTemplate":"https:\/\/sandzakpress.net\/arhiva\/?s={search_term_string}"},"query-input":{"@type":"PropertyValueSpecification","valueRequired":true,"valueName":"search_term_string"}}],"inLanguage":"bs-BA"},{"@type":["Person","Organization"],"@id":"https:\/\/sandzakpress.net\/arhiva\/#\/schema\/person\/6e72b67d6e51910a1117b3b483ba20bd","name":"Kul","image":{"@type":"ImageObject","inLanguage":"bs-BA","@id":"https:\/\/sandzakpress.net\/arhiva\/#\/schema\/person\/image\/","url":"https:\/\/secure.gravatar.com\/avatar\/42263f39aa27ac04c43cab85c280eb2e?s=96&d=mm&r=pg","contentUrl":"https:\/\/secure.gravatar.com\/avatar\/42263f39aa27ac04c43cab85c280eb2e?s=96&d=mm&r=pg","caption":"Kul"},"logo":{"@id":"https:\/\/sandzakpress.net\/arhiva\/#\/schema\/person\/image\/"}},{"@type":"Person","@id":"https:\/\/sandzakpress.net\/arhiva\/#\/schema\/person\/c8baee722073534b583ea7bdb2e36c02","name":"bosniak","image":{"@type":"ImageObject","inLanguage":"bs-BA","@id":"https:\/\/sandzakpress.net\/arhiva\/#\/schema\/person\/image\/","url":"https:\/\/secure.gravatar.com\/avatar\/a04fd330bfe3a36a72a0ad4a6d89fca7?s=96&d=mm&r=pg","contentUrl":"https:\/\/secure.gravatar.com\/avatar\/a04fd330bfe3a36a72a0ad4a6d89fca7?s=96&d=mm&r=pg","caption":"bosniak"},"url":"https:\/\/sandzakpress.net\/arhiva\/author\/bosniak\/"}]}},"_links":{"self":[{"href":"https:\/\/sandzakpress.net\/arhiva\/wp-json\/wp\/v2\/posts\/85052"}],"collection":[{"href":"https:\/\/sandzakpress.net\/arhiva\/wp-json\/wp\/v2\/posts"}],"about":[{"href":"https:\/\/sandzakpress.net\/arhiva\/wp-json\/wp\/v2\/types\/post"}],"author":[{"embeddable":true,"href":"https:\/\/sandzakpress.net\/arhiva\/wp-json\/wp\/v2\/users\/83"}],"replies":[{"embeddable":true,"href":"https:\/\/sandzakpress.net\/arhiva\/wp-json\/wp\/v2\/comments?post=85052"}],"version-history":[{"count":0,"href":"https:\/\/sandzakpress.net\/arhiva\/wp-json\/wp\/v2\/posts\/85052\/revisions"}],"wp:featuredmedia":[{"embeddable":true,"href":"https:\/\/sandzakpress.net\/arhiva\/wp-json\/wp\/v2\/media\/85065"}],"wp:attachment":[{"href":"https:\/\/sandzakpress.net\/arhiva\/wp-json\/wp\/v2\/media?parent=85052"}],"wp:term":[{"taxonomy":"category","embeddable":true,"href":"https:\/\/sandzakpress.net\/arhiva\/wp-json\/wp\/v2\/categories?post=85052"},{"taxonomy":"post_tag","embeddable":true,"href":"https:\/\/sandzakpress.net\/arhiva\/wp-json\/wp\/v2\/tags?post=85052"}],"curies":[{"name":"wp","href":"https:\/\/api.w.org\/{rel}","templated":true}]}}