{"id":8502,"date":"2010-09-23T15:57:18","date_gmt":"2010-09-23T15:57:18","guid":{"rendered":"https:\/\/sandzakpress.net\/arhiva\/?p=8502"},"modified":"2010-09-23T15:58:27","modified_gmt":"2010-09-23T15:58:27","slug":"pokrenuta-inicijativa-za-formiranje-bdz-a","status":"publish","type":"post","link":"https:\/\/sandzakpress.net\/arhiva\/pokrenuta-inicijativa-za-formiranje-bdz-a\/","title":{"rendered":"Pokrenuta inicijativa za formiranje BDZ-a"},"content":{"rendered":"<p><strong><a href=\"https:\/\/sandzakpress.net\/arhiva\/wp-content\/uploads\/2010\/09\/bdz-21.jpg\"><img loading=\"lazy\" decoding=\"async\" class=\"alignleft size-medium wp-image-8507\" title=\"bdz (2)\" src=\"https:\/\/sandzakpress.net\/arhiva\/wp-content\/uploads\/2010\/09\/bdz-21-300x282.jpg\" alt=\"\" width=\"235\" height=\"220\" \/><\/a>Sjeverni Sand\u017eak &#8211; \u010clanovi Inicijativnog odbora za osnivanje partije \u201eBo\u0161nja\u010dka demokratska zajednica\u201c na \u010delu sa predsjednikom Inicijativnog odbora Emirom Elfi\u0107em odr\u017eali su konferenciju za medije na kojoj su obavijestili javnost da je u srijedu 22. septembra odr\u017eana sjednica Inicijativnog odbora za formiranje stranke.<\/strong><\/p>\n<p>Na konferenciji su pored predsjednika Inicijativnog odbora diplomiranog ekonomiste Emira Elfi\u0107a bili prisutni i \u010dlanovi Inicijativnog odbora dr. Amela Luka\u010d, prodekan za nastavu na Internacionalnom univerzitetu, Hedija \u0160krijelj, diplomirana pravnica i profesor Zehnija Buli\u0107.<\/p>\n<p>Inicijativni odbor sa\u010dinjava preko 20 ljudi iz svih gradova Sand\u017eaka.<\/p>\n<p>\u201eNa sastanku Inicijativnog odbora u\u010destvovalo je preko dvadeset predstavnika iz svih sand\u017ea\u010dkih gradova\u201e \u2013 ka\u017ee gospodin Emir Elfi\u0107.<\/p>\n<p>Na prvom sastanku Inicijativnog odbora DBZ-a se govorilo o programu stranke.<\/p>\n<p>\u201e Na sastanku Inicijativnog odbora predlo\u017een je nacrt Programa stranke, koji \u0107e vjerovatno pretrpjeti odre\u0111ene izmjene do odr\u017eavanja same Skup\u0161tine kada treba da bude usvojena kona\u010dna verzija Programa kao i Statut stranke\u201c \u00a0&#8211; rekao je gospodin Elfi\u0107.<\/p>\n<p><a href=\"https:\/\/sandzakpress.net\/arhiva\/wp-content\/uploads\/2010\/09\/DSC_0017.jpg\"><img loading=\"lazy\" decoding=\"async\" class=\"aligncenter size-full wp-image-8505\" title=\"DSC_0017\" src=\"https:\/\/sandzakpress.net\/arhiva\/wp-content\/uploads\/2010\/09\/DSC_0017.jpg\" alt=\"\" width=\"616\" height=\"414\" \/><\/a><\/p>\n<p>BDZ je programski, kao stranka ne\u0107e pripadati ni ljevi\u010darskom ni desni\u010darskom na\u010delu, ve\u0107 \u0107e biti okrenuta demokratskom centru.<\/p>\n<p>\u201e\u0160to se ti\u010de na\u010dela samog Programa mogu re\u0107i da \u0107e Bo\u0161nja\u010dka demokratska zajednica biti partija demokratskog centra koja \u0107e se prvenstveno baviti bo\u0161nja\u010dkim interesima kao i ekonomskim oporavkom Sand\u017eaka.\u201c \u2013 ka\u017ee Elfi\u0107.<\/p>\n<p>Elfi\u0107 najavljuje od ponedjeljka prikupljanje potpisa za registraciju BDZ-a:<\/p>\n<p>Sljede\u0107i koraci su da ve\u0107 od ponedjeljka pokrenemo inicijativu za prikupljanje potpisa za registraciju stranke, kao i zakazivanje Skup\u0161tine na kojoj \u0107e biti usvojeni Program, Statut stranke i izabrano rukovodstvo stranke\u201c &#8211; ka\u017ee predsjednik IO BDZ Emir Elfi\u0107.<\/p>\n<p>Bo\u0161nja\u010dka demokratska zajednica \u0107e predstavljati tre\u0107u politi\u010dku opciju u Sand\u017eaku, a i velike su mogu\u0107nosti da SDP nestane sa politi\u010dke scene u Sand\u017eaku i da BDZ postane druga i jedina politi\u010dka opcija koja \u0107e se suprotstaviti \u0161tetnom djelovanju stranke SDA Sulejmana Ugljanina.<\/p>\n<p>Izvor: <strong>SandzakPRESS.net<\/strong><\/p>\n","protected":false},"excerpt":{"rendered":"<p>Sjeverni Sand\u017eak &#8211; \u010clanovi Inicijativnog odbora za osnivanje partije \u201eBo\u0161nja\u010dka demokratska zajednica\u201c na \u010delu sa predsjednikom Inicijativnog odbora Emirom Elfi\u0107em odr\u017eali su konferenciju za medije na kojoj su obavijestili javnost da je u srijedu 22. septembra odr\u017eana sjednica Inicijativnog odbora za formiranje stranke. Na konferenciji su pored predsjednika Inicijativnog odbora diplomiranog ekonomiste Emira Elfi\u0107a bili [&hellip;]<\/p>\n","protected":false},"author":83,"featured_media":8507,"comment_status":"open","ping_status":"open","sticky":false,"template":"","format":"standard","meta":{"footnotes":""},"categories":[72,52,1,327,392,393,394],"tags":[],"class_list":{"0":"post-8502","1":"post","2":"type-post","3":"status-publish","4":"format-standard","5":"has-post-thumbnail","7":"category-novi-pazar","8":"category-sjenica","9":"category-politika","10":"category-tutin","11":"category-prijepolje_","12":"category-priboj","13":"category-nova-varos"},"yoast_head":"<!-- This site is optimized with the Yoast SEO Premium plugin v23.1 (Yoast SEO v24.9) - https:\/\/yoast.com\/wordpress\/plugins\/seo\/ -->\n<title>Pokrenuta inicijativa za formiranje BDZ-a<\/title>\n<meta name=\"robots\" content=\"index, follow, max-snippet:-1, max-image-preview:large, max-video-preview:-1\" \/>\n<link rel=\"canonical\" href=\"https:\/\/sandzakpress.net\/arhiva\/pokrenuta-inicijativa-za-formiranje-bdz-a\/\" \/>\n<meta property=\"og:locale\" content=\"bs_BA\" \/>\n<meta property=\"og:type\" content=\"article\" \/>\n<meta property=\"og:title\" content=\"Pokrenuta inicijativa za formiranje BDZ-a\" \/>\n<meta property=\"og:description\" content=\"Sjeverni Sand\u017eak &#8211; \u010clanovi Inicijativnog odbora za osnivanje partije \u201eBo\u0161nja\u010dka demokratska zajednica\u201c na \u010delu sa predsjednikom Inicijativnog odbora Emirom Elfi\u0107em odr\u017eali su konferenciju za medije na kojoj su obavijestili javnost da je u srijedu 22. septembra odr\u017eana sjednica Inicijativnog odbora za formiranje stranke. Na konferenciji su pored predsjednika Inicijativnog odbora diplomiranog ekonomiste Emira Elfi\u0107a bili [&hellip;]\" \/>\n<meta property=\"og:url\" content=\"https:\/\/sandzakpress.net\/arhiva\/pokrenuta-inicijativa-za-formiranje-bdz-a\/\" \/>\n<meta property=\"og:site_name\" content=\"Sand\u017eak PRESS\" \/>\n<meta property=\"article:published_time\" content=\"2010-09-23T15:57:18+00:00\" \/>\n<meta property=\"article:modified_time\" content=\"2010-09-23T15:58:27+00:00\" \/>\n<meta property=\"og:image\" content=\"https:\/\/sandzakpress.net\/arhiva\/wp-content\/uploads\/2010\/09\/bdz-21.jpg\" \/>\n\t<meta property=\"og:image:width\" content=\"400\" \/>\n\t<meta property=\"og:image:height\" content=\"377\" \/>\n\t<meta property=\"og:image:type\" content=\"image\/jpeg\" \/>\n<meta name=\"author\" content=\"bosniak\" \/>\n<meta name=\"twitter:card\" content=\"summary_large_image\" \/>\n<meta name=\"twitter:label1\" content=\"Written by\" \/>\n\t<meta name=\"twitter:data1\" content=\"bosniak\" \/>\n\t<meta name=\"twitter:label2\" content=\"Est. reading time\" \/>\n\t<meta name=\"twitter:data2\" content=\"2 minute\" \/>\n<script type=\"application\/ld+json\" class=\"yoast-schema-graph\">{\"@context\":\"https:\/\/schema.org\",\"@graph\":[{\"@type\":\"Article\",\"@id\":\"https:\/\/sandzakpress.net\/arhiva\/pokrenuta-inicijativa-za-formiranje-bdz-a\/#article\",\"isPartOf\":{\"@id\":\"https:\/\/sandzakpress.net\/arhiva\/pokrenuta-inicijativa-za-formiranje-bdz-a\/\"},\"author\":{\"name\":\"bosniak\",\"@id\":\"https:\/\/sandzakpress.net\/arhiva\/#\/schema\/person\/c8baee722073534b583ea7bdb2e36c02\"},\"headline\":\"Pokrenuta inicijativa za formiranje BDZ-a\",\"datePublished\":\"2010-09-23T15:57:18+00:00\",\"dateModified\":\"2010-09-23T15:58:27+00:00\",\"mainEntityOfPage\":{\"@id\":\"https:\/\/sandzakpress.net\/arhiva\/pokrenuta-inicijativa-za-formiranje-bdz-a\/\"},\"wordCount\":338,\"commentCount\":41,\"publisher\":{\"@id\":\"https:\/\/sandzakpress.net\/arhiva\/#\/schema\/person\/6e72b67d6e51910a1117b3b483ba20bd\"},\"image\":{\"@id\":\"https:\/\/sandzakpress.net\/arhiva\/pokrenuta-inicijativa-za-formiranje-bdz-a\/#primaryimage\"},\"thumbnailUrl\":\"https:\/\/sandzakpress.net\/arhiva\/wp-content\/uploads\/2010\/09\/bdz-21.jpg\",\"articleSection\":[\"Novi Pazar\",\"Sjenica\",\"Politika\",\"Tutin\",\"Prijepolje\",\"Priboj\",\"Nova Varo\u0161\"],\"inLanguage\":\"bs-BA\",\"potentialAction\":[{\"@type\":\"CommentAction\",\"name\":\"Comment\",\"target\":[\"https:\/\/sandzakpress.net\/arhiva\/pokrenuta-inicijativa-za-formiranje-bdz-a\/#respond\"]}]},{\"@type\":\"WebPage\",\"@id\":\"https:\/\/sandzakpress.net\/arhiva\/pokrenuta-inicijativa-za-formiranje-bdz-a\/\",\"url\":\"https:\/\/sandzakpress.net\/arhiva\/pokrenuta-inicijativa-za-formiranje-bdz-a\/\",\"name\":\"Pokrenuta inicijativa za formiranje BDZ-a\",\"isPartOf\":{\"@id\":\"https:\/\/sandzakpress.net\/arhiva\/#website\"},\"primaryImageOfPage\":{\"@id\":\"https:\/\/sandzakpress.net\/arhiva\/pokrenuta-inicijativa-za-formiranje-bdz-a\/#primaryimage\"},\"image\":{\"@id\":\"https:\/\/sandzakpress.net\/arhiva\/pokrenuta-inicijativa-za-formiranje-bdz-a\/#primaryimage\"},\"thumbnailUrl\":\"https:\/\/sandzakpress.net\/arhiva\/wp-content\/uploads\/2010\/09\/bdz-21.jpg\",\"datePublished\":\"2010-09-23T15:57:18+00:00\",\"dateModified\":\"2010-09-23T15:58:27+00:00\",\"breadcrumb\":{\"@id\":\"https:\/\/sandzakpress.net\/arhiva\/pokrenuta-inicijativa-za-formiranje-bdz-a\/#breadcrumb\"},\"inLanguage\":\"bs-BA\",\"potentialAction\":[{\"@type\":\"ReadAction\",\"target\":[\"https:\/\/sandzakpress.net\/arhiva\/pokrenuta-inicijativa-za-formiranje-bdz-a\/\"]}]},{\"@type\":\"ImageObject\",\"inLanguage\":\"bs-BA\",\"@id\":\"https:\/\/sandzakpress.net\/arhiva\/pokrenuta-inicijativa-za-formiranje-bdz-a\/#primaryimage\",\"url\":\"https:\/\/sandzakpress.net\/arhiva\/wp-content\/uploads\/2010\/09\/bdz-21.jpg\",\"contentUrl\":\"https:\/\/sandzakpress.net\/arhiva\/wp-content\/uploads\/2010\/09\/bdz-21.jpg\",\"width\":400,\"height\":377},{\"@type\":\"BreadcrumbList\",\"@id\":\"https:\/\/sandzakpress.net\/arhiva\/pokrenuta-inicijativa-za-formiranje-bdz-a\/#breadcrumb\",\"itemListElement\":[{\"@type\":\"ListItem\",\"position\":1,\"name\":\"Home\",\"item\":\"https:\/\/sandzakpress.net\/arhiva\/\"},{\"@type\":\"ListItem\",\"position\":2,\"name\":\"Pokrenuta inicijativa za formiranje BDZ-a\"}]},{\"@type\":\"WebSite\",\"@id\":\"https:\/\/sandzakpress.net\/arhiva\/#website\",\"url\":\"https:\/\/sandzakpress.net\/arhiva\/\",\"name\":\"Sand\u017eak PRESS\",\"description\":\"Prve elektronske novine u Sand\u017eaku\",\"publisher\":{\"@id\":\"https:\/\/sandzakpress.net\/arhiva\/#\/schema\/person\/6e72b67d6e51910a1117b3b483ba20bd\"},\"potentialAction\":[{\"@type\":\"SearchAction\",\"target\":{\"@type\":\"EntryPoint\",\"urlTemplate\":\"https:\/\/sandzakpress.net\/arhiva\/?s={search_term_string}\"},\"query-input\":{\"@type\":\"PropertyValueSpecification\",\"valueRequired\":true,\"valueName\":\"search_term_string\"}}],\"inLanguage\":\"bs-BA\"},{\"@type\":[\"Person\",\"Organization\"],\"@id\":\"https:\/\/sandzakpress.net\/arhiva\/#\/schema\/person\/6e72b67d6e51910a1117b3b483ba20bd\",\"name\":\"Kul\",\"image\":{\"@type\":\"ImageObject\",\"inLanguage\":\"bs-BA\",\"@id\":\"https:\/\/sandzakpress.net\/arhiva\/#\/schema\/person\/image\/\",\"url\":\"https:\/\/secure.gravatar.com\/avatar\/42263f39aa27ac04c43cab85c280eb2e?s=96&d=mm&r=pg\",\"contentUrl\":\"https:\/\/secure.gravatar.com\/avatar\/42263f39aa27ac04c43cab85c280eb2e?s=96&d=mm&r=pg\",\"caption\":\"Kul\"},\"logo\":{\"@id\":\"https:\/\/sandzakpress.net\/arhiva\/#\/schema\/person\/image\/\"}},{\"@type\":\"Person\",\"@id\":\"https:\/\/sandzakpress.net\/arhiva\/#\/schema\/person\/c8baee722073534b583ea7bdb2e36c02\",\"name\":\"bosniak\",\"image\":{\"@type\":\"ImageObject\",\"inLanguage\":\"bs-BA\",\"@id\":\"https:\/\/sandzakpress.net\/arhiva\/#\/schema\/person\/image\/\",\"url\":\"https:\/\/secure.gravatar.com\/avatar\/a04fd330bfe3a36a72a0ad4a6d89fca7?s=96&d=mm&r=pg\",\"contentUrl\":\"https:\/\/secure.gravatar.com\/avatar\/a04fd330bfe3a36a72a0ad4a6d89fca7?s=96&d=mm&r=pg\",\"caption\":\"bosniak\"},\"url\":\"https:\/\/sandzakpress.net\/arhiva\/author\/bosniak\/\"}]}<\/script>\n<!-- \/ Yoast SEO Premium plugin. -->","yoast_head_json":{"title":"Pokrenuta inicijativa za formiranje BDZ-a","robots":{"index":"index","follow":"follow","max-snippet":"max-snippet:-1","max-image-preview":"max-image-preview:large","max-video-preview":"max-video-preview:-1"},"canonical":"https:\/\/sandzakpress.net\/arhiva\/pokrenuta-inicijativa-za-formiranje-bdz-a\/","og_locale":"bs_BA","og_type":"article","og_title":"Pokrenuta inicijativa za formiranje BDZ-a","og_description":"Sjeverni Sand\u017eak &#8211; \u010clanovi Inicijativnog odbora za osnivanje partije \u201eBo\u0161nja\u010dka demokratska zajednica\u201c na \u010delu sa predsjednikom Inicijativnog odbora Emirom Elfi\u0107em odr\u017eali su konferenciju za medije na kojoj su obavijestili javnost da je u srijedu 22. septembra odr\u017eana sjednica Inicijativnog odbora za formiranje stranke. Na konferenciji su pored predsjednika Inicijativnog odbora diplomiranog ekonomiste Emira Elfi\u0107a bili [&hellip;]","og_url":"https:\/\/sandzakpress.net\/arhiva\/pokrenuta-inicijativa-za-formiranje-bdz-a\/","og_site_name":"Sand\u017eak PRESS","article_published_time":"2010-09-23T15:57:18+00:00","article_modified_time":"2010-09-23T15:58:27+00:00","og_image":[{"width":400,"height":377,"url":"https:\/\/sandzakpress.net\/arhiva\/wp-content\/uploads\/2010\/09\/bdz-21.jpg","type":"image\/jpeg"}],"author":"bosniak","twitter_card":"summary_large_image","twitter_misc":{"Written by":"bosniak","Est. reading time":"2 minute"},"schema":{"@context":"https:\/\/schema.org","@graph":[{"@type":"Article","@id":"https:\/\/sandzakpress.net\/arhiva\/pokrenuta-inicijativa-za-formiranje-bdz-a\/#article","isPartOf":{"@id":"https:\/\/sandzakpress.net\/arhiva\/pokrenuta-inicijativa-za-formiranje-bdz-a\/"},"author":{"name":"bosniak","@id":"https:\/\/sandzakpress.net\/arhiva\/#\/schema\/person\/c8baee722073534b583ea7bdb2e36c02"},"headline":"Pokrenuta inicijativa za formiranje BDZ-a","datePublished":"2010-09-23T15:57:18+00:00","dateModified":"2010-09-23T15:58:27+00:00","mainEntityOfPage":{"@id":"https:\/\/sandzakpress.net\/arhiva\/pokrenuta-inicijativa-za-formiranje-bdz-a\/"},"wordCount":338,"commentCount":41,"publisher":{"@id":"https:\/\/sandzakpress.net\/arhiva\/#\/schema\/person\/6e72b67d6e51910a1117b3b483ba20bd"},"image":{"@id":"https:\/\/sandzakpress.net\/arhiva\/pokrenuta-inicijativa-za-formiranje-bdz-a\/#primaryimage"},"thumbnailUrl":"https:\/\/sandzakpress.net\/arhiva\/wp-content\/uploads\/2010\/09\/bdz-21.jpg","articleSection":["Novi Pazar","Sjenica","Politika","Tutin","Prijepolje","Priboj","Nova Varo\u0161"],"inLanguage":"bs-BA","potentialAction":[{"@type":"CommentAction","name":"Comment","target":["https:\/\/sandzakpress.net\/arhiva\/pokrenuta-inicijativa-za-formiranje-bdz-a\/#respond"]}]},{"@type":"WebPage","@id":"https:\/\/sandzakpress.net\/arhiva\/pokrenuta-inicijativa-za-formiranje-bdz-a\/","url":"https:\/\/sandzakpress.net\/arhiva\/pokrenuta-inicijativa-za-formiranje-bdz-a\/","name":"Pokrenuta inicijativa za formiranje BDZ-a","isPartOf":{"@id":"https:\/\/sandzakpress.net\/arhiva\/#website"},"primaryImageOfPage":{"@id":"https:\/\/sandzakpress.net\/arhiva\/pokrenuta-inicijativa-za-formiranje-bdz-a\/#primaryimage"},"image":{"@id":"https:\/\/sandzakpress.net\/arhiva\/pokrenuta-inicijativa-za-formiranje-bdz-a\/#primaryimage"},"thumbnailUrl":"https:\/\/sandzakpress.net\/arhiva\/wp-content\/uploads\/2010\/09\/bdz-21.jpg","datePublished":"2010-09-23T15:57:18+00:00","dateModified":"2010-09-23T15:58:27+00:00","breadcrumb":{"@id":"https:\/\/sandzakpress.net\/arhiva\/pokrenuta-inicijativa-za-formiranje-bdz-a\/#breadcrumb"},"inLanguage":"bs-BA","potentialAction":[{"@type":"ReadAction","target":["https:\/\/sandzakpress.net\/arhiva\/pokrenuta-inicijativa-za-formiranje-bdz-a\/"]}]},{"@type":"ImageObject","inLanguage":"bs-BA","@id":"https:\/\/sandzakpress.net\/arhiva\/pokrenuta-inicijativa-za-formiranje-bdz-a\/#primaryimage","url":"https:\/\/sandzakpress.net\/arhiva\/wp-content\/uploads\/2010\/09\/bdz-21.jpg","contentUrl":"https:\/\/sandzakpress.net\/arhiva\/wp-content\/uploads\/2010\/09\/bdz-21.jpg","width":400,"height":377},{"@type":"BreadcrumbList","@id":"https:\/\/sandzakpress.net\/arhiva\/pokrenuta-inicijativa-za-formiranje-bdz-a\/#breadcrumb","itemListElement":[{"@type":"ListItem","position":1,"name":"Home","item":"https:\/\/sandzakpress.net\/arhiva\/"},{"@type":"ListItem","position":2,"name":"Pokrenuta inicijativa za formiranje BDZ-a"}]},{"@type":"WebSite","@id":"https:\/\/sandzakpress.net\/arhiva\/#website","url":"https:\/\/sandzakpress.net\/arhiva\/","name":"Sand\u017eak PRESS","description":"Prve elektronske novine u Sand\u017eaku","publisher":{"@id":"https:\/\/sandzakpress.net\/arhiva\/#\/schema\/person\/6e72b67d6e51910a1117b3b483ba20bd"},"potentialAction":[{"@type":"SearchAction","target":{"@type":"EntryPoint","urlTemplate":"https:\/\/sandzakpress.net\/arhiva\/?s={search_term_string}"},"query-input":{"@type":"PropertyValueSpecification","valueRequired":true,"valueName":"search_term_string"}}],"inLanguage":"bs-BA"},{"@type":["Person","Organization"],"@id":"https:\/\/sandzakpress.net\/arhiva\/#\/schema\/person\/6e72b67d6e51910a1117b3b483ba20bd","name":"Kul","image":{"@type":"ImageObject","inLanguage":"bs-BA","@id":"https:\/\/sandzakpress.net\/arhiva\/#\/schema\/person\/image\/","url":"https:\/\/secure.gravatar.com\/avatar\/42263f39aa27ac04c43cab85c280eb2e?s=96&d=mm&r=pg","contentUrl":"https:\/\/secure.gravatar.com\/avatar\/42263f39aa27ac04c43cab85c280eb2e?s=96&d=mm&r=pg","caption":"Kul"},"logo":{"@id":"https:\/\/sandzakpress.net\/arhiva\/#\/schema\/person\/image\/"}},{"@type":"Person","@id":"https:\/\/sandzakpress.net\/arhiva\/#\/schema\/person\/c8baee722073534b583ea7bdb2e36c02","name":"bosniak","image":{"@type":"ImageObject","inLanguage":"bs-BA","@id":"https:\/\/sandzakpress.net\/arhiva\/#\/schema\/person\/image\/","url":"https:\/\/secure.gravatar.com\/avatar\/a04fd330bfe3a36a72a0ad4a6d89fca7?s=96&d=mm&r=pg","contentUrl":"https:\/\/secure.gravatar.com\/avatar\/a04fd330bfe3a36a72a0ad4a6d89fca7?s=96&d=mm&r=pg","caption":"bosniak"},"url":"https:\/\/sandzakpress.net\/arhiva\/author\/bosniak\/"}]}},"_links":{"self":[{"href":"https:\/\/sandzakpress.net\/arhiva\/wp-json\/wp\/v2\/posts\/8502"}],"collection":[{"href":"https:\/\/sandzakpress.net\/arhiva\/wp-json\/wp\/v2\/posts"}],"about":[{"href":"https:\/\/sandzakpress.net\/arhiva\/wp-json\/wp\/v2\/types\/post"}],"author":[{"embeddable":true,"href":"https:\/\/sandzakpress.net\/arhiva\/wp-json\/wp\/v2\/users\/83"}],"replies":[{"embeddable":true,"href":"https:\/\/sandzakpress.net\/arhiva\/wp-json\/wp\/v2\/comments?post=8502"}],"version-history":[{"count":0,"href":"https:\/\/sandzakpress.net\/arhiva\/wp-json\/wp\/v2\/posts\/8502\/revisions"}],"wp:featuredmedia":[{"embeddable":true,"href":"https:\/\/sandzakpress.net\/arhiva\/wp-json\/wp\/v2\/media\/8507"}],"wp:attachment":[{"href":"https:\/\/sandzakpress.net\/arhiva\/wp-json\/wp\/v2\/media?parent=8502"}],"wp:term":[{"taxonomy":"category","embeddable":true,"href":"https:\/\/sandzakpress.net\/arhiva\/wp-json\/wp\/v2\/categories?post=8502"},{"taxonomy":"post_tag","embeddable":true,"href":"https:\/\/sandzakpress.net\/arhiva\/wp-json\/wp\/v2\/tags?post=8502"}],"curies":[{"name":"wp","href":"https:\/\/api.w.org\/{rel}","templated":true}]}}