{"id":8498,"date":"2010-09-23T14:59:45","date_gmt":"2010-09-23T14:59:45","guid":{"rendered":"https:\/\/sandzakpress.net\/arhiva\/?p=8498"},"modified":"2010-09-23T14:59:45","modified_gmt":"2010-09-23T14:59:45","slug":"kalac-nusret-protiv-sandzaka","status":"publish","type":"post","link":"https:\/\/sandzakpress.net\/arhiva\/kalac-nusret-protiv-sandzaka\/","title":{"rendered":"Kala\u010d Nusret protiv Sand\u017eaka"},"content":{"rendered":"<p><strong><a href=\"https:\/\/sandzakpress.net\/arhiva\/wp-content\/uploads\/2010\/09\/predsjednik-opstine-Nusret-Kalac1.jpg\"><img loading=\"lazy\" decoding=\"async\" class=\"alignleft size-full wp-image-8499\" title=\"predsjednik-opstine-Nusret-Kalac\" src=\"https:\/\/sandzakpress.net\/arhiva\/wp-content\/uploads\/2010\/09\/predsjednik-opstine-Nusret-Kalac1.jpg\" alt=\"\" width=\"235\" height=\"157\" \/><\/a>Ro\u017eaje &#8211; Gradona\u010delnik Ro\u017eaja Nusret Kala\u010d ocijenio je ju\u010der da je pri\u010da o autonomiji Sand\u017eaka, poku\u0161aj povratka na politi\u010dku scenu davno pora\u017eenih snaga u politici koju &#8220;forsiraju samo ljudi koji \u017eive u Sand\u017eaku nego i neki spolja&#8221;.<\/strong><\/p>\n<p>To je nerealan projekat jer Sand\u017eak je teritorija koja fizi\u010dki ne mo\u017ee postati vi\u0161e od onoga \u0161to trenutno jeste. Pa i kada bi se ostvario taj projekat, pitanje je koliko bi op\u0161tina u\u0161lo u tu regiju. Desetine op\u0161tina su pripale BiH i ni u jednoj varijanti ne mogu biti dio nekakvog Sand\u017eaka.<\/p>\n<p>Ako neko misli da \u0107e politi\u010dki ubijediti Pljevljake, pravoslavce, Berance, Bjelopoljce da budu dio te autonomije grdno se vara. Zar neko mo\u017ee da se usudi da ubje\u0111uje ljude iz Priboja u kojem \u017eivi velika ve\u0107ina pravoslavnog \u017eivlja da pripadnu Sand\u017eaku. Ne, ovo je igra na fonu izolacije \u010detiri op\u0161tine, Ro\u017eaje, Novi Pazar, Tutin i Sjenica \u2013 kazao je Kala\u010d isti\u010du\u0107i da bi Ro\u017eajci u takvoj varijanti bili veliki gubitnici.<br \/>\nUkoliko bi se tako ne\u0161to i desilo Kala\u010d je uvjeren da bi to bio &#8220;izolovani prostor gdje bi se de\u0161avale veoma lo\u0161e stvari i narod bi dugoro\u010dno bio osu\u0111en ne na klasi\u010dno protjerivanje, ve\u0107 bi svaki normalan \u010dovjek koji \u017eeli da \u017eivi dobro, morao da napusti takvo okru\u017eenje&#8221;.<\/p>\n<p>To je nemogu\u0107a misija i o tome sam govorio i u referendumskoj kampanji. Neistina je i la\u017e onih koji pri\u010daju da je DPS potpisala nekakav sporazum sa Bo\u0161nja\u010dkom strankom o prekograni\u010dnoj regiji Sand\u017eak, jer sam li\u010dno u\u010destvovao u dogovorima oko te koalicije \u2013 kazao je Kala\u010d.<br \/>\nOptu\u017ebe opozicije na njegov ra\u010dun Kala\u010d ocjenjuje &#8220;njihovim interesom da budu neko i ne\u0161to na lokalnom nivou jer dalje od toga ne mogu\u0107.<\/p>\n<p>Pojedinci iz opozicije, tvrdi Kala\u010d, poku\u0161avaju da podijele Ro\u017eaje \u0161to mi aktuelna vlast, kako poru\u010duje gradona\u010delnik, &#8220;ne\u0107e dozvoliti i ne\u0107e uspjeti jo\u0161 barem \u010detiri godine&#8221;.<\/p>\n<p>Kala\u010d je odbacio optu\u017ebe da vr\u0161i lokalnu vlast sa svojom porodicom isti\u010du\u0107i da se zna da &#8220;od 12 mjesta u lokalnoj administraciji samo jednu funkciju vr\u0161i moj ro\u0111ak&#8221;.<\/p>\n<p>Izvor: <strong>Dan.co.me<\/strong><\/p>\n","protected":false},"excerpt":{"rendered":"<p>Ro\u017eaje &#8211; Gradona\u010delnik Ro\u017eaja Nusret Kala\u010d ocijenio je ju\u010der da je pri\u010da o autonomiji Sand\u017eaka, poku\u0161aj povratka na politi\u010dku scenu davno pora\u017eenih snaga u politici koju &#8220;forsiraju samo ljudi koji \u017eive u Sand\u017eaku nego i neki spolja&#8221;. To je nerealan projekat jer Sand\u017eak je teritorija koja fizi\u010dki ne mo\u017ee postati vi\u0161e od onoga \u0161to trenutno [&hellip;]<\/p>\n","protected":false},"author":83,"featured_media":8499,"comment_status":"open","ping_status":"open","sticky":false,"template":"","format":"standard","meta":{"footnotes":""},"categories":[398,1],"tags":[],"class_list":{"0":"post-8498","1":"post","2":"type-post","3":"status-publish","4":"format-standard","5":"has-post-thumbnail","7":"category-rozaje","8":"category-politika"},"yoast_head":"<!-- This site is optimized with the Yoast SEO Premium plugin v23.1 (Yoast SEO v24.9) - https:\/\/yoast.com\/wordpress\/plugins\/seo\/ -->\n<title>Kala\u010d Nusret protiv Sand\u017eaka<\/title>\n<meta name=\"robots\" content=\"index, follow, max-snippet:-1, max-image-preview:large, max-video-preview:-1\" \/>\n<link rel=\"canonical\" href=\"https:\/\/sandzakpress.net\/arhiva\/kalac-nusret-protiv-sandzaka\/\" \/>\n<meta property=\"og:locale\" content=\"bs_BA\" \/>\n<meta property=\"og:type\" content=\"article\" \/>\n<meta property=\"og:title\" content=\"Kala\u010d Nusret protiv Sand\u017eaka\" \/>\n<meta property=\"og:description\" content=\"Ro\u017eaje &#8211; Gradona\u010delnik Ro\u017eaja Nusret Kala\u010d ocijenio je ju\u010der da je pri\u010da o autonomiji Sand\u017eaka, poku\u0161aj povratka na politi\u010dku scenu davno pora\u017eenih snaga u politici koju &#8220;forsiraju samo ljudi koji \u017eive u Sand\u017eaku nego i neki spolja&#8221;. To je nerealan projekat jer Sand\u017eak je teritorija koja fizi\u010dki ne mo\u017ee postati vi\u0161e od onoga \u0161to trenutno [&hellip;]\" \/>\n<meta property=\"og:url\" content=\"https:\/\/sandzakpress.net\/arhiva\/kalac-nusret-protiv-sandzaka\/\" \/>\n<meta property=\"og:site_name\" content=\"Sand\u017eak PRESS\" \/>\n<meta property=\"article:published_time\" content=\"2010-09-23T14:59:45+00:00\" \/>\n<meta property=\"og:image\" content=\"https:\/\/sandzakpress.net\/arhiva\/wp-content\/uploads\/2010\/09\/predsjednik-opstine-Nusret-Kalac1.jpg\" \/>\n\t<meta property=\"og:image:width\" content=\"235\" \/>\n\t<meta property=\"og:image:height\" content=\"157\" \/>\n\t<meta property=\"og:image:type\" content=\"image\/jpeg\" \/>\n<meta name=\"author\" content=\"bosniak\" \/>\n<meta name=\"twitter:card\" content=\"summary_large_image\" \/>\n<meta name=\"twitter:label1\" content=\"Written by\" \/>\n\t<meta name=\"twitter:data1\" content=\"bosniak\" \/>\n\t<meta name=\"twitter:label2\" content=\"Est. reading time\" \/>\n\t<meta name=\"twitter:data2\" content=\"2 minute\" \/>\n<script type=\"application\/ld+json\" class=\"yoast-schema-graph\">{\"@context\":\"https:\/\/schema.org\",\"@graph\":[{\"@type\":\"Article\",\"@id\":\"https:\/\/sandzakpress.net\/arhiva\/kalac-nusret-protiv-sandzaka\/#article\",\"isPartOf\":{\"@id\":\"https:\/\/sandzakpress.net\/arhiva\/kalac-nusret-protiv-sandzaka\/\"},\"author\":{\"name\":\"bosniak\",\"@id\":\"https:\/\/sandzakpress.net\/arhiva\/#\/schema\/person\/c8baee722073534b583ea7bdb2e36c02\"},\"headline\":\"Kala\u010d Nusret protiv Sand\u017eaka\",\"datePublished\":\"2010-09-23T14:59:45+00:00\",\"mainEntityOfPage\":{\"@id\":\"https:\/\/sandzakpress.net\/arhiva\/kalac-nusret-protiv-sandzaka\/\"},\"wordCount\":392,\"commentCount\":7,\"publisher\":{\"@id\":\"https:\/\/sandzakpress.net\/arhiva\/#\/schema\/person\/6e72b67d6e51910a1117b3b483ba20bd\"},\"image\":{\"@id\":\"https:\/\/sandzakpress.net\/arhiva\/kalac-nusret-protiv-sandzaka\/#primaryimage\"},\"thumbnailUrl\":\"https:\/\/sandzakpress.net\/arhiva\/wp-content\/uploads\/2010\/09\/predsjednik-opstine-Nusret-Kalac1.jpg\",\"articleSection\":[\"Ro\u017eaje\",\"Politika\"],\"inLanguage\":\"bs-BA\",\"potentialAction\":[{\"@type\":\"CommentAction\",\"name\":\"Comment\",\"target\":[\"https:\/\/sandzakpress.net\/arhiva\/kalac-nusret-protiv-sandzaka\/#respond\"]}]},{\"@type\":\"WebPage\",\"@id\":\"https:\/\/sandzakpress.net\/arhiva\/kalac-nusret-protiv-sandzaka\/\",\"url\":\"https:\/\/sandzakpress.net\/arhiva\/kalac-nusret-protiv-sandzaka\/\",\"name\":\"Kala\u010d Nusret protiv Sand\u017eaka\",\"isPartOf\":{\"@id\":\"https:\/\/sandzakpress.net\/arhiva\/#website\"},\"primaryImageOfPage\":{\"@id\":\"https:\/\/sandzakpress.net\/arhiva\/kalac-nusret-protiv-sandzaka\/#primaryimage\"},\"image\":{\"@id\":\"https:\/\/sandzakpress.net\/arhiva\/kalac-nusret-protiv-sandzaka\/#primaryimage\"},\"thumbnailUrl\":\"https:\/\/sandzakpress.net\/arhiva\/wp-content\/uploads\/2010\/09\/predsjednik-opstine-Nusret-Kalac1.jpg\",\"datePublished\":\"2010-09-23T14:59:45+00:00\",\"breadcrumb\":{\"@id\":\"https:\/\/sandzakpress.net\/arhiva\/kalac-nusret-protiv-sandzaka\/#breadcrumb\"},\"inLanguage\":\"bs-BA\",\"potentialAction\":[{\"@type\":\"ReadAction\",\"target\":[\"https:\/\/sandzakpress.net\/arhiva\/kalac-nusret-protiv-sandzaka\/\"]}]},{\"@type\":\"ImageObject\",\"inLanguage\":\"bs-BA\",\"@id\":\"https:\/\/sandzakpress.net\/arhiva\/kalac-nusret-protiv-sandzaka\/#primaryimage\",\"url\":\"https:\/\/sandzakpress.net\/arhiva\/wp-content\/uploads\/2010\/09\/predsjednik-opstine-Nusret-Kalac1.jpg\",\"contentUrl\":\"https:\/\/sandzakpress.net\/arhiva\/wp-content\/uploads\/2010\/09\/predsjednik-opstine-Nusret-Kalac1.jpg\",\"width\":235,\"height\":157},{\"@type\":\"BreadcrumbList\",\"@id\":\"https:\/\/sandzakpress.net\/arhiva\/kalac-nusret-protiv-sandzaka\/#breadcrumb\",\"itemListElement\":[{\"@type\":\"ListItem\",\"position\":1,\"name\":\"Home\",\"item\":\"https:\/\/sandzakpress.net\/arhiva\/\"},{\"@type\":\"ListItem\",\"position\":2,\"name\":\"Kala\u010d Nusret protiv Sand\u017eaka\"}]},{\"@type\":\"WebSite\",\"@id\":\"https:\/\/sandzakpress.net\/arhiva\/#website\",\"url\":\"https:\/\/sandzakpress.net\/arhiva\/\",\"name\":\"Sand\u017eak PRESS\",\"description\":\"Prve elektronske novine u Sand\u017eaku\",\"publisher\":{\"@id\":\"https:\/\/sandzakpress.net\/arhiva\/#\/schema\/person\/6e72b67d6e51910a1117b3b483ba20bd\"},\"potentialAction\":[{\"@type\":\"SearchAction\",\"target\":{\"@type\":\"EntryPoint\",\"urlTemplate\":\"https:\/\/sandzakpress.net\/arhiva\/?s={search_term_string}\"},\"query-input\":{\"@type\":\"PropertyValueSpecification\",\"valueRequired\":true,\"valueName\":\"search_term_string\"}}],\"inLanguage\":\"bs-BA\"},{\"@type\":[\"Person\",\"Organization\"],\"@id\":\"https:\/\/sandzakpress.net\/arhiva\/#\/schema\/person\/6e72b67d6e51910a1117b3b483ba20bd\",\"name\":\"Kul\",\"image\":{\"@type\":\"ImageObject\",\"inLanguage\":\"bs-BA\",\"@id\":\"https:\/\/sandzakpress.net\/arhiva\/#\/schema\/person\/image\/\",\"url\":\"https:\/\/secure.gravatar.com\/avatar\/42263f39aa27ac04c43cab85c280eb2e?s=96&d=mm&r=pg\",\"contentUrl\":\"https:\/\/secure.gravatar.com\/avatar\/42263f39aa27ac04c43cab85c280eb2e?s=96&d=mm&r=pg\",\"caption\":\"Kul\"},\"logo\":{\"@id\":\"https:\/\/sandzakpress.net\/arhiva\/#\/schema\/person\/image\/\"}},{\"@type\":\"Person\",\"@id\":\"https:\/\/sandzakpress.net\/arhiva\/#\/schema\/person\/c8baee722073534b583ea7bdb2e36c02\",\"name\":\"bosniak\",\"image\":{\"@type\":\"ImageObject\",\"inLanguage\":\"bs-BA\",\"@id\":\"https:\/\/sandzakpress.net\/arhiva\/#\/schema\/person\/image\/\",\"url\":\"https:\/\/secure.gravatar.com\/avatar\/a04fd330bfe3a36a72a0ad4a6d89fca7?s=96&d=mm&r=pg\",\"contentUrl\":\"https:\/\/secure.gravatar.com\/avatar\/a04fd330bfe3a36a72a0ad4a6d89fca7?s=96&d=mm&r=pg\",\"caption\":\"bosniak\"},\"url\":\"https:\/\/sandzakpress.net\/arhiva\/author\/bosniak\/\"}]}<\/script>\n<!-- \/ Yoast SEO Premium plugin. -->","yoast_head_json":{"title":"Kala\u010d Nusret protiv Sand\u017eaka","robots":{"index":"index","follow":"follow","max-snippet":"max-snippet:-1","max-image-preview":"max-image-preview:large","max-video-preview":"max-video-preview:-1"},"canonical":"https:\/\/sandzakpress.net\/arhiva\/kalac-nusret-protiv-sandzaka\/","og_locale":"bs_BA","og_type":"article","og_title":"Kala\u010d Nusret protiv Sand\u017eaka","og_description":"Ro\u017eaje &#8211; Gradona\u010delnik Ro\u017eaja Nusret Kala\u010d ocijenio je ju\u010der da je pri\u010da o autonomiji Sand\u017eaka, poku\u0161aj povratka na politi\u010dku scenu davno pora\u017eenih snaga u politici koju &#8220;forsiraju samo ljudi koji \u017eive u Sand\u017eaku nego i neki spolja&#8221;. To je nerealan projekat jer Sand\u017eak je teritorija koja fizi\u010dki ne mo\u017ee postati vi\u0161e od onoga \u0161to trenutno [&hellip;]","og_url":"https:\/\/sandzakpress.net\/arhiva\/kalac-nusret-protiv-sandzaka\/","og_site_name":"Sand\u017eak PRESS","article_published_time":"2010-09-23T14:59:45+00:00","og_image":[{"width":235,"height":157,"url":"https:\/\/sandzakpress.net\/arhiva\/wp-content\/uploads\/2010\/09\/predsjednik-opstine-Nusret-Kalac1.jpg","type":"image\/jpeg"}],"author":"bosniak","twitter_card":"summary_large_image","twitter_misc":{"Written by":"bosniak","Est. reading time":"2 minute"},"schema":{"@context":"https:\/\/schema.org","@graph":[{"@type":"Article","@id":"https:\/\/sandzakpress.net\/arhiva\/kalac-nusret-protiv-sandzaka\/#article","isPartOf":{"@id":"https:\/\/sandzakpress.net\/arhiva\/kalac-nusret-protiv-sandzaka\/"},"author":{"name":"bosniak","@id":"https:\/\/sandzakpress.net\/arhiva\/#\/schema\/person\/c8baee722073534b583ea7bdb2e36c02"},"headline":"Kala\u010d Nusret protiv Sand\u017eaka","datePublished":"2010-09-23T14:59:45+00:00","mainEntityOfPage":{"@id":"https:\/\/sandzakpress.net\/arhiva\/kalac-nusret-protiv-sandzaka\/"},"wordCount":392,"commentCount":7,"publisher":{"@id":"https:\/\/sandzakpress.net\/arhiva\/#\/schema\/person\/6e72b67d6e51910a1117b3b483ba20bd"},"image":{"@id":"https:\/\/sandzakpress.net\/arhiva\/kalac-nusret-protiv-sandzaka\/#primaryimage"},"thumbnailUrl":"https:\/\/sandzakpress.net\/arhiva\/wp-content\/uploads\/2010\/09\/predsjednik-opstine-Nusret-Kalac1.jpg","articleSection":["Ro\u017eaje","Politika"],"inLanguage":"bs-BA","potentialAction":[{"@type":"CommentAction","name":"Comment","target":["https:\/\/sandzakpress.net\/arhiva\/kalac-nusret-protiv-sandzaka\/#respond"]}]},{"@type":"WebPage","@id":"https:\/\/sandzakpress.net\/arhiva\/kalac-nusret-protiv-sandzaka\/","url":"https:\/\/sandzakpress.net\/arhiva\/kalac-nusret-protiv-sandzaka\/","name":"Kala\u010d Nusret protiv Sand\u017eaka","isPartOf":{"@id":"https:\/\/sandzakpress.net\/arhiva\/#website"},"primaryImageOfPage":{"@id":"https:\/\/sandzakpress.net\/arhiva\/kalac-nusret-protiv-sandzaka\/#primaryimage"},"image":{"@id":"https:\/\/sandzakpress.net\/arhiva\/kalac-nusret-protiv-sandzaka\/#primaryimage"},"thumbnailUrl":"https:\/\/sandzakpress.net\/arhiva\/wp-content\/uploads\/2010\/09\/predsjednik-opstine-Nusret-Kalac1.jpg","datePublished":"2010-09-23T14:59:45+00:00","breadcrumb":{"@id":"https:\/\/sandzakpress.net\/arhiva\/kalac-nusret-protiv-sandzaka\/#breadcrumb"},"inLanguage":"bs-BA","potentialAction":[{"@type":"ReadAction","target":["https:\/\/sandzakpress.net\/arhiva\/kalac-nusret-protiv-sandzaka\/"]}]},{"@type":"ImageObject","inLanguage":"bs-BA","@id":"https:\/\/sandzakpress.net\/arhiva\/kalac-nusret-protiv-sandzaka\/#primaryimage","url":"https:\/\/sandzakpress.net\/arhiva\/wp-content\/uploads\/2010\/09\/predsjednik-opstine-Nusret-Kalac1.jpg","contentUrl":"https:\/\/sandzakpress.net\/arhiva\/wp-content\/uploads\/2010\/09\/predsjednik-opstine-Nusret-Kalac1.jpg","width":235,"height":157},{"@type":"BreadcrumbList","@id":"https:\/\/sandzakpress.net\/arhiva\/kalac-nusret-protiv-sandzaka\/#breadcrumb","itemListElement":[{"@type":"ListItem","position":1,"name":"Home","item":"https:\/\/sandzakpress.net\/arhiva\/"},{"@type":"ListItem","position":2,"name":"Kala\u010d Nusret protiv Sand\u017eaka"}]},{"@type":"WebSite","@id":"https:\/\/sandzakpress.net\/arhiva\/#website","url":"https:\/\/sandzakpress.net\/arhiva\/","name":"Sand\u017eak PRESS","description":"Prve elektronske novine u Sand\u017eaku","publisher":{"@id":"https:\/\/sandzakpress.net\/arhiva\/#\/schema\/person\/6e72b67d6e51910a1117b3b483ba20bd"},"potentialAction":[{"@type":"SearchAction","target":{"@type":"EntryPoint","urlTemplate":"https:\/\/sandzakpress.net\/arhiva\/?s={search_term_string}"},"query-input":{"@type":"PropertyValueSpecification","valueRequired":true,"valueName":"search_term_string"}}],"inLanguage":"bs-BA"},{"@type":["Person","Organization"],"@id":"https:\/\/sandzakpress.net\/arhiva\/#\/schema\/person\/6e72b67d6e51910a1117b3b483ba20bd","name":"Kul","image":{"@type":"ImageObject","inLanguage":"bs-BA","@id":"https:\/\/sandzakpress.net\/arhiva\/#\/schema\/person\/image\/","url":"https:\/\/secure.gravatar.com\/avatar\/42263f39aa27ac04c43cab85c280eb2e?s=96&d=mm&r=pg","contentUrl":"https:\/\/secure.gravatar.com\/avatar\/42263f39aa27ac04c43cab85c280eb2e?s=96&d=mm&r=pg","caption":"Kul"},"logo":{"@id":"https:\/\/sandzakpress.net\/arhiva\/#\/schema\/person\/image\/"}},{"@type":"Person","@id":"https:\/\/sandzakpress.net\/arhiva\/#\/schema\/person\/c8baee722073534b583ea7bdb2e36c02","name":"bosniak","image":{"@type":"ImageObject","inLanguage":"bs-BA","@id":"https:\/\/sandzakpress.net\/arhiva\/#\/schema\/person\/image\/","url":"https:\/\/secure.gravatar.com\/avatar\/a04fd330bfe3a36a72a0ad4a6d89fca7?s=96&d=mm&r=pg","contentUrl":"https:\/\/secure.gravatar.com\/avatar\/a04fd330bfe3a36a72a0ad4a6d89fca7?s=96&d=mm&r=pg","caption":"bosniak"},"url":"https:\/\/sandzakpress.net\/arhiva\/author\/bosniak\/"}]}},"_links":{"self":[{"href":"https:\/\/sandzakpress.net\/arhiva\/wp-json\/wp\/v2\/posts\/8498"}],"collection":[{"href":"https:\/\/sandzakpress.net\/arhiva\/wp-json\/wp\/v2\/posts"}],"about":[{"href":"https:\/\/sandzakpress.net\/arhiva\/wp-json\/wp\/v2\/types\/post"}],"author":[{"embeddable":true,"href":"https:\/\/sandzakpress.net\/arhiva\/wp-json\/wp\/v2\/users\/83"}],"replies":[{"embeddable":true,"href":"https:\/\/sandzakpress.net\/arhiva\/wp-json\/wp\/v2\/comments?post=8498"}],"version-history":[{"count":0,"href":"https:\/\/sandzakpress.net\/arhiva\/wp-json\/wp\/v2\/posts\/8498\/revisions"}],"wp:featuredmedia":[{"embeddable":true,"href":"https:\/\/sandzakpress.net\/arhiva\/wp-json\/wp\/v2\/media\/8499"}],"wp:attachment":[{"href":"https:\/\/sandzakpress.net\/arhiva\/wp-json\/wp\/v2\/media?parent=8498"}],"wp:term":[{"taxonomy":"category","embeddable":true,"href":"https:\/\/sandzakpress.net\/arhiva\/wp-json\/wp\/v2\/categories?post=8498"},{"taxonomy":"post_tag","embeddable":true,"href":"https:\/\/sandzakpress.net\/arhiva\/wp-json\/wp\/v2\/tags?post=8498"}],"curies":[{"name":"wp","href":"https:\/\/api.w.org\/{rel}","templated":true}]}}