{"id":84883,"date":"2013-08-13T21:11:03","date_gmt":"2013-08-13T19:11:03","guid":{"rendered":"https:\/\/sandzakpress.net\/arhiva\/?p=84883"},"modified":"2013-08-13T21:11:03","modified_gmt":"2013-08-13T19:11:03","slug":"muslimani-u-francuskoj-od-predsjednika-traze-da-ih-zastiti-od-islamofobije","status":"publish","type":"post","link":"https:\/\/sandzakpress.net\/arhiva\/muslimani-u-francuskoj-od-predsjednika-traze-da-ih-zastiti-od-islamofobije\/","title":{"rendered":"Muslimani u Francuskoj od predsjednika tra\u017ee da ih za\u0161titi od islamofobije"},"content":{"rendered":"<h3><a href=\"https:\/\/sandzakpress.net\/arhiva\/wp-content\/uploads\/2013\/08\/francuska-muslimani-prijetnja-nacionalnom-identitetu.jpg\"><img loading=\"lazy\" decoding=\"async\" class=\"alignleft size-medium wp-image-84884\" alt=\"francuska-muslimani-prijetnja-nacionalnom-identitetu\" src=\"https:\/\/sandzakpress.net\/arhiva\/wp-content\/uploads\/2013\/08\/francuska-muslimani-prijetnja-nacionalnom-identitetu-300x199.jpg\" width=\"300\" height=\"199\" \/><\/a>Francuska &#8211; Francuski muslimanski vo\u0111a je osudio &#8220;klimu islamofobije&#8221; u Francuskoj nakon \u0161to je vojnik uhap\u0161en zbog planiranja teroristi\u010dkog napada na d\u017eamiju.<\/h3>\n<p>Navode\u0107i da su rasisti\u010dki napadi porasli za 60 posto u posljednje vrijeme, on je optu\u017eio Vladu Francuske za neaktivnost. Imam d\u017eamije u predgra\u0111u Lyona Kamel Kabtane obratio se skupu od vi\u0161e od 100 vjernika koji su se okupili ispred d\u017eamije El Forkane. On je istakao da je hap\u0161enje 23-godi\u0161njeg vojnika, koji je odveden u pritvor pod sumnjom da je planirao teroristi\u010dki napad na d\u017eamiju, dokaz francuskog neprijateljstva prema muslimanima, prenosi Russia Today.<\/p>\n<p>Vojnik je uhap\u0161en pro\u0161le srijede zbog posjedovanja oru\u017eja kojim je planirao napasti d\u017eamiju. Kabtane tvrdi da je njegovo prisustvo u vojsci dokaz da su francuske institucije zara\u017eene ekstremnom desnicom. &#8220;Muslimani su u strahu i ne smiju pustiti svoje pokrivene \u017eene van iz ku\u0107a&#8221;, kazao je Kabtane. On je pozvao predsjednika Francoisa Hollandea da poduzme ozbiljne mjere protiv islamofobije.<\/p>\n<p>Iz francuske desni\u010darske stranke, Narodne fronte, istakli su kako imamove rije\u010di nemaju smisla te kako su Francuzi gostoljubiv i otvoren narod. U Francuskoj ina\u010de \u017eivi vi\u0161e od pet miliona muslimana, a istra\u017eivanja su pokazala da su napadi na d\u017eamije i muslimane u zna\u010dajnom porastu u posljednje dvije godine.<\/p>\n<p>Francuska je usvojila zakon 2011. godine kojim je zabranjeno no\u0161enje vela preko lica u javnosti, nikaba i burke ako pokriva lice, \u0161to je izazvalo ogor\u010denje me\u0111u muslimanima u toj zemlji.<\/p>\n<p>(klix.ba)<\/p>\n","protected":false},"excerpt":{"rendered":"<p>Francuska &#8211; Francuski muslimanski vo\u0111a je osudio &#8220;klimu islamofobije&#8221; u Francuskoj nakon \u0161to je vojnik uhap\u0161en zbog planiranja teroristi\u010dkog napada na d\u017eamiju. Navode\u0107i da su rasisti\u010dki napadi porasli za 60 posto u posljednje vrijeme, on je optu\u017eio Vladu Francuske za neaktivnost. Imam d\u017eamije u predgra\u0111u Lyona Kamel Kabtane obratio se skupu od vi\u0161e od 100 [&hellip;]<\/p>\n","protected":false},"author":83,"featured_media":84886,"comment_status":"open","ping_status":"open","sticky":false,"template":"","format":"standard","meta":{"footnotes":""},"categories":[9550,9],"tags":[],"class_list":{"0":"post-84883","1":"post","2":"type-post","3":"status-publish","4":"format-standard","5":"has-post-thumbnail","7":"category-francuska-dijaspora-gradovi-vase-vijesti","8":"category-svijet"},"yoast_head":"<!-- This site is optimized with the Yoast SEO Premium plugin v23.1 (Yoast SEO v24.9) - https:\/\/yoast.com\/wordpress\/plugins\/seo\/ -->\n<title>Muslimani u Francuskoj od predsjednika tra\u017ee da ih za\u0161titi od islamofobije<\/title>\n<meta name=\"robots\" content=\"index, follow, max-snippet:-1, max-image-preview:large, max-video-preview:-1\" \/>\n<link rel=\"canonical\" href=\"https:\/\/sandzakpress.net\/arhiva\/muslimani-u-francuskoj-od-predsjednika-traze-da-ih-zastiti-od-islamofobije\/\" \/>\n<meta property=\"og:locale\" content=\"bs_BA\" \/>\n<meta property=\"og:type\" content=\"article\" \/>\n<meta property=\"og:title\" content=\"Muslimani u Francuskoj od predsjednika tra\u017ee da ih za\u0161titi od islamofobije\" \/>\n<meta property=\"og:description\" content=\"Francuska &#8211; Francuski muslimanski vo\u0111a je osudio &#8220;klimu islamofobije&#8221; u Francuskoj nakon \u0161to je vojnik uhap\u0161en zbog planiranja teroristi\u010dkog napada na d\u017eamiju. Navode\u0107i da su rasisti\u010dki napadi porasli za 60 posto u posljednje vrijeme, on je optu\u017eio Vladu Francuske za neaktivnost. Imam d\u017eamije u predgra\u0111u Lyona Kamel Kabtane obratio se skupu od vi\u0161e od 100 [&hellip;]\" \/>\n<meta property=\"og:url\" content=\"https:\/\/sandzakpress.net\/arhiva\/muslimani-u-francuskoj-od-predsjednika-traze-da-ih-zastiti-od-islamofobije\/\" \/>\n<meta property=\"og:site_name\" content=\"Sand\u017eak PRESS\" \/>\n<meta property=\"article:published_time\" content=\"2013-08-13T19:11:03+00:00\" \/>\n<meta property=\"og:image\" content=\"https:\/\/sandzakpress.net\/arhiva\/wp-content\/uploads\/2013\/08\/francuska-muslimani-prijetnja-nacionalnom-identitetu-300x1991.jpg\" \/>\n\t<meta property=\"og:image:width\" content=\"300\" \/>\n\t<meta property=\"og:image:height\" content=\"199\" \/>\n\t<meta property=\"og:image:type\" content=\"image\/jpeg\" \/>\n<meta name=\"author\" content=\"bosniak\" \/>\n<meta name=\"twitter:card\" content=\"summary_large_image\" \/>\n<meta name=\"twitter:label1\" content=\"Written by\" \/>\n\t<meta name=\"twitter:data1\" content=\"bosniak\" \/>\n\t<meta name=\"twitter:label2\" content=\"Est. reading time\" \/>\n\t<meta name=\"twitter:data2\" content=\"1 minuta\" \/>\n<script type=\"application\/ld+json\" class=\"yoast-schema-graph\">{\"@context\":\"https:\/\/schema.org\",\"@graph\":[{\"@type\":\"Article\",\"@id\":\"https:\/\/sandzakpress.net\/arhiva\/muslimani-u-francuskoj-od-predsjednika-traze-da-ih-zastiti-od-islamofobije\/#article\",\"isPartOf\":{\"@id\":\"https:\/\/sandzakpress.net\/arhiva\/muslimani-u-francuskoj-od-predsjednika-traze-da-ih-zastiti-od-islamofobije\/\"},\"author\":{\"name\":\"bosniak\",\"@id\":\"https:\/\/sandzakpress.net\/arhiva\/#\/schema\/person\/c8baee722073534b583ea7bdb2e36c02\"},\"headline\":\"Muslimani u Francuskoj od predsjednika tra\u017ee da ih za\u0161titi od islamofobije\",\"datePublished\":\"2013-08-13T19:11:03+00:00\",\"mainEntityOfPage\":{\"@id\":\"https:\/\/sandzakpress.net\/arhiva\/muslimani-u-francuskoj-od-predsjednika-traze-da-ih-zastiti-od-islamofobije\/\"},\"wordCount\":273,\"commentCount\":0,\"publisher\":{\"@id\":\"https:\/\/sandzakpress.net\/arhiva\/#\/schema\/person\/6e72b67d6e51910a1117b3b483ba20bd\"},\"image\":{\"@id\":\"https:\/\/sandzakpress.net\/arhiva\/muslimani-u-francuskoj-od-predsjednika-traze-da-ih-zastiti-od-islamofobije\/#primaryimage\"},\"thumbnailUrl\":\"https:\/\/sandzakpress.net\/arhiva\/wp-content\/uploads\/2013\/08\/francuska-muslimani-prijetnja-nacionalnom-identitetu-300x1991.jpg\",\"articleSection\":[\"Francuska\",\"Svijet\"],\"inLanguage\":\"bs-BA\",\"potentialAction\":[{\"@type\":\"CommentAction\",\"name\":\"Comment\",\"target\":[\"https:\/\/sandzakpress.net\/arhiva\/muslimani-u-francuskoj-od-predsjednika-traze-da-ih-zastiti-od-islamofobije\/#respond\"]}]},{\"@type\":\"WebPage\",\"@id\":\"https:\/\/sandzakpress.net\/arhiva\/muslimani-u-francuskoj-od-predsjednika-traze-da-ih-zastiti-od-islamofobije\/\",\"url\":\"https:\/\/sandzakpress.net\/arhiva\/muslimani-u-francuskoj-od-predsjednika-traze-da-ih-zastiti-od-islamofobije\/\",\"name\":\"Muslimani u Francuskoj od predsjednika tra\u017ee da ih za\u0161titi od islamofobije\",\"isPartOf\":{\"@id\":\"https:\/\/sandzakpress.net\/arhiva\/#website\"},\"primaryImageOfPage\":{\"@id\":\"https:\/\/sandzakpress.net\/arhiva\/muslimani-u-francuskoj-od-predsjednika-traze-da-ih-zastiti-od-islamofobije\/#primaryimage\"},\"image\":{\"@id\":\"https:\/\/sandzakpress.net\/arhiva\/muslimani-u-francuskoj-od-predsjednika-traze-da-ih-zastiti-od-islamofobije\/#primaryimage\"},\"thumbnailUrl\":\"https:\/\/sandzakpress.net\/arhiva\/wp-content\/uploads\/2013\/08\/francuska-muslimani-prijetnja-nacionalnom-identitetu-300x1991.jpg\",\"datePublished\":\"2013-08-13T19:11:03+00:00\",\"breadcrumb\":{\"@id\":\"https:\/\/sandzakpress.net\/arhiva\/muslimani-u-francuskoj-od-predsjednika-traze-da-ih-zastiti-od-islamofobije\/#breadcrumb\"},\"inLanguage\":\"bs-BA\",\"potentialAction\":[{\"@type\":\"ReadAction\",\"target\":[\"https:\/\/sandzakpress.net\/arhiva\/muslimani-u-francuskoj-od-predsjednika-traze-da-ih-zastiti-od-islamofobije\/\"]}]},{\"@type\":\"ImageObject\",\"inLanguage\":\"bs-BA\",\"@id\":\"https:\/\/sandzakpress.net\/arhiva\/muslimani-u-francuskoj-od-predsjednika-traze-da-ih-zastiti-od-islamofobije\/#primaryimage\",\"url\":\"https:\/\/sandzakpress.net\/arhiva\/wp-content\/uploads\/2013\/08\/francuska-muslimani-prijetnja-nacionalnom-identitetu-300x1991.jpg\",\"contentUrl\":\"https:\/\/sandzakpress.net\/arhiva\/wp-content\/uploads\/2013\/08\/francuska-muslimani-prijetnja-nacionalnom-identitetu-300x1991.jpg\",\"width\":300,\"height\":199},{\"@type\":\"BreadcrumbList\",\"@id\":\"https:\/\/sandzakpress.net\/arhiva\/muslimani-u-francuskoj-od-predsjednika-traze-da-ih-zastiti-od-islamofobije\/#breadcrumb\",\"itemListElement\":[{\"@type\":\"ListItem\",\"position\":1,\"name\":\"Home\",\"item\":\"https:\/\/sandzakpress.net\/arhiva\/\"},{\"@type\":\"ListItem\",\"position\":2,\"name\":\"Muslimani u Francuskoj od predsjednika tra\u017ee da ih za\u0161titi od islamofobije\"}]},{\"@type\":\"WebSite\",\"@id\":\"https:\/\/sandzakpress.net\/arhiva\/#website\",\"url\":\"https:\/\/sandzakpress.net\/arhiva\/\",\"name\":\"Sand\u017eak PRESS\",\"description\":\"Prve elektronske novine u Sand\u017eaku\",\"publisher\":{\"@id\":\"https:\/\/sandzakpress.net\/arhiva\/#\/schema\/person\/6e72b67d6e51910a1117b3b483ba20bd\"},\"potentialAction\":[{\"@type\":\"SearchAction\",\"target\":{\"@type\":\"EntryPoint\",\"urlTemplate\":\"https:\/\/sandzakpress.net\/arhiva\/?s={search_term_string}\"},\"query-input\":{\"@type\":\"PropertyValueSpecification\",\"valueRequired\":true,\"valueName\":\"search_term_string\"}}],\"inLanguage\":\"bs-BA\"},{\"@type\":[\"Person\",\"Organization\"],\"@id\":\"https:\/\/sandzakpress.net\/arhiva\/#\/schema\/person\/6e72b67d6e51910a1117b3b483ba20bd\",\"name\":\"Kul\",\"image\":{\"@type\":\"ImageObject\",\"inLanguage\":\"bs-BA\",\"@id\":\"https:\/\/sandzakpress.net\/arhiva\/#\/schema\/person\/image\/\",\"url\":\"https:\/\/secure.gravatar.com\/avatar\/42263f39aa27ac04c43cab85c280eb2e?s=96&d=mm&r=pg\",\"contentUrl\":\"https:\/\/secure.gravatar.com\/avatar\/42263f39aa27ac04c43cab85c280eb2e?s=96&d=mm&r=pg\",\"caption\":\"Kul\"},\"logo\":{\"@id\":\"https:\/\/sandzakpress.net\/arhiva\/#\/schema\/person\/image\/\"}},{\"@type\":\"Person\",\"@id\":\"https:\/\/sandzakpress.net\/arhiva\/#\/schema\/person\/c8baee722073534b583ea7bdb2e36c02\",\"name\":\"bosniak\",\"image\":{\"@type\":\"ImageObject\",\"inLanguage\":\"bs-BA\",\"@id\":\"https:\/\/sandzakpress.net\/arhiva\/#\/schema\/person\/image\/\",\"url\":\"https:\/\/secure.gravatar.com\/avatar\/a04fd330bfe3a36a72a0ad4a6d89fca7?s=96&d=mm&r=pg\",\"contentUrl\":\"https:\/\/secure.gravatar.com\/avatar\/a04fd330bfe3a36a72a0ad4a6d89fca7?s=96&d=mm&r=pg\",\"caption\":\"bosniak\"},\"url\":\"https:\/\/sandzakpress.net\/arhiva\/author\/bosniak\/\"}]}<\/script>\n<!-- \/ Yoast SEO Premium plugin. -->","yoast_head_json":{"title":"Muslimani u Francuskoj od predsjednika tra\u017ee da ih za\u0161titi od islamofobije","robots":{"index":"index","follow":"follow","max-snippet":"max-snippet:-1","max-image-preview":"max-image-preview:large","max-video-preview":"max-video-preview:-1"},"canonical":"https:\/\/sandzakpress.net\/arhiva\/muslimani-u-francuskoj-od-predsjednika-traze-da-ih-zastiti-od-islamofobije\/","og_locale":"bs_BA","og_type":"article","og_title":"Muslimani u Francuskoj od predsjednika tra\u017ee da ih za\u0161titi od islamofobije","og_description":"Francuska &#8211; Francuski muslimanski vo\u0111a je osudio &#8220;klimu islamofobije&#8221; u Francuskoj nakon \u0161to je vojnik uhap\u0161en zbog planiranja teroristi\u010dkog napada na d\u017eamiju. Navode\u0107i da su rasisti\u010dki napadi porasli za 60 posto u posljednje vrijeme, on je optu\u017eio Vladu Francuske za neaktivnost. Imam d\u017eamije u predgra\u0111u Lyona Kamel Kabtane obratio se skupu od vi\u0161e od 100 [&hellip;]","og_url":"https:\/\/sandzakpress.net\/arhiva\/muslimani-u-francuskoj-od-predsjednika-traze-da-ih-zastiti-od-islamofobije\/","og_site_name":"Sand\u017eak PRESS","article_published_time":"2013-08-13T19:11:03+00:00","og_image":[{"width":300,"height":199,"url":"https:\/\/sandzakpress.net\/arhiva\/wp-content\/uploads\/2013\/08\/francuska-muslimani-prijetnja-nacionalnom-identitetu-300x1991.jpg","type":"image\/jpeg"}],"author":"bosniak","twitter_card":"summary_large_image","twitter_misc":{"Written by":"bosniak","Est. reading time":"1 minuta"},"schema":{"@context":"https:\/\/schema.org","@graph":[{"@type":"Article","@id":"https:\/\/sandzakpress.net\/arhiva\/muslimani-u-francuskoj-od-predsjednika-traze-da-ih-zastiti-od-islamofobije\/#article","isPartOf":{"@id":"https:\/\/sandzakpress.net\/arhiva\/muslimani-u-francuskoj-od-predsjednika-traze-da-ih-zastiti-od-islamofobije\/"},"author":{"name":"bosniak","@id":"https:\/\/sandzakpress.net\/arhiva\/#\/schema\/person\/c8baee722073534b583ea7bdb2e36c02"},"headline":"Muslimani u Francuskoj od predsjednika tra\u017ee da ih za\u0161titi od islamofobije","datePublished":"2013-08-13T19:11:03+00:00","mainEntityOfPage":{"@id":"https:\/\/sandzakpress.net\/arhiva\/muslimani-u-francuskoj-od-predsjednika-traze-da-ih-zastiti-od-islamofobije\/"},"wordCount":273,"commentCount":0,"publisher":{"@id":"https:\/\/sandzakpress.net\/arhiva\/#\/schema\/person\/6e72b67d6e51910a1117b3b483ba20bd"},"image":{"@id":"https:\/\/sandzakpress.net\/arhiva\/muslimani-u-francuskoj-od-predsjednika-traze-da-ih-zastiti-od-islamofobije\/#primaryimage"},"thumbnailUrl":"https:\/\/sandzakpress.net\/arhiva\/wp-content\/uploads\/2013\/08\/francuska-muslimani-prijetnja-nacionalnom-identitetu-300x1991.jpg","articleSection":["Francuska","Svijet"],"inLanguage":"bs-BA","potentialAction":[{"@type":"CommentAction","name":"Comment","target":["https:\/\/sandzakpress.net\/arhiva\/muslimani-u-francuskoj-od-predsjednika-traze-da-ih-zastiti-od-islamofobije\/#respond"]}]},{"@type":"WebPage","@id":"https:\/\/sandzakpress.net\/arhiva\/muslimani-u-francuskoj-od-predsjednika-traze-da-ih-zastiti-od-islamofobije\/","url":"https:\/\/sandzakpress.net\/arhiva\/muslimani-u-francuskoj-od-predsjednika-traze-da-ih-zastiti-od-islamofobije\/","name":"Muslimani u Francuskoj od predsjednika tra\u017ee da ih za\u0161titi od islamofobije","isPartOf":{"@id":"https:\/\/sandzakpress.net\/arhiva\/#website"},"primaryImageOfPage":{"@id":"https:\/\/sandzakpress.net\/arhiva\/muslimani-u-francuskoj-od-predsjednika-traze-da-ih-zastiti-od-islamofobije\/#primaryimage"},"image":{"@id":"https:\/\/sandzakpress.net\/arhiva\/muslimani-u-francuskoj-od-predsjednika-traze-da-ih-zastiti-od-islamofobije\/#primaryimage"},"thumbnailUrl":"https:\/\/sandzakpress.net\/arhiva\/wp-content\/uploads\/2013\/08\/francuska-muslimani-prijetnja-nacionalnom-identitetu-300x1991.jpg","datePublished":"2013-08-13T19:11:03+00:00","breadcrumb":{"@id":"https:\/\/sandzakpress.net\/arhiva\/muslimani-u-francuskoj-od-predsjednika-traze-da-ih-zastiti-od-islamofobije\/#breadcrumb"},"inLanguage":"bs-BA","potentialAction":[{"@type":"ReadAction","target":["https:\/\/sandzakpress.net\/arhiva\/muslimani-u-francuskoj-od-predsjednika-traze-da-ih-zastiti-od-islamofobije\/"]}]},{"@type":"ImageObject","inLanguage":"bs-BA","@id":"https:\/\/sandzakpress.net\/arhiva\/muslimani-u-francuskoj-od-predsjednika-traze-da-ih-zastiti-od-islamofobije\/#primaryimage","url":"https:\/\/sandzakpress.net\/arhiva\/wp-content\/uploads\/2013\/08\/francuska-muslimani-prijetnja-nacionalnom-identitetu-300x1991.jpg","contentUrl":"https:\/\/sandzakpress.net\/arhiva\/wp-content\/uploads\/2013\/08\/francuska-muslimani-prijetnja-nacionalnom-identitetu-300x1991.jpg","width":300,"height":199},{"@type":"BreadcrumbList","@id":"https:\/\/sandzakpress.net\/arhiva\/muslimani-u-francuskoj-od-predsjednika-traze-da-ih-zastiti-od-islamofobije\/#breadcrumb","itemListElement":[{"@type":"ListItem","position":1,"name":"Home","item":"https:\/\/sandzakpress.net\/arhiva\/"},{"@type":"ListItem","position":2,"name":"Muslimani u Francuskoj od predsjednika tra\u017ee da ih za\u0161titi od islamofobije"}]},{"@type":"WebSite","@id":"https:\/\/sandzakpress.net\/arhiva\/#website","url":"https:\/\/sandzakpress.net\/arhiva\/","name":"Sand\u017eak PRESS","description":"Prve elektronske novine u Sand\u017eaku","publisher":{"@id":"https:\/\/sandzakpress.net\/arhiva\/#\/schema\/person\/6e72b67d6e51910a1117b3b483ba20bd"},"potentialAction":[{"@type":"SearchAction","target":{"@type":"EntryPoint","urlTemplate":"https:\/\/sandzakpress.net\/arhiva\/?s={search_term_string}"},"query-input":{"@type":"PropertyValueSpecification","valueRequired":true,"valueName":"search_term_string"}}],"inLanguage":"bs-BA"},{"@type":["Person","Organization"],"@id":"https:\/\/sandzakpress.net\/arhiva\/#\/schema\/person\/6e72b67d6e51910a1117b3b483ba20bd","name":"Kul","image":{"@type":"ImageObject","inLanguage":"bs-BA","@id":"https:\/\/sandzakpress.net\/arhiva\/#\/schema\/person\/image\/","url":"https:\/\/secure.gravatar.com\/avatar\/42263f39aa27ac04c43cab85c280eb2e?s=96&d=mm&r=pg","contentUrl":"https:\/\/secure.gravatar.com\/avatar\/42263f39aa27ac04c43cab85c280eb2e?s=96&d=mm&r=pg","caption":"Kul"},"logo":{"@id":"https:\/\/sandzakpress.net\/arhiva\/#\/schema\/person\/image\/"}},{"@type":"Person","@id":"https:\/\/sandzakpress.net\/arhiva\/#\/schema\/person\/c8baee722073534b583ea7bdb2e36c02","name":"bosniak","image":{"@type":"ImageObject","inLanguage":"bs-BA","@id":"https:\/\/sandzakpress.net\/arhiva\/#\/schema\/person\/image\/","url":"https:\/\/secure.gravatar.com\/avatar\/a04fd330bfe3a36a72a0ad4a6d89fca7?s=96&d=mm&r=pg","contentUrl":"https:\/\/secure.gravatar.com\/avatar\/a04fd330bfe3a36a72a0ad4a6d89fca7?s=96&d=mm&r=pg","caption":"bosniak"},"url":"https:\/\/sandzakpress.net\/arhiva\/author\/bosniak\/"}]}},"_links":{"self":[{"href":"https:\/\/sandzakpress.net\/arhiva\/wp-json\/wp\/v2\/posts\/84883"}],"collection":[{"href":"https:\/\/sandzakpress.net\/arhiva\/wp-json\/wp\/v2\/posts"}],"about":[{"href":"https:\/\/sandzakpress.net\/arhiva\/wp-json\/wp\/v2\/types\/post"}],"author":[{"embeddable":true,"href":"https:\/\/sandzakpress.net\/arhiva\/wp-json\/wp\/v2\/users\/83"}],"replies":[{"embeddable":true,"href":"https:\/\/sandzakpress.net\/arhiva\/wp-json\/wp\/v2\/comments?post=84883"}],"version-history":[{"count":0,"href":"https:\/\/sandzakpress.net\/arhiva\/wp-json\/wp\/v2\/posts\/84883\/revisions"}],"wp:featuredmedia":[{"embeddable":true,"href":"https:\/\/sandzakpress.net\/arhiva\/wp-json\/wp\/v2\/media\/84886"}],"wp:attachment":[{"href":"https:\/\/sandzakpress.net\/arhiva\/wp-json\/wp\/v2\/media?parent=84883"}],"wp:term":[{"taxonomy":"category","embeddable":true,"href":"https:\/\/sandzakpress.net\/arhiva\/wp-json\/wp\/v2\/categories?post=84883"},{"taxonomy":"post_tag","embeddable":true,"href":"https:\/\/sandzakpress.net\/arhiva\/wp-json\/wp\/v2\/tags?post=84883"}],"curies":[{"name":"wp","href":"https:\/\/api.w.org\/{rel}","templated":true}]}}