{"id":84832,"date":"2013-08-13T17:39:48","date_gmt":"2013-08-13T15:39:48","guid":{"rendered":"https:\/\/sandzakpress.net\/arhiva\/?p=84832"},"modified":"2013-08-13T17:39:48","modified_gmt":"2013-08-13T15:39:48","slug":"dodik-na-popisu-ce-se-bosnjaci-podijeliti-na-bosnjake-bosance-i-muslimane","status":"publish","type":"post","link":"https:\/\/sandzakpress.net\/arhiva\/dodik-na-popisu-ce-se-bosnjaci-podijeliti-na-bosnjake-bosance-i-muslimane\/","title":{"rendered":"Dodik: &#8216;Na popisu \u0107e se Bo\u0161njaci podijeliti na Bo\u0161njake, Bosance i Muslimane&#8217;"},"content":{"rendered":"<p><strong><img loading=\"lazy\" decoding=\"async\" class=\"alignleft size-medium wp-image-84833\" alt=\"20130507015207milorad_dodik_davor_jurkotic_rtl_televizija_milanovic_lazni_poziv\" src=\"https:\/\/sandzakpress.net\/arhiva\/wp-content\/uploads\/2013\/08\/20130507015207milorad_dodik_davor_jurkotic_rtl_televizija_milanovic_lazni_poziv-300x225.jpg\" width=\"300\" height=\"225\" \/>BiH &#8211; Predsjednik Republike Srpske Milorad Dodik izjavio je da se Bo\u0161njaci protive popisu jer on sigurno ne\u0107e pokazati njihovu dominaciju u BiH, odnosno da su ve\u0107ina i da im pripada dr\u017eava.<\/strong><\/p>\n<p>&#8220;Popis \u0107e o\u010digledno pokazati i raskol u bo\u0161nja\u010dkom nacionalnom tijelu, jer \u0107e jedni biti Bo\u0161njaci, drugi Bosanci, a tre\u0107i Muslimani. Pokaza\u0107e i da je Sarajevo bez Srba i da se tamo desio svojevrsni genocid, jer on ne podrazumijeva samo ubijanje, ve\u0107 i sistemsko raseljavanje stanovni\u0161tva&#8221;, naglasio je Dodik.<\/p>\n<p>Predsjednik Srpske je za &#8220;Euroblic&#8221; istakao da \u0107e popis pokazati da je Federacija BiH &#8220;praznija&#8221; od Srba, nego Republika Srpska od Bo\u0161njaka, a \u0161to Bo\u0161njaci uporno negiraju.<\/p>\n<p>Delegat u Domu naroda parlamenta BiH Krstan Simi\u0107 naglasio je da, kada popis &#8220;poka\u017ee&#8221; etni\u010dki o\u010di\u0161\u0107ena podru\u010dja, ne\u0107e postojati mogu\u0107nost tu\u017ebi izme\u0111u entiteta, jer se u tim slu\u010dajevima utvr\u0111uje pojedina\u010dna, a ne kolektivna odgovornost.<\/p>\n<p>On smatra da \u0107e popis razbiti i dogmu ko je koga vi\u0161e tjerao i protjerivao.<\/p>\n<p>(Slobodna Bosna)<\/p>\n","protected":false},"excerpt":{"rendered":"<p>BiH &#8211; Predsjednik Republike Srpske Milorad Dodik izjavio je da se Bo\u0161njaci protive popisu jer on sigurno ne\u0107e pokazati njihovu dominaciju u BiH, odnosno da su ve\u0107ina i da im pripada dr\u017eava. &#8220;Popis \u0107e o\u010digledno pokazati i raskol u bo\u0161nja\u010dkom nacionalnom tijelu, jer \u0107e jedni biti Bo\u0161njaci, drugi Bosanci, a tre\u0107i Muslimani. Pokaza\u0107e i da [&hellip;]<\/p>\n","protected":false},"author":83,"featured_media":84835,"comment_status":"open","ping_status":"open","sticky":false,"template":"","format":"standard","meta":{"footnotes":""},"categories":[2860,800,8957],"tags":[10220,10311,10312,10219],"class_list":{"0":"post-84832","1":"post","2":"type-post","3":"status-publish","4":"format-standard","5":"has-post-thumbnail","7":"category-bosna-i-hercegovina-gradovi","8":"category-nacija","9":"category-vijesti-dana","10":"tag-nepravde-bosanske-vlasti","11":"tag-milorad-dodik","12":"tag-bosnjaci","13":"tag-popis-u-bosni-i-hercegovini"},"yoast_head":"<!-- This site is optimized with the Yoast SEO Premium plugin v23.1 (Yoast SEO v24.9) - https:\/\/yoast.com\/wordpress\/plugins\/seo\/ -->\n<title>Dodik: &#039;Na popisu \u0107e se Bo\u0161njaci podijeliti na Bo\u0161njake, Bosance i Muslimane&#039;<\/title>\n<meta name=\"robots\" content=\"index, follow, max-snippet:-1, max-image-preview:large, max-video-preview:-1\" \/>\n<link rel=\"canonical\" href=\"https:\/\/sandzakpress.net\/arhiva\/dodik-na-popisu-ce-se-bosnjaci-podijeliti-na-bosnjake-bosance-i-muslimane\/\" \/>\n<meta property=\"og:locale\" content=\"bs_BA\" \/>\n<meta property=\"og:type\" content=\"article\" \/>\n<meta property=\"og:title\" content=\"Dodik: &#039;Na popisu \u0107e se Bo\u0161njaci podijeliti na Bo\u0161njake, Bosance i Muslimane&#039;\" \/>\n<meta property=\"og:description\" content=\"BiH &#8211; Predsjednik Republike Srpske Milorad Dodik izjavio je da se Bo\u0161njaci protive popisu jer on sigurno ne\u0107e pokazati njihovu dominaciju u BiH, odnosno da su ve\u0107ina i da im pripada dr\u017eava. &#8220;Popis \u0107e o\u010digledno pokazati i raskol u bo\u0161nja\u010dkom nacionalnom tijelu, jer \u0107e jedni biti Bo\u0161njaci, drugi Bosanci, a tre\u0107i Muslimani. Pokaza\u0107e i da [&hellip;]\" \/>\n<meta property=\"og:url\" content=\"https:\/\/sandzakpress.net\/arhiva\/dodik-na-popisu-ce-se-bosnjaci-podijeliti-na-bosnjake-bosance-i-muslimane\/\" \/>\n<meta property=\"og:site_name\" content=\"Sand\u017eak PRESS\" \/>\n<meta property=\"article:published_time\" content=\"2013-08-13T15:39:48+00:00\" \/>\n<meta property=\"og:image\" content=\"https:\/\/sandzakpress.net\/arhiva\/wp-content\/uploads\/2013\/08\/20130507015207milorad_dodik_davor_jurkotic_rtl_televizija_milanovic_lazni_poziv-300x2251.jpg\" \/>\n\t<meta property=\"og:image:width\" content=\"300\" \/>\n\t<meta property=\"og:image:height\" content=\"225\" \/>\n\t<meta property=\"og:image:type\" content=\"image\/jpeg\" \/>\n<meta name=\"author\" content=\"bosniak\" \/>\n<meta name=\"twitter:card\" content=\"summary_large_image\" \/>\n<meta name=\"twitter:label1\" content=\"Written by\" \/>\n\t<meta name=\"twitter:data1\" content=\"bosniak\" \/>\n\t<meta name=\"twitter:label2\" content=\"Est. reading time\" \/>\n\t<meta name=\"twitter:data2\" content=\"1 minuta\" \/>\n<script type=\"application\/ld+json\" class=\"yoast-schema-graph\">{\"@context\":\"https:\/\/schema.org\",\"@graph\":[{\"@type\":\"Article\",\"@id\":\"https:\/\/sandzakpress.net\/arhiva\/dodik-na-popisu-ce-se-bosnjaci-podijeliti-na-bosnjake-bosance-i-muslimane\/#article\",\"isPartOf\":{\"@id\":\"https:\/\/sandzakpress.net\/arhiva\/dodik-na-popisu-ce-se-bosnjaci-podijeliti-na-bosnjake-bosance-i-muslimane\/\"},\"author\":{\"name\":\"bosniak\",\"@id\":\"https:\/\/sandzakpress.net\/arhiva\/#\/schema\/person\/c8baee722073534b583ea7bdb2e36c02\"},\"headline\":\"Dodik: &#8216;Na popisu \u0107e se Bo\u0161njaci podijeliti na Bo\u0161njake, Bosance i Muslimane&#8217;\",\"datePublished\":\"2013-08-13T15:39:48+00:00\",\"mainEntityOfPage\":{\"@id\":\"https:\/\/sandzakpress.net\/arhiva\/dodik-na-popisu-ce-se-bosnjaci-podijeliti-na-bosnjake-bosance-i-muslimane\/\"},\"wordCount\":198,\"commentCount\":15,\"publisher\":{\"@id\":\"https:\/\/sandzakpress.net\/arhiva\/#\/schema\/person\/6e72b67d6e51910a1117b3b483ba20bd\"},\"image\":{\"@id\":\"https:\/\/sandzakpress.net\/arhiva\/dodik-na-popisu-ce-se-bosnjaci-podijeliti-na-bosnjake-bosance-i-muslimane\/#primaryimage\"},\"thumbnailUrl\":\"https:\/\/sandzakpress.net\/arhiva\/wp-content\/uploads\/2013\/08\/20130507015207milorad_dodik_davor_jurkotic_rtl_televizija_milanovic_lazni_poziv-300x2251.jpg\",\"keywords\":[\"nepravde bosanske vlasti\",\"Milorad Dodik\",\"Bo\u0161njaci\",\"popis u Bosni i Hercegovini\"],\"articleSection\":[\"Bosna i Hercegovina\",\"Nacija\",\"VIJESTI DANA\"],\"inLanguage\":\"bs-BA\",\"potentialAction\":[{\"@type\":\"CommentAction\",\"name\":\"Comment\",\"target\":[\"https:\/\/sandzakpress.net\/arhiva\/dodik-na-popisu-ce-se-bosnjaci-podijeliti-na-bosnjake-bosance-i-muslimane\/#respond\"]}]},{\"@type\":\"WebPage\",\"@id\":\"https:\/\/sandzakpress.net\/arhiva\/dodik-na-popisu-ce-se-bosnjaci-podijeliti-na-bosnjake-bosance-i-muslimane\/\",\"url\":\"https:\/\/sandzakpress.net\/arhiva\/dodik-na-popisu-ce-se-bosnjaci-podijeliti-na-bosnjake-bosance-i-muslimane\/\",\"name\":\"Dodik: 'Na popisu \u0107e se Bo\u0161njaci podijeliti na Bo\u0161njake, Bosance i Muslimane'\",\"isPartOf\":{\"@id\":\"https:\/\/sandzakpress.net\/arhiva\/#website\"},\"primaryImageOfPage\":{\"@id\":\"https:\/\/sandzakpress.net\/arhiva\/dodik-na-popisu-ce-se-bosnjaci-podijeliti-na-bosnjake-bosance-i-muslimane\/#primaryimage\"},\"image\":{\"@id\":\"https:\/\/sandzakpress.net\/arhiva\/dodik-na-popisu-ce-se-bosnjaci-podijeliti-na-bosnjake-bosance-i-muslimane\/#primaryimage\"},\"thumbnailUrl\":\"https:\/\/sandzakpress.net\/arhiva\/wp-content\/uploads\/2013\/08\/20130507015207milorad_dodik_davor_jurkotic_rtl_televizija_milanovic_lazni_poziv-300x2251.jpg\",\"datePublished\":\"2013-08-13T15:39:48+00:00\",\"breadcrumb\":{\"@id\":\"https:\/\/sandzakpress.net\/arhiva\/dodik-na-popisu-ce-se-bosnjaci-podijeliti-na-bosnjake-bosance-i-muslimane\/#breadcrumb\"},\"inLanguage\":\"bs-BA\",\"potentialAction\":[{\"@type\":\"ReadAction\",\"target\":[\"https:\/\/sandzakpress.net\/arhiva\/dodik-na-popisu-ce-se-bosnjaci-podijeliti-na-bosnjake-bosance-i-muslimane\/\"]}]},{\"@type\":\"ImageObject\",\"inLanguage\":\"bs-BA\",\"@id\":\"https:\/\/sandzakpress.net\/arhiva\/dodik-na-popisu-ce-se-bosnjaci-podijeliti-na-bosnjake-bosance-i-muslimane\/#primaryimage\",\"url\":\"https:\/\/sandzakpress.net\/arhiva\/wp-content\/uploads\/2013\/08\/20130507015207milorad_dodik_davor_jurkotic_rtl_televizija_milanovic_lazni_poziv-300x2251.jpg\",\"contentUrl\":\"https:\/\/sandzakpress.net\/arhiva\/wp-content\/uploads\/2013\/08\/20130507015207milorad_dodik_davor_jurkotic_rtl_televizija_milanovic_lazni_poziv-300x2251.jpg\",\"width\":300,\"height\":225},{\"@type\":\"BreadcrumbList\",\"@id\":\"https:\/\/sandzakpress.net\/arhiva\/dodik-na-popisu-ce-se-bosnjaci-podijeliti-na-bosnjake-bosance-i-muslimane\/#breadcrumb\",\"itemListElement\":[{\"@type\":\"ListItem\",\"position\":1,\"name\":\"Home\",\"item\":\"https:\/\/sandzakpress.net\/arhiva\/\"},{\"@type\":\"ListItem\",\"position\":2,\"name\":\"Dodik: &#8216;Na popisu \u0107e se Bo\u0161njaci podijeliti na Bo\u0161njake, Bosance i Muslimane&#8217;\"}]},{\"@type\":\"WebSite\",\"@id\":\"https:\/\/sandzakpress.net\/arhiva\/#website\",\"url\":\"https:\/\/sandzakpress.net\/arhiva\/\",\"name\":\"Sand\u017eak PRESS\",\"description\":\"Prve elektronske novine u Sand\u017eaku\",\"publisher\":{\"@id\":\"https:\/\/sandzakpress.net\/arhiva\/#\/schema\/person\/6e72b67d6e51910a1117b3b483ba20bd\"},\"potentialAction\":[{\"@type\":\"SearchAction\",\"target\":{\"@type\":\"EntryPoint\",\"urlTemplate\":\"https:\/\/sandzakpress.net\/arhiva\/?s={search_term_string}\"},\"query-input\":{\"@type\":\"PropertyValueSpecification\",\"valueRequired\":true,\"valueName\":\"search_term_string\"}}],\"inLanguage\":\"bs-BA\"},{\"@type\":[\"Person\",\"Organization\"],\"@id\":\"https:\/\/sandzakpress.net\/arhiva\/#\/schema\/person\/6e72b67d6e51910a1117b3b483ba20bd\",\"name\":\"Kul\",\"image\":{\"@type\":\"ImageObject\",\"inLanguage\":\"bs-BA\",\"@id\":\"https:\/\/sandzakpress.net\/arhiva\/#\/schema\/person\/image\/\",\"url\":\"https:\/\/secure.gravatar.com\/avatar\/42263f39aa27ac04c43cab85c280eb2e?s=96&d=mm&r=pg\",\"contentUrl\":\"https:\/\/secure.gravatar.com\/avatar\/42263f39aa27ac04c43cab85c280eb2e?s=96&d=mm&r=pg\",\"caption\":\"Kul\"},\"logo\":{\"@id\":\"https:\/\/sandzakpress.net\/arhiva\/#\/schema\/person\/image\/\"}},{\"@type\":\"Person\",\"@id\":\"https:\/\/sandzakpress.net\/arhiva\/#\/schema\/person\/c8baee722073534b583ea7bdb2e36c02\",\"name\":\"bosniak\",\"image\":{\"@type\":\"ImageObject\",\"inLanguage\":\"bs-BA\",\"@id\":\"https:\/\/sandzakpress.net\/arhiva\/#\/schema\/person\/image\/\",\"url\":\"https:\/\/secure.gravatar.com\/avatar\/a04fd330bfe3a36a72a0ad4a6d89fca7?s=96&d=mm&r=pg\",\"contentUrl\":\"https:\/\/secure.gravatar.com\/avatar\/a04fd330bfe3a36a72a0ad4a6d89fca7?s=96&d=mm&r=pg\",\"caption\":\"bosniak\"},\"url\":\"https:\/\/sandzakpress.net\/arhiva\/author\/bosniak\/\"}]}<\/script>\n<!-- \/ Yoast SEO Premium plugin. -->","yoast_head_json":{"title":"Dodik: 'Na popisu \u0107e se Bo\u0161njaci podijeliti na Bo\u0161njake, Bosance i Muslimane'","robots":{"index":"index","follow":"follow","max-snippet":"max-snippet:-1","max-image-preview":"max-image-preview:large","max-video-preview":"max-video-preview:-1"},"canonical":"https:\/\/sandzakpress.net\/arhiva\/dodik-na-popisu-ce-se-bosnjaci-podijeliti-na-bosnjake-bosance-i-muslimane\/","og_locale":"bs_BA","og_type":"article","og_title":"Dodik: 'Na popisu \u0107e se Bo\u0161njaci podijeliti na Bo\u0161njake, Bosance i Muslimane'","og_description":"BiH &#8211; Predsjednik Republike Srpske Milorad Dodik izjavio je da se Bo\u0161njaci protive popisu jer on sigurno ne\u0107e pokazati njihovu dominaciju u BiH, odnosno da su ve\u0107ina i da im pripada dr\u017eava. &#8220;Popis \u0107e o\u010digledno pokazati i raskol u bo\u0161nja\u010dkom nacionalnom tijelu, jer \u0107e jedni biti Bo\u0161njaci, drugi Bosanci, a tre\u0107i Muslimani. Pokaza\u0107e i da [&hellip;]","og_url":"https:\/\/sandzakpress.net\/arhiva\/dodik-na-popisu-ce-se-bosnjaci-podijeliti-na-bosnjake-bosance-i-muslimane\/","og_site_name":"Sand\u017eak PRESS","article_published_time":"2013-08-13T15:39:48+00:00","og_image":[{"width":300,"height":225,"url":"https:\/\/sandzakpress.net\/arhiva\/wp-content\/uploads\/2013\/08\/20130507015207milorad_dodik_davor_jurkotic_rtl_televizija_milanovic_lazni_poziv-300x2251.jpg","type":"image\/jpeg"}],"author":"bosniak","twitter_card":"summary_large_image","twitter_misc":{"Written by":"bosniak","Est. reading time":"1 minuta"},"schema":{"@context":"https:\/\/schema.org","@graph":[{"@type":"Article","@id":"https:\/\/sandzakpress.net\/arhiva\/dodik-na-popisu-ce-se-bosnjaci-podijeliti-na-bosnjake-bosance-i-muslimane\/#article","isPartOf":{"@id":"https:\/\/sandzakpress.net\/arhiva\/dodik-na-popisu-ce-se-bosnjaci-podijeliti-na-bosnjake-bosance-i-muslimane\/"},"author":{"name":"bosniak","@id":"https:\/\/sandzakpress.net\/arhiva\/#\/schema\/person\/c8baee722073534b583ea7bdb2e36c02"},"headline":"Dodik: &#8216;Na popisu \u0107e se Bo\u0161njaci podijeliti na Bo\u0161njake, Bosance i Muslimane&#8217;","datePublished":"2013-08-13T15:39:48+00:00","mainEntityOfPage":{"@id":"https:\/\/sandzakpress.net\/arhiva\/dodik-na-popisu-ce-se-bosnjaci-podijeliti-na-bosnjake-bosance-i-muslimane\/"},"wordCount":198,"commentCount":15,"publisher":{"@id":"https:\/\/sandzakpress.net\/arhiva\/#\/schema\/person\/6e72b67d6e51910a1117b3b483ba20bd"},"image":{"@id":"https:\/\/sandzakpress.net\/arhiva\/dodik-na-popisu-ce-se-bosnjaci-podijeliti-na-bosnjake-bosance-i-muslimane\/#primaryimage"},"thumbnailUrl":"https:\/\/sandzakpress.net\/arhiva\/wp-content\/uploads\/2013\/08\/20130507015207milorad_dodik_davor_jurkotic_rtl_televizija_milanovic_lazni_poziv-300x2251.jpg","keywords":["nepravde bosanske vlasti","Milorad Dodik","Bo\u0161njaci","popis u Bosni i Hercegovini"],"articleSection":["Bosna i Hercegovina","Nacija","VIJESTI DANA"],"inLanguage":"bs-BA","potentialAction":[{"@type":"CommentAction","name":"Comment","target":["https:\/\/sandzakpress.net\/arhiva\/dodik-na-popisu-ce-se-bosnjaci-podijeliti-na-bosnjake-bosance-i-muslimane\/#respond"]}]},{"@type":"WebPage","@id":"https:\/\/sandzakpress.net\/arhiva\/dodik-na-popisu-ce-se-bosnjaci-podijeliti-na-bosnjake-bosance-i-muslimane\/","url":"https:\/\/sandzakpress.net\/arhiva\/dodik-na-popisu-ce-se-bosnjaci-podijeliti-na-bosnjake-bosance-i-muslimane\/","name":"Dodik: 'Na popisu \u0107e se Bo\u0161njaci podijeliti na Bo\u0161njake, Bosance i Muslimane'","isPartOf":{"@id":"https:\/\/sandzakpress.net\/arhiva\/#website"},"primaryImageOfPage":{"@id":"https:\/\/sandzakpress.net\/arhiva\/dodik-na-popisu-ce-se-bosnjaci-podijeliti-na-bosnjake-bosance-i-muslimane\/#primaryimage"},"image":{"@id":"https:\/\/sandzakpress.net\/arhiva\/dodik-na-popisu-ce-se-bosnjaci-podijeliti-na-bosnjake-bosance-i-muslimane\/#primaryimage"},"thumbnailUrl":"https:\/\/sandzakpress.net\/arhiva\/wp-content\/uploads\/2013\/08\/20130507015207milorad_dodik_davor_jurkotic_rtl_televizija_milanovic_lazni_poziv-300x2251.jpg","datePublished":"2013-08-13T15:39:48+00:00","breadcrumb":{"@id":"https:\/\/sandzakpress.net\/arhiva\/dodik-na-popisu-ce-se-bosnjaci-podijeliti-na-bosnjake-bosance-i-muslimane\/#breadcrumb"},"inLanguage":"bs-BA","potentialAction":[{"@type":"ReadAction","target":["https:\/\/sandzakpress.net\/arhiva\/dodik-na-popisu-ce-se-bosnjaci-podijeliti-na-bosnjake-bosance-i-muslimane\/"]}]},{"@type":"ImageObject","inLanguage":"bs-BA","@id":"https:\/\/sandzakpress.net\/arhiva\/dodik-na-popisu-ce-se-bosnjaci-podijeliti-na-bosnjake-bosance-i-muslimane\/#primaryimage","url":"https:\/\/sandzakpress.net\/arhiva\/wp-content\/uploads\/2013\/08\/20130507015207milorad_dodik_davor_jurkotic_rtl_televizija_milanovic_lazni_poziv-300x2251.jpg","contentUrl":"https:\/\/sandzakpress.net\/arhiva\/wp-content\/uploads\/2013\/08\/20130507015207milorad_dodik_davor_jurkotic_rtl_televizija_milanovic_lazni_poziv-300x2251.jpg","width":300,"height":225},{"@type":"BreadcrumbList","@id":"https:\/\/sandzakpress.net\/arhiva\/dodik-na-popisu-ce-se-bosnjaci-podijeliti-na-bosnjake-bosance-i-muslimane\/#breadcrumb","itemListElement":[{"@type":"ListItem","position":1,"name":"Home","item":"https:\/\/sandzakpress.net\/arhiva\/"},{"@type":"ListItem","position":2,"name":"Dodik: &#8216;Na popisu \u0107e se Bo\u0161njaci podijeliti na Bo\u0161njake, Bosance i Muslimane&#8217;"}]},{"@type":"WebSite","@id":"https:\/\/sandzakpress.net\/arhiva\/#website","url":"https:\/\/sandzakpress.net\/arhiva\/","name":"Sand\u017eak PRESS","description":"Prve elektronske novine u Sand\u017eaku","publisher":{"@id":"https:\/\/sandzakpress.net\/arhiva\/#\/schema\/person\/6e72b67d6e51910a1117b3b483ba20bd"},"potentialAction":[{"@type":"SearchAction","target":{"@type":"EntryPoint","urlTemplate":"https:\/\/sandzakpress.net\/arhiva\/?s={search_term_string}"},"query-input":{"@type":"PropertyValueSpecification","valueRequired":true,"valueName":"search_term_string"}}],"inLanguage":"bs-BA"},{"@type":["Person","Organization"],"@id":"https:\/\/sandzakpress.net\/arhiva\/#\/schema\/person\/6e72b67d6e51910a1117b3b483ba20bd","name":"Kul","image":{"@type":"ImageObject","inLanguage":"bs-BA","@id":"https:\/\/sandzakpress.net\/arhiva\/#\/schema\/person\/image\/","url":"https:\/\/secure.gravatar.com\/avatar\/42263f39aa27ac04c43cab85c280eb2e?s=96&d=mm&r=pg","contentUrl":"https:\/\/secure.gravatar.com\/avatar\/42263f39aa27ac04c43cab85c280eb2e?s=96&d=mm&r=pg","caption":"Kul"},"logo":{"@id":"https:\/\/sandzakpress.net\/arhiva\/#\/schema\/person\/image\/"}},{"@type":"Person","@id":"https:\/\/sandzakpress.net\/arhiva\/#\/schema\/person\/c8baee722073534b583ea7bdb2e36c02","name":"bosniak","image":{"@type":"ImageObject","inLanguage":"bs-BA","@id":"https:\/\/sandzakpress.net\/arhiva\/#\/schema\/person\/image\/","url":"https:\/\/secure.gravatar.com\/avatar\/a04fd330bfe3a36a72a0ad4a6d89fca7?s=96&d=mm&r=pg","contentUrl":"https:\/\/secure.gravatar.com\/avatar\/a04fd330bfe3a36a72a0ad4a6d89fca7?s=96&d=mm&r=pg","caption":"bosniak"},"url":"https:\/\/sandzakpress.net\/arhiva\/author\/bosniak\/"}]}},"_links":{"self":[{"href":"https:\/\/sandzakpress.net\/arhiva\/wp-json\/wp\/v2\/posts\/84832"}],"collection":[{"href":"https:\/\/sandzakpress.net\/arhiva\/wp-json\/wp\/v2\/posts"}],"about":[{"href":"https:\/\/sandzakpress.net\/arhiva\/wp-json\/wp\/v2\/types\/post"}],"author":[{"embeddable":true,"href":"https:\/\/sandzakpress.net\/arhiva\/wp-json\/wp\/v2\/users\/83"}],"replies":[{"embeddable":true,"href":"https:\/\/sandzakpress.net\/arhiva\/wp-json\/wp\/v2\/comments?post=84832"}],"version-history":[{"count":0,"href":"https:\/\/sandzakpress.net\/arhiva\/wp-json\/wp\/v2\/posts\/84832\/revisions"}],"wp:featuredmedia":[{"embeddable":true,"href":"https:\/\/sandzakpress.net\/arhiva\/wp-json\/wp\/v2\/media\/84835"}],"wp:attachment":[{"href":"https:\/\/sandzakpress.net\/arhiva\/wp-json\/wp\/v2\/media?parent=84832"}],"wp:term":[{"taxonomy":"category","embeddable":true,"href":"https:\/\/sandzakpress.net\/arhiva\/wp-json\/wp\/v2\/categories?post=84832"},{"taxonomy":"post_tag","embeddable":true,"href":"https:\/\/sandzakpress.net\/arhiva\/wp-json\/wp\/v2\/tags?post=84832"}],"curies":[{"name":"wp","href":"https:\/\/api.w.org\/{rel}","templated":true}]}}