{"id":84584,"date":"2013-08-10T00:00:35","date_gmt":"2013-08-09T22:00:35","guid":{"rendered":"https:\/\/sandzakpress.net\/arhiva\/?p=84584"},"modified":"2013-08-10T00:00:35","modified_gmt":"2013-08-09T22:00:35","slug":"ko-je-zapalio-smailbegovica-han-i-zasto","status":"publish","type":"post","link":"https:\/\/sandzakpress.net\/arhiva\/ko-je-zapalio-smailbegovica-han-i-zasto\/","title":{"rendered":"Ko je zapalio Smailbegovi\u0107a han i za\u0161to?"},"content":{"rendered":"<p><img loading=\"lazy\" decoding=\"async\" class=\"aligncenter size-full wp-image-84585\" alt=\"1148819_10151504385090667_1391437128_n\" src=\"https:\/\/sandzakpress.net\/arhiva\/wp-content\/uploads\/2013\/08\/1148819_10151504385090667_1391437128_n.png\" width=\"616\" height=\"425\" \/><\/p>\n<p><strong>Novi Pazar &#8211; Gradona\u010delnik Novog Pazara Meho Mahmutovi\u0107 izjavio je danas da ne mo\u017ee da zamisli da se na nekada\u0161njem mestu Han-a poznate kao kafane Granata pravi drugi moderniji objekat koji bi naru\u0161io izgled prvomajske ulice koja je jedna od najstarijih ulica u Novom Pazaru. On je tako\u0111e kritikovao Zavod za Za\u0161titu spomenika iz Kraljeva koje je gradska uprava vi\u0161e puta kontaktirala i nisu pru\u017eili podr\u0161ku gradu u za\u0161titi ovih dobara.<\/strong><\/p>\n<p>\u201eKako \u0107e neko praviti ne\u0161to drugo, jer to je objekat koji je pod za\u0161titom dr\u017eave i svaka druga pri\u010da bi bila izli\u0161na jer \u0161ta mo\u017eete drugo da pravite na mjestu na kome je bio spomenik kulture osim isti takav spomenik\u201c.<\/p>\n<p>Mi smo i pro\u0161log puta kada je bila privatizacija bili protiv toga da se istorijski spomenici privatizuju ali na \u017ealost\u00a0niko se nije odazvao na\u0161im molbama. Na prvi pogled odmah se vidi da po\u010dev\u0161i od novopazarske banje, hamama, hana i granate to su spomenici za koje grad nema ingerencije ve\u0107 republi\u010dki zavod za za\u0161titu spomenika ruinirani jer oni koji su nadle\u017eni za to i \u010dije je sedi\u0161te u Kraljevu i Beogradu uop\u0161te nisu vodili ra\u010duna o ovim spomenicima niti su pru\u017eili podr\u0161ku i priliku Gradu da za\u0161titi svoje spomenike iako smo to tra\u017eili vi\u0161e puta.<\/p>\n<p>Po\u017ear je oko 22 sata najprije zahvatio krovnu konstrukciju jednog od najstarijih objekata u Novom Pazaru a vatra je ubrzo progutala ceo kulturno istorijski spomenik.<\/p>\n<p>Kako saznajemo, vatrogasci \u0107e de\u017eurati tokom no\u0107i jer, kako nam je re\u010deno, postoji opasnost da vjetar opet rasplamsa vatru.<\/p>\n<p>Gradona\u010delnik Meho Mahmutovi\u0107, rekao je za Regionalnu televiziju da su vatrogasci lo\u0161e reagovali i da ta slu\u017eba ne raspola\u017ee adekvatnom mehanizacijom.<\/p>\n<p>-U Novom Pazaru sve \u0161to se zapali mora u potpunosti da izgori jer na\u0161a Vatrogasna slu\u017eba nije dobro organizovana. Sa ovom mehanizacijom, sa kojom su do\u0161li, ne mogu ugasiti mnogo manju vatru jer ovo vi\u0161e li\u010di na igra\u010dke nego na protivpo\u017earnu opremu, rekao je Mahmutovi\u0107 i dodao da Vatrogasnoj slu\u017ebi nedostaju stru\u010dni kadrovi.<\/p>\n<p>On je rekao i da Vojska RS nije bila obavije\u0161tena o ovom po\u017earu a da su se njeni pripadnici pojavili tek kada ih je on pozvao.<\/p>\n<p>-Umjesto da odgovorni ljudi iz Vatrogasne slu\u017ebe odmah pozovu Vojsku Republike Srbije i svoje kolege iz susednih op\u0161tina, oni su ovim prskalicama sami gasili vatru. Kada sam pozvao ljude iz Vojske, oni su mi rekli da ne znaju za po\u017ear, \u0161to govori da je Vatrogasna slu\u017eba lo\u0161e reagovala, kazao je on i dodao da su u pomo\u0107 pritekla Javna komunalna preduze\u0107a i privatne firme iz Novog Pazara.<\/p>\n<p>Mahmutovi\u0107 je ovom prilikom javno pozvao Republiku Srbiju i pomo\u0107nika ministra MUP-a i na\u010delnika Sektora za vanredne situacije, koji je nadle\u017ean za rad Vatrogasnih slu\u017ebi, Predraga Mari\u0107a da osposobi ovu slu\u017ebu u Novom Pazaru.<\/p>\n<p>-Pozivam Republiku Srbiju i pomo\u0107nika ministra MUP-a Predraga Mari\u0107a da Vatrogasnoj slu\u017ebi u Novom Pazaru obezbede potrebnu mehanizaciju ali i da je kadrovski poja\u010daju. Nama su ruke vezane, mi mo\u017eemo samo da apelujemo na nadle\u017ene organe ove dr\u017eave i da od njih tra\u017eimo da ne\u0161to promene na bolje u Vatrogasnoj slu\u017ebi, kazao je Mahmutovi\u0107.<\/p>\n<p>U velikoj opasnosti su bili i objekti koji se nalaze u neposrednoj blizini Granate pa su pripadnici Vatrogasne slu\u017ebe, radnici Javnog komunalnog preduze\u0107a \u010cisto\u0107a i gra\u0111ani vatru usmeravali na unutra\u0161njost zgari\u0161ta.<\/p>\n<p>Ovaj kulturno istorijski objekat sme\u0161ten je u Staroj \u010dar\u0161iji u Novom Pazaru i bio je pod za\u0161titom dr\u017eave. Iako ga je dr\u017eava \u201e\u010duvala\u201c spomenik je bio u potpunosti zapu\u0161ten a kafana, sme\u0161tena u prizemlju, poslednjih godina nije radila. Godinama se Smailbegovi\u0107a han uru\u0161avao i predstavljao opasnost za prolaznike, obzirom da je sme\u0161ten u srcu Stare \u010dar\u0161ije.<\/p>\n<p>Smailbegovi\u0107a han, koji ima vi\u0161e vlasnika, pretrpeo je granatiranje u pro\u0161lom veku, zbog toga je ovaj objekat poznatiji pod nazivom Granata.<\/p>\n","protected":false},"excerpt":{"rendered":"<p>Novi Pazar &#8211; Gradona\u010delnik Novog Pazara Meho Mahmutovi\u0107 izjavio je danas da ne mo\u017ee da zamisli da se na nekada\u0161njem mestu Han-a poznate kao kafane Granata pravi drugi moderniji objekat koji bi naru\u0161io izgled prvomajske ulice koja je jedna od najstarijih ulica u Novom Pazaru. On je tako\u0111e kritikovao Zavod za Za\u0161titu spomenika iz Kraljeva [&hellip;]<\/p>\n","protected":false},"author":83,"featured_media":84585,"comment_status":"open","ping_status":"open","sticky":false,"template":"","format":"standard","meta":{"footnotes":""},"categories":[72,1,8957],"tags":[10248],"class_list":{"0":"post-84584","1":"post","2":"type-post","3":"status-publish","4":"format-standard","5":"has-post-thumbnail","7":"category-novi-pazar","8":"category-politika","9":"category-vijesti-dana","10":"tag-gradska-uprava-novi-pazar"},"yoast_head":"<!-- This site is optimized with the Yoast SEO Premium plugin v23.1 (Yoast SEO v24.9) - https:\/\/yoast.com\/wordpress\/plugins\/seo\/ -->\n<title>Ko je zapalio Smailbegovi\u0107a han i za\u0161to?<\/title>\n<meta name=\"robots\" content=\"index, follow, max-snippet:-1, max-image-preview:large, max-video-preview:-1\" \/>\n<link rel=\"canonical\" href=\"https:\/\/sandzakpress.net\/arhiva\/ko-je-zapalio-smailbegovica-han-i-zasto\/\" \/>\n<meta property=\"og:locale\" content=\"bs_BA\" \/>\n<meta property=\"og:type\" content=\"article\" \/>\n<meta property=\"og:title\" content=\"Ko je zapalio Smailbegovi\u0107a han i za\u0161to?\" \/>\n<meta property=\"og:description\" content=\"Novi Pazar &#8211; Gradona\u010delnik Novog Pazara Meho Mahmutovi\u0107 izjavio je danas da ne mo\u017ee da zamisli da se na nekada\u0161njem mestu Han-a poznate kao kafane Granata pravi drugi moderniji objekat koji bi naru\u0161io izgled prvomajske ulice koja je jedna od najstarijih ulica u Novom Pazaru. On je tako\u0111e kritikovao Zavod za Za\u0161titu spomenika iz Kraljeva [&hellip;]\" \/>\n<meta property=\"og:url\" content=\"https:\/\/sandzakpress.net\/arhiva\/ko-je-zapalio-smailbegovica-han-i-zasto\/\" \/>\n<meta property=\"og:site_name\" content=\"Sand\u017eak PRESS\" \/>\n<meta property=\"article:published_time\" content=\"2013-08-09T22:00:35+00:00\" \/>\n<meta property=\"og:image\" content=\"https:\/\/sandzakpress.net\/arhiva\/wp-content\/uploads\/2013\/08\/1148819_10151504385090667_1391437128_n.png\" \/>\n\t<meta property=\"og:image:width\" content=\"616\" \/>\n\t<meta property=\"og:image:height\" content=\"425\" \/>\n\t<meta property=\"og:image:type\" content=\"image\/png\" \/>\n<meta name=\"author\" content=\"bosniak\" \/>\n<meta name=\"twitter:card\" content=\"summary_large_image\" \/>\n<meta name=\"twitter:label1\" content=\"Written by\" \/>\n\t<meta name=\"twitter:data1\" content=\"bosniak\" \/>\n\t<meta name=\"twitter:label2\" content=\"Est. reading time\" \/>\n\t<meta name=\"twitter:data2\" content=\"4 minute\" \/>\n<script type=\"application\/ld+json\" class=\"yoast-schema-graph\">{\"@context\":\"https:\/\/schema.org\",\"@graph\":[{\"@type\":\"Article\",\"@id\":\"https:\/\/sandzakpress.net\/arhiva\/ko-je-zapalio-smailbegovica-han-i-zasto\/#article\",\"isPartOf\":{\"@id\":\"https:\/\/sandzakpress.net\/arhiva\/ko-je-zapalio-smailbegovica-han-i-zasto\/\"},\"author\":{\"name\":\"bosniak\",\"@id\":\"https:\/\/sandzakpress.net\/arhiva\/#\/schema\/person\/c8baee722073534b583ea7bdb2e36c02\"},\"headline\":\"Ko je zapalio Smailbegovi\u0107a han i za\u0161to?\",\"datePublished\":\"2013-08-09T22:00:35+00:00\",\"mainEntityOfPage\":{\"@id\":\"https:\/\/sandzakpress.net\/arhiva\/ko-je-zapalio-smailbegovica-han-i-zasto\/\"},\"wordCount\":713,\"commentCount\":9,\"publisher\":{\"@id\":\"https:\/\/sandzakpress.net\/arhiva\/#\/schema\/person\/6e72b67d6e51910a1117b3b483ba20bd\"},\"image\":{\"@id\":\"https:\/\/sandzakpress.net\/arhiva\/ko-je-zapalio-smailbegovica-han-i-zasto\/#primaryimage\"},\"thumbnailUrl\":\"https:\/\/sandzakpress.net\/arhiva\/wp-content\/uploads\/2013\/08\/1148819_10151504385090667_1391437128_n.png\",\"keywords\":[\"Vlast u Novom Pazaru\"],\"articleSection\":[\"Novi Pazar\",\"Politika\",\"VIJESTI DANA\"],\"inLanguage\":\"bs-BA\",\"potentialAction\":[{\"@type\":\"CommentAction\",\"name\":\"Comment\",\"target\":[\"https:\/\/sandzakpress.net\/arhiva\/ko-je-zapalio-smailbegovica-han-i-zasto\/#respond\"]}]},{\"@type\":\"WebPage\",\"@id\":\"https:\/\/sandzakpress.net\/arhiva\/ko-je-zapalio-smailbegovica-han-i-zasto\/\",\"url\":\"https:\/\/sandzakpress.net\/arhiva\/ko-je-zapalio-smailbegovica-han-i-zasto\/\",\"name\":\"Ko je zapalio Smailbegovi\u0107a han i za\u0161to?\",\"isPartOf\":{\"@id\":\"https:\/\/sandzakpress.net\/arhiva\/#website\"},\"primaryImageOfPage\":{\"@id\":\"https:\/\/sandzakpress.net\/arhiva\/ko-je-zapalio-smailbegovica-han-i-zasto\/#primaryimage\"},\"image\":{\"@id\":\"https:\/\/sandzakpress.net\/arhiva\/ko-je-zapalio-smailbegovica-han-i-zasto\/#primaryimage\"},\"thumbnailUrl\":\"https:\/\/sandzakpress.net\/arhiva\/wp-content\/uploads\/2013\/08\/1148819_10151504385090667_1391437128_n.png\",\"datePublished\":\"2013-08-09T22:00:35+00:00\",\"breadcrumb\":{\"@id\":\"https:\/\/sandzakpress.net\/arhiva\/ko-je-zapalio-smailbegovica-han-i-zasto\/#breadcrumb\"},\"inLanguage\":\"bs-BA\",\"potentialAction\":[{\"@type\":\"ReadAction\",\"target\":[\"https:\/\/sandzakpress.net\/arhiva\/ko-je-zapalio-smailbegovica-han-i-zasto\/\"]}]},{\"@type\":\"ImageObject\",\"inLanguage\":\"bs-BA\",\"@id\":\"https:\/\/sandzakpress.net\/arhiva\/ko-je-zapalio-smailbegovica-han-i-zasto\/#primaryimage\",\"url\":\"https:\/\/sandzakpress.net\/arhiva\/wp-content\/uploads\/2013\/08\/1148819_10151504385090667_1391437128_n.png\",\"contentUrl\":\"https:\/\/sandzakpress.net\/arhiva\/wp-content\/uploads\/2013\/08\/1148819_10151504385090667_1391437128_n.png\",\"width\":616,\"height\":425},{\"@type\":\"BreadcrumbList\",\"@id\":\"https:\/\/sandzakpress.net\/arhiva\/ko-je-zapalio-smailbegovica-han-i-zasto\/#breadcrumb\",\"itemListElement\":[{\"@type\":\"ListItem\",\"position\":1,\"name\":\"Home\",\"item\":\"https:\/\/sandzakpress.net\/arhiva\/\"},{\"@type\":\"ListItem\",\"position\":2,\"name\":\"Ko je zapalio Smailbegovi\u0107a han i za\u0161to?\"}]},{\"@type\":\"WebSite\",\"@id\":\"https:\/\/sandzakpress.net\/arhiva\/#website\",\"url\":\"https:\/\/sandzakpress.net\/arhiva\/\",\"name\":\"Sand\u017eak PRESS\",\"description\":\"Prve elektronske novine u Sand\u017eaku\",\"publisher\":{\"@id\":\"https:\/\/sandzakpress.net\/arhiva\/#\/schema\/person\/6e72b67d6e51910a1117b3b483ba20bd\"},\"potentialAction\":[{\"@type\":\"SearchAction\",\"target\":{\"@type\":\"EntryPoint\",\"urlTemplate\":\"https:\/\/sandzakpress.net\/arhiva\/?s={search_term_string}\"},\"query-input\":{\"@type\":\"PropertyValueSpecification\",\"valueRequired\":true,\"valueName\":\"search_term_string\"}}],\"inLanguage\":\"bs-BA\"},{\"@type\":[\"Person\",\"Organization\"],\"@id\":\"https:\/\/sandzakpress.net\/arhiva\/#\/schema\/person\/6e72b67d6e51910a1117b3b483ba20bd\",\"name\":\"Kul\",\"image\":{\"@type\":\"ImageObject\",\"inLanguage\":\"bs-BA\",\"@id\":\"https:\/\/sandzakpress.net\/arhiva\/#\/schema\/person\/image\/\",\"url\":\"https:\/\/secure.gravatar.com\/avatar\/42263f39aa27ac04c43cab85c280eb2e?s=96&d=mm&r=pg\",\"contentUrl\":\"https:\/\/secure.gravatar.com\/avatar\/42263f39aa27ac04c43cab85c280eb2e?s=96&d=mm&r=pg\",\"caption\":\"Kul\"},\"logo\":{\"@id\":\"https:\/\/sandzakpress.net\/arhiva\/#\/schema\/person\/image\/\"}},{\"@type\":\"Person\",\"@id\":\"https:\/\/sandzakpress.net\/arhiva\/#\/schema\/person\/c8baee722073534b583ea7bdb2e36c02\",\"name\":\"bosniak\",\"image\":{\"@type\":\"ImageObject\",\"inLanguage\":\"bs-BA\",\"@id\":\"https:\/\/sandzakpress.net\/arhiva\/#\/schema\/person\/image\/\",\"url\":\"https:\/\/secure.gravatar.com\/avatar\/a04fd330bfe3a36a72a0ad4a6d89fca7?s=96&d=mm&r=pg\",\"contentUrl\":\"https:\/\/secure.gravatar.com\/avatar\/a04fd330bfe3a36a72a0ad4a6d89fca7?s=96&d=mm&r=pg\",\"caption\":\"bosniak\"},\"url\":\"https:\/\/sandzakpress.net\/arhiva\/author\/bosniak\/\"}]}<\/script>\n<!-- \/ Yoast SEO Premium plugin. -->","yoast_head_json":{"title":"Ko je zapalio Smailbegovi\u0107a han i za\u0161to?","robots":{"index":"index","follow":"follow","max-snippet":"max-snippet:-1","max-image-preview":"max-image-preview:large","max-video-preview":"max-video-preview:-1"},"canonical":"https:\/\/sandzakpress.net\/arhiva\/ko-je-zapalio-smailbegovica-han-i-zasto\/","og_locale":"bs_BA","og_type":"article","og_title":"Ko je zapalio Smailbegovi\u0107a han i za\u0161to?","og_description":"Novi Pazar &#8211; Gradona\u010delnik Novog Pazara Meho Mahmutovi\u0107 izjavio je danas da ne mo\u017ee da zamisli da se na nekada\u0161njem mestu Han-a poznate kao kafane Granata pravi drugi moderniji objekat koji bi naru\u0161io izgled prvomajske ulice koja je jedna od najstarijih ulica u Novom Pazaru. On je tako\u0111e kritikovao Zavod za Za\u0161titu spomenika iz Kraljeva [&hellip;]","og_url":"https:\/\/sandzakpress.net\/arhiva\/ko-je-zapalio-smailbegovica-han-i-zasto\/","og_site_name":"Sand\u017eak PRESS","article_published_time":"2013-08-09T22:00:35+00:00","og_image":[{"width":616,"height":425,"url":"https:\/\/sandzakpress.net\/arhiva\/wp-content\/uploads\/2013\/08\/1148819_10151504385090667_1391437128_n.png","type":"image\/png"}],"author":"bosniak","twitter_card":"summary_large_image","twitter_misc":{"Written by":"bosniak","Est. reading time":"4 minute"},"schema":{"@context":"https:\/\/schema.org","@graph":[{"@type":"Article","@id":"https:\/\/sandzakpress.net\/arhiva\/ko-je-zapalio-smailbegovica-han-i-zasto\/#article","isPartOf":{"@id":"https:\/\/sandzakpress.net\/arhiva\/ko-je-zapalio-smailbegovica-han-i-zasto\/"},"author":{"name":"bosniak","@id":"https:\/\/sandzakpress.net\/arhiva\/#\/schema\/person\/c8baee722073534b583ea7bdb2e36c02"},"headline":"Ko je zapalio Smailbegovi\u0107a han i za\u0161to?","datePublished":"2013-08-09T22:00:35+00:00","mainEntityOfPage":{"@id":"https:\/\/sandzakpress.net\/arhiva\/ko-je-zapalio-smailbegovica-han-i-zasto\/"},"wordCount":713,"commentCount":9,"publisher":{"@id":"https:\/\/sandzakpress.net\/arhiva\/#\/schema\/person\/6e72b67d6e51910a1117b3b483ba20bd"},"image":{"@id":"https:\/\/sandzakpress.net\/arhiva\/ko-je-zapalio-smailbegovica-han-i-zasto\/#primaryimage"},"thumbnailUrl":"https:\/\/sandzakpress.net\/arhiva\/wp-content\/uploads\/2013\/08\/1148819_10151504385090667_1391437128_n.png","keywords":["Vlast u Novom Pazaru"],"articleSection":["Novi Pazar","Politika","VIJESTI DANA"],"inLanguage":"bs-BA","potentialAction":[{"@type":"CommentAction","name":"Comment","target":["https:\/\/sandzakpress.net\/arhiva\/ko-je-zapalio-smailbegovica-han-i-zasto\/#respond"]}]},{"@type":"WebPage","@id":"https:\/\/sandzakpress.net\/arhiva\/ko-je-zapalio-smailbegovica-han-i-zasto\/","url":"https:\/\/sandzakpress.net\/arhiva\/ko-je-zapalio-smailbegovica-han-i-zasto\/","name":"Ko je zapalio Smailbegovi\u0107a han i za\u0161to?","isPartOf":{"@id":"https:\/\/sandzakpress.net\/arhiva\/#website"},"primaryImageOfPage":{"@id":"https:\/\/sandzakpress.net\/arhiva\/ko-je-zapalio-smailbegovica-han-i-zasto\/#primaryimage"},"image":{"@id":"https:\/\/sandzakpress.net\/arhiva\/ko-je-zapalio-smailbegovica-han-i-zasto\/#primaryimage"},"thumbnailUrl":"https:\/\/sandzakpress.net\/arhiva\/wp-content\/uploads\/2013\/08\/1148819_10151504385090667_1391437128_n.png","datePublished":"2013-08-09T22:00:35+00:00","breadcrumb":{"@id":"https:\/\/sandzakpress.net\/arhiva\/ko-je-zapalio-smailbegovica-han-i-zasto\/#breadcrumb"},"inLanguage":"bs-BA","potentialAction":[{"@type":"ReadAction","target":["https:\/\/sandzakpress.net\/arhiva\/ko-je-zapalio-smailbegovica-han-i-zasto\/"]}]},{"@type":"ImageObject","inLanguage":"bs-BA","@id":"https:\/\/sandzakpress.net\/arhiva\/ko-je-zapalio-smailbegovica-han-i-zasto\/#primaryimage","url":"https:\/\/sandzakpress.net\/arhiva\/wp-content\/uploads\/2013\/08\/1148819_10151504385090667_1391437128_n.png","contentUrl":"https:\/\/sandzakpress.net\/arhiva\/wp-content\/uploads\/2013\/08\/1148819_10151504385090667_1391437128_n.png","width":616,"height":425},{"@type":"BreadcrumbList","@id":"https:\/\/sandzakpress.net\/arhiva\/ko-je-zapalio-smailbegovica-han-i-zasto\/#breadcrumb","itemListElement":[{"@type":"ListItem","position":1,"name":"Home","item":"https:\/\/sandzakpress.net\/arhiva\/"},{"@type":"ListItem","position":2,"name":"Ko je zapalio Smailbegovi\u0107a han i za\u0161to?"}]},{"@type":"WebSite","@id":"https:\/\/sandzakpress.net\/arhiva\/#website","url":"https:\/\/sandzakpress.net\/arhiva\/","name":"Sand\u017eak PRESS","description":"Prve elektronske novine u Sand\u017eaku","publisher":{"@id":"https:\/\/sandzakpress.net\/arhiva\/#\/schema\/person\/6e72b67d6e51910a1117b3b483ba20bd"},"potentialAction":[{"@type":"SearchAction","target":{"@type":"EntryPoint","urlTemplate":"https:\/\/sandzakpress.net\/arhiva\/?s={search_term_string}"},"query-input":{"@type":"PropertyValueSpecification","valueRequired":true,"valueName":"search_term_string"}}],"inLanguage":"bs-BA"},{"@type":["Person","Organization"],"@id":"https:\/\/sandzakpress.net\/arhiva\/#\/schema\/person\/6e72b67d6e51910a1117b3b483ba20bd","name":"Kul","image":{"@type":"ImageObject","inLanguage":"bs-BA","@id":"https:\/\/sandzakpress.net\/arhiva\/#\/schema\/person\/image\/","url":"https:\/\/secure.gravatar.com\/avatar\/42263f39aa27ac04c43cab85c280eb2e?s=96&d=mm&r=pg","contentUrl":"https:\/\/secure.gravatar.com\/avatar\/42263f39aa27ac04c43cab85c280eb2e?s=96&d=mm&r=pg","caption":"Kul"},"logo":{"@id":"https:\/\/sandzakpress.net\/arhiva\/#\/schema\/person\/image\/"}},{"@type":"Person","@id":"https:\/\/sandzakpress.net\/arhiva\/#\/schema\/person\/c8baee722073534b583ea7bdb2e36c02","name":"bosniak","image":{"@type":"ImageObject","inLanguage":"bs-BA","@id":"https:\/\/sandzakpress.net\/arhiva\/#\/schema\/person\/image\/","url":"https:\/\/secure.gravatar.com\/avatar\/a04fd330bfe3a36a72a0ad4a6d89fca7?s=96&d=mm&r=pg","contentUrl":"https:\/\/secure.gravatar.com\/avatar\/a04fd330bfe3a36a72a0ad4a6d89fca7?s=96&d=mm&r=pg","caption":"bosniak"},"url":"https:\/\/sandzakpress.net\/arhiva\/author\/bosniak\/"}]}},"_links":{"self":[{"href":"https:\/\/sandzakpress.net\/arhiva\/wp-json\/wp\/v2\/posts\/84584"}],"collection":[{"href":"https:\/\/sandzakpress.net\/arhiva\/wp-json\/wp\/v2\/posts"}],"about":[{"href":"https:\/\/sandzakpress.net\/arhiva\/wp-json\/wp\/v2\/types\/post"}],"author":[{"embeddable":true,"href":"https:\/\/sandzakpress.net\/arhiva\/wp-json\/wp\/v2\/users\/83"}],"replies":[{"embeddable":true,"href":"https:\/\/sandzakpress.net\/arhiva\/wp-json\/wp\/v2\/comments?post=84584"}],"version-history":[{"count":0,"href":"https:\/\/sandzakpress.net\/arhiva\/wp-json\/wp\/v2\/posts\/84584\/revisions"}],"wp:featuredmedia":[{"embeddable":true,"href":"https:\/\/sandzakpress.net\/arhiva\/wp-json\/wp\/v2\/media\/84585"}],"wp:attachment":[{"href":"https:\/\/sandzakpress.net\/arhiva\/wp-json\/wp\/v2\/media?parent=84584"}],"wp:term":[{"taxonomy":"category","embeddable":true,"href":"https:\/\/sandzakpress.net\/arhiva\/wp-json\/wp\/v2\/categories?post=84584"},{"taxonomy":"post_tag","embeddable":true,"href":"https:\/\/sandzakpress.net\/arhiva\/wp-json\/wp\/v2\/tags?post=84584"}],"curies":[{"name":"wp","href":"https:\/\/api.w.org\/{rel}","templated":true}]}}