{"id":84553,"date":"2013-08-09T00:56:59","date_gmt":"2013-08-08T22:56:59","guid":{"rendered":"https:\/\/sandzakpress.net\/arhiva\/?p=84553"},"modified":"2013-08-09T00:56:59","modified_gmt":"2013-08-08T22:56:59","slug":"uz-narodno-ime-bosnjak-i-jezik-bosanski-ponosno-gradimo-svoju-kulturu-i-tradiciju","status":"publish","type":"post","link":"https:\/\/sandzakpress.net\/arhiva\/uz-narodno-ime-bosnjak-i-jezik-bosanski-ponosno-gradimo-svoju-kulturu-i-tradiciju\/","title":{"rendered":"Uz narodno ime Bo\u0161njak i jezik bosanski, ponosno gradimo svoju kulturu i tradiciju"},"content":{"rendered":"<figure id=\"attachment_84554\" aria-describedby=\"caption-attachment-84554\" style=\"width: 269px\" class=\"wp-caption alignleft\"><img loading=\"lazy\" decoding=\"async\" class=\"size-full wp-image-84554\" alt=\"images\" src=\"https:\/\/sandzakpress.net\/arhiva\/wp-content\/uploads\/2013\/08\/images.jpg\" width=\"269\" height=\"187\" \/><figcaption id=\"caption-attachment-84554\" class=\"wp-caption-text\">Autor: Reisu-l-uleme Husein Kavazovi\u0107<\/figcaption><\/figure>\n<p>Hvala Allahu. Njemu se zahvaljujemo i od Njega pomo\u0107 i oprost tra\u017eimo. Njemu se utje\u010demo od poroka i ru\u017enih djela na\u0161ih.<\/p>\n<p>Svjedo\u010dimo da je samo Allah Bog i da je Muhammed Njegov rob i Njegov poslanik. On ga je, uistinu, poslao svjetovima da radosnu vijest donese i da opomene, prije nego \u0161to nastupi Sudnji dan.<\/p>\n<p>Allahovoj milosti se nadamo u prvom danu \u0161evvala 1434. hid\u017eretske godine. U na\u0161oj domovini Bosni i Hercegovini i diljem svijeta danas obilje\u017eavamo po\u010detak Ramazanskog bajrama. Prvi je to dan nakon ramazana, u kojem smo ispunili mu'minsku obavezu posta, krunu svih ibadeta, i u kojem smo osje\u0107ali njegov bereket u du\u0161ama. Taj bereket je i ovog jutra u na\u0161im ku\u0107ama, sokacima i haremima d\u017eamija.<\/p>\n<p>Bajram je ruho posta i \u0161ehri ramazana i njegova vrijednost je samo Allahu poznata. Nadamo se najboljem i nagradi koja nam je obe\u0107ana. Na\u0161i tekbiri i na\u0161e dove, kao i dove miliona na\u0161e bra\u0107e i sestara, ispunjavaju prostor oko Ar\u0161urahmana i odzvanjaju istom jekom: Bo\u017ee, oprosti nam i budi nam milostiv na Sudnjem danu.<\/p>\n<p>Bra\u0107o i sestre.<br \/>\nAllah je dao da se tijelo vjernika odmara spavanjem, nakon posla kojim se izmori. Dao je i da du\u0161a sebi na\u0111e odu\u0161ka u ibadetu. Namaz, post, zekat, had\u017e i borba na Allahovom putu na\u010dini su njena predaha na putu Vje\u010dnoj ku\u0107i i Gospodaru. Vjernik u ibadetskoj osami istovremeno motri i na dunjaluk i na Ahiret, tra\u017ee\u0107i:\u00a0<b>Gospodaru na\u0161, daj nam ono \u0161to je dobro i na dunjaluku i na Ahiretu i sa\u010duvaj nas od patnje u vatri.\u00a0<\/b>(al-Baqarah, 201)<\/p>\n<p>\u017divot muslimana ogleda se u \u010dvrstini njegove vjere. On je spreman da u svakom trenu o\u010dituje pokornost Stvoritelju i da Mu polo\u017ei ra\u010dun. To je svjesnost na koju Kur'an podsje\u0107a Poslanika i mu'mine:\u00a0<b>Nare\u0111eno mi je da obo\u017eavam Allaha i da mu, \u010dvrsto u vjeri, budem vjeran. I nare\u0111eno mi je da budem musliman prvi.\u00a0<\/b>(al-Zumar, 11-12)<\/p>\n<p>Bra\u0107o i sestre.<br \/>\nVjernik svoju pokornost Stvoritelju svjetova upotpunjuje u zajednici s drugim vjernicima. Oni zajedno \u010dine \u010dvrstu gra\u0111evinu koja se jasno odre\u0111uje rije\u010dju\u00a0<i>d\u017eema'at.<\/i>\u00a0Ta zajednica \u010dini \u017eivot lak\u0161im i daje oslonac u nevolji i pote\u0161ko\u0107i. Ona se gradi, razvija i \u0161titi; u nju se investira u blagostanju, kako bi se na nju moglo oslonuti u nevolji. Zajednica mora imati dom, u kome \u0107e stanovati i razvijati se narodni duh. Na\u0161 zajedni\u010dki dom su \u0161kole i d\u017eamije, univerziteti i biblioteke, instituti i muzeji, pozori\u0161ta i ateljei. Tamo se kuje i tali ono \u0161to ostavljamo onima do kojih nam je stalo. Tamo je miraz na\u0161oj djeci.<\/p>\n<p>Poslanik islama je kazao:\u00a0<i>Ko se ne stara za stanje muslimana nije od nas.<\/i>\u00a0(Muslim) Nikada se ni jedna zajednica nije odr\u017eala bez spremnosti na \u017ertvu i odricanje svojih sinova i k\u0107eri. Slu\u017eenje islamu prvih muslimana divan je primjer povjerenja u Bo\u017eije rije\u010di:\u00a0<b>Allah je od vjernika kupio \u017eivote njihove i imetke njihove u zamjenu za d\u017eenet koji im je obe\u0107an.<\/b>\u00a0(al-Tawbah, 111)<\/p>\n<p>Bra\u0107o i sestre.<br \/>\nU svim vremenima i kod svih naroda vjerski i moralni odgoj je bio sredstvo o\u010duvanja zdravlja zajednice. Tako je i danas, kada su moralne vrijednosti naru\u0161ene i kada nam valja na\u0161u zajednicu \u010duvati. Odgoj u na\u0161em svijetu ne mo\u017ee se zamisliti bez \u017eivotnog primjera Muhammeda, alejhisselam koji je pe\u010dat i kruna poslanstva i koji je poslan svim svjetovima kao Allahova milost. Njegov vjerski i eti\u010dki uzor pomiruje \u017eivotne antagonizme, poziva na bogobojaznost i lojalnost prema zajednici.<\/p>\n<p>Pomozimo djetetu u na\u0161em vremenu da razvije li\u010dnost koja \u0107e \u017eivjeti u zajednici s drugim ljudima, pomirena s vrijednostima vjere i morala. Nemojmo na\u0161oj djeci ote\u017eavati put na kojem \u0107e graditi svoj islamski identitet. Izjava da je Bog jedan i da je Muhammed (a.s) Njegov poslanik neka bude dovoljna da se u\u0111e u zajednicu muslimana. Nakon toga va\u017eno je razvijati solidarnost s ostalim \u010dlanovima zajednice.<\/p>\n<p>Bra\u0107o i sestre.<br \/>\nAllah ka\u017ee:\u00a0<b>Mi smo djeci Ademovoj dali njihovo dostojanstvo.\u00a0<\/b>(al-Isra, 70) Ovim ajetom smo zadu\u017eeni da se borimo i ula\u017eemo svaki mogu\u0107i trud protiv ga\u017eenja ljudskog dostojanstva, nepravde i nasilja. Muslimani su u povijesti bili poznati po borbi protiv onih koji ugro\u017eavaju prava drugih: \u017eivote, imovinu, slobodu savjesti i vjere, mentalno zdravlje ljudi i njihovo dostojanstvo. Podsticaj za to su pronalazili u Allahovim rije\u010dima:\u00a0<b>Borite se protiv neprijatelja (slobode) sve dok smutnja ne prestane, a vjera u Allaha bude slobodna! A kada to postignete, nema neprijateljstva osim prema silnicima.\u00a0<\/b>(al-Baqarah, 193)<\/p>\n<p>Da bismo sa\u010duvali dostojanstvo, moramo se vite\u0161ki suprostaviti nasilju i nepravdi, dolazili oni od strane pojedinaca, organiziranih siled\u017eija ili nepravedne vlasti, jer Kur'an zagovara stalnu posve\u0107enost dobro\u010dinstvu i \u010destitosti:\u00a0<b>Jedni drugima poma\u017eite u dobro\u010dinstvu i \u010destitosti, a ne sudjelujte u grijehu i neprijateljstvu.\u00a0<\/b>(al-Maida, 2)<\/p>\n<p>Sramotno je kako se danas muslimane ubija u Egiptu i Siriji. To su zlo\u010dini koje najo\u0161trije osu\u0111ujemo. Stradanje na\u0161e bra\u0107e u tim zemljama mora prestati.<\/p>\n<p>Bra\u0107o i sestre.<br \/>\nSvaka zajednica ima svoje ciljeve kojima stremi i za \u010dije ostvarenje se trude njeni \u010dlanovi. Mi \u017eelimo da \u017eivimo u miru sa sobom i s na\u0161im susjedima, na na\u0161oj zemlji, po\u0161tuju\u0107i dr\u017eavu u kojoj su na\u0161i domovi. Bosna i Hercegovina je na\u0161a i domovina na\u0161ih sugra\u0111ana. O zemlji valja brinuti, domovinu treba voljeti, a dr\u017eavu izgra\u0111ivati. Zbog toga smo osjetljivi na sve \u010dime se ugro\u017eavaju na\u0161a zemlja, narod i domovina.<\/p>\n<p>Pred nama je popis stanovni\u0161tva, va\u017ena zada\u0107a koju treba da izvr\u0161imo kao obavezu prema zemlji i domovini. Bosna je zemlja svojih naroda, koji imaju svoje ime, jezik, tradiciju i kulturu. Na\u0161e narodno ime je Bo\u0161njak, a na\u0161 jezik je bosanski. Njime prenosimo i gradimo svoju kulturu i tradiciju. Bo\u0161njaci su ponosan i hrabar narod, plemenit i \u0161irokogrud, svjestan svoje samosvojnosti i svog identiteta.<\/p>\n<p>Kao takvima, valja nam se upisati na listu naroda koji nastanjuju ovu zemlju. U\u010dinimo to kao narod koji je svjestan sebe, svog jezika, svoje vjere, kulture i tradicije. To je na\u0161 dug prema zemlji i precima, koji su sa\u010duvali njeno ime i na\u0161e trajanje u povijesti.<\/p>\n<p>Milostivi Gospodaru,<br \/>\nOsna\u017ei nas u na\u0161oj vjeri, moralu i zajedni\u0161tvu;<br \/>\nU\u010dini nas hrabrima da se suprostavimo svakom zlu i nasilju i budnim da bdijemo nad na\u0161om slobodom;<br \/>\nU\u010dini nas sna\u017enim da sa\u010duvamo svoju zemlju i svoju domovinu;<br \/>\nDaruj nam mudrost da \u017eivimo u miru i slozi s na\u0161om bra\u0107om i kom\u0161ijama, kao slo\u017ena porodica i kom\u0161iluk;<br \/>\nObraduj nas umije\u0107em da popravljamo gre\u0161ke kada ih uvidimo i da ne istrajavamo u onome \u0161to je lo\u0161e, \u0161to je grijeh i nepravda.<br \/>\nNeka su nam uvijek u na\u0161im dovama na\u0161i \u0161ehidi, koji su polo\u017eili svoje \u017eivote za ovu divnu zemlju i \u010dasnu slobodu.<br \/>\nBudimo uz ljude u nevolji: slabe, siroma\u0161ne i bolesne.<br \/>\nZa\u0161titimo na\u0161u neja\u010d i pru\u017eimo podstreka i priliku mladima.<br \/>\nSklapajmo prijateljstva gdje god mo\u017eemo.<br \/>\nZala\u017eimo se za istinu kada god vidimo da se \u017eeli naturiti la\u017e.<br \/>\nIzbjegavajmo sva\u0111e i prepirke o onome u \u010demu nema koristi, a u \u010demu je \u0161teta o\u010dita.<br \/>\nPra\u0161tajmo jedni drugima, jer to u\u010dvr\u0161\u0107uje veze me\u0111u ljudima i narodima.<\/p>\n<p>Bra\u0107o i sestre.<br \/>\nSutra je Dan \u0161ehida. Pozivam vas da posjetimo njihove domove, \u0161ehitluke, i u zajedni\u010dkoj dovi se prisjetimo njihove \u017ertve.<br \/>\nSvima vam \u017eelim sretne i beri\u0107etne bajramske dane. Provedimo ih onako kako je to u na\u0161oj tradiciji: s porodicom, rodbinom i prijateljima.<\/p>\n<p><center>Bajram \u0161erif mubarek olsun!<\/center><\/p>\n","protected":false},"excerpt":{"rendered":"<p>Reisu-l-uleme Husein Kavazovi\u0107<\/p>\n","protected":false},"author":83,"featured_media":84554,"comment_status":"open","ping_status":"open","sticky":false,"template":"","format":"standard","meta":{"footnotes":""},"categories":[2860,10196],"tags":[10232],"class_list":{"0":"post-84553","1":"post","2":"type-post","3":"status-publish","4":"format-standard","5":"has-post-thumbnail","7":"category-bosna-i-hercegovina-gradovi","8":"category-iz-pera-nasih-autora","9":"tag-reisu-l-uleme-husein-kavazovic"},"yoast_head":"<!-- This site is optimized with the Yoast SEO Premium plugin v23.1 (Yoast SEO v24.9) - https:\/\/yoast.com\/wordpress\/plugins\/seo\/ -->\n<title>Uz narodno ime Bo\u0161njak i jezik bosanski, ponosno gradimo svoju kulturu i tradiciju<\/title>\n<meta name=\"robots\" content=\"index, follow, max-snippet:-1, max-image-preview:large, max-video-preview:-1\" \/>\n<link rel=\"canonical\" href=\"https:\/\/sandzakpress.net\/arhiva\/uz-narodno-ime-bosnjak-i-jezik-bosanski-ponosno-gradimo-svoju-kulturu-i-tradiciju\/\" \/>\n<meta property=\"og:locale\" content=\"bs_BA\" \/>\n<meta property=\"og:type\" content=\"article\" \/>\n<meta property=\"og:title\" content=\"Uz narodno ime Bo\u0161njak i jezik bosanski, ponosno gradimo svoju kulturu i tradiciju\" \/>\n<meta property=\"og:description\" content=\"Reisu-l-uleme Husein Kavazovi\u0107\" \/>\n<meta property=\"og:url\" content=\"https:\/\/sandzakpress.net\/arhiva\/uz-narodno-ime-bosnjak-i-jezik-bosanski-ponosno-gradimo-svoju-kulturu-i-tradiciju\/\" \/>\n<meta property=\"og:site_name\" content=\"Sand\u017eak PRESS\" \/>\n<meta property=\"article:published_time\" content=\"2013-08-08T22:56:59+00:00\" \/>\n<meta property=\"og:image\" content=\"https:\/\/sandzakpress.net\/arhiva\/wp-content\/uploads\/2013\/08\/images.jpg\" \/>\n\t<meta property=\"og:image:width\" content=\"224\" \/>\n\t<meta property=\"og:image:height\" content=\"225\" \/>\n\t<meta property=\"og:image:type\" content=\"image\/jpeg\" \/>\n<meta name=\"author\" content=\"bosniak\" \/>\n<meta name=\"twitter:card\" content=\"summary_large_image\" \/>\n<meta name=\"twitter:label1\" content=\"Written by\" \/>\n\t<meta name=\"twitter:data1\" content=\"bosniak\" \/>\n\t<meta name=\"twitter:label2\" content=\"Est. reading time\" \/>\n\t<meta name=\"twitter:data2\" content=\"7 minuta\" \/>\n<script type=\"application\/ld+json\" class=\"yoast-schema-graph\">{\"@context\":\"https:\/\/schema.org\",\"@graph\":[{\"@type\":\"Article\",\"@id\":\"https:\/\/sandzakpress.net\/arhiva\/uz-narodno-ime-bosnjak-i-jezik-bosanski-ponosno-gradimo-svoju-kulturu-i-tradiciju\/#article\",\"isPartOf\":{\"@id\":\"https:\/\/sandzakpress.net\/arhiva\/uz-narodno-ime-bosnjak-i-jezik-bosanski-ponosno-gradimo-svoju-kulturu-i-tradiciju\/\"},\"author\":{\"name\":\"bosniak\",\"@id\":\"https:\/\/sandzakpress.net\/arhiva\/#\/schema\/person\/c8baee722073534b583ea7bdb2e36c02\"},\"headline\":\"Uz narodno ime Bo\u0161njak i jezik bosanski, ponosno gradimo svoju kulturu i tradiciju\",\"datePublished\":\"2013-08-08T22:56:59+00:00\",\"mainEntityOfPage\":{\"@id\":\"https:\/\/sandzakpress.net\/arhiva\/uz-narodno-ime-bosnjak-i-jezik-bosanski-ponosno-gradimo-svoju-kulturu-i-tradiciju\/\"},\"wordCount\":1355,\"commentCount\":2,\"publisher\":{\"@id\":\"https:\/\/sandzakpress.net\/arhiva\/#\/schema\/person\/6e72b67d6e51910a1117b3b483ba20bd\"},\"image\":{\"@id\":\"https:\/\/sandzakpress.net\/arhiva\/uz-narodno-ime-bosnjak-i-jezik-bosanski-ponosno-gradimo-svoju-kulturu-i-tradiciju\/#primaryimage\"},\"thumbnailUrl\":\"https:\/\/sandzakpress.net\/arhiva\/wp-content\/uploads\/2013\/08\/images.jpg\",\"keywords\":[\"Reisu-l-uleme Husein Kavazovi\u0107\"],\"articleSection\":[\"Bosna i Hercegovina\",\"Iz pera na\u0161ih autora\"],\"inLanguage\":\"bs-BA\",\"potentialAction\":[{\"@type\":\"CommentAction\",\"name\":\"Comment\",\"target\":[\"https:\/\/sandzakpress.net\/arhiva\/uz-narodno-ime-bosnjak-i-jezik-bosanski-ponosno-gradimo-svoju-kulturu-i-tradiciju\/#respond\"]}]},{\"@type\":\"WebPage\",\"@id\":\"https:\/\/sandzakpress.net\/arhiva\/uz-narodno-ime-bosnjak-i-jezik-bosanski-ponosno-gradimo-svoju-kulturu-i-tradiciju\/\",\"url\":\"https:\/\/sandzakpress.net\/arhiva\/uz-narodno-ime-bosnjak-i-jezik-bosanski-ponosno-gradimo-svoju-kulturu-i-tradiciju\/\",\"name\":\"Uz narodno ime Bo\u0161njak i jezik bosanski, ponosno gradimo svoju kulturu i tradiciju\",\"isPartOf\":{\"@id\":\"https:\/\/sandzakpress.net\/arhiva\/#website\"},\"primaryImageOfPage\":{\"@id\":\"https:\/\/sandzakpress.net\/arhiva\/uz-narodno-ime-bosnjak-i-jezik-bosanski-ponosno-gradimo-svoju-kulturu-i-tradiciju\/#primaryimage\"},\"image\":{\"@id\":\"https:\/\/sandzakpress.net\/arhiva\/uz-narodno-ime-bosnjak-i-jezik-bosanski-ponosno-gradimo-svoju-kulturu-i-tradiciju\/#primaryimage\"},\"thumbnailUrl\":\"https:\/\/sandzakpress.net\/arhiva\/wp-content\/uploads\/2013\/08\/images.jpg\",\"datePublished\":\"2013-08-08T22:56:59+00:00\",\"breadcrumb\":{\"@id\":\"https:\/\/sandzakpress.net\/arhiva\/uz-narodno-ime-bosnjak-i-jezik-bosanski-ponosno-gradimo-svoju-kulturu-i-tradiciju\/#breadcrumb\"},\"inLanguage\":\"bs-BA\",\"potentialAction\":[{\"@type\":\"ReadAction\",\"target\":[\"https:\/\/sandzakpress.net\/arhiva\/uz-narodno-ime-bosnjak-i-jezik-bosanski-ponosno-gradimo-svoju-kulturu-i-tradiciju\/\"]}]},{\"@type\":\"ImageObject\",\"inLanguage\":\"bs-BA\",\"@id\":\"https:\/\/sandzakpress.net\/arhiva\/uz-narodno-ime-bosnjak-i-jezik-bosanski-ponosno-gradimo-svoju-kulturu-i-tradiciju\/#primaryimage\",\"url\":\"https:\/\/sandzakpress.net\/arhiva\/wp-content\/uploads\/2013\/08\/images.jpg\",\"contentUrl\":\"https:\/\/sandzakpress.net\/arhiva\/wp-content\/uploads\/2013\/08\/images.jpg\",\"width\":224,\"height\":225},{\"@type\":\"BreadcrumbList\",\"@id\":\"https:\/\/sandzakpress.net\/arhiva\/uz-narodno-ime-bosnjak-i-jezik-bosanski-ponosno-gradimo-svoju-kulturu-i-tradiciju\/#breadcrumb\",\"itemListElement\":[{\"@type\":\"ListItem\",\"position\":1,\"name\":\"Home\",\"item\":\"https:\/\/sandzakpress.net\/arhiva\/\"},{\"@type\":\"ListItem\",\"position\":2,\"name\":\"Uz narodno ime Bo\u0161njak i jezik bosanski, ponosno gradimo svoju kulturu i tradiciju\"}]},{\"@type\":\"WebSite\",\"@id\":\"https:\/\/sandzakpress.net\/arhiva\/#website\",\"url\":\"https:\/\/sandzakpress.net\/arhiva\/\",\"name\":\"Sand\u017eak PRESS\",\"description\":\"Prve elektronske novine u Sand\u017eaku\",\"publisher\":{\"@id\":\"https:\/\/sandzakpress.net\/arhiva\/#\/schema\/person\/6e72b67d6e51910a1117b3b483ba20bd\"},\"potentialAction\":[{\"@type\":\"SearchAction\",\"target\":{\"@type\":\"EntryPoint\",\"urlTemplate\":\"https:\/\/sandzakpress.net\/arhiva\/?s={search_term_string}\"},\"query-input\":{\"@type\":\"PropertyValueSpecification\",\"valueRequired\":true,\"valueName\":\"search_term_string\"}}],\"inLanguage\":\"bs-BA\"},{\"@type\":[\"Person\",\"Organization\"],\"@id\":\"https:\/\/sandzakpress.net\/arhiva\/#\/schema\/person\/6e72b67d6e51910a1117b3b483ba20bd\",\"name\":\"Kul\",\"image\":{\"@type\":\"ImageObject\",\"inLanguage\":\"bs-BA\",\"@id\":\"https:\/\/sandzakpress.net\/arhiva\/#\/schema\/person\/image\/\",\"url\":\"https:\/\/secure.gravatar.com\/avatar\/42263f39aa27ac04c43cab85c280eb2e?s=96&d=mm&r=pg\",\"contentUrl\":\"https:\/\/secure.gravatar.com\/avatar\/42263f39aa27ac04c43cab85c280eb2e?s=96&d=mm&r=pg\",\"caption\":\"Kul\"},\"logo\":{\"@id\":\"https:\/\/sandzakpress.net\/arhiva\/#\/schema\/person\/image\/\"}},{\"@type\":\"Person\",\"@id\":\"https:\/\/sandzakpress.net\/arhiva\/#\/schema\/person\/c8baee722073534b583ea7bdb2e36c02\",\"name\":\"bosniak\",\"image\":{\"@type\":\"ImageObject\",\"inLanguage\":\"bs-BA\",\"@id\":\"https:\/\/sandzakpress.net\/arhiva\/#\/schema\/person\/image\/\",\"url\":\"https:\/\/secure.gravatar.com\/avatar\/a04fd330bfe3a36a72a0ad4a6d89fca7?s=96&d=mm&r=pg\",\"contentUrl\":\"https:\/\/secure.gravatar.com\/avatar\/a04fd330bfe3a36a72a0ad4a6d89fca7?s=96&d=mm&r=pg\",\"caption\":\"bosniak\"},\"url\":\"https:\/\/sandzakpress.net\/arhiva\/author\/bosniak\/\"}]}<\/script>\n<!-- \/ Yoast SEO Premium plugin. -->","yoast_head_json":{"title":"Uz narodno ime Bo\u0161njak i jezik bosanski, ponosno gradimo svoju kulturu i tradiciju","robots":{"index":"index","follow":"follow","max-snippet":"max-snippet:-1","max-image-preview":"max-image-preview:large","max-video-preview":"max-video-preview:-1"},"canonical":"https:\/\/sandzakpress.net\/arhiva\/uz-narodno-ime-bosnjak-i-jezik-bosanski-ponosno-gradimo-svoju-kulturu-i-tradiciju\/","og_locale":"bs_BA","og_type":"article","og_title":"Uz narodno ime Bo\u0161njak i jezik bosanski, ponosno gradimo svoju kulturu i tradiciju","og_description":"Reisu-l-uleme Husein Kavazovi\u0107","og_url":"https:\/\/sandzakpress.net\/arhiva\/uz-narodno-ime-bosnjak-i-jezik-bosanski-ponosno-gradimo-svoju-kulturu-i-tradiciju\/","og_site_name":"Sand\u017eak PRESS","article_published_time":"2013-08-08T22:56:59+00:00","og_image":[{"width":224,"height":225,"url":"https:\/\/sandzakpress.net\/arhiva\/wp-content\/uploads\/2013\/08\/images.jpg","type":"image\/jpeg"}],"author":"bosniak","twitter_card":"summary_large_image","twitter_misc":{"Written by":"bosniak","Est. reading time":"7 minuta"},"schema":{"@context":"https:\/\/schema.org","@graph":[{"@type":"Article","@id":"https:\/\/sandzakpress.net\/arhiva\/uz-narodno-ime-bosnjak-i-jezik-bosanski-ponosno-gradimo-svoju-kulturu-i-tradiciju\/#article","isPartOf":{"@id":"https:\/\/sandzakpress.net\/arhiva\/uz-narodno-ime-bosnjak-i-jezik-bosanski-ponosno-gradimo-svoju-kulturu-i-tradiciju\/"},"author":{"name":"bosniak","@id":"https:\/\/sandzakpress.net\/arhiva\/#\/schema\/person\/c8baee722073534b583ea7bdb2e36c02"},"headline":"Uz narodno ime Bo\u0161njak i jezik bosanski, ponosno gradimo svoju kulturu i tradiciju","datePublished":"2013-08-08T22:56:59+00:00","mainEntityOfPage":{"@id":"https:\/\/sandzakpress.net\/arhiva\/uz-narodno-ime-bosnjak-i-jezik-bosanski-ponosno-gradimo-svoju-kulturu-i-tradiciju\/"},"wordCount":1355,"commentCount":2,"publisher":{"@id":"https:\/\/sandzakpress.net\/arhiva\/#\/schema\/person\/6e72b67d6e51910a1117b3b483ba20bd"},"image":{"@id":"https:\/\/sandzakpress.net\/arhiva\/uz-narodno-ime-bosnjak-i-jezik-bosanski-ponosno-gradimo-svoju-kulturu-i-tradiciju\/#primaryimage"},"thumbnailUrl":"https:\/\/sandzakpress.net\/arhiva\/wp-content\/uploads\/2013\/08\/images.jpg","keywords":["Reisu-l-uleme Husein Kavazovi\u0107"],"articleSection":["Bosna i Hercegovina","Iz pera na\u0161ih autora"],"inLanguage":"bs-BA","potentialAction":[{"@type":"CommentAction","name":"Comment","target":["https:\/\/sandzakpress.net\/arhiva\/uz-narodno-ime-bosnjak-i-jezik-bosanski-ponosno-gradimo-svoju-kulturu-i-tradiciju\/#respond"]}]},{"@type":"WebPage","@id":"https:\/\/sandzakpress.net\/arhiva\/uz-narodno-ime-bosnjak-i-jezik-bosanski-ponosno-gradimo-svoju-kulturu-i-tradiciju\/","url":"https:\/\/sandzakpress.net\/arhiva\/uz-narodno-ime-bosnjak-i-jezik-bosanski-ponosno-gradimo-svoju-kulturu-i-tradiciju\/","name":"Uz narodno ime Bo\u0161njak i jezik bosanski, ponosno gradimo svoju kulturu i tradiciju","isPartOf":{"@id":"https:\/\/sandzakpress.net\/arhiva\/#website"},"primaryImageOfPage":{"@id":"https:\/\/sandzakpress.net\/arhiva\/uz-narodno-ime-bosnjak-i-jezik-bosanski-ponosno-gradimo-svoju-kulturu-i-tradiciju\/#primaryimage"},"image":{"@id":"https:\/\/sandzakpress.net\/arhiva\/uz-narodno-ime-bosnjak-i-jezik-bosanski-ponosno-gradimo-svoju-kulturu-i-tradiciju\/#primaryimage"},"thumbnailUrl":"https:\/\/sandzakpress.net\/arhiva\/wp-content\/uploads\/2013\/08\/images.jpg","datePublished":"2013-08-08T22:56:59+00:00","breadcrumb":{"@id":"https:\/\/sandzakpress.net\/arhiva\/uz-narodno-ime-bosnjak-i-jezik-bosanski-ponosno-gradimo-svoju-kulturu-i-tradiciju\/#breadcrumb"},"inLanguage":"bs-BA","potentialAction":[{"@type":"ReadAction","target":["https:\/\/sandzakpress.net\/arhiva\/uz-narodno-ime-bosnjak-i-jezik-bosanski-ponosno-gradimo-svoju-kulturu-i-tradiciju\/"]}]},{"@type":"ImageObject","inLanguage":"bs-BA","@id":"https:\/\/sandzakpress.net\/arhiva\/uz-narodno-ime-bosnjak-i-jezik-bosanski-ponosno-gradimo-svoju-kulturu-i-tradiciju\/#primaryimage","url":"https:\/\/sandzakpress.net\/arhiva\/wp-content\/uploads\/2013\/08\/images.jpg","contentUrl":"https:\/\/sandzakpress.net\/arhiva\/wp-content\/uploads\/2013\/08\/images.jpg","width":224,"height":225},{"@type":"BreadcrumbList","@id":"https:\/\/sandzakpress.net\/arhiva\/uz-narodno-ime-bosnjak-i-jezik-bosanski-ponosno-gradimo-svoju-kulturu-i-tradiciju\/#breadcrumb","itemListElement":[{"@type":"ListItem","position":1,"name":"Home","item":"https:\/\/sandzakpress.net\/arhiva\/"},{"@type":"ListItem","position":2,"name":"Uz narodno ime Bo\u0161njak i jezik bosanski, ponosno gradimo svoju kulturu i tradiciju"}]},{"@type":"WebSite","@id":"https:\/\/sandzakpress.net\/arhiva\/#website","url":"https:\/\/sandzakpress.net\/arhiva\/","name":"Sand\u017eak PRESS","description":"Prve elektronske novine u Sand\u017eaku","publisher":{"@id":"https:\/\/sandzakpress.net\/arhiva\/#\/schema\/person\/6e72b67d6e51910a1117b3b483ba20bd"},"potentialAction":[{"@type":"SearchAction","target":{"@type":"EntryPoint","urlTemplate":"https:\/\/sandzakpress.net\/arhiva\/?s={search_term_string}"},"query-input":{"@type":"PropertyValueSpecification","valueRequired":true,"valueName":"search_term_string"}}],"inLanguage":"bs-BA"},{"@type":["Person","Organization"],"@id":"https:\/\/sandzakpress.net\/arhiva\/#\/schema\/person\/6e72b67d6e51910a1117b3b483ba20bd","name":"Kul","image":{"@type":"ImageObject","inLanguage":"bs-BA","@id":"https:\/\/sandzakpress.net\/arhiva\/#\/schema\/person\/image\/","url":"https:\/\/secure.gravatar.com\/avatar\/42263f39aa27ac04c43cab85c280eb2e?s=96&d=mm&r=pg","contentUrl":"https:\/\/secure.gravatar.com\/avatar\/42263f39aa27ac04c43cab85c280eb2e?s=96&d=mm&r=pg","caption":"Kul"},"logo":{"@id":"https:\/\/sandzakpress.net\/arhiva\/#\/schema\/person\/image\/"}},{"@type":"Person","@id":"https:\/\/sandzakpress.net\/arhiva\/#\/schema\/person\/c8baee722073534b583ea7bdb2e36c02","name":"bosniak","image":{"@type":"ImageObject","inLanguage":"bs-BA","@id":"https:\/\/sandzakpress.net\/arhiva\/#\/schema\/person\/image\/","url":"https:\/\/secure.gravatar.com\/avatar\/a04fd330bfe3a36a72a0ad4a6d89fca7?s=96&d=mm&r=pg","contentUrl":"https:\/\/secure.gravatar.com\/avatar\/a04fd330bfe3a36a72a0ad4a6d89fca7?s=96&d=mm&r=pg","caption":"bosniak"},"url":"https:\/\/sandzakpress.net\/arhiva\/author\/bosniak\/"}]}},"_links":{"self":[{"href":"https:\/\/sandzakpress.net\/arhiva\/wp-json\/wp\/v2\/posts\/84553"}],"collection":[{"href":"https:\/\/sandzakpress.net\/arhiva\/wp-json\/wp\/v2\/posts"}],"about":[{"href":"https:\/\/sandzakpress.net\/arhiva\/wp-json\/wp\/v2\/types\/post"}],"author":[{"embeddable":true,"href":"https:\/\/sandzakpress.net\/arhiva\/wp-json\/wp\/v2\/users\/83"}],"replies":[{"embeddable":true,"href":"https:\/\/sandzakpress.net\/arhiva\/wp-json\/wp\/v2\/comments?post=84553"}],"version-history":[{"count":0,"href":"https:\/\/sandzakpress.net\/arhiva\/wp-json\/wp\/v2\/posts\/84553\/revisions"}],"wp:featuredmedia":[{"embeddable":true,"href":"https:\/\/sandzakpress.net\/arhiva\/wp-json\/wp\/v2\/media\/84554"}],"wp:attachment":[{"href":"https:\/\/sandzakpress.net\/arhiva\/wp-json\/wp\/v2\/media?parent=84553"}],"wp:term":[{"taxonomy":"category","embeddable":true,"href":"https:\/\/sandzakpress.net\/arhiva\/wp-json\/wp\/v2\/categories?post=84553"},{"taxonomy":"post_tag","embeddable":true,"href":"https:\/\/sandzakpress.net\/arhiva\/wp-json\/wp\/v2\/tags?post=84553"}],"curies":[{"name":"wp","href":"https:\/\/api.w.org\/{rel}","templated":true}]}}