{"id":84441,"date":"2013-08-07T21:01:42","date_gmt":"2013-08-07T19:01:42","guid":{"rendered":"https:\/\/sandzakpress.net\/arhiva\/?p=84441"},"modified":"2013-08-08T00:01:54","modified_gmt":"2013-08-07T22:01:54","slug":"i-zsd-protestvuje-zbog-brutalnog-ponasanja-crnogorske-policije-u-bijelom-polju","status":"publish","type":"post","link":"https:\/\/sandzakpress.net\/arhiva\/i-zsd-protestvuje-zbog-brutalnog-ponasanja-crnogorske-policije-u-bijelom-polju\/","title":{"rendered":"I ZSD protestvuje zbog brutalnog pona\u0161anja crnogorske policije u Bijelom Polju"},"content":{"rendered":"<div>\n<p><strong><img loading=\"lazy\" decoding=\"async\" class=\"size-full wp-image-84442 alignleft\" alt=\"images (3)\" src=\"https:\/\/sandzakpress.net\/arhiva\/wp-content\/uploads\/2013\/08\/images-3.jpg\" width=\"240\" height=\"175\" \/>Evropa, Bijelo Polje &#8211; Zajednica sand\u017ea\u010dke dijaspore ZSD izra\u017eava duboku zabrinutost zbog torture koju su potpredsjednici na\u0161e organizacije Ahmed Ahmatovi\u0107 i \u0160efadil Li\u010dina do\u017eivjeli od strane pripadnika Ministarstva unutra\u0161njih poslova Crne Gore 6. 8. 2013. godine u Bijelom Polju.<\/strong><\/p>\n<p>\u010celnici ZSD-a su u Bijelom Polju prisustvovali promociji nevladine organizacije \u201eSand\u017eak EU regija \u2013 SEUR\u201c, odazivaju\u0107i se na poziv osniva\u010da ove organizacije dr\u017eavljana Crne Gore.<\/p>\n<p>Nakon promocije i zajedni\u010dkog iftara, na\u0161a delegacija se u povratku susrela sa kolonom vozila u kojoj je bio Muftija Muamer-ef. Zukorli\u0107 i do\u017eivjela \u010detrdesetominutnu policijsku torturu zastra\u0161ivanja, diskrimancije, omalova\u017eavanja, prijetnje hap\u0161enjem i dr.<\/p>\n<p>Jedan od pripadnika Crnogorske policije drznuo se da gospodinu \u0160efadilu Li\u010dini pocijepa voza\u010dku dozvolu izdatu u Parizu u Republici Francuskoj, \u0161alju\u0107i na taj na\u010din poruku da u dr\u017eavi Crnoj Gori ne va\u017ee principi evropske demokratije i zakona ve\u0107 su jo\u0161 uvijek na sceni devedesete godine kada su pripadnici policijskih i vojnih formacija zastra\u0161ivanjima, torturom i prebijanjima sprovodili etni\u010dka \u010di\u0161\u0107enja i raseljavanja nepravoslavnih naroda, a naro\u010dito Bo\u0161njaka i Albanaca.<\/p>\n<p>Znajmo da Crna Gora, ovakvim opho\u0111enjem prema duhovnom poglavaru, Muftiji Zukorli\u0107u, \u0161alje poruku svim Bo\u0161njacima da su u Crnoj Gori nepo\u017eeljni sa svojim cjelokupnim identitietom, vjerom, nacijom, kulturom, jezikom i dr., te da nisu odustali od genocidnih programa zacrtanih u Njego\u0161evom \u201eGorskom vijencu\u201c. Ali i pored toga, Bo\u0161njaci ne\u0107e odustati od svoje domovine, od svog ognji\u0161ta i svog Sand\u017eaka.<\/p>\n<p>ZSD \u0107e se boriti svim raspolo\u017eivim sredstvima da se, onima koji su sa svojih ognji\u0161ta protjerani &#8216;90-tih godina, omogu\u0107i normalan boravak u svojoj domovini, te da se ovakvi slu\u010dajevi vi\u0161e nikada ne smiju ponoviti.<\/p>\n<p>U tom kontekstu, ZSD \u0107e preko svojih aktivista \u0161irom Evrope upoznati, sve relevantne institucije Evropskih dr\u017eava o odnosu Crne Gore \u201edemokratske dr\u017eave\u201c, prema svojim gra\u0111anima Bo\u0161nja\u010dke nacionalnosti.<\/p>\n<p>Potpredsjednik ZSD \u0160efadil Li\u010dina uputit \u0107e pismo ambasadorici Franscuske u Crnoj Gori Madame Dominique GAZUY, upoznati je detaljno sa ovim doga\u0111ajem i zatra\u017eiti za\u0161titu Republike Francuske.<\/p>\n<p align=\"right\"><b>Informativna slu\u017eba<\/b><\/p>\n<\/div>\n","protected":false},"excerpt":{"rendered":"<p>Evropa, Bijelo Polje &#8211; Zajednica sand\u017ea\u010dke dijaspore ZSD izra\u017eava duboku zabrinutost zbog torture koju su potpredsjednici na\u0161e organizacije Ahmed Ahmatovi\u0107 i \u0160efadil Li\u010dina do\u017eivjeli od strane pripadnika Ministarstva unutra\u0161njih poslova Crne Gore 6. 8. 2013. godine u Bijelom Polju. \u010celnici ZSD-a su u Bijelom Polju prisustvovali promociji nevladine organizacije \u201eSand\u017eak EU regija \u2013 SEUR\u201c, odazivaju\u0107i [&hellip;]<\/p>\n","protected":false},"author":83,"featured_media":84442,"comment_status":"open","ping_status":"open","sticky":false,"template":"","format":"standard","meta":{"footnotes":""},"categories":[800,9538,9539,9550,396,9544,9543,10175,10176,9548,9545,9549,8957],"tags":[10218,10293],"class_list":{"0":"post-84441","1":"post","2":"type-post","3":"status-publish","4":"format-standard","5":"has-post-thumbnail","7":"category-nacija","8":"category-njemacka-dijaspora-gradovi-vase-vijesti","9":"category-austrija-dijaspora-gradovi-vase-vijesti","10":"category-francuska-dijaspora-gradovi-vase-vijesti","11":"category-bijelo_polje","12":"category-svicarska-dijaspora-gradovi-vase-vijesti","13":"category-svedska-dijaspora-gradovi-vase-vijesti","14":"category-danska-dijaspora-gradovi-vase-vijesti","15":"category-norveska-dijaspora-gradovi-vase-vijesti","16":"category-belgija-dijaspora-gradovi-vase-vijesti","17":"category-holandija-dijaspora-gradovi-vase-vijesti","18":"category-luxemburg","19":"category-vijesti-dana","20":"tag-nepravde-crnogorske-vlasti","21":"tag-zajednica-sandzacke-dijaspore"},"yoast_head":"<!-- This site is optimized with the Yoast SEO Premium plugin v23.1 (Yoast SEO v24.9) - https:\/\/yoast.com\/wordpress\/plugins\/seo\/ -->\n<title>I ZSD protestvuje zbog brutalnog pona\u0161anja crnogorske policije u Bijelom Polju<\/title>\n<meta name=\"robots\" content=\"index, follow, max-snippet:-1, max-image-preview:large, max-video-preview:-1\" \/>\n<link rel=\"canonical\" href=\"https:\/\/sandzakpress.net\/arhiva\/i-zsd-protestvuje-zbog-brutalnog-ponasanja-crnogorske-policije-u-bijelom-polju\/\" \/>\n<meta property=\"og:locale\" content=\"bs_BA\" \/>\n<meta property=\"og:type\" content=\"article\" \/>\n<meta property=\"og:title\" content=\"I ZSD protestvuje zbog brutalnog pona\u0161anja crnogorske policije u Bijelom Polju\" \/>\n<meta property=\"og:description\" content=\"Evropa, Bijelo Polje &#8211; Zajednica sand\u017ea\u010dke dijaspore ZSD izra\u017eava duboku zabrinutost zbog torture koju su potpredsjednici na\u0161e organizacije Ahmed Ahmatovi\u0107 i \u0160efadil Li\u010dina do\u017eivjeli od strane pripadnika Ministarstva unutra\u0161njih poslova Crne Gore 6. 8. 2013. godine u Bijelom Polju. \u010celnici ZSD-a su u Bijelom Polju prisustvovali promociji nevladine organizacije \u201eSand\u017eak EU regija \u2013 SEUR\u201c, odazivaju\u0107i [&hellip;]\" \/>\n<meta property=\"og:url\" content=\"https:\/\/sandzakpress.net\/arhiva\/i-zsd-protestvuje-zbog-brutalnog-ponasanja-crnogorske-policije-u-bijelom-polju\/\" \/>\n<meta property=\"og:site_name\" content=\"Sand\u017eak PRESS\" \/>\n<meta property=\"article:published_time\" content=\"2013-08-07T19:01:42+00:00\" \/>\n<meta property=\"article:modified_time\" content=\"2013-08-07T22:01:54+00:00\" \/>\n<meta property=\"og:image\" content=\"https:\/\/sandzakpress.net\/arhiva\/wp-content\/uploads\/2013\/08\/images-3.jpg\" \/>\n\t<meta property=\"og:image:width\" content=\"240\" \/>\n\t<meta property=\"og:image:height\" content=\"175\" \/>\n\t<meta property=\"og:image:type\" content=\"image\/jpeg\" \/>\n<meta name=\"author\" content=\"bosniak\" \/>\n<meta name=\"twitter:card\" content=\"summary_large_image\" \/>\n<meta name=\"twitter:label1\" content=\"Written by\" \/>\n\t<meta name=\"twitter:data1\" content=\"bosniak\" \/>\n\t<meta name=\"twitter:label2\" content=\"Est. reading time\" \/>\n\t<meta name=\"twitter:data2\" content=\"2 minute\" \/>\n<script type=\"application\/ld+json\" class=\"yoast-schema-graph\">{\"@context\":\"https:\/\/schema.org\",\"@graph\":[{\"@type\":\"Article\",\"@id\":\"https:\/\/sandzakpress.net\/arhiva\/i-zsd-protestvuje-zbog-brutalnog-ponasanja-crnogorske-policije-u-bijelom-polju\/#article\",\"isPartOf\":{\"@id\":\"https:\/\/sandzakpress.net\/arhiva\/i-zsd-protestvuje-zbog-brutalnog-ponasanja-crnogorske-policije-u-bijelom-polju\/\"},\"author\":{\"name\":\"bosniak\",\"@id\":\"https:\/\/sandzakpress.net\/arhiva\/#\/schema\/person\/c8baee722073534b583ea7bdb2e36c02\"},\"headline\":\"I ZSD protestvuje zbog brutalnog pona\u0161anja crnogorske policije u Bijelom Polju\",\"datePublished\":\"2013-08-07T19:01:42+00:00\",\"dateModified\":\"2013-08-07T22:01:54+00:00\",\"mainEntityOfPage\":{\"@id\":\"https:\/\/sandzakpress.net\/arhiva\/i-zsd-protestvuje-zbog-brutalnog-ponasanja-crnogorske-policije-u-bijelom-polju\/\"},\"wordCount\":373,\"commentCount\":0,\"publisher\":{\"@id\":\"https:\/\/sandzakpress.net\/arhiva\/#\/schema\/person\/6e72b67d6e51910a1117b3b483ba20bd\"},\"image\":{\"@id\":\"https:\/\/sandzakpress.net\/arhiva\/i-zsd-protestvuje-zbog-brutalnog-ponasanja-crnogorske-policije-u-bijelom-polju\/#primaryimage\"},\"thumbnailUrl\":\"https:\/\/sandzakpress.net\/arhiva\/wp-content\/uploads\/2013\/08\/images-3.jpg\",\"keywords\":[\"nepravde crnogorske vlasti\",\"Zajednica sand\u017ea\u010dke dijaspore\"],\"articleSection\":[\"Nacija\",\"Njema\u010dka\",\"Austrija\",\"Francuska\",\"Bijelo Polje\",\"\u0160vicarska\",\"\u0160vedska\",\"Danska\",\"Norve\u0161ka\",\"Belgija\",\"Holandija\",\"Luksemburg\",\"VIJESTI DANA\"],\"inLanguage\":\"bs-BA\",\"potentialAction\":[{\"@type\":\"CommentAction\",\"name\":\"Comment\",\"target\":[\"https:\/\/sandzakpress.net\/arhiva\/i-zsd-protestvuje-zbog-brutalnog-ponasanja-crnogorske-policije-u-bijelom-polju\/#respond\"]}]},{\"@type\":\"WebPage\",\"@id\":\"https:\/\/sandzakpress.net\/arhiva\/i-zsd-protestvuje-zbog-brutalnog-ponasanja-crnogorske-policije-u-bijelom-polju\/\",\"url\":\"https:\/\/sandzakpress.net\/arhiva\/i-zsd-protestvuje-zbog-brutalnog-ponasanja-crnogorske-policije-u-bijelom-polju\/\",\"name\":\"I ZSD protestvuje zbog brutalnog pona\u0161anja crnogorske policije u Bijelom Polju\",\"isPartOf\":{\"@id\":\"https:\/\/sandzakpress.net\/arhiva\/#website\"},\"primaryImageOfPage\":{\"@id\":\"https:\/\/sandzakpress.net\/arhiva\/i-zsd-protestvuje-zbog-brutalnog-ponasanja-crnogorske-policije-u-bijelom-polju\/#primaryimage\"},\"image\":{\"@id\":\"https:\/\/sandzakpress.net\/arhiva\/i-zsd-protestvuje-zbog-brutalnog-ponasanja-crnogorske-policije-u-bijelom-polju\/#primaryimage\"},\"thumbnailUrl\":\"https:\/\/sandzakpress.net\/arhiva\/wp-content\/uploads\/2013\/08\/images-3.jpg\",\"datePublished\":\"2013-08-07T19:01:42+00:00\",\"dateModified\":\"2013-08-07T22:01:54+00:00\",\"breadcrumb\":{\"@id\":\"https:\/\/sandzakpress.net\/arhiva\/i-zsd-protestvuje-zbog-brutalnog-ponasanja-crnogorske-policije-u-bijelom-polju\/#breadcrumb\"},\"inLanguage\":\"bs-BA\",\"potentialAction\":[{\"@type\":\"ReadAction\",\"target\":[\"https:\/\/sandzakpress.net\/arhiva\/i-zsd-protestvuje-zbog-brutalnog-ponasanja-crnogorske-policije-u-bijelom-polju\/\"]}]},{\"@type\":\"ImageObject\",\"inLanguage\":\"bs-BA\",\"@id\":\"https:\/\/sandzakpress.net\/arhiva\/i-zsd-protestvuje-zbog-brutalnog-ponasanja-crnogorske-policije-u-bijelom-polju\/#primaryimage\",\"url\":\"https:\/\/sandzakpress.net\/arhiva\/wp-content\/uploads\/2013\/08\/images-3.jpg\",\"contentUrl\":\"https:\/\/sandzakpress.net\/arhiva\/wp-content\/uploads\/2013\/08\/images-3.jpg\",\"width\":240,\"height\":175},{\"@type\":\"BreadcrumbList\",\"@id\":\"https:\/\/sandzakpress.net\/arhiva\/i-zsd-protestvuje-zbog-brutalnog-ponasanja-crnogorske-policije-u-bijelom-polju\/#breadcrumb\",\"itemListElement\":[{\"@type\":\"ListItem\",\"position\":1,\"name\":\"Home\",\"item\":\"https:\/\/sandzakpress.net\/arhiva\/\"},{\"@type\":\"ListItem\",\"position\":2,\"name\":\"I ZSD protestvuje zbog brutalnog pona\u0161anja crnogorske policije u Bijelom Polju\"}]},{\"@type\":\"WebSite\",\"@id\":\"https:\/\/sandzakpress.net\/arhiva\/#website\",\"url\":\"https:\/\/sandzakpress.net\/arhiva\/\",\"name\":\"Sand\u017eak PRESS\",\"description\":\"Prve elektronske novine u Sand\u017eaku\",\"publisher\":{\"@id\":\"https:\/\/sandzakpress.net\/arhiva\/#\/schema\/person\/6e72b67d6e51910a1117b3b483ba20bd\"},\"potentialAction\":[{\"@type\":\"SearchAction\",\"target\":{\"@type\":\"EntryPoint\",\"urlTemplate\":\"https:\/\/sandzakpress.net\/arhiva\/?s={search_term_string}\"},\"query-input\":{\"@type\":\"PropertyValueSpecification\",\"valueRequired\":true,\"valueName\":\"search_term_string\"}}],\"inLanguage\":\"bs-BA\"},{\"@type\":[\"Person\",\"Organization\"],\"@id\":\"https:\/\/sandzakpress.net\/arhiva\/#\/schema\/person\/6e72b67d6e51910a1117b3b483ba20bd\",\"name\":\"Kul\",\"image\":{\"@type\":\"ImageObject\",\"inLanguage\":\"bs-BA\",\"@id\":\"https:\/\/sandzakpress.net\/arhiva\/#\/schema\/person\/image\/\",\"url\":\"https:\/\/secure.gravatar.com\/avatar\/42263f39aa27ac04c43cab85c280eb2e?s=96&d=mm&r=pg\",\"contentUrl\":\"https:\/\/secure.gravatar.com\/avatar\/42263f39aa27ac04c43cab85c280eb2e?s=96&d=mm&r=pg\",\"caption\":\"Kul\"},\"logo\":{\"@id\":\"https:\/\/sandzakpress.net\/arhiva\/#\/schema\/person\/image\/\"}},{\"@type\":\"Person\",\"@id\":\"https:\/\/sandzakpress.net\/arhiva\/#\/schema\/person\/c8baee722073534b583ea7bdb2e36c02\",\"name\":\"bosniak\",\"image\":{\"@type\":\"ImageObject\",\"inLanguage\":\"bs-BA\",\"@id\":\"https:\/\/sandzakpress.net\/arhiva\/#\/schema\/person\/image\/\",\"url\":\"https:\/\/secure.gravatar.com\/avatar\/a04fd330bfe3a36a72a0ad4a6d89fca7?s=96&d=mm&r=pg\",\"contentUrl\":\"https:\/\/secure.gravatar.com\/avatar\/a04fd330bfe3a36a72a0ad4a6d89fca7?s=96&d=mm&r=pg\",\"caption\":\"bosniak\"},\"url\":\"https:\/\/sandzakpress.net\/arhiva\/author\/bosniak\/\"}]}<\/script>\n<!-- \/ Yoast SEO Premium plugin. -->","yoast_head_json":{"title":"I ZSD protestvuje zbog brutalnog pona\u0161anja crnogorske policije u Bijelom Polju","robots":{"index":"index","follow":"follow","max-snippet":"max-snippet:-1","max-image-preview":"max-image-preview:large","max-video-preview":"max-video-preview:-1"},"canonical":"https:\/\/sandzakpress.net\/arhiva\/i-zsd-protestvuje-zbog-brutalnog-ponasanja-crnogorske-policije-u-bijelom-polju\/","og_locale":"bs_BA","og_type":"article","og_title":"I ZSD protestvuje zbog brutalnog pona\u0161anja crnogorske policije u Bijelom Polju","og_description":"Evropa, Bijelo Polje &#8211; Zajednica sand\u017ea\u010dke dijaspore ZSD izra\u017eava duboku zabrinutost zbog torture koju su potpredsjednici na\u0161e organizacije Ahmed Ahmatovi\u0107 i \u0160efadil Li\u010dina do\u017eivjeli od strane pripadnika Ministarstva unutra\u0161njih poslova Crne Gore 6. 8. 2013. godine u Bijelom Polju. \u010celnici ZSD-a su u Bijelom Polju prisustvovali promociji nevladine organizacije \u201eSand\u017eak EU regija \u2013 SEUR\u201c, odazivaju\u0107i [&hellip;]","og_url":"https:\/\/sandzakpress.net\/arhiva\/i-zsd-protestvuje-zbog-brutalnog-ponasanja-crnogorske-policije-u-bijelom-polju\/","og_site_name":"Sand\u017eak PRESS","article_published_time":"2013-08-07T19:01:42+00:00","article_modified_time":"2013-08-07T22:01:54+00:00","og_image":[{"width":240,"height":175,"url":"https:\/\/sandzakpress.net\/arhiva\/wp-content\/uploads\/2013\/08\/images-3.jpg","type":"image\/jpeg"}],"author":"bosniak","twitter_card":"summary_large_image","twitter_misc":{"Written by":"bosniak","Est. reading time":"2 minute"},"schema":{"@context":"https:\/\/schema.org","@graph":[{"@type":"Article","@id":"https:\/\/sandzakpress.net\/arhiva\/i-zsd-protestvuje-zbog-brutalnog-ponasanja-crnogorske-policije-u-bijelom-polju\/#article","isPartOf":{"@id":"https:\/\/sandzakpress.net\/arhiva\/i-zsd-protestvuje-zbog-brutalnog-ponasanja-crnogorske-policije-u-bijelom-polju\/"},"author":{"name":"bosniak","@id":"https:\/\/sandzakpress.net\/arhiva\/#\/schema\/person\/c8baee722073534b583ea7bdb2e36c02"},"headline":"I ZSD protestvuje zbog brutalnog pona\u0161anja crnogorske policije u Bijelom Polju","datePublished":"2013-08-07T19:01:42+00:00","dateModified":"2013-08-07T22:01:54+00:00","mainEntityOfPage":{"@id":"https:\/\/sandzakpress.net\/arhiva\/i-zsd-protestvuje-zbog-brutalnog-ponasanja-crnogorske-policije-u-bijelom-polju\/"},"wordCount":373,"commentCount":0,"publisher":{"@id":"https:\/\/sandzakpress.net\/arhiva\/#\/schema\/person\/6e72b67d6e51910a1117b3b483ba20bd"},"image":{"@id":"https:\/\/sandzakpress.net\/arhiva\/i-zsd-protestvuje-zbog-brutalnog-ponasanja-crnogorske-policije-u-bijelom-polju\/#primaryimage"},"thumbnailUrl":"https:\/\/sandzakpress.net\/arhiva\/wp-content\/uploads\/2013\/08\/images-3.jpg","keywords":["nepravde crnogorske vlasti","Zajednica sand\u017ea\u010dke dijaspore"],"articleSection":["Nacija","Njema\u010dka","Austrija","Francuska","Bijelo Polje","\u0160vicarska","\u0160vedska","Danska","Norve\u0161ka","Belgija","Holandija","Luksemburg","VIJESTI DANA"],"inLanguage":"bs-BA","potentialAction":[{"@type":"CommentAction","name":"Comment","target":["https:\/\/sandzakpress.net\/arhiva\/i-zsd-protestvuje-zbog-brutalnog-ponasanja-crnogorske-policije-u-bijelom-polju\/#respond"]}]},{"@type":"WebPage","@id":"https:\/\/sandzakpress.net\/arhiva\/i-zsd-protestvuje-zbog-brutalnog-ponasanja-crnogorske-policije-u-bijelom-polju\/","url":"https:\/\/sandzakpress.net\/arhiva\/i-zsd-protestvuje-zbog-brutalnog-ponasanja-crnogorske-policije-u-bijelom-polju\/","name":"I ZSD protestvuje zbog brutalnog pona\u0161anja crnogorske policije u Bijelom Polju","isPartOf":{"@id":"https:\/\/sandzakpress.net\/arhiva\/#website"},"primaryImageOfPage":{"@id":"https:\/\/sandzakpress.net\/arhiva\/i-zsd-protestvuje-zbog-brutalnog-ponasanja-crnogorske-policije-u-bijelom-polju\/#primaryimage"},"image":{"@id":"https:\/\/sandzakpress.net\/arhiva\/i-zsd-protestvuje-zbog-brutalnog-ponasanja-crnogorske-policije-u-bijelom-polju\/#primaryimage"},"thumbnailUrl":"https:\/\/sandzakpress.net\/arhiva\/wp-content\/uploads\/2013\/08\/images-3.jpg","datePublished":"2013-08-07T19:01:42+00:00","dateModified":"2013-08-07T22:01:54+00:00","breadcrumb":{"@id":"https:\/\/sandzakpress.net\/arhiva\/i-zsd-protestvuje-zbog-brutalnog-ponasanja-crnogorske-policije-u-bijelom-polju\/#breadcrumb"},"inLanguage":"bs-BA","potentialAction":[{"@type":"ReadAction","target":["https:\/\/sandzakpress.net\/arhiva\/i-zsd-protestvuje-zbog-brutalnog-ponasanja-crnogorske-policije-u-bijelom-polju\/"]}]},{"@type":"ImageObject","inLanguage":"bs-BA","@id":"https:\/\/sandzakpress.net\/arhiva\/i-zsd-protestvuje-zbog-brutalnog-ponasanja-crnogorske-policije-u-bijelom-polju\/#primaryimage","url":"https:\/\/sandzakpress.net\/arhiva\/wp-content\/uploads\/2013\/08\/images-3.jpg","contentUrl":"https:\/\/sandzakpress.net\/arhiva\/wp-content\/uploads\/2013\/08\/images-3.jpg","width":240,"height":175},{"@type":"BreadcrumbList","@id":"https:\/\/sandzakpress.net\/arhiva\/i-zsd-protestvuje-zbog-brutalnog-ponasanja-crnogorske-policije-u-bijelom-polju\/#breadcrumb","itemListElement":[{"@type":"ListItem","position":1,"name":"Home","item":"https:\/\/sandzakpress.net\/arhiva\/"},{"@type":"ListItem","position":2,"name":"I ZSD protestvuje zbog brutalnog pona\u0161anja crnogorske policije u Bijelom Polju"}]},{"@type":"WebSite","@id":"https:\/\/sandzakpress.net\/arhiva\/#website","url":"https:\/\/sandzakpress.net\/arhiva\/","name":"Sand\u017eak PRESS","description":"Prve elektronske novine u Sand\u017eaku","publisher":{"@id":"https:\/\/sandzakpress.net\/arhiva\/#\/schema\/person\/6e72b67d6e51910a1117b3b483ba20bd"},"potentialAction":[{"@type":"SearchAction","target":{"@type":"EntryPoint","urlTemplate":"https:\/\/sandzakpress.net\/arhiva\/?s={search_term_string}"},"query-input":{"@type":"PropertyValueSpecification","valueRequired":true,"valueName":"search_term_string"}}],"inLanguage":"bs-BA"},{"@type":["Person","Organization"],"@id":"https:\/\/sandzakpress.net\/arhiva\/#\/schema\/person\/6e72b67d6e51910a1117b3b483ba20bd","name":"Kul","image":{"@type":"ImageObject","inLanguage":"bs-BA","@id":"https:\/\/sandzakpress.net\/arhiva\/#\/schema\/person\/image\/","url":"https:\/\/secure.gravatar.com\/avatar\/42263f39aa27ac04c43cab85c280eb2e?s=96&d=mm&r=pg","contentUrl":"https:\/\/secure.gravatar.com\/avatar\/42263f39aa27ac04c43cab85c280eb2e?s=96&d=mm&r=pg","caption":"Kul"},"logo":{"@id":"https:\/\/sandzakpress.net\/arhiva\/#\/schema\/person\/image\/"}},{"@type":"Person","@id":"https:\/\/sandzakpress.net\/arhiva\/#\/schema\/person\/c8baee722073534b583ea7bdb2e36c02","name":"bosniak","image":{"@type":"ImageObject","inLanguage":"bs-BA","@id":"https:\/\/sandzakpress.net\/arhiva\/#\/schema\/person\/image\/","url":"https:\/\/secure.gravatar.com\/avatar\/a04fd330bfe3a36a72a0ad4a6d89fca7?s=96&d=mm&r=pg","contentUrl":"https:\/\/secure.gravatar.com\/avatar\/a04fd330bfe3a36a72a0ad4a6d89fca7?s=96&d=mm&r=pg","caption":"bosniak"},"url":"https:\/\/sandzakpress.net\/arhiva\/author\/bosniak\/"}]}},"_links":{"self":[{"href":"https:\/\/sandzakpress.net\/arhiva\/wp-json\/wp\/v2\/posts\/84441"}],"collection":[{"href":"https:\/\/sandzakpress.net\/arhiva\/wp-json\/wp\/v2\/posts"}],"about":[{"href":"https:\/\/sandzakpress.net\/arhiva\/wp-json\/wp\/v2\/types\/post"}],"author":[{"embeddable":true,"href":"https:\/\/sandzakpress.net\/arhiva\/wp-json\/wp\/v2\/users\/83"}],"replies":[{"embeddable":true,"href":"https:\/\/sandzakpress.net\/arhiva\/wp-json\/wp\/v2\/comments?post=84441"}],"version-history":[{"count":0,"href":"https:\/\/sandzakpress.net\/arhiva\/wp-json\/wp\/v2\/posts\/84441\/revisions"}],"wp:featuredmedia":[{"embeddable":true,"href":"https:\/\/sandzakpress.net\/arhiva\/wp-json\/wp\/v2\/media\/84442"}],"wp:attachment":[{"href":"https:\/\/sandzakpress.net\/arhiva\/wp-json\/wp\/v2\/media?parent=84441"}],"wp:term":[{"taxonomy":"category","embeddable":true,"href":"https:\/\/sandzakpress.net\/arhiva\/wp-json\/wp\/v2\/categories?post=84441"},{"taxonomy":"post_tag","embeddable":true,"href":"https:\/\/sandzakpress.net\/arhiva\/wp-json\/wp\/v2\/tags?post=84441"}],"curies":[{"name":"wp","href":"https:\/\/api.w.org\/{rel}","templated":true}]}}