{"id":84392,"date":"2013-08-07T21:39:41","date_gmt":"2013-08-07T19:39:41","guid":{"rendered":"https:\/\/sandzakpress.net\/arhiva\/?p=84392"},"modified":"2013-08-08T00:36:49","modified_gmt":"2013-08-07T22:36:49","slug":"otvoreno-pismo-muftije-predsjedniku-crne-gore","status":"publish","type":"post","link":"https:\/\/sandzakpress.net\/arhiva\/otvoreno-pismo-muftije-predsjedniku-crne-gore\/","title":{"rendered":"Otvoreno pismo Muftije Zukorli\u0107a predsjedniku Crne Gore"},"content":{"rendered":"<p><strong><img loading=\"lazy\" decoding=\"async\" class=\"alignleft size-medium wp-image-84396\" alt=\"20130306122312\" src=\"https:\/\/sandzakpress.net\/arhiva\/wp-content\/uploads\/2013\/08\/20130306122312-300x139.jpg\" width=\"300\" height=\"139\" \/>Ju\u017eni Sand\u017eak Predsjednik Republike Crne Gore G-din Filip VUJANOVI\u0106 <\/strong><\/p>\n<p>Po\u0161tovani,<\/p>\n<p>u svojstvu \u010dlana delegacije Islamske zajednice koju je predvodio reisu-l-ulema dr. Mustafa ef. Ceri\u0107, prilikom posjete Crnoj Gori, 27.07.2005. godine uprili\u010den je i susret sa Vama. Zna\u010dajan dio razgovora, obra\u0107aju\u0107i se meni, posvetili ste uvjeravanju da osamostaljenje Crne Gore i uspostava me\u0111udr\u017eavne granice u Sand\u017eaku ne\u0107e negativno uticati na uobi\u010dajenu komunikaciju Bo\u0161njaka oba dijela Sand\u017eaka.<\/p>\n<p>Komplikovane procedure prolaska novonastale granice koje ote\u017eavaju \u017eivot gra\u0111ana Sabd\u017eaka smatrali smo privremenim problemom o\u010dekuju\u0107i da se rije\u0161i. Me\u0111utim, ono \u0161to je do\u017eivjelo 30-ak gra\u0111ana Novog Pazara ju\u010de nakon odr\u017eanog iftara i promotivne skup\u0161tine nedavno formirane organizacije SAND\u017dAK EUREGIJA u Bijelom Polju, pokazuje da uspostava granice u Sand\u017eaku, izme\u0111u ostalog, ima za posljedicu cijepanje nacionalnog, kulturnog i porodi\u010dnog tkiva bo\u0161nja\u010dkog naroda.<\/p>\n<p>Vra\u0107aju\u0107i se iz Bijelog Polja oko 22 sata, saobra\u0107ajna policija zaustavila je vi\u0161e od deset vozila sa novopazarskim registarskim tablicama i drugim za koje su o\u010dito imali informaciju da prevoze one koji su sudjelovali na iftaru i promociji SAND\u017dAK EUREGIJA. Saobra\u0107ajni policajci su bili veoma drski u opho\u0111enju, insistiraju\u0107i na legitimisanju svih putnika, ignori\u0161u\u0107i upozorenje da je u koloni i delegacija Islamske zajednice na \u010delu sa Muftijom. Na pitanje za\u0161to to rade, jedan od policajaca kazao je \u201eda ima nalog odozgo i da samo radi svoj posao\u201c. Ubrzo se na lice mjesta pojavilo jo\u0161 nekoliko policijskih automobila, uklju\u010duju\u0107i i interventno vozilo. I pristigla policija se pona\u0161ala veoma drsko i bahato, fizi\u010dki nasr\u0107u\u0107i na novinare koji su nas pratili poku\u0161avaju\u0107i da im otmu kamere i fotoaparate. Nakon 40 minuta zadr\u017eavanja kolona je nastavila svojim putem.<\/p>\n<p>Ne mogu se osloboditi utiska da me ovakvo pona\u0161anje crnogorske policije vratilo u \u201990-te kada su mo\u017eda ovi isti policajci na zloglasnom punktu Ribarevina vr\u0161ili torturu nad prolaznicima bo\u0161nja\u010dke nacionalnosti. Nismo zaboravili ni torturu iste ove policije nad Bo\u0161njacima Bihora i drugih dijelova Sand\u017eaka i Crne Gore pod izgovorom tra\u017eenja oru\u017eja, gdje je mu\u010denje i politi\u010dka hap\u0161enja pro\u0161lo vi\u0161e hiljada Bo\u0161njaka.<\/p>\n<p>Ovakvi postupci vlasti nam sigurno ne\u0107e pomo\u0107i da izlije\u010dimo bolne rane iz bliske i dalje pro\u0161losti, kao \u0161to je etni\u010dko \u010di\u0161\u0107enje Bukovice, deportacija izbjeglica iz Bosne, te genocidni pohodi nad Bo\u0161njacima Kola\u0161ina, Plava, Gusinja, \u0160ahovi\u0107a, Limske Doline i Bihora.<\/p>\n<p>Nakon \u0161to su potpisali Sporazum o uspostavi prekograni\u010dne regije Sand\u017eak, predsjednik Demokratske partije socijalista Milo \u0110ukanovi\u0107 i predsjednik Bo\u0161nja\u010dke stranke Rafet Husovi\u0107, ve\u0107ina Bo\u0161njaka je glasalo za nezavisnu Crnu Goru. Njihovi glasovi, kao i historija, kultura, teritorija i narod, bo\u0161nja\u010dka su investicija u dr\u017eavu Crnu Goru, \u0161to ih \u010dini suvlasnicima ove dr\u017eave koja ima obavezu da im obezbijedi ravnopravan status sa drugim narodima i sigurnost kako bi mogli ostvarivati li\u010dna i kolektivna prava, te o\u010duvati sopstveni identitet.<\/p>\n<p>Osnivanje nevladine organizacije SAND\u017dAK EUREGIJA, registrovane kod Ministarstva unutra\u0161njih poslova Crne Gore u Registar udru\u017eenja pod brojem 6654 ima za cilj doprinos uspostavi prekograni\u010dne regije Sand\u017eak po modelu evropskih regija. Ovakav postupak policije o\u010dito ima za cilj zastra\u0161ivanje Bo\u0161njaka Bijelog Polja i njihovih gostiju, \u0161to je nezamislivo za 21. vijek i dr\u017eavu koja se promovira kao gra\u0111anska, demokratska i proevropski orjentisana.<\/p>\n<p>Nije mogu\u0107e graditi sre\u0107u Crne Gore na nesre\u0107i bo\u0161nja\u010dkog naroda. Mislim da je bilo bolje da je crnogorska vlast ispra\u0107aj Ramazana i do\u010dek Bajrama propratila boljom porukom za Bo\u0161njake i sve muslimane ovog prostora.<\/p>\n<p>Od Vas o\u010dekujemo da sa svoje pozicije poduzmete sve \u0161to je potrebno kako bi se utvrdila odgovornost i adekvatno sankcionisali krivci i nalogodavci ovog neljudskog i nezakonitog \u010dina.<\/p>\n<p align=\"center\">S po\u0161tovanjem<em>,<\/em><\/p>\n<p align=\"center\">Glavni muftija<br \/>\n<em>Muftija sand\u017ea\u010dki Muamer ef. Zukorli\u0107<\/em><em><br \/>\n<\/em><\/p>\n<p align=\"center\">\n","protected":false},"excerpt":{"rendered":"<p>Ju\u017eni Sand\u017eak Predsjednik Republike Crne Gore G-din Filip VUJANOVI\u0106 Po\u0161tovani, u svojstvu \u010dlana delegacije Islamske zajednice koju je predvodio reisu-l-ulema dr. Mustafa ef. Ceri\u0107, prilikom posjete Crnoj Gori, 27.07.2005. godine uprili\u010den je i susret sa Vama. Zna\u010dajan dio razgovora, obra\u0107aju\u0107i se meni, posvetili ste uvjeravanju da osamostaljenje Crne Gore i uspostava me\u0111udr\u017eavne granice u Sand\u017eaku [&hellip;]<\/p>\n","protected":false},"author":83,"featured_media":84397,"comment_status":"open","ping_status":"open","sticky":false,"template":"","format":"standard","meta":{"footnotes":""},"categories":[72,800,396,8957],"tags":[10204,10218,10240,10247,10288],"class_list":{"0":"post-84392","1":"post","2":"type-post","3":"status-publish","4":"format-standard","5":"has-post-thumbnail","7":"category-novi-pazar","8":"category-nacija","9":"category-bijelo_polje","10":"category-vijesti-dana","11":"tag-muftija-muamer-zukorlic","12":"tag-nepravde-crnogorske-vlasti","13":"tag-bkz","14":"tag-filip-vujanovic","15":"tag-autonomija-sandzaka"},"yoast_head":"<!-- This site is optimized with the Yoast SEO Premium plugin v23.1 (Yoast SEO v24.9) - https:\/\/yoast.com\/wordpress\/plugins\/seo\/ -->\n<title>Otvoreno pismo Muftije Zukorli\u0107a predsjedniku Crne Gore<\/title>\n<meta name=\"robots\" content=\"index, follow, max-snippet:-1, max-image-preview:large, max-video-preview:-1\" \/>\n<link rel=\"canonical\" href=\"https:\/\/sandzakpress.net\/arhiva\/otvoreno-pismo-muftije-predsjedniku-crne-gore\/\" \/>\n<meta property=\"og:locale\" content=\"bs_BA\" \/>\n<meta property=\"og:type\" content=\"article\" \/>\n<meta property=\"og:title\" content=\"Otvoreno pismo Muftije Zukorli\u0107a predsjedniku Crne Gore\" \/>\n<meta property=\"og:description\" content=\"Ju\u017eni Sand\u017eak Predsjednik Republike Crne Gore G-din Filip VUJANOVI\u0106 Po\u0161tovani, u svojstvu \u010dlana delegacije Islamske zajednice koju je predvodio reisu-l-ulema dr. Mustafa ef. Ceri\u0107, prilikom posjete Crnoj Gori, 27.07.2005. godine uprili\u010den je i susret sa Vama. Zna\u010dajan dio razgovora, obra\u0107aju\u0107i se meni, posvetili ste uvjeravanju da osamostaljenje Crne Gore i uspostava me\u0111udr\u017eavne granice u Sand\u017eaku [&hellip;]\" \/>\n<meta property=\"og:url\" content=\"https:\/\/sandzakpress.net\/arhiva\/otvoreno-pismo-muftije-predsjedniku-crne-gore\/\" \/>\n<meta property=\"og:site_name\" content=\"Sand\u017eak PRESS\" \/>\n<meta property=\"article:published_time\" content=\"2013-08-07T19:39:41+00:00\" \/>\n<meta property=\"article:modified_time\" content=\"2013-08-07T22:36:49+00:00\" \/>\n<meta property=\"og:image\" content=\"https:\/\/sandzakpress.net\/arhiva\/wp-content\/uploads\/2013\/08\/201303061223121.jpg\" \/>\n\t<meta property=\"og:image:width\" content=\"616\" \/>\n\t<meta property=\"og:image:height\" content=\"287\" \/>\n\t<meta property=\"og:image:type\" content=\"image\/jpeg\" \/>\n<meta name=\"author\" content=\"bosniak\" \/>\n<meta name=\"twitter:card\" content=\"summary_large_image\" \/>\n<meta name=\"twitter:label1\" content=\"Written by\" \/>\n\t<meta name=\"twitter:data1\" content=\"bosniak\" \/>\n\t<meta name=\"twitter:label2\" content=\"Est. reading time\" \/>\n\t<meta name=\"twitter:data2\" content=\"3 minute\" \/>\n<script type=\"application\/ld+json\" class=\"yoast-schema-graph\">{\"@context\":\"https:\/\/schema.org\",\"@graph\":[{\"@type\":\"Article\",\"@id\":\"https:\/\/sandzakpress.net\/arhiva\/otvoreno-pismo-muftije-predsjedniku-crne-gore\/#article\",\"isPartOf\":{\"@id\":\"https:\/\/sandzakpress.net\/arhiva\/otvoreno-pismo-muftije-predsjedniku-crne-gore\/\"},\"author\":{\"name\":\"bosniak\",\"@id\":\"https:\/\/sandzakpress.net\/arhiva\/#\/schema\/person\/c8baee722073534b583ea7bdb2e36c02\"},\"headline\":\"Otvoreno pismo Muftije Zukorli\u0107a predsjedniku Crne Gore\",\"datePublished\":\"2013-08-07T19:39:41+00:00\",\"dateModified\":\"2013-08-07T22:36:49+00:00\",\"mainEntityOfPage\":{\"@id\":\"https:\/\/sandzakpress.net\/arhiva\/otvoreno-pismo-muftije-predsjedniku-crne-gore\/\"},\"wordCount\":683,\"commentCount\":15,\"publisher\":{\"@id\":\"https:\/\/sandzakpress.net\/arhiva\/#\/schema\/person\/6e72b67d6e51910a1117b3b483ba20bd\"},\"image\":{\"@id\":\"https:\/\/sandzakpress.net\/arhiva\/otvoreno-pismo-muftije-predsjedniku-crne-gore\/#primaryimage\"},\"thumbnailUrl\":\"https:\/\/sandzakpress.net\/arhiva\/wp-content\/uploads\/2013\/08\/201303061223121.jpg\",\"keywords\":[\"muftija Muamer Zukorli\u0107\",\"nepravde crnogorske vlasti\",\"BKZ\",\"Filip Vujanovi\u0107\",\"Autonomija Sand\u017eaka\"],\"articleSection\":[\"Novi Pazar\",\"Nacija\",\"Bijelo Polje\",\"VIJESTI DANA\"],\"inLanguage\":\"bs-BA\",\"potentialAction\":[{\"@type\":\"CommentAction\",\"name\":\"Comment\",\"target\":[\"https:\/\/sandzakpress.net\/arhiva\/otvoreno-pismo-muftije-predsjedniku-crne-gore\/#respond\"]}]},{\"@type\":\"WebPage\",\"@id\":\"https:\/\/sandzakpress.net\/arhiva\/otvoreno-pismo-muftije-predsjedniku-crne-gore\/\",\"url\":\"https:\/\/sandzakpress.net\/arhiva\/otvoreno-pismo-muftije-predsjedniku-crne-gore\/\",\"name\":\"Otvoreno pismo Muftije Zukorli\u0107a predsjedniku Crne Gore\",\"isPartOf\":{\"@id\":\"https:\/\/sandzakpress.net\/arhiva\/#website\"},\"primaryImageOfPage\":{\"@id\":\"https:\/\/sandzakpress.net\/arhiva\/otvoreno-pismo-muftije-predsjedniku-crne-gore\/#primaryimage\"},\"image\":{\"@id\":\"https:\/\/sandzakpress.net\/arhiva\/otvoreno-pismo-muftije-predsjedniku-crne-gore\/#primaryimage\"},\"thumbnailUrl\":\"https:\/\/sandzakpress.net\/arhiva\/wp-content\/uploads\/2013\/08\/201303061223121.jpg\",\"datePublished\":\"2013-08-07T19:39:41+00:00\",\"dateModified\":\"2013-08-07T22:36:49+00:00\",\"breadcrumb\":{\"@id\":\"https:\/\/sandzakpress.net\/arhiva\/otvoreno-pismo-muftije-predsjedniku-crne-gore\/#breadcrumb\"},\"inLanguage\":\"bs-BA\",\"potentialAction\":[{\"@type\":\"ReadAction\",\"target\":[\"https:\/\/sandzakpress.net\/arhiva\/otvoreno-pismo-muftije-predsjedniku-crne-gore\/\"]}]},{\"@type\":\"ImageObject\",\"inLanguage\":\"bs-BA\",\"@id\":\"https:\/\/sandzakpress.net\/arhiva\/otvoreno-pismo-muftije-predsjedniku-crne-gore\/#primaryimage\",\"url\":\"https:\/\/sandzakpress.net\/arhiva\/wp-content\/uploads\/2013\/08\/201303061223121.jpg\",\"contentUrl\":\"https:\/\/sandzakpress.net\/arhiva\/wp-content\/uploads\/2013\/08\/201303061223121.jpg\",\"width\":616,\"height\":287},{\"@type\":\"BreadcrumbList\",\"@id\":\"https:\/\/sandzakpress.net\/arhiva\/otvoreno-pismo-muftije-predsjedniku-crne-gore\/#breadcrumb\",\"itemListElement\":[{\"@type\":\"ListItem\",\"position\":1,\"name\":\"Home\",\"item\":\"https:\/\/sandzakpress.net\/arhiva\/\"},{\"@type\":\"ListItem\",\"position\":2,\"name\":\"Otvoreno pismo Muftije Zukorli\u0107a predsjedniku Crne Gore\"}]},{\"@type\":\"WebSite\",\"@id\":\"https:\/\/sandzakpress.net\/arhiva\/#website\",\"url\":\"https:\/\/sandzakpress.net\/arhiva\/\",\"name\":\"Sand\u017eak PRESS\",\"description\":\"Prve elektronske novine u Sand\u017eaku\",\"publisher\":{\"@id\":\"https:\/\/sandzakpress.net\/arhiva\/#\/schema\/person\/6e72b67d6e51910a1117b3b483ba20bd\"},\"potentialAction\":[{\"@type\":\"SearchAction\",\"target\":{\"@type\":\"EntryPoint\",\"urlTemplate\":\"https:\/\/sandzakpress.net\/arhiva\/?s={search_term_string}\"},\"query-input\":{\"@type\":\"PropertyValueSpecification\",\"valueRequired\":true,\"valueName\":\"search_term_string\"}}],\"inLanguage\":\"bs-BA\"},{\"@type\":[\"Person\",\"Organization\"],\"@id\":\"https:\/\/sandzakpress.net\/arhiva\/#\/schema\/person\/6e72b67d6e51910a1117b3b483ba20bd\",\"name\":\"Kul\",\"image\":{\"@type\":\"ImageObject\",\"inLanguage\":\"bs-BA\",\"@id\":\"https:\/\/sandzakpress.net\/arhiva\/#\/schema\/person\/image\/\",\"url\":\"https:\/\/secure.gravatar.com\/avatar\/42263f39aa27ac04c43cab85c280eb2e?s=96&d=mm&r=pg\",\"contentUrl\":\"https:\/\/secure.gravatar.com\/avatar\/42263f39aa27ac04c43cab85c280eb2e?s=96&d=mm&r=pg\",\"caption\":\"Kul\"},\"logo\":{\"@id\":\"https:\/\/sandzakpress.net\/arhiva\/#\/schema\/person\/image\/\"}},{\"@type\":\"Person\",\"@id\":\"https:\/\/sandzakpress.net\/arhiva\/#\/schema\/person\/c8baee722073534b583ea7bdb2e36c02\",\"name\":\"bosniak\",\"image\":{\"@type\":\"ImageObject\",\"inLanguage\":\"bs-BA\",\"@id\":\"https:\/\/sandzakpress.net\/arhiva\/#\/schema\/person\/image\/\",\"url\":\"https:\/\/secure.gravatar.com\/avatar\/a04fd330bfe3a36a72a0ad4a6d89fca7?s=96&d=mm&r=pg\",\"contentUrl\":\"https:\/\/secure.gravatar.com\/avatar\/a04fd330bfe3a36a72a0ad4a6d89fca7?s=96&d=mm&r=pg\",\"caption\":\"bosniak\"},\"url\":\"https:\/\/sandzakpress.net\/arhiva\/author\/bosniak\/\"}]}<\/script>\n<!-- \/ Yoast SEO Premium plugin. -->","yoast_head_json":{"title":"Otvoreno pismo Muftije Zukorli\u0107a predsjedniku Crne Gore","robots":{"index":"index","follow":"follow","max-snippet":"max-snippet:-1","max-image-preview":"max-image-preview:large","max-video-preview":"max-video-preview:-1"},"canonical":"https:\/\/sandzakpress.net\/arhiva\/otvoreno-pismo-muftije-predsjedniku-crne-gore\/","og_locale":"bs_BA","og_type":"article","og_title":"Otvoreno pismo Muftije Zukorli\u0107a predsjedniku Crne Gore","og_description":"Ju\u017eni Sand\u017eak Predsjednik Republike Crne Gore G-din Filip VUJANOVI\u0106 Po\u0161tovani, u svojstvu \u010dlana delegacije Islamske zajednice koju je predvodio reisu-l-ulema dr. Mustafa ef. Ceri\u0107, prilikom posjete Crnoj Gori, 27.07.2005. godine uprili\u010den je i susret sa Vama. Zna\u010dajan dio razgovora, obra\u0107aju\u0107i se meni, posvetili ste uvjeravanju da osamostaljenje Crne Gore i uspostava me\u0111udr\u017eavne granice u Sand\u017eaku [&hellip;]","og_url":"https:\/\/sandzakpress.net\/arhiva\/otvoreno-pismo-muftije-predsjedniku-crne-gore\/","og_site_name":"Sand\u017eak PRESS","article_published_time":"2013-08-07T19:39:41+00:00","article_modified_time":"2013-08-07T22:36:49+00:00","og_image":[{"width":616,"height":287,"url":"https:\/\/sandzakpress.net\/arhiva\/wp-content\/uploads\/2013\/08\/201303061223121.jpg","type":"image\/jpeg"}],"author":"bosniak","twitter_card":"summary_large_image","twitter_misc":{"Written by":"bosniak","Est. reading time":"3 minute"},"schema":{"@context":"https:\/\/schema.org","@graph":[{"@type":"Article","@id":"https:\/\/sandzakpress.net\/arhiva\/otvoreno-pismo-muftije-predsjedniku-crne-gore\/#article","isPartOf":{"@id":"https:\/\/sandzakpress.net\/arhiva\/otvoreno-pismo-muftije-predsjedniku-crne-gore\/"},"author":{"name":"bosniak","@id":"https:\/\/sandzakpress.net\/arhiva\/#\/schema\/person\/c8baee722073534b583ea7bdb2e36c02"},"headline":"Otvoreno pismo Muftije Zukorli\u0107a predsjedniku Crne Gore","datePublished":"2013-08-07T19:39:41+00:00","dateModified":"2013-08-07T22:36:49+00:00","mainEntityOfPage":{"@id":"https:\/\/sandzakpress.net\/arhiva\/otvoreno-pismo-muftije-predsjedniku-crne-gore\/"},"wordCount":683,"commentCount":15,"publisher":{"@id":"https:\/\/sandzakpress.net\/arhiva\/#\/schema\/person\/6e72b67d6e51910a1117b3b483ba20bd"},"image":{"@id":"https:\/\/sandzakpress.net\/arhiva\/otvoreno-pismo-muftije-predsjedniku-crne-gore\/#primaryimage"},"thumbnailUrl":"https:\/\/sandzakpress.net\/arhiva\/wp-content\/uploads\/2013\/08\/201303061223121.jpg","keywords":["muftija Muamer Zukorli\u0107","nepravde crnogorske vlasti","BKZ","Filip Vujanovi\u0107","Autonomija Sand\u017eaka"],"articleSection":["Novi Pazar","Nacija","Bijelo Polje","VIJESTI DANA"],"inLanguage":"bs-BA","potentialAction":[{"@type":"CommentAction","name":"Comment","target":["https:\/\/sandzakpress.net\/arhiva\/otvoreno-pismo-muftije-predsjedniku-crne-gore\/#respond"]}]},{"@type":"WebPage","@id":"https:\/\/sandzakpress.net\/arhiva\/otvoreno-pismo-muftije-predsjedniku-crne-gore\/","url":"https:\/\/sandzakpress.net\/arhiva\/otvoreno-pismo-muftije-predsjedniku-crne-gore\/","name":"Otvoreno pismo Muftije Zukorli\u0107a predsjedniku Crne Gore","isPartOf":{"@id":"https:\/\/sandzakpress.net\/arhiva\/#website"},"primaryImageOfPage":{"@id":"https:\/\/sandzakpress.net\/arhiva\/otvoreno-pismo-muftije-predsjedniku-crne-gore\/#primaryimage"},"image":{"@id":"https:\/\/sandzakpress.net\/arhiva\/otvoreno-pismo-muftije-predsjedniku-crne-gore\/#primaryimage"},"thumbnailUrl":"https:\/\/sandzakpress.net\/arhiva\/wp-content\/uploads\/2013\/08\/201303061223121.jpg","datePublished":"2013-08-07T19:39:41+00:00","dateModified":"2013-08-07T22:36:49+00:00","breadcrumb":{"@id":"https:\/\/sandzakpress.net\/arhiva\/otvoreno-pismo-muftije-predsjedniku-crne-gore\/#breadcrumb"},"inLanguage":"bs-BA","potentialAction":[{"@type":"ReadAction","target":["https:\/\/sandzakpress.net\/arhiva\/otvoreno-pismo-muftije-predsjedniku-crne-gore\/"]}]},{"@type":"ImageObject","inLanguage":"bs-BA","@id":"https:\/\/sandzakpress.net\/arhiva\/otvoreno-pismo-muftije-predsjedniku-crne-gore\/#primaryimage","url":"https:\/\/sandzakpress.net\/arhiva\/wp-content\/uploads\/2013\/08\/201303061223121.jpg","contentUrl":"https:\/\/sandzakpress.net\/arhiva\/wp-content\/uploads\/2013\/08\/201303061223121.jpg","width":616,"height":287},{"@type":"BreadcrumbList","@id":"https:\/\/sandzakpress.net\/arhiva\/otvoreno-pismo-muftije-predsjedniku-crne-gore\/#breadcrumb","itemListElement":[{"@type":"ListItem","position":1,"name":"Home","item":"https:\/\/sandzakpress.net\/arhiva\/"},{"@type":"ListItem","position":2,"name":"Otvoreno pismo Muftije Zukorli\u0107a predsjedniku Crne Gore"}]},{"@type":"WebSite","@id":"https:\/\/sandzakpress.net\/arhiva\/#website","url":"https:\/\/sandzakpress.net\/arhiva\/","name":"Sand\u017eak PRESS","description":"Prve elektronske novine u Sand\u017eaku","publisher":{"@id":"https:\/\/sandzakpress.net\/arhiva\/#\/schema\/person\/6e72b67d6e51910a1117b3b483ba20bd"},"potentialAction":[{"@type":"SearchAction","target":{"@type":"EntryPoint","urlTemplate":"https:\/\/sandzakpress.net\/arhiva\/?s={search_term_string}"},"query-input":{"@type":"PropertyValueSpecification","valueRequired":true,"valueName":"search_term_string"}}],"inLanguage":"bs-BA"},{"@type":["Person","Organization"],"@id":"https:\/\/sandzakpress.net\/arhiva\/#\/schema\/person\/6e72b67d6e51910a1117b3b483ba20bd","name":"Kul","image":{"@type":"ImageObject","inLanguage":"bs-BA","@id":"https:\/\/sandzakpress.net\/arhiva\/#\/schema\/person\/image\/","url":"https:\/\/secure.gravatar.com\/avatar\/42263f39aa27ac04c43cab85c280eb2e?s=96&d=mm&r=pg","contentUrl":"https:\/\/secure.gravatar.com\/avatar\/42263f39aa27ac04c43cab85c280eb2e?s=96&d=mm&r=pg","caption":"Kul"},"logo":{"@id":"https:\/\/sandzakpress.net\/arhiva\/#\/schema\/person\/image\/"}},{"@type":"Person","@id":"https:\/\/sandzakpress.net\/arhiva\/#\/schema\/person\/c8baee722073534b583ea7bdb2e36c02","name":"bosniak","image":{"@type":"ImageObject","inLanguage":"bs-BA","@id":"https:\/\/sandzakpress.net\/arhiva\/#\/schema\/person\/image\/","url":"https:\/\/secure.gravatar.com\/avatar\/a04fd330bfe3a36a72a0ad4a6d89fca7?s=96&d=mm&r=pg","contentUrl":"https:\/\/secure.gravatar.com\/avatar\/a04fd330bfe3a36a72a0ad4a6d89fca7?s=96&d=mm&r=pg","caption":"bosniak"},"url":"https:\/\/sandzakpress.net\/arhiva\/author\/bosniak\/"}]}},"_links":{"self":[{"href":"https:\/\/sandzakpress.net\/arhiva\/wp-json\/wp\/v2\/posts\/84392"}],"collection":[{"href":"https:\/\/sandzakpress.net\/arhiva\/wp-json\/wp\/v2\/posts"}],"about":[{"href":"https:\/\/sandzakpress.net\/arhiva\/wp-json\/wp\/v2\/types\/post"}],"author":[{"embeddable":true,"href":"https:\/\/sandzakpress.net\/arhiva\/wp-json\/wp\/v2\/users\/83"}],"replies":[{"embeddable":true,"href":"https:\/\/sandzakpress.net\/arhiva\/wp-json\/wp\/v2\/comments?post=84392"}],"version-history":[{"count":0,"href":"https:\/\/sandzakpress.net\/arhiva\/wp-json\/wp\/v2\/posts\/84392\/revisions"}],"wp:featuredmedia":[{"embeddable":true,"href":"https:\/\/sandzakpress.net\/arhiva\/wp-json\/wp\/v2\/media\/84397"}],"wp:attachment":[{"href":"https:\/\/sandzakpress.net\/arhiva\/wp-json\/wp\/v2\/media?parent=84392"}],"wp:term":[{"taxonomy":"category","embeddable":true,"href":"https:\/\/sandzakpress.net\/arhiva\/wp-json\/wp\/v2\/categories?post=84392"},{"taxonomy":"post_tag","embeddable":true,"href":"https:\/\/sandzakpress.net\/arhiva\/wp-json\/wp\/v2\/tags?post=84392"}],"curies":[{"name":"wp","href":"https:\/\/api.w.org\/{rel}","templated":true}]}}