{"id":84259,"date":"2013-08-06T17:35:16","date_gmt":"2013-08-06T15:35:16","guid":{"rendered":"https:\/\/sandzakpress.net\/arhiva\/?p=84259"},"modified":"2013-08-06T18:31:03","modified_gmt":"2013-08-06T16:31:03","slug":"kamen-temeljac-za-bkc-i-zajednicki-iftar-u-petnjici-sposobnost-da-gradis-znaci-sposobnost-da-zivis","status":"publish","type":"post","link":"https:\/\/sandzakpress.net\/arhiva\/kamen-temeljac-za-bkc-i-zajednicki-iftar-u-petnjici-sposobnost-da-gradis-znaci-sposobnost-da-zivis\/","title":{"rendered":"Kamen temeljac za Bo\u0161nja\u010dki kulturni centar u Petnjici i zajedni\u010dki iftar"},"content":{"rendered":"<p><img loading=\"lazy\" decoding=\"async\" alt=\"festival islama 2013 - petnjica 07\" src=\"https:\/\/sandzakpress.net\/arhiva\/wp-content\/uploads\/2013\/08\/festival-islama-2013-petnjica-07.jpg\" width=\"620\" height=\"412\" \/><\/p>\n<p><strong>Petnjica &#8211; U Petnjici je ju\u010der, 5. avgusta 2013., postavljen je kamen temeljac za izgradnju Bo\u0161nja\u010dkog kulturnog centra u Petnjici. Kamen temeljac je postavio muftija sand\u017ea\u010dki Muamer-ef. Zukorli\u0107, nakon \u010dega je uprili\u010den zajedni\u010dki iftar na vakufskoj parceli BKC-a.<\/strong><!--more--><\/p>\n<div class=\"youtube-embed\" data-video_id=\"xbqs3RAFFMM\"><iframe loading=\"lazy\" title=\"Nije problem \u0161to Muftija ne prima ispod 500 eura, ve\u0107 je problem \u0161to Bo\u0161njaci ho\u0107e da daju\" width=\"696\" height=\"522\" src=\"https:\/\/www.youtube.com\/embed\/xbqs3RAFFMM?feature=oembed&#038;enablejsapi=1\" frameborder=\"0\" allow=\"accelerometer; autoplay; encrypted-media; gyroscope; picture-in-picture\" allowfullscreen><\/iframe><\/div>\n<p>Iftaru je prisustvovao veliki broj Petnji\u010dana ali i gostiju iz ostalih op\u0161tina i gradova Sand\u017eaka. Posebni gosti sve\u010danosti u povodu kamena temeljca i na iftaru bile su delegacije nacionalnih institucija, ugledni sand\u017ea\u010dki biznismeni iz dijaspore te predstavnici bo\u0161nja\u010dkih politi\u010dkih partija kao i lokalne vlasti u Beranama.<\/p>\n<p>U svojstvu doma\u0107ina skupu se obratio Almir Muratovi\u0107 \u2013 predsjednik OO BKZ Perane i Petnjica. On je izrazio zahvalnost na prisustvu, posebno zvani\u010dnicima, posebno muftiji sand\u017ea\u010dkom. Muratovi\u0107 je govorio o zna\u010daju ovog centra za Bihorski kraj, ali i o povezanosti Bihora i Pe\u0161teri kao jedne oblasti koja se ne mo\u017ee raskidati.<\/p>\n<p>\u201eBihor i Pe\u0161ter su jedno. Zato danas, kamen temeljac za izgradnju ovog centra donijeli smo sa Pe\u0161teri, kako bi se zauvijek znalo da je kamen sa Pe\u0161teri ugra\u0111en u ovaj obejakt, i kako se nikad nebi zaboravilo na povezanost naroda ovih predjela\u201c. \u2013 kazao je Muratovi\u0107.<\/p>\n<p>Potom se obratio muftija sand\u017ea\u010dki Muamer-ef. Zukorli\u0107.<\/p>\n<p>Muftija je kazao da zna\u010daj Bo\u0161nja\u010dkog kulturnog centra Petnjica jeste toliko va\u017ean jer se ovim projektom stavlja ta\u010dka na stogodi\u0161nje progone i iseljavanja Bo\u0161njaka ovih krajeva, te se okre\u0107e novi list u na\u0161oj historiji gdje \u0107e Bo\u0161njaci biti svjesni svoje vjere nacije i kulture.<\/p>\n<p>\u201eOvaj narod ima snage da se zavjetuje, da vi\u0161e ne\u0107e i\u0107i pognute glave, da se ne\u0107e pravdati zato \u0161to je Bo\u0161njak, \u0161to je musliman, \u0161to posti, \u0161to klanja, \u0161to ima svoje vlastito i nacionalno ime. I ne samo da \u0107e to uvjerenje gajiti u svojoj du\u0161i i srcu, ve\u0107 \u0107e ga to uvjerenje pokrenuti da ne\u0161to u\u010dini. I ba\u0161 zato \u0161to se ta svijest pokrenula mi se nalazimo ve\u010deras ovdje da polo\u017eimo kamen temeljac za BKC Petnjica i da zajedno iftarimo.\u201c \u2013 kazao je Muftija.<\/p>\n<p>Muftija se osvrnuo i na medijsku hajku koja je propratila prikupljanje sredstava u Luksemburgu za izgradnju Bo\u0161nja\u010dkog kulturnog centra Petnjica, kojom je poku\u0161ano zaustaviti donatorstva velikog broja ljudi iz dijaspore.<\/p>\n<p>\u201eKada sam vidio sa kavnom su pa\u017enjom medijiu Beogradu, Podgorici pa i Sarajevu, propratili donatorski skup u Luksemburgu kojeg sam provodio, neki moji prijatelji su se uznemirili a ja sam se obradovao. Va\u017ene stvari u na\u0161oj tradiciji uvijek prati neka vrsta \u0161enluka i d\u017eumbusa. Dakle, desila se historijski bitna stvar, a to je upravo ovaj zaokret. Jer, na\u0161i neprijatelji bi puno lak\u0161e prihvatili da se gradi kulturni centar u nekim od velikih gradova Sand\u017eaka, a ne u Petnjici. Jer sposobnost da gradi\u0161, zna\u010di sposobnost da \u017eivi\u0161.\u201c \u2013 kazao je Muftija i dodao da se medijskom harangom protiv BKC Petnjica postigao kontra efekat, te da ljudi sve vi\u0161e zovu i \u0161alju donacije za ovaj centar, a i Petnjica je u medijima ispromovirana.<\/p>\n<p>Nakon obra\u0107anja Muftija je polo\u017eio kamen temeljac, \u0161to je propra\u0107eno tekbirima, nakon \u010dega je uslijedio iftarski ezan i na kraju dova koju je prou\u010dio pomo\u0107nik Muftije sand\u017ea\u010dkog za Ju\u017eni Sand\u017eak hfz. Abdurahman-ef. Kujevi\u0107.<\/p>\n<p><strong>(Mesihat.org)<\/strong><\/p>\n<p><img loading=\"lazy\" decoding=\"async\" class=\"aligncenter size-full wp-image-84269\" alt=\"festival islama 2013 - petnjica 21\" src=\"https:\/\/sandzakpress.net\/arhiva\/wp-content\/uploads\/2013\/08\/festival-islama-2013-petnjica-21.jpg\" width=\"620\" height=\"412\" \/><\/p>\n<p><img loading=\"lazy\" decoding=\"async\" class=\"aligncenter size-full wp-image-84268\" alt=\"festival islama 2013 - petnjica 20\" src=\"https:\/\/sandzakpress.net\/arhiva\/wp-content\/uploads\/2013\/08\/festival-islama-2013-petnjica-20.jpg\" width=\"620\" height=\"412\" \/><\/p>\n<p><img loading=\"lazy\" decoding=\"async\" class=\"aligncenter size-full wp-image-84267\" alt=\"festival islama 2013 - petnjica 18\" src=\"https:\/\/sandzakpress.net\/arhiva\/wp-content\/uploads\/2013\/08\/festival-islama-2013-petnjica-18.jpg\" width=\"620\" height=\"412\" \/><\/p>\n<p><img loading=\"lazy\" decoding=\"async\" class=\"aligncenter size-full wp-image-84266\" alt=\"festival islama 2013 - petnjica 14\" src=\"https:\/\/sandzakpress.net\/arhiva\/wp-content\/uploads\/2013\/08\/festival-islama-2013-petnjica-14.jpg\" width=\"620\" height=\"412\" \/><\/p>\n<p><img loading=\"lazy\" decoding=\"async\" class=\"aligncenter size-full wp-image-84265\" alt=\"festival islama 2013 - petnjica 12\" src=\"https:\/\/sandzakpress.net\/arhiva\/wp-content\/uploads\/2013\/08\/festival-islama-2013-petnjica-121.jpg\" width=\"620\" height=\"412\" \/><\/p>\n<p><img loading=\"lazy\" decoding=\"async\" class=\"aligncenter size-full wp-image-84264\" alt=\"festival islama 2013 - petnjica 11\" src=\"https:\/\/sandzakpress.net\/arhiva\/wp-content\/uploads\/2013\/08\/festival-islama-2013-petnjica-11.jpg\" width=\"620\" height=\"412\" \/><\/p>\n<p><img loading=\"lazy\" decoding=\"async\" class=\"aligncenter size-full wp-image-84261\" alt=\"festival islama 2013 - petnjica 01\" src=\"https:\/\/sandzakpress.net\/arhiva\/wp-content\/uploads\/2013\/08\/festival-islama-2013-petnjica-01.jpg\" width=\"620\" height=\"412\" \/><\/p>\n<p>&nbsp;<\/p>\n<p>&nbsp;<\/p>\n","protected":false},"excerpt":{"rendered":"<p>Petnjica &#8211; U Petnjici je ju\u010der, 5. avgusta 2013., postavljen je kamen temeljac za izgradnju Bo\u0161nja\u010dkog kulturnog centra u Petnjici. Kamen temeljac je postavio muftija sand\u017ea\u010dki Muamer-ef. Zukorli\u0107, nakon \u010dega je uprili\u010den zajedni\u010dki iftar na vakufskoj parceli BKC-a.<\/p>\n","protected":false},"author":83,"featured_media":84268,"comment_status":"open","ping_status":"open","sticky":false,"template":"","format":"standard","meta":{"footnotes":""},"categories":[800,397,10174,8957],"tags":[10204,10240],"class_list":{"0":"post-84259","1":"post","2":"type-post","3":"status-publish","4":"format-standard","5":"has-post-thumbnail","7":"category-nacija","8":"category-berane","9":"category-petnjica-vase-vijesti","10":"category-vijesti-dana","11":"tag-muftija-muamer-zukorlic","12":"tag-bkz"},"yoast_head":"<!-- This site is optimized with the Yoast SEO Premium plugin v23.1 (Yoast SEO v24.9) - https:\/\/yoast.com\/wordpress\/plugins\/seo\/ -->\n<title>Kamen temeljac za Bo\u0161nja\u010dki kulturni centar u Petnjici i zajedni\u010dki iftar<\/title>\n<meta name=\"robots\" content=\"index, follow, max-snippet:-1, max-image-preview:large, max-video-preview:-1\" \/>\n<link rel=\"canonical\" href=\"https:\/\/sandzakpress.net\/arhiva\/kamen-temeljac-za-bkc-i-zajednicki-iftar-u-petnjici-sposobnost-da-gradis-znaci-sposobnost-da-zivis\/\" \/>\n<meta property=\"og:locale\" content=\"bs_BA\" \/>\n<meta property=\"og:type\" content=\"article\" \/>\n<meta property=\"og:title\" content=\"Kamen temeljac za Bo\u0161nja\u010dki kulturni centar u Petnjici i zajedni\u010dki iftar\" \/>\n<meta property=\"og:description\" content=\"Petnjica &#8211; U Petnjici je ju\u010der, 5. avgusta 2013., postavljen je kamen temeljac za izgradnju Bo\u0161nja\u010dkog kulturnog centra u Petnjici. Kamen temeljac je postavio muftija sand\u017ea\u010dki Muamer-ef. Zukorli\u0107, nakon \u010dega je uprili\u010den zajedni\u010dki iftar na vakufskoj parceli BKC-a.\" \/>\n<meta property=\"og:url\" content=\"https:\/\/sandzakpress.net\/arhiva\/kamen-temeljac-za-bkc-i-zajednicki-iftar-u-petnjici-sposobnost-da-gradis-znaci-sposobnost-da-zivis\/\" \/>\n<meta property=\"og:site_name\" content=\"Sand\u017eak PRESS\" \/>\n<meta property=\"article:published_time\" content=\"2013-08-06T15:35:16+00:00\" \/>\n<meta property=\"article:modified_time\" content=\"2013-08-06T16:31:03+00:00\" \/>\n<meta property=\"og:image\" content=\"https:\/\/sandzakpress.net\/arhiva\/wp-content\/uploads\/2013\/08\/festival-islama-2013-petnjica-20.jpg\" \/>\n\t<meta property=\"og:image:width\" content=\"616\" \/>\n\t<meta property=\"og:image:height\" content=\"409\" \/>\n\t<meta property=\"og:image:type\" content=\"image\/jpeg\" \/>\n<meta name=\"author\" content=\"bosniak\" \/>\n<meta name=\"twitter:card\" content=\"summary_large_image\" \/>\n<meta name=\"twitter:label1\" content=\"Written by\" \/>\n\t<meta name=\"twitter:data1\" content=\"bosniak\" \/>\n\t<meta name=\"twitter:label2\" content=\"Est. reading time\" \/>\n\t<meta name=\"twitter:data2\" content=\"3 minute\" \/>\n<script type=\"application\/ld+json\" class=\"yoast-schema-graph\">{\"@context\":\"https:\/\/schema.org\",\"@graph\":[{\"@type\":\"Article\",\"@id\":\"https:\/\/sandzakpress.net\/arhiva\/kamen-temeljac-za-bkc-i-zajednicki-iftar-u-petnjici-sposobnost-da-gradis-znaci-sposobnost-da-zivis\/#article\",\"isPartOf\":{\"@id\":\"https:\/\/sandzakpress.net\/arhiva\/kamen-temeljac-za-bkc-i-zajednicki-iftar-u-petnjici-sposobnost-da-gradis-znaci-sposobnost-da-zivis\/\"},\"author\":{\"name\":\"bosniak\",\"@id\":\"https:\/\/sandzakpress.net\/arhiva\/#\/schema\/person\/c8baee722073534b583ea7bdb2e36c02\"},\"headline\":\"Kamen temeljac za Bo\u0161nja\u010dki kulturni centar u Petnjici i zajedni\u010dki iftar\",\"datePublished\":\"2013-08-06T15:35:16+00:00\",\"dateModified\":\"2013-08-06T16:31:03+00:00\",\"mainEntityOfPage\":{\"@id\":\"https:\/\/sandzakpress.net\/arhiva\/kamen-temeljac-za-bkc-i-zajednicki-iftar-u-petnjici-sposobnost-da-gradis-znaci-sposobnost-da-zivis\/\"},\"wordCount\":595,\"commentCount\":3,\"publisher\":{\"@id\":\"https:\/\/sandzakpress.net\/arhiva\/#\/schema\/person\/6e72b67d6e51910a1117b3b483ba20bd\"},\"image\":{\"@id\":\"https:\/\/sandzakpress.net\/arhiva\/kamen-temeljac-za-bkc-i-zajednicki-iftar-u-petnjici-sposobnost-da-gradis-znaci-sposobnost-da-zivis\/#primaryimage\"},\"thumbnailUrl\":\"https:\/\/sandzakpress.net\/arhiva\/wp-content\/uploads\/2013\/08\/festival-islama-2013-petnjica-20.jpg\",\"keywords\":[\"muftija Muamer Zukorli\u0107\",\"BKZ\"],\"articleSection\":[\"Nacija\",\"Berane\",\"Petnjica\",\"VIJESTI DANA\"],\"inLanguage\":\"bs-BA\",\"potentialAction\":[{\"@type\":\"CommentAction\",\"name\":\"Comment\",\"target\":[\"https:\/\/sandzakpress.net\/arhiva\/kamen-temeljac-za-bkc-i-zajednicki-iftar-u-petnjici-sposobnost-da-gradis-znaci-sposobnost-da-zivis\/#respond\"]}]},{\"@type\":\"WebPage\",\"@id\":\"https:\/\/sandzakpress.net\/arhiva\/kamen-temeljac-za-bkc-i-zajednicki-iftar-u-petnjici-sposobnost-da-gradis-znaci-sposobnost-da-zivis\/\",\"url\":\"https:\/\/sandzakpress.net\/arhiva\/kamen-temeljac-za-bkc-i-zajednicki-iftar-u-petnjici-sposobnost-da-gradis-znaci-sposobnost-da-zivis\/\",\"name\":\"Kamen temeljac za Bo\u0161nja\u010dki kulturni centar u Petnjici i zajedni\u010dki iftar\",\"isPartOf\":{\"@id\":\"https:\/\/sandzakpress.net\/arhiva\/#website\"},\"primaryImageOfPage\":{\"@id\":\"https:\/\/sandzakpress.net\/arhiva\/kamen-temeljac-za-bkc-i-zajednicki-iftar-u-petnjici-sposobnost-da-gradis-znaci-sposobnost-da-zivis\/#primaryimage\"},\"image\":{\"@id\":\"https:\/\/sandzakpress.net\/arhiva\/kamen-temeljac-za-bkc-i-zajednicki-iftar-u-petnjici-sposobnost-da-gradis-znaci-sposobnost-da-zivis\/#primaryimage\"},\"thumbnailUrl\":\"https:\/\/sandzakpress.net\/arhiva\/wp-content\/uploads\/2013\/08\/festival-islama-2013-petnjica-20.jpg\",\"datePublished\":\"2013-08-06T15:35:16+00:00\",\"dateModified\":\"2013-08-06T16:31:03+00:00\",\"breadcrumb\":{\"@id\":\"https:\/\/sandzakpress.net\/arhiva\/kamen-temeljac-za-bkc-i-zajednicki-iftar-u-petnjici-sposobnost-da-gradis-znaci-sposobnost-da-zivis\/#breadcrumb\"},\"inLanguage\":\"bs-BA\",\"potentialAction\":[{\"@type\":\"ReadAction\",\"target\":[\"https:\/\/sandzakpress.net\/arhiva\/kamen-temeljac-za-bkc-i-zajednicki-iftar-u-petnjici-sposobnost-da-gradis-znaci-sposobnost-da-zivis\/\"]}]},{\"@type\":\"ImageObject\",\"inLanguage\":\"bs-BA\",\"@id\":\"https:\/\/sandzakpress.net\/arhiva\/kamen-temeljac-za-bkc-i-zajednicki-iftar-u-petnjici-sposobnost-da-gradis-znaci-sposobnost-da-zivis\/#primaryimage\",\"url\":\"https:\/\/sandzakpress.net\/arhiva\/wp-content\/uploads\/2013\/08\/festival-islama-2013-petnjica-20.jpg\",\"contentUrl\":\"https:\/\/sandzakpress.net\/arhiva\/wp-content\/uploads\/2013\/08\/festival-islama-2013-petnjica-20.jpg\",\"width\":616,\"height\":409},{\"@type\":\"BreadcrumbList\",\"@id\":\"https:\/\/sandzakpress.net\/arhiva\/kamen-temeljac-za-bkc-i-zajednicki-iftar-u-petnjici-sposobnost-da-gradis-znaci-sposobnost-da-zivis\/#breadcrumb\",\"itemListElement\":[{\"@type\":\"ListItem\",\"position\":1,\"name\":\"Home\",\"item\":\"https:\/\/sandzakpress.net\/arhiva\/\"},{\"@type\":\"ListItem\",\"position\":2,\"name\":\"Kamen temeljac za Bo\u0161nja\u010dki kulturni centar u Petnjici i zajedni\u010dki iftar\"}]},{\"@type\":\"WebSite\",\"@id\":\"https:\/\/sandzakpress.net\/arhiva\/#website\",\"url\":\"https:\/\/sandzakpress.net\/arhiva\/\",\"name\":\"Sand\u017eak PRESS\",\"description\":\"Prve elektronske novine u Sand\u017eaku\",\"publisher\":{\"@id\":\"https:\/\/sandzakpress.net\/arhiva\/#\/schema\/person\/6e72b67d6e51910a1117b3b483ba20bd\"},\"potentialAction\":[{\"@type\":\"SearchAction\",\"target\":{\"@type\":\"EntryPoint\",\"urlTemplate\":\"https:\/\/sandzakpress.net\/arhiva\/?s={search_term_string}\"},\"query-input\":{\"@type\":\"PropertyValueSpecification\",\"valueRequired\":true,\"valueName\":\"search_term_string\"}}],\"inLanguage\":\"bs-BA\"},{\"@type\":[\"Person\",\"Organization\"],\"@id\":\"https:\/\/sandzakpress.net\/arhiva\/#\/schema\/person\/6e72b67d6e51910a1117b3b483ba20bd\",\"name\":\"Kul\",\"image\":{\"@type\":\"ImageObject\",\"inLanguage\":\"bs-BA\",\"@id\":\"https:\/\/sandzakpress.net\/arhiva\/#\/schema\/person\/image\/\",\"url\":\"https:\/\/secure.gravatar.com\/avatar\/42263f39aa27ac04c43cab85c280eb2e?s=96&d=mm&r=pg\",\"contentUrl\":\"https:\/\/secure.gravatar.com\/avatar\/42263f39aa27ac04c43cab85c280eb2e?s=96&d=mm&r=pg\",\"caption\":\"Kul\"},\"logo\":{\"@id\":\"https:\/\/sandzakpress.net\/arhiva\/#\/schema\/person\/image\/\"}},{\"@type\":\"Person\",\"@id\":\"https:\/\/sandzakpress.net\/arhiva\/#\/schema\/person\/c8baee722073534b583ea7bdb2e36c02\",\"name\":\"bosniak\",\"image\":{\"@type\":\"ImageObject\",\"inLanguage\":\"bs-BA\",\"@id\":\"https:\/\/sandzakpress.net\/arhiva\/#\/schema\/person\/image\/\",\"url\":\"https:\/\/secure.gravatar.com\/avatar\/a04fd330bfe3a36a72a0ad4a6d89fca7?s=96&d=mm&r=pg\",\"contentUrl\":\"https:\/\/secure.gravatar.com\/avatar\/a04fd330bfe3a36a72a0ad4a6d89fca7?s=96&d=mm&r=pg\",\"caption\":\"bosniak\"},\"url\":\"https:\/\/sandzakpress.net\/arhiva\/author\/bosniak\/\"}]}<\/script>\n<!-- \/ Yoast SEO Premium plugin. -->","yoast_head_json":{"title":"Kamen temeljac za Bo\u0161nja\u010dki kulturni centar u Petnjici i zajedni\u010dki iftar","robots":{"index":"index","follow":"follow","max-snippet":"max-snippet:-1","max-image-preview":"max-image-preview:large","max-video-preview":"max-video-preview:-1"},"canonical":"https:\/\/sandzakpress.net\/arhiva\/kamen-temeljac-za-bkc-i-zajednicki-iftar-u-petnjici-sposobnost-da-gradis-znaci-sposobnost-da-zivis\/","og_locale":"bs_BA","og_type":"article","og_title":"Kamen temeljac za Bo\u0161nja\u010dki kulturni centar u Petnjici i zajedni\u010dki iftar","og_description":"Petnjica &#8211; U Petnjici je ju\u010der, 5. avgusta 2013., postavljen je kamen temeljac za izgradnju Bo\u0161nja\u010dkog kulturnog centra u Petnjici. Kamen temeljac je postavio muftija sand\u017ea\u010dki Muamer-ef. Zukorli\u0107, nakon \u010dega je uprili\u010den zajedni\u010dki iftar na vakufskoj parceli BKC-a.","og_url":"https:\/\/sandzakpress.net\/arhiva\/kamen-temeljac-za-bkc-i-zajednicki-iftar-u-petnjici-sposobnost-da-gradis-znaci-sposobnost-da-zivis\/","og_site_name":"Sand\u017eak PRESS","article_published_time":"2013-08-06T15:35:16+00:00","article_modified_time":"2013-08-06T16:31:03+00:00","og_image":[{"width":616,"height":409,"url":"https:\/\/sandzakpress.net\/arhiva\/wp-content\/uploads\/2013\/08\/festival-islama-2013-petnjica-20.jpg","type":"image\/jpeg"}],"author":"bosniak","twitter_card":"summary_large_image","twitter_misc":{"Written by":"bosniak","Est. reading time":"3 minute"},"schema":{"@context":"https:\/\/schema.org","@graph":[{"@type":"Article","@id":"https:\/\/sandzakpress.net\/arhiva\/kamen-temeljac-za-bkc-i-zajednicki-iftar-u-petnjici-sposobnost-da-gradis-znaci-sposobnost-da-zivis\/#article","isPartOf":{"@id":"https:\/\/sandzakpress.net\/arhiva\/kamen-temeljac-za-bkc-i-zajednicki-iftar-u-petnjici-sposobnost-da-gradis-znaci-sposobnost-da-zivis\/"},"author":{"name":"bosniak","@id":"https:\/\/sandzakpress.net\/arhiva\/#\/schema\/person\/c8baee722073534b583ea7bdb2e36c02"},"headline":"Kamen temeljac za Bo\u0161nja\u010dki kulturni centar u Petnjici i zajedni\u010dki iftar","datePublished":"2013-08-06T15:35:16+00:00","dateModified":"2013-08-06T16:31:03+00:00","mainEntityOfPage":{"@id":"https:\/\/sandzakpress.net\/arhiva\/kamen-temeljac-za-bkc-i-zajednicki-iftar-u-petnjici-sposobnost-da-gradis-znaci-sposobnost-da-zivis\/"},"wordCount":595,"commentCount":3,"publisher":{"@id":"https:\/\/sandzakpress.net\/arhiva\/#\/schema\/person\/6e72b67d6e51910a1117b3b483ba20bd"},"image":{"@id":"https:\/\/sandzakpress.net\/arhiva\/kamen-temeljac-za-bkc-i-zajednicki-iftar-u-petnjici-sposobnost-da-gradis-znaci-sposobnost-da-zivis\/#primaryimage"},"thumbnailUrl":"https:\/\/sandzakpress.net\/arhiva\/wp-content\/uploads\/2013\/08\/festival-islama-2013-petnjica-20.jpg","keywords":["muftija Muamer Zukorli\u0107","BKZ"],"articleSection":["Nacija","Berane","Petnjica","VIJESTI DANA"],"inLanguage":"bs-BA","potentialAction":[{"@type":"CommentAction","name":"Comment","target":["https:\/\/sandzakpress.net\/arhiva\/kamen-temeljac-za-bkc-i-zajednicki-iftar-u-petnjici-sposobnost-da-gradis-znaci-sposobnost-da-zivis\/#respond"]}]},{"@type":"WebPage","@id":"https:\/\/sandzakpress.net\/arhiva\/kamen-temeljac-za-bkc-i-zajednicki-iftar-u-petnjici-sposobnost-da-gradis-znaci-sposobnost-da-zivis\/","url":"https:\/\/sandzakpress.net\/arhiva\/kamen-temeljac-za-bkc-i-zajednicki-iftar-u-petnjici-sposobnost-da-gradis-znaci-sposobnost-da-zivis\/","name":"Kamen temeljac za Bo\u0161nja\u010dki kulturni centar u Petnjici i zajedni\u010dki iftar","isPartOf":{"@id":"https:\/\/sandzakpress.net\/arhiva\/#website"},"primaryImageOfPage":{"@id":"https:\/\/sandzakpress.net\/arhiva\/kamen-temeljac-za-bkc-i-zajednicki-iftar-u-petnjici-sposobnost-da-gradis-znaci-sposobnost-da-zivis\/#primaryimage"},"image":{"@id":"https:\/\/sandzakpress.net\/arhiva\/kamen-temeljac-za-bkc-i-zajednicki-iftar-u-petnjici-sposobnost-da-gradis-znaci-sposobnost-da-zivis\/#primaryimage"},"thumbnailUrl":"https:\/\/sandzakpress.net\/arhiva\/wp-content\/uploads\/2013\/08\/festival-islama-2013-petnjica-20.jpg","datePublished":"2013-08-06T15:35:16+00:00","dateModified":"2013-08-06T16:31:03+00:00","breadcrumb":{"@id":"https:\/\/sandzakpress.net\/arhiva\/kamen-temeljac-za-bkc-i-zajednicki-iftar-u-petnjici-sposobnost-da-gradis-znaci-sposobnost-da-zivis\/#breadcrumb"},"inLanguage":"bs-BA","potentialAction":[{"@type":"ReadAction","target":["https:\/\/sandzakpress.net\/arhiva\/kamen-temeljac-za-bkc-i-zajednicki-iftar-u-petnjici-sposobnost-da-gradis-znaci-sposobnost-da-zivis\/"]}]},{"@type":"ImageObject","inLanguage":"bs-BA","@id":"https:\/\/sandzakpress.net\/arhiva\/kamen-temeljac-za-bkc-i-zajednicki-iftar-u-petnjici-sposobnost-da-gradis-znaci-sposobnost-da-zivis\/#primaryimage","url":"https:\/\/sandzakpress.net\/arhiva\/wp-content\/uploads\/2013\/08\/festival-islama-2013-petnjica-20.jpg","contentUrl":"https:\/\/sandzakpress.net\/arhiva\/wp-content\/uploads\/2013\/08\/festival-islama-2013-petnjica-20.jpg","width":616,"height":409},{"@type":"BreadcrumbList","@id":"https:\/\/sandzakpress.net\/arhiva\/kamen-temeljac-za-bkc-i-zajednicki-iftar-u-petnjici-sposobnost-da-gradis-znaci-sposobnost-da-zivis\/#breadcrumb","itemListElement":[{"@type":"ListItem","position":1,"name":"Home","item":"https:\/\/sandzakpress.net\/arhiva\/"},{"@type":"ListItem","position":2,"name":"Kamen temeljac za Bo\u0161nja\u010dki kulturni centar u Petnjici i zajedni\u010dki iftar"}]},{"@type":"WebSite","@id":"https:\/\/sandzakpress.net\/arhiva\/#website","url":"https:\/\/sandzakpress.net\/arhiva\/","name":"Sand\u017eak PRESS","description":"Prve elektronske novine u Sand\u017eaku","publisher":{"@id":"https:\/\/sandzakpress.net\/arhiva\/#\/schema\/person\/6e72b67d6e51910a1117b3b483ba20bd"},"potentialAction":[{"@type":"SearchAction","target":{"@type":"EntryPoint","urlTemplate":"https:\/\/sandzakpress.net\/arhiva\/?s={search_term_string}"},"query-input":{"@type":"PropertyValueSpecification","valueRequired":true,"valueName":"search_term_string"}}],"inLanguage":"bs-BA"},{"@type":["Person","Organization"],"@id":"https:\/\/sandzakpress.net\/arhiva\/#\/schema\/person\/6e72b67d6e51910a1117b3b483ba20bd","name":"Kul","image":{"@type":"ImageObject","inLanguage":"bs-BA","@id":"https:\/\/sandzakpress.net\/arhiva\/#\/schema\/person\/image\/","url":"https:\/\/secure.gravatar.com\/avatar\/42263f39aa27ac04c43cab85c280eb2e?s=96&d=mm&r=pg","contentUrl":"https:\/\/secure.gravatar.com\/avatar\/42263f39aa27ac04c43cab85c280eb2e?s=96&d=mm&r=pg","caption":"Kul"},"logo":{"@id":"https:\/\/sandzakpress.net\/arhiva\/#\/schema\/person\/image\/"}},{"@type":"Person","@id":"https:\/\/sandzakpress.net\/arhiva\/#\/schema\/person\/c8baee722073534b583ea7bdb2e36c02","name":"bosniak","image":{"@type":"ImageObject","inLanguage":"bs-BA","@id":"https:\/\/sandzakpress.net\/arhiva\/#\/schema\/person\/image\/","url":"https:\/\/secure.gravatar.com\/avatar\/a04fd330bfe3a36a72a0ad4a6d89fca7?s=96&d=mm&r=pg","contentUrl":"https:\/\/secure.gravatar.com\/avatar\/a04fd330bfe3a36a72a0ad4a6d89fca7?s=96&d=mm&r=pg","caption":"bosniak"},"url":"https:\/\/sandzakpress.net\/arhiva\/author\/bosniak\/"}]}},"_links":{"self":[{"href":"https:\/\/sandzakpress.net\/arhiva\/wp-json\/wp\/v2\/posts\/84259"}],"collection":[{"href":"https:\/\/sandzakpress.net\/arhiva\/wp-json\/wp\/v2\/posts"}],"about":[{"href":"https:\/\/sandzakpress.net\/arhiva\/wp-json\/wp\/v2\/types\/post"}],"author":[{"embeddable":true,"href":"https:\/\/sandzakpress.net\/arhiva\/wp-json\/wp\/v2\/users\/83"}],"replies":[{"embeddable":true,"href":"https:\/\/sandzakpress.net\/arhiva\/wp-json\/wp\/v2\/comments?post=84259"}],"version-history":[{"count":0,"href":"https:\/\/sandzakpress.net\/arhiva\/wp-json\/wp\/v2\/posts\/84259\/revisions"}],"wp:featuredmedia":[{"embeddable":true,"href":"https:\/\/sandzakpress.net\/arhiva\/wp-json\/wp\/v2\/media\/84268"}],"wp:attachment":[{"href":"https:\/\/sandzakpress.net\/arhiva\/wp-json\/wp\/v2\/media?parent=84259"}],"wp:term":[{"taxonomy":"category","embeddable":true,"href":"https:\/\/sandzakpress.net\/arhiva\/wp-json\/wp\/v2\/categories?post=84259"},{"taxonomy":"post_tag","embeddable":true,"href":"https:\/\/sandzakpress.net\/arhiva\/wp-json\/wp\/v2\/tags?post=84259"}],"curies":[{"name":"wp","href":"https:\/\/api.w.org\/{rel}","templated":true}]}}