{"id":84228,"date":"2013-08-06T01:53:14","date_gmt":"2013-08-05T23:53:14","guid":{"rendered":"https:\/\/sandzakpress.net\/arhiva\/?p=84228"},"modified":"2013-08-06T01:53:14","modified_gmt":"2013-08-05T23:53:14","slug":"milanovic-preuzeo-novi-pazar-u-nezgodnom-trenutku","status":"publish","type":"post","link":"https:\/\/sandzakpress.net\/arhiva\/milanovic-preuzeo-novi-pazar-u-nezgodnom-trenutku\/","title":{"rendered":"Milanovi\u0107 preuzeo Novi Pazar u nezgodnom trenutku"},"content":{"rendered":"<p><strong><a href=\"https:\/\/sandzakpress.net\/arhiva\/wp-content\/uploads\/2013\/08\/thumb-502-228.jpg\"><img loading=\"lazy\" decoding=\"async\" class=\"alignleft size-medium wp-image-84229\" alt=\"thumb-502-228\" src=\"https:\/\/sandzakpress.net\/arhiva\/wp-content\/uploads\/2013\/08\/thumb-502-228-300x136.jpg\" width=\"300\" height=\"136\" \/><\/a>Novi Pazar &#8211; Novi trener fudbalera Novog Pazara Milan Milanovi\u0107 rekao je na zvani\u010dnoj promociji da je &#8220;u nezgodnom trenutku&#8221; preuzeo vo\u0111enje ekipe<\/strong><\/p>\n<p>Mo\u017eda je malo nezgodno \u0161to se sve de\u0161ava sedam dana uo\u010di starta prvenstva, ali trener ne mo\u017ee da bira momenat kad preuzima ekipu. Smatram da imamo dosta dobar igra\u010dki kadar, koji \u0107emo dopuniti dvojicom ili trojicom fudbalera&#8221;, rekao je Milanovi\u0107 novinarima na Gradskom stadionu.<\/p>\n<p>On \u0107e na mjestu \u0161efa stru\u010dnog \u0161taba naslijediti Neboj\u0161u Vu\u010di\u0107evi\u0107a, koji je preuzeo funkciju sportskog direktora novopazarskog kluba. Milanovi\u0107 je prethodno bio trener Hajduka, ali je posle ga\u0161enja superliga\u0161a iz Kule zajedno s jo\u0161 osmoricom fudbalera do\u0161ao u Novi Pazar.<\/p>\n<p>(akter.co.rs)<\/p>\n","protected":false},"excerpt":{"rendered":"<p>Novi Pazar &#8211; Novi trener fudbalera Novog Pazara Milan Milanovi\u0107 rekao je na zvani\u010dnoj promociji da je &#8220;u nezgodnom trenutku&#8221; preuzeo vo\u0111enje ekipe Mo\u017eda je malo nezgodno \u0161to se sve de\u0161ava sedam dana uo\u010di starta prvenstva, ali trener ne mo\u017ee da bira momenat kad preuzima ekipu. Smatram da imamo dosta dobar igra\u010dki kadar, koji \u0107emo [&hellip;]<\/p>\n","protected":false},"author":83,"featured_media":84231,"comment_status":"open","ping_status":"open","sticky":false,"template":"","format":"standard","meta":{"footnotes":""},"categories":[72,13],"tags":[],"class_list":{"0":"post-84228","1":"post","2":"type-post","3":"status-publish","4":"format-standard","5":"has-post-thumbnail","7":"category-novi-pazar","8":"category-sport"},"yoast_head":"<!-- This site is optimized with the Yoast SEO Premium plugin v23.1 (Yoast SEO v24.9) - https:\/\/yoast.com\/wordpress\/plugins\/seo\/ -->\n<title>Milanovi\u0107 preuzeo Novi Pazar u nezgodnom trenutku<\/title>\n<meta name=\"robots\" content=\"index, follow, max-snippet:-1, max-image-preview:large, max-video-preview:-1\" \/>\n<link rel=\"canonical\" href=\"https:\/\/sandzakpress.net\/arhiva\/milanovic-preuzeo-novi-pazar-u-nezgodnom-trenutku\/\" \/>\n<meta property=\"og:locale\" content=\"bs_BA\" \/>\n<meta property=\"og:type\" content=\"article\" \/>\n<meta property=\"og:title\" content=\"Milanovi\u0107 preuzeo Novi Pazar u nezgodnom trenutku\" \/>\n<meta property=\"og:description\" content=\"Novi Pazar &#8211; Novi trener fudbalera Novog Pazara Milan Milanovi\u0107 rekao je na zvani\u010dnoj promociji da je &#8220;u nezgodnom trenutku&#8221; preuzeo vo\u0111enje ekipe Mo\u017eda je malo nezgodno \u0161to se sve de\u0161ava sedam dana uo\u010di starta prvenstva, ali trener ne mo\u017ee da bira momenat kad preuzima ekipu. Smatram da imamo dosta dobar igra\u010dki kadar, koji \u0107emo [&hellip;]\" \/>\n<meta property=\"og:url\" content=\"https:\/\/sandzakpress.net\/arhiva\/milanovic-preuzeo-novi-pazar-u-nezgodnom-trenutku\/\" \/>\n<meta property=\"og:site_name\" content=\"Sand\u017eak PRESS\" \/>\n<meta property=\"article:published_time\" content=\"2013-08-05T23:53:14+00:00\" \/>\n<meta property=\"og:image\" content=\"https:\/\/sandzakpress.net\/arhiva\/wp-content\/uploads\/2013\/08\/thumb-502-228-300x1361.jpg\" \/>\n\t<meta property=\"og:image:width\" content=\"300\" \/>\n\t<meta property=\"og:image:height\" content=\"136\" \/>\n\t<meta property=\"og:image:type\" content=\"image\/jpeg\" \/>\n<meta name=\"author\" content=\"bosniak\" \/>\n<meta name=\"twitter:card\" content=\"summary_large_image\" \/>\n<meta name=\"twitter:label1\" content=\"Written by\" \/>\n\t<meta name=\"twitter:data1\" content=\"bosniak\" \/>\n\t<meta name=\"twitter:label2\" content=\"Est. reading time\" \/>\n\t<meta name=\"twitter:data2\" content=\"1 minuta\" \/>\n<script type=\"application\/ld+json\" class=\"yoast-schema-graph\">{\"@context\":\"https:\/\/schema.org\",\"@graph\":[{\"@type\":\"Article\",\"@id\":\"https:\/\/sandzakpress.net\/arhiva\/milanovic-preuzeo-novi-pazar-u-nezgodnom-trenutku\/#article\",\"isPartOf\":{\"@id\":\"https:\/\/sandzakpress.net\/arhiva\/milanovic-preuzeo-novi-pazar-u-nezgodnom-trenutku\/\"},\"author\":{\"name\":\"bosniak\",\"@id\":\"https:\/\/sandzakpress.net\/arhiva\/#\/schema\/person\/c8baee722073534b583ea7bdb2e36c02\"},\"headline\":\"Milanovi\u0107 preuzeo Novi Pazar u nezgodnom trenutku\",\"datePublished\":\"2013-08-05T23:53:14+00:00\",\"mainEntityOfPage\":{\"@id\":\"https:\/\/sandzakpress.net\/arhiva\/milanovic-preuzeo-novi-pazar-u-nezgodnom-trenutku\/\"},\"wordCount\":132,\"commentCount\":0,\"publisher\":{\"@id\":\"https:\/\/sandzakpress.net\/arhiva\/#\/schema\/person\/6e72b67d6e51910a1117b3b483ba20bd\"},\"image\":{\"@id\":\"https:\/\/sandzakpress.net\/arhiva\/milanovic-preuzeo-novi-pazar-u-nezgodnom-trenutku\/#primaryimage\"},\"thumbnailUrl\":\"https:\/\/sandzakpress.net\/arhiva\/wp-content\/uploads\/2013\/08\/thumb-502-228-300x1361.jpg\",\"articleSection\":[\"Novi Pazar\",\"Sport\"],\"inLanguage\":\"bs-BA\",\"potentialAction\":[{\"@type\":\"CommentAction\",\"name\":\"Comment\",\"target\":[\"https:\/\/sandzakpress.net\/arhiva\/milanovic-preuzeo-novi-pazar-u-nezgodnom-trenutku\/#respond\"]}]},{\"@type\":\"WebPage\",\"@id\":\"https:\/\/sandzakpress.net\/arhiva\/milanovic-preuzeo-novi-pazar-u-nezgodnom-trenutku\/\",\"url\":\"https:\/\/sandzakpress.net\/arhiva\/milanovic-preuzeo-novi-pazar-u-nezgodnom-trenutku\/\",\"name\":\"Milanovi\u0107 preuzeo Novi Pazar u nezgodnom trenutku\",\"isPartOf\":{\"@id\":\"https:\/\/sandzakpress.net\/arhiva\/#website\"},\"primaryImageOfPage\":{\"@id\":\"https:\/\/sandzakpress.net\/arhiva\/milanovic-preuzeo-novi-pazar-u-nezgodnom-trenutku\/#primaryimage\"},\"image\":{\"@id\":\"https:\/\/sandzakpress.net\/arhiva\/milanovic-preuzeo-novi-pazar-u-nezgodnom-trenutku\/#primaryimage\"},\"thumbnailUrl\":\"https:\/\/sandzakpress.net\/arhiva\/wp-content\/uploads\/2013\/08\/thumb-502-228-300x1361.jpg\",\"datePublished\":\"2013-08-05T23:53:14+00:00\",\"breadcrumb\":{\"@id\":\"https:\/\/sandzakpress.net\/arhiva\/milanovic-preuzeo-novi-pazar-u-nezgodnom-trenutku\/#breadcrumb\"},\"inLanguage\":\"bs-BA\",\"potentialAction\":[{\"@type\":\"ReadAction\",\"target\":[\"https:\/\/sandzakpress.net\/arhiva\/milanovic-preuzeo-novi-pazar-u-nezgodnom-trenutku\/\"]}]},{\"@type\":\"ImageObject\",\"inLanguage\":\"bs-BA\",\"@id\":\"https:\/\/sandzakpress.net\/arhiva\/milanovic-preuzeo-novi-pazar-u-nezgodnom-trenutku\/#primaryimage\",\"url\":\"https:\/\/sandzakpress.net\/arhiva\/wp-content\/uploads\/2013\/08\/thumb-502-228-300x1361.jpg\",\"contentUrl\":\"https:\/\/sandzakpress.net\/arhiva\/wp-content\/uploads\/2013\/08\/thumb-502-228-300x1361.jpg\",\"width\":300,\"height\":136},{\"@type\":\"BreadcrumbList\",\"@id\":\"https:\/\/sandzakpress.net\/arhiva\/milanovic-preuzeo-novi-pazar-u-nezgodnom-trenutku\/#breadcrumb\",\"itemListElement\":[{\"@type\":\"ListItem\",\"position\":1,\"name\":\"Home\",\"item\":\"https:\/\/sandzakpress.net\/arhiva\/\"},{\"@type\":\"ListItem\",\"position\":2,\"name\":\"Milanovi\u0107 preuzeo Novi Pazar u nezgodnom trenutku\"}]},{\"@type\":\"WebSite\",\"@id\":\"https:\/\/sandzakpress.net\/arhiva\/#website\",\"url\":\"https:\/\/sandzakpress.net\/arhiva\/\",\"name\":\"Sand\u017eak PRESS\",\"description\":\"Prve elektronske novine u Sand\u017eaku\",\"publisher\":{\"@id\":\"https:\/\/sandzakpress.net\/arhiva\/#\/schema\/person\/6e72b67d6e51910a1117b3b483ba20bd\"},\"potentialAction\":[{\"@type\":\"SearchAction\",\"target\":{\"@type\":\"EntryPoint\",\"urlTemplate\":\"https:\/\/sandzakpress.net\/arhiva\/?s={search_term_string}\"},\"query-input\":{\"@type\":\"PropertyValueSpecification\",\"valueRequired\":true,\"valueName\":\"search_term_string\"}}],\"inLanguage\":\"bs-BA\"},{\"@type\":[\"Person\",\"Organization\"],\"@id\":\"https:\/\/sandzakpress.net\/arhiva\/#\/schema\/person\/6e72b67d6e51910a1117b3b483ba20bd\",\"name\":\"Kul\",\"image\":{\"@type\":\"ImageObject\",\"inLanguage\":\"bs-BA\",\"@id\":\"https:\/\/sandzakpress.net\/arhiva\/#\/schema\/person\/image\/\",\"url\":\"https:\/\/secure.gravatar.com\/avatar\/42263f39aa27ac04c43cab85c280eb2e?s=96&d=mm&r=pg\",\"contentUrl\":\"https:\/\/secure.gravatar.com\/avatar\/42263f39aa27ac04c43cab85c280eb2e?s=96&d=mm&r=pg\",\"caption\":\"Kul\"},\"logo\":{\"@id\":\"https:\/\/sandzakpress.net\/arhiva\/#\/schema\/person\/image\/\"}},{\"@type\":\"Person\",\"@id\":\"https:\/\/sandzakpress.net\/arhiva\/#\/schema\/person\/c8baee722073534b583ea7bdb2e36c02\",\"name\":\"bosniak\",\"image\":{\"@type\":\"ImageObject\",\"inLanguage\":\"bs-BA\",\"@id\":\"https:\/\/sandzakpress.net\/arhiva\/#\/schema\/person\/image\/\",\"url\":\"https:\/\/secure.gravatar.com\/avatar\/a04fd330bfe3a36a72a0ad4a6d89fca7?s=96&d=mm&r=pg\",\"contentUrl\":\"https:\/\/secure.gravatar.com\/avatar\/a04fd330bfe3a36a72a0ad4a6d89fca7?s=96&d=mm&r=pg\",\"caption\":\"bosniak\"},\"url\":\"https:\/\/sandzakpress.net\/arhiva\/author\/bosniak\/\"}]}<\/script>\n<!-- \/ Yoast SEO Premium plugin. -->","yoast_head_json":{"title":"Milanovi\u0107 preuzeo Novi Pazar u nezgodnom trenutku","robots":{"index":"index","follow":"follow","max-snippet":"max-snippet:-1","max-image-preview":"max-image-preview:large","max-video-preview":"max-video-preview:-1"},"canonical":"https:\/\/sandzakpress.net\/arhiva\/milanovic-preuzeo-novi-pazar-u-nezgodnom-trenutku\/","og_locale":"bs_BA","og_type":"article","og_title":"Milanovi\u0107 preuzeo Novi Pazar u nezgodnom trenutku","og_description":"Novi Pazar &#8211; Novi trener fudbalera Novog Pazara Milan Milanovi\u0107 rekao je na zvani\u010dnoj promociji da je &#8220;u nezgodnom trenutku&#8221; preuzeo vo\u0111enje ekipe Mo\u017eda je malo nezgodno \u0161to se sve de\u0161ava sedam dana uo\u010di starta prvenstva, ali trener ne mo\u017ee da bira momenat kad preuzima ekipu. Smatram da imamo dosta dobar igra\u010dki kadar, koji \u0107emo [&hellip;]","og_url":"https:\/\/sandzakpress.net\/arhiva\/milanovic-preuzeo-novi-pazar-u-nezgodnom-trenutku\/","og_site_name":"Sand\u017eak PRESS","article_published_time":"2013-08-05T23:53:14+00:00","og_image":[{"width":300,"height":136,"url":"https:\/\/sandzakpress.net\/arhiva\/wp-content\/uploads\/2013\/08\/thumb-502-228-300x1361.jpg","type":"image\/jpeg"}],"author":"bosniak","twitter_card":"summary_large_image","twitter_misc":{"Written by":"bosniak","Est. reading time":"1 minuta"},"schema":{"@context":"https:\/\/schema.org","@graph":[{"@type":"Article","@id":"https:\/\/sandzakpress.net\/arhiva\/milanovic-preuzeo-novi-pazar-u-nezgodnom-trenutku\/#article","isPartOf":{"@id":"https:\/\/sandzakpress.net\/arhiva\/milanovic-preuzeo-novi-pazar-u-nezgodnom-trenutku\/"},"author":{"name":"bosniak","@id":"https:\/\/sandzakpress.net\/arhiva\/#\/schema\/person\/c8baee722073534b583ea7bdb2e36c02"},"headline":"Milanovi\u0107 preuzeo Novi Pazar u nezgodnom trenutku","datePublished":"2013-08-05T23:53:14+00:00","mainEntityOfPage":{"@id":"https:\/\/sandzakpress.net\/arhiva\/milanovic-preuzeo-novi-pazar-u-nezgodnom-trenutku\/"},"wordCount":132,"commentCount":0,"publisher":{"@id":"https:\/\/sandzakpress.net\/arhiva\/#\/schema\/person\/6e72b67d6e51910a1117b3b483ba20bd"},"image":{"@id":"https:\/\/sandzakpress.net\/arhiva\/milanovic-preuzeo-novi-pazar-u-nezgodnom-trenutku\/#primaryimage"},"thumbnailUrl":"https:\/\/sandzakpress.net\/arhiva\/wp-content\/uploads\/2013\/08\/thumb-502-228-300x1361.jpg","articleSection":["Novi Pazar","Sport"],"inLanguage":"bs-BA","potentialAction":[{"@type":"CommentAction","name":"Comment","target":["https:\/\/sandzakpress.net\/arhiva\/milanovic-preuzeo-novi-pazar-u-nezgodnom-trenutku\/#respond"]}]},{"@type":"WebPage","@id":"https:\/\/sandzakpress.net\/arhiva\/milanovic-preuzeo-novi-pazar-u-nezgodnom-trenutku\/","url":"https:\/\/sandzakpress.net\/arhiva\/milanovic-preuzeo-novi-pazar-u-nezgodnom-trenutku\/","name":"Milanovi\u0107 preuzeo Novi Pazar u nezgodnom trenutku","isPartOf":{"@id":"https:\/\/sandzakpress.net\/arhiva\/#website"},"primaryImageOfPage":{"@id":"https:\/\/sandzakpress.net\/arhiva\/milanovic-preuzeo-novi-pazar-u-nezgodnom-trenutku\/#primaryimage"},"image":{"@id":"https:\/\/sandzakpress.net\/arhiva\/milanovic-preuzeo-novi-pazar-u-nezgodnom-trenutku\/#primaryimage"},"thumbnailUrl":"https:\/\/sandzakpress.net\/arhiva\/wp-content\/uploads\/2013\/08\/thumb-502-228-300x1361.jpg","datePublished":"2013-08-05T23:53:14+00:00","breadcrumb":{"@id":"https:\/\/sandzakpress.net\/arhiva\/milanovic-preuzeo-novi-pazar-u-nezgodnom-trenutku\/#breadcrumb"},"inLanguage":"bs-BA","potentialAction":[{"@type":"ReadAction","target":["https:\/\/sandzakpress.net\/arhiva\/milanovic-preuzeo-novi-pazar-u-nezgodnom-trenutku\/"]}]},{"@type":"ImageObject","inLanguage":"bs-BA","@id":"https:\/\/sandzakpress.net\/arhiva\/milanovic-preuzeo-novi-pazar-u-nezgodnom-trenutku\/#primaryimage","url":"https:\/\/sandzakpress.net\/arhiva\/wp-content\/uploads\/2013\/08\/thumb-502-228-300x1361.jpg","contentUrl":"https:\/\/sandzakpress.net\/arhiva\/wp-content\/uploads\/2013\/08\/thumb-502-228-300x1361.jpg","width":300,"height":136},{"@type":"BreadcrumbList","@id":"https:\/\/sandzakpress.net\/arhiva\/milanovic-preuzeo-novi-pazar-u-nezgodnom-trenutku\/#breadcrumb","itemListElement":[{"@type":"ListItem","position":1,"name":"Home","item":"https:\/\/sandzakpress.net\/arhiva\/"},{"@type":"ListItem","position":2,"name":"Milanovi\u0107 preuzeo Novi Pazar u nezgodnom trenutku"}]},{"@type":"WebSite","@id":"https:\/\/sandzakpress.net\/arhiva\/#website","url":"https:\/\/sandzakpress.net\/arhiva\/","name":"Sand\u017eak PRESS","description":"Prve elektronske novine u Sand\u017eaku","publisher":{"@id":"https:\/\/sandzakpress.net\/arhiva\/#\/schema\/person\/6e72b67d6e51910a1117b3b483ba20bd"},"potentialAction":[{"@type":"SearchAction","target":{"@type":"EntryPoint","urlTemplate":"https:\/\/sandzakpress.net\/arhiva\/?s={search_term_string}"},"query-input":{"@type":"PropertyValueSpecification","valueRequired":true,"valueName":"search_term_string"}}],"inLanguage":"bs-BA"},{"@type":["Person","Organization"],"@id":"https:\/\/sandzakpress.net\/arhiva\/#\/schema\/person\/6e72b67d6e51910a1117b3b483ba20bd","name":"Kul","image":{"@type":"ImageObject","inLanguage":"bs-BA","@id":"https:\/\/sandzakpress.net\/arhiva\/#\/schema\/person\/image\/","url":"https:\/\/secure.gravatar.com\/avatar\/42263f39aa27ac04c43cab85c280eb2e?s=96&d=mm&r=pg","contentUrl":"https:\/\/secure.gravatar.com\/avatar\/42263f39aa27ac04c43cab85c280eb2e?s=96&d=mm&r=pg","caption":"Kul"},"logo":{"@id":"https:\/\/sandzakpress.net\/arhiva\/#\/schema\/person\/image\/"}},{"@type":"Person","@id":"https:\/\/sandzakpress.net\/arhiva\/#\/schema\/person\/c8baee722073534b583ea7bdb2e36c02","name":"bosniak","image":{"@type":"ImageObject","inLanguage":"bs-BA","@id":"https:\/\/sandzakpress.net\/arhiva\/#\/schema\/person\/image\/","url":"https:\/\/secure.gravatar.com\/avatar\/a04fd330bfe3a36a72a0ad4a6d89fca7?s=96&d=mm&r=pg","contentUrl":"https:\/\/secure.gravatar.com\/avatar\/a04fd330bfe3a36a72a0ad4a6d89fca7?s=96&d=mm&r=pg","caption":"bosniak"},"url":"https:\/\/sandzakpress.net\/arhiva\/author\/bosniak\/"}]}},"_links":{"self":[{"href":"https:\/\/sandzakpress.net\/arhiva\/wp-json\/wp\/v2\/posts\/84228"}],"collection":[{"href":"https:\/\/sandzakpress.net\/arhiva\/wp-json\/wp\/v2\/posts"}],"about":[{"href":"https:\/\/sandzakpress.net\/arhiva\/wp-json\/wp\/v2\/types\/post"}],"author":[{"embeddable":true,"href":"https:\/\/sandzakpress.net\/arhiva\/wp-json\/wp\/v2\/users\/83"}],"replies":[{"embeddable":true,"href":"https:\/\/sandzakpress.net\/arhiva\/wp-json\/wp\/v2\/comments?post=84228"}],"version-history":[{"count":0,"href":"https:\/\/sandzakpress.net\/arhiva\/wp-json\/wp\/v2\/posts\/84228\/revisions"}],"wp:featuredmedia":[{"embeddable":true,"href":"https:\/\/sandzakpress.net\/arhiva\/wp-json\/wp\/v2\/media\/84231"}],"wp:attachment":[{"href":"https:\/\/sandzakpress.net\/arhiva\/wp-json\/wp\/v2\/media?parent=84228"}],"wp:term":[{"taxonomy":"category","embeddable":true,"href":"https:\/\/sandzakpress.net\/arhiva\/wp-json\/wp\/v2\/categories?post=84228"},{"taxonomy":"post_tag","embeddable":true,"href":"https:\/\/sandzakpress.net\/arhiva\/wp-json\/wp\/v2\/tags?post=84228"}],"curies":[{"name":"wp","href":"https:\/\/api.w.org\/{rel}","templated":true}]}}