{"id":84172,"date":"2013-08-06T00:48:59","date_gmt":"2013-08-05T22:48:59","guid":{"rendered":"https:\/\/sandzakpress.net\/arhiva\/?p=84172"},"modified":"2013-08-06T09:29:10","modified_gmt":"2013-08-06T07:29:10","slug":"ipat-satir-odbio-susret-sa-americkom-delegacijom","status":"publish","type":"post","link":"https:\/\/sandzakpress.net\/arhiva\/ipat-satir-odbio-susret-sa-americkom-delegacijom\/","title":{"rendered":"Egipat: \u0160atir odbio susret sa ameri\u010dkom delegacijom"},"content":{"rendered":"<p><strong><a href=\"https:\/\/sandzakpress.net\/arhiva\/wp-content\/uploads\/2013\/08\/egipat-satir-odbio-susret-sa-americkom-delegacijom_trt-bosanski-22278.jpg\"><img loading=\"lazy\" decoding=\"async\" class=\"alignleft size-medium wp-image-84173\" alt=\"egipat-satir-odbio-susret-sa-americkom-delegacijom_trt-bosanski-22278\" src=\"https:\/\/sandzakpress.net\/arhiva\/wp-content\/uploads\/2013\/08\/egipat-satir-odbio-susret-sa-americkom-delegacijom_trt-bosanski-22278-300x181.jpg\" width=\"300\" height=\"181\" \/><\/a>Egipat &#8211; Zamjenik predsjednika Savjetodavnog vije\u0107a Muslimanskog bratstva u Egiptu Hayrat \u0160atir, koji se nalazi u pritvoru u zatvoru Tura, odbio je da razgovara sa \u010dlanovima delegacije me\u0111u kojima su bili i zamjenik ameri\u010dkog ministra vanjskih poslova William Burns, katarski ministar vanjskih poslova Halid Bin Muhammed El Atiye, ministar vanjskih poslova Ujedinjenih Arapskih Emirata (UAE) Abdullah Zayed Al Nahyan i specijalni predstavnik Evropske unije za Ju\u017eni Mediteran Bernardino Leon.<\/strong><\/p>\n<p>Prema informacijama iz izvora Ihvan-a, \u0160atir je odbio prijedlog za razgovor sa delegacijom koji su \u010dinili predstavnici arapskih i zapadnih zemalja, a koji su ga htjeli posjetiti u zatvoru Tura. Izjavljuju\u0107i da ovlasti za razgovor sa stranim delegacijama koje do\u0111u u zemlju ima jedino prvi demokratski predsjednik Egipta Muhammed Mursi koji je svrgnut vojnim udarom, \u0160atir je zatra\u017eio da se delegacija sastane sa Mursijem.<\/p>\n<p>Potpredsjednik Stranke slobode i pravde Isam el-Aryan je na zvani\u010dnoj internet stranici objavio pisano saop\u0107enje u kojem je re\u010deno: &#8220;Ako ima iko da predstavlja egipatski narod, onda je to predsjednik Muhammed Mursi koji je izabran prema Ustavu. Sve delegacije koje \u017eele obaviti razgovor sa legitimnim organima trebaju se obratiti Mursiju, jer je on osoba koja nosi &#8216;klju\u010d rje\u0161enja&#8217;.&#8221;<\/p>\n<p>Posredni\u010dka delegacija arapskih i zapadnih predstavnika, \u010diji je zahtjev za susret sa zamjenikom predsjednika Savjetodavnog vije\u0107a Muslimanskog bratstva Hayratom \u0160atirom odbijen, obavi\u0107e razgovor sa prvim demokratski izabranim predsjednikom Egipta Muhammedom Mursijem.<\/p>\n<p>Prema informacijama iz izvora ameri\u010dke ambasade u Kairu, posredni\u010dka delegacija u \u010dijem sastavu su i zamjenik ameri\u010dkog ministra vanjskih poslova William Burns, katarski ministar vanjskih poslova Halid Bin Muhammed El Atiye, ministar vanjskih poslova Ujedinjenih Arapskih Emirata (UAE) Abdullah Zayed Al Nahyan i specijalni predstavnik Evropske unije za Ju\u017eni Mediteran Bernardino Leon, nakon neuspje\u0161nog poku\u0161aja za razgovor sa \u0160atirom, tra\u017ei na\u010din da se sastane sa Mursijem.<\/p>\n<p>Dok nije bilo zvani\u010dnih izjava u vezi s razlogom neuspje\u0161nog poku\u0161aja za razgovor sa \u0160atirom, navodi se kako je mogu\u0107e da se delegacija sastane sa Mursijem u narednih nekoliko sati, ali da ovo pitanje jo\u0161 uvijek nije razja\u0161njeno.<\/p>\n<p>(trtbosanski)<\/p>\n","protected":false},"excerpt":{"rendered":"<p>Egipat &#8211; Zamjenik predsjednika Savjetodavnog vije\u0107a Muslimanskog bratstva u Egiptu Hayrat \u0160atir, koji se nalazi u pritvoru u zatvoru Tura, odbio je da razgovara sa \u010dlanovima delegacije me\u0111u kojima su bili i zamjenik ameri\u010dkog ministra vanjskih poslova William Burns, katarski ministar vanjskih poslova Halid Bin Muhammed El Atiye, ministar vanjskih poslova Ujedinjenih Arapskih Emirata (UAE) [&hellip;]<\/p>\n","protected":false},"author":83,"featured_media":84175,"comment_status":"open","ping_status":"open","sticky":false,"template":"","format":"standard","meta":{"footnotes":""},"categories":[9],"tags":[10228],"class_list":{"0":"post-84172","1":"post","2":"type-post","3":"status-publish","4":"format-standard","5":"has-post-thumbnail","7":"category-svijet","8":"tag-egipat"},"yoast_head":"<!-- This site is optimized with the Yoast SEO Premium plugin v23.1 (Yoast SEO v24.9) - https:\/\/yoast.com\/wordpress\/plugins\/seo\/ -->\n<title>Egipat: \u0160atir odbio susret sa ameri\u010dkom delegacijom<\/title>\n<meta name=\"robots\" content=\"index, follow, max-snippet:-1, max-image-preview:large, max-video-preview:-1\" \/>\n<link rel=\"canonical\" href=\"https:\/\/sandzakpress.net\/arhiva\/ipat-satir-odbio-susret-sa-americkom-delegacijom\/\" \/>\n<meta property=\"og:locale\" content=\"bs_BA\" \/>\n<meta property=\"og:type\" content=\"article\" \/>\n<meta property=\"og:title\" content=\"Egipat: \u0160atir odbio susret sa ameri\u010dkom delegacijom\" \/>\n<meta property=\"og:description\" content=\"Egipat &#8211; Zamjenik predsjednika Savjetodavnog vije\u0107a Muslimanskog bratstva u Egiptu Hayrat \u0160atir, koji se nalazi u pritvoru u zatvoru Tura, odbio je da razgovara sa \u010dlanovima delegacije me\u0111u kojima su bili i zamjenik ameri\u010dkog ministra vanjskih poslova William Burns, katarski ministar vanjskih poslova Halid Bin Muhammed El Atiye, ministar vanjskih poslova Ujedinjenih Arapskih Emirata (UAE) [&hellip;]\" \/>\n<meta property=\"og:url\" content=\"https:\/\/sandzakpress.net\/arhiva\/ipat-satir-odbio-susret-sa-americkom-delegacijom\/\" \/>\n<meta property=\"og:site_name\" content=\"Sand\u017eak PRESS\" \/>\n<meta property=\"article:published_time\" content=\"2013-08-05T22:48:59+00:00\" \/>\n<meta property=\"article:modified_time\" content=\"2013-08-06T07:29:10+00:00\" \/>\n<meta property=\"og:image\" content=\"https:\/\/sandzakpress.net\/arhiva\/wp-content\/uploads\/2013\/08\/egipat-satir-odbio-susret-sa-americkom-delegacijom_trt-bosanski-22278-300x1811.jpg\" \/>\n\t<meta property=\"og:image:width\" content=\"300\" \/>\n\t<meta property=\"og:image:height\" content=\"181\" \/>\n\t<meta property=\"og:image:type\" content=\"image\/jpeg\" \/>\n<meta name=\"author\" content=\"bosniak\" \/>\n<meta name=\"twitter:card\" content=\"summary_large_image\" \/>\n<meta name=\"twitter:label1\" content=\"Written by\" \/>\n\t<meta name=\"twitter:data1\" content=\"bosniak\" \/>\n\t<meta name=\"twitter:label2\" content=\"Est. reading time\" \/>\n\t<meta name=\"twitter:data2\" content=\"2 minute\" \/>\n<script type=\"application\/ld+json\" class=\"yoast-schema-graph\">{\"@context\":\"https:\/\/schema.org\",\"@graph\":[{\"@type\":\"Article\",\"@id\":\"https:\/\/sandzakpress.net\/arhiva\/ipat-satir-odbio-susret-sa-americkom-delegacijom\/#article\",\"isPartOf\":{\"@id\":\"https:\/\/sandzakpress.net\/arhiva\/ipat-satir-odbio-susret-sa-americkom-delegacijom\/\"},\"author\":{\"name\":\"bosniak\",\"@id\":\"https:\/\/sandzakpress.net\/arhiva\/#\/schema\/person\/c8baee722073534b583ea7bdb2e36c02\"},\"headline\":\"Egipat: \u0160atir odbio susret sa ameri\u010dkom delegacijom\",\"datePublished\":\"2013-08-05T22:48:59+00:00\",\"dateModified\":\"2013-08-06T07:29:10+00:00\",\"mainEntityOfPage\":{\"@id\":\"https:\/\/sandzakpress.net\/arhiva\/ipat-satir-odbio-susret-sa-americkom-delegacijom\/\"},\"wordCount\":362,\"commentCount\":0,\"publisher\":{\"@id\":\"https:\/\/sandzakpress.net\/arhiva\/#\/schema\/person\/6e72b67d6e51910a1117b3b483ba20bd\"},\"image\":{\"@id\":\"https:\/\/sandzakpress.net\/arhiva\/ipat-satir-odbio-susret-sa-americkom-delegacijom\/#primaryimage\"},\"thumbnailUrl\":\"https:\/\/sandzakpress.net\/arhiva\/wp-content\/uploads\/2013\/08\/egipat-satir-odbio-susret-sa-americkom-delegacijom_trt-bosanski-22278-300x1811.jpg\",\"keywords\":[\"Egipat\"],\"articleSection\":[\"Svijet\"],\"inLanguage\":\"bs-BA\",\"potentialAction\":[{\"@type\":\"CommentAction\",\"name\":\"Comment\",\"target\":[\"https:\/\/sandzakpress.net\/arhiva\/ipat-satir-odbio-susret-sa-americkom-delegacijom\/#respond\"]}]},{\"@type\":\"WebPage\",\"@id\":\"https:\/\/sandzakpress.net\/arhiva\/ipat-satir-odbio-susret-sa-americkom-delegacijom\/\",\"url\":\"https:\/\/sandzakpress.net\/arhiva\/ipat-satir-odbio-susret-sa-americkom-delegacijom\/\",\"name\":\"Egipat: \u0160atir odbio susret sa ameri\u010dkom delegacijom\",\"isPartOf\":{\"@id\":\"https:\/\/sandzakpress.net\/arhiva\/#website\"},\"primaryImageOfPage\":{\"@id\":\"https:\/\/sandzakpress.net\/arhiva\/ipat-satir-odbio-susret-sa-americkom-delegacijom\/#primaryimage\"},\"image\":{\"@id\":\"https:\/\/sandzakpress.net\/arhiva\/ipat-satir-odbio-susret-sa-americkom-delegacijom\/#primaryimage\"},\"thumbnailUrl\":\"https:\/\/sandzakpress.net\/arhiva\/wp-content\/uploads\/2013\/08\/egipat-satir-odbio-susret-sa-americkom-delegacijom_trt-bosanski-22278-300x1811.jpg\",\"datePublished\":\"2013-08-05T22:48:59+00:00\",\"dateModified\":\"2013-08-06T07:29:10+00:00\",\"breadcrumb\":{\"@id\":\"https:\/\/sandzakpress.net\/arhiva\/ipat-satir-odbio-susret-sa-americkom-delegacijom\/#breadcrumb\"},\"inLanguage\":\"bs-BA\",\"potentialAction\":[{\"@type\":\"ReadAction\",\"target\":[\"https:\/\/sandzakpress.net\/arhiva\/ipat-satir-odbio-susret-sa-americkom-delegacijom\/\"]}]},{\"@type\":\"ImageObject\",\"inLanguage\":\"bs-BA\",\"@id\":\"https:\/\/sandzakpress.net\/arhiva\/ipat-satir-odbio-susret-sa-americkom-delegacijom\/#primaryimage\",\"url\":\"https:\/\/sandzakpress.net\/arhiva\/wp-content\/uploads\/2013\/08\/egipat-satir-odbio-susret-sa-americkom-delegacijom_trt-bosanski-22278-300x1811.jpg\",\"contentUrl\":\"https:\/\/sandzakpress.net\/arhiva\/wp-content\/uploads\/2013\/08\/egipat-satir-odbio-susret-sa-americkom-delegacijom_trt-bosanski-22278-300x1811.jpg\",\"width\":300,\"height\":181},{\"@type\":\"BreadcrumbList\",\"@id\":\"https:\/\/sandzakpress.net\/arhiva\/ipat-satir-odbio-susret-sa-americkom-delegacijom\/#breadcrumb\",\"itemListElement\":[{\"@type\":\"ListItem\",\"position\":1,\"name\":\"Home\",\"item\":\"https:\/\/sandzakpress.net\/arhiva\/\"},{\"@type\":\"ListItem\",\"position\":2,\"name\":\"Egipat: \u0160atir odbio susret sa ameri\u010dkom delegacijom\"}]},{\"@type\":\"WebSite\",\"@id\":\"https:\/\/sandzakpress.net\/arhiva\/#website\",\"url\":\"https:\/\/sandzakpress.net\/arhiva\/\",\"name\":\"Sand\u017eak PRESS\",\"description\":\"Prve elektronske novine u Sand\u017eaku\",\"publisher\":{\"@id\":\"https:\/\/sandzakpress.net\/arhiva\/#\/schema\/person\/6e72b67d6e51910a1117b3b483ba20bd\"},\"potentialAction\":[{\"@type\":\"SearchAction\",\"target\":{\"@type\":\"EntryPoint\",\"urlTemplate\":\"https:\/\/sandzakpress.net\/arhiva\/?s={search_term_string}\"},\"query-input\":{\"@type\":\"PropertyValueSpecification\",\"valueRequired\":true,\"valueName\":\"search_term_string\"}}],\"inLanguage\":\"bs-BA\"},{\"@type\":[\"Person\",\"Organization\"],\"@id\":\"https:\/\/sandzakpress.net\/arhiva\/#\/schema\/person\/6e72b67d6e51910a1117b3b483ba20bd\",\"name\":\"Kul\",\"image\":{\"@type\":\"ImageObject\",\"inLanguage\":\"bs-BA\",\"@id\":\"https:\/\/sandzakpress.net\/arhiva\/#\/schema\/person\/image\/\",\"url\":\"https:\/\/secure.gravatar.com\/avatar\/42263f39aa27ac04c43cab85c280eb2e?s=96&d=mm&r=pg\",\"contentUrl\":\"https:\/\/secure.gravatar.com\/avatar\/42263f39aa27ac04c43cab85c280eb2e?s=96&d=mm&r=pg\",\"caption\":\"Kul\"},\"logo\":{\"@id\":\"https:\/\/sandzakpress.net\/arhiva\/#\/schema\/person\/image\/\"}},{\"@type\":\"Person\",\"@id\":\"https:\/\/sandzakpress.net\/arhiva\/#\/schema\/person\/c8baee722073534b583ea7bdb2e36c02\",\"name\":\"bosniak\",\"image\":{\"@type\":\"ImageObject\",\"inLanguage\":\"bs-BA\",\"@id\":\"https:\/\/sandzakpress.net\/arhiva\/#\/schema\/person\/image\/\",\"url\":\"https:\/\/secure.gravatar.com\/avatar\/a04fd330bfe3a36a72a0ad4a6d89fca7?s=96&d=mm&r=pg\",\"contentUrl\":\"https:\/\/secure.gravatar.com\/avatar\/a04fd330bfe3a36a72a0ad4a6d89fca7?s=96&d=mm&r=pg\",\"caption\":\"bosniak\"},\"url\":\"https:\/\/sandzakpress.net\/arhiva\/author\/bosniak\/\"}]}<\/script>\n<!-- \/ Yoast SEO Premium plugin. -->","yoast_head_json":{"title":"Egipat: \u0160atir odbio susret sa ameri\u010dkom delegacijom","robots":{"index":"index","follow":"follow","max-snippet":"max-snippet:-1","max-image-preview":"max-image-preview:large","max-video-preview":"max-video-preview:-1"},"canonical":"https:\/\/sandzakpress.net\/arhiva\/ipat-satir-odbio-susret-sa-americkom-delegacijom\/","og_locale":"bs_BA","og_type":"article","og_title":"Egipat: \u0160atir odbio susret sa ameri\u010dkom delegacijom","og_description":"Egipat &#8211; Zamjenik predsjednika Savjetodavnog vije\u0107a Muslimanskog bratstva u Egiptu Hayrat \u0160atir, koji se nalazi u pritvoru u zatvoru Tura, odbio je da razgovara sa \u010dlanovima delegacije me\u0111u kojima su bili i zamjenik ameri\u010dkog ministra vanjskih poslova William Burns, katarski ministar vanjskih poslova Halid Bin Muhammed El Atiye, ministar vanjskih poslova Ujedinjenih Arapskih Emirata (UAE) [&hellip;]","og_url":"https:\/\/sandzakpress.net\/arhiva\/ipat-satir-odbio-susret-sa-americkom-delegacijom\/","og_site_name":"Sand\u017eak PRESS","article_published_time":"2013-08-05T22:48:59+00:00","article_modified_time":"2013-08-06T07:29:10+00:00","og_image":[{"width":300,"height":181,"url":"https:\/\/sandzakpress.net\/arhiva\/wp-content\/uploads\/2013\/08\/egipat-satir-odbio-susret-sa-americkom-delegacijom_trt-bosanski-22278-300x1811.jpg","type":"image\/jpeg"}],"author":"bosniak","twitter_card":"summary_large_image","twitter_misc":{"Written by":"bosniak","Est. reading time":"2 minute"},"schema":{"@context":"https:\/\/schema.org","@graph":[{"@type":"Article","@id":"https:\/\/sandzakpress.net\/arhiva\/ipat-satir-odbio-susret-sa-americkom-delegacijom\/#article","isPartOf":{"@id":"https:\/\/sandzakpress.net\/arhiva\/ipat-satir-odbio-susret-sa-americkom-delegacijom\/"},"author":{"name":"bosniak","@id":"https:\/\/sandzakpress.net\/arhiva\/#\/schema\/person\/c8baee722073534b583ea7bdb2e36c02"},"headline":"Egipat: \u0160atir odbio susret sa ameri\u010dkom delegacijom","datePublished":"2013-08-05T22:48:59+00:00","dateModified":"2013-08-06T07:29:10+00:00","mainEntityOfPage":{"@id":"https:\/\/sandzakpress.net\/arhiva\/ipat-satir-odbio-susret-sa-americkom-delegacijom\/"},"wordCount":362,"commentCount":0,"publisher":{"@id":"https:\/\/sandzakpress.net\/arhiva\/#\/schema\/person\/6e72b67d6e51910a1117b3b483ba20bd"},"image":{"@id":"https:\/\/sandzakpress.net\/arhiva\/ipat-satir-odbio-susret-sa-americkom-delegacijom\/#primaryimage"},"thumbnailUrl":"https:\/\/sandzakpress.net\/arhiva\/wp-content\/uploads\/2013\/08\/egipat-satir-odbio-susret-sa-americkom-delegacijom_trt-bosanski-22278-300x1811.jpg","keywords":["Egipat"],"articleSection":["Svijet"],"inLanguage":"bs-BA","potentialAction":[{"@type":"CommentAction","name":"Comment","target":["https:\/\/sandzakpress.net\/arhiva\/ipat-satir-odbio-susret-sa-americkom-delegacijom\/#respond"]}]},{"@type":"WebPage","@id":"https:\/\/sandzakpress.net\/arhiva\/ipat-satir-odbio-susret-sa-americkom-delegacijom\/","url":"https:\/\/sandzakpress.net\/arhiva\/ipat-satir-odbio-susret-sa-americkom-delegacijom\/","name":"Egipat: \u0160atir odbio susret sa ameri\u010dkom delegacijom","isPartOf":{"@id":"https:\/\/sandzakpress.net\/arhiva\/#website"},"primaryImageOfPage":{"@id":"https:\/\/sandzakpress.net\/arhiva\/ipat-satir-odbio-susret-sa-americkom-delegacijom\/#primaryimage"},"image":{"@id":"https:\/\/sandzakpress.net\/arhiva\/ipat-satir-odbio-susret-sa-americkom-delegacijom\/#primaryimage"},"thumbnailUrl":"https:\/\/sandzakpress.net\/arhiva\/wp-content\/uploads\/2013\/08\/egipat-satir-odbio-susret-sa-americkom-delegacijom_trt-bosanski-22278-300x1811.jpg","datePublished":"2013-08-05T22:48:59+00:00","dateModified":"2013-08-06T07:29:10+00:00","breadcrumb":{"@id":"https:\/\/sandzakpress.net\/arhiva\/ipat-satir-odbio-susret-sa-americkom-delegacijom\/#breadcrumb"},"inLanguage":"bs-BA","potentialAction":[{"@type":"ReadAction","target":["https:\/\/sandzakpress.net\/arhiva\/ipat-satir-odbio-susret-sa-americkom-delegacijom\/"]}]},{"@type":"ImageObject","inLanguage":"bs-BA","@id":"https:\/\/sandzakpress.net\/arhiva\/ipat-satir-odbio-susret-sa-americkom-delegacijom\/#primaryimage","url":"https:\/\/sandzakpress.net\/arhiva\/wp-content\/uploads\/2013\/08\/egipat-satir-odbio-susret-sa-americkom-delegacijom_trt-bosanski-22278-300x1811.jpg","contentUrl":"https:\/\/sandzakpress.net\/arhiva\/wp-content\/uploads\/2013\/08\/egipat-satir-odbio-susret-sa-americkom-delegacijom_trt-bosanski-22278-300x1811.jpg","width":300,"height":181},{"@type":"BreadcrumbList","@id":"https:\/\/sandzakpress.net\/arhiva\/ipat-satir-odbio-susret-sa-americkom-delegacijom\/#breadcrumb","itemListElement":[{"@type":"ListItem","position":1,"name":"Home","item":"https:\/\/sandzakpress.net\/arhiva\/"},{"@type":"ListItem","position":2,"name":"Egipat: \u0160atir odbio susret sa ameri\u010dkom delegacijom"}]},{"@type":"WebSite","@id":"https:\/\/sandzakpress.net\/arhiva\/#website","url":"https:\/\/sandzakpress.net\/arhiva\/","name":"Sand\u017eak PRESS","description":"Prve elektronske novine u Sand\u017eaku","publisher":{"@id":"https:\/\/sandzakpress.net\/arhiva\/#\/schema\/person\/6e72b67d6e51910a1117b3b483ba20bd"},"potentialAction":[{"@type":"SearchAction","target":{"@type":"EntryPoint","urlTemplate":"https:\/\/sandzakpress.net\/arhiva\/?s={search_term_string}"},"query-input":{"@type":"PropertyValueSpecification","valueRequired":true,"valueName":"search_term_string"}}],"inLanguage":"bs-BA"},{"@type":["Person","Organization"],"@id":"https:\/\/sandzakpress.net\/arhiva\/#\/schema\/person\/6e72b67d6e51910a1117b3b483ba20bd","name":"Kul","image":{"@type":"ImageObject","inLanguage":"bs-BA","@id":"https:\/\/sandzakpress.net\/arhiva\/#\/schema\/person\/image\/","url":"https:\/\/secure.gravatar.com\/avatar\/42263f39aa27ac04c43cab85c280eb2e?s=96&d=mm&r=pg","contentUrl":"https:\/\/secure.gravatar.com\/avatar\/42263f39aa27ac04c43cab85c280eb2e?s=96&d=mm&r=pg","caption":"Kul"},"logo":{"@id":"https:\/\/sandzakpress.net\/arhiva\/#\/schema\/person\/image\/"}},{"@type":"Person","@id":"https:\/\/sandzakpress.net\/arhiva\/#\/schema\/person\/c8baee722073534b583ea7bdb2e36c02","name":"bosniak","image":{"@type":"ImageObject","inLanguage":"bs-BA","@id":"https:\/\/sandzakpress.net\/arhiva\/#\/schema\/person\/image\/","url":"https:\/\/secure.gravatar.com\/avatar\/a04fd330bfe3a36a72a0ad4a6d89fca7?s=96&d=mm&r=pg","contentUrl":"https:\/\/secure.gravatar.com\/avatar\/a04fd330bfe3a36a72a0ad4a6d89fca7?s=96&d=mm&r=pg","caption":"bosniak"},"url":"https:\/\/sandzakpress.net\/arhiva\/author\/bosniak\/"}]}},"_links":{"self":[{"href":"https:\/\/sandzakpress.net\/arhiva\/wp-json\/wp\/v2\/posts\/84172"}],"collection":[{"href":"https:\/\/sandzakpress.net\/arhiva\/wp-json\/wp\/v2\/posts"}],"about":[{"href":"https:\/\/sandzakpress.net\/arhiva\/wp-json\/wp\/v2\/types\/post"}],"author":[{"embeddable":true,"href":"https:\/\/sandzakpress.net\/arhiva\/wp-json\/wp\/v2\/users\/83"}],"replies":[{"embeddable":true,"href":"https:\/\/sandzakpress.net\/arhiva\/wp-json\/wp\/v2\/comments?post=84172"}],"version-history":[{"count":0,"href":"https:\/\/sandzakpress.net\/arhiva\/wp-json\/wp\/v2\/posts\/84172\/revisions"}],"wp:featuredmedia":[{"embeddable":true,"href":"https:\/\/sandzakpress.net\/arhiva\/wp-json\/wp\/v2\/media\/84175"}],"wp:attachment":[{"href":"https:\/\/sandzakpress.net\/arhiva\/wp-json\/wp\/v2\/media?parent=84172"}],"wp:term":[{"taxonomy":"category","embeddable":true,"href":"https:\/\/sandzakpress.net\/arhiva\/wp-json\/wp\/v2\/categories?post=84172"},{"taxonomy":"post_tag","embeddable":true,"href":"https:\/\/sandzakpress.net\/arhiva\/wp-json\/wp\/v2\/tags?post=84172"}],"curies":[{"name":"wp","href":"https:\/\/api.w.org\/{rel}","templated":true}]}}