{"id":8417,"date":"2010-09-22T10:17:58","date_gmt":"2010-09-22T10:17:58","guid":{"rendered":"https:\/\/sandzakpress.net\/arhiva\/?p=8417"},"modified":"2010-09-22T10:17:58","modified_gmt":"2010-09-22T10:17:58","slug":"za-dvojicu-deset-godina-zatvora","status":"publish","type":"post","link":"https:\/\/sandzakpress.net\/arhiva\/za-dvojicu-deset-godina-zatvora\/","title":{"rendered":"Za dvojicu deset godina zatvora"},"content":{"rendered":"<p><strong><a href=\"https:\/\/sandzakpress.net\/arhiva\/wp-content\/uploads\/2010\/09\/zatvor.jpg\"><img loading=\"lazy\" decoding=\"async\" class=\"alignleft size-medium wp-image-8418\" title=\"zatvor\" src=\"https:\/\/sandzakpress.net\/arhiva\/wp-content\/uploads\/2010\/09\/zatvor-300x300.jpg\" alt=\"\" width=\"300\" height=\"300\" \/><\/a>Ro\u017eaje &#8211; Pred vije\u0107em Vi\u0161eg suda u Bijelom Polju, kojem je predsjedavao Vukomir Bo\u0161kovi\u0107, ju\u010de je zbog preprodaje droge zavr\u0161eno ponovno su\u0111enje Zenu Brali\u0107u (30) iz Ro\u017eaja (32) i Gezimu Ferizovi\u0107u (37) iz Novog Pazara. Svi u\u010desnici u pretresu su dali zavr\u0161ne rije\u010di. Presuda \u0107e biti objavljena 23. septembra u 11 sati.<\/strong><\/p>\n<p>Ferizovi\u0107 i Zeno Brali\u0107 u prvostepenom postupku su bili osu\u0111eni na po pet godina zatvora, dok je Meho Brali\u0107, Zenov brat, koji je tako\u0111e bio optu\u017een, oslobo\u0111en. Nakon izricanja presude Ferizovi\u0107 je, jer je strani dr\u017eavljanin zadr\u017ean u pritvoru, dok je Meho Brali\u0107 pu\u0161ten na slobodu.<br \/>\nPrema optu\u017enici, slu\u017ebenici policije iz Berana su po\u010detkom godine uhaspili ova tri lica i tom prilikom zaplijenili oko \u010detiri kilograma heroina.<br \/>\nDroga je prona\u0111ena u &#8220;mercedesu 240 D&#8221; (423-KS-449), kojim je upravljao Ferizovi\u0107.<\/p>\n<p>On je prethodno, kako pi\u0161e u optu\u017enici, stigao sa Kosova, preko grani\u010dnog prelaza Kula i drogu sakrio u naslonja\u010du zadnjeg sjedi\u0161ta. Heroin je bio upakovan u osam paketi\u0107a. Auto je zaustavljeno na putu Ro\u017eaje-Berane, a nakon Ferizovi\u0107evog hap\u0161enja u Ro\u017eajama su uhap\u0161ena i bra\u0107a Brali\u0107. Sumnja se da je Ferizovi\u0107 donio drogu sa Kosova, a da su bra\u0107a trebala da je prokrijum\u010dare dalje u dr\u017eave zapadne Evrope.<\/p>\n<p>Izvor: <strong>Dan.co.me<\/strong><\/p>\n","protected":false},"excerpt":{"rendered":"<p>Ro\u017eaje &#8211; Pred vije\u0107em Vi\u0161eg suda u Bijelom Polju, kojem je predsjedavao Vukomir Bo\u0161kovi\u0107, ju\u010de je zbog preprodaje droge zavr\u0161eno ponovno su\u0111enje Zenu Brali\u0107u (30) iz Ro\u017eaja (32) i Gezimu Ferizovi\u0107u (37) iz Novog Pazara. Svi u\u010desnici u pretresu su dali zavr\u0161ne rije\u010di. Presuda \u0107e biti objavljena 23. septembra u 11 sati. Ferizovi\u0107 i Zeno [&hellip;]<\/p>\n","protected":false},"author":83,"featured_media":8418,"comment_status":"open","ping_status":"open","sticky":false,"template":"","format":"standard","meta":{"footnotes":""},"categories":[398,5],"tags":[],"class_list":{"0":"post-8417","1":"post","2":"type-post","3":"status-publish","4":"format-standard","5":"has-post-thumbnail","7":"category-rozaje","8":"category-drustvo"},"yoast_head":"<!-- This site is optimized with the Yoast SEO Premium plugin v23.1 (Yoast SEO v24.9) - https:\/\/yoast.com\/wordpress\/plugins\/seo\/ -->\n<title>Za dvojicu deset godina zatvora<\/title>\n<meta name=\"robots\" content=\"index, follow, max-snippet:-1, max-image-preview:large, max-video-preview:-1\" \/>\n<link rel=\"canonical\" href=\"https:\/\/sandzakpress.net\/arhiva\/za-dvojicu-deset-godina-zatvora\/\" \/>\n<meta property=\"og:locale\" content=\"bs_BA\" \/>\n<meta property=\"og:type\" content=\"article\" \/>\n<meta property=\"og:title\" content=\"Za dvojicu deset godina zatvora\" \/>\n<meta property=\"og:description\" content=\"Ro\u017eaje &#8211; Pred vije\u0107em Vi\u0161eg suda u Bijelom Polju, kojem je predsjedavao Vukomir Bo\u0161kovi\u0107, ju\u010de je zbog preprodaje droge zavr\u0161eno ponovno su\u0111enje Zenu Brali\u0107u (30) iz Ro\u017eaja (32) i Gezimu Ferizovi\u0107u (37) iz Novog Pazara. Svi u\u010desnici u pretresu su dali zavr\u0161ne rije\u010di. Presuda \u0107e biti objavljena 23. septembra u 11 sati. Ferizovi\u0107 i Zeno [&hellip;]\" \/>\n<meta property=\"og:url\" content=\"https:\/\/sandzakpress.net\/arhiva\/za-dvojicu-deset-godina-zatvora\/\" \/>\n<meta property=\"og:site_name\" content=\"Sand\u017eak PRESS\" \/>\n<meta property=\"article:published_time\" content=\"2010-09-22T10:17:58+00:00\" \/>\n<meta property=\"og:image\" content=\"https:\/\/sandzakpress.net\/arhiva\/wp-content\/uploads\/2010\/09\/zatvor.jpg\" \/>\n\t<meta property=\"og:image:width\" content=\"360\" \/>\n\t<meta property=\"og:image:height\" content=\"360\" \/>\n\t<meta property=\"og:image:type\" content=\"image\/jpeg\" \/>\n<meta name=\"author\" content=\"bosniak\" \/>\n<meta name=\"twitter:card\" content=\"summary_large_image\" \/>\n<meta name=\"twitter:label1\" content=\"Written by\" \/>\n\t<meta name=\"twitter:data1\" content=\"bosniak\" \/>\n\t<meta name=\"twitter:label2\" content=\"Est. reading time\" \/>\n\t<meta name=\"twitter:data2\" content=\"1 minuta\" \/>\n<script type=\"application\/ld+json\" class=\"yoast-schema-graph\">{\"@context\":\"https:\/\/schema.org\",\"@graph\":[{\"@type\":\"Article\",\"@id\":\"https:\/\/sandzakpress.net\/arhiva\/za-dvojicu-deset-godina-zatvora\/#article\",\"isPartOf\":{\"@id\":\"https:\/\/sandzakpress.net\/arhiva\/za-dvojicu-deset-godina-zatvora\/\"},\"author\":{\"name\":\"bosniak\",\"@id\":\"https:\/\/sandzakpress.net\/arhiva\/#\/schema\/person\/c8baee722073534b583ea7bdb2e36c02\"},\"headline\":\"Za dvojicu deset godina zatvora\",\"datePublished\":\"2010-09-22T10:17:58+00:00\",\"mainEntityOfPage\":{\"@id\":\"https:\/\/sandzakpress.net\/arhiva\/za-dvojicu-deset-godina-zatvora\/\"},\"wordCount\":240,\"commentCount\":0,\"publisher\":{\"@id\":\"https:\/\/sandzakpress.net\/arhiva\/#\/schema\/person\/6e72b67d6e51910a1117b3b483ba20bd\"},\"image\":{\"@id\":\"https:\/\/sandzakpress.net\/arhiva\/za-dvojicu-deset-godina-zatvora\/#primaryimage\"},\"thumbnailUrl\":\"https:\/\/sandzakpress.net\/arhiva\/wp-content\/uploads\/2010\/09\/zatvor.jpg\",\"articleSection\":[\"Ro\u017eaje\",\"Dru\u0161tvo\"],\"inLanguage\":\"bs-BA\",\"potentialAction\":[{\"@type\":\"CommentAction\",\"name\":\"Comment\",\"target\":[\"https:\/\/sandzakpress.net\/arhiva\/za-dvojicu-deset-godina-zatvora\/#respond\"]}]},{\"@type\":\"WebPage\",\"@id\":\"https:\/\/sandzakpress.net\/arhiva\/za-dvojicu-deset-godina-zatvora\/\",\"url\":\"https:\/\/sandzakpress.net\/arhiva\/za-dvojicu-deset-godina-zatvora\/\",\"name\":\"Za dvojicu deset godina zatvora\",\"isPartOf\":{\"@id\":\"https:\/\/sandzakpress.net\/arhiva\/#website\"},\"primaryImageOfPage\":{\"@id\":\"https:\/\/sandzakpress.net\/arhiva\/za-dvojicu-deset-godina-zatvora\/#primaryimage\"},\"image\":{\"@id\":\"https:\/\/sandzakpress.net\/arhiva\/za-dvojicu-deset-godina-zatvora\/#primaryimage\"},\"thumbnailUrl\":\"https:\/\/sandzakpress.net\/arhiva\/wp-content\/uploads\/2010\/09\/zatvor.jpg\",\"datePublished\":\"2010-09-22T10:17:58+00:00\",\"breadcrumb\":{\"@id\":\"https:\/\/sandzakpress.net\/arhiva\/za-dvojicu-deset-godina-zatvora\/#breadcrumb\"},\"inLanguage\":\"bs-BA\",\"potentialAction\":[{\"@type\":\"ReadAction\",\"target\":[\"https:\/\/sandzakpress.net\/arhiva\/za-dvojicu-deset-godina-zatvora\/\"]}]},{\"@type\":\"ImageObject\",\"inLanguage\":\"bs-BA\",\"@id\":\"https:\/\/sandzakpress.net\/arhiva\/za-dvojicu-deset-godina-zatvora\/#primaryimage\",\"url\":\"https:\/\/sandzakpress.net\/arhiva\/wp-content\/uploads\/2010\/09\/zatvor.jpg\",\"contentUrl\":\"https:\/\/sandzakpress.net\/arhiva\/wp-content\/uploads\/2010\/09\/zatvor.jpg\",\"width\":360,\"height\":360},{\"@type\":\"BreadcrumbList\",\"@id\":\"https:\/\/sandzakpress.net\/arhiva\/za-dvojicu-deset-godina-zatvora\/#breadcrumb\",\"itemListElement\":[{\"@type\":\"ListItem\",\"position\":1,\"name\":\"Home\",\"item\":\"https:\/\/sandzakpress.net\/arhiva\/\"},{\"@type\":\"ListItem\",\"position\":2,\"name\":\"Za dvojicu deset godina zatvora\"}]},{\"@type\":\"WebSite\",\"@id\":\"https:\/\/sandzakpress.net\/arhiva\/#website\",\"url\":\"https:\/\/sandzakpress.net\/arhiva\/\",\"name\":\"Sand\u017eak PRESS\",\"description\":\"Prve elektronske novine u Sand\u017eaku\",\"publisher\":{\"@id\":\"https:\/\/sandzakpress.net\/arhiva\/#\/schema\/person\/6e72b67d6e51910a1117b3b483ba20bd\"},\"potentialAction\":[{\"@type\":\"SearchAction\",\"target\":{\"@type\":\"EntryPoint\",\"urlTemplate\":\"https:\/\/sandzakpress.net\/arhiva\/?s={search_term_string}\"},\"query-input\":{\"@type\":\"PropertyValueSpecification\",\"valueRequired\":true,\"valueName\":\"search_term_string\"}}],\"inLanguage\":\"bs-BA\"},{\"@type\":[\"Person\",\"Organization\"],\"@id\":\"https:\/\/sandzakpress.net\/arhiva\/#\/schema\/person\/6e72b67d6e51910a1117b3b483ba20bd\",\"name\":\"Kul\",\"image\":{\"@type\":\"ImageObject\",\"inLanguage\":\"bs-BA\",\"@id\":\"https:\/\/sandzakpress.net\/arhiva\/#\/schema\/person\/image\/\",\"url\":\"https:\/\/secure.gravatar.com\/avatar\/42263f39aa27ac04c43cab85c280eb2e?s=96&d=mm&r=pg\",\"contentUrl\":\"https:\/\/secure.gravatar.com\/avatar\/42263f39aa27ac04c43cab85c280eb2e?s=96&d=mm&r=pg\",\"caption\":\"Kul\"},\"logo\":{\"@id\":\"https:\/\/sandzakpress.net\/arhiva\/#\/schema\/person\/image\/\"}},{\"@type\":\"Person\",\"@id\":\"https:\/\/sandzakpress.net\/arhiva\/#\/schema\/person\/c8baee722073534b583ea7bdb2e36c02\",\"name\":\"bosniak\",\"image\":{\"@type\":\"ImageObject\",\"inLanguage\":\"bs-BA\",\"@id\":\"https:\/\/sandzakpress.net\/arhiva\/#\/schema\/person\/image\/\",\"url\":\"https:\/\/secure.gravatar.com\/avatar\/a04fd330bfe3a36a72a0ad4a6d89fca7?s=96&d=mm&r=pg\",\"contentUrl\":\"https:\/\/secure.gravatar.com\/avatar\/a04fd330bfe3a36a72a0ad4a6d89fca7?s=96&d=mm&r=pg\",\"caption\":\"bosniak\"},\"url\":\"https:\/\/sandzakpress.net\/arhiva\/author\/bosniak\/\"}]}<\/script>\n<!-- \/ Yoast SEO Premium plugin. -->","yoast_head_json":{"title":"Za dvojicu deset godina zatvora","robots":{"index":"index","follow":"follow","max-snippet":"max-snippet:-1","max-image-preview":"max-image-preview:large","max-video-preview":"max-video-preview:-1"},"canonical":"https:\/\/sandzakpress.net\/arhiva\/za-dvojicu-deset-godina-zatvora\/","og_locale":"bs_BA","og_type":"article","og_title":"Za dvojicu deset godina zatvora","og_description":"Ro\u017eaje &#8211; Pred vije\u0107em Vi\u0161eg suda u Bijelom Polju, kojem je predsjedavao Vukomir Bo\u0161kovi\u0107, ju\u010de je zbog preprodaje droge zavr\u0161eno ponovno su\u0111enje Zenu Brali\u0107u (30) iz Ro\u017eaja (32) i Gezimu Ferizovi\u0107u (37) iz Novog Pazara. Svi u\u010desnici u pretresu su dali zavr\u0161ne rije\u010di. Presuda \u0107e biti objavljena 23. septembra u 11 sati. Ferizovi\u0107 i Zeno [&hellip;]","og_url":"https:\/\/sandzakpress.net\/arhiva\/za-dvojicu-deset-godina-zatvora\/","og_site_name":"Sand\u017eak PRESS","article_published_time":"2010-09-22T10:17:58+00:00","og_image":[{"width":360,"height":360,"url":"https:\/\/sandzakpress.net\/arhiva\/wp-content\/uploads\/2010\/09\/zatvor.jpg","type":"image\/jpeg"}],"author":"bosniak","twitter_card":"summary_large_image","twitter_misc":{"Written by":"bosniak","Est. reading time":"1 minuta"},"schema":{"@context":"https:\/\/schema.org","@graph":[{"@type":"Article","@id":"https:\/\/sandzakpress.net\/arhiva\/za-dvojicu-deset-godina-zatvora\/#article","isPartOf":{"@id":"https:\/\/sandzakpress.net\/arhiva\/za-dvojicu-deset-godina-zatvora\/"},"author":{"name":"bosniak","@id":"https:\/\/sandzakpress.net\/arhiva\/#\/schema\/person\/c8baee722073534b583ea7bdb2e36c02"},"headline":"Za dvojicu deset godina zatvora","datePublished":"2010-09-22T10:17:58+00:00","mainEntityOfPage":{"@id":"https:\/\/sandzakpress.net\/arhiva\/za-dvojicu-deset-godina-zatvora\/"},"wordCount":240,"commentCount":0,"publisher":{"@id":"https:\/\/sandzakpress.net\/arhiva\/#\/schema\/person\/6e72b67d6e51910a1117b3b483ba20bd"},"image":{"@id":"https:\/\/sandzakpress.net\/arhiva\/za-dvojicu-deset-godina-zatvora\/#primaryimage"},"thumbnailUrl":"https:\/\/sandzakpress.net\/arhiva\/wp-content\/uploads\/2010\/09\/zatvor.jpg","articleSection":["Ro\u017eaje","Dru\u0161tvo"],"inLanguage":"bs-BA","potentialAction":[{"@type":"CommentAction","name":"Comment","target":["https:\/\/sandzakpress.net\/arhiva\/za-dvojicu-deset-godina-zatvora\/#respond"]}]},{"@type":"WebPage","@id":"https:\/\/sandzakpress.net\/arhiva\/za-dvojicu-deset-godina-zatvora\/","url":"https:\/\/sandzakpress.net\/arhiva\/za-dvojicu-deset-godina-zatvora\/","name":"Za dvojicu deset godina zatvora","isPartOf":{"@id":"https:\/\/sandzakpress.net\/arhiva\/#website"},"primaryImageOfPage":{"@id":"https:\/\/sandzakpress.net\/arhiva\/za-dvojicu-deset-godina-zatvora\/#primaryimage"},"image":{"@id":"https:\/\/sandzakpress.net\/arhiva\/za-dvojicu-deset-godina-zatvora\/#primaryimage"},"thumbnailUrl":"https:\/\/sandzakpress.net\/arhiva\/wp-content\/uploads\/2010\/09\/zatvor.jpg","datePublished":"2010-09-22T10:17:58+00:00","breadcrumb":{"@id":"https:\/\/sandzakpress.net\/arhiva\/za-dvojicu-deset-godina-zatvora\/#breadcrumb"},"inLanguage":"bs-BA","potentialAction":[{"@type":"ReadAction","target":["https:\/\/sandzakpress.net\/arhiva\/za-dvojicu-deset-godina-zatvora\/"]}]},{"@type":"ImageObject","inLanguage":"bs-BA","@id":"https:\/\/sandzakpress.net\/arhiva\/za-dvojicu-deset-godina-zatvora\/#primaryimage","url":"https:\/\/sandzakpress.net\/arhiva\/wp-content\/uploads\/2010\/09\/zatvor.jpg","contentUrl":"https:\/\/sandzakpress.net\/arhiva\/wp-content\/uploads\/2010\/09\/zatvor.jpg","width":360,"height":360},{"@type":"BreadcrumbList","@id":"https:\/\/sandzakpress.net\/arhiva\/za-dvojicu-deset-godina-zatvora\/#breadcrumb","itemListElement":[{"@type":"ListItem","position":1,"name":"Home","item":"https:\/\/sandzakpress.net\/arhiva\/"},{"@type":"ListItem","position":2,"name":"Za dvojicu deset godina zatvora"}]},{"@type":"WebSite","@id":"https:\/\/sandzakpress.net\/arhiva\/#website","url":"https:\/\/sandzakpress.net\/arhiva\/","name":"Sand\u017eak PRESS","description":"Prve elektronske novine u Sand\u017eaku","publisher":{"@id":"https:\/\/sandzakpress.net\/arhiva\/#\/schema\/person\/6e72b67d6e51910a1117b3b483ba20bd"},"potentialAction":[{"@type":"SearchAction","target":{"@type":"EntryPoint","urlTemplate":"https:\/\/sandzakpress.net\/arhiva\/?s={search_term_string}"},"query-input":{"@type":"PropertyValueSpecification","valueRequired":true,"valueName":"search_term_string"}}],"inLanguage":"bs-BA"},{"@type":["Person","Organization"],"@id":"https:\/\/sandzakpress.net\/arhiva\/#\/schema\/person\/6e72b67d6e51910a1117b3b483ba20bd","name":"Kul","image":{"@type":"ImageObject","inLanguage":"bs-BA","@id":"https:\/\/sandzakpress.net\/arhiva\/#\/schema\/person\/image\/","url":"https:\/\/secure.gravatar.com\/avatar\/42263f39aa27ac04c43cab85c280eb2e?s=96&d=mm&r=pg","contentUrl":"https:\/\/secure.gravatar.com\/avatar\/42263f39aa27ac04c43cab85c280eb2e?s=96&d=mm&r=pg","caption":"Kul"},"logo":{"@id":"https:\/\/sandzakpress.net\/arhiva\/#\/schema\/person\/image\/"}},{"@type":"Person","@id":"https:\/\/sandzakpress.net\/arhiva\/#\/schema\/person\/c8baee722073534b583ea7bdb2e36c02","name":"bosniak","image":{"@type":"ImageObject","inLanguage":"bs-BA","@id":"https:\/\/sandzakpress.net\/arhiva\/#\/schema\/person\/image\/","url":"https:\/\/secure.gravatar.com\/avatar\/a04fd330bfe3a36a72a0ad4a6d89fca7?s=96&d=mm&r=pg","contentUrl":"https:\/\/secure.gravatar.com\/avatar\/a04fd330bfe3a36a72a0ad4a6d89fca7?s=96&d=mm&r=pg","caption":"bosniak"},"url":"https:\/\/sandzakpress.net\/arhiva\/author\/bosniak\/"}]}},"_links":{"self":[{"href":"https:\/\/sandzakpress.net\/arhiva\/wp-json\/wp\/v2\/posts\/8417"}],"collection":[{"href":"https:\/\/sandzakpress.net\/arhiva\/wp-json\/wp\/v2\/posts"}],"about":[{"href":"https:\/\/sandzakpress.net\/arhiva\/wp-json\/wp\/v2\/types\/post"}],"author":[{"embeddable":true,"href":"https:\/\/sandzakpress.net\/arhiva\/wp-json\/wp\/v2\/users\/83"}],"replies":[{"embeddable":true,"href":"https:\/\/sandzakpress.net\/arhiva\/wp-json\/wp\/v2\/comments?post=8417"}],"version-history":[{"count":0,"href":"https:\/\/sandzakpress.net\/arhiva\/wp-json\/wp\/v2\/posts\/8417\/revisions"}],"wp:featuredmedia":[{"embeddable":true,"href":"https:\/\/sandzakpress.net\/arhiva\/wp-json\/wp\/v2\/media\/8418"}],"wp:attachment":[{"href":"https:\/\/sandzakpress.net\/arhiva\/wp-json\/wp\/v2\/media?parent=8417"}],"wp:term":[{"taxonomy":"category","embeddable":true,"href":"https:\/\/sandzakpress.net\/arhiva\/wp-json\/wp\/v2\/categories?post=8417"},{"taxonomy":"post_tag","embeddable":true,"href":"https:\/\/sandzakpress.net\/arhiva\/wp-json\/wp\/v2\/tags?post=8417"}],"curies":[{"name":"wp","href":"https:\/\/api.w.org\/{rel}","templated":true}]}}