{"id":84144,"date":"2013-08-05T19:23:45","date_gmt":"2013-08-05T17:23:45","guid":{"rendered":"https:\/\/sandzakpress.net\/arhiva\/?p=84144"},"modified":"2013-08-05T19:23:45","modified_gmt":"2013-08-05T17:23:45","slug":"bosnjacka-djeca-iz-dijaspore-na-ekskurziji-po-kosovu","status":"publish","type":"post","link":"https:\/\/sandzakpress.net\/arhiva\/bosnjacka-djeca-iz-dijaspore-na-ekskurziji-po-kosovu\/","title":{"rendered":"Bo\u0161nja\u010dka djeca iz dijaspore na ekskurziji po Kosovu"},"content":{"rendered":"<h3><a href=\"https:\/\/sandzakpress.net\/arhiva\/wp-content\/uploads\/2013\/08\/5301eksurzija-dijaspora.jpg\"><img loading=\"lazy\" decoding=\"async\" class=\"alignleft size-medium wp-image-84145\" alt=\"5301eksurzija-dijaspora\" src=\"https:\/\/sandzakpress.net\/arhiva\/wp-content\/uploads\/2013\/08\/5301eksurzija-dijaspora-300x224.jpg\" width=\"300\" height=\"224\" \/><\/a>Kosovo, Njema\u010dka, \u0160vicarska &#8211;\u00a0 Po\u0161to su eskurzije po Kosovu ve\u0107 postale praksa za u\u010denike i u\u010ditelje dopunske nastave iz udru\u017eenja u emigraciji, koje podr\u017eava Ministarstvo dijaspore Vlade Republike Kosova, ove godine, pored albanskih i drugih u\u010denika koji su na odmoru sa svojim roditeljima i u\u010diteljima na Kosovu, organizirana je prva od tri planirane ekskurzije i sa bo\u0161nja\u010dkom djecom iz dijaspore. Zahtjeve ministarstvu su ina\u010de prije mjesec dana uputila tri udru\u017eenja iz dijaspore: Klub SCHAR iz Ciriha, \u0160vicarska, Udru\u017eenje \u201cRestelica\u201d iz Siene, Italija i Udru\u017eenje \u201cEvropska dijaspora Bo\u0161njaka\u201d iz Njema\u010dke.<\/h3>\n<div>Autobus gotovo pun djece i njihovih pratioca krenuo je u srijedu 31. jula iz Nebrego\u0161ta vi\u0161e Prizrena, iz kojeg je bilo 20-ak djece zajedno sa svojim pratiocem ispred ciri\u0161kog Kluba SCHAR, Rafetom Feratijem, koji je najvi\u0161e ulo\u017eio napora da okupi djecu i da ova ekskurzija uspije.<\/div>\n<div>Njima se u obli\u017enjem Re\u010danu pridru\u017eilo i petero djece iz Prizrena, troje iz Planjana i isto toliko iz Lokvice. Iz Gornjeg i Donjeg Ljubinja bilo je desetak djece, koje je organizirao o poveo Ned\u017ead Maksuti, predsjednik Kluba iz Schaffhausena, koji prete\u017eno okuplja Gornjeljubince u ovom \u0161vicarskom gradu. Vodi\u010d na ekskurziji ispred MD je bio Anel Bajra, slu\u017ebenik za dopunsku nastavu na neve\u0107inskim jezicima u ovom ministarstvu, a okupljanje djece su pomogli i Sejo Ramani iz Planjana, ina\u010de aktivista iz Kulturne zajednice u Cirihu, kao i \u0160aban Murati, radnik u obrazovanju u Nebrego\u0161tu.<\/div>\n<div>Djeca \u00a0su usput obi\u0161la i Prevalac. Po\u0161to je autobus pristigao u Pri\u0161tinu, imali su prilike da posjete i obi\u0111u niz kulturnih i vladinih institucija, izme\u0111u kojih i Nacionalnu biblioteku, Ministarstvo dijaspore i Parlament Kosova\u2026 Bilo je i du\u017ee \u0161etnje glavnom ulicom i trgovima u kosovskoj prijestonici\u2026 Preostalo vrijeme od obimne agende, iskori\u0161teno je za posjetu spomen-kompleksu i mezarju Porodice Jashari u Prekazima, gdje je bilo iskazano veliko interesovanje za obilazak ovog kultnog mjesta koje predstavlja simbol stradanja za slobodu na Kosovu.<\/div>\n<div>U Ministarstvu dijaspore su djecu i njhove pratioce primili predstavnici politi\u010dkog i civilnog stafa, na \u010delu sa zamjenikom ministra \u0106erimom Bajramijem i sekretarom MD Shuhretom Gosalci\u2026 U ovom ministarstvu, odnosno Vladi Kosova, bo\u0161nja\u010dkoj djeci iz dijaspore i njhovim pratiocima poslu\u017een je ru\u010dak i simboli\u010dno podjeljen po jedan skromniji poklon.<\/div>\n<div>U slobodnom razgovoru s djecom i pratiocima vidjelo se njihovo o\u010dito zadovoljstvo, koje su njihovi pratioci izra\u017eavali rije\u010dima da \u0107e im ova ekskurzija vjerovatno ostati dugo u pam\u0107enju, jer \u0107e svojim povratkom u \u0160vicarskoj, Njema\u010dkoj, Luksemburgu\u2026 djeca imati \u0161ta da opi\u0161u svojim tamo\u0161njim drugarima, ali i da pone\u0161to napi\u0161u u svojim pismenim \u0161kolskim radovima na temi \u201c\u0160ta sam to vidjeo\/la tokom mog boravka u zemlji porijekla\u201d\u2026 Gospodin Maksuti, pratilac iz Schaffhausena, iskazao je posebno odu\u0161evljenje tokom \u0161etnje kroz skup\u0161tinsku salu Parlamenta Kosova, gdje su ovu grupu do\u010dekali i bo\u0161nja\u010dki poslanici sa svojim saradnicima. Oni su sa\u010dekali djecu do 16. sati, bez obzira \u0161to je par sati prije na svojoj sjednici parlament proglasio odmor za poslanike.<\/div>\n<div>Druge dvije spomenute ekskurzije se planiraju s djecom iz dijaspore koja su na odmoru u regiji Gora, op\u0161tina Draga\u0161 i onom iz Pe\u0107ko-Isto\u010dkog kraja\u2026<\/div>\n<div><\/div>\n<div>(info-ks.net)<\/div>\n","protected":false},"excerpt":{"rendered":"<p>Kosovo, Njema\u010dka, \u0160vicarska &#8211;\u00a0 Po\u0161to su eskurzije po Kosovu ve\u0107 postale praksa za u\u010denike i u\u010ditelje dopunske nastave iz udru\u017eenja u emigraciji, koje podr\u017eava Ministarstvo dijaspore Vlade Republike Kosova, ove godine, pored albanskih i drugih u\u010denika koji su na odmoru sa svojim roditeljima i u\u010diteljima na Kosovu, organizirana je prva od tri planirane ekskurzije i [&hellip;]<\/p>\n","protected":false},"author":83,"featured_media":84147,"comment_status":"open","ping_status":"open","sticky":false,"template":"","format":"standard","meta":{"footnotes":""},"categories":[9538,2690,9544,5],"tags":[],"class_list":{"0":"post-84144","1":"post","2":"type-post","3":"status-publish","4":"format-standard","5":"has-post-thumbnail","7":"category-njemacka-dijaspora-gradovi-vase-vijesti","8":"category-kosovo-gradovi","9":"category-svicarska-dijaspora-gradovi-vase-vijesti","10":"category-drustvo"},"yoast_head":"<!-- This site is optimized with the Yoast SEO Premium plugin v23.1 (Yoast SEO v24.9) - https:\/\/yoast.com\/wordpress\/plugins\/seo\/ -->\n<title>Bo\u0161nja\u010dka djeca iz dijaspore na ekskurziji po Kosovu<\/title>\n<meta name=\"robots\" content=\"index, follow, max-snippet:-1, max-image-preview:large, max-video-preview:-1\" \/>\n<link rel=\"canonical\" href=\"https:\/\/sandzakpress.net\/arhiva\/bosnjacka-djeca-iz-dijaspore-na-ekskurziji-po-kosovu\/\" \/>\n<meta property=\"og:locale\" content=\"bs_BA\" \/>\n<meta property=\"og:type\" content=\"article\" \/>\n<meta property=\"og:title\" content=\"Bo\u0161nja\u010dka djeca iz dijaspore na ekskurziji po Kosovu\" \/>\n<meta property=\"og:description\" content=\"Kosovo, Njema\u010dka, \u0160vicarska &#8211;\u00a0 Po\u0161to su eskurzije po Kosovu ve\u0107 postale praksa za u\u010denike i u\u010ditelje dopunske nastave iz udru\u017eenja u emigraciji, koje podr\u017eava Ministarstvo dijaspore Vlade Republike Kosova, ove godine, pored albanskih i drugih u\u010denika koji su na odmoru sa svojim roditeljima i u\u010diteljima na Kosovu, organizirana je prva od tri planirane ekskurzije i [&hellip;]\" \/>\n<meta property=\"og:url\" content=\"https:\/\/sandzakpress.net\/arhiva\/bosnjacka-djeca-iz-dijaspore-na-ekskurziji-po-kosovu\/\" \/>\n<meta property=\"og:site_name\" content=\"Sand\u017eak PRESS\" \/>\n<meta property=\"article:published_time\" content=\"2013-08-05T17:23:45+00:00\" \/>\n<meta property=\"og:image\" content=\"https:\/\/sandzakpress.net\/arhiva\/wp-content\/uploads\/2013\/08\/5301eksurzija-dijaspora-300x2241.jpg\" \/>\n\t<meta property=\"og:image:width\" content=\"300\" \/>\n\t<meta property=\"og:image:height\" content=\"224\" \/>\n\t<meta property=\"og:image:type\" content=\"image\/jpeg\" \/>\n<meta name=\"author\" content=\"bosniak\" \/>\n<meta name=\"twitter:card\" content=\"summary_large_image\" \/>\n<meta name=\"twitter:label1\" content=\"Written by\" \/>\n\t<meta name=\"twitter:data1\" content=\"bosniak\" \/>\n\t<meta name=\"twitter:label2\" content=\"Est. reading time\" \/>\n\t<meta name=\"twitter:data2\" content=\"3 minute\" \/>\n<script type=\"application\/ld+json\" class=\"yoast-schema-graph\">{\"@context\":\"https:\/\/schema.org\",\"@graph\":[{\"@type\":\"Article\",\"@id\":\"https:\/\/sandzakpress.net\/arhiva\/bosnjacka-djeca-iz-dijaspore-na-ekskurziji-po-kosovu\/#article\",\"isPartOf\":{\"@id\":\"https:\/\/sandzakpress.net\/arhiva\/bosnjacka-djeca-iz-dijaspore-na-ekskurziji-po-kosovu\/\"},\"author\":{\"name\":\"bosniak\",\"@id\":\"https:\/\/sandzakpress.net\/arhiva\/#\/schema\/person\/c8baee722073534b583ea7bdb2e36c02\"},\"headline\":\"Bo\u0161nja\u010dka djeca iz dijaspore na ekskurziji po Kosovu\",\"datePublished\":\"2013-08-05T17:23:45+00:00\",\"mainEntityOfPage\":{\"@id\":\"https:\/\/sandzakpress.net\/arhiva\/bosnjacka-djeca-iz-dijaspore-na-ekskurziji-po-kosovu\/\"},\"wordCount\":568,\"commentCount\":0,\"publisher\":{\"@id\":\"https:\/\/sandzakpress.net\/arhiva\/#\/schema\/person\/6e72b67d6e51910a1117b3b483ba20bd\"},\"image\":{\"@id\":\"https:\/\/sandzakpress.net\/arhiva\/bosnjacka-djeca-iz-dijaspore-na-ekskurziji-po-kosovu\/#primaryimage\"},\"thumbnailUrl\":\"https:\/\/sandzakpress.net\/arhiva\/wp-content\/uploads\/2013\/08\/5301eksurzija-dijaspora-300x2241.jpg\",\"articleSection\":[\"Njema\u010dka\",\"Kosovo\",\"\u0160vicarska\",\"Dru\u0161tvo\"],\"inLanguage\":\"bs-BA\",\"potentialAction\":[{\"@type\":\"CommentAction\",\"name\":\"Comment\",\"target\":[\"https:\/\/sandzakpress.net\/arhiva\/bosnjacka-djeca-iz-dijaspore-na-ekskurziji-po-kosovu\/#respond\"]}]},{\"@type\":\"WebPage\",\"@id\":\"https:\/\/sandzakpress.net\/arhiva\/bosnjacka-djeca-iz-dijaspore-na-ekskurziji-po-kosovu\/\",\"url\":\"https:\/\/sandzakpress.net\/arhiva\/bosnjacka-djeca-iz-dijaspore-na-ekskurziji-po-kosovu\/\",\"name\":\"Bo\u0161nja\u010dka djeca iz dijaspore na ekskurziji po Kosovu\",\"isPartOf\":{\"@id\":\"https:\/\/sandzakpress.net\/arhiva\/#website\"},\"primaryImageOfPage\":{\"@id\":\"https:\/\/sandzakpress.net\/arhiva\/bosnjacka-djeca-iz-dijaspore-na-ekskurziji-po-kosovu\/#primaryimage\"},\"image\":{\"@id\":\"https:\/\/sandzakpress.net\/arhiva\/bosnjacka-djeca-iz-dijaspore-na-ekskurziji-po-kosovu\/#primaryimage\"},\"thumbnailUrl\":\"https:\/\/sandzakpress.net\/arhiva\/wp-content\/uploads\/2013\/08\/5301eksurzija-dijaspora-300x2241.jpg\",\"datePublished\":\"2013-08-05T17:23:45+00:00\",\"breadcrumb\":{\"@id\":\"https:\/\/sandzakpress.net\/arhiva\/bosnjacka-djeca-iz-dijaspore-na-ekskurziji-po-kosovu\/#breadcrumb\"},\"inLanguage\":\"bs-BA\",\"potentialAction\":[{\"@type\":\"ReadAction\",\"target\":[\"https:\/\/sandzakpress.net\/arhiva\/bosnjacka-djeca-iz-dijaspore-na-ekskurziji-po-kosovu\/\"]}]},{\"@type\":\"ImageObject\",\"inLanguage\":\"bs-BA\",\"@id\":\"https:\/\/sandzakpress.net\/arhiva\/bosnjacka-djeca-iz-dijaspore-na-ekskurziji-po-kosovu\/#primaryimage\",\"url\":\"https:\/\/sandzakpress.net\/arhiva\/wp-content\/uploads\/2013\/08\/5301eksurzija-dijaspora-300x2241.jpg\",\"contentUrl\":\"https:\/\/sandzakpress.net\/arhiva\/wp-content\/uploads\/2013\/08\/5301eksurzija-dijaspora-300x2241.jpg\",\"width\":300,\"height\":224},{\"@type\":\"BreadcrumbList\",\"@id\":\"https:\/\/sandzakpress.net\/arhiva\/bosnjacka-djeca-iz-dijaspore-na-ekskurziji-po-kosovu\/#breadcrumb\",\"itemListElement\":[{\"@type\":\"ListItem\",\"position\":1,\"name\":\"Home\",\"item\":\"https:\/\/sandzakpress.net\/arhiva\/\"},{\"@type\":\"ListItem\",\"position\":2,\"name\":\"Bo\u0161nja\u010dka djeca iz dijaspore na ekskurziji po Kosovu\"}]},{\"@type\":\"WebSite\",\"@id\":\"https:\/\/sandzakpress.net\/arhiva\/#website\",\"url\":\"https:\/\/sandzakpress.net\/arhiva\/\",\"name\":\"Sand\u017eak PRESS\",\"description\":\"Prve elektronske novine u Sand\u017eaku\",\"publisher\":{\"@id\":\"https:\/\/sandzakpress.net\/arhiva\/#\/schema\/person\/6e72b67d6e51910a1117b3b483ba20bd\"},\"potentialAction\":[{\"@type\":\"SearchAction\",\"target\":{\"@type\":\"EntryPoint\",\"urlTemplate\":\"https:\/\/sandzakpress.net\/arhiva\/?s={search_term_string}\"},\"query-input\":{\"@type\":\"PropertyValueSpecification\",\"valueRequired\":true,\"valueName\":\"search_term_string\"}}],\"inLanguage\":\"bs-BA\"},{\"@type\":[\"Person\",\"Organization\"],\"@id\":\"https:\/\/sandzakpress.net\/arhiva\/#\/schema\/person\/6e72b67d6e51910a1117b3b483ba20bd\",\"name\":\"Kul\",\"image\":{\"@type\":\"ImageObject\",\"inLanguage\":\"bs-BA\",\"@id\":\"https:\/\/sandzakpress.net\/arhiva\/#\/schema\/person\/image\/\",\"url\":\"https:\/\/secure.gravatar.com\/avatar\/42263f39aa27ac04c43cab85c280eb2e?s=96&d=mm&r=pg\",\"contentUrl\":\"https:\/\/secure.gravatar.com\/avatar\/42263f39aa27ac04c43cab85c280eb2e?s=96&d=mm&r=pg\",\"caption\":\"Kul\"},\"logo\":{\"@id\":\"https:\/\/sandzakpress.net\/arhiva\/#\/schema\/person\/image\/\"}},{\"@type\":\"Person\",\"@id\":\"https:\/\/sandzakpress.net\/arhiva\/#\/schema\/person\/c8baee722073534b583ea7bdb2e36c02\",\"name\":\"bosniak\",\"image\":{\"@type\":\"ImageObject\",\"inLanguage\":\"bs-BA\",\"@id\":\"https:\/\/sandzakpress.net\/arhiva\/#\/schema\/person\/image\/\",\"url\":\"https:\/\/secure.gravatar.com\/avatar\/a04fd330bfe3a36a72a0ad4a6d89fca7?s=96&d=mm&r=pg\",\"contentUrl\":\"https:\/\/secure.gravatar.com\/avatar\/a04fd330bfe3a36a72a0ad4a6d89fca7?s=96&d=mm&r=pg\",\"caption\":\"bosniak\"},\"url\":\"https:\/\/sandzakpress.net\/arhiva\/author\/bosniak\/\"}]}<\/script>\n<!-- \/ Yoast SEO Premium plugin. -->","yoast_head_json":{"title":"Bo\u0161nja\u010dka djeca iz dijaspore na ekskurziji po Kosovu","robots":{"index":"index","follow":"follow","max-snippet":"max-snippet:-1","max-image-preview":"max-image-preview:large","max-video-preview":"max-video-preview:-1"},"canonical":"https:\/\/sandzakpress.net\/arhiva\/bosnjacka-djeca-iz-dijaspore-na-ekskurziji-po-kosovu\/","og_locale":"bs_BA","og_type":"article","og_title":"Bo\u0161nja\u010dka djeca iz dijaspore na ekskurziji po Kosovu","og_description":"Kosovo, Njema\u010dka, \u0160vicarska &#8211;\u00a0 Po\u0161to su eskurzije po Kosovu ve\u0107 postale praksa za u\u010denike i u\u010ditelje dopunske nastave iz udru\u017eenja u emigraciji, koje podr\u017eava Ministarstvo dijaspore Vlade Republike Kosova, ove godine, pored albanskih i drugih u\u010denika koji su na odmoru sa svojim roditeljima i u\u010diteljima na Kosovu, organizirana je prva od tri planirane ekskurzije i [&hellip;]","og_url":"https:\/\/sandzakpress.net\/arhiva\/bosnjacka-djeca-iz-dijaspore-na-ekskurziji-po-kosovu\/","og_site_name":"Sand\u017eak PRESS","article_published_time":"2013-08-05T17:23:45+00:00","og_image":[{"width":300,"height":224,"url":"https:\/\/sandzakpress.net\/arhiva\/wp-content\/uploads\/2013\/08\/5301eksurzija-dijaspora-300x2241.jpg","type":"image\/jpeg"}],"author":"bosniak","twitter_card":"summary_large_image","twitter_misc":{"Written by":"bosniak","Est. reading time":"3 minute"},"schema":{"@context":"https:\/\/schema.org","@graph":[{"@type":"Article","@id":"https:\/\/sandzakpress.net\/arhiva\/bosnjacka-djeca-iz-dijaspore-na-ekskurziji-po-kosovu\/#article","isPartOf":{"@id":"https:\/\/sandzakpress.net\/arhiva\/bosnjacka-djeca-iz-dijaspore-na-ekskurziji-po-kosovu\/"},"author":{"name":"bosniak","@id":"https:\/\/sandzakpress.net\/arhiva\/#\/schema\/person\/c8baee722073534b583ea7bdb2e36c02"},"headline":"Bo\u0161nja\u010dka djeca iz dijaspore na ekskurziji po Kosovu","datePublished":"2013-08-05T17:23:45+00:00","mainEntityOfPage":{"@id":"https:\/\/sandzakpress.net\/arhiva\/bosnjacka-djeca-iz-dijaspore-na-ekskurziji-po-kosovu\/"},"wordCount":568,"commentCount":0,"publisher":{"@id":"https:\/\/sandzakpress.net\/arhiva\/#\/schema\/person\/6e72b67d6e51910a1117b3b483ba20bd"},"image":{"@id":"https:\/\/sandzakpress.net\/arhiva\/bosnjacka-djeca-iz-dijaspore-na-ekskurziji-po-kosovu\/#primaryimage"},"thumbnailUrl":"https:\/\/sandzakpress.net\/arhiva\/wp-content\/uploads\/2013\/08\/5301eksurzija-dijaspora-300x2241.jpg","articleSection":["Njema\u010dka","Kosovo","\u0160vicarska","Dru\u0161tvo"],"inLanguage":"bs-BA","potentialAction":[{"@type":"CommentAction","name":"Comment","target":["https:\/\/sandzakpress.net\/arhiva\/bosnjacka-djeca-iz-dijaspore-na-ekskurziji-po-kosovu\/#respond"]}]},{"@type":"WebPage","@id":"https:\/\/sandzakpress.net\/arhiva\/bosnjacka-djeca-iz-dijaspore-na-ekskurziji-po-kosovu\/","url":"https:\/\/sandzakpress.net\/arhiva\/bosnjacka-djeca-iz-dijaspore-na-ekskurziji-po-kosovu\/","name":"Bo\u0161nja\u010dka djeca iz dijaspore na ekskurziji po Kosovu","isPartOf":{"@id":"https:\/\/sandzakpress.net\/arhiva\/#website"},"primaryImageOfPage":{"@id":"https:\/\/sandzakpress.net\/arhiva\/bosnjacka-djeca-iz-dijaspore-na-ekskurziji-po-kosovu\/#primaryimage"},"image":{"@id":"https:\/\/sandzakpress.net\/arhiva\/bosnjacka-djeca-iz-dijaspore-na-ekskurziji-po-kosovu\/#primaryimage"},"thumbnailUrl":"https:\/\/sandzakpress.net\/arhiva\/wp-content\/uploads\/2013\/08\/5301eksurzija-dijaspora-300x2241.jpg","datePublished":"2013-08-05T17:23:45+00:00","breadcrumb":{"@id":"https:\/\/sandzakpress.net\/arhiva\/bosnjacka-djeca-iz-dijaspore-na-ekskurziji-po-kosovu\/#breadcrumb"},"inLanguage":"bs-BA","potentialAction":[{"@type":"ReadAction","target":["https:\/\/sandzakpress.net\/arhiva\/bosnjacka-djeca-iz-dijaspore-na-ekskurziji-po-kosovu\/"]}]},{"@type":"ImageObject","inLanguage":"bs-BA","@id":"https:\/\/sandzakpress.net\/arhiva\/bosnjacka-djeca-iz-dijaspore-na-ekskurziji-po-kosovu\/#primaryimage","url":"https:\/\/sandzakpress.net\/arhiva\/wp-content\/uploads\/2013\/08\/5301eksurzija-dijaspora-300x2241.jpg","contentUrl":"https:\/\/sandzakpress.net\/arhiva\/wp-content\/uploads\/2013\/08\/5301eksurzija-dijaspora-300x2241.jpg","width":300,"height":224},{"@type":"BreadcrumbList","@id":"https:\/\/sandzakpress.net\/arhiva\/bosnjacka-djeca-iz-dijaspore-na-ekskurziji-po-kosovu\/#breadcrumb","itemListElement":[{"@type":"ListItem","position":1,"name":"Home","item":"https:\/\/sandzakpress.net\/arhiva\/"},{"@type":"ListItem","position":2,"name":"Bo\u0161nja\u010dka djeca iz dijaspore na ekskurziji po Kosovu"}]},{"@type":"WebSite","@id":"https:\/\/sandzakpress.net\/arhiva\/#website","url":"https:\/\/sandzakpress.net\/arhiva\/","name":"Sand\u017eak PRESS","description":"Prve elektronske novine u Sand\u017eaku","publisher":{"@id":"https:\/\/sandzakpress.net\/arhiva\/#\/schema\/person\/6e72b67d6e51910a1117b3b483ba20bd"},"potentialAction":[{"@type":"SearchAction","target":{"@type":"EntryPoint","urlTemplate":"https:\/\/sandzakpress.net\/arhiva\/?s={search_term_string}"},"query-input":{"@type":"PropertyValueSpecification","valueRequired":true,"valueName":"search_term_string"}}],"inLanguage":"bs-BA"},{"@type":["Person","Organization"],"@id":"https:\/\/sandzakpress.net\/arhiva\/#\/schema\/person\/6e72b67d6e51910a1117b3b483ba20bd","name":"Kul","image":{"@type":"ImageObject","inLanguage":"bs-BA","@id":"https:\/\/sandzakpress.net\/arhiva\/#\/schema\/person\/image\/","url":"https:\/\/secure.gravatar.com\/avatar\/42263f39aa27ac04c43cab85c280eb2e?s=96&d=mm&r=pg","contentUrl":"https:\/\/secure.gravatar.com\/avatar\/42263f39aa27ac04c43cab85c280eb2e?s=96&d=mm&r=pg","caption":"Kul"},"logo":{"@id":"https:\/\/sandzakpress.net\/arhiva\/#\/schema\/person\/image\/"}},{"@type":"Person","@id":"https:\/\/sandzakpress.net\/arhiva\/#\/schema\/person\/c8baee722073534b583ea7bdb2e36c02","name":"bosniak","image":{"@type":"ImageObject","inLanguage":"bs-BA","@id":"https:\/\/sandzakpress.net\/arhiva\/#\/schema\/person\/image\/","url":"https:\/\/secure.gravatar.com\/avatar\/a04fd330bfe3a36a72a0ad4a6d89fca7?s=96&d=mm&r=pg","contentUrl":"https:\/\/secure.gravatar.com\/avatar\/a04fd330bfe3a36a72a0ad4a6d89fca7?s=96&d=mm&r=pg","caption":"bosniak"},"url":"https:\/\/sandzakpress.net\/arhiva\/author\/bosniak\/"}]}},"_links":{"self":[{"href":"https:\/\/sandzakpress.net\/arhiva\/wp-json\/wp\/v2\/posts\/84144"}],"collection":[{"href":"https:\/\/sandzakpress.net\/arhiva\/wp-json\/wp\/v2\/posts"}],"about":[{"href":"https:\/\/sandzakpress.net\/arhiva\/wp-json\/wp\/v2\/types\/post"}],"author":[{"embeddable":true,"href":"https:\/\/sandzakpress.net\/arhiva\/wp-json\/wp\/v2\/users\/83"}],"replies":[{"embeddable":true,"href":"https:\/\/sandzakpress.net\/arhiva\/wp-json\/wp\/v2\/comments?post=84144"}],"version-history":[{"count":0,"href":"https:\/\/sandzakpress.net\/arhiva\/wp-json\/wp\/v2\/posts\/84144\/revisions"}],"wp:featuredmedia":[{"embeddable":true,"href":"https:\/\/sandzakpress.net\/arhiva\/wp-json\/wp\/v2\/media\/84147"}],"wp:attachment":[{"href":"https:\/\/sandzakpress.net\/arhiva\/wp-json\/wp\/v2\/media?parent=84144"}],"wp:term":[{"taxonomy":"category","embeddable":true,"href":"https:\/\/sandzakpress.net\/arhiva\/wp-json\/wp\/v2\/categories?post=84144"},{"taxonomy":"post_tag","embeddable":true,"href":"https:\/\/sandzakpress.net\/arhiva\/wp-json\/wp\/v2\/tags?post=84144"}],"curies":[{"name":"wp","href":"https:\/\/api.w.org\/{rel}","templated":true}]}}