{"id":84061,"date":"2013-08-05T15:46:41","date_gmt":"2013-08-05T13:46:41","guid":{"rendered":"https:\/\/sandzakpress.net\/arhiva\/?p=84061"},"modified":"2013-08-05T15:46:41","modified_gmt":"2013-08-05T13:46:41","slug":"sjecanja-na-djetinjstva-suza-straha-i-boli","status":"publish","type":"post","link":"https:\/\/sandzakpress.net\/arhiva\/sjecanja-na-djetinjstva-suza-straha-i-boli\/","title":{"rendered":"Sje\u0107anja na djetinjstva suza, straha i boli!"},"content":{"rendered":"<figure id=\"attachment_84062\" aria-describedby=\"caption-attachment-84062\" style=\"width: 297px\" class=\"wp-caption alignleft\"><img loading=\"lazy\" decoding=\"async\" class=\"size-medium wp-image-84062\" alt=\"adnan_bajric10\" src=\"https:\/\/sandzakpress.net\/arhiva\/wp-content\/uploads\/2013\/08\/adnan_bajric10-297x300.jpg\" width=\"297\" height=\"300\" \/><figcaption id=\"caption-attachment-84062\" class=\"wp-caption-text\">Autor: Adnan Bajri\u0107<\/figcaption><\/figure>\n<p>Mi, koji smo ro\u0111eni prije 90-tih, \u017eivjeli smo u otetom i uni\u0161tenom djetinjstvu, djetinjstvu suza, neopisivog straha koji se javi na sje\u0107anje koje i danas boli. Iako sam bio dijete sa nekoliko godina, <b>pamtim i danas osje\u0107am gor\u010dinu<\/b> prvih tv snimaka agresije na Bosnu i Hercegovinu, zvukova raketa i udara granata, pamtim i te\u0161ko se toga prisje\u0107am, odnosno te\u0161ko o tome pri\u010dam i pi\u0161em. <b>Gorko je sje\u0107anje na dane kada bi mi babo i amid\u017ee,<\/b> dajd\u017ee i druga rodbina odlazila na &#8220;liniju&#8221;, iako nisam znao \u0161ta je \u201clinija\u201c, predosje\u0107ao sam da je nedaleko od ku\u0107e i da nas tu brane, da nedaju agresorima da nam pri\u0111u i da nas pobiju, siluju majke i sestre protjeraju nas sa ognji\u0161ta.<\/p>\n<p><b>Da, pamtim i to kako sam kasnije i\u0161ao u \u0161kolu<\/b> gdje smo sjedili na trupcima, a da li je bilo table i ud\u017ebenika nisam siguran, bila je neka improvizacija od \u0161kole, ali i \u017eivota. \u0160kola koja nije imala struje, a ustvari ko je imao struje kada smo svije\u0107e palili i to kratko, jer smo bili primorani na mrak u kojem su strahovi i boli toliko urezane da svaki pla\u010d i jecaj u ti\u0161ini tih nebrojenih no\u0107i i danas nosim u du\u0161i. Mo\u017eda tada nisam znao \u0161ta se de\u0161ava, ali odavno sam shvatio, pamtim, pamti\u0107u i ma koliko mi te\u0161ko bilo pri\u010da\u0107u, pisa\u0107u, podsje\u0107a\u0107u i bori\u0107u se za istinu, jer \u0161ta je \u017eivot bez borbe istine protiv la\u017ei, dobra ptoriv zla.<\/p>\n<p><b>Moja starija sestra Irma, ro\u0111ena je 1985., i ona je to te\u017ee do\u017eivjela i prihvatila, a moja mla\u0111a sestra Enesa, ro\u0111ena je 1996., i nosi ime po mom rahmetli amid\u017ei koji je ubijen sa svojih 20 godina. <\/b>Eh, kakva je to smrt, kome je trebala, \u0161ta je sa njegovim snovima, djevojkom koju je volio i koja je voljela njega, \u0161ta je sa njihovim \u017eeljama i planovima?<\/p>\n<p><b>Mi se dobro sje\u0107amo onog \u0161to smo do\u017eivjeli, a pamtimo pri\u010de koje su nam pri\u010dane i ta sje\u0107anja ne\u0107e is\u010deznuti, jer su ona dio nas, sa njima \u017eivimo svaki dan.<\/b> <b>Sje\u0107amo se<\/b> kako smo bje\u017eali od zvukova raketa i granata, kako smo se pitali \u0161ta ono stalo puca, kada \u0107e prestati, ho\u0107e li se babo vratiti \u017eiv ili mrtav, invalid ili&#8230;? <b>Mi se dobro sje\u0107amo i ta sje\u0107anja \u010duvamo, ona su nam izvor snage, ona su nam motivacija <\/b>da budemo najbolji kao sinovi i k\u0107eri, kao u\u010denici, kao pripadnici dr\u017eavne i nacionalne zajednice, <b>kao<\/b> <b>borci za kulturu pam\u0107enja i sje\u0107anja, da jeseni i prolje\u0107a, godine ne budu godine zaborava, da se pamti, pri\u010da i opominje, da se nikada i nikome ne dogovodi agresija i genocid koji se dogodio nama u Bosni od 1991. do 1995.<\/b><\/p>\n<p><img loading=\"lazy\" decoding=\"async\" class=\"aligncenter size-large wp-image-84063\" alt=\"Logor_Omarska_2013_a_32\" src=\"https:\/\/sandzakpress.net\/arhiva\/wp-content\/uploads\/2013\/08\/Logor_Omarska_2013_a_32-616x870.jpg\" width=\"615\" height=\"868\" \/><\/p>\n<p><b>Roditelji tek danas priznaju da im je bilo te\u0161ko objasniti<\/b> za\u0161to tako malo moramo jesti, za\u0161to smo vi\u0161e gladni nego siti, za\u0161to nema babe, za\u0161to se ne vra\u0107a, kakvi su ovo ljudi i za\u0161to ispra\u0107aju amid\u017eu, kuda ga odneso\u0161e i za\u0161to svi pla\u010du? Za\u0161to nas puno \u017eivi u ku\u0107i, spava u istoj sobi, istu odje\u0107u nosimo, za\u0161to molimo za konzerviranu hranu i pi\u0107e u prahu, za\u0161to crtamo svoje ruke i \u0161aljemo pisma umrljana suzama? \u017da\u0161to, djeca nemaju djetinjstvo, za\u0161to se ne igramo igra\u010dkama nego praznom ali ponekad i punom municijom pa zbog neopreznosti i tako p\/ostajemo invalidi? \u017da\u0161to nam mine uni\u0161tavaju noge i poslije toga nikada vi\u0161e ne igramo nogomet, \u0161ta je ovo i zbog \u010dega sve ovo traje i traje, za\u017eto nam odvode najmilije, a onda ih dovoze mrtve ili invalite pa tako \u017eive do svoje smrti, kada \u010de prestati i kako \u0107e poslije biti, ho\u0107emo li \u017eivjeti bez sraha i tuge? I jo\u0161 puno te\u0161kih pitanja na koje jo\u0161 nismo na\u0161li odgovore ili ih nismo na\u0161li od tog straha i tuge.<\/p>\n<p><b>Relevantne \u010dinjenice svjedo\u010de o agresorima (na RBiH Srbija i Crna Gora, a kasnije i Hrvatska) i \u017ertvama \u010demu svjedo\u010de ubijeni, silovani i mu\u010deni civili, \u017eene i djeca, logori, masovne grobnice, raseljeni i izbjegli \u0161irom svijeta,<\/b><i> <\/i>a na\u017ealost zadnjih godina trend je da se istina prikriva, minimizira i relativizira, te da se zamjenjuju teze, da zbog li\u010dnih interesa kazuju i vrije\u0111aju \u017ertve, a i sami su na neki na\u010din \u017ertve, ali imaju potrebu da se dodvoravaju drugima, politi\u010dkim i ekonomskim svjetskim mo\u0107nicima i medijima. <b>To je nedopustivo, nemoralno i ljigavo, pogotovo od ljudi koji su bili na sigurnom i sa strane gledali na\u0161u bol pa se danas usu\u0111uju i kazuju kako su svi krivi, a jasna je razlika izme\u0111u \u017ertve i zlo\u010dinaca kao i izme\u0111u sunca i mjeseca. Na\u017ealost, ima i onih koji su podlegli ovim i drugim raznim uticajima i strahvima, pa sumnjaju u svoje ideale kao i to da se kaju \u0161to su sudjelovali u odbrani dr\u017eave i nacije od agresora.<\/b><\/p>\n<p><img loading=\"lazy\" decoding=\"async\" class=\"aligncenter size-large wp-image-84064\" alt=\"Srebrenica Emir Isovic\" src=\"https:\/\/sandzakpress.net\/arhiva\/wp-content\/uploads\/2013\/08\/Srebrenica-Emir-Isovic-616x449.jpg\" width=\"615\" height=\"448\" \/><\/p>\n<p><b>\u017delimo jasno poru\u010diti da ne sumnjaju u sebe i svoje ideale, da ima onih koji pamte, pri\u010daju i \u017eele da se odu\u017ee<\/b> nanama, majkama, sestrama, suprugama koje su tako\u0111er dale nemjerljiv doprinos od ra\u0111anja djece, do brige o djeci i familiji, \u017ertvovanja sebe i svojih potreba rade\u0107i te\u0161ke fizi\u010dke poslove kako bi nadomjestile nedostatak mu\u0161karca. <b>One su na\u0161e heroine nacije i mi im ljubimo \u010destite i ispucale ruke, ponosno ih gledamo u blaga lica koja su \u010desto suze kvasile, a o\u010di ostale mnoge no\u0107i budne i tako godinama, ljubimo im ponosna \u010dela vjeruju\u0107i da \u0107e bar u Bosanskoj Krajini odnosno u Biha\u0107u, koji je bio Sigurna zona UN-a, u opsadi 1201 dan, okru\u017een sa pet agresorskih korpusa,<i> <\/i>nadle\u017eni izgraditi spomenik u gradskom parku u znak zahvalnosti, da im bar tako simboli\u010dno ka\u017eemo veliko vam hvala na svemu MAJKE NA\u0160E.<\/b><\/p>\n<p><b>Tako\u0111er, \u017eelimo da se zahvalimo odu\u017eimo i ljudima koji su ostali invalidi, koji su \u017ertvovali svoje dijelove tijela, koji su mu\u010deni u logorima, djeci koji su ostali bez roditelja<\/b> i tako zauvijek izgubili babin stisak ruke i maj\u010din zagrljaj, tu toplinu oko srca, koji ne osje\u0107aju \u017eivotne uspjehe i radosti kao oni koji imaju roditelje.<\/p>\n<p><b>Ako se u Sarajevu i na Univerzitetu u Sarajevu ili pod okriljem dr\u017eavnih ili nacionalnih institucija ili organizacija ne osnuje \u201emuzej genocida\u201c nadamo se da \u0107e se to realizirati na <\/b><b>Univerzitetu u Biha\u0107u gdje bi se trebao osnovati i \u201emuzej opsade i odbrane Biha\u0107kog okruga 1201. dan\u201c <\/b>sa raznim<b> <\/b>multimedijalnim sadr\u017eajima, sje\u0107anjima i iskustvima opsade i odbrane. <b>Svakako, n<\/b><b>a\u0161im dedama, o\u010devima, sinovima u znak zahvalnosti, bar na zna\u010dajne pojedince, bitne datume i bitke,<\/b> treba biti ustupljen medijski prostor, pa\u017enja i podr\u0161ka, <b>a na\u0161im generalma, Dudakovi\u0107u, \u0106uski\u0107u, Alagi\u0107u, komandantu Nani\u0107u, te Ljubijanki\u0107u i drugima<\/b> u znak zahvalnosti trebaju se imenovati, ulice, trgovi, institucije, jer to je na\u0161a obaveza, a ako se obaveza ne ispuni grijeh je i za svaku generaciju koja do\u0111e poslije nas.<\/p>\n<p><img loading=\"lazy\" decoding=\"async\" class=\"aligncenter size-large wp-image-84065\" alt=\"Trake Prijedor\" src=\"https:\/\/sandzakpress.net\/arhiva\/wp-content\/uploads\/2013\/08\/Trake-Prijedor-616x315.jpg\" width=\"615\" height=\"314\" \/><\/p>\n<p><b>Vjerujemo da se mnogi \u017eele odu\u017eiti onima koji su se borili i, hvala Bogu ostali \u017eivi i bez invaliditeta, nije borba uzaludna, <\/b>izdr\u017eite jo\u0161 malo jer izrastaju oni koji se \u017eele odu\u017eiti i biti odgovorni prema vama i onima koji dolaze poslije nas.<b> Izrastaju oni koji se ne\u0107e samo u suzama sje\u0107ati zna\u010dajnih pojedinaca, bitnih datuma, bitki i doga\u0111aja, koji ne\u0107e izrastati naivno i nesigurno, niti sa mislima i planovima da bol koju su do\u017eivjeli do\u017eive drugi.<\/b><\/p>\n<p><b>Ipak sve<\/b><b> vremenom biva i vremenom prolazi, nestaje, ali ostaju sje\u0107anja na tragi\u010dnu historiju Bosne i Bo\u0161njaka <\/b>\u201dscene iz pakla, napisane na najmra\u010dnijim stranicama ljudske historije\u201d (ICTY). Ostaje trajna obaveza \u010dovje\u010danstva da veliki prostor izme\u0111u nebesa i zemlje ne ispunjava \u0161utnja i zaborav o ovom planetarnom zlo\u010dinu &#8211; zlo\u010dinu <b>GENOCIDA<\/b>!<\/p>\n<p><b>Ostaje obaveza da na dane velikih \u017ertava, u Bijeljini, Zvorniku, Vi\u0161egradu, Fo\u010di, u gradovima rijeke Une i Sane, na dan obilje\u017eavanja zloglasnih logora, na dan Srebrenice, na dane \u201epe\u010data slobodi\u201c provjeravamo li\u010dni i kolektivni razvoj i napredak na svjetskoj ljestvici, nauke, tehnike, umjetnosti i sporta, i da se time ponajbolje odu\u017eimo i zahvalimo na hrabroj, dostojanstvenoj i historijskoj borbi za Bosnu.<\/b><\/p>\n","protected":false},"excerpt":{"rendered":"<p> Adnan Bajri\u0107<\/p>\n","protected":false},"author":83,"featured_media":84067,"comment_status":"open","ping_status":"open","sticky":false,"template":"","format":"standard","meta":{"footnotes":""},"categories":[10196],"tags":[10244],"class_list":{"0":"post-84061","1":"post","2":"type-post","3":"status-publish","4":"format-standard","5":"has-post-thumbnail","7":"category-iz-pera-nasih-autora","8":"tag-adnan-bajric"},"yoast_head":"<!-- This site is optimized with the Yoast SEO Premium plugin v23.1 (Yoast SEO v24.9) - https:\/\/yoast.com\/wordpress\/plugins\/seo\/ -->\n<title>Sje\u0107anja na djetinjstva suza, straha i boli!<\/title>\n<meta name=\"robots\" content=\"index, follow, max-snippet:-1, max-image-preview:large, max-video-preview:-1\" \/>\n<link rel=\"canonical\" href=\"https:\/\/sandzakpress.net\/arhiva\/sjecanja-na-djetinjstva-suza-straha-i-boli\/\" \/>\n<meta property=\"og:locale\" content=\"bs_BA\" \/>\n<meta property=\"og:type\" content=\"article\" \/>\n<meta property=\"og:title\" content=\"Sje\u0107anja na djetinjstva suza, straha i boli!\" \/>\n<meta property=\"og:description\" content=\"Adnan Bajri\u0107\" \/>\n<meta property=\"og:url\" content=\"https:\/\/sandzakpress.net\/arhiva\/sjecanja-na-djetinjstva-suza-straha-i-boli\/\" \/>\n<meta property=\"og:site_name\" content=\"Sand\u017eak PRESS\" \/>\n<meta property=\"article:published_time\" content=\"2013-08-05T13:46:41+00:00\" \/>\n<meta property=\"og:image\" content=\"https:\/\/sandzakpress.net\/arhiva\/wp-content\/uploads\/2013\/08\/adnan_bajric10-297x3001.jpg\" \/>\n\t<meta property=\"og:image:width\" content=\"297\" \/>\n\t<meta property=\"og:image:height\" content=\"300\" \/>\n\t<meta property=\"og:image:type\" content=\"image\/jpeg\" \/>\n<meta name=\"author\" content=\"bosniak\" \/>\n<meta name=\"twitter:card\" content=\"summary_large_image\" \/>\n<meta name=\"twitter:label1\" content=\"Written by\" \/>\n\t<meta name=\"twitter:data1\" content=\"bosniak\" \/>\n\t<meta name=\"twitter:label2\" content=\"Est. reading time\" \/>\n\t<meta name=\"twitter:data2\" content=\"7 minuta\" \/>\n<script type=\"application\/ld+json\" class=\"yoast-schema-graph\">{\"@context\":\"https:\/\/schema.org\",\"@graph\":[{\"@type\":\"Article\",\"@id\":\"https:\/\/sandzakpress.net\/arhiva\/sjecanja-na-djetinjstva-suza-straha-i-boli\/#article\",\"isPartOf\":{\"@id\":\"https:\/\/sandzakpress.net\/arhiva\/sjecanja-na-djetinjstva-suza-straha-i-boli\/\"},\"author\":{\"name\":\"bosniak\",\"@id\":\"https:\/\/sandzakpress.net\/arhiva\/#\/schema\/person\/c8baee722073534b583ea7bdb2e36c02\"},\"headline\":\"Sje\u0107anja na djetinjstva suza, straha i boli!\",\"datePublished\":\"2013-08-05T13:46:41+00:00\",\"mainEntityOfPage\":{\"@id\":\"https:\/\/sandzakpress.net\/arhiva\/sjecanja-na-djetinjstva-suza-straha-i-boli\/\"},\"wordCount\":1463,\"commentCount\":0,\"publisher\":{\"@id\":\"https:\/\/sandzakpress.net\/arhiva\/#\/schema\/person\/6e72b67d6e51910a1117b3b483ba20bd\"},\"image\":{\"@id\":\"https:\/\/sandzakpress.net\/arhiva\/sjecanja-na-djetinjstva-suza-straha-i-boli\/#primaryimage\"},\"thumbnailUrl\":\"https:\/\/sandzakpress.net\/arhiva\/wp-content\/uploads\/2013\/08\/adnan_bajric10-297x3001.jpg\",\"keywords\":[\"Adnan Bajri\u0107\"],\"articleSection\":[\"Iz pera na\u0161ih autora\"],\"inLanguage\":\"bs-BA\",\"potentialAction\":[{\"@type\":\"CommentAction\",\"name\":\"Comment\",\"target\":[\"https:\/\/sandzakpress.net\/arhiva\/sjecanja-na-djetinjstva-suza-straha-i-boli\/#respond\"]}]},{\"@type\":\"WebPage\",\"@id\":\"https:\/\/sandzakpress.net\/arhiva\/sjecanja-na-djetinjstva-suza-straha-i-boli\/\",\"url\":\"https:\/\/sandzakpress.net\/arhiva\/sjecanja-na-djetinjstva-suza-straha-i-boli\/\",\"name\":\"Sje\u0107anja na djetinjstva suza, straha i boli!\",\"isPartOf\":{\"@id\":\"https:\/\/sandzakpress.net\/arhiva\/#website\"},\"primaryImageOfPage\":{\"@id\":\"https:\/\/sandzakpress.net\/arhiva\/sjecanja-na-djetinjstva-suza-straha-i-boli\/#primaryimage\"},\"image\":{\"@id\":\"https:\/\/sandzakpress.net\/arhiva\/sjecanja-na-djetinjstva-suza-straha-i-boli\/#primaryimage\"},\"thumbnailUrl\":\"https:\/\/sandzakpress.net\/arhiva\/wp-content\/uploads\/2013\/08\/adnan_bajric10-297x3001.jpg\",\"datePublished\":\"2013-08-05T13:46:41+00:00\",\"breadcrumb\":{\"@id\":\"https:\/\/sandzakpress.net\/arhiva\/sjecanja-na-djetinjstva-suza-straha-i-boli\/#breadcrumb\"},\"inLanguage\":\"bs-BA\",\"potentialAction\":[{\"@type\":\"ReadAction\",\"target\":[\"https:\/\/sandzakpress.net\/arhiva\/sjecanja-na-djetinjstva-suza-straha-i-boli\/\"]}]},{\"@type\":\"ImageObject\",\"inLanguage\":\"bs-BA\",\"@id\":\"https:\/\/sandzakpress.net\/arhiva\/sjecanja-na-djetinjstva-suza-straha-i-boli\/#primaryimage\",\"url\":\"https:\/\/sandzakpress.net\/arhiva\/wp-content\/uploads\/2013\/08\/adnan_bajric10-297x3001.jpg\",\"contentUrl\":\"https:\/\/sandzakpress.net\/arhiva\/wp-content\/uploads\/2013\/08\/adnan_bajric10-297x3001.jpg\",\"width\":297,\"height\":300},{\"@type\":\"BreadcrumbList\",\"@id\":\"https:\/\/sandzakpress.net\/arhiva\/sjecanja-na-djetinjstva-suza-straha-i-boli\/#breadcrumb\",\"itemListElement\":[{\"@type\":\"ListItem\",\"position\":1,\"name\":\"Home\",\"item\":\"https:\/\/sandzakpress.net\/arhiva\/\"},{\"@type\":\"ListItem\",\"position\":2,\"name\":\"Sje\u0107anja na djetinjstva suza, straha i boli!\"}]},{\"@type\":\"WebSite\",\"@id\":\"https:\/\/sandzakpress.net\/arhiva\/#website\",\"url\":\"https:\/\/sandzakpress.net\/arhiva\/\",\"name\":\"Sand\u017eak PRESS\",\"description\":\"Prve elektronske novine u Sand\u017eaku\",\"publisher\":{\"@id\":\"https:\/\/sandzakpress.net\/arhiva\/#\/schema\/person\/6e72b67d6e51910a1117b3b483ba20bd\"},\"potentialAction\":[{\"@type\":\"SearchAction\",\"target\":{\"@type\":\"EntryPoint\",\"urlTemplate\":\"https:\/\/sandzakpress.net\/arhiva\/?s={search_term_string}\"},\"query-input\":{\"@type\":\"PropertyValueSpecification\",\"valueRequired\":true,\"valueName\":\"search_term_string\"}}],\"inLanguage\":\"bs-BA\"},{\"@type\":[\"Person\",\"Organization\"],\"@id\":\"https:\/\/sandzakpress.net\/arhiva\/#\/schema\/person\/6e72b67d6e51910a1117b3b483ba20bd\",\"name\":\"Kul\",\"image\":{\"@type\":\"ImageObject\",\"inLanguage\":\"bs-BA\",\"@id\":\"https:\/\/sandzakpress.net\/arhiva\/#\/schema\/person\/image\/\",\"url\":\"https:\/\/secure.gravatar.com\/avatar\/42263f39aa27ac04c43cab85c280eb2e?s=96&d=mm&r=pg\",\"contentUrl\":\"https:\/\/secure.gravatar.com\/avatar\/42263f39aa27ac04c43cab85c280eb2e?s=96&d=mm&r=pg\",\"caption\":\"Kul\"},\"logo\":{\"@id\":\"https:\/\/sandzakpress.net\/arhiva\/#\/schema\/person\/image\/\"}},{\"@type\":\"Person\",\"@id\":\"https:\/\/sandzakpress.net\/arhiva\/#\/schema\/person\/c8baee722073534b583ea7bdb2e36c02\",\"name\":\"bosniak\",\"image\":{\"@type\":\"ImageObject\",\"inLanguage\":\"bs-BA\",\"@id\":\"https:\/\/sandzakpress.net\/arhiva\/#\/schema\/person\/image\/\",\"url\":\"https:\/\/secure.gravatar.com\/avatar\/a04fd330bfe3a36a72a0ad4a6d89fca7?s=96&d=mm&r=pg\",\"contentUrl\":\"https:\/\/secure.gravatar.com\/avatar\/a04fd330bfe3a36a72a0ad4a6d89fca7?s=96&d=mm&r=pg\",\"caption\":\"bosniak\"},\"url\":\"https:\/\/sandzakpress.net\/arhiva\/author\/bosniak\/\"}]}<\/script>\n<!-- \/ Yoast SEO Premium plugin. -->","yoast_head_json":{"title":"Sje\u0107anja na djetinjstva suza, straha i boli!","robots":{"index":"index","follow":"follow","max-snippet":"max-snippet:-1","max-image-preview":"max-image-preview:large","max-video-preview":"max-video-preview:-1"},"canonical":"https:\/\/sandzakpress.net\/arhiva\/sjecanja-na-djetinjstva-suza-straha-i-boli\/","og_locale":"bs_BA","og_type":"article","og_title":"Sje\u0107anja na djetinjstva suza, straha i boli!","og_description":"Adnan Bajri\u0107","og_url":"https:\/\/sandzakpress.net\/arhiva\/sjecanja-na-djetinjstva-suza-straha-i-boli\/","og_site_name":"Sand\u017eak PRESS","article_published_time":"2013-08-05T13:46:41+00:00","og_image":[{"width":297,"height":300,"url":"https:\/\/sandzakpress.net\/arhiva\/wp-content\/uploads\/2013\/08\/adnan_bajric10-297x3001.jpg","type":"image\/jpeg"}],"author":"bosniak","twitter_card":"summary_large_image","twitter_misc":{"Written by":"bosniak","Est. reading time":"7 minuta"},"schema":{"@context":"https:\/\/schema.org","@graph":[{"@type":"Article","@id":"https:\/\/sandzakpress.net\/arhiva\/sjecanja-na-djetinjstva-suza-straha-i-boli\/#article","isPartOf":{"@id":"https:\/\/sandzakpress.net\/arhiva\/sjecanja-na-djetinjstva-suza-straha-i-boli\/"},"author":{"name":"bosniak","@id":"https:\/\/sandzakpress.net\/arhiva\/#\/schema\/person\/c8baee722073534b583ea7bdb2e36c02"},"headline":"Sje\u0107anja na djetinjstva suza, straha i boli!","datePublished":"2013-08-05T13:46:41+00:00","mainEntityOfPage":{"@id":"https:\/\/sandzakpress.net\/arhiva\/sjecanja-na-djetinjstva-suza-straha-i-boli\/"},"wordCount":1463,"commentCount":0,"publisher":{"@id":"https:\/\/sandzakpress.net\/arhiva\/#\/schema\/person\/6e72b67d6e51910a1117b3b483ba20bd"},"image":{"@id":"https:\/\/sandzakpress.net\/arhiva\/sjecanja-na-djetinjstva-suza-straha-i-boli\/#primaryimage"},"thumbnailUrl":"https:\/\/sandzakpress.net\/arhiva\/wp-content\/uploads\/2013\/08\/adnan_bajric10-297x3001.jpg","keywords":["Adnan Bajri\u0107"],"articleSection":["Iz pera na\u0161ih autora"],"inLanguage":"bs-BA","potentialAction":[{"@type":"CommentAction","name":"Comment","target":["https:\/\/sandzakpress.net\/arhiva\/sjecanja-na-djetinjstva-suza-straha-i-boli\/#respond"]}]},{"@type":"WebPage","@id":"https:\/\/sandzakpress.net\/arhiva\/sjecanja-na-djetinjstva-suza-straha-i-boli\/","url":"https:\/\/sandzakpress.net\/arhiva\/sjecanja-na-djetinjstva-suza-straha-i-boli\/","name":"Sje\u0107anja na djetinjstva suza, straha i boli!","isPartOf":{"@id":"https:\/\/sandzakpress.net\/arhiva\/#website"},"primaryImageOfPage":{"@id":"https:\/\/sandzakpress.net\/arhiva\/sjecanja-na-djetinjstva-suza-straha-i-boli\/#primaryimage"},"image":{"@id":"https:\/\/sandzakpress.net\/arhiva\/sjecanja-na-djetinjstva-suza-straha-i-boli\/#primaryimage"},"thumbnailUrl":"https:\/\/sandzakpress.net\/arhiva\/wp-content\/uploads\/2013\/08\/adnan_bajric10-297x3001.jpg","datePublished":"2013-08-05T13:46:41+00:00","breadcrumb":{"@id":"https:\/\/sandzakpress.net\/arhiva\/sjecanja-na-djetinjstva-suza-straha-i-boli\/#breadcrumb"},"inLanguage":"bs-BA","potentialAction":[{"@type":"ReadAction","target":["https:\/\/sandzakpress.net\/arhiva\/sjecanja-na-djetinjstva-suza-straha-i-boli\/"]}]},{"@type":"ImageObject","inLanguage":"bs-BA","@id":"https:\/\/sandzakpress.net\/arhiva\/sjecanja-na-djetinjstva-suza-straha-i-boli\/#primaryimage","url":"https:\/\/sandzakpress.net\/arhiva\/wp-content\/uploads\/2013\/08\/adnan_bajric10-297x3001.jpg","contentUrl":"https:\/\/sandzakpress.net\/arhiva\/wp-content\/uploads\/2013\/08\/adnan_bajric10-297x3001.jpg","width":297,"height":300},{"@type":"BreadcrumbList","@id":"https:\/\/sandzakpress.net\/arhiva\/sjecanja-na-djetinjstva-suza-straha-i-boli\/#breadcrumb","itemListElement":[{"@type":"ListItem","position":1,"name":"Home","item":"https:\/\/sandzakpress.net\/arhiva\/"},{"@type":"ListItem","position":2,"name":"Sje\u0107anja na djetinjstva suza, straha i boli!"}]},{"@type":"WebSite","@id":"https:\/\/sandzakpress.net\/arhiva\/#website","url":"https:\/\/sandzakpress.net\/arhiva\/","name":"Sand\u017eak PRESS","description":"Prve elektronske novine u Sand\u017eaku","publisher":{"@id":"https:\/\/sandzakpress.net\/arhiva\/#\/schema\/person\/6e72b67d6e51910a1117b3b483ba20bd"},"potentialAction":[{"@type":"SearchAction","target":{"@type":"EntryPoint","urlTemplate":"https:\/\/sandzakpress.net\/arhiva\/?s={search_term_string}"},"query-input":{"@type":"PropertyValueSpecification","valueRequired":true,"valueName":"search_term_string"}}],"inLanguage":"bs-BA"},{"@type":["Person","Organization"],"@id":"https:\/\/sandzakpress.net\/arhiva\/#\/schema\/person\/6e72b67d6e51910a1117b3b483ba20bd","name":"Kul","image":{"@type":"ImageObject","inLanguage":"bs-BA","@id":"https:\/\/sandzakpress.net\/arhiva\/#\/schema\/person\/image\/","url":"https:\/\/secure.gravatar.com\/avatar\/42263f39aa27ac04c43cab85c280eb2e?s=96&d=mm&r=pg","contentUrl":"https:\/\/secure.gravatar.com\/avatar\/42263f39aa27ac04c43cab85c280eb2e?s=96&d=mm&r=pg","caption":"Kul"},"logo":{"@id":"https:\/\/sandzakpress.net\/arhiva\/#\/schema\/person\/image\/"}},{"@type":"Person","@id":"https:\/\/sandzakpress.net\/arhiva\/#\/schema\/person\/c8baee722073534b583ea7bdb2e36c02","name":"bosniak","image":{"@type":"ImageObject","inLanguage":"bs-BA","@id":"https:\/\/sandzakpress.net\/arhiva\/#\/schema\/person\/image\/","url":"https:\/\/secure.gravatar.com\/avatar\/a04fd330bfe3a36a72a0ad4a6d89fca7?s=96&d=mm&r=pg","contentUrl":"https:\/\/secure.gravatar.com\/avatar\/a04fd330bfe3a36a72a0ad4a6d89fca7?s=96&d=mm&r=pg","caption":"bosniak"},"url":"https:\/\/sandzakpress.net\/arhiva\/author\/bosniak\/"}]}},"_links":{"self":[{"href":"https:\/\/sandzakpress.net\/arhiva\/wp-json\/wp\/v2\/posts\/84061"}],"collection":[{"href":"https:\/\/sandzakpress.net\/arhiva\/wp-json\/wp\/v2\/posts"}],"about":[{"href":"https:\/\/sandzakpress.net\/arhiva\/wp-json\/wp\/v2\/types\/post"}],"author":[{"embeddable":true,"href":"https:\/\/sandzakpress.net\/arhiva\/wp-json\/wp\/v2\/users\/83"}],"replies":[{"embeddable":true,"href":"https:\/\/sandzakpress.net\/arhiva\/wp-json\/wp\/v2\/comments?post=84061"}],"version-history":[{"count":0,"href":"https:\/\/sandzakpress.net\/arhiva\/wp-json\/wp\/v2\/posts\/84061\/revisions"}],"wp:featuredmedia":[{"embeddable":true,"href":"https:\/\/sandzakpress.net\/arhiva\/wp-json\/wp\/v2\/media\/84067"}],"wp:attachment":[{"href":"https:\/\/sandzakpress.net\/arhiva\/wp-json\/wp\/v2\/media?parent=84061"}],"wp:term":[{"taxonomy":"category","embeddable":true,"href":"https:\/\/sandzakpress.net\/arhiva\/wp-json\/wp\/v2\/categories?post=84061"},{"taxonomy":"post_tag","embeddable":true,"href":"https:\/\/sandzakpress.net\/arhiva\/wp-json\/wp\/v2\/tags?post=84061"}],"curies":[{"name":"wp","href":"https:\/\/api.w.org\/{rel}","templated":true}]}}