{"id":84052,"date":"2013-08-05T12:39:47","date_gmt":"2013-08-05T10:39:47","guid":{"rendered":"https:\/\/sandzakpress.net\/arhiva\/?p=84052"},"modified":"2013-08-05T12:39:47","modified_gmt":"2013-08-05T10:39:47","slug":"proslava-bajrama-na-haram-nacin-i-ove-godine","status":"publish","type":"post","link":"https:\/\/sandzakpress.net\/arhiva\/proslava-bajrama-na-haram-nacin-i-ove-godine\/","title":{"rendered":"Proslava Bajrama na haram na\u010din i ove godine"},"content":{"rendered":"<h4><img loading=\"lazy\" decoding=\"async\" class=\"aligncenter size-full wp-image-84053\" alt=\"530608_275335419254498_1233963602_n\" src=\"https:\/\/sandzakpress.net\/arhiva\/wp-content\/uploads\/2013\/08\/530608_275335419254498_1233963602_n.jpg\" width=\"616\" height=\"409\" \/><\/h4>\n<h4>Sjeverni Sand\u017eak, BiH &#8211; U Bosni i Hercegovini i Sand\u017eaku je postala praksa da se najve\u0107i islamski blagdan Bajram proslavlja na na\u010din koji, u najmanju ruku, nema nikakve veze sa vjerskom tradicijom i onim \u0161to se tra\u017ei od vjernika. Tako je i ove godine\u2026<\/h4>\n<p>Kako se mo\u017ee zaklju\u010diti iz najava po medijima i na uli\u010dnim plakatima te po obavijestima istaknutim na ugostiteljskim objektima \u201cbajramske proslave\u201d se planiraju organizirati ove sedmice uz potoke alkohola, koji je u islamu najstro\u017ee zabranjen, a naravno tu su i razli\u010diti zabavlja\u010di \u2013 pjeva\u010di i pjeva\u010dice.<\/p>\n<p>Podsjetimo, Islamska zajednica u BiH najo\u0161trije je u vi\u0161e navrata osudila opisani na\u010din proslave ovog vjerskog praznika.<\/p>\n<p>Pro\u0161le godine, IZ u BiH je izdala i poseban dokument o ovom pitanju u kojem, izme\u0111u ostalog, stoji:<\/p>\n<p>\u201cHaram je (veliki grijeh) zloupotreba islamskih simbola i blagdana kao \u0161to su dva bajrama u svrhu ogla\u0161avanja tzv. bajramskih sijela, derneka, partiya, fe\u0161ti i sl. koje vr\u0161e pojedine ugostiteljske radnje i kafi\u0107i dovode\u0107i najve\u0107i islamski blagdan Bajram u vezu s kafanskim ambijentom pijanki, terevenki i \u0161erijatom zabranjenih oblika zabave, \u010desto uz u\u010de\u0161\u0107e pjeva\u010da i pjeva\u010dica iz drugih kultura i sredina koji ne osje\u0107aju i ne razumiju duh i smisao Bajrama.<br \/>\nBajram je blagdan radosti u kojemu se muslimani na primjeren, duhu islama saobrazan na\u010din, raduju i vesele nakon obavljenog ibadeta Bajram-namaza i iskazane ljubavi, predanosti i odanosti Uzvi\u0161enom Allahu i vrijednostima Njegove vjere.<\/p>\n<p>Oni koji organiziraju, u\u010destvuju ili na bilo koji na\u010din podupiru spomenutu zloupotrebu, skrnave\u0107i vrijednosti i kulturu Bajrama, \u010dine veliki grijeh i zaslu\u017euju na\u0161u osudu i gnu\u0161anje.<\/p>\n<p>Zato pozivamo muslimane da se ne odazivaju \u0161ejtanskim pozivima, da ne u\u010destvuju u spomenutim haram sijelima i dernecima, te da i ubudu\u0107e izbjegavaju objekte u kojima se de\u0161avaju takva skrnavljenja.\u201d<\/p>\n","protected":false},"excerpt":{"rendered":"<p>Sjeverni Sand\u017eak, BiH &#8211; U Bosni i Hercegovini i Sand\u017eaku je postala praksa da se najve\u0107i islamski blagdan Bajram proslavlja na na\u010din koji, u najmanju ruku, nema nikakve veze sa vjerskom tradicijom i onim \u0161to se tra\u017ei od vjernika. Tako je i ove godine\u2026 Kako se mo\u017ee zaklju\u010diti iz najava po medijima i na uli\u010dnim [&hellip;]<\/p>\n","protected":false},"author":83,"featured_media":84053,"comment_status":"open","ping_status":"open","sticky":false,"template":"","format":"standard","meta":{"footnotes":""},"categories":[398,72,52,397,327,10174,392,396,393,395,394,399,10173,5,8957],"tags":[10281,10285],"class_list":{"0":"post-84052","1":"post","2":"type-post","3":"status-publish","4":"format-standard","5":"has-post-thumbnail","7":"category-rozaje","8":"category-novi-pazar","9":"category-sjenica","10":"category-berane","11":"category-tutin","12":"category-petnjica-vase-vijesti","13":"category-prijepolje_","14":"category-bijelo_polje","15":"category-priboj","16":"category-pljevlja_","17":"category-nova-varos","18":"category-plav_","19":"category-gusinje-vase-vijesti","20":"category-drustvo","21":"category-vijesti-dana","22":"tag-razbojnistvo-u-sandzaku","23":"tag-bajram"},"yoast_head":"<!-- This site is optimized with the Yoast SEO Premium plugin v23.1 (Yoast SEO v24.9) - https:\/\/yoast.com\/wordpress\/plugins\/seo\/ -->\n<title>Proslava Bajrama na haram na\u010din i ove godine<\/title>\n<meta name=\"robots\" content=\"index, follow, max-snippet:-1, max-image-preview:large, max-video-preview:-1\" \/>\n<link rel=\"canonical\" href=\"https:\/\/sandzakpress.net\/arhiva\/proslava-bajrama-na-haram-nacin-i-ove-godine\/\" \/>\n<meta property=\"og:locale\" content=\"bs_BA\" \/>\n<meta property=\"og:type\" content=\"article\" \/>\n<meta property=\"og:title\" content=\"Proslava Bajrama na haram na\u010din i ove godine\" \/>\n<meta property=\"og:description\" content=\"Sjeverni Sand\u017eak, BiH &#8211; U Bosni i Hercegovini i Sand\u017eaku je postala praksa da se najve\u0107i islamski blagdan Bajram proslavlja na na\u010din koji, u najmanju ruku, nema nikakve veze sa vjerskom tradicijom i onim \u0161to se tra\u017ei od vjernika. Tako je i ove godine\u2026 Kako se mo\u017ee zaklju\u010diti iz najava po medijima i na uli\u010dnim [&hellip;]\" \/>\n<meta property=\"og:url\" content=\"https:\/\/sandzakpress.net\/arhiva\/proslava-bajrama-na-haram-nacin-i-ove-godine\/\" \/>\n<meta property=\"og:site_name\" content=\"Sand\u017eak PRESS\" \/>\n<meta property=\"article:published_time\" content=\"2013-08-05T10:39:47+00:00\" \/>\n<meta property=\"og:image\" content=\"https:\/\/sandzakpress.net\/arhiva\/wp-content\/uploads\/2013\/08\/530608_275335419254498_1233963602_n.jpg\" \/>\n\t<meta property=\"og:image:width\" content=\"616\" \/>\n\t<meta property=\"og:image:height\" content=\"409\" \/>\n\t<meta property=\"og:image:type\" content=\"image\/jpeg\" \/>\n<meta name=\"author\" content=\"bosniak\" \/>\n<meta name=\"twitter:card\" content=\"summary_large_image\" \/>\n<meta name=\"twitter:label1\" content=\"Written by\" \/>\n\t<meta name=\"twitter:data1\" content=\"bosniak\" \/>\n\t<meta name=\"twitter:label2\" content=\"Est. reading time\" \/>\n\t<meta name=\"twitter:data2\" content=\"2 minute\" \/>\n<script type=\"application\/ld+json\" class=\"yoast-schema-graph\">{\"@context\":\"https:\/\/schema.org\",\"@graph\":[{\"@type\":\"Article\",\"@id\":\"https:\/\/sandzakpress.net\/arhiva\/proslava-bajrama-na-haram-nacin-i-ove-godine\/#article\",\"isPartOf\":{\"@id\":\"https:\/\/sandzakpress.net\/arhiva\/proslava-bajrama-na-haram-nacin-i-ove-godine\/\"},\"author\":{\"name\":\"bosniak\",\"@id\":\"https:\/\/sandzakpress.net\/arhiva\/#\/schema\/person\/c8baee722073534b583ea7bdb2e36c02\"},\"headline\":\"Proslava Bajrama na haram na\u010din i ove godine\",\"datePublished\":\"2013-08-05T10:39:47+00:00\",\"mainEntityOfPage\":{\"@id\":\"https:\/\/sandzakpress.net\/arhiva\/proslava-bajrama-na-haram-nacin-i-ove-godine\/\"},\"wordCount\":332,\"commentCount\":3,\"publisher\":{\"@id\":\"https:\/\/sandzakpress.net\/arhiva\/#\/schema\/person\/6e72b67d6e51910a1117b3b483ba20bd\"},\"image\":{\"@id\":\"https:\/\/sandzakpress.net\/arhiva\/proslava-bajrama-na-haram-nacin-i-ove-godine\/#primaryimage\"},\"thumbnailUrl\":\"https:\/\/sandzakpress.net\/arhiva\/wp-content\/uploads\/2013\/08\/530608_275335419254498_1233963602_n.jpg\",\"keywords\":[\"problemi u Sand\u017eaku\",\"Bajram\"],\"articleSection\":[\"Ro\u017eaje\",\"Novi Pazar\",\"Sjenica\",\"Berane\",\"Tutin\",\"Petnjica\",\"Prijepolje\",\"Bijelo Polje\",\"Priboj\",\"Pljevlja\",\"Nova Varo\u0161\",\"Plav\",\"Gusinje\",\"Dru\u0161tvo\",\"VIJESTI DANA\"],\"inLanguage\":\"bs-BA\",\"potentialAction\":[{\"@type\":\"CommentAction\",\"name\":\"Comment\",\"target\":[\"https:\/\/sandzakpress.net\/arhiva\/proslava-bajrama-na-haram-nacin-i-ove-godine\/#respond\"]}]},{\"@type\":\"WebPage\",\"@id\":\"https:\/\/sandzakpress.net\/arhiva\/proslava-bajrama-na-haram-nacin-i-ove-godine\/\",\"url\":\"https:\/\/sandzakpress.net\/arhiva\/proslava-bajrama-na-haram-nacin-i-ove-godine\/\",\"name\":\"Proslava Bajrama na haram na\u010din i ove godine\",\"isPartOf\":{\"@id\":\"https:\/\/sandzakpress.net\/arhiva\/#website\"},\"primaryImageOfPage\":{\"@id\":\"https:\/\/sandzakpress.net\/arhiva\/proslava-bajrama-na-haram-nacin-i-ove-godine\/#primaryimage\"},\"image\":{\"@id\":\"https:\/\/sandzakpress.net\/arhiva\/proslava-bajrama-na-haram-nacin-i-ove-godine\/#primaryimage\"},\"thumbnailUrl\":\"https:\/\/sandzakpress.net\/arhiva\/wp-content\/uploads\/2013\/08\/530608_275335419254498_1233963602_n.jpg\",\"datePublished\":\"2013-08-05T10:39:47+00:00\",\"breadcrumb\":{\"@id\":\"https:\/\/sandzakpress.net\/arhiva\/proslava-bajrama-na-haram-nacin-i-ove-godine\/#breadcrumb\"},\"inLanguage\":\"bs-BA\",\"potentialAction\":[{\"@type\":\"ReadAction\",\"target\":[\"https:\/\/sandzakpress.net\/arhiva\/proslava-bajrama-na-haram-nacin-i-ove-godine\/\"]}]},{\"@type\":\"ImageObject\",\"inLanguage\":\"bs-BA\",\"@id\":\"https:\/\/sandzakpress.net\/arhiva\/proslava-bajrama-na-haram-nacin-i-ove-godine\/#primaryimage\",\"url\":\"https:\/\/sandzakpress.net\/arhiva\/wp-content\/uploads\/2013\/08\/530608_275335419254498_1233963602_n.jpg\",\"contentUrl\":\"https:\/\/sandzakpress.net\/arhiva\/wp-content\/uploads\/2013\/08\/530608_275335419254498_1233963602_n.jpg\",\"width\":616,\"height\":409},{\"@type\":\"BreadcrumbList\",\"@id\":\"https:\/\/sandzakpress.net\/arhiva\/proslava-bajrama-na-haram-nacin-i-ove-godine\/#breadcrumb\",\"itemListElement\":[{\"@type\":\"ListItem\",\"position\":1,\"name\":\"Home\",\"item\":\"https:\/\/sandzakpress.net\/arhiva\/\"},{\"@type\":\"ListItem\",\"position\":2,\"name\":\"Proslava Bajrama na haram na\u010din i ove godine\"}]},{\"@type\":\"WebSite\",\"@id\":\"https:\/\/sandzakpress.net\/arhiva\/#website\",\"url\":\"https:\/\/sandzakpress.net\/arhiva\/\",\"name\":\"Sand\u017eak PRESS\",\"description\":\"Prve elektronske novine u Sand\u017eaku\",\"publisher\":{\"@id\":\"https:\/\/sandzakpress.net\/arhiva\/#\/schema\/person\/6e72b67d6e51910a1117b3b483ba20bd\"},\"potentialAction\":[{\"@type\":\"SearchAction\",\"target\":{\"@type\":\"EntryPoint\",\"urlTemplate\":\"https:\/\/sandzakpress.net\/arhiva\/?s={search_term_string}\"},\"query-input\":{\"@type\":\"PropertyValueSpecification\",\"valueRequired\":true,\"valueName\":\"search_term_string\"}}],\"inLanguage\":\"bs-BA\"},{\"@type\":[\"Person\",\"Organization\"],\"@id\":\"https:\/\/sandzakpress.net\/arhiva\/#\/schema\/person\/6e72b67d6e51910a1117b3b483ba20bd\",\"name\":\"Kul\",\"image\":{\"@type\":\"ImageObject\",\"inLanguage\":\"bs-BA\",\"@id\":\"https:\/\/sandzakpress.net\/arhiva\/#\/schema\/person\/image\/\",\"url\":\"https:\/\/secure.gravatar.com\/avatar\/42263f39aa27ac04c43cab85c280eb2e?s=96&d=mm&r=pg\",\"contentUrl\":\"https:\/\/secure.gravatar.com\/avatar\/42263f39aa27ac04c43cab85c280eb2e?s=96&d=mm&r=pg\",\"caption\":\"Kul\"},\"logo\":{\"@id\":\"https:\/\/sandzakpress.net\/arhiva\/#\/schema\/person\/image\/\"}},{\"@type\":\"Person\",\"@id\":\"https:\/\/sandzakpress.net\/arhiva\/#\/schema\/person\/c8baee722073534b583ea7bdb2e36c02\",\"name\":\"bosniak\",\"image\":{\"@type\":\"ImageObject\",\"inLanguage\":\"bs-BA\",\"@id\":\"https:\/\/sandzakpress.net\/arhiva\/#\/schema\/person\/image\/\",\"url\":\"https:\/\/secure.gravatar.com\/avatar\/a04fd330bfe3a36a72a0ad4a6d89fca7?s=96&d=mm&r=pg\",\"contentUrl\":\"https:\/\/secure.gravatar.com\/avatar\/a04fd330bfe3a36a72a0ad4a6d89fca7?s=96&d=mm&r=pg\",\"caption\":\"bosniak\"},\"url\":\"https:\/\/sandzakpress.net\/arhiva\/author\/bosniak\/\"}]}<\/script>\n<!-- \/ Yoast SEO Premium plugin. -->","yoast_head_json":{"title":"Proslava Bajrama na haram na\u010din i ove godine","robots":{"index":"index","follow":"follow","max-snippet":"max-snippet:-1","max-image-preview":"max-image-preview:large","max-video-preview":"max-video-preview:-1"},"canonical":"https:\/\/sandzakpress.net\/arhiva\/proslava-bajrama-na-haram-nacin-i-ove-godine\/","og_locale":"bs_BA","og_type":"article","og_title":"Proslava Bajrama na haram na\u010din i ove godine","og_description":"Sjeverni Sand\u017eak, BiH &#8211; U Bosni i Hercegovini i Sand\u017eaku je postala praksa da se najve\u0107i islamski blagdan Bajram proslavlja na na\u010din koji, u najmanju ruku, nema nikakve veze sa vjerskom tradicijom i onim \u0161to se tra\u017ei od vjernika. Tako je i ove godine\u2026 Kako se mo\u017ee zaklju\u010diti iz najava po medijima i na uli\u010dnim [&hellip;]","og_url":"https:\/\/sandzakpress.net\/arhiva\/proslava-bajrama-na-haram-nacin-i-ove-godine\/","og_site_name":"Sand\u017eak PRESS","article_published_time":"2013-08-05T10:39:47+00:00","og_image":[{"width":616,"height":409,"url":"https:\/\/sandzakpress.net\/arhiva\/wp-content\/uploads\/2013\/08\/530608_275335419254498_1233963602_n.jpg","type":"image\/jpeg"}],"author":"bosniak","twitter_card":"summary_large_image","twitter_misc":{"Written by":"bosniak","Est. reading time":"2 minute"},"schema":{"@context":"https:\/\/schema.org","@graph":[{"@type":"Article","@id":"https:\/\/sandzakpress.net\/arhiva\/proslava-bajrama-na-haram-nacin-i-ove-godine\/#article","isPartOf":{"@id":"https:\/\/sandzakpress.net\/arhiva\/proslava-bajrama-na-haram-nacin-i-ove-godine\/"},"author":{"name":"bosniak","@id":"https:\/\/sandzakpress.net\/arhiva\/#\/schema\/person\/c8baee722073534b583ea7bdb2e36c02"},"headline":"Proslava Bajrama na haram na\u010din i ove godine","datePublished":"2013-08-05T10:39:47+00:00","mainEntityOfPage":{"@id":"https:\/\/sandzakpress.net\/arhiva\/proslava-bajrama-na-haram-nacin-i-ove-godine\/"},"wordCount":332,"commentCount":3,"publisher":{"@id":"https:\/\/sandzakpress.net\/arhiva\/#\/schema\/person\/6e72b67d6e51910a1117b3b483ba20bd"},"image":{"@id":"https:\/\/sandzakpress.net\/arhiva\/proslava-bajrama-na-haram-nacin-i-ove-godine\/#primaryimage"},"thumbnailUrl":"https:\/\/sandzakpress.net\/arhiva\/wp-content\/uploads\/2013\/08\/530608_275335419254498_1233963602_n.jpg","keywords":["problemi u Sand\u017eaku","Bajram"],"articleSection":["Ro\u017eaje","Novi Pazar","Sjenica","Berane","Tutin","Petnjica","Prijepolje","Bijelo Polje","Priboj","Pljevlja","Nova Varo\u0161","Plav","Gusinje","Dru\u0161tvo","VIJESTI DANA"],"inLanguage":"bs-BA","potentialAction":[{"@type":"CommentAction","name":"Comment","target":["https:\/\/sandzakpress.net\/arhiva\/proslava-bajrama-na-haram-nacin-i-ove-godine\/#respond"]}]},{"@type":"WebPage","@id":"https:\/\/sandzakpress.net\/arhiva\/proslava-bajrama-na-haram-nacin-i-ove-godine\/","url":"https:\/\/sandzakpress.net\/arhiva\/proslava-bajrama-na-haram-nacin-i-ove-godine\/","name":"Proslava Bajrama na haram na\u010din i ove godine","isPartOf":{"@id":"https:\/\/sandzakpress.net\/arhiva\/#website"},"primaryImageOfPage":{"@id":"https:\/\/sandzakpress.net\/arhiva\/proslava-bajrama-na-haram-nacin-i-ove-godine\/#primaryimage"},"image":{"@id":"https:\/\/sandzakpress.net\/arhiva\/proslava-bajrama-na-haram-nacin-i-ove-godine\/#primaryimage"},"thumbnailUrl":"https:\/\/sandzakpress.net\/arhiva\/wp-content\/uploads\/2013\/08\/530608_275335419254498_1233963602_n.jpg","datePublished":"2013-08-05T10:39:47+00:00","breadcrumb":{"@id":"https:\/\/sandzakpress.net\/arhiva\/proslava-bajrama-na-haram-nacin-i-ove-godine\/#breadcrumb"},"inLanguage":"bs-BA","potentialAction":[{"@type":"ReadAction","target":["https:\/\/sandzakpress.net\/arhiva\/proslava-bajrama-na-haram-nacin-i-ove-godine\/"]}]},{"@type":"ImageObject","inLanguage":"bs-BA","@id":"https:\/\/sandzakpress.net\/arhiva\/proslava-bajrama-na-haram-nacin-i-ove-godine\/#primaryimage","url":"https:\/\/sandzakpress.net\/arhiva\/wp-content\/uploads\/2013\/08\/530608_275335419254498_1233963602_n.jpg","contentUrl":"https:\/\/sandzakpress.net\/arhiva\/wp-content\/uploads\/2013\/08\/530608_275335419254498_1233963602_n.jpg","width":616,"height":409},{"@type":"BreadcrumbList","@id":"https:\/\/sandzakpress.net\/arhiva\/proslava-bajrama-na-haram-nacin-i-ove-godine\/#breadcrumb","itemListElement":[{"@type":"ListItem","position":1,"name":"Home","item":"https:\/\/sandzakpress.net\/arhiva\/"},{"@type":"ListItem","position":2,"name":"Proslava Bajrama na haram na\u010din i ove godine"}]},{"@type":"WebSite","@id":"https:\/\/sandzakpress.net\/arhiva\/#website","url":"https:\/\/sandzakpress.net\/arhiva\/","name":"Sand\u017eak PRESS","description":"Prve elektronske novine u Sand\u017eaku","publisher":{"@id":"https:\/\/sandzakpress.net\/arhiva\/#\/schema\/person\/6e72b67d6e51910a1117b3b483ba20bd"},"potentialAction":[{"@type":"SearchAction","target":{"@type":"EntryPoint","urlTemplate":"https:\/\/sandzakpress.net\/arhiva\/?s={search_term_string}"},"query-input":{"@type":"PropertyValueSpecification","valueRequired":true,"valueName":"search_term_string"}}],"inLanguage":"bs-BA"},{"@type":["Person","Organization"],"@id":"https:\/\/sandzakpress.net\/arhiva\/#\/schema\/person\/6e72b67d6e51910a1117b3b483ba20bd","name":"Kul","image":{"@type":"ImageObject","inLanguage":"bs-BA","@id":"https:\/\/sandzakpress.net\/arhiva\/#\/schema\/person\/image\/","url":"https:\/\/secure.gravatar.com\/avatar\/42263f39aa27ac04c43cab85c280eb2e?s=96&d=mm&r=pg","contentUrl":"https:\/\/secure.gravatar.com\/avatar\/42263f39aa27ac04c43cab85c280eb2e?s=96&d=mm&r=pg","caption":"Kul"},"logo":{"@id":"https:\/\/sandzakpress.net\/arhiva\/#\/schema\/person\/image\/"}},{"@type":"Person","@id":"https:\/\/sandzakpress.net\/arhiva\/#\/schema\/person\/c8baee722073534b583ea7bdb2e36c02","name":"bosniak","image":{"@type":"ImageObject","inLanguage":"bs-BA","@id":"https:\/\/sandzakpress.net\/arhiva\/#\/schema\/person\/image\/","url":"https:\/\/secure.gravatar.com\/avatar\/a04fd330bfe3a36a72a0ad4a6d89fca7?s=96&d=mm&r=pg","contentUrl":"https:\/\/secure.gravatar.com\/avatar\/a04fd330bfe3a36a72a0ad4a6d89fca7?s=96&d=mm&r=pg","caption":"bosniak"},"url":"https:\/\/sandzakpress.net\/arhiva\/author\/bosniak\/"}]}},"_links":{"self":[{"href":"https:\/\/sandzakpress.net\/arhiva\/wp-json\/wp\/v2\/posts\/84052"}],"collection":[{"href":"https:\/\/sandzakpress.net\/arhiva\/wp-json\/wp\/v2\/posts"}],"about":[{"href":"https:\/\/sandzakpress.net\/arhiva\/wp-json\/wp\/v2\/types\/post"}],"author":[{"embeddable":true,"href":"https:\/\/sandzakpress.net\/arhiva\/wp-json\/wp\/v2\/users\/83"}],"replies":[{"embeddable":true,"href":"https:\/\/sandzakpress.net\/arhiva\/wp-json\/wp\/v2\/comments?post=84052"}],"version-history":[{"count":0,"href":"https:\/\/sandzakpress.net\/arhiva\/wp-json\/wp\/v2\/posts\/84052\/revisions"}],"wp:featuredmedia":[{"embeddable":true,"href":"https:\/\/sandzakpress.net\/arhiva\/wp-json\/wp\/v2\/media\/84053"}],"wp:attachment":[{"href":"https:\/\/sandzakpress.net\/arhiva\/wp-json\/wp\/v2\/media?parent=84052"}],"wp:term":[{"taxonomy":"category","embeddable":true,"href":"https:\/\/sandzakpress.net\/arhiva\/wp-json\/wp\/v2\/categories?post=84052"},{"taxonomy":"post_tag","embeddable":true,"href":"https:\/\/sandzakpress.net\/arhiva\/wp-json\/wp\/v2\/tags?post=84052"}],"curies":[{"name":"wp","href":"https:\/\/api.w.org\/{rel}","templated":true}]}}