{"id":84026,"date":"2013-08-04T04:48:45","date_gmt":"2013-08-04T02:48:45","guid":{"rendered":"https:\/\/sandzakpress.net\/arhiva\/?p=84026"},"modified":"2013-08-05T15:34:37","modified_gmt":"2013-08-05T13:34:37","slug":"danas-kamen-temeljac-povodom-izgradnje-bosnjackog-kulturnog-centra-u-petnjici","status":"publish","type":"post","link":"https:\/\/sandzakpress.net\/arhiva\/danas-kamen-temeljac-povodom-izgradnje-bosnjackog-kulturnog-centra-u-petnjici\/","title":{"rendered":"Kamen temeljac povodom izgradnje Bo\u0161nja\u010dkog kulturnog centra u Petnjici"},"content":{"rendered":"<p>&nbsp;<\/p>\n<p><strong><img loading=\"lazy\" decoding=\"async\" class=\"aligncenter size-large wp-image-84027\" alt=\"fa24f9745ef1d31206ce1973dbde487b_XL\" src=\"https:\/\/sandzakpress.net\/arhiva\/wp-content\/uploads\/2013\/08\/fa24f9745ef1d31206ce1973dbde487b_XL-616x431.jpg\" width=\"615\" height=\"430\" \/>Petnjica &#8211; Bo\u0161nja\u010dka kulturna zajednica organizira sve\u010danost povodom postavljanja kamena temeljca za izgradnju Bo\u0161nja\u010dkog kulturnog centra Petnjica, koja \u0107e se odr\u017eati 5. avgusta 2013. godine u 18:30 \u010dasova na Vakufskom zemlji\u0161tu za ovaj centar.<\/strong><\/p>\n<p>Nakon sve\u010danog kamena temeljca, uprili\u010dit \u0107e se zajedni\u010dki iftar koji prire\u0111ujemo tradicionalno u okviru manifestacija \u201eFestival islama\u201c. Kamen temeljac \u0107e postaviti, iftaru prisustvovati i prisutnima se obratiti muftija sand\u017ea\u010dki Muamer-ef. Zukorli\u0107.<\/p>\n<p>(BKZ)<\/p>\n","protected":false},"excerpt":{"rendered":"<p>&nbsp; Petnjica &#8211; Bo\u0161nja\u010dka kulturna zajednica organizira sve\u010danost povodom postavljanja kamena temeljca za izgradnju Bo\u0161nja\u010dkog kulturnog centra Petnjica, koja \u0107e se odr\u017eati 5. avgusta 2013. godine u 18:30 \u010dasova na Vakufskom zemlji\u0161tu za ovaj centar. Nakon sve\u010danog kamena temeljca, uprili\u010dit \u0107e se zajedni\u010dki iftar koji prire\u0111ujemo tradicionalno u okviru manifestacija \u201eFestival islama\u201c. Kamen temeljac \u0107e [&hellip;]<\/p>\n","protected":false},"author":83,"featured_media":84029,"comment_status":"open","ping_status":"open","sticky":false,"template":"","format":"standard","meta":{"footnotes":""},"categories":[800,10174,8957],"tags":[10204,10240],"class_list":{"0":"post-84026","1":"post","2":"type-post","3":"status-publish","4":"format-standard","5":"has-post-thumbnail","7":"category-nacija","8":"category-petnjica-vase-vijesti","9":"category-vijesti-dana","10":"tag-muftija-muamer-zukorlic","11":"tag-bkz"},"yoast_head":"<!-- This site is optimized with the Yoast SEO Premium plugin v23.1 (Yoast SEO v24.9) - https:\/\/yoast.com\/wordpress\/plugins\/seo\/ -->\n<title>Kamen temeljac povodom izgradnje Bo\u0161nja\u010dkog kulturnog centra u Petnjici<\/title>\n<meta name=\"robots\" content=\"index, follow, max-snippet:-1, max-image-preview:large, max-video-preview:-1\" \/>\n<link rel=\"canonical\" href=\"https:\/\/sandzakpress.net\/arhiva\/danas-kamen-temeljac-povodom-izgradnje-bosnjackog-kulturnog-centra-u-petnjici\/\" \/>\n<meta property=\"og:locale\" content=\"bs_BA\" \/>\n<meta property=\"og:type\" content=\"article\" \/>\n<meta property=\"og:title\" content=\"Kamen temeljac povodom izgradnje Bo\u0161nja\u010dkog kulturnog centra u Petnjici\" \/>\n<meta property=\"og:description\" content=\"&nbsp; Petnjica &#8211; Bo\u0161nja\u010dka kulturna zajednica organizira sve\u010danost povodom postavljanja kamena temeljca za izgradnju Bo\u0161nja\u010dkog kulturnog centra Petnjica, koja \u0107e se odr\u017eati 5. avgusta 2013. godine u 18:30 \u010dasova na Vakufskom zemlji\u0161tu za ovaj centar. Nakon sve\u010danog kamena temeljca, uprili\u010dit \u0107e se zajedni\u010dki iftar koji prire\u0111ujemo tradicionalno u okviru manifestacija \u201eFestival islama\u201c. Kamen temeljac \u0107e [&hellip;]\" \/>\n<meta property=\"og:url\" content=\"https:\/\/sandzakpress.net\/arhiva\/danas-kamen-temeljac-povodom-izgradnje-bosnjackog-kulturnog-centra-u-petnjici\/\" \/>\n<meta property=\"og:site_name\" content=\"Sand\u017eak PRESS\" \/>\n<meta property=\"article:published_time\" content=\"2013-08-04T02:48:45+00:00\" \/>\n<meta property=\"article:modified_time\" content=\"2013-08-05T13:34:37+00:00\" \/>\n<meta property=\"og:image\" content=\"https:\/\/sandzakpress.net\/arhiva\/wp-content\/uploads\/2013\/08\/fa24f9745ef1d31206ce1973dbde487b_XL-616x4311.jpg\" \/>\n\t<meta property=\"og:image:width\" content=\"616\" \/>\n\t<meta property=\"og:image:height\" content=\"431\" \/>\n\t<meta property=\"og:image:type\" content=\"image\/jpeg\" \/>\n<meta name=\"author\" content=\"bosniak\" \/>\n<meta name=\"twitter:card\" content=\"summary_large_image\" \/>\n<meta name=\"twitter:label1\" content=\"Written by\" \/>\n\t<meta name=\"twitter:data1\" content=\"bosniak\" \/>\n<script type=\"application\/ld+json\" class=\"yoast-schema-graph\">{\"@context\":\"https:\/\/schema.org\",\"@graph\":[{\"@type\":\"Article\",\"@id\":\"https:\/\/sandzakpress.net\/arhiva\/danas-kamen-temeljac-povodom-izgradnje-bosnjackog-kulturnog-centra-u-petnjici\/#article\",\"isPartOf\":{\"@id\":\"https:\/\/sandzakpress.net\/arhiva\/danas-kamen-temeljac-povodom-izgradnje-bosnjackog-kulturnog-centra-u-petnjici\/\"},\"author\":{\"name\":\"bosniak\",\"@id\":\"https:\/\/sandzakpress.net\/arhiva\/#\/schema\/person\/c8baee722073534b583ea7bdb2e36c02\"},\"headline\":\"Kamen temeljac povodom izgradnje Bo\u0161nja\u010dkog kulturnog centra u Petnjici\",\"datePublished\":\"2013-08-04T02:48:45+00:00\",\"dateModified\":\"2013-08-05T13:34:37+00:00\",\"mainEntityOfPage\":{\"@id\":\"https:\/\/sandzakpress.net\/arhiva\/danas-kamen-temeljac-povodom-izgradnje-bosnjackog-kulturnog-centra-u-petnjici\/\"},\"wordCount\":88,\"commentCount\":3,\"publisher\":{\"@id\":\"https:\/\/sandzakpress.net\/arhiva\/#\/schema\/person\/6e72b67d6e51910a1117b3b483ba20bd\"},\"image\":{\"@id\":\"https:\/\/sandzakpress.net\/arhiva\/danas-kamen-temeljac-povodom-izgradnje-bosnjackog-kulturnog-centra-u-petnjici\/#primaryimage\"},\"thumbnailUrl\":\"https:\/\/sandzakpress.net\/arhiva\/wp-content\/uploads\/2013\/08\/fa24f9745ef1d31206ce1973dbde487b_XL-616x4311.jpg\",\"keywords\":[\"muftija Muamer Zukorli\u0107\",\"BKZ\"],\"articleSection\":[\"Nacija\",\"Petnjica\",\"VIJESTI DANA\"],\"inLanguage\":\"bs-BA\",\"potentialAction\":[{\"@type\":\"CommentAction\",\"name\":\"Comment\",\"target\":[\"https:\/\/sandzakpress.net\/arhiva\/danas-kamen-temeljac-povodom-izgradnje-bosnjackog-kulturnog-centra-u-petnjici\/#respond\"]}]},{\"@type\":\"WebPage\",\"@id\":\"https:\/\/sandzakpress.net\/arhiva\/danas-kamen-temeljac-povodom-izgradnje-bosnjackog-kulturnog-centra-u-petnjici\/\",\"url\":\"https:\/\/sandzakpress.net\/arhiva\/danas-kamen-temeljac-povodom-izgradnje-bosnjackog-kulturnog-centra-u-petnjici\/\",\"name\":\"Kamen temeljac povodom izgradnje Bo\u0161nja\u010dkog kulturnog centra u Petnjici\",\"isPartOf\":{\"@id\":\"https:\/\/sandzakpress.net\/arhiva\/#website\"},\"primaryImageOfPage\":{\"@id\":\"https:\/\/sandzakpress.net\/arhiva\/danas-kamen-temeljac-povodom-izgradnje-bosnjackog-kulturnog-centra-u-petnjici\/#primaryimage\"},\"image\":{\"@id\":\"https:\/\/sandzakpress.net\/arhiva\/danas-kamen-temeljac-povodom-izgradnje-bosnjackog-kulturnog-centra-u-petnjici\/#primaryimage\"},\"thumbnailUrl\":\"https:\/\/sandzakpress.net\/arhiva\/wp-content\/uploads\/2013\/08\/fa24f9745ef1d31206ce1973dbde487b_XL-616x4311.jpg\",\"datePublished\":\"2013-08-04T02:48:45+00:00\",\"dateModified\":\"2013-08-05T13:34:37+00:00\",\"breadcrumb\":{\"@id\":\"https:\/\/sandzakpress.net\/arhiva\/danas-kamen-temeljac-povodom-izgradnje-bosnjackog-kulturnog-centra-u-petnjici\/#breadcrumb\"},\"inLanguage\":\"bs-BA\",\"potentialAction\":[{\"@type\":\"ReadAction\",\"target\":[\"https:\/\/sandzakpress.net\/arhiva\/danas-kamen-temeljac-povodom-izgradnje-bosnjackog-kulturnog-centra-u-petnjici\/\"]}]},{\"@type\":\"ImageObject\",\"inLanguage\":\"bs-BA\",\"@id\":\"https:\/\/sandzakpress.net\/arhiva\/danas-kamen-temeljac-povodom-izgradnje-bosnjackog-kulturnog-centra-u-petnjici\/#primaryimage\",\"url\":\"https:\/\/sandzakpress.net\/arhiva\/wp-content\/uploads\/2013\/08\/fa24f9745ef1d31206ce1973dbde487b_XL-616x4311.jpg\",\"contentUrl\":\"https:\/\/sandzakpress.net\/arhiva\/wp-content\/uploads\/2013\/08\/fa24f9745ef1d31206ce1973dbde487b_XL-616x4311.jpg\",\"width\":616,\"height\":431},{\"@type\":\"BreadcrumbList\",\"@id\":\"https:\/\/sandzakpress.net\/arhiva\/danas-kamen-temeljac-povodom-izgradnje-bosnjackog-kulturnog-centra-u-petnjici\/#breadcrumb\",\"itemListElement\":[{\"@type\":\"ListItem\",\"position\":1,\"name\":\"Home\",\"item\":\"https:\/\/sandzakpress.net\/arhiva\/\"},{\"@type\":\"ListItem\",\"position\":2,\"name\":\"Kamen temeljac povodom izgradnje Bo\u0161nja\u010dkog kulturnog centra u Petnjici\"}]},{\"@type\":\"WebSite\",\"@id\":\"https:\/\/sandzakpress.net\/arhiva\/#website\",\"url\":\"https:\/\/sandzakpress.net\/arhiva\/\",\"name\":\"Sand\u017eak PRESS\",\"description\":\"Prve elektronske novine u Sand\u017eaku\",\"publisher\":{\"@id\":\"https:\/\/sandzakpress.net\/arhiva\/#\/schema\/person\/6e72b67d6e51910a1117b3b483ba20bd\"},\"potentialAction\":[{\"@type\":\"SearchAction\",\"target\":{\"@type\":\"EntryPoint\",\"urlTemplate\":\"https:\/\/sandzakpress.net\/arhiva\/?s={search_term_string}\"},\"query-input\":{\"@type\":\"PropertyValueSpecification\",\"valueRequired\":true,\"valueName\":\"search_term_string\"}}],\"inLanguage\":\"bs-BA\"},{\"@type\":[\"Person\",\"Organization\"],\"@id\":\"https:\/\/sandzakpress.net\/arhiva\/#\/schema\/person\/6e72b67d6e51910a1117b3b483ba20bd\",\"name\":\"Kul\",\"image\":{\"@type\":\"ImageObject\",\"inLanguage\":\"bs-BA\",\"@id\":\"https:\/\/sandzakpress.net\/arhiva\/#\/schema\/person\/image\/\",\"url\":\"https:\/\/secure.gravatar.com\/avatar\/42263f39aa27ac04c43cab85c280eb2e?s=96&d=mm&r=pg\",\"contentUrl\":\"https:\/\/secure.gravatar.com\/avatar\/42263f39aa27ac04c43cab85c280eb2e?s=96&d=mm&r=pg\",\"caption\":\"Kul\"},\"logo\":{\"@id\":\"https:\/\/sandzakpress.net\/arhiva\/#\/schema\/person\/image\/\"}},{\"@type\":\"Person\",\"@id\":\"https:\/\/sandzakpress.net\/arhiva\/#\/schema\/person\/c8baee722073534b583ea7bdb2e36c02\",\"name\":\"bosniak\",\"image\":{\"@type\":\"ImageObject\",\"inLanguage\":\"bs-BA\",\"@id\":\"https:\/\/sandzakpress.net\/arhiva\/#\/schema\/person\/image\/\",\"url\":\"https:\/\/secure.gravatar.com\/avatar\/a04fd330bfe3a36a72a0ad4a6d89fca7?s=96&d=mm&r=pg\",\"contentUrl\":\"https:\/\/secure.gravatar.com\/avatar\/a04fd330bfe3a36a72a0ad4a6d89fca7?s=96&d=mm&r=pg\",\"caption\":\"bosniak\"},\"url\":\"https:\/\/sandzakpress.net\/arhiva\/author\/bosniak\/\"}]}<\/script>\n<!-- \/ Yoast SEO Premium plugin. -->","yoast_head_json":{"title":"Kamen temeljac povodom izgradnje Bo\u0161nja\u010dkog kulturnog centra u Petnjici","robots":{"index":"index","follow":"follow","max-snippet":"max-snippet:-1","max-image-preview":"max-image-preview:large","max-video-preview":"max-video-preview:-1"},"canonical":"https:\/\/sandzakpress.net\/arhiva\/danas-kamen-temeljac-povodom-izgradnje-bosnjackog-kulturnog-centra-u-petnjici\/","og_locale":"bs_BA","og_type":"article","og_title":"Kamen temeljac povodom izgradnje Bo\u0161nja\u010dkog kulturnog centra u Petnjici","og_description":"&nbsp; Petnjica &#8211; Bo\u0161nja\u010dka kulturna zajednica organizira sve\u010danost povodom postavljanja kamena temeljca za izgradnju Bo\u0161nja\u010dkog kulturnog centra Petnjica, koja \u0107e se odr\u017eati 5. avgusta 2013. godine u 18:30 \u010dasova na Vakufskom zemlji\u0161tu za ovaj centar. Nakon sve\u010danog kamena temeljca, uprili\u010dit \u0107e se zajedni\u010dki iftar koji prire\u0111ujemo tradicionalno u okviru manifestacija \u201eFestival islama\u201c. Kamen temeljac \u0107e [&hellip;]","og_url":"https:\/\/sandzakpress.net\/arhiva\/danas-kamen-temeljac-povodom-izgradnje-bosnjackog-kulturnog-centra-u-petnjici\/","og_site_name":"Sand\u017eak PRESS","article_published_time":"2013-08-04T02:48:45+00:00","article_modified_time":"2013-08-05T13:34:37+00:00","og_image":[{"width":616,"height":431,"url":"https:\/\/sandzakpress.net\/arhiva\/wp-content\/uploads\/2013\/08\/fa24f9745ef1d31206ce1973dbde487b_XL-616x4311.jpg","type":"image\/jpeg"}],"author":"bosniak","twitter_card":"summary_large_image","twitter_misc":{"Written by":"bosniak"},"schema":{"@context":"https:\/\/schema.org","@graph":[{"@type":"Article","@id":"https:\/\/sandzakpress.net\/arhiva\/danas-kamen-temeljac-povodom-izgradnje-bosnjackog-kulturnog-centra-u-petnjici\/#article","isPartOf":{"@id":"https:\/\/sandzakpress.net\/arhiva\/danas-kamen-temeljac-povodom-izgradnje-bosnjackog-kulturnog-centra-u-petnjici\/"},"author":{"name":"bosniak","@id":"https:\/\/sandzakpress.net\/arhiva\/#\/schema\/person\/c8baee722073534b583ea7bdb2e36c02"},"headline":"Kamen temeljac povodom izgradnje Bo\u0161nja\u010dkog kulturnog centra u Petnjici","datePublished":"2013-08-04T02:48:45+00:00","dateModified":"2013-08-05T13:34:37+00:00","mainEntityOfPage":{"@id":"https:\/\/sandzakpress.net\/arhiva\/danas-kamen-temeljac-povodom-izgradnje-bosnjackog-kulturnog-centra-u-petnjici\/"},"wordCount":88,"commentCount":3,"publisher":{"@id":"https:\/\/sandzakpress.net\/arhiva\/#\/schema\/person\/6e72b67d6e51910a1117b3b483ba20bd"},"image":{"@id":"https:\/\/sandzakpress.net\/arhiva\/danas-kamen-temeljac-povodom-izgradnje-bosnjackog-kulturnog-centra-u-petnjici\/#primaryimage"},"thumbnailUrl":"https:\/\/sandzakpress.net\/arhiva\/wp-content\/uploads\/2013\/08\/fa24f9745ef1d31206ce1973dbde487b_XL-616x4311.jpg","keywords":["muftija Muamer Zukorli\u0107","BKZ"],"articleSection":["Nacija","Petnjica","VIJESTI DANA"],"inLanguage":"bs-BA","potentialAction":[{"@type":"CommentAction","name":"Comment","target":["https:\/\/sandzakpress.net\/arhiva\/danas-kamen-temeljac-povodom-izgradnje-bosnjackog-kulturnog-centra-u-petnjici\/#respond"]}]},{"@type":"WebPage","@id":"https:\/\/sandzakpress.net\/arhiva\/danas-kamen-temeljac-povodom-izgradnje-bosnjackog-kulturnog-centra-u-petnjici\/","url":"https:\/\/sandzakpress.net\/arhiva\/danas-kamen-temeljac-povodom-izgradnje-bosnjackog-kulturnog-centra-u-petnjici\/","name":"Kamen temeljac povodom izgradnje Bo\u0161nja\u010dkog kulturnog centra u Petnjici","isPartOf":{"@id":"https:\/\/sandzakpress.net\/arhiva\/#website"},"primaryImageOfPage":{"@id":"https:\/\/sandzakpress.net\/arhiva\/danas-kamen-temeljac-povodom-izgradnje-bosnjackog-kulturnog-centra-u-petnjici\/#primaryimage"},"image":{"@id":"https:\/\/sandzakpress.net\/arhiva\/danas-kamen-temeljac-povodom-izgradnje-bosnjackog-kulturnog-centra-u-petnjici\/#primaryimage"},"thumbnailUrl":"https:\/\/sandzakpress.net\/arhiva\/wp-content\/uploads\/2013\/08\/fa24f9745ef1d31206ce1973dbde487b_XL-616x4311.jpg","datePublished":"2013-08-04T02:48:45+00:00","dateModified":"2013-08-05T13:34:37+00:00","breadcrumb":{"@id":"https:\/\/sandzakpress.net\/arhiva\/danas-kamen-temeljac-povodom-izgradnje-bosnjackog-kulturnog-centra-u-petnjici\/#breadcrumb"},"inLanguage":"bs-BA","potentialAction":[{"@type":"ReadAction","target":["https:\/\/sandzakpress.net\/arhiva\/danas-kamen-temeljac-povodom-izgradnje-bosnjackog-kulturnog-centra-u-petnjici\/"]}]},{"@type":"ImageObject","inLanguage":"bs-BA","@id":"https:\/\/sandzakpress.net\/arhiva\/danas-kamen-temeljac-povodom-izgradnje-bosnjackog-kulturnog-centra-u-petnjici\/#primaryimage","url":"https:\/\/sandzakpress.net\/arhiva\/wp-content\/uploads\/2013\/08\/fa24f9745ef1d31206ce1973dbde487b_XL-616x4311.jpg","contentUrl":"https:\/\/sandzakpress.net\/arhiva\/wp-content\/uploads\/2013\/08\/fa24f9745ef1d31206ce1973dbde487b_XL-616x4311.jpg","width":616,"height":431},{"@type":"BreadcrumbList","@id":"https:\/\/sandzakpress.net\/arhiva\/danas-kamen-temeljac-povodom-izgradnje-bosnjackog-kulturnog-centra-u-petnjici\/#breadcrumb","itemListElement":[{"@type":"ListItem","position":1,"name":"Home","item":"https:\/\/sandzakpress.net\/arhiva\/"},{"@type":"ListItem","position":2,"name":"Kamen temeljac povodom izgradnje Bo\u0161nja\u010dkog kulturnog centra u Petnjici"}]},{"@type":"WebSite","@id":"https:\/\/sandzakpress.net\/arhiva\/#website","url":"https:\/\/sandzakpress.net\/arhiva\/","name":"Sand\u017eak PRESS","description":"Prve elektronske novine u Sand\u017eaku","publisher":{"@id":"https:\/\/sandzakpress.net\/arhiva\/#\/schema\/person\/6e72b67d6e51910a1117b3b483ba20bd"},"potentialAction":[{"@type":"SearchAction","target":{"@type":"EntryPoint","urlTemplate":"https:\/\/sandzakpress.net\/arhiva\/?s={search_term_string}"},"query-input":{"@type":"PropertyValueSpecification","valueRequired":true,"valueName":"search_term_string"}}],"inLanguage":"bs-BA"},{"@type":["Person","Organization"],"@id":"https:\/\/sandzakpress.net\/arhiva\/#\/schema\/person\/6e72b67d6e51910a1117b3b483ba20bd","name":"Kul","image":{"@type":"ImageObject","inLanguage":"bs-BA","@id":"https:\/\/sandzakpress.net\/arhiva\/#\/schema\/person\/image\/","url":"https:\/\/secure.gravatar.com\/avatar\/42263f39aa27ac04c43cab85c280eb2e?s=96&d=mm&r=pg","contentUrl":"https:\/\/secure.gravatar.com\/avatar\/42263f39aa27ac04c43cab85c280eb2e?s=96&d=mm&r=pg","caption":"Kul"},"logo":{"@id":"https:\/\/sandzakpress.net\/arhiva\/#\/schema\/person\/image\/"}},{"@type":"Person","@id":"https:\/\/sandzakpress.net\/arhiva\/#\/schema\/person\/c8baee722073534b583ea7bdb2e36c02","name":"bosniak","image":{"@type":"ImageObject","inLanguage":"bs-BA","@id":"https:\/\/sandzakpress.net\/arhiva\/#\/schema\/person\/image\/","url":"https:\/\/secure.gravatar.com\/avatar\/a04fd330bfe3a36a72a0ad4a6d89fca7?s=96&d=mm&r=pg","contentUrl":"https:\/\/secure.gravatar.com\/avatar\/a04fd330bfe3a36a72a0ad4a6d89fca7?s=96&d=mm&r=pg","caption":"bosniak"},"url":"https:\/\/sandzakpress.net\/arhiva\/author\/bosniak\/"}]}},"_links":{"self":[{"href":"https:\/\/sandzakpress.net\/arhiva\/wp-json\/wp\/v2\/posts\/84026"}],"collection":[{"href":"https:\/\/sandzakpress.net\/arhiva\/wp-json\/wp\/v2\/posts"}],"about":[{"href":"https:\/\/sandzakpress.net\/arhiva\/wp-json\/wp\/v2\/types\/post"}],"author":[{"embeddable":true,"href":"https:\/\/sandzakpress.net\/arhiva\/wp-json\/wp\/v2\/users\/83"}],"replies":[{"embeddable":true,"href":"https:\/\/sandzakpress.net\/arhiva\/wp-json\/wp\/v2\/comments?post=84026"}],"version-history":[{"count":0,"href":"https:\/\/sandzakpress.net\/arhiva\/wp-json\/wp\/v2\/posts\/84026\/revisions"}],"wp:featuredmedia":[{"embeddable":true,"href":"https:\/\/sandzakpress.net\/arhiva\/wp-json\/wp\/v2\/media\/84029"}],"wp:attachment":[{"href":"https:\/\/sandzakpress.net\/arhiva\/wp-json\/wp\/v2\/media?parent=84026"}],"wp:term":[{"taxonomy":"category","embeddable":true,"href":"https:\/\/sandzakpress.net\/arhiva\/wp-json\/wp\/v2\/categories?post=84026"},{"taxonomy":"post_tag","embeddable":true,"href":"https:\/\/sandzakpress.net\/arhiva\/wp-json\/wp\/v2\/tags?post=84026"}],"curies":[{"name":"wp","href":"https:\/\/api.w.org\/{rel}","templated":true}]}}