{"id":84006,"date":"2013-08-04T14:23:50","date_gmt":"2013-08-04T12:23:50","guid":{"rendered":"https:\/\/sandzakpress.net\/arhiva\/?p=84006"},"modified":"2013-08-04T17:21:56","modified_gmt":"2013-08-04T15:21:56","slug":"hiljade-muslimana-i-muslimanki-na-nocnom-namazu-u-novom-pazaru","status":"publish","type":"post","link":"https:\/\/sandzakpress.net\/arhiva\/hiljade-muslimana-i-muslimanki-na-nocnom-namazu-u-novom-pazaru\/","title":{"rendered":"Hiljade muslimana i muslimanki na no\u0107nom namazu u Novom Pazaru"},"content":{"rendered":"<p><img loading=\"lazy\" decoding=\"async\" class=\"aligncenter size-full wp-image-84037\" alt=\"1098427_10200408998729872_1069290053_n\" src=\"https:\/\/sandzakpress.net\/arhiva\/wp-content\/uploads\/2013\/08\/1098427_10200408998729872_1069290053_n.jpg\" width=\"616\" height=\"409\" \/><\/p>\n<p><strong>Novi Pazar &#8211; Na Trgu Gazi Isa-bega Ishakovi\u0107a u Novom Pazaru je obavljen sada ve\u0107 tradicionalni no\u0107ni namaz u 27. no\u0107i mubarek Ramazana.<\/strong><\/p>\n<p>No\u0107ni namaz su predvodili hafizi musafiri iz Egipta, nakon \u010dega su izvu\u010dena i pro\u010ditana imena \u010detiri muslimanke koje \u0107e besplatno i\u0107i na had\u017e.<\/p>\n<p>Tako\u0111er se prigodnim dersom obratio i muftija sand\u017ea\u010dki Muamer ef. Zukorli\u0107.<\/p>\n<p><img loading=\"lazy\" decoding=\"async\" class=\"aligncenter size-full wp-image-84034\" alt=\"44635_1768732613266497_188981301_n\" src=\"https:\/\/sandzakpress.net\/arhiva\/wp-content\/uploads\/2013\/08\/44635_1768732613266497_188981301_n.jpg\" width=\"616\" height=\"409\" \/><\/p>\n<p><img loading=\"lazy\" decoding=\"async\" class=\"aligncenter size-full wp-image-84020\" alt=\"DSC_0191\" src=\"https:\/\/sandzakpress.net\/arhiva\/wp-content\/uploads\/2013\/08\/DSC_0191.jpg\" width=\"616\" height=\"410\" \/><\/p>\n<p><img loading=\"lazy\" decoding=\"async\" alt=\"DSC_0188_resize_exposure\" src=\"https:\/\/sandzakpress.net\/arhiva\/wp-content\/uploads\/2013\/08\/DSC_0188_resize_exposure.jpg\" width=\"616\" height=\"410\" \/><\/p>\n<p><img loading=\"lazy\" decoding=\"async\" alt=\"DSC_0183_resize_exposure\" src=\"https:\/\/sandzakpress.net\/arhiva\/wp-content\/uploads\/2013\/08\/DSC_0183_resize_exposure.jpg\" width=\"616\" height=\"410\" \/><\/p>\n<p><img loading=\"lazy\" decoding=\"async\" alt=\"DSC_0190_resize_exposure\" src=\"https:\/\/sandzakpress.net\/arhiva\/wp-content\/uploads\/2013\/08\/DSC_0190_resize_exposure.jpg\" width=\"616\" height=\"410\" \/><\/p>\n<p><img loading=\"lazy\" decoding=\"async\" alt=\"DSC_0181_resize_exposure\" src=\"https:\/\/sandzakpress.net\/arhiva\/wp-content\/uploads\/2013\/08\/DSC_0181_resize_exposure.jpg\" width=\"616\" height=\"410\" \/><\/p>\n<p><img loading=\"lazy\" decoding=\"async\" alt=\"DSC_0167_resize_exposure\" src=\"https:\/\/sandzakpress.net\/arhiva\/wp-content\/uploads\/2013\/08\/DSC_0167_resize_exposure.jpg\" width=\"616\" height=\"410\" \/><\/p>\n<p><img loading=\"lazy\" decoding=\"async\" alt=\"DSC_0162_resize_exposure\" src=\"https:\/\/sandzakpress.net\/arhiva\/wp-content\/uploads\/2013\/08\/DSC_0162_resize_exposure.jpg\" width=\"616\" height=\"410\" \/><\/p>\n<p><img loading=\"lazy\" decoding=\"async\" alt=\"DSC_0152_resize_exposure\" src=\"https:\/\/sandzakpress.net\/arhiva\/wp-content\/uploads\/2013\/08\/DSC_0152_resize_exposure.jpg\" width=\"616\" height=\"410\" \/><\/p>\n<p><img loading=\"lazy\" decoding=\"async\" class=\"aligncenter size-full wp-image-84019\" alt=\"DSC_0146\" src=\"https:\/\/sandzakpress.net\/arhiva\/wp-content\/uploads\/2013\/08\/DSC_0146.jpg\" width=\"616\" height=\"410\" \/><\/p>\n<p><img loading=\"lazy\" decoding=\"async\" alt=\"DSC_0207_resize_exposure\" src=\"https:\/\/sandzakpress.net\/arhiva\/wp-content\/uploads\/2013\/08\/DSC_0207_resize_exposure.jpg\" width=\"616\" height=\"410\" \/><\/p>\n<p><img loading=\"lazy\" decoding=\"async\" alt=\"DSC_0128_resize_exposure\" src=\"https:\/\/sandzakpress.net\/arhiva\/wp-content\/uploads\/2013\/08\/DSC_0128_resize_exposure.jpg\" width=\"616\" height=\"410\" \/><\/p>\n<p><img loading=\"lazy\" decoding=\"async\" alt=\"DSC_0092_resize_exposure\" src=\"https:\/\/sandzakpress.net\/arhiva\/wp-content\/uploads\/2013\/08\/DSC_0092_resize_exposure.jpg\" width=\"616\" height=\"410\" \/><\/p>\n<p>(Sand\u017eak PRESS)<\/p>\n","protected":false},"excerpt":{"rendered":"<p>Novi Pazar &#8211; Na Trgu Gazi Isa-bega Ishakovi\u0107a u Novom Pazaru je obavljen sada ve\u0107 tradicionalni no\u0107ni namaz u 27. no\u0107i mubarek Ramazana. No\u0107ni namaz su predvodili hafizi musafiri iz Egipta, nakon \u010dega su izvu\u010dena i pro\u010ditana imena \u010detiri muslimanke koje \u0107e besplatno i\u0107i na had\u017e. Tako\u0111er se prigodnim dersom obratio i muftija sand\u017ea\u010dki Muamer [&hellip;]<\/p>\n","protected":false},"author":83,"featured_media":84034,"comment_status":"open","ping_status":"open","sticky":false,"template":"","format":"standard","meta":{"footnotes":""},"categories":[72,398,9538,52,327,392,802,399,8957,2692],"tags":[10204,10207,10229],"class_list":{"0":"post-84006","1":"post","2":"type-post","3":"status-publish","4":"format-standard","5":"has-post-thumbnail","7":"category-novi-pazar","8":"category-rozaje","9":"category-njemacka-dijaspora-gradovi-vase-vijesti","10":"category-sjenica","11":"category-tutin","12":"category-prijepolje_","13":"category-islamska_zajednica","14":"category-plav_","15":"category-vijesti-dana","16":"category-turska-gradovi","17":"tag-muftija-muamer-zukorlic","18":"tag-ramazan","19":"tag-islamska-zajednica"},"yoast_head":"<!-- This site is optimized with the Yoast SEO Premium plugin v23.1 (Yoast SEO v24.9) - https:\/\/yoast.com\/wordpress\/plugins\/seo\/ -->\n<title>Hiljade muslimana i muslimanki na no\u0107nom namazu u Novom Pazaru<\/title>\n<meta name=\"robots\" content=\"index, follow, max-snippet:-1, max-image-preview:large, max-video-preview:-1\" \/>\n<link rel=\"canonical\" href=\"https:\/\/sandzakpress.net\/arhiva\/hiljade-muslimana-i-muslimanki-na-nocnom-namazu-u-novom-pazaru\/\" \/>\n<meta property=\"og:locale\" content=\"bs_BA\" \/>\n<meta property=\"og:type\" content=\"article\" \/>\n<meta property=\"og:title\" content=\"Hiljade muslimana i muslimanki na no\u0107nom namazu u Novom Pazaru\" \/>\n<meta property=\"og:description\" content=\"Novi Pazar &#8211; Na Trgu Gazi Isa-bega Ishakovi\u0107a u Novom Pazaru je obavljen sada ve\u0107 tradicionalni no\u0107ni namaz u 27. no\u0107i mubarek Ramazana. No\u0107ni namaz su predvodili hafizi musafiri iz Egipta, nakon \u010dega su izvu\u010dena i pro\u010ditana imena \u010detiri muslimanke koje \u0107e besplatno i\u0107i na had\u017e. Tako\u0111er se prigodnim dersom obratio i muftija sand\u017ea\u010dki Muamer [&hellip;]\" \/>\n<meta property=\"og:url\" content=\"https:\/\/sandzakpress.net\/arhiva\/hiljade-muslimana-i-muslimanki-na-nocnom-namazu-u-novom-pazaru\/\" \/>\n<meta property=\"og:site_name\" content=\"Sand\u017eak PRESS\" \/>\n<meta property=\"article:published_time\" content=\"2013-08-04T12:23:50+00:00\" \/>\n<meta property=\"article:modified_time\" content=\"2013-08-04T15:21:56+00:00\" \/>\n<meta property=\"og:image\" content=\"https:\/\/sandzakpress.net\/arhiva\/wp-content\/uploads\/2013\/08\/44635_1768732613266497_188981301_n.jpg\" \/>\n\t<meta property=\"og:image:width\" content=\"616\" \/>\n\t<meta property=\"og:image:height\" content=\"409\" \/>\n\t<meta property=\"og:image:type\" content=\"image\/jpeg\" \/>\n<meta name=\"author\" content=\"bosniak\" \/>\n<meta name=\"twitter:card\" content=\"summary_large_image\" \/>\n<meta name=\"twitter:label1\" content=\"Written by\" \/>\n\t<meta name=\"twitter:data1\" content=\"bosniak\" \/>\n<script type=\"application\/ld+json\" class=\"yoast-schema-graph\">{\"@context\":\"https:\/\/schema.org\",\"@graph\":[{\"@type\":\"Article\",\"@id\":\"https:\/\/sandzakpress.net\/arhiva\/hiljade-muslimana-i-muslimanki-na-nocnom-namazu-u-novom-pazaru\/#article\",\"isPartOf\":{\"@id\":\"https:\/\/sandzakpress.net\/arhiva\/hiljade-muslimana-i-muslimanki-na-nocnom-namazu-u-novom-pazaru\/\"},\"author\":{\"name\":\"bosniak\",\"@id\":\"https:\/\/sandzakpress.net\/arhiva\/#\/schema\/person\/c8baee722073534b583ea7bdb2e36c02\"},\"headline\":\"Hiljade muslimana i muslimanki na no\u0107nom namazu u Novom Pazaru\",\"datePublished\":\"2013-08-04T12:23:50+00:00\",\"dateModified\":\"2013-08-04T15:21:56+00:00\",\"mainEntityOfPage\":{\"@id\":\"https:\/\/sandzakpress.net\/arhiva\/hiljade-muslimana-i-muslimanki-na-nocnom-namazu-u-novom-pazaru\/\"},\"wordCount\":80,\"commentCount\":27,\"publisher\":{\"@id\":\"https:\/\/sandzakpress.net\/arhiva\/#\/schema\/person\/6e72b67d6e51910a1117b3b483ba20bd\"},\"image\":{\"@id\":\"https:\/\/sandzakpress.net\/arhiva\/hiljade-muslimana-i-muslimanki-na-nocnom-namazu-u-novom-pazaru\/#primaryimage\"},\"thumbnailUrl\":\"https:\/\/sandzakpress.net\/arhiva\/wp-content\/uploads\/2013\/08\/44635_1768732613266497_188981301_n.jpg\",\"keywords\":[\"muftija Muamer Zukorli\u0107\",\"Ramazan\",\"Islamska zajednica\"],\"articleSection\":[\"Novi Pazar\",\"Ro\u017eaje\",\"Njema\u010dka\",\"Sjenica\",\"Tutin\",\"Prijepolje\",\"Islamska zajednica\",\"Plav\",\"VIJESTI DANA\",\"Turska\"],\"inLanguage\":\"bs-BA\",\"potentialAction\":[{\"@type\":\"CommentAction\",\"name\":\"Comment\",\"target\":[\"https:\/\/sandzakpress.net\/arhiva\/hiljade-muslimana-i-muslimanki-na-nocnom-namazu-u-novom-pazaru\/#respond\"]}]},{\"@type\":\"WebPage\",\"@id\":\"https:\/\/sandzakpress.net\/arhiva\/hiljade-muslimana-i-muslimanki-na-nocnom-namazu-u-novom-pazaru\/\",\"url\":\"https:\/\/sandzakpress.net\/arhiva\/hiljade-muslimana-i-muslimanki-na-nocnom-namazu-u-novom-pazaru\/\",\"name\":\"Hiljade muslimana i muslimanki na no\u0107nom namazu u Novom Pazaru\",\"isPartOf\":{\"@id\":\"https:\/\/sandzakpress.net\/arhiva\/#website\"},\"primaryImageOfPage\":{\"@id\":\"https:\/\/sandzakpress.net\/arhiva\/hiljade-muslimana-i-muslimanki-na-nocnom-namazu-u-novom-pazaru\/#primaryimage\"},\"image\":{\"@id\":\"https:\/\/sandzakpress.net\/arhiva\/hiljade-muslimana-i-muslimanki-na-nocnom-namazu-u-novom-pazaru\/#primaryimage\"},\"thumbnailUrl\":\"https:\/\/sandzakpress.net\/arhiva\/wp-content\/uploads\/2013\/08\/44635_1768732613266497_188981301_n.jpg\",\"datePublished\":\"2013-08-04T12:23:50+00:00\",\"dateModified\":\"2013-08-04T15:21:56+00:00\",\"breadcrumb\":{\"@id\":\"https:\/\/sandzakpress.net\/arhiva\/hiljade-muslimana-i-muslimanki-na-nocnom-namazu-u-novom-pazaru\/#breadcrumb\"},\"inLanguage\":\"bs-BA\",\"potentialAction\":[{\"@type\":\"ReadAction\",\"target\":[\"https:\/\/sandzakpress.net\/arhiva\/hiljade-muslimana-i-muslimanki-na-nocnom-namazu-u-novom-pazaru\/\"]}]},{\"@type\":\"ImageObject\",\"inLanguage\":\"bs-BA\",\"@id\":\"https:\/\/sandzakpress.net\/arhiva\/hiljade-muslimana-i-muslimanki-na-nocnom-namazu-u-novom-pazaru\/#primaryimage\",\"url\":\"https:\/\/sandzakpress.net\/arhiva\/wp-content\/uploads\/2013\/08\/44635_1768732613266497_188981301_n.jpg\",\"contentUrl\":\"https:\/\/sandzakpress.net\/arhiva\/wp-content\/uploads\/2013\/08\/44635_1768732613266497_188981301_n.jpg\",\"width\":616,\"height\":409},{\"@type\":\"BreadcrumbList\",\"@id\":\"https:\/\/sandzakpress.net\/arhiva\/hiljade-muslimana-i-muslimanki-na-nocnom-namazu-u-novom-pazaru\/#breadcrumb\",\"itemListElement\":[{\"@type\":\"ListItem\",\"position\":1,\"name\":\"Home\",\"item\":\"https:\/\/sandzakpress.net\/arhiva\/\"},{\"@type\":\"ListItem\",\"position\":2,\"name\":\"Hiljade muslimana i muslimanki na no\u0107nom namazu u Novom Pazaru\"}]},{\"@type\":\"WebSite\",\"@id\":\"https:\/\/sandzakpress.net\/arhiva\/#website\",\"url\":\"https:\/\/sandzakpress.net\/arhiva\/\",\"name\":\"Sand\u017eak PRESS\",\"description\":\"Prve elektronske novine u Sand\u017eaku\",\"publisher\":{\"@id\":\"https:\/\/sandzakpress.net\/arhiva\/#\/schema\/person\/6e72b67d6e51910a1117b3b483ba20bd\"},\"potentialAction\":[{\"@type\":\"SearchAction\",\"target\":{\"@type\":\"EntryPoint\",\"urlTemplate\":\"https:\/\/sandzakpress.net\/arhiva\/?s={search_term_string}\"},\"query-input\":{\"@type\":\"PropertyValueSpecification\",\"valueRequired\":true,\"valueName\":\"search_term_string\"}}],\"inLanguage\":\"bs-BA\"},{\"@type\":[\"Person\",\"Organization\"],\"@id\":\"https:\/\/sandzakpress.net\/arhiva\/#\/schema\/person\/6e72b67d6e51910a1117b3b483ba20bd\",\"name\":\"Kul\",\"image\":{\"@type\":\"ImageObject\",\"inLanguage\":\"bs-BA\",\"@id\":\"https:\/\/sandzakpress.net\/arhiva\/#\/schema\/person\/image\/\",\"url\":\"https:\/\/secure.gravatar.com\/avatar\/42263f39aa27ac04c43cab85c280eb2e?s=96&d=mm&r=pg\",\"contentUrl\":\"https:\/\/secure.gravatar.com\/avatar\/42263f39aa27ac04c43cab85c280eb2e?s=96&d=mm&r=pg\",\"caption\":\"Kul\"},\"logo\":{\"@id\":\"https:\/\/sandzakpress.net\/arhiva\/#\/schema\/person\/image\/\"}},{\"@type\":\"Person\",\"@id\":\"https:\/\/sandzakpress.net\/arhiva\/#\/schema\/person\/c8baee722073534b583ea7bdb2e36c02\",\"name\":\"bosniak\",\"image\":{\"@type\":\"ImageObject\",\"inLanguage\":\"bs-BA\",\"@id\":\"https:\/\/sandzakpress.net\/arhiva\/#\/schema\/person\/image\/\",\"url\":\"https:\/\/secure.gravatar.com\/avatar\/a04fd330bfe3a36a72a0ad4a6d89fca7?s=96&d=mm&r=pg\",\"contentUrl\":\"https:\/\/secure.gravatar.com\/avatar\/a04fd330bfe3a36a72a0ad4a6d89fca7?s=96&d=mm&r=pg\",\"caption\":\"bosniak\"},\"url\":\"https:\/\/sandzakpress.net\/arhiva\/author\/bosniak\/\"}]}<\/script>\n<!-- \/ Yoast SEO Premium plugin. -->","yoast_head_json":{"title":"Hiljade muslimana i muslimanki na no\u0107nom namazu u Novom Pazaru","robots":{"index":"index","follow":"follow","max-snippet":"max-snippet:-1","max-image-preview":"max-image-preview:large","max-video-preview":"max-video-preview:-1"},"canonical":"https:\/\/sandzakpress.net\/arhiva\/hiljade-muslimana-i-muslimanki-na-nocnom-namazu-u-novom-pazaru\/","og_locale":"bs_BA","og_type":"article","og_title":"Hiljade muslimana i muslimanki na no\u0107nom namazu u Novom Pazaru","og_description":"Novi Pazar &#8211; Na Trgu Gazi Isa-bega Ishakovi\u0107a u Novom Pazaru je obavljen sada ve\u0107 tradicionalni no\u0107ni namaz u 27. no\u0107i mubarek Ramazana. No\u0107ni namaz su predvodili hafizi musafiri iz Egipta, nakon \u010dega su izvu\u010dena i pro\u010ditana imena \u010detiri muslimanke koje \u0107e besplatno i\u0107i na had\u017e. Tako\u0111er se prigodnim dersom obratio i muftija sand\u017ea\u010dki Muamer [&hellip;]","og_url":"https:\/\/sandzakpress.net\/arhiva\/hiljade-muslimana-i-muslimanki-na-nocnom-namazu-u-novom-pazaru\/","og_site_name":"Sand\u017eak PRESS","article_published_time":"2013-08-04T12:23:50+00:00","article_modified_time":"2013-08-04T15:21:56+00:00","og_image":[{"width":616,"height":409,"url":"https:\/\/sandzakpress.net\/arhiva\/wp-content\/uploads\/2013\/08\/44635_1768732613266497_188981301_n.jpg","type":"image\/jpeg"}],"author":"bosniak","twitter_card":"summary_large_image","twitter_misc":{"Written by":"bosniak"},"schema":{"@context":"https:\/\/schema.org","@graph":[{"@type":"Article","@id":"https:\/\/sandzakpress.net\/arhiva\/hiljade-muslimana-i-muslimanki-na-nocnom-namazu-u-novom-pazaru\/#article","isPartOf":{"@id":"https:\/\/sandzakpress.net\/arhiva\/hiljade-muslimana-i-muslimanki-na-nocnom-namazu-u-novom-pazaru\/"},"author":{"name":"bosniak","@id":"https:\/\/sandzakpress.net\/arhiva\/#\/schema\/person\/c8baee722073534b583ea7bdb2e36c02"},"headline":"Hiljade muslimana i muslimanki na no\u0107nom namazu u Novom Pazaru","datePublished":"2013-08-04T12:23:50+00:00","dateModified":"2013-08-04T15:21:56+00:00","mainEntityOfPage":{"@id":"https:\/\/sandzakpress.net\/arhiva\/hiljade-muslimana-i-muslimanki-na-nocnom-namazu-u-novom-pazaru\/"},"wordCount":80,"commentCount":27,"publisher":{"@id":"https:\/\/sandzakpress.net\/arhiva\/#\/schema\/person\/6e72b67d6e51910a1117b3b483ba20bd"},"image":{"@id":"https:\/\/sandzakpress.net\/arhiva\/hiljade-muslimana-i-muslimanki-na-nocnom-namazu-u-novom-pazaru\/#primaryimage"},"thumbnailUrl":"https:\/\/sandzakpress.net\/arhiva\/wp-content\/uploads\/2013\/08\/44635_1768732613266497_188981301_n.jpg","keywords":["muftija Muamer Zukorli\u0107","Ramazan","Islamska zajednica"],"articleSection":["Novi Pazar","Ro\u017eaje","Njema\u010dka","Sjenica","Tutin","Prijepolje","Islamska zajednica","Plav","VIJESTI DANA","Turska"],"inLanguage":"bs-BA","potentialAction":[{"@type":"CommentAction","name":"Comment","target":["https:\/\/sandzakpress.net\/arhiva\/hiljade-muslimana-i-muslimanki-na-nocnom-namazu-u-novom-pazaru\/#respond"]}]},{"@type":"WebPage","@id":"https:\/\/sandzakpress.net\/arhiva\/hiljade-muslimana-i-muslimanki-na-nocnom-namazu-u-novom-pazaru\/","url":"https:\/\/sandzakpress.net\/arhiva\/hiljade-muslimana-i-muslimanki-na-nocnom-namazu-u-novom-pazaru\/","name":"Hiljade muslimana i muslimanki na no\u0107nom namazu u Novom Pazaru","isPartOf":{"@id":"https:\/\/sandzakpress.net\/arhiva\/#website"},"primaryImageOfPage":{"@id":"https:\/\/sandzakpress.net\/arhiva\/hiljade-muslimana-i-muslimanki-na-nocnom-namazu-u-novom-pazaru\/#primaryimage"},"image":{"@id":"https:\/\/sandzakpress.net\/arhiva\/hiljade-muslimana-i-muslimanki-na-nocnom-namazu-u-novom-pazaru\/#primaryimage"},"thumbnailUrl":"https:\/\/sandzakpress.net\/arhiva\/wp-content\/uploads\/2013\/08\/44635_1768732613266497_188981301_n.jpg","datePublished":"2013-08-04T12:23:50+00:00","dateModified":"2013-08-04T15:21:56+00:00","breadcrumb":{"@id":"https:\/\/sandzakpress.net\/arhiva\/hiljade-muslimana-i-muslimanki-na-nocnom-namazu-u-novom-pazaru\/#breadcrumb"},"inLanguage":"bs-BA","potentialAction":[{"@type":"ReadAction","target":["https:\/\/sandzakpress.net\/arhiva\/hiljade-muslimana-i-muslimanki-na-nocnom-namazu-u-novom-pazaru\/"]}]},{"@type":"ImageObject","inLanguage":"bs-BA","@id":"https:\/\/sandzakpress.net\/arhiva\/hiljade-muslimana-i-muslimanki-na-nocnom-namazu-u-novom-pazaru\/#primaryimage","url":"https:\/\/sandzakpress.net\/arhiva\/wp-content\/uploads\/2013\/08\/44635_1768732613266497_188981301_n.jpg","contentUrl":"https:\/\/sandzakpress.net\/arhiva\/wp-content\/uploads\/2013\/08\/44635_1768732613266497_188981301_n.jpg","width":616,"height":409},{"@type":"BreadcrumbList","@id":"https:\/\/sandzakpress.net\/arhiva\/hiljade-muslimana-i-muslimanki-na-nocnom-namazu-u-novom-pazaru\/#breadcrumb","itemListElement":[{"@type":"ListItem","position":1,"name":"Home","item":"https:\/\/sandzakpress.net\/arhiva\/"},{"@type":"ListItem","position":2,"name":"Hiljade muslimana i muslimanki na no\u0107nom namazu u Novom Pazaru"}]},{"@type":"WebSite","@id":"https:\/\/sandzakpress.net\/arhiva\/#website","url":"https:\/\/sandzakpress.net\/arhiva\/","name":"Sand\u017eak PRESS","description":"Prve elektronske novine u Sand\u017eaku","publisher":{"@id":"https:\/\/sandzakpress.net\/arhiva\/#\/schema\/person\/6e72b67d6e51910a1117b3b483ba20bd"},"potentialAction":[{"@type":"SearchAction","target":{"@type":"EntryPoint","urlTemplate":"https:\/\/sandzakpress.net\/arhiva\/?s={search_term_string}"},"query-input":{"@type":"PropertyValueSpecification","valueRequired":true,"valueName":"search_term_string"}}],"inLanguage":"bs-BA"},{"@type":["Person","Organization"],"@id":"https:\/\/sandzakpress.net\/arhiva\/#\/schema\/person\/6e72b67d6e51910a1117b3b483ba20bd","name":"Kul","image":{"@type":"ImageObject","inLanguage":"bs-BA","@id":"https:\/\/sandzakpress.net\/arhiva\/#\/schema\/person\/image\/","url":"https:\/\/secure.gravatar.com\/avatar\/42263f39aa27ac04c43cab85c280eb2e?s=96&d=mm&r=pg","contentUrl":"https:\/\/secure.gravatar.com\/avatar\/42263f39aa27ac04c43cab85c280eb2e?s=96&d=mm&r=pg","caption":"Kul"},"logo":{"@id":"https:\/\/sandzakpress.net\/arhiva\/#\/schema\/person\/image\/"}},{"@type":"Person","@id":"https:\/\/sandzakpress.net\/arhiva\/#\/schema\/person\/c8baee722073534b583ea7bdb2e36c02","name":"bosniak","image":{"@type":"ImageObject","inLanguage":"bs-BA","@id":"https:\/\/sandzakpress.net\/arhiva\/#\/schema\/person\/image\/","url":"https:\/\/secure.gravatar.com\/avatar\/a04fd330bfe3a36a72a0ad4a6d89fca7?s=96&d=mm&r=pg","contentUrl":"https:\/\/secure.gravatar.com\/avatar\/a04fd330bfe3a36a72a0ad4a6d89fca7?s=96&d=mm&r=pg","caption":"bosniak"},"url":"https:\/\/sandzakpress.net\/arhiva\/author\/bosniak\/"}]}},"_links":{"self":[{"href":"https:\/\/sandzakpress.net\/arhiva\/wp-json\/wp\/v2\/posts\/84006"}],"collection":[{"href":"https:\/\/sandzakpress.net\/arhiva\/wp-json\/wp\/v2\/posts"}],"about":[{"href":"https:\/\/sandzakpress.net\/arhiva\/wp-json\/wp\/v2\/types\/post"}],"author":[{"embeddable":true,"href":"https:\/\/sandzakpress.net\/arhiva\/wp-json\/wp\/v2\/users\/83"}],"replies":[{"embeddable":true,"href":"https:\/\/sandzakpress.net\/arhiva\/wp-json\/wp\/v2\/comments?post=84006"}],"version-history":[{"count":0,"href":"https:\/\/sandzakpress.net\/arhiva\/wp-json\/wp\/v2\/posts\/84006\/revisions"}],"wp:featuredmedia":[{"embeddable":true,"href":"https:\/\/sandzakpress.net\/arhiva\/wp-json\/wp\/v2\/media\/84034"}],"wp:attachment":[{"href":"https:\/\/sandzakpress.net\/arhiva\/wp-json\/wp\/v2\/media?parent=84006"}],"wp:term":[{"taxonomy":"category","embeddable":true,"href":"https:\/\/sandzakpress.net\/arhiva\/wp-json\/wp\/v2\/categories?post=84006"},{"taxonomy":"post_tag","embeddable":true,"href":"https:\/\/sandzakpress.net\/arhiva\/wp-json\/wp\/v2\/tags?post=84006"}],"curies":[{"name":"wp","href":"https:\/\/api.w.org\/{rel}","templated":true}]}}