{"id":83836,"date":"2013-08-01T16:22:03","date_gmt":"2013-08-01T14:22:03","guid":{"rendered":"https:\/\/sandzakpress.net\/arhiva\/?p=83836"},"modified":"2013-08-01T16:22:03","modified_gmt":"2013-08-01T14:22:03","slug":"dr-ceric-bosnjacima-kosova-dolazak-u-bih-brani-ista-ona-politika-koja-je-ucinila-genocid","status":"publish","type":"post","link":"https:\/\/sandzakpress.net\/arhiva\/dr-ceric-bosnjacima-kosova-dolazak-u-bih-brani-ista-ona-politika-koja-je-ucinila-genocid\/","title":{"rendered":"Dr. Ceri\u0107: &#8216;Bo\u0161njacima Kosova dolazak u BiH brani ista ona politika koja je u\u010dinila genocid&#8217;"},"content":{"rendered":"<h3><img loading=\"lazy\" decoding=\"async\" class=\"alignleft size-medium wp-image-83837\" alt=\"1141bsk2\" src=\"https:\/\/sandzakpress.net\/arhiva\/wp-content\/uploads\/2013\/08\/1141bsk2-300x256.jpg\" width=\"300\" height=\"256\" \/>Kosovo &#8211; &#8220;Na\u0161a mati\u010dna zemlja Bosna i Hercegovina mora imati doma\u0107ina jer ne mo\u017ee se biti bez doma\u0107ina, a to \u0107emo biti. Kad budemo imali doma\u0107ina u Bosni vi Bo\u0161njaci Kosova ne\u0107ete se \u017ealiti da ne mo\u017eete do\u0107i u Bosni zato \u0161to vam ne daju. A ko vam neda? Neda vam ista ona politika koja je u\u010dinila genocid nad Bo\u0161njacima&#8230;&#8221;, rekao je predsjednik Svjetskog bo\u0161nja\u010dkog kongresa Mustafa Ceri\u0107 na Festivalu islama u Gornjem Ljubinju kod Prizrena.<\/h3>\n<div>\u00a0Pred vi\u0161e stotina mje\u0161tana mnogih bo\u0161nja\u010dkih sela u \u017dupi kod Prizrena, sino\u0107 je u Gornjem Ljubinju odr\u017eana \u00a0manifestacija \u201cFestival islama\u201c na kojoj su gosti bili i \u010delnici Svjetskog bo\u0161nja\u010dkog kongresa (SBK) &#8211; predsjednik kongresa Mustafa Ceri\u0107 i glavni muftija IZ u Srbiji Muamer ef. Zukorli\u0107 i delegacija Bo\u0161nja\u010dke nacionalne fondacije (BNF), na \u010delu sa predsjednikom Hakom Duljevi\u0107em.<\/p>\n<div>Manifestaciji su prisustvovali i bo\u0161nja\u010dki politi\u010dki predstavnici u institucijama Republike Kosova, predstavnici Islamske zajednice u Prizrenu i Udru\u017eenja bo\u0161nja\u010dkih imama \u017dupe i Podgore, predstavnici bo\u0161nja\u010dke dijaspore sa sjedi\u0161tem u Cirihu, kao i predstavnici bo\u0161nja\u010dkog nevladinog sektora.<\/div>\n<div><\/div>\n<div>Prije zajedni\u010dkog iftara, koji je za sve prisutne priredio Odbor Islamske zajednice Gornjeg Ljubinja sa svojim d\u017eematom, na improvizovanoj bini u dvori\u0161tu Osnovne \u0161kole &#8220;Izvor&#8221; \u00a0odr\u017ean je bogat kulturno-vjerski program pod nazivom &#8220;Festival Islama &#8211; Gornje Ljubinje 2013&#8221;.<\/div>\n<div><\/div>\n<div>Nastupio je \u017eenski hor udru\u017eenja &#8220;Merak&#8221; iz Gornjeg i Donjeg Ljubinja sa par najljep\u0161ih ilahija, i imami iz bo\u0161nja\u010dkih sela u \u017dupi i Podgori iz udr\u017eenja &#8220;Ihlas&#8221;.<\/div>\n<div><\/div>\n<div>Prije iftara u \u0161kolskom dvori\u0161tu su mnoge d\u017eematlije sa musafirima iz Bosne i Hercegovine i Sand\u017eaka klanjali ak\u0161am namaz, pa onda zajedno iftarili.<\/div>\n<div><\/div>\n<div>Nakon zajedni\u010dkog iftara prisutnima se najprije obratio predsjednik mjesne zajednice Gornje Ljubinje \u0160a\u0107ir Ibra, koji je po\u017eeljev\u0161i dobrodo\u0161licu gostima istakao zna\u010daj ove manifrstacije i posjete delgacije SBK-a i BNF-a za ovda\u0161nje Bo\u0161njake.<\/div>\n<div>Prisutnima su se obratili i predsjednik Bo\u0161nja\u010dke kulturne zajednice Kosova Sahit Kandi\u0107 i predsjedavaju\u0107i Bo\u0161nja\u010dkog savjeta Kosova (BSK) Mejdin Saliji, koji su pored Udru\u017eenja &#8220;Ihlas&#8221; zajedno organizirali ovu manifestaciju.<\/div>\n<div><\/div>\n<div>\n<div>http:\/\/www.youtube.com\/watch?v=ATtYJokPAeY<\/div>\n<p>Predsjednik Svjetskog bo\u0161nja\u010dkog kongresa Mustafa Ceri\u0107 je u svom obra\u0107anju istakao da mu je ve\u010dera\u0161nji iftar bio najdra\u017ei i najljep\u0161i i da \u0107e ga za sva vremena najvi\u0161e pamtiti jer je iftario sa svojim bo\u0161nja\u010dkim narodom, tu u Gornjem Ljubinju na Kosovu.<\/p>\n<\/div>\n<div>Glavni muftija Islamske zajednice u Srbiji je poru\u010dio bo\u0161nja\u010dkim politi\u010darima da u svojoj politi\u010dkoj borbi, u svojoj politi\u010dkoj retorici ne prolaze donju crtu ljudskosti i lijepog pona\u0161anja, da paze \u0161ta \u0107e jedan drugom re\u0107i i kada se kritikuju, i da utvrde me\u0111usobno minimum nacionalnih interesa Bo\u0161njaka.<\/div>\n<div><\/div>\n<div>\n<div>\u00a0Karavan delegacije SBK-a i BNF-a je sa zajedni\u010dkim iftarima po\u010detkom mubarek mjeseca ramazana krenuo iz Graca u Austriji. Onda su delegacije bile i u Ljubljani, Biha\u0107u, Srebrenici, Sarajevu, Mostaru i Plavu. Sutra nastavljaju put Skoplja, gdje \u0107e biti gosti bo\u0161nja\u010dke nacionalne zajednice u Makedoniji, a posjete Bo\u0161njacima zavr\u0161i\u0107e u sand\u017ea\u010dkim gradovima Sjenici, Tutinu i Novom Pazaru.<\/p>\n<div><\/div>\n<div><em>Vinetu Gani\u0107<\/em><\/div>\n<div><\/div>\n<div>(info-ks.net)<\/div>\n<\/div>\n<\/div>\n<\/div>\n","protected":false},"excerpt":{"rendered":"<p>Kosovo &#8211; &#8220;Na\u0161a mati\u010dna zemlja Bosna i Hercegovina mora imati doma\u0107ina jer ne mo\u017ee se biti bez doma\u0107ina, a to \u0107emo biti. Kad budemo imali doma\u0107ina u Bosni vi Bo\u0161njaci Kosova ne\u0107ete se \u017ealiti da ne mo\u017eete do\u0107i u Bosni zato \u0161to vam ne daju. A ko vam neda? Neda vam ista ona politika koja [&hellip;]<\/p>\n","protected":false},"author":83,"featured_media":83839,"comment_status":"open","ping_status":"open","sticky":false,"template":"","format":"standard","meta":{"footnotes":""},"categories":[2860,800,2690,8957],"tags":[10233,10220],"class_list":{"0":"post-83836","1":"post","2":"type-post","3":"status-publish","4":"format-standard","5":"has-post-thumbnail","7":"category-bosna-i-hercegovina-gradovi","8":"category-nacija","9":"category-kosovo-gradovi","10":"category-vijesti-dana","11":"tag-dr-mustafa-ceric","12":"tag-nepravde-bosanske-vlasti"},"yoast_head":"<!-- This site is optimized with the Yoast SEO Premium plugin v23.1 (Yoast SEO v24.9) - https:\/\/yoast.com\/wordpress\/plugins\/seo\/ -->\n<title>Dr. Ceri\u0107: &#039;Bo\u0161njacima Kosova dolazak u BiH brani ista ona politika koja je u\u010dinila genocid&#039;<\/title>\n<meta name=\"robots\" content=\"index, follow, max-snippet:-1, max-image-preview:large, max-video-preview:-1\" \/>\n<link rel=\"canonical\" href=\"https:\/\/sandzakpress.net\/arhiva\/dr-ceric-bosnjacima-kosova-dolazak-u-bih-brani-ista-ona-politika-koja-je-ucinila-genocid\/\" \/>\n<meta property=\"og:locale\" content=\"bs_BA\" \/>\n<meta property=\"og:type\" content=\"article\" \/>\n<meta property=\"og:title\" content=\"Dr. Ceri\u0107: &#039;Bo\u0161njacima Kosova dolazak u BiH brani ista ona politika koja je u\u010dinila genocid&#039;\" \/>\n<meta property=\"og:description\" content=\"Kosovo &#8211; &#8220;Na\u0161a mati\u010dna zemlja Bosna i Hercegovina mora imati doma\u0107ina jer ne mo\u017ee se biti bez doma\u0107ina, a to \u0107emo biti. Kad budemo imali doma\u0107ina u Bosni vi Bo\u0161njaci Kosova ne\u0107ete se \u017ealiti da ne mo\u017eete do\u0107i u Bosni zato \u0161to vam ne daju. A ko vam neda? Neda vam ista ona politika koja [&hellip;]\" \/>\n<meta property=\"og:url\" content=\"https:\/\/sandzakpress.net\/arhiva\/dr-ceric-bosnjacima-kosova-dolazak-u-bih-brani-ista-ona-politika-koja-je-ucinila-genocid\/\" \/>\n<meta property=\"og:site_name\" content=\"Sand\u017eak PRESS\" \/>\n<meta property=\"article:published_time\" content=\"2013-08-01T14:22:03+00:00\" \/>\n<meta property=\"og:image\" content=\"https:\/\/sandzakpress.net\/arhiva\/wp-content\/uploads\/2013\/08\/1141bsk2-300x2561.jpg\" \/>\n\t<meta property=\"og:image:width\" content=\"300\" \/>\n\t<meta property=\"og:image:height\" content=\"256\" \/>\n\t<meta property=\"og:image:type\" content=\"image\/jpeg\" \/>\n<meta name=\"author\" content=\"bosniak\" \/>\n<meta name=\"twitter:card\" content=\"summary_large_image\" \/>\n<meta name=\"twitter:label1\" content=\"Written by\" \/>\n\t<meta name=\"twitter:data1\" content=\"bosniak\" \/>\n\t<meta name=\"twitter:label2\" content=\"Est. reading time\" \/>\n\t<meta name=\"twitter:data2\" content=\"3 minute\" \/>\n<script type=\"application\/ld+json\" class=\"yoast-schema-graph\">{\"@context\":\"https:\/\/schema.org\",\"@graph\":[{\"@type\":\"Article\",\"@id\":\"https:\/\/sandzakpress.net\/arhiva\/dr-ceric-bosnjacima-kosova-dolazak-u-bih-brani-ista-ona-politika-koja-je-ucinila-genocid\/#article\",\"isPartOf\":{\"@id\":\"https:\/\/sandzakpress.net\/arhiva\/dr-ceric-bosnjacima-kosova-dolazak-u-bih-brani-ista-ona-politika-koja-je-ucinila-genocid\/\"},\"author\":{\"name\":\"bosniak\",\"@id\":\"https:\/\/sandzakpress.net\/arhiva\/#\/schema\/person\/c8baee722073534b583ea7bdb2e36c02\"},\"headline\":\"Dr. Ceri\u0107: &#8216;Bo\u0161njacima Kosova dolazak u BiH brani ista ona politika koja je u\u010dinila genocid&#8217;\",\"datePublished\":\"2013-08-01T14:22:03+00:00\",\"mainEntityOfPage\":{\"@id\":\"https:\/\/sandzakpress.net\/arhiva\/dr-ceric-bosnjacima-kosova-dolazak-u-bih-brani-ista-ona-politika-koja-je-ucinila-genocid\/\"},\"wordCount\":581,\"commentCount\":6,\"publisher\":{\"@id\":\"https:\/\/sandzakpress.net\/arhiva\/#\/schema\/person\/6e72b67d6e51910a1117b3b483ba20bd\"},\"image\":{\"@id\":\"https:\/\/sandzakpress.net\/arhiva\/dr-ceric-bosnjacima-kosova-dolazak-u-bih-brani-ista-ona-politika-koja-je-ucinila-genocid\/#primaryimage\"},\"thumbnailUrl\":\"https:\/\/sandzakpress.net\/arhiva\/wp-content\/uploads\/2013\/08\/1141bsk2-300x2561.jpg\",\"keywords\":[\"Dr. Mustafa Ceri\u0107\",\"nepravde bosanske vlasti\"],\"articleSection\":[\"Bosna i Hercegovina\",\"Nacija\",\"Kosovo\",\"VIJESTI DANA\"],\"inLanguage\":\"bs-BA\",\"potentialAction\":[{\"@type\":\"CommentAction\",\"name\":\"Comment\",\"target\":[\"https:\/\/sandzakpress.net\/arhiva\/dr-ceric-bosnjacima-kosova-dolazak-u-bih-brani-ista-ona-politika-koja-je-ucinila-genocid\/#respond\"]}]},{\"@type\":\"WebPage\",\"@id\":\"https:\/\/sandzakpress.net\/arhiva\/dr-ceric-bosnjacima-kosova-dolazak-u-bih-brani-ista-ona-politika-koja-je-ucinila-genocid\/\",\"url\":\"https:\/\/sandzakpress.net\/arhiva\/dr-ceric-bosnjacima-kosova-dolazak-u-bih-brani-ista-ona-politika-koja-je-ucinila-genocid\/\",\"name\":\"Dr. Ceri\u0107: 'Bo\u0161njacima Kosova dolazak u BiH brani ista ona politika koja je u\u010dinila genocid'\",\"isPartOf\":{\"@id\":\"https:\/\/sandzakpress.net\/arhiva\/#website\"},\"primaryImageOfPage\":{\"@id\":\"https:\/\/sandzakpress.net\/arhiva\/dr-ceric-bosnjacima-kosova-dolazak-u-bih-brani-ista-ona-politika-koja-je-ucinila-genocid\/#primaryimage\"},\"image\":{\"@id\":\"https:\/\/sandzakpress.net\/arhiva\/dr-ceric-bosnjacima-kosova-dolazak-u-bih-brani-ista-ona-politika-koja-je-ucinila-genocid\/#primaryimage\"},\"thumbnailUrl\":\"https:\/\/sandzakpress.net\/arhiva\/wp-content\/uploads\/2013\/08\/1141bsk2-300x2561.jpg\",\"datePublished\":\"2013-08-01T14:22:03+00:00\",\"breadcrumb\":{\"@id\":\"https:\/\/sandzakpress.net\/arhiva\/dr-ceric-bosnjacima-kosova-dolazak-u-bih-brani-ista-ona-politika-koja-je-ucinila-genocid\/#breadcrumb\"},\"inLanguage\":\"bs-BA\",\"potentialAction\":[{\"@type\":\"ReadAction\",\"target\":[\"https:\/\/sandzakpress.net\/arhiva\/dr-ceric-bosnjacima-kosova-dolazak-u-bih-brani-ista-ona-politika-koja-je-ucinila-genocid\/\"]}]},{\"@type\":\"ImageObject\",\"inLanguage\":\"bs-BA\",\"@id\":\"https:\/\/sandzakpress.net\/arhiva\/dr-ceric-bosnjacima-kosova-dolazak-u-bih-brani-ista-ona-politika-koja-je-ucinila-genocid\/#primaryimage\",\"url\":\"https:\/\/sandzakpress.net\/arhiva\/wp-content\/uploads\/2013\/08\/1141bsk2-300x2561.jpg\",\"contentUrl\":\"https:\/\/sandzakpress.net\/arhiva\/wp-content\/uploads\/2013\/08\/1141bsk2-300x2561.jpg\",\"width\":300,\"height\":256},{\"@type\":\"BreadcrumbList\",\"@id\":\"https:\/\/sandzakpress.net\/arhiva\/dr-ceric-bosnjacima-kosova-dolazak-u-bih-brani-ista-ona-politika-koja-je-ucinila-genocid\/#breadcrumb\",\"itemListElement\":[{\"@type\":\"ListItem\",\"position\":1,\"name\":\"Home\",\"item\":\"https:\/\/sandzakpress.net\/arhiva\/\"},{\"@type\":\"ListItem\",\"position\":2,\"name\":\"Dr. Ceri\u0107: &#8216;Bo\u0161njacima Kosova dolazak u BiH brani ista ona politika koja je u\u010dinila genocid&#8217;\"}]},{\"@type\":\"WebSite\",\"@id\":\"https:\/\/sandzakpress.net\/arhiva\/#website\",\"url\":\"https:\/\/sandzakpress.net\/arhiva\/\",\"name\":\"Sand\u017eak PRESS\",\"description\":\"Prve elektronske novine u Sand\u017eaku\",\"publisher\":{\"@id\":\"https:\/\/sandzakpress.net\/arhiva\/#\/schema\/person\/6e72b67d6e51910a1117b3b483ba20bd\"},\"potentialAction\":[{\"@type\":\"SearchAction\",\"target\":{\"@type\":\"EntryPoint\",\"urlTemplate\":\"https:\/\/sandzakpress.net\/arhiva\/?s={search_term_string}\"},\"query-input\":{\"@type\":\"PropertyValueSpecification\",\"valueRequired\":true,\"valueName\":\"search_term_string\"}}],\"inLanguage\":\"bs-BA\"},{\"@type\":[\"Person\",\"Organization\"],\"@id\":\"https:\/\/sandzakpress.net\/arhiva\/#\/schema\/person\/6e72b67d6e51910a1117b3b483ba20bd\",\"name\":\"Kul\",\"image\":{\"@type\":\"ImageObject\",\"inLanguage\":\"bs-BA\",\"@id\":\"https:\/\/sandzakpress.net\/arhiva\/#\/schema\/person\/image\/\",\"url\":\"https:\/\/secure.gravatar.com\/avatar\/42263f39aa27ac04c43cab85c280eb2e?s=96&d=mm&r=pg\",\"contentUrl\":\"https:\/\/secure.gravatar.com\/avatar\/42263f39aa27ac04c43cab85c280eb2e?s=96&d=mm&r=pg\",\"caption\":\"Kul\"},\"logo\":{\"@id\":\"https:\/\/sandzakpress.net\/arhiva\/#\/schema\/person\/image\/\"}},{\"@type\":\"Person\",\"@id\":\"https:\/\/sandzakpress.net\/arhiva\/#\/schema\/person\/c8baee722073534b583ea7bdb2e36c02\",\"name\":\"bosniak\",\"image\":{\"@type\":\"ImageObject\",\"inLanguage\":\"bs-BA\",\"@id\":\"https:\/\/sandzakpress.net\/arhiva\/#\/schema\/person\/image\/\",\"url\":\"https:\/\/secure.gravatar.com\/avatar\/a04fd330bfe3a36a72a0ad4a6d89fca7?s=96&d=mm&r=pg\",\"contentUrl\":\"https:\/\/secure.gravatar.com\/avatar\/a04fd330bfe3a36a72a0ad4a6d89fca7?s=96&d=mm&r=pg\",\"caption\":\"bosniak\"},\"url\":\"https:\/\/sandzakpress.net\/arhiva\/author\/bosniak\/\"}]}<\/script>\n<!-- \/ Yoast SEO Premium plugin. -->","yoast_head_json":{"title":"Dr. Ceri\u0107: 'Bo\u0161njacima Kosova dolazak u BiH brani ista ona politika koja je u\u010dinila genocid'","robots":{"index":"index","follow":"follow","max-snippet":"max-snippet:-1","max-image-preview":"max-image-preview:large","max-video-preview":"max-video-preview:-1"},"canonical":"https:\/\/sandzakpress.net\/arhiva\/dr-ceric-bosnjacima-kosova-dolazak-u-bih-brani-ista-ona-politika-koja-je-ucinila-genocid\/","og_locale":"bs_BA","og_type":"article","og_title":"Dr. Ceri\u0107: 'Bo\u0161njacima Kosova dolazak u BiH brani ista ona politika koja je u\u010dinila genocid'","og_description":"Kosovo &#8211; &#8220;Na\u0161a mati\u010dna zemlja Bosna i Hercegovina mora imati doma\u0107ina jer ne mo\u017ee se biti bez doma\u0107ina, a to \u0107emo biti. Kad budemo imali doma\u0107ina u Bosni vi Bo\u0161njaci Kosova ne\u0107ete se \u017ealiti da ne mo\u017eete do\u0107i u Bosni zato \u0161to vam ne daju. A ko vam neda? Neda vam ista ona politika koja [&hellip;]","og_url":"https:\/\/sandzakpress.net\/arhiva\/dr-ceric-bosnjacima-kosova-dolazak-u-bih-brani-ista-ona-politika-koja-je-ucinila-genocid\/","og_site_name":"Sand\u017eak PRESS","article_published_time":"2013-08-01T14:22:03+00:00","og_image":[{"width":300,"height":256,"url":"https:\/\/sandzakpress.net\/arhiva\/wp-content\/uploads\/2013\/08\/1141bsk2-300x2561.jpg","type":"image\/jpeg"}],"author":"bosniak","twitter_card":"summary_large_image","twitter_misc":{"Written by":"bosniak","Est. reading time":"3 minute"},"schema":{"@context":"https:\/\/schema.org","@graph":[{"@type":"Article","@id":"https:\/\/sandzakpress.net\/arhiva\/dr-ceric-bosnjacima-kosova-dolazak-u-bih-brani-ista-ona-politika-koja-je-ucinila-genocid\/#article","isPartOf":{"@id":"https:\/\/sandzakpress.net\/arhiva\/dr-ceric-bosnjacima-kosova-dolazak-u-bih-brani-ista-ona-politika-koja-je-ucinila-genocid\/"},"author":{"name":"bosniak","@id":"https:\/\/sandzakpress.net\/arhiva\/#\/schema\/person\/c8baee722073534b583ea7bdb2e36c02"},"headline":"Dr. Ceri\u0107: &#8216;Bo\u0161njacima Kosova dolazak u BiH brani ista ona politika koja je u\u010dinila genocid&#8217;","datePublished":"2013-08-01T14:22:03+00:00","mainEntityOfPage":{"@id":"https:\/\/sandzakpress.net\/arhiva\/dr-ceric-bosnjacima-kosova-dolazak-u-bih-brani-ista-ona-politika-koja-je-ucinila-genocid\/"},"wordCount":581,"commentCount":6,"publisher":{"@id":"https:\/\/sandzakpress.net\/arhiva\/#\/schema\/person\/6e72b67d6e51910a1117b3b483ba20bd"},"image":{"@id":"https:\/\/sandzakpress.net\/arhiva\/dr-ceric-bosnjacima-kosova-dolazak-u-bih-brani-ista-ona-politika-koja-je-ucinila-genocid\/#primaryimage"},"thumbnailUrl":"https:\/\/sandzakpress.net\/arhiva\/wp-content\/uploads\/2013\/08\/1141bsk2-300x2561.jpg","keywords":["Dr. Mustafa Ceri\u0107","nepravde bosanske vlasti"],"articleSection":["Bosna i Hercegovina","Nacija","Kosovo","VIJESTI DANA"],"inLanguage":"bs-BA","potentialAction":[{"@type":"CommentAction","name":"Comment","target":["https:\/\/sandzakpress.net\/arhiva\/dr-ceric-bosnjacima-kosova-dolazak-u-bih-brani-ista-ona-politika-koja-je-ucinila-genocid\/#respond"]}]},{"@type":"WebPage","@id":"https:\/\/sandzakpress.net\/arhiva\/dr-ceric-bosnjacima-kosova-dolazak-u-bih-brani-ista-ona-politika-koja-je-ucinila-genocid\/","url":"https:\/\/sandzakpress.net\/arhiva\/dr-ceric-bosnjacima-kosova-dolazak-u-bih-brani-ista-ona-politika-koja-je-ucinila-genocid\/","name":"Dr. Ceri\u0107: 'Bo\u0161njacima Kosova dolazak u BiH brani ista ona politika koja je u\u010dinila genocid'","isPartOf":{"@id":"https:\/\/sandzakpress.net\/arhiva\/#website"},"primaryImageOfPage":{"@id":"https:\/\/sandzakpress.net\/arhiva\/dr-ceric-bosnjacima-kosova-dolazak-u-bih-brani-ista-ona-politika-koja-je-ucinila-genocid\/#primaryimage"},"image":{"@id":"https:\/\/sandzakpress.net\/arhiva\/dr-ceric-bosnjacima-kosova-dolazak-u-bih-brani-ista-ona-politika-koja-je-ucinila-genocid\/#primaryimage"},"thumbnailUrl":"https:\/\/sandzakpress.net\/arhiva\/wp-content\/uploads\/2013\/08\/1141bsk2-300x2561.jpg","datePublished":"2013-08-01T14:22:03+00:00","breadcrumb":{"@id":"https:\/\/sandzakpress.net\/arhiva\/dr-ceric-bosnjacima-kosova-dolazak-u-bih-brani-ista-ona-politika-koja-je-ucinila-genocid\/#breadcrumb"},"inLanguage":"bs-BA","potentialAction":[{"@type":"ReadAction","target":["https:\/\/sandzakpress.net\/arhiva\/dr-ceric-bosnjacima-kosova-dolazak-u-bih-brani-ista-ona-politika-koja-je-ucinila-genocid\/"]}]},{"@type":"ImageObject","inLanguage":"bs-BA","@id":"https:\/\/sandzakpress.net\/arhiva\/dr-ceric-bosnjacima-kosova-dolazak-u-bih-brani-ista-ona-politika-koja-je-ucinila-genocid\/#primaryimage","url":"https:\/\/sandzakpress.net\/arhiva\/wp-content\/uploads\/2013\/08\/1141bsk2-300x2561.jpg","contentUrl":"https:\/\/sandzakpress.net\/arhiva\/wp-content\/uploads\/2013\/08\/1141bsk2-300x2561.jpg","width":300,"height":256},{"@type":"BreadcrumbList","@id":"https:\/\/sandzakpress.net\/arhiva\/dr-ceric-bosnjacima-kosova-dolazak-u-bih-brani-ista-ona-politika-koja-je-ucinila-genocid\/#breadcrumb","itemListElement":[{"@type":"ListItem","position":1,"name":"Home","item":"https:\/\/sandzakpress.net\/arhiva\/"},{"@type":"ListItem","position":2,"name":"Dr. Ceri\u0107: &#8216;Bo\u0161njacima Kosova dolazak u BiH brani ista ona politika koja je u\u010dinila genocid&#8217;"}]},{"@type":"WebSite","@id":"https:\/\/sandzakpress.net\/arhiva\/#website","url":"https:\/\/sandzakpress.net\/arhiva\/","name":"Sand\u017eak PRESS","description":"Prve elektronske novine u Sand\u017eaku","publisher":{"@id":"https:\/\/sandzakpress.net\/arhiva\/#\/schema\/person\/6e72b67d6e51910a1117b3b483ba20bd"},"potentialAction":[{"@type":"SearchAction","target":{"@type":"EntryPoint","urlTemplate":"https:\/\/sandzakpress.net\/arhiva\/?s={search_term_string}"},"query-input":{"@type":"PropertyValueSpecification","valueRequired":true,"valueName":"search_term_string"}}],"inLanguage":"bs-BA"},{"@type":["Person","Organization"],"@id":"https:\/\/sandzakpress.net\/arhiva\/#\/schema\/person\/6e72b67d6e51910a1117b3b483ba20bd","name":"Kul","image":{"@type":"ImageObject","inLanguage":"bs-BA","@id":"https:\/\/sandzakpress.net\/arhiva\/#\/schema\/person\/image\/","url":"https:\/\/secure.gravatar.com\/avatar\/42263f39aa27ac04c43cab85c280eb2e?s=96&d=mm&r=pg","contentUrl":"https:\/\/secure.gravatar.com\/avatar\/42263f39aa27ac04c43cab85c280eb2e?s=96&d=mm&r=pg","caption":"Kul"},"logo":{"@id":"https:\/\/sandzakpress.net\/arhiva\/#\/schema\/person\/image\/"}},{"@type":"Person","@id":"https:\/\/sandzakpress.net\/arhiva\/#\/schema\/person\/c8baee722073534b583ea7bdb2e36c02","name":"bosniak","image":{"@type":"ImageObject","inLanguage":"bs-BA","@id":"https:\/\/sandzakpress.net\/arhiva\/#\/schema\/person\/image\/","url":"https:\/\/secure.gravatar.com\/avatar\/a04fd330bfe3a36a72a0ad4a6d89fca7?s=96&d=mm&r=pg","contentUrl":"https:\/\/secure.gravatar.com\/avatar\/a04fd330bfe3a36a72a0ad4a6d89fca7?s=96&d=mm&r=pg","caption":"bosniak"},"url":"https:\/\/sandzakpress.net\/arhiva\/author\/bosniak\/"}]}},"_links":{"self":[{"href":"https:\/\/sandzakpress.net\/arhiva\/wp-json\/wp\/v2\/posts\/83836"}],"collection":[{"href":"https:\/\/sandzakpress.net\/arhiva\/wp-json\/wp\/v2\/posts"}],"about":[{"href":"https:\/\/sandzakpress.net\/arhiva\/wp-json\/wp\/v2\/types\/post"}],"author":[{"embeddable":true,"href":"https:\/\/sandzakpress.net\/arhiva\/wp-json\/wp\/v2\/users\/83"}],"replies":[{"embeddable":true,"href":"https:\/\/sandzakpress.net\/arhiva\/wp-json\/wp\/v2\/comments?post=83836"}],"version-history":[{"count":0,"href":"https:\/\/sandzakpress.net\/arhiva\/wp-json\/wp\/v2\/posts\/83836\/revisions"}],"wp:featuredmedia":[{"embeddable":true,"href":"https:\/\/sandzakpress.net\/arhiva\/wp-json\/wp\/v2\/media\/83839"}],"wp:attachment":[{"href":"https:\/\/sandzakpress.net\/arhiva\/wp-json\/wp\/v2\/media?parent=83836"}],"wp:term":[{"taxonomy":"category","embeddable":true,"href":"https:\/\/sandzakpress.net\/arhiva\/wp-json\/wp\/v2\/categories?post=83836"},{"taxonomy":"post_tag","embeddable":true,"href":"https:\/\/sandzakpress.net\/arhiva\/wp-json\/wp\/v2\/tags?post=83836"}],"curies":[{"name":"wp","href":"https:\/\/api.w.org\/{rel}","templated":true}]}}