{"id":83812,"date":"2013-08-01T15:29:56","date_gmt":"2013-08-01T13:29:56","guid":{"rendered":"https:\/\/sandzakpress.net\/arhiva\/?p=83812"},"modified":"2013-08-01T15:29:56","modified_gmt":"2013-08-01T13:29:56","slug":"zajednicki-iftar-u-gornjem-ljubinju-na-kosovu","status":"publish","type":"post","link":"https:\/\/sandzakpress.net\/arhiva\/zajednicki-iftar-u-gornjem-ljubinju-na-kosovu\/","title":{"rendered":"Zajedni\u010dki iftar u Gornjem Ljubinju na Kosovu"},"content":{"rendered":"<p><img loading=\"lazy\" decoding=\"async\" alt=\"10_resize\" src=\"https:\/\/sandzakpress.net\/arhiva\/wp-content\/uploads\/2013\/08\/10_resize.jpg\" width=\"615\" height=\"461\" \/><\/p>\n<p><strong>Kosovo &#8211; Sino\u0107 je u Gornjem Ljubinju, u\u00a0 \u017dupi nadomak Prizrena, odr\u017eana prva\u00a0 manifestacija \u201eFestivala Islama\u201c na Kosovu na kojoj su prisustvovali, pored mnogih zvani\u010dnika iz NV i politi\u010dkog sektora, i prof. dr. Mustafa ef. Ceri\u0107- predsjednik Svijetskog bo\u0161nja\u010dkog kongresa, Glavni imam Islamske zajednice u Srbiji \u2013Muamer ef. Zukorli\u0107, rektor Internacionalnog univerziteta u Novom Pazaru -prof. dr. Mevludin Dudi\u0107, zatim Hako Duljevi\u0107 \u2013 predsjednik Bo\u0161nja\u010dke nacionalne fondacije (BNF), Hazbija Kala\u0107-predsjednik Bo\u0161nja\u010dke kulturne zajednice (BKZ) u Crnoj Gori, Fatmir Ba\u010di-\u010dlan senata Bo\u0161nja\u010dke Akademije nauke i umjetnosti (BANU), Ahmed Ahmatovi\u0107-\u010dlan ZBK-a i potpredsjednik \u201cSand\u017ea\u010dke dijaspore zapada\u201d, direktor \u201cGazi Isa beg medrese\u201d Re\u0161at ef. Plojovi\u0107.<\/strong><\/p>\n<p>Pored visokih zvani\u010dnika iz BIH,\u00a0 Sand\u017eaka i Albanije ovom ipozantnom skupu u Gornjem Ljubinju prisustvovali su i mnogi drugi zvani\u010dnici, me\u0111u kojima i Rasim Demiri-zamjenik predsjednika Skup\u0161tine Kosova, zatim zastupnici Duda Balje, Emilija Red\u017eepi i Hamza Balje, \u0106erim Bajrami-zamjenik ministra za dijasporu, Refik \u0160a\u0107iri-zamjenik ministra za europske integracije,\u00a0 ambasador Albanije u Saudijskoj Arabiji Admirim Banaj, predsjednik Islamske zajednice u Prizrenu \u2013 Lutvi Ballak, te i mnogi drugi gosti.<\/p>\n<p>Ovaj veli\u010danstveni skup \u201cFestivala islama\u201d uprli\u010den je u organizaciji Bo\u0161nja\u010dkog savjeta Kosova (BSK), Bo\u0161nja\u010dke kulturne zajednice Kosova(BKZK) i\u00a0 Udru\u017eenja imama \u201cIhlas\u201d a pod pokroviteljstvom Svijetskog bo\u0161nja\u010dkog kongresa i Bo\u0161nja\u010dke nacionalne fondacije (BNF).<\/p>\n<p>Dobrodo\u0161licu je ispred mje\u0161tana Gornjeg Ljubinja po\u017eelio je \u0160a\u0107ir Ibra, \u010dlan predsejdni\u0161tva ove najve\u0107e bo\u0161nja\u010dke mjesne zajednice u regionu.<\/p>\n<p>\u201cVi, koji ste danas ovdje prisutni, koji \u017eelite da podijelite zajedni\u010dku radost u ovim mubarek ramazanskim danima, a i onima koji su diljem svijeta pod islamskom kapom, posebno na\u0161im Bo\u0161njacima, mi\u00a0 Gornjeljubinci od srca vam \u017eelimo da ovaj mjesec ramazana ispratite u sre\u0107i, zdravlju i rahatluku, i da ga u nastavku provedete u postu, zikru, ibadetima u \u010di\u0161\u0107enju du\u0161e i tijela, u krugu va\u0161ih porodica, rodbine i prijatelja\u201d.<\/p>\n<p>Nakon uvodne rije\u010di moderatorke programa Anife Rama,\u00a0 Dru\u0161tvo za izvo\u0111enje ilahija i kasida \u201cLjubinje\u201d i Udru\u017eenje imama \u201cIhlas\u201d\u00a0 su svojim nastupom izmamili aplauze vi\u0161e hiljada mje\u0161tana G. Ljubinja i mnogobrojnih gostiju iz regiona i sa cijelog Kosova.<\/p>\n<p>Po agendi manifestacije, ak\u0161am namaz obavljen je na sportskom igrali\u0161tu u Gornjem Ljubinju, gdje se i odr\u017eala manifetsacija \u201cFestival islama\u201d, a potom je uslijedio zajedni\u010dki iftar koji je u zadivljuju\u0107em poslu\u017eenju obavljen od strane omladine Gornjeg Ljubinja, kako i dolikujke doma\u0107inu jedne ovakve manifetacije, prve takve vrste na Kosovu.<\/p>\n<p>U svom uvodnom izlaganju predsjednik Svijetskog bo\u0161nja\u010dkog kongresa prof. dr. Mustafa Ceri\u0107 je istakao \u201cda mu je ovo bio najljep\u0161i iftar u svome \u017eivotu, iako je iftarisao na mnogim kraljevskim dvorovima i elitnim hotelima\u201d i poru\u010dio \u201cda Bo\u0161njaci Kosova nisu sami, da sunarodnici u BIH, Sand\u017eaku,Crnoj Gori, i ma gdje se nalazli, misle na njih\u201d.<\/p>\n<p>\u201cOvo je po\u010detak na\u0161eg bu\u0111enja! I niko nas ne\u0107e zaustaviti sve dok ne ostvarimo na\u0161a prava, i sve dok ne budemo imali sve sto imaju drugi narodi na Balkanu i Europi. Mnogo je toga \u0161to mi nismo ispri\u010dali, i mi smo jedinini narod, ovdje na Balkanu, \u0161to nije ispri\u010dao svoju pri\u010du. Mi tek po\u010dinjemo da pri\u010damo svoju pri\u010du, ali pri\u010du koju \u0107emo sami pri\u010dati. Mi smo, vjerovatno, jedini narod na svijetu koji ima svoju historju bez svojih histori\u010dara! Mi smo jedini narod koji ima zemlju bez doma\u0107ina, jedina je zemlja Bosna,matica na\u0161a, za koju se ka\u017ee da je ni\u010dija\u201d, istakao je dr.Ceri\u0107, a potomje dodao:<\/p>\n<p>\u201cNiti je historija sva\u010dija, ve\u0107 je na\u0161a, i moramo\u00a0 po\u010deti da je tuma\u010dimo sebi sami, da Bosna ima svoje hiostori\u010dare koji \u0107e kazati istinu. Bosna, na\u0161a matica,\u00a0 mora imatu i svoga doma\u0107ina.Ne mo\u017ee biti bez doma\u0107ina, a to \u0107emo mi biti. Jer, kad budemo imali doma\u0107ina u BIH, vi Bo\u0161njaci sa Kosova mo\u017eete nam slobodno do\u0107i, a ne da se suo\u010davate sa problemom viza. Neda vam ista ona politika koja je u\u010dinila geniocid nad Bo\u0161njacima. Ista ona politka koja nas je sto zadnjih godina proganjala, koja je naopravila genocid u Prijedoru, Srebrenici,\u00a0 Palavu i Gusinju. Sino\u0107 su u Plavu po prvi put nakon sto godina,\u00a0 Albanci i Bo\u0161njaci, napravili simpozijum na kome je prou\u010dena fatiha\u00a0 svojim najmilijama, \u017ertvama genocida.Mi smo ju\u010der u Plavu shvatili da ne treba nikog pitati, niti se zapitati \u0161ta oni misle. Jer ako se pita, i brinemo \u0161ta oni misle, nikada\u00a0 ne bi se ovo odr\u017ealo\u201d, kazao je dr. Ceri\u0107 a onda je utoritativno poru\u010dio:<\/p>\n<p>\u201cZabranjujem Bo\u0161njacima da upotrebljavaju glagol \u201cne daju nam\u201d, ve\u0107\u00a0 da \u0107emo raditi ono \u0161to je na\u0161e pravo da radimo. I da nas vi\u0161e ne zanima \u0161ta oni ka\u017eu. I zato mi danas mo\u017eemo govoriti ovdje, zato \u0161to se ne pitaju. Na\u0161e je pravo da se brinemo o sebi, na\u0161oj vjeri, o svojoj kulturi, i da znamo ko smo i \u0161ta smo\u201d, rekao je, u me\u0111uostalom,\u00a0 dr. Ceri\u0107 i dodao da je \u201cKaravan Svijetskog Bo\u0161nja\u010dkog kongresa\u201d krenuo iz Graca, preko Ljubljane, Prijedora, Biha\u010da, Sarajeva, Priboja, Prijepolja, Nove Varo\u0161i, Sjenice, Ribari\u0107a, Tutina, Delime\u0111a, Bijelog Polja, Petnice, Plava i Gusinja, Ro\u017eaja i Podgorice da bi po prvi put stigao podno \u0160ar planine &#8211; u Gornjem Ljubinju i dalje nastavio za Skoplje i Novi Pazar.<\/p>\n<p>Predsjednik Svijetskog bo\u0161nja\u010dkog kongresa prof. dr. Mustafa ef.Ceri\u0107 je poru\u010dio bo\u0161nja\u010dkim politi\u010dkim liderima na Kosovu na \u201cjedinstvo i na miniumumu zajedni\u010dkih nacionalnih interesa, te i na pristojnim opho\u0111enjima\u201d.\u00a0 Da budu \u201cprimjer ostalim Bo\u0161njacima u regionu\u201d.<\/p>\n<p>\u201cBo\u0161nja\u010dkom narodu je 1999.godine nepravedno bila izre\u010dena presuda da se mati\u010dna dr\u017eava BIH uni\u0161ti, kako bi\u00a0 se\u00a0 uni\u0161tio i bo\u0161nja\u010dki narod\u201d, istakao je Glavni muftija u Srbiji Muamer ef. Zukorli\u0107<\/p>\n<p>\u201cSto godina mi smo bili u stanju pre\u017eivljavanja. Do\u0161lo je vrijeme da se taj ru\u017eni, mra\u010dni period okon\u010da. U tom periodu \u010dovjek nije mogao imati snage da se suoosje\u0107a sa svojom bra\u0107om u svom mjestu, pa \u0161irom Balkana, od svoje mati\u010de Bosne, preko Sand\u017eaka i \u0161irom svijeta gdje se Bo\u0161njaci nalaze.Vi znate da svaki narod koji nema svoju mati\u010dnu dr\u017eavu \u2013nestaje! \u00a0Hvala Bogu, u tome nisu\u00a0 uspjeli, ali su uspjeli izmasakrirati BIH. Njoj su nanijete takve rane, takve boli, da jo\u0161 ne mo\u017ee ustati iz svojih invalidskih kolica, pa ne\u0107ete valjda okreniti glavu i oti\u0107i. Majci, kada je bolesna, ili nepokretna, tada treba najvi\u0161e svoje djete. Zato mi, Bo\u0161njaci \u0161irom svijeta, odlu\u010dili smo da se ne predamo pred svim tim udarcima i pritiscima. Zato smo osnovali Svijetski bo\u0161nja\u010dki kongres, Bo\u0161nja\u010dku Akademiju nauke i umjetnosti, Bo\u0161nja\u010dku nacionalnu fondaciju, Bo\u0161nja\u010dku kulturnu zajednicu i bi\u0107e jo\u0161 nacionalnih institucija\u201d kazao je u svom govoru muftija ef. Zukorli\u0107 da bi, potom, poru\u010dio:<\/p>\n<p>\u201cTo su, zapravo, sve redovi, okviri \u00a0s\u2019kojima moramo za\u0161titi tri stvari. Tri su vijednosti kojih se nikada ne smijemo odre\u0107i. Prva je &#8211; sloboda bo\u0161nja\u010dkog naroda, i pojedina\u010dno i kolektivno. Druga je- afirmacija i unaprijedjenje na\u0161eg bo\u0161nja\u0161\u010dkog nacionalnoga\u00a0 identita. I tre\u0107a je -o\u010duvanje i unaprijedjenje na\u0161e matice BIH. To je cilj iz tri djela zbog kojeg je nastao Svijetski bo\u0161nja\u010dki kongres\u201d.<\/p>\n<p>Prisutne su ispred organizatora pozdravili Sahit Kandi\u0107, predsjednik Bo\u0161nja\u010dke Kulturne zajednice Kosova (KZBK) i predsjednik Bo\u0161nja\u010dkog savjeta Kosova (BSK), Mejdin Saliji, koji je u svom govoru istako da je \u201cdr. Ceri\u0107 zna\u010dajna, suvremena svijetska li\u010dnost koji se kotira me\u0111u pedeset najzna\u010dajnijih i najuticajnijih li\u010dnosti u muslimaskom svijetu\u201d:<\/p>\n<p>\u201cOvaj ramazanski festival danas na ovim prostorima treba da bude ponos i dika mje\u0161tana Gpornjeg Ljubinja , da bude mjera ljudskosti, da bude ispit\u00a0 spremnosti da podijeli radost i tugu sa svojim bra\u0107om po vjeri i sudbini. \u00a0Svi Bo\u0161njaci svijeta moraju se probuditi, jer vi\u0161e nikad ne smiju sebe dovesti u situaciju da nisu u stanju za\u0161tititi se. A, da bi to postigli, Bo\u0161najci moraju imati organiziranu, odgovornu i sna\u017enu dr\u017eavnu liniju odbrane, jaku, slobodnu i samosvjesnost nacionalne pripadnosti, te i neprobojnu duhovnu liniju odbrane. Svjetski bosnjacki kongres okuplja sve Bosnjake da poka\u017eu da su sposobni i po\u0161tovanja vrijedni kao nacija, te da imaju sve \u0161to imaju i druge evropske nacije\u201d, zaklju\u010dio je Mejdin Saliiji, predsejdnik Bo\u0161nja\u010dkog savjeta Kosova.<\/p>\n<p><b>Raif Kasi<\/b><\/p>\n<p><img loading=\"lazy\" decoding=\"async\" class=\"aligncenter size-full wp-image-83813\" alt=\"1_resize\" src=\"https:\/\/sandzakpress.net\/arhiva\/wp-content\/uploads\/2013\/08\/1_resize.jpg\" width=\"616\" height=\"394\" \/> <img loading=\"lazy\" decoding=\"async\" class=\"aligncenter size-large wp-image-83814\" alt=\"2_resize\" src=\"https:\/\/sandzakpress.net\/arhiva\/wp-content\/uploads\/2013\/08\/2_resize.jpg\" width=\"615\" height=\"461\" \/> <img loading=\"lazy\" decoding=\"async\" class=\"aligncenter size-large wp-image-83815\" alt=\"3_resize\" src=\"https:\/\/sandzakpress.net\/arhiva\/wp-content\/uploads\/2013\/08\/3_resize.jpg\" width=\"615\" height=\"461\" \/> <img loading=\"lazy\" decoding=\"async\" class=\"aligncenter size-large wp-image-83816\" alt=\"4_resize\" src=\"https:\/\/sandzakpress.net\/arhiva\/wp-content\/uploads\/2013\/08\/4_resize.jpg\" width=\"615\" height=\"461\" \/> <img loading=\"lazy\" decoding=\"async\" class=\"aligncenter size-large wp-image-83817\" alt=\"5_resize\" src=\"https:\/\/sandzakpress.net\/arhiva\/wp-content\/uploads\/2013\/08\/5_resize.jpg\" width=\"615\" height=\"461\" \/> <img loading=\"lazy\" decoding=\"async\" class=\"aligncenter size-large wp-image-83818\" alt=\"6_resize\" src=\"https:\/\/sandzakpress.net\/arhiva\/wp-content\/uploads\/2013\/08\/6_resize.jpg\" width=\"615\" height=\"461\" \/> <img loading=\"lazy\" decoding=\"async\" class=\"aligncenter size-large wp-image-83819\" alt=\"7_resize\" src=\"https:\/\/sandzakpress.net\/arhiva\/wp-content\/uploads\/2013\/08\/7_resize.jpg\" width=\"615\" height=\"461\" \/> <img loading=\"lazy\" decoding=\"async\" class=\"aligncenter size-large wp-image-83820\" alt=\"8_resize\" src=\"https:\/\/sandzakpress.net\/arhiva\/wp-content\/uploads\/2013\/08\/8_resize.jpg\" width=\"615\" height=\"461\" \/> <img loading=\"lazy\" decoding=\"async\" class=\"aligncenter size-large wp-image-83821\" alt=\"9_resize\" src=\"https:\/\/sandzakpress.net\/arhiva\/wp-content\/uploads\/2013\/08\/9_resize.jpg\" width=\"615\" height=\"461\" \/><br \/>\n<img loading=\"lazy\" decoding=\"async\" class=\"aligncenter size-large wp-image-83823\" alt=\"11_resize\" src=\"https:\/\/sandzakpress.net\/arhiva\/wp-content\/uploads\/2013\/08\/11_resize.jpg\" width=\"615\" height=\"819\" \/> <img loading=\"lazy\" decoding=\"async\" class=\"aligncenter size-large wp-image-83825\" alt=\"13_resize\" src=\"https:\/\/sandzakpress.net\/arhiva\/wp-content\/uploads\/2013\/08\/13_resize.jpg\" width=\"615\" height=\"461\" \/> <img loading=\"lazy\" decoding=\"async\" class=\"aligncenter size-large wp-image-83826\" alt=\"14_resize\" src=\"https:\/\/sandzakpress.net\/arhiva\/wp-content\/uploads\/2013\/08\/14_resize.jpg\" width=\"615\" height=\"461\" \/> <img loading=\"lazy\" decoding=\"async\" class=\"aligncenter size-large wp-image-83827\" alt=\"15_resize\" src=\"https:\/\/sandzakpress.net\/arhiva\/wp-content\/uploads\/2013\/08\/15_resize.jpg\" width=\"615\" height=\"461\" \/> <img loading=\"lazy\" decoding=\"async\" class=\"aligncenter size-large wp-image-83828\" alt=\"16_resize\" src=\"https:\/\/sandzakpress.net\/arhiva\/wp-content\/uploads\/2013\/08\/16_resize.jpg\" width=\"615\" height=\"461\" \/> <img loading=\"lazy\" decoding=\"async\" class=\"aligncenter size-large wp-image-83829\" alt=\"17_resize\" src=\"https:\/\/sandzakpress.net\/arhiva\/wp-content\/uploads\/2013\/08\/17_resize.jpg\" width=\"615\" height=\"461\" \/> <img loading=\"lazy\" decoding=\"async\" class=\"aligncenter size-large wp-image-83830\" alt=\"18_resize\" src=\"https:\/\/sandzakpress.net\/arhiva\/wp-content\/uploads\/2013\/08\/18_resize.jpg\" width=\"615\" height=\"461\" \/> <img loading=\"lazy\" decoding=\"async\" class=\"aligncenter size-large wp-image-83831\" alt=\"19_resize\" src=\"https:\/\/sandzakpress.net\/arhiva\/wp-content\/uploads\/2013\/08\/19_resize.jpg\" width=\"615\" height=\"461\" \/> <img loading=\"lazy\" decoding=\"async\" class=\"aligncenter size-large wp-image-83832\" alt=\"20_resize\" src=\"https:\/\/sandzakpress.net\/arhiva\/wp-content\/uploads\/2013\/08\/20_resize.jpg\" width=\"615\" height=\"461\" \/> <img loading=\"lazy\" decoding=\"async\" class=\"aligncenter size-large wp-image-83833\" alt=\"21_resize\" src=\"https:\/\/sandzakpress.net\/arhiva\/wp-content\/uploads\/2013\/08\/21_resize.jpg\" width=\"615\" height=\"461\" \/><\/p>\n<p>(Sand\u017eak PRESS)<\/p>\n<p>&nbsp;<\/p>\n","protected":false},"excerpt":{"rendered":"<p>Kosovo &#8211; Sino\u0107 je u Gornjem Ljubinju, u\u00a0 \u017dupi nadomak Prizrena, odr\u017eana prva\u00a0 manifestacija \u201eFestivala Islama\u201c na Kosovu na kojoj su prisustvovali, pored mnogih zvani\u010dnika iz NV i politi\u010dkog sektora, i prof. dr. Mustafa ef. Ceri\u0107- predsjednik Svijetskog bo\u0161nja\u010dkog kongresa, Glavni imam Islamske zajednice u Srbiji \u2013Muamer ef. Zukorli\u0107, rektor Internacionalnog univerziteta u Novom Pazaru [&hellip;]<\/p>\n","protected":false},"author":83,"featured_media":83822,"comment_status":"open","ping_status":"open","sticky":false,"template":"","format":"standard","meta":{"footnotes":""},"categories":[800,2690,8957],"tags":[10204,10207,10221,10233,10245],"class_list":{"0":"post-83812","1":"post","2":"type-post","3":"status-publish","4":"format-standard","5":"has-post-thumbnail","7":"category-nacija","8":"category-kosovo-gradovi","9":"category-vijesti-dana","10":"tag-muftija-muamer-zukorlic","11":"tag-ramazan","12":"tag-svjetski-bosnjacki-kongres","13":"tag-dr-mustafa-ceric","14":"tag-bosnjacka-nacionalna-fondacija"},"yoast_head":"<!-- This site is optimized with the Yoast SEO Premium plugin v23.1 (Yoast SEO v24.9) - https:\/\/yoast.com\/wordpress\/plugins\/seo\/ -->\n<title>Zajedni\u010dki iftar u Gornjem Ljubinju na Kosovu<\/title>\n<meta name=\"robots\" content=\"index, follow, max-snippet:-1, max-image-preview:large, max-video-preview:-1\" \/>\n<link rel=\"canonical\" href=\"https:\/\/sandzakpress.net\/arhiva\/zajednicki-iftar-u-gornjem-ljubinju-na-kosovu\/\" \/>\n<meta property=\"og:locale\" content=\"bs_BA\" \/>\n<meta property=\"og:type\" content=\"article\" \/>\n<meta property=\"og:title\" content=\"Zajedni\u010dki iftar u Gornjem Ljubinju na Kosovu\" \/>\n<meta property=\"og:description\" content=\"Kosovo &#8211; Sino\u0107 je u Gornjem Ljubinju, u\u00a0 \u017dupi nadomak Prizrena, odr\u017eana prva\u00a0 manifestacija \u201eFestivala Islama\u201c na Kosovu na kojoj su prisustvovali, pored mnogih zvani\u010dnika iz NV i politi\u010dkog sektora, i prof. dr. Mustafa ef. Ceri\u0107- predsjednik Svijetskog bo\u0161nja\u010dkog kongresa, Glavni imam Islamske zajednice u Srbiji \u2013Muamer ef. Zukorli\u0107, rektor Internacionalnog univerziteta u Novom Pazaru [&hellip;]\" \/>\n<meta property=\"og:url\" content=\"https:\/\/sandzakpress.net\/arhiva\/zajednicki-iftar-u-gornjem-ljubinju-na-kosovu\/\" \/>\n<meta property=\"og:site_name\" content=\"Sand\u017eak PRESS\" \/>\n<meta property=\"article:published_time\" content=\"2013-08-01T13:29:56+00:00\" \/>\n<meta property=\"og:image\" content=\"https:\/\/sandzakpress.net\/arhiva\/wp-content\/uploads\/2013\/08\/10_resize.jpg\" \/>\n\t<meta property=\"og:image:width\" content=\"616\" \/>\n\t<meta property=\"og:image:height\" content=\"462\" \/>\n\t<meta property=\"og:image:type\" content=\"image\/jpeg\" \/>\n<meta name=\"author\" content=\"bosniak\" \/>\n<meta name=\"twitter:card\" content=\"summary_large_image\" \/>\n<meta name=\"twitter:label1\" content=\"Written by\" \/>\n\t<meta name=\"twitter:data1\" content=\"bosniak\" \/>\n\t<meta name=\"twitter:label2\" content=\"Est. reading time\" \/>\n\t<meta name=\"twitter:data2\" content=\"7 minuta\" \/>\n<script type=\"application\/ld+json\" class=\"yoast-schema-graph\">{\"@context\":\"https:\/\/schema.org\",\"@graph\":[{\"@type\":\"Article\",\"@id\":\"https:\/\/sandzakpress.net\/arhiva\/zajednicki-iftar-u-gornjem-ljubinju-na-kosovu\/#article\",\"isPartOf\":{\"@id\":\"https:\/\/sandzakpress.net\/arhiva\/zajednicki-iftar-u-gornjem-ljubinju-na-kosovu\/\"},\"author\":{\"name\":\"bosniak\",\"@id\":\"https:\/\/sandzakpress.net\/arhiva\/#\/schema\/person\/c8baee722073534b583ea7bdb2e36c02\"},\"headline\":\"Zajedni\u010dki iftar u Gornjem Ljubinju na Kosovu\",\"datePublished\":\"2013-08-01T13:29:56+00:00\",\"mainEntityOfPage\":{\"@id\":\"https:\/\/sandzakpress.net\/arhiva\/zajednicki-iftar-u-gornjem-ljubinju-na-kosovu\/\"},\"wordCount\":1491,\"commentCount\":2,\"publisher\":{\"@id\":\"https:\/\/sandzakpress.net\/arhiva\/#\/schema\/person\/6e72b67d6e51910a1117b3b483ba20bd\"},\"image\":{\"@id\":\"https:\/\/sandzakpress.net\/arhiva\/zajednicki-iftar-u-gornjem-ljubinju-na-kosovu\/#primaryimage\"},\"thumbnailUrl\":\"https:\/\/sandzakpress.net\/arhiva\/wp-content\/uploads\/2013\/08\/10_resize.jpg\",\"keywords\":[\"muftija Muamer Zukorli\u0107\",\"Ramazan\",\"Svjetski bo\u0161nja\u010dki kongres\",\"Dr. Mustafa Ceri\u0107\",\"Bo\u0161nja\u010dka nacionalna fondacija\"],\"articleSection\":[\"Nacija\",\"Kosovo\",\"VIJESTI DANA\"],\"inLanguage\":\"bs-BA\",\"potentialAction\":[{\"@type\":\"CommentAction\",\"name\":\"Comment\",\"target\":[\"https:\/\/sandzakpress.net\/arhiva\/zajednicki-iftar-u-gornjem-ljubinju-na-kosovu\/#respond\"]}]},{\"@type\":\"WebPage\",\"@id\":\"https:\/\/sandzakpress.net\/arhiva\/zajednicki-iftar-u-gornjem-ljubinju-na-kosovu\/\",\"url\":\"https:\/\/sandzakpress.net\/arhiva\/zajednicki-iftar-u-gornjem-ljubinju-na-kosovu\/\",\"name\":\"Zajedni\u010dki iftar u Gornjem Ljubinju na Kosovu\",\"isPartOf\":{\"@id\":\"https:\/\/sandzakpress.net\/arhiva\/#website\"},\"primaryImageOfPage\":{\"@id\":\"https:\/\/sandzakpress.net\/arhiva\/zajednicki-iftar-u-gornjem-ljubinju-na-kosovu\/#primaryimage\"},\"image\":{\"@id\":\"https:\/\/sandzakpress.net\/arhiva\/zajednicki-iftar-u-gornjem-ljubinju-na-kosovu\/#primaryimage\"},\"thumbnailUrl\":\"https:\/\/sandzakpress.net\/arhiva\/wp-content\/uploads\/2013\/08\/10_resize.jpg\",\"datePublished\":\"2013-08-01T13:29:56+00:00\",\"breadcrumb\":{\"@id\":\"https:\/\/sandzakpress.net\/arhiva\/zajednicki-iftar-u-gornjem-ljubinju-na-kosovu\/#breadcrumb\"},\"inLanguage\":\"bs-BA\",\"potentialAction\":[{\"@type\":\"ReadAction\",\"target\":[\"https:\/\/sandzakpress.net\/arhiva\/zajednicki-iftar-u-gornjem-ljubinju-na-kosovu\/\"]}]},{\"@type\":\"ImageObject\",\"inLanguage\":\"bs-BA\",\"@id\":\"https:\/\/sandzakpress.net\/arhiva\/zajednicki-iftar-u-gornjem-ljubinju-na-kosovu\/#primaryimage\",\"url\":\"https:\/\/sandzakpress.net\/arhiva\/wp-content\/uploads\/2013\/08\/10_resize.jpg\",\"contentUrl\":\"https:\/\/sandzakpress.net\/arhiva\/wp-content\/uploads\/2013\/08\/10_resize.jpg\",\"width\":616,\"height\":462},{\"@type\":\"BreadcrumbList\",\"@id\":\"https:\/\/sandzakpress.net\/arhiva\/zajednicki-iftar-u-gornjem-ljubinju-na-kosovu\/#breadcrumb\",\"itemListElement\":[{\"@type\":\"ListItem\",\"position\":1,\"name\":\"Home\",\"item\":\"https:\/\/sandzakpress.net\/arhiva\/\"},{\"@type\":\"ListItem\",\"position\":2,\"name\":\"Zajedni\u010dki iftar u Gornjem Ljubinju na Kosovu\"}]},{\"@type\":\"WebSite\",\"@id\":\"https:\/\/sandzakpress.net\/arhiva\/#website\",\"url\":\"https:\/\/sandzakpress.net\/arhiva\/\",\"name\":\"Sand\u017eak PRESS\",\"description\":\"Prve elektronske novine u Sand\u017eaku\",\"publisher\":{\"@id\":\"https:\/\/sandzakpress.net\/arhiva\/#\/schema\/person\/6e72b67d6e51910a1117b3b483ba20bd\"},\"potentialAction\":[{\"@type\":\"SearchAction\",\"target\":{\"@type\":\"EntryPoint\",\"urlTemplate\":\"https:\/\/sandzakpress.net\/arhiva\/?s={search_term_string}\"},\"query-input\":{\"@type\":\"PropertyValueSpecification\",\"valueRequired\":true,\"valueName\":\"search_term_string\"}}],\"inLanguage\":\"bs-BA\"},{\"@type\":[\"Person\",\"Organization\"],\"@id\":\"https:\/\/sandzakpress.net\/arhiva\/#\/schema\/person\/6e72b67d6e51910a1117b3b483ba20bd\",\"name\":\"Kul\",\"image\":{\"@type\":\"ImageObject\",\"inLanguage\":\"bs-BA\",\"@id\":\"https:\/\/sandzakpress.net\/arhiva\/#\/schema\/person\/image\/\",\"url\":\"https:\/\/secure.gravatar.com\/avatar\/42263f39aa27ac04c43cab85c280eb2e?s=96&d=mm&r=pg\",\"contentUrl\":\"https:\/\/secure.gravatar.com\/avatar\/42263f39aa27ac04c43cab85c280eb2e?s=96&d=mm&r=pg\",\"caption\":\"Kul\"},\"logo\":{\"@id\":\"https:\/\/sandzakpress.net\/arhiva\/#\/schema\/person\/image\/\"}},{\"@type\":\"Person\",\"@id\":\"https:\/\/sandzakpress.net\/arhiva\/#\/schema\/person\/c8baee722073534b583ea7bdb2e36c02\",\"name\":\"bosniak\",\"image\":{\"@type\":\"ImageObject\",\"inLanguage\":\"bs-BA\",\"@id\":\"https:\/\/sandzakpress.net\/arhiva\/#\/schema\/person\/image\/\",\"url\":\"https:\/\/secure.gravatar.com\/avatar\/a04fd330bfe3a36a72a0ad4a6d89fca7?s=96&d=mm&r=pg\",\"contentUrl\":\"https:\/\/secure.gravatar.com\/avatar\/a04fd330bfe3a36a72a0ad4a6d89fca7?s=96&d=mm&r=pg\",\"caption\":\"bosniak\"},\"url\":\"https:\/\/sandzakpress.net\/arhiva\/author\/bosniak\/\"}]}<\/script>\n<!-- \/ Yoast SEO Premium plugin. -->","yoast_head_json":{"title":"Zajedni\u010dki iftar u Gornjem Ljubinju na Kosovu","robots":{"index":"index","follow":"follow","max-snippet":"max-snippet:-1","max-image-preview":"max-image-preview:large","max-video-preview":"max-video-preview:-1"},"canonical":"https:\/\/sandzakpress.net\/arhiva\/zajednicki-iftar-u-gornjem-ljubinju-na-kosovu\/","og_locale":"bs_BA","og_type":"article","og_title":"Zajedni\u010dki iftar u Gornjem Ljubinju na Kosovu","og_description":"Kosovo &#8211; Sino\u0107 je u Gornjem Ljubinju, u\u00a0 \u017dupi nadomak Prizrena, odr\u017eana prva\u00a0 manifestacija \u201eFestivala Islama\u201c na Kosovu na kojoj su prisustvovali, pored mnogih zvani\u010dnika iz NV i politi\u010dkog sektora, i prof. dr. Mustafa ef. Ceri\u0107- predsjednik Svijetskog bo\u0161nja\u010dkog kongresa, Glavni imam Islamske zajednice u Srbiji \u2013Muamer ef. Zukorli\u0107, rektor Internacionalnog univerziteta u Novom Pazaru [&hellip;]","og_url":"https:\/\/sandzakpress.net\/arhiva\/zajednicki-iftar-u-gornjem-ljubinju-na-kosovu\/","og_site_name":"Sand\u017eak PRESS","article_published_time":"2013-08-01T13:29:56+00:00","og_image":[{"width":616,"height":462,"url":"https:\/\/sandzakpress.net\/arhiva\/wp-content\/uploads\/2013\/08\/10_resize.jpg","type":"image\/jpeg"}],"author":"bosniak","twitter_card":"summary_large_image","twitter_misc":{"Written by":"bosniak","Est. reading time":"7 minuta"},"schema":{"@context":"https:\/\/schema.org","@graph":[{"@type":"Article","@id":"https:\/\/sandzakpress.net\/arhiva\/zajednicki-iftar-u-gornjem-ljubinju-na-kosovu\/#article","isPartOf":{"@id":"https:\/\/sandzakpress.net\/arhiva\/zajednicki-iftar-u-gornjem-ljubinju-na-kosovu\/"},"author":{"name":"bosniak","@id":"https:\/\/sandzakpress.net\/arhiva\/#\/schema\/person\/c8baee722073534b583ea7bdb2e36c02"},"headline":"Zajedni\u010dki iftar u Gornjem Ljubinju na Kosovu","datePublished":"2013-08-01T13:29:56+00:00","mainEntityOfPage":{"@id":"https:\/\/sandzakpress.net\/arhiva\/zajednicki-iftar-u-gornjem-ljubinju-na-kosovu\/"},"wordCount":1491,"commentCount":2,"publisher":{"@id":"https:\/\/sandzakpress.net\/arhiva\/#\/schema\/person\/6e72b67d6e51910a1117b3b483ba20bd"},"image":{"@id":"https:\/\/sandzakpress.net\/arhiva\/zajednicki-iftar-u-gornjem-ljubinju-na-kosovu\/#primaryimage"},"thumbnailUrl":"https:\/\/sandzakpress.net\/arhiva\/wp-content\/uploads\/2013\/08\/10_resize.jpg","keywords":["muftija Muamer Zukorli\u0107","Ramazan","Svjetski bo\u0161nja\u010dki kongres","Dr. Mustafa Ceri\u0107","Bo\u0161nja\u010dka nacionalna fondacija"],"articleSection":["Nacija","Kosovo","VIJESTI DANA"],"inLanguage":"bs-BA","potentialAction":[{"@type":"CommentAction","name":"Comment","target":["https:\/\/sandzakpress.net\/arhiva\/zajednicki-iftar-u-gornjem-ljubinju-na-kosovu\/#respond"]}]},{"@type":"WebPage","@id":"https:\/\/sandzakpress.net\/arhiva\/zajednicki-iftar-u-gornjem-ljubinju-na-kosovu\/","url":"https:\/\/sandzakpress.net\/arhiva\/zajednicki-iftar-u-gornjem-ljubinju-na-kosovu\/","name":"Zajedni\u010dki iftar u Gornjem Ljubinju na Kosovu","isPartOf":{"@id":"https:\/\/sandzakpress.net\/arhiva\/#website"},"primaryImageOfPage":{"@id":"https:\/\/sandzakpress.net\/arhiva\/zajednicki-iftar-u-gornjem-ljubinju-na-kosovu\/#primaryimage"},"image":{"@id":"https:\/\/sandzakpress.net\/arhiva\/zajednicki-iftar-u-gornjem-ljubinju-na-kosovu\/#primaryimage"},"thumbnailUrl":"https:\/\/sandzakpress.net\/arhiva\/wp-content\/uploads\/2013\/08\/10_resize.jpg","datePublished":"2013-08-01T13:29:56+00:00","breadcrumb":{"@id":"https:\/\/sandzakpress.net\/arhiva\/zajednicki-iftar-u-gornjem-ljubinju-na-kosovu\/#breadcrumb"},"inLanguage":"bs-BA","potentialAction":[{"@type":"ReadAction","target":["https:\/\/sandzakpress.net\/arhiva\/zajednicki-iftar-u-gornjem-ljubinju-na-kosovu\/"]}]},{"@type":"ImageObject","inLanguage":"bs-BA","@id":"https:\/\/sandzakpress.net\/arhiva\/zajednicki-iftar-u-gornjem-ljubinju-na-kosovu\/#primaryimage","url":"https:\/\/sandzakpress.net\/arhiva\/wp-content\/uploads\/2013\/08\/10_resize.jpg","contentUrl":"https:\/\/sandzakpress.net\/arhiva\/wp-content\/uploads\/2013\/08\/10_resize.jpg","width":616,"height":462},{"@type":"BreadcrumbList","@id":"https:\/\/sandzakpress.net\/arhiva\/zajednicki-iftar-u-gornjem-ljubinju-na-kosovu\/#breadcrumb","itemListElement":[{"@type":"ListItem","position":1,"name":"Home","item":"https:\/\/sandzakpress.net\/arhiva\/"},{"@type":"ListItem","position":2,"name":"Zajedni\u010dki iftar u Gornjem Ljubinju na Kosovu"}]},{"@type":"WebSite","@id":"https:\/\/sandzakpress.net\/arhiva\/#website","url":"https:\/\/sandzakpress.net\/arhiva\/","name":"Sand\u017eak PRESS","description":"Prve elektronske novine u Sand\u017eaku","publisher":{"@id":"https:\/\/sandzakpress.net\/arhiva\/#\/schema\/person\/6e72b67d6e51910a1117b3b483ba20bd"},"potentialAction":[{"@type":"SearchAction","target":{"@type":"EntryPoint","urlTemplate":"https:\/\/sandzakpress.net\/arhiva\/?s={search_term_string}"},"query-input":{"@type":"PropertyValueSpecification","valueRequired":true,"valueName":"search_term_string"}}],"inLanguage":"bs-BA"},{"@type":["Person","Organization"],"@id":"https:\/\/sandzakpress.net\/arhiva\/#\/schema\/person\/6e72b67d6e51910a1117b3b483ba20bd","name":"Kul","image":{"@type":"ImageObject","inLanguage":"bs-BA","@id":"https:\/\/sandzakpress.net\/arhiva\/#\/schema\/person\/image\/","url":"https:\/\/secure.gravatar.com\/avatar\/42263f39aa27ac04c43cab85c280eb2e?s=96&d=mm&r=pg","contentUrl":"https:\/\/secure.gravatar.com\/avatar\/42263f39aa27ac04c43cab85c280eb2e?s=96&d=mm&r=pg","caption":"Kul"},"logo":{"@id":"https:\/\/sandzakpress.net\/arhiva\/#\/schema\/person\/image\/"}},{"@type":"Person","@id":"https:\/\/sandzakpress.net\/arhiva\/#\/schema\/person\/c8baee722073534b583ea7bdb2e36c02","name":"bosniak","image":{"@type":"ImageObject","inLanguage":"bs-BA","@id":"https:\/\/sandzakpress.net\/arhiva\/#\/schema\/person\/image\/","url":"https:\/\/secure.gravatar.com\/avatar\/a04fd330bfe3a36a72a0ad4a6d89fca7?s=96&d=mm&r=pg","contentUrl":"https:\/\/secure.gravatar.com\/avatar\/a04fd330bfe3a36a72a0ad4a6d89fca7?s=96&d=mm&r=pg","caption":"bosniak"},"url":"https:\/\/sandzakpress.net\/arhiva\/author\/bosniak\/"}]}},"_links":{"self":[{"href":"https:\/\/sandzakpress.net\/arhiva\/wp-json\/wp\/v2\/posts\/83812"}],"collection":[{"href":"https:\/\/sandzakpress.net\/arhiva\/wp-json\/wp\/v2\/posts"}],"about":[{"href":"https:\/\/sandzakpress.net\/arhiva\/wp-json\/wp\/v2\/types\/post"}],"author":[{"embeddable":true,"href":"https:\/\/sandzakpress.net\/arhiva\/wp-json\/wp\/v2\/users\/83"}],"replies":[{"embeddable":true,"href":"https:\/\/sandzakpress.net\/arhiva\/wp-json\/wp\/v2\/comments?post=83812"}],"version-history":[{"count":0,"href":"https:\/\/sandzakpress.net\/arhiva\/wp-json\/wp\/v2\/posts\/83812\/revisions"}],"wp:featuredmedia":[{"embeddable":true,"href":"https:\/\/sandzakpress.net\/arhiva\/wp-json\/wp\/v2\/media\/83822"}],"wp:attachment":[{"href":"https:\/\/sandzakpress.net\/arhiva\/wp-json\/wp\/v2\/media?parent=83812"}],"wp:term":[{"taxonomy":"category","embeddable":true,"href":"https:\/\/sandzakpress.net\/arhiva\/wp-json\/wp\/v2\/categories?post=83812"},{"taxonomy":"post_tag","embeddable":true,"href":"https:\/\/sandzakpress.net\/arhiva\/wp-json\/wp\/v2\/tags?post=83812"}],"curies":[{"name":"wp","href":"https:\/\/api.w.org\/{rel}","templated":true}]}}