{"id":83762,"date":"2013-07-31T18:26:53","date_gmt":"2013-07-31T16:26:53","guid":{"rendered":"https:\/\/sandzakpress.net\/arhiva\/?p=83762"},"modified":"2013-07-31T18:26:53","modified_gmt":"2013-07-31T16:26:53","slug":"u-petnjici-otvoreni-dani-dijaspore-svuda-podi-kuci-dodi","status":"publish","type":"post","link":"https:\/\/sandzakpress.net\/arhiva\/u-petnjici-otvoreni-dani-dijaspore-svuda-podi-kuci-dodi\/","title":{"rendered":"U Petnjici otvoreni ,,Dani dijaspore\u201c: Svuda po\u0111i, ku\u0107i do\u0111i"},"content":{"rendered":"<p><strong> <a href=\"https:\/\/sandzakpress.net\/arhiva\/wp-content\/uploads\/2013\/07\/Petnjica-u-300x168.jpg\"><img loading=\"lazy\" decoding=\"async\" class=\"alignleft size-full wp-image-83763\" alt=\"Petnjica-u-300x168\" src=\"https:\/\/sandzakpress.net\/arhiva\/wp-content\/uploads\/2013\/07\/Petnjica-u-300x168.jpg\" width=\"300\" height=\"168\" \/><\/a>Petjica &#8211; Izlo\u017ebom slika \u201eBoje sjevera\u201c ju\u010de su u Domu kulture u Petnjici otvoreni 11. \u201eDani dijaspore\u201c.<\/strong><\/p>\n<p>Progla\u0161avaju\u0107i manifestaciju otvorenom, predsjednik op\u0161tine Berane Vuka Golubovi\u0107 ljudima iz ovog kraja, kojih ima po cijelom svijetu, \u010destitao je op\u0161tinu. Zahvalio je za to \u0161to su dali veliki doprinos obnavljanju dr\u017eavnosti i\u00a0 razvoju demokratskih procesa.<\/p>\n<p>On je naglasio da je beranska lokalna uprava u posljednjih sedam godina posvetila posebnu pa\u017enju petnji\u010dkom kraju. Istakao je da o tome najbolje svjedo\u010de desetine kilometara asfaltiranih lokalnih puteva, novi vodovodi, dalekovodi, nove farme i drugi realizivani projekti, me\u0111u kojima se izdvaja zgrada Doma kulture.<\/p>\n<p>Golubovi\u0107 je kazao da je planirana realizacija brojnih projekata.<\/p>\n<p>&#8211; Uskoro \u0107e zapo\u010deti rekonstrukcija regionalnog puta Berane \u2013 Trpezi \u2013 Kala\u010de, a po\u010de\u0107e da radi i pogon sirare. Veoma je va\u017eno da \u0107e u Petnjici do kraja godine biti konstituisana prva lokalna vlast i tako krenuti da funkcioni\u0161e nova op\u0161tina u punom kapacitetu \u2013 kazao je Golubovi\u0107.<\/p>\n<p>Predsjednik SO Berane Samir Agovi\u0107, rekao je da\u00a0 mu je zadovoljstvo \u0161to se ovogodi\u0161nji \u201eDani dijaspore\u201c odr\u017eavaju u susret formiranju op\u0161tine.<\/p>\n<p>Hakija Aliba\u0161i\u0107, Ze\u0107o \u0160aboti\u0107 i Edin Lati\u0107 su, u ime dijaspore, kazali da se nadaju da \u0107e u obnovljenoj op\u0161tini Petnjica \u00a0Petnji\u010danima koji se nalaze na privremenom radu u inostranstvu omogu\u0107iti da otvaraju manja preduze\u0107a i da ste\u010deni klapital ula\u017eu u razvojne investicije.<\/p>\n<p>Skup je u ime Ministarstva vanjskih poslova Crne Gore pozdravio Branko Mili\u0107, isti\u010du\u0107i da Vlada posebnu pa\u017enju poklanja na\u0161im ljudima koji \u017eive van granica Crne Gore i da \u0107e nastaviti da udovoljava potrebama i interesima na\u0161e brojne dijaspore.<\/p>\n<p>(pobjeda)<\/p>\n","protected":false},"excerpt":{"rendered":"<p>Petjica &#8211; Izlo\u017ebom slika \u201eBoje sjevera\u201c ju\u010de su u Domu kulture u Petnjici otvoreni 11. \u201eDani dijaspore\u201c. Progla\u0161avaju\u0107i manifestaciju otvorenom, predsjednik op\u0161tine Berane Vuka Golubovi\u0107 ljudima iz ovog kraja, kojih ima po cijelom svijetu, \u010destitao je op\u0161tinu. Zahvalio je za to \u0161to su dali veliki doprinos obnavljanju dr\u017eavnosti i\u00a0 razvoju demokratskih procesa. On je naglasio [&hellip;]<\/p>\n","protected":false},"author":83,"featured_media":83763,"comment_status":"open","ping_status":"open","sticky":false,"template":"","format":"standard","meta":{"footnotes":""},"categories":[10174,5],"tags":[],"class_list":{"0":"post-83762","1":"post","2":"type-post","3":"status-publish","4":"format-standard","5":"has-post-thumbnail","7":"category-petnjica-vase-vijesti","8":"category-drustvo"},"yoast_head":"<!-- This site is optimized with the Yoast SEO Premium plugin v23.1 (Yoast SEO v24.9) - https:\/\/yoast.com\/wordpress\/plugins\/seo\/ -->\n<title>U Petnjici otvoreni ,,Dani dijaspore\u201c: Svuda po\u0111i, ku\u0107i do\u0111i<\/title>\n<meta name=\"robots\" content=\"index, follow, max-snippet:-1, max-image-preview:large, max-video-preview:-1\" \/>\n<link rel=\"canonical\" href=\"https:\/\/sandzakpress.net\/arhiva\/u-petnjici-otvoreni-dani-dijaspore-svuda-podi-kuci-dodi\/\" \/>\n<meta property=\"og:locale\" content=\"bs_BA\" \/>\n<meta property=\"og:type\" content=\"article\" \/>\n<meta property=\"og:title\" content=\"U Petnjici otvoreni ,,Dani dijaspore\u201c: Svuda po\u0111i, ku\u0107i do\u0111i\" \/>\n<meta property=\"og:description\" content=\"Petjica &#8211; Izlo\u017ebom slika \u201eBoje sjevera\u201c ju\u010de su u Domu kulture u Petnjici otvoreni 11. \u201eDani dijaspore\u201c. Progla\u0161avaju\u0107i manifestaciju otvorenom, predsjednik op\u0161tine Berane Vuka Golubovi\u0107 ljudima iz ovog kraja, kojih ima po cijelom svijetu, \u010destitao je op\u0161tinu. Zahvalio je za to \u0161to su dali veliki doprinos obnavljanju dr\u017eavnosti i\u00a0 razvoju demokratskih procesa. On je naglasio [&hellip;]\" \/>\n<meta property=\"og:url\" content=\"https:\/\/sandzakpress.net\/arhiva\/u-petnjici-otvoreni-dani-dijaspore-svuda-podi-kuci-dodi\/\" \/>\n<meta property=\"og:site_name\" content=\"Sand\u017eak PRESS\" \/>\n<meta property=\"article:published_time\" content=\"2013-07-31T16:26:53+00:00\" \/>\n<meta property=\"og:image\" content=\"https:\/\/sandzakpress.net\/arhiva\/wp-content\/uploads\/2013\/07\/Petnjica-u-300x168.jpg\" \/>\n\t<meta property=\"og:image:width\" content=\"300\" \/>\n\t<meta property=\"og:image:height\" content=\"168\" \/>\n\t<meta property=\"og:image:type\" content=\"image\/jpeg\" \/>\n<meta name=\"author\" content=\"bosniak\" \/>\n<meta name=\"twitter:card\" content=\"summary_large_image\" \/>\n<meta name=\"twitter:label1\" content=\"Written by\" \/>\n\t<meta name=\"twitter:data1\" content=\"bosniak\" \/>\n\t<meta name=\"twitter:label2\" content=\"Est. reading time\" \/>\n\t<meta name=\"twitter:data2\" content=\"1 minuta\" \/>\n<script type=\"application\/ld+json\" class=\"yoast-schema-graph\">{\"@context\":\"https:\/\/schema.org\",\"@graph\":[{\"@type\":\"Article\",\"@id\":\"https:\/\/sandzakpress.net\/arhiva\/u-petnjici-otvoreni-dani-dijaspore-svuda-podi-kuci-dodi\/#article\",\"isPartOf\":{\"@id\":\"https:\/\/sandzakpress.net\/arhiva\/u-petnjici-otvoreni-dani-dijaspore-svuda-podi-kuci-dodi\/\"},\"author\":{\"name\":\"bosniak\",\"@id\":\"https:\/\/sandzakpress.net\/arhiva\/#\/schema\/person\/c8baee722073534b583ea7bdb2e36c02\"},\"headline\":\"U Petnjici otvoreni ,,Dani dijaspore\u201c: Svuda po\u0111i, ku\u0107i do\u0111i\",\"datePublished\":\"2013-07-31T16:26:53+00:00\",\"mainEntityOfPage\":{\"@id\":\"https:\/\/sandzakpress.net\/arhiva\/u-petnjici-otvoreni-dani-dijaspore-svuda-podi-kuci-dodi\/\"},\"wordCount\":299,\"commentCount\":0,\"publisher\":{\"@id\":\"https:\/\/sandzakpress.net\/arhiva\/#\/schema\/person\/6e72b67d6e51910a1117b3b483ba20bd\"},\"image\":{\"@id\":\"https:\/\/sandzakpress.net\/arhiva\/u-petnjici-otvoreni-dani-dijaspore-svuda-podi-kuci-dodi\/#primaryimage\"},\"thumbnailUrl\":\"https:\/\/sandzakpress.net\/arhiva\/wp-content\/uploads\/2013\/07\/Petnjica-u-300x168.jpg\",\"articleSection\":[\"Petnjica\",\"Dru\u0161tvo\"],\"inLanguage\":\"bs-BA\",\"potentialAction\":[{\"@type\":\"CommentAction\",\"name\":\"Comment\",\"target\":[\"https:\/\/sandzakpress.net\/arhiva\/u-petnjici-otvoreni-dani-dijaspore-svuda-podi-kuci-dodi\/#respond\"]}]},{\"@type\":\"WebPage\",\"@id\":\"https:\/\/sandzakpress.net\/arhiva\/u-petnjici-otvoreni-dani-dijaspore-svuda-podi-kuci-dodi\/\",\"url\":\"https:\/\/sandzakpress.net\/arhiva\/u-petnjici-otvoreni-dani-dijaspore-svuda-podi-kuci-dodi\/\",\"name\":\"U Petnjici otvoreni ,,Dani dijaspore\u201c: Svuda po\u0111i, ku\u0107i do\u0111i\",\"isPartOf\":{\"@id\":\"https:\/\/sandzakpress.net\/arhiva\/#website\"},\"primaryImageOfPage\":{\"@id\":\"https:\/\/sandzakpress.net\/arhiva\/u-petnjici-otvoreni-dani-dijaspore-svuda-podi-kuci-dodi\/#primaryimage\"},\"image\":{\"@id\":\"https:\/\/sandzakpress.net\/arhiva\/u-petnjici-otvoreni-dani-dijaspore-svuda-podi-kuci-dodi\/#primaryimage\"},\"thumbnailUrl\":\"https:\/\/sandzakpress.net\/arhiva\/wp-content\/uploads\/2013\/07\/Petnjica-u-300x168.jpg\",\"datePublished\":\"2013-07-31T16:26:53+00:00\",\"breadcrumb\":{\"@id\":\"https:\/\/sandzakpress.net\/arhiva\/u-petnjici-otvoreni-dani-dijaspore-svuda-podi-kuci-dodi\/#breadcrumb\"},\"inLanguage\":\"bs-BA\",\"potentialAction\":[{\"@type\":\"ReadAction\",\"target\":[\"https:\/\/sandzakpress.net\/arhiva\/u-petnjici-otvoreni-dani-dijaspore-svuda-podi-kuci-dodi\/\"]}]},{\"@type\":\"ImageObject\",\"inLanguage\":\"bs-BA\",\"@id\":\"https:\/\/sandzakpress.net\/arhiva\/u-petnjici-otvoreni-dani-dijaspore-svuda-podi-kuci-dodi\/#primaryimage\",\"url\":\"https:\/\/sandzakpress.net\/arhiva\/wp-content\/uploads\/2013\/07\/Petnjica-u-300x168.jpg\",\"contentUrl\":\"https:\/\/sandzakpress.net\/arhiva\/wp-content\/uploads\/2013\/07\/Petnjica-u-300x168.jpg\",\"width\":300,\"height\":168},{\"@type\":\"BreadcrumbList\",\"@id\":\"https:\/\/sandzakpress.net\/arhiva\/u-petnjici-otvoreni-dani-dijaspore-svuda-podi-kuci-dodi\/#breadcrumb\",\"itemListElement\":[{\"@type\":\"ListItem\",\"position\":1,\"name\":\"Home\",\"item\":\"https:\/\/sandzakpress.net\/arhiva\/\"},{\"@type\":\"ListItem\",\"position\":2,\"name\":\"U Petnjici otvoreni ,,Dani dijaspore\u201c: Svuda po\u0111i, ku\u0107i do\u0111i\"}]},{\"@type\":\"WebSite\",\"@id\":\"https:\/\/sandzakpress.net\/arhiva\/#website\",\"url\":\"https:\/\/sandzakpress.net\/arhiva\/\",\"name\":\"Sand\u017eak PRESS\",\"description\":\"Prve elektronske novine u Sand\u017eaku\",\"publisher\":{\"@id\":\"https:\/\/sandzakpress.net\/arhiva\/#\/schema\/person\/6e72b67d6e51910a1117b3b483ba20bd\"},\"potentialAction\":[{\"@type\":\"SearchAction\",\"target\":{\"@type\":\"EntryPoint\",\"urlTemplate\":\"https:\/\/sandzakpress.net\/arhiva\/?s={search_term_string}\"},\"query-input\":{\"@type\":\"PropertyValueSpecification\",\"valueRequired\":true,\"valueName\":\"search_term_string\"}}],\"inLanguage\":\"bs-BA\"},{\"@type\":[\"Person\",\"Organization\"],\"@id\":\"https:\/\/sandzakpress.net\/arhiva\/#\/schema\/person\/6e72b67d6e51910a1117b3b483ba20bd\",\"name\":\"Kul\",\"image\":{\"@type\":\"ImageObject\",\"inLanguage\":\"bs-BA\",\"@id\":\"https:\/\/sandzakpress.net\/arhiva\/#\/schema\/person\/image\/\",\"url\":\"https:\/\/secure.gravatar.com\/avatar\/42263f39aa27ac04c43cab85c280eb2e?s=96&d=mm&r=pg\",\"contentUrl\":\"https:\/\/secure.gravatar.com\/avatar\/42263f39aa27ac04c43cab85c280eb2e?s=96&d=mm&r=pg\",\"caption\":\"Kul\"},\"logo\":{\"@id\":\"https:\/\/sandzakpress.net\/arhiva\/#\/schema\/person\/image\/\"}},{\"@type\":\"Person\",\"@id\":\"https:\/\/sandzakpress.net\/arhiva\/#\/schema\/person\/c8baee722073534b583ea7bdb2e36c02\",\"name\":\"bosniak\",\"image\":{\"@type\":\"ImageObject\",\"inLanguage\":\"bs-BA\",\"@id\":\"https:\/\/sandzakpress.net\/arhiva\/#\/schema\/person\/image\/\",\"url\":\"https:\/\/secure.gravatar.com\/avatar\/a04fd330bfe3a36a72a0ad4a6d89fca7?s=96&d=mm&r=pg\",\"contentUrl\":\"https:\/\/secure.gravatar.com\/avatar\/a04fd330bfe3a36a72a0ad4a6d89fca7?s=96&d=mm&r=pg\",\"caption\":\"bosniak\"},\"url\":\"https:\/\/sandzakpress.net\/arhiva\/author\/bosniak\/\"}]}<\/script>\n<!-- \/ Yoast SEO Premium plugin. -->","yoast_head_json":{"title":"U Petnjici otvoreni ,,Dani dijaspore\u201c: Svuda po\u0111i, ku\u0107i do\u0111i","robots":{"index":"index","follow":"follow","max-snippet":"max-snippet:-1","max-image-preview":"max-image-preview:large","max-video-preview":"max-video-preview:-1"},"canonical":"https:\/\/sandzakpress.net\/arhiva\/u-petnjici-otvoreni-dani-dijaspore-svuda-podi-kuci-dodi\/","og_locale":"bs_BA","og_type":"article","og_title":"U Petnjici otvoreni ,,Dani dijaspore\u201c: Svuda po\u0111i, ku\u0107i do\u0111i","og_description":"Petjica &#8211; Izlo\u017ebom slika \u201eBoje sjevera\u201c ju\u010de su u Domu kulture u Petnjici otvoreni 11. \u201eDani dijaspore\u201c. Progla\u0161avaju\u0107i manifestaciju otvorenom, predsjednik op\u0161tine Berane Vuka Golubovi\u0107 ljudima iz ovog kraja, kojih ima po cijelom svijetu, \u010destitao je op\u0161tinu. Zahvalio je za to \u0161to su dali veliki doprinos obnavljanju dr\u017eavnosti i\u00a0 razvoju demokratskih procesa. On je naglasio [&hellip;]","og_url":"https:\/\/sandzakpress.net\/arhiva\/u-petnjici-otvoreni-dani-dijaspore-svuda-podi-kuci-dodi\/","og_site_name":"Sand\u017eak PRESS","article_published_time":"2013-07-31T16:26:53+00:00","og_image":[{"width":300,"height":168,"url":"https:\/\/sandzakpress.net\/arhiva\/wp-content\/uploads\/2013\/07\/Petnjica-u-300x168.jpg","type":"image\/jpeg"}],"author":"bosniak","twitter_card":"summary_large_image","twitter_misc":{"Written by":"bosniak","Est. reading time":"1 minuta"},"schema":{"@context":"https:\/\/schema.org","@graph":[{"@type":"Article","@id":"https:\/\/sandzakpress.net\/arhiva\/u-petnjici-otvoreni-dani-dijaspore-svuda-podi-kuci-dodi\/#article","isPartOf":{"@id":"https:\/\/sandzakpress.net\/arhiva\/u-petnjici-otvoreni-dani-dijaspore-svuda-podi-kuci-dodi\/"},"author":{"name":"bosniak","@id":"https:\/\/sandzakpress.net\/arhiva\/#\/schema\/person\/c8baee722073534b583ea7bdb2e36c02"},"headline":"U Petnjici otvoreni ,,Dani dijaspore\u201c: Svuda po\u0111i, ku\u0107i do\u0111i","datePublished":"2013-07-31T16:26:53+00:00","mainEntityOfPage":{"@id":"https:\/\/sandzakpress.net\/arhiva\/u-petnjici-otvoreni-dani-dijaspore-svuda-podi-kuci-dodi\/"},"wordCount":299,"commentCount":0,"publisher":{"@id":"https:\/\/sandzakpress.net\/arhiva\/#\/schema\/person\/6e72b67d6e51910a1117b3b483ba20bd"},"image":{"@id":"https:\/\/sandzakpress.net\/arhiva\/u-petnjici-otvoreni-dani-dijaspore-svuda-podi-kuci-dodi\/#primaryimage"},"thumbnailUrl":"https:\/\/sandzakpress.net\/arhiva\/wp-content\/uploads\/2013\/07\/Petnjica-u-300x168.jpg","articleSection":["Petnjica","Dru\u0161tvo"],"inLanguage":"bs-BA","potentialAction":[{"@type":"CommentAction","name":"Comment","target":["https:\/\/sandzakpress.net\/arhiva\/u-petnjici-otvoreni-dani-dijaspore-svuda-podi-kuci-dodi\/#respond"]}]},{"@type":"WebPage","@id":"https:\/\/sandzakpress.net\/arhiva\/u-petnjici-otvoreni-dani-dijaspore-svuda-podi-kuci-dodi\/","url":"https:\/\/sandzakpress.net\/arhiva\/u-petnjici-otvoreni-dani-dijaspore-svuda-podi-kuci-dodi\/","name":"U Petnjici otvoreni ,,Dani dijaspore\u201c: Svuda po\u0111i, ku\u0107i do\u0111i","isPartOf":{"@id":"https:\/\/sandzakpress.net\/arhiva\/#website"},"primaryImageOfPage":{"@id":"https:\/\/sandzakpress.net\/arhiva\/u-petnjici-otvoreni-dani-dijaspore-svuda-podi-kuci-dodi\/#primaryimage"},"image":{"@id":"https:\/\/sandzakpress.net\/arhiva\/u-petnjici-otvoreni-dani-dijaspore-svuda-podi-kuci-dodi\/#primaryimage"},"thumbnailUrl":"https:\/\/sandzakpress.net\/arhiva\/wp-content\/uploads\/2013\/07\/Petnjica-u-300x168.jpg","datePublished":"2013-07-31T16:26:53+00:00","breadcrumb":{"@id":"https:\/\/sandzakpress.net\/arhiva\/u-petnjici-otvoreni-dani-dijaspore-svuda-podi-kuci-dodi\/#breadcrumb"},"inLanguage":"bs-BA","potentialAction":[{"@type":"ReadAction","target":["https:\/\/sandzakpress.net\/arhiva\/u-petnjici-otvoreni-dani-dijaspore-svuda-podi-kuci-dodi\/"]}]},{"@type":"ImageObject","inLanguage":"bs-BA","@id":"https:\/\/sandzakpress.net\/arhiva\/u-petnjici-otvoreni-dani-dijaspore-svuda-podi-kuci-dodi\/#primaryimage","url":"https:\/\/sandzakpress.net\/arhiva\/wp-content\/uploads\/2013\/07\/Petnjica-u-300x168.jpg","contentUrl":"https:\/\/sandzakpress.net\/arhiva\/wp-content\/uploads\/2013\/07\/Petnjica-u-300x168.jpg","width":300,"height":168},{"@type":"BreadcrumbList","@id":"https:\/\/sandzakpress.net\/arhiva\/u-petnjici-otvoreni-dani-dijaspore-svuda-podi-kuci-dodi\/#breadcrumb","itemListElement":[{"@type":"ListItem","position":1,"name":"Home","item":"https:\/\/sandzakpress.net\/arhiva\/"},{"@type":"ListItem","position":2,"name":"U Petnjici otvoreni ,,Dani dijaspore\u201c: Svuda po\u0111i, ku\u0107i do\u0111i"}]},{"@type":"WebSite","@id":"https:\/\/sandzakpress.net\/arhiva\/#website","url":"https:\/\/sandzakpress.net\/arhiva\/","name":"Sand\u017eak PRESS","description":"Prve elektronske novine u Sand\u017eaku","publisher":{"@id":"https:\/\/sandzakpress.net\/arhiva\/#\/schema\/person\/6e72b67d6e51910a1117b3b483ba20bd"},"potentialAction":[{"@type":"SearchAction","target":{"@type":"EntryPoint","urlTemplate":"https:\/\/sandzakpress.net\/arhiva\/?s={search_term_string}"},"query-input":{"@type":"PropertyValueSpecification","valueRequired":true,"valueName":"search_term_string"}}],"inLanguage":"bs-BA"},{"@type":["Person","Organization"],"@id":"https:\/\/sandzakpress.net\/arhiva\/#\/schema\/person\/6e72b67d6e51910a1117b3b483ba20bd","name":"Kul","image":{"@type":"ImageObject","inLanguage":"bs-BA","@id":"https:\/\/sandzakpress.net\/arhiva\/#\/schema\/person\/image\/","url":"https:\/\/secure.gravatar.com\/avatar\/42263f39aa27ac04c43cab85c280eb2e?s=96&d=mm&r=pg","contentUrl":"https:\/\/secure.gravatar.com\/avatar\/42263f39aa27ac04c43cab85c280eb2e?s=96&d=mm&r=pg","caption":"Kul"},"logo":{"@id":"https:\/\/sandzakpress.net\/arhiva\/#\/schema\/person\/image\/"}},{"@type":"Person","@id":"https:\/\/sandzakpress.net\/arhiva\/#\/schema\/person\/c8baee722073534b583ea7bdb2e36c02","name":"bosniak","image":{"@type":"ImageObject","inLanguage":"bs-BA","@id":"https:\/\/sandzakpress.net\/arhiva\/#\/schema\/person\/image\/","url":"https:\/\/secure.gravatar.com\/avatar\/a04fd330bfe3a36a72a0ad4a6d89fca7?s=96&d=mm&r=pg","contentUrl":"https:\/\/secure.gravatar.com\/avatar\/a04fd330bfe3a36a72a0ad4a6d89fca7?s=96&d=mm&r=pg","caption":"bosniak"},"url":"https:\/\/sandzakpress.net\/arhiva\/author\/bosniak\/"}]}},"_links":{"self":[{"href":"https:\/\/sandzakpress.net\/arhiva\/wp-json\/wp\/v2\/posts\/83762"}],"collection":[{"href":"https:\/\/sandzakpress.net\/arhiva\/wp-json\/wp\/v2\/posts"}],"about":[{"href":"https:\/\/sandzakpress.net\/arhiva\/wp-json\/wp\/v2\/types\/post"}],"author":[{"embeddable":true,"href":"https:\/\/sandzakpress.net\/arhiva\/wp-json\/wp\/v2\/users\/83"}],"replies":[{"embeddable":true,"href":"https:\/\/sandzakpress.net\/arhiva\/wp-json\/wp\/v2\/comments?post=83762"}],"version-history":[{"count":0,"href":"https:\/\/sandzakpress.net\/arhiva\/wp-json\/wp\/v2\/posts\/83762\/revisions"}],"wp:featuredmedia":[{"embeddable":true,"href":"https:\/\/sandzakpress.net\/arhiva\/wp-json\/wp\/v2\/media\/83763"}],"wp:attachment":[{"href":"https:\/\/sandzakpress.net\/arhiva\/wp-json\/wp\/v2\/media?parent=83762"}],"wp:term":[{"taxonomy":"category","embeddable":true,"href":"https:\/\/sandzakpress.net\/arhiva\/wp-json\/wp\/v2\/categories?post=83762"},{"taxonomy":"post_tag","embeddable":true,"href":"https:\/\/sandzakpress.net\/arhiva\/wp-json\/wp\/v2\/tags?post=83762"}],"curies":[{"name":"wp","href":"https:\/\/api.w.org\/{rel}","templated":true}]}}