{"id":8362,"date":"2010-09-19T17:44:57","date_gmt":"2010-09-19T17:44:57","guid":{"rendered":"https:\/\/sandzakpress.net\/arhiva\/?p=8362"},"modified":"2010-09-19T17:44:57","modified_gmt":"2010-09-19T17:44:57","slug":"pomocnik-sandzackog-muftije-u-washingtonu","status":"publish","type":"post","link":"https:\/\/sandzakpress.net\/arhiva\/pomocnik-sandzackog-muftije-u-washingtonu\/","title":{"rendered":"Pomo\u0107nik sand\u017ea\u010dkog muftije u Washingtonu"},"content":{"rendered":"<p><strong><a href=\"https:\/\/sandzakpress.net\/arhiva\/wp-content\/uploads\/2010\/09\/Senad_Halitovic_Bosnjacko_americko_vijece_Washingtonu.jpg\"><img loading=\"lazy\" decoding=\"async\" class=\"alignleft size-medium wp-image-8363\" title=\"Senad_Halitovic_Bosnjacko_americko_vijece_Washingtonu\" src=\"https:\/\/sandzakpress.net\/arhiva\/wp-content\/uploads\/2010\/09\/Senad_Halitovic_Bosnjacko_americko_vijece_Washingtonu-300x270.jpg\" alt=\"\" width=\"300\" height=\"270\" \/><\/a>Sand\u017eak &#8211; U uredu Bo\u0161nja\u010dko-ameri\u010dkog savjetodavnog vije\u0107a za Bosnu i Hercegovinu u Washingtonu \u010delnici spomenute organizacije primili su pomo\u0107nika sand\u017ea\u010dkog muftije i glavnog imama Med\u017elisa u Novom Pazaru mr. Senada Halitovi\u0107a.<\/strong><\/p>\n<p>Pomo\u0107nik sand\u017ea\u010dkog muftije upoznao je \u010dlanove Vije\u0107a o diskriminatorskom odnosu srbijanskih vlasti prema Bo\u0161njacima i muslimanima u Srbiji sa posebnim akcentom na regiji Sand\u017eak. Halitovi\u0107 ih je upoznao o mije\u0161anju srbijanskog politi\u010dkog faktora i Srpske pravoslavne crkve u radu Islamske zajednice u Srbiji i netolerantnog odnosa Ministarstva za vjere na \u010delu sa ministrom Bogoljubom \u0160ijakovi\u0107em; zatim otimanju vakufske imovine u Novom Pazaru. Bilo je govora i oko formiranja Bo\u0161nja\u010dkog nacionalnog vije\u0107a u Srbiji. \u010clanovi Vije\u0107a iskazali su zabrinutost zbog doga\u0111anja koji se de\u0161avaju prema njihovim sunarodnicama u Srbiji i Sand\u017eaku, tj. dijela bo\u0161nja\u010dkog naroda koji \u017eivi van Bosne i Hercegovine.<\/p>\n<p>&#8211; \u201cDoga\u0111anja u Srbiji i Sand\u017eaku trebaju zabrinuti svakog \u010destitog i iskrenog \u010dovjeka, a posebno Bo\u0161njake i njihove institucije koji zbog bliske pro\u0161losti, ali i doga\u0111anja u BiH ne bi smjeli da \u0161ute ili pak ostati skr\u0161etnih ruku\u201d, &#8211; rekao je mr. Halitovi\u0107.<br \/>\nOn je za razloge posjete Washingtonu naglasio: \u201cPoznato je ve\u0107 da Bo\u0161nja\u010dko-ameri\u010dko Savjetodavno vije\u0107e za BiH uz Kongres Bo\u0161njaka Sjeverne Amerike ve\u0107 dugi niz godina uspje\u0161no djeluju na ovom kontinentu \u0161tite\u0107i vitalne interese na\u0161eg naroda. Stoga i cilj moje posjete Washingtonu jeste susret sa \u010delni\u0161tvom Bo\u0161nja\u010dko-ameri\u010dkog Savjetodavnog vije\u0107a, upoznati ih o problemama sa kojima se susre\u0107u Bo\u0161njaci i muslimani u Srbiji i Sand\u017eaku.<\/p>\n<p>S druge strane cijene\u0107i njihove lobisti\u010dke aktivnosti u proteklom periodu u Washingtonu, za koje se itetako zna u balkanskom regionu, kao i formiranje Kluba prijatelja na Capitol hillu, koji je sastavljen od najuglednijih i najuticajnijih ameri\u010dkih kongresmena, namjera je da do njih do\u0111e na\u0161 glas i da im se uka\u017ee na kr\u0161enja ljudskih prava nad muslimanima i Bo\u0161njacima u Srbiji, de\u0161avanja u Sand\u017eaku. Na\u0161a incijativa ide u tom smjeru da sand\u017ea\u010dki problem kona\u010dno poprimi internacionalni zana\u010daj, jer srbijanski re\u017eim ignorira zahtjeve na\u0161ih institucija koje djeluju u toj zemlji, zaklju\u010dio je mr. Halitovi\u0107.<\/p>\n<p>Mr. Halitovi\u0107a u uredu Bo\u0161nja\u010dko-ameri\u010dkog savjetodavnog vije\u0107a su primili Admir \u0160erifovi\u0107 &#8211; predsjednik, Ajla Delki\u0107 &#8211; izvr\u0161ni direktor, Adna Karamehi\u0107 \u2013 potpredsjednik, Vehid Deumi\u0107 \u2013 \u010dlan Povjereni\u010dkog doma&#8230;<\/p>\n<p>Bo\u0161nja\u010dko-ameri\u010dko Savjetodavno vije\u0107e za Bosnu i Hercegovinu je nevladina, nestrana\u010dka i neprofitna organizacija posve\u0107ena zastupanju interesa ameri\u010dkih dr\u017eavljana bosansko-hercegova\u010dkog porijekla koji \u017eive u Sjedinjenim Ameri\u010dkim Dr\u017eavama, promovi\u0161u\u0107i mir i ekonomski razvoj na Balkanu, njeguju\u0107i demokratska dostignu\u0107a, zala\u017eu\u0107i se za po\u0161tivanje ljudskih prava te podsti\u010du\u0107i obrazovne i razvojne programe u Bosni i Hercegovini. Za vi\u0161e informacija posjetite slu\u017ebeni stranicu\u00a0<a href=\"http:\/\/www.baacbh.org\/\" target=\"_blank\">www.baacbh.org<\/a>.<\/p>\n<p>Izvor:<strong> Bosnjaci.net<\/strong><\/p>\n","protected":false},"excerpt":{"rendered":"<p>Sand\u017eak &#8211; U uredu Bo\u0161nja\u010dko-ameri\u010dkog savjetodavnog vije\u0107a za Bosnu i Hercegovinu u Washingtonu \u010delnici spomenute organizacije primili su pomo\u0107nika sand\u017ea\u010dkog muftije i glavnog imama Med\u017elisa u Novom Pazaru mr. Senada Halitovi\u0107a. Pomo\u0107nik sand\u017ea\u010dkog muftije upoznao je \u010dlanove Vije\u0107a o diskriminatorskom odnosu srbijanskih vlasti prema Bo\u0161njacima i muslimanima u Srbiji sa posebnim akcentom na regiji Sand\u017eak. [&hellip;]<\/p>\n","protected":false},"author":83,"featured_media":8363,"comment_status":"open","ping_status":"open","sticky":false,"template":"","format":"standard","meta":{"footnotes":""},"categories":[72,800,399],"tags":[],"class_list":{"0":"post-8362","1":"post","2":"type-post","3":"status-publish","4":"format-standard","5":"has-post-thumbnail","7":"category-novi-pazar","8":"category-nacija","9":"category-plav_"},"yoast_head":"<!-- This site is optimized with the Yoast SEO Premium plugin v23.1 (Yoast SEO v24.9) - https:\/\/yoast.com\/wordpress\/plugins\/seo\/ -->\n<title>Pomo\u0107nik sand\u017ea\u010dkog muftije u Washingtonu<\/title>\n<meta name=\"robots\" content=\"index, follow, max-snippet:-1, max-image-preview:large, max-video-preview:-1\" \/>\n<link rel=\"canonical\" href=\"https:\/\/sandzakpress.net\/arhiva\/pomocnik-sandzackog-muftije-u-washingtonu\/\" \/>\n<meta property=\"og:locale\" content=\"bs_BA\" \/>\n<meta property=\"og:type\" content=\"article\" \/>\n<meta property=\"og:title\" content=\"Pomo\u0107nik sand\u017ea\u010dkog muftije u Washingtonu\" \/>\n<meta property=\"og:description\" content=\"Sand\u017eak &#8211; U uredu Bo\u0161nja\u010dko-ameri\u010dkog savjetodavnog vije\u0107a za Bosnu i Hercegovinu u Washingtonu \u010delnici spomenute organizacije primili su pomo\u0107nika sand\u017ea\u010dkog muftije i glavnog imama Med\u017elisa u Novom Pazaru mr. Senada Halitovi\u0107a. Pomo\u0107nik sand\u017ea\u010dkog muftije upoznao je \u010dlanove Vije\u0107a o diskriminatorskom odnosu srbijanskih vlasti prema Bo\u0161njacima i muslimanima u Srbiji sa posebnim akcentom na regiji Sand\u017eak. [&hellip;]\" \/>\n<meta property=\"og:url\" content=\"https:\/\/sandzakpress.net\/arhiva\/pomocnik-sandzackog-muftije-u-washingtonu\/\" \/>\n<meta property=\"og:site_name\" content=\"Sand\u017eak PRESS\" \/>\n<meta property=\"article:published_time\" content=\"2010-09-19T17:44:57+00:00\" \/>\n<meta property=\"og:image\" content=\"https:\/\/sandzakpress.net\/arhiva\/wp-content\/uploads\/2010\/09\/Senad_Halitovic_Bosnjacko_americko_vijece_Washingtonu.jpg\" \/>\n\t<meta property=\"og:image:width\" content=\"616\" \/>\n\t<meta property=\"og:image:height\" content=\"554\" \/>\n\t<meta property=\"og:image:type\" content=\"image\/jpeg\" \/>\n<meta name=\"author\" content=\"bosniak\" \/>\n<meta name=\"twitter:card\" content=\"summary_large_image\" \/>\n<meta name=\"twitter:label1\" content=\"Written by\" \/>\n\t<meta name=\"twitter:data1\" content=\"bosniak\" \/>\n\t<meta name=\"twitter:label2\" content=\"Est. reading time\" \/>\n\t<meta name=\"twitter:data2\" content=\"3 minute\" \/>\n<script type=\"application\/ld+json\" class=\"yoast-schema-graph\">{\"@context\":\"https:\/\/schema.org\",\"@graph\":[{\"@type\":\"Article\",\"@id\":\"https:\/\/sandzakpress.net\/arhiva\/pomocnik-sandzackog-muftije-u-washingtonu\/#article\",\"isPartOf\":{\"@id\":\"https:\/\/sandzakpress.net\/arhiva\/pomocnik-sandzackog-muftije-u-washingtonu\/\"},\"author\":{\"name\":\"bosniak\",\"@id\":\"https:\/\/sandzakpress.net\/arhiva\/#\/schema\/person\/c8baee722073534b583ea7bdb2e36c02\"},\"headline\":\"Pomo\u0107nik sand\u017ea\u010dkog muftije u Washingtonu\",\"datePublished\":\"2010-09-19T17:44:57+00:00\",\"mainEntityOfPage\":{\"@id\":\"https:\/\/sandzakpress.net\/arhiva\/pomocnik-sandzackog-muftije-u-washingtonu\/\"},\"wordCount\":523,\"commentCount\":1,\"publisher\":{\"@id\":\"https:\/\/sandzakpress.net\/arhiva\/#\/schema\/person\/6e72b67d6e51910a1117b3b483ba20bd\"},\"image\":{\"@id\":\"https:\/\/sandzakpress.net\/arhiva\/pomocnik-sandzackog-muftije-u-washingtonu\/#primaryimage\"},\"thumbnailUrl\":\"https:\/\/sandzakpress.net\/arhiva\/wp-content\/uploads\/2010\/09\/Senad_Halitovic_Bosnjacko_americko_vijece_Washingtonu.jpg\",\"articleSection\":[\"Novi Pazar\",\"Nacija\",\"Plav\"],\"inLanguage\":\"bs-BA\",\"potentialAction\":[{\"@type\":\"CommentAction\",\"name\":\"Comment\",\"target\":[\"https:\/\/sandzakpress.net\/arhiva\/pomocnik-sandzackog-muftije-u-washingtonu\/#respond\"]}]},{\"@type\":\"WebPage\",\"@id\":\"https:\/\/sandzakpress.net\/arhiva\/pomocnik-sandzackog-muftije-u-washingtonu\/\",\"url\":\"https:\/\/sandzakpress.net\/arhiva\/pomocnik-sandzackog-muftije-u-washingtonu\/\",\"name\":\"Pomo\u0107nik sand\u017ea\u010dkog muftije u Washingtonu\",\"isPartOf\":{\"@id\":\"https:\/\/sandzakpress.net\/arhiva\/#website\"},\"primaryImageOfPage\":{\"@id\":\"https:\/\/sandzakpress.net\/arhiva\/pomocnik-sandzackog-muftije-u-washingtonu\/#primaryimage\"},\"image\":{\"@id\":\"https:\/\/sandzakpress.net\/arhiva\/pomocnik-sandzackog-muftije-u-washingtonu\/#primaryimage\"},\"thumbnailUrl\":\"https:\/\/sandzakpress.net\/arhiva\/wp-content\/uploads\/2010\/09\/Senad_Halitovic_Bosnjacko_americko_vijece_Washingtonu.jpg\",\"datePublished\":\"2010-09-19T17:44:57+00:00\",\"breadcrumb\":{\"@id\":\"https:\/\/sandzakpress.net\/arhiva\/pomocnik-sandzackog-muftije-u-washingtonu\/#breadcrumb\"},\"inLanguage\":\"bs-BA\",\"potentialAction\":[{\"@type\":\"ReadAction\",\"target\":[\"https:\/\/sandzakpress.net\/arhiva\/pomocnik-sandzackog-muftije-u-washingtonu\/\"]}]},{\"@type\":\"ImageObject\",\"inLanguage\":\"bs-BA\",\"@id\":\"https:\/\/sandzakpress.net\/arhiva\/pomocnik-sandzackog-muftije-u-washingtonu\/#primaryimage\",\"url\":\"https:\/\/sandzakpress.net\/arhiva\/wp-content\/uploads\/2010\/09\/Senad_Halitovic_Bosnjacko_americko_vijece_Washingtonu.jpg\",\"contentUrl\":\"https:\/\/sandzakpress.net\/arhiva\/wp-content\/uploads\/2010\/09\/Senad_Halitovic_Bosnjacko_americko_vijece_Washingtonu.jpg\",\"width\":616,\"height\":554},{\"@type\":\"BreadcrumbList\",\"@id\":\"https:\/\/sandzakpress.net\/arhiva\/pomocnik-sandzackog-muftije-u-washingtonu\/#breadcrumb\",\"itemListElement\":[{\"@type\":\"ListItem\",\"position\":1,\"name\":\"Home\",\"item\":\"https:\/\/sandzakpress.net\/arhiva\/\"},{\"@type\":\"ListItem\",\"position\":2,\"name\":\"Pomo\u0107nik sand\u017ea\u010dkog muftije u Washingtonu\"}]},{\"@type\":\"WebSite\",\"@id\":\"https:\/\/sandzakpress.net\/arhiva\/#website\",\"url\":\"https:\/\/sandzakpress.net\/arhiva\/\",\"name\":\"Sand\u017eak PRESS\",\"description\":\"Prve elektronske novine u Sand\u017eaku\",\"publisher\":{\"@id\":\"https:\/\/sandzakpress.net\/arhiva\/#\/schema\/person\/6e72b67d6e51910a1117b3b483ba20bd\"},\"potentialAction\":[{\"@type\":\"SearchAction\",\"target\":{\"@type\":\"EntryPoint\",\"urlTemplate\":\"https:\/\/sandzakpress.net\/arhiva\/?s={search_term_string}\"},\"query-input\":{\"@type\":\"PropertyValueSpecification\",\"valueRequired\":true,\"valueName\":\"search_term_string\"}}],\"inLanguage\":\"bs-BA\"},{\"@type\":[\"Person\",\"Organization\"],\"@id\":\"https:\/\/sandzakpress.net\/arhiva\/#\/schema\/person\/6e72b67d6e51910a1117b3b483ba20bd\",\"name\":\"Kul\",\"image\":{\"@type\":\"ImageObject\",\"inLanguage\":\"bs-BA\",\"@id\":\"https:\/\/sandzakpress.net\/arhiva\/#\/schema\/person\/image\/\",\"url\":\"https:\/\/secure.gravatar.com\/avatar\/42263f39aa27ac04c43cab85c280eb2e?s=96&d=mm&r=pg\",\"contentUrl\":\"https:\/\/secure.gravatar.com\/avatar\/42263f39aa27ac04c43cab85c280eb2e?s=96&d=mm&r=pg\",\"caption\":\"Kul\"},\"logo\":{\"@id\":\"https:\/\/sandzakpress.net\/arhiva\/#\/schema\/person\/image\/\"}},{\"@type\":\"Person\",\"@id\":\"https:\/\/sandzakpress.net\/arhiva\/#\/schema\/person\/c8baee722073534b583ea7bdb2e36c02\",\"name\":\"bosniak\",\"image\":{\"@type\":\"ImageObject\",\"inLanguage\":\"bs-BA\",\"@id\":\"https:\/\/sandzakpress.net\/arhiva\/#\/schema\/person\/image\/\",\"url\":\"https:\/\/secure.gravatar.com\/avatar\/a04fd330bfe3a36a72a0ad4a6d89fca7?s=96&d=mm&r=pg\",\"contentUrl\":\"https:\/\/secure.gravatar.com\/avatar\/a04fd330bfe3a36a72a0ad4a6d89fca7?s=96&d=mm&r=pg\",\"caption\":\"bosniak\"},\"url\":\"https:\/\/sandzakpress.net\/arhiva\/author\/bosniak\/\"}]}<\/script>\n<!-- \/ Yoast SEO Premium plugin. -->","yoast_head_json":{"title":"Pomo\u0107nik sand\u017ea\u010dkog muftije u Washingtonu","robots":{"index":"index","follow":"follow","max-snippet":"max-snippet:-1","max-image-preview":"max-image-preview:large","max-video-preview":"max-video-preview:-1"},"canonical":"https:\/\/sandzakpress.net\/arhiva\/pomocnik-sandzackog-muftije-u-washingtonu\/","og_locale":"bs_BA","og_type":"article","og_title":"Pomo\u0107nik sand\u017ea\u010dkog muftije u Washingtonu","og_description":"Sand\u017eak &#8211; U uredu Bo\u0161nja\u010dko-ameri\u010dkog savjetodavnog vije\u0107a za Bosnu i Hercegovinu u Washingtonu \u010delnici spomenute organizacije primili su pomo\u0107nika sand\u017ea\u010dkog muftije i glavnog imama Med\u017elisa u Novom Pazaru mr. Senada Halitovi\u0107a. Pomo\u0107nik sand\u017ea\u010dkog muftije upoznao je \u010dlanove Vije\u0107a o diskriminatorskom odnosu srbijanskih vlasti prema Bo\u0161njacima i muslimanima u Srbiji sa posebnim akcentom na regiji Sand\u017eak. [&hellip;]","og_url":"https:\/\/sandzakpress.net\/arhiva\/pomocnik-sandzackog-muftije-u-washingtonu\/","og_site_name":"Sand\u017eak PRESS","article_published_time":"2010-09-19T17:44:57+00:00","og_image":[{"width":616,"height":554,"url":"https:\/\/sandzakpress.net\/arhiva\/wp-content\/uploads\/2010\/09\/Senad_Halitovic_Bosnjacko_americko_vijece_Washingtonu.jpg","type":"image\/jpeg"}],"author":"bosniak","twitter_card":"summary_large_image","twitter_misc":{"Written by":"bosniak","Est. reading time":"3 minute"},"schema":{"@context":"https:\/\/schema.org","@graph":[{"@type":"Article","@id":"https:\/\/sandzakpress.net\/arhiva\/pomocnik-sandzackog-muftije-u-washingtonu\/#article","isPartOf":{"@id":"https:\/\/sandzakpress.net\/arhiva\/pomocnik-sandzackog-muftije-u-washingtonu\/"},"author":{"name":"bosniak","@id":"https:\/\/sandzakpress.net\/arhiva\/#\/schema\/person\/c8baee722073534b583ea7bdb2e36c02"},"headline":"Pomo\u0107nik sand\u017ea\u010dkog muftije u Washingtonu","datePublished":"2010-09-19T17:44:57+00:00","mainEntityOfPage":{"@id":"https:\/\/sandzakpress.net\/arhiva\/pomocnik-sandzackog-muftije-u-washingtonu\/"},"wordCount":523,"commentCount":1,"publisher":{"@id":"https:\/\/sandzakpress.net\/arhiva\/#\/schema\/person\/6e72b67d6e51910a1117b3b483ba20bd"},"image":{"@id":"https:\/\/sandzakpress.net\/arhiva\/pomocnik-sandzackog-muftije-u-washingtonu\/#primaryimage"},"thumbnailUrl":"https:\/\/sandzakpress.net\/arhiva\/wp-content\/uploads\/2010\/09\/Senad_Halitovic_Bosnjacko_americko_vijece_Washingtonu.jpg","articleSection":["Novi Pazar","Nacija","Plav"],"inLanguage":"bs-BA","potentialAction":[{"@type":"CommentAction","name":"Comment","target":["https:\/\/sandzakpress.net\/arhiva\/pomocnik-sandzackog-muftije-u-washingtonu\/#respond"]}]},{"@type":"WebPage","@id":"https:\/\/sandzakpress.net\/arhiva\/pomocnik-sandzackog-muftije-u-washingtonu\/","url":"https:\/\/sandzakpress.net\/arhiva\/pomocnik-sandzackog-muftije-u-washingtonu\/","name":"Pomo\u0107nik sand\u017ea\u010dkog muftije u Washingtonu","isPartOf":{"@id":"https:\/\/sandzakpress.net\/arhiva\/#website"},"primaryImageOfPage":{"@id":"https:\/\/sandzakpress.net\/arhiva\/pomocnik-sandzackog-muftije-u-washingtonu\/#primaryimage"},"image":{"@id":"https:\/\/sandzakpress.net\/arhiva\/pomocnik-sandzackog-muftije-u-washingtonu\/#primaryimage"},"thumbnailUrl":"https:\/\/sandzakpress.net\/arhiva\/wp-content\/uploads\/2010\/09\/Senad_Halitovic_Bosnjacko_americko_vijece_Washingtonu.jpg","datePublished":"2010-09-19T17:44:57+00:00","breadcrumb":{"@id":"https:\/\/sandzakpress.net\/arhiva\/pomocnik-sandzackog-muftije-u-washingtonu\/#breadcrumb"},"inLanguage":"bs-BA","potentialAction":[{"@type":"ReadAction","target":["https:\/\/sandzakpress.net\/arhiva\/pomocnik-sandzackog-muftije-u-washingtonu\/"]}]},{"@type":"ImageObject","inLanguage":"bs-BA","@id":"https:\/\/sandzakpress.net\/arhiva\/pomocnik-sandzackog-muftije-u-washingtonu\/#primaryimage","url":"https:\/\/sandzakpress.net\/arhiva\/wp-content\/uploads\/2010\/09\/Senad_Halitovic_Bosnjacko_americko_vijece_Washingtonu.jpg","contentUrl":"https:\/\/sandzakpress.net\/arhiva\/wp-content\/uploads\/2010\/09\/Senad_Halitovic_Bosnjacko_americko_vijece_Washingtonu.jpg","width":616,"height":554},{"@type":"BreadcrumbList","@id":"https:\/\/sandzakpress.net\/arhiva\/pomocnik-sandzackog-muftije-u-washingtonu\/#breadcrumb","itemListElement":[{"@type":"ListItem","position":1,"name":"Home","item":"https:\/\/sandzakpress.net\/arhiva\/"},{"@type":"ListItem","position":2,"name":"Pomo\u0107nik sand\u017ea\u010dkog muftije u Washingtonu"}]},{"@type":"WebSite","@id":"https:\/\/sandzakpress.net\/arhiva\/#website","url":"https:\/\/sandzakpress.net\/arhiva\/","name":"Sand\u017eak PRESS","description":"Prve elektronske novine u Sand\u017eaku","publisher":{"@id":"https:\/\/sandzakpress.net\/arhiva\/#\/schema\/person\/6e72b67d6e51910a1117b3b483ba20bd"},"potentialAction":[{"@type":"SearchAction","target":{"@type":"EntryPoint","urlTemplate":"https:\/\/sandzakpress.net\/arhiva\/?s={search_term_string}"},"query-input":{"@type":"PropertyValueSpecification","valueRequired":true,"valueName":"search_term_string"}}],"inLanguage":"bs-BA"},{"@type":["Person","Organization"],"@id":"https:\/\/sandzakpress.net\/arhiva\/#\/schema\/person\/6e72b67d6e51910a1117b3b483ba20bd","name":"Kul","image":{"@type":"ImageObject","inLanguage":"bs-BA","@id":"https:\/\/sandzakpress.net\/arhiva\/#\/schema\/person\/image\/","url":"https:\/\/secure.gravatar.com\/avatar\/42263f39aa27ac04c43cab85c280eb2e?s=96&d=mm&r=pg","contentUrl":"https:\/\/secure.gravatar.com\/avatar\/42263f39aa27ac04c43cab85c280eb2e?s=96&d=mm&r=pg","caption":"Kul"},"logo":{"@id":"https:\/\/sandzakpress.net\/arhiva\/#\/schema\/person\/image\/"}},{"@type":"Person","@id":"https:\/\/sandzakpress.net\/arhiva\/#\/schema\/person\/c8baee722073534b583ea7bdb2e36c02","name":"bosniak","image":{"@type":"ImageObject","inLanguage":"bs-BA","@id":"https:\/\/sandzakpress.net\/arhiva\/#\/schema\/person\/image\/","url":"https:\/\/secure.gravatar.com\/avatar\/a04fd330bfe3a36a72a0ad4a6d89fca7?s=96&d=mm&r=pg","contentUrl":"https:\/\/secure.gravatar.com\/avatar\/a04fd330bfe3a36a72a0ad4a6d89fca7?s=96&d=mm&r=pg","caption":"bosniak"},"url":"https:\/\/sandzakpress.net\/arhiva\/author\/bosniak\/"}]}},"_links":{"self":[{"href":"https:\/\/sandzakpress.net\/arhiva\/wp-json\/wp\/v2\/posts\/8362"}],"collection":[{"href":"https:\/\/sandzakpress.net\/arhiva\/wp-json\/wp\/v2\/posts"}],"about":[{"href":"https:\/\/sandzakpress.net\/arhiva\/wp-json\/wp\/v2\/types\/post"}],"author":[{"embeddable":true,"href":"https:\/\/sandzakpress.net\/arhiva\/wp-json\/wp\/v2\/users\/83"}],"replies":[{"embeddable":true,"href":"https:\/\/sandzakpress.net\/arhiva\/wp-json\/wp\/v2\/comments?post=8362"}],"version-history":[{"count":0,"href":"https:\/\/sandzakpress.net\/arhiva\/wp-json\/wp\/v2\/posts\/8362\/revisions"}],"wp:featuredmedia":[{"embeddable":true,"href":"https:\/\/sandzakpress.net\/arhiva\/wp-json\/wp\/v2\/media\/8363"}],"wp:attachment":[{"href":"https:\/\/sandzakpress.net\/arhiva\/wp-json\/wp\/v2\/media?parent=8362"}],"wp:term":[{"taxonomy":"category","embeddable":true,"href":"https:\/\/sandzakpress.net\/arhiva\/wp-json\/wp\/v2\/categories?post=8362"},{"taxonomy":"post_tag","embeddable":true,"href":"https:\/\/sandzakpress.net\/arhiva\/wp-json\/wp\/v2\/tags?post=8362"}],"curies":[{"name":"wp","href":"https:\/\/api.w.org\/{rel}","templated":true}]}}