{"id":83595,"date":"2013-07-30T22:09:51","date_gmt":"2013-07-30T20:09:51","guid":{"rendered":"https:\/\/sandzakpress.net\/arhiva\/?p=83595"},"modified":"2013-07-30T22:09:51","modified_gmt":"2013-07-30T20:09:51","slug":"muslimani-najbrze-rastuca-populacija-u-evropi","status":"publish","type":"post","link":"https:\/\/sandzakpress.net\/arhiva\/muslimani-najbrze-rastuca-populacija-u-evropi\/","title":{"rendered":"Muslimani najbr\u017ee rastu\u0107a populacija u Evropi"},"content":{"rendered":"<p><strong><a href=\"https:\/\/sandzakpress.net\/arhiva\/wp-content\/uploads\/2013\/07\/slikac.jpg\"><img loading=\"lazy\" decoding=\"async\" class=\"alignleft size-full wp-image-83596\" alt=\"slikac\" src=\"https:\/\/sandzakpress.net\/arhiva\/wp-content\/uploads\/2013\/07\/slikac.jpg\" width=\"220\" height=\"147\" \/><\/a>Svijet &#8211; Rezultati istra\u017eivanja koje je proveo ameri\u010dki Centar za istra\u017eivanje globalnog hri\u0161\u0107anstva na temu Hri\u0161\u0107anstvo u globalnom kontekstu, 1970-2020., pokazuju kako se slika Evrope znatno mijenjala prethodna \u010detiri desetlje\u0107a, tokom \u010dega su muslimani postali najbr\u017ee rastu\u0107a populacija tog kontinenta, dok se postotak Hri\u0161\u0107ana nije znatno mijenjao.<\/strong><\/p>\n<p>U navedenom izvje\u0161taju izneseni su detalji o hri\u0161\u0107anskom, vjerskom i dru\u0161tvenom kontekstu u svakoj od 21 regije u svijetu uz promjene koje su se dogodile ili \u0107e se dogoditi od 1970. do 2020. godine. Posebna je pa\u017enja posve\u0107ena Evropi kao regiji u kojoj su se tokom pro\u0161log desetlje\u0107a dogodile velike migracije, ratovi, kao i pad komunisti\u010dkih re\u017eima, prenosi agencija Anadolija.<\/p>\n<p>Od 1970. do 2020. godine u svijetu su u podru\u010dju religijskog \u017eivota primjetne vrlo zna\u010dajne promjene. Jedan od najzanimljivijih podataka je \u010dinjenica da je u svijetu 2010. godine bilo vi\u0161e vjernika nego 1970. godine i takav trend \u0107e se nastaviti i do 2020. godine. O\u010dekuje se da do 2020. godine poraste broj vjernika u svijetu na 90 posto.<\/p>\n<p>U izvje\u0161taju je navedeno da dvije svjetske religije, hri\u0161\u0107anstvo i islam, dominiraju u podru\u010dju vjerskih demografija uz naglasak da \u0107e isti trend biti nastavljen i u budu\u0107nosti.<\/p>\n<p>&#8211; Zbog visoke stope prirodnog prirasta kod muslimana u pro\u0161losti, veliki broj muslimanske mlade\u017ei sada su u godinama kada osnivaju porodicu, \u0161to uzrokuje zna\u010dajan demografski rast me\u0111u pripadnicima te religije. Me\u0111u hri\u0161\u0107anima je ta stopa raznolika, dok je u opadanju u Evropi, a u Africi bilje\u017ei porast &#8211; navodi se u izvje\u0161taju. Broj hri\u0161\u0107ana se u prethodnih 40 godina nije znatno mijenjao.<\/p>\n<p>S druge strane, muslimani su 1970. godine \u010dinili 2,7 posto evropskog stanovni\u0161tva, dok se o\u010dekuje da \u0107e 2020. godine \u010diniti dvostruko vi\u0161e, 5,9 posto stanovnika Evrope, ponajvi\u0161e zbog pove\u0107anih migracija i vi\u0161e stope prirodnog prira\u0161taja u odnosu na pripadnike drugih vjeroispovijesti. To je ujedno i najve\u0107i postotni porast jedne religijske grupe na tlu Evrope u prethodnih 40 godina.<\/p>\n<p>Prema navedenom istra\u017eivanju, broj ateista u Evropi \u0107e s 8,2 posto iz 1970. godine pasti na 2,1 posto do 2020., \u0161to je jedan od najve\u0107ih padova u broju pripadnika jedne demografske grupe tokom prethodnoga desetlje\u0107a. Tako\u0111e, broj agnostika \u0107e se zadr\u017eati na 13,1 posto kao \u0161to je iznosio i 1970. godine.<\/p>\n<p>Promatrano na globalnom nivou, 1970. godine u svijetu je bilo 1,228 milijardi hri\u0161\u0107ana \u0161to je 33,2 posto ukupne svjetske populacije, 2010. godine ih je bilo oko 2,262 milijardi, odnosno 32,8 posto, dok se 2020. godine o\u010dekuje broj od 2,550 milijardi \u0161to je 33,3 posto ukupne svjetske populacije.<\/p>\n<p>Prema istom istra\u017eivanju, 1970. godine u svijetu je bilo oko 577 miliona muslimana te su \u010dinili 15,6 posto svjetske populacije, 2010. godine oko 1,552 milijarde \u0161to je \u010dinilo 22,5 posto stanovnika, dok se o\u010dekuje rast na 1,827 milijardi \u0161to je 23,9 posto ukupne svjetske populacije te ujedno i najve\u0107i rast brojnosti jedne populacije u svijetu.<\/p>\n<p>Na globalnoj nivou, broj agnostika \u0107e s 14,7 posto iz 1970. godine pasti na 8,9 posto u 2020. godini, dok \u0107e broj budista zabilje\u017eiti rast sa 6,4 posto iz 1970. godine na 7,1 posto 2020. godine. Ateista je 1970. godine bilo 165 miliona, odnosno 4,5 posto svjetske populacije, 2010. godine oko 136,5 miliona, \u0161to je dva posto, dok se o\u010dekuje da \u0107e ih 2020. godine biti 136,6 miliona ili 1,8 posto ukupne svjetske populacije. Prema navedenom istra\u017eivanju, ateisti su u odnosu na ostale vjerske i dru\u0161tvene grupe zabilje\u017eili najve\u0107i pad na globalnom nivou u broju svojih pripadnika tokom prethodnih 40 godina.<\/p>\n<p>(nezavisne.com)<\/p>\n","protected":false},"excerpt":{"rendered":"<p>Svijet &#8211; Rezultati istra\u017eivanja koje je proveo ameri\u010dki Centar za istra\u017eivanje globalnog hri\u0161\u0107anstva na temu Hri\u0161\u0107anstvo u globalnom kontekstu, 1970-2020., pokazuju kako se slika Evrope znatno mijenjala prethodna \u010detiri desetlje\u0107a, tokom \u010dega su muslimani postali najbr\u017ee rastu\u0107a populacija tog kontinenta, dok se postotak Hri\u0161\u0107ana nije znatno mijenjao. U navedenom izvje\u0161taju izneseni su detalji o hri\u0161\u0107anskom, [&hellip;]<\/p>\n","protected":false},"author":83,"featured_media":83596,"comment_status":"open","ping_status":"open","sticky":false,"template":"","format":"standard","meta":{"footnotes":""},"categories":[9538,9539,9550,9544,9543,10175,10176,9548,9,9545,9549],"tags":[],"class_list":{"0":"post-83595","1":"post","2":"type-post","3":"status-publish","4":"format-standard","5":"has-post-thumbnail","7":"category-njemacka-dijaspora-gradovi-vase-vijesti","8":"category-austrija-dijaspora-gradovi-vase-vijesti","9":"category-francuska-dijaspora-gradovi-vase-vijesti","10":"category-svicarska-dijaspora-gradovi-vase-vijesti","11":"category-svedska-dijaspora-gradovi-vase-vijesti","12":"category-danska-dijaspora-gradovi-vase-vijesti","13":"category-norveska-dijaspora-gradovi-vase-vijesti","14":"category-belgija-dijaspora-gradovi-vase-vijesti","15":"category-svijet","16":"category-holandija-dijaspora-gradovi-vase-vijesti","17":"category-luxemburg"},"yoast_head":"<!-- This site is optimized with the Yoast SEO Premium plugin v23.1 (Yoast SEO v24.9) - https:\/\/yoast.com\/wordpress\/plugins\/seo\/ -->\n<title>Muslimani najbr\u017ee rastu\u0107a populacija u Evropi<\/title>\n<meta name=\"robots\" content=\"index, follow, max-snippet:-1, max-image-preview:large, max-video-preview:-1\" \/>\n<link rel=\"canonical\" href=\"https:\/\/sandzakpress.net\/arhiva\/muslimani-najbrze-rastuca-populacija-u-evropi\/\" \/>\n<meta property=\"og:locale\" content=\"bs_BA\" \/>\n<meta property=\"og:type\" content=\"article\" \/>\n<meta property=\"og:title\" content=\"Muslimani najbr\u017ee rastu\u0107a populacija u Evropi\" \/>\n<meta property=\"og:description\" content=\"Svijet &#8211; Rezultati istra\u017eivanja koje je proveo ameri\u010dki Centar za istra\u017eivanje globalnog hri\u0161\u0107anstva na temu Hri\u0161\u0107anstvo u globalnom kontekstu, 1970-2020., pokazuju kako se slika Evrope znatno mijenjala prethodna \u010detiri desetlje\u0107a, tokom \u010dega su muslimani postali najbr\u017ee rastu\u0107a populacija tog kontinenta, dok se postotak Hri\u0161\u0107ana nije znatno mijenjao. U navedenom izvje\u0161taju izneseni su detalji o hri\u0161\u0107anskom, [&hellip;]\" \/>\n<meta property=\"og:url\" content=\"https:\/\/sandzakpress.net\/arhiva\/muslimani-najbrze-rastuca-populacija-u-evropi\/\" \/>\n<meta property=\"og:site_name\" content=\"Sand\u017eak PRESS\" \/>\n<meta property=\"article:published_time\" content=\"2013-07-30T20:09:51+00:00\" \/>\n<meta property=\"og:image\" content=\"https:\/\/sandzakpress.net\/arhiva\/wp-content\/uploads\/2013\/07\/slikac.jpg\" \/>\n\t<meta property=\"og:image:width\" content=\"220\" \/>\n\t<meta property=\"og:image:height\" content=\"147\" \/>\n\t<meta property=\"og:image:type\" content=\"image\/jpeg\" \/>\n<meta name=\"author\" content=\"bosniak\" \/>\n<meta name=\"twitter:card\" content=\"summary_large_image\" \/>\n<meta name=\"twitter:label1\" content=\"Written by\" \/>\n\t<meta name=\"twitter:data1\" content=\"bosniak\" \/>\n\t<meta name=\"twitter:label2\" content=\"Est. reading time\" \/>\n\t<meta name=\"twitter:data2\" content=\"3 minute\" \/>\n<script type=\"application\/ld+json\" class=\"yoast-schema-graph\">{\"@context\":\"https:\/\/schema.org\",\"@graph\":[{\"@type\":\"Article\",\"@id\":\"https:\/\/sandzakpress.net\/arhiva\/muslimani-najbrze-rastuca-populacija-u-evropi\/#article\",\"isPartOf\":{\"@id\":\"https:\/\/sandzakpress.net\/arhiva\/muslimani-najbrze-rastuca-populacija-u-evropi\/\"},\"author\":{\"name\":\"bosniak\",\"@id\":\"https:\/\/sandzakpress.net\/arhiva\/#\/schema\/person\/c8baee722073534b583ea7bdb2e36c02\"},\"headline\":\"Muslimani najbr\u017ee rastu\u0107a populacija u Evropi\",\"datePublished\":\"2013-07-30T20:09:51+00:00\",\"mainEntityOfPage\":{\"@id\":\"https:\/\/sandzakpress.net\/arhiva\/muslimani-najbrze-rastuca-populacija-u-evropi\/\"},\"wordCount\":579,\"commentCount\":0,\"publisher\":{\"@id\":\"https:\/\/sandzakpress.net\/arhiva\/#\/schema\/person\/6e72b67d6e51910a1117b3b483ba20bd\"},\"image\":{\"@id\":\"https:\/\/sandzakpress.net\/arhiva\/muslimani-najbrze-rastuca-populacija-u-evropi\/#primaryimage\"},\"thumbnailUrl\":\"https:\/\/sandzakpress.net\/arhiva\/wp-content\/uploads\/2013\/07\/slikac.jpg\",\"articleSection\":[\"Njema\u010dka\",\"Austrija\",\"Francuska\",\"\u0160vicarska\",\"\u0160vedska\",\"Danska\",\"Norve\u0161ka\",\"Belgija\",\"Svijet\",\"Holandija\",\"Luksemburg\"],\"inLanguage\":\"bs-BA\",\"potentialAction\":[{\"@type\":\"CommentAction\",\"name\":\"Comment\",\"target\":[\"https:\/\/sandzakpress.net\/arhiva\/muslimani-najbrze-rastuca-populacija-u-evropi\/#respond\"]}]},{\"@type\":\"WebPage\",\"@id\":\"https:\/\/sandzakpress.net\/arhiva\/muslimani-najbrze-rastuca-populacija-u-evropi\/\",\"url\":\"https:\/\/sandzakpress.net\/arhiva\/muslimani-najbrze-rastuca-populacija-u-evropi\/\",\"name\":\"Muslimani najbr\u017ee rastu\u0107a populacija u Evropi\",\"isPartOf\":{\"@id\":\"https:\/\/sandzakpress.net\/arhiva\/#website\"},\"primaryImageOfPage\":{\"@id\":\"https:\/\/sandzakpress.net\/arhiva\/muslimani-najbrze-rastuca-populacija-u-evropi\/#primaryimage\"},\"image\":{\"@id\":\"https:\/\/sandzakpress.net\/arhiva\/muslimani-najbrze-rastuca-populacija-u-evropi\/#primaryimage\"},\"thumbnailUrl\":\"https:\/\/sandzakpress.net\/arhiva\/wp-content\/uploads\/2013\/07\/slikac.jpg\",\"datePublished\":\"2013-07-30T20:09:51+00:00\",\"breadcrumb\":{\"@id\":\"https:\/\/sandzakpress.net\/arhiva\/muslimani-najbrze-rastuca-populacija-u-evropi\/#breadcrumb\"},\"inLanguage\":\"bs-BA\",\"potentialAction\":[{\"@type\":\"ReadAction\",\"target\":[\"https:\/\/sandzakpress.net\/arhiva\/muslimani-najbrze-rastuca-populacija-u-evropi\/\"]}]},{\"@type\":\"ImageObject\",\"inLanguage\":\"bs-BA\",\"@id\":\"https:\/\/sandzakpress.net\/arhiva\/muslimani-najbrze-rastuca-populacija-u-evropi\/#primaryimage\",\"url\":\"https:\/\/sandzakpress.net\/arhiva\/wp-content\/uploads\/2013\/07\/slikac.jpg\",\"contentUrl\":\"https:\/\/sandzakpress.net\/arhiva\/wp-content\/uploads\/2013\/07\/slikac.jpg\",\"width\":220,\"height\":147},{\"@type\":\"BreadcrumbList\",\"@id\":\"https:\/\/sandzakpress.net\/arhiva\/muslimani-najbrze-rastuca-populacija-u-evropi\/#breadcrumb\",\"itemListElement\":[{\"@type\":\"ListItem\",\"position\":1,\"name\":\"Home\",\"item\":\"https:\/\/sandzakpress.net\/arhiva\/\"},{\"@type\":\"ListItem\",\"position\":2,\"name\":\"Muslimani najbr\u017ee rastu\u0107a populacija u Evropi\"}]},{\"@type\":\"WebSite\",\"@id\":\"https:\/\/sandzakpress.net\/arhiva\/#website\",\"url\":\"https:\/\/sandzakpress.net\/arhiva\/\",\"name\":\"Sand\u017eak PRESS\",\"description\":\"Prve elektronske novine u Sand\u017eaku\",\"publisher\":{\"@id\":\"https:\/\/sandzakpress.net\/arhiva\/#\/schema\/person\/6e72b67d6e51910a1117b3b483ba20bd\"},\"potentialAction\":[{\"@type\":\"SearchAction\",\"target\":{\"@type\":\"EntryPoint\",\"urlTemplate\":\"https:\/\/sandzakpress.net\/arhiva\/?s={search_term_string}\"},\"query-input\":{\"@type\":\"PropertyValueSpecification\",\"valueRequired\":true,\"valueName\":\"search_term_string\"}}],\"inLanguage\":\"bs-BA\"},{\"@type\":[\"Person\",\"Organization\"],\"@id\":\"https:\/\/sandzakpress.net\/arhiva\/#\/schema\/person\/6e72b67d6e51910a1117b3b483ba20bd\",\"name\":\"Kul\",\"image\":{\"@type\":\"ImageObject\",\"inLanguage\":\"bs-BA\",\"@id\":\"https:\/\/sandzakpress.net\/arhiva\/#\/schema\/person\/image\/\",\"url\":\"https:\/\/secure.gravatar.com\/avatar\/42263f39aa27ac04c43cab85c280eb2e?s=96&d=mm&r=pg\",\"contentUrl\":\"https:\/\/secure.gravatar.com\/avatar\/42263f39aa27ac04c43cab85c280eb2e?s=96&d=mm&r=pg\",\"caption\":\"Kul\"},\"logo\":{\"@id\":\"https:\/\/sandzakpress.net\/arhiva\/#\/schema\/person\/image\/\"}},{\"@type\":\"Person\",\"@id\":\"https:\/\/sandzakpress.net\/arhiva\/#\/schema\/person\/c8baee722073534b583ea7bdb2e36c02\",\"name\":\"bosniak\",\"image\":{\"@type\":\"ImageObject\",\"inLanguage\":\"bs-BA\",\"@id\":\"https:\/\/sandzakpress.net\/arhiva\/#\/schema\/person\/image\/\",\"url\":\"https:\/\/secure.gravatar.com\/avatar\/a04fd330bfe3a36a72a0ad4a6d89fca7?s=96&d=mm&r=pg\",\"contentUrl\":\"https:\/\/secure.gravatar.com\/avatar\/a04fd330bfe3a36a72a0ad4a6d89fca7?s=96&d=mm&r=pg\",\"caption\":\"bosniak\"},\"url\":\"https:\/\/sandzakpress.net\/arhiva\/author\/bosniak\/\"}]}<\/script>\n<!-- \/ Yoast SEO Premium plugin. -->","yoast_head_json":{"title":"Muslimani najbr\u017ee rastu\u0107a populacija u Evropi","robots":{"index":"index","follow":"follow","max-snippet":"max-snippet:-1","max-image-preview":"max-image-preview:large","max-video-preview":"max-video-preview:-1"},"canonical":"https:\/\/sandzakpress.net\/arhiva\/muslimani-najbrze-rastuca-populacija-u-evropi\/","og_locale":"bs_BA","og_type":"article","og_title":"Muslimani najbr\u017ee rastu\u0107a populacija u Evropi","og_description":"Svijet &#8211; Rezultati istra\u017eivanja koje je proveo ameri\u010dki Centar za istra\u017eivanje globalnog hri\u0161\u0107anstva na temu Hri\u0161\u0107anstvo u globalnom kontekstu, 1970-2020., pokazuju kako se slika Evrope znatno mijenjala prethodna \u010detiri desetlje\u0107a, tokom \u010dega su muslimani postali najbr\u017ee rastu\u0107a populacija tog kontinenta, dok se postotak Hri\u0161\u0107ana nije znatno mijenjao. U navedenom izvje\u0161taju izneseni su detalji o hri\u0161\u0107anskom, [&hellip;]","og_url":"https:\/\/sandzakpress.net\/arhiva\/muslimani-najbrze-rastuca-populacija-u-evropi\/","og_site_name":"Sand\u017eak PRESS","article_published_time":"2013-07-30T20:09:51+00:00","og_image":[{"width":220,"height":147,"url":"https:\/\/sandzakpress.net\/arhiva\/wp-content\/uploads\/2013\/07\/slikac.jpg","type":"image\/jpeg"}],"author":"bosniak","twitter_card":"summary_large_image","twitter_misc":{"Written by":"bosniak","Est. reading time":"3 minute"},"schema":{"@context":"https:\/\/schema.org","@graph":[{"@type":"Article","@id":"https:\/\/sandzakpress.net\/arhiva\/muslimani-najbrze-rastuca-populacija-u-evropi\/#article","isPartOf":{"@id":"https:\/\/sandzakpress.net\/arhiva\/muslimani-najbrze-rastuca-populacija-u-evropi\/"},"author":{"name":"bosniak","@id":"https:\/\/sandzakpress.net\/arhiva\/#\/schema\/person\/c8baee722073534b583ea7bdb2e36c02"},"headline":"Muslimani najbr\u017ee rastu\u0107a populacija u Evropi","datePublished":"2013-07-30T20:09:51+00:00","mainEntityOfPage":{"@id":"https:\/\/sandzakpress.net\/arhiva\/muslimani-najbrze-rastuca-populacija-u-evropi\/"},"wordCount":579,"commentCount":0,"publisher":{"@id":"https:\/\/sandzakpress.net\/arhiva\/#\/schema\/person\/6e72b67d6e51910a1117b3b483ba20bd"},"image":{"@id":"https:\/\/sandzakpress.net\/arhiva\/muslimani-najbrze-rastuca-populacija-u-evropi\/#primaryimage"},"thumbnailUrl":"https:\/\/sandzakpress.net\/arhiva\/wp-content\/uploads\/2013\/07\/slikac.jpg","articleSection":["Njema\u010dka","Austrija","Francuska","\u0160vicarska","\u0160vedska","Danska","Norve\u0161ka","Belgija","Svijet","Holandija","Luksemburg"],"inLanguage":"bs-BA","potentialAction":[{"@type":"CommentAction","name":"Comment","target":["https:\/\/sandzakpress.net\/arhiva\/muslimani-najbrze-rastuca-populacija-u-evropi\/#respond"]}]},{"@type":"WebPage","@id":"https:\/\/sandzakpress.net\/arhiva\/muslimani-najbrze-rastuca-populacija-u-evropi\/","url":"https:\/\/sandzakpress.net\/arhiva\/muslimani-najbrze-rastuca-populacija-u-evropi\/","name":"Muslimani najbr\u017ee rastu\u0107a populacija u Evropi","isPartOf":{"@id":"https:\/\/sandzakpress.net\/arhiva\/#website"},"primaryImageOfPage":{"@id":"https:\/\/sandzakpress.net\/arhiva\/muslimani-najbrze-rastuca-populacija-u-evropi\/#primaryimage"},"image":{"@id":"https:\/\/sandzakpress.net\/arhiva\/muslimani-najbrze-rastuca-populacija-u-evropi\/#primaryimage"},"thumbnailUrl":"https:\/\/sandzakpress.net\/arhiva\/wp-content\/uploads\/2013\/07\/slikac.jpg","datePublished":"2013-07-30T20:09:51+00:00","breadcrumb":{"@id":"https:\/\/sandzakpress.net\/arhiva\/muslimani-najbrze-rastuca-populacija-u-evropi\/#breadcrumb"},"inLanguage":"bs-BA","potentialAction":[{"@type":"ReadAction","target":["https:\/\/sandzakpress.net\/arhiva\/muslimani-najbrze-rastuca-populacija-u-evropi\/"]}]},{"@type":"ImageObject","inLanguage":"bs-BA","@id":"https:\/\/sandzakpress.net\/arhiva\/muslimani-najbrze-rastuca-populacija-u-evropi\/#primaryimage","url":"https:\/\/sandzakpress.net\/arhiva\/wp-content\/uploads\/2013\/07\/slikac.jpg","contentUrl":"https:\/\/sandzakpress.net\/arhiva\/wp-content\/uploads\/2013\/07\/slikac.jpg","width":220,"height":147},{"@type":"BreadcrumbList","@id":"https:\/\/sandzakpress.net\/arhiva\/muslimani-najbrze-rastuca-populacija-u-evropi\/#breadcrumb","itemListElement":[{"@type":"ListItem","position":1,"name":"Home","item":"https:\/\/sandzakpress.net\/arhiva\/"},{"@type":"ListItem","position":2,"name":"Muslimani najbr\u017ee rastu\u0107a populacija u Evropi"}]},{"@type":"WebSite","@id":"https:\/\/sandzakpress.net\/arhiva\/#website","url":"https:\/\/sandzakpress.net\/arhiva\/","name":"Sand\u017eak PRESS","description":"Prve elektronske novine u Sand\u017eaku","publisher":{"@id":"https:\/\/sandzakpress.net\/arhiva\/#\/schema\/person\/6e72b67d6e51910a1117b3b483ba20bd"},"potentialAction":[{"@type":"SearchAction","target":{"@type":"EntryPoint","urlTemplate":"https:\/\/sandzakpress.net\/arhiva\/?s={search_term_string}"},"query-input":{"@type":"PropertyValueSpecification","valueRequired":true,"valueName":"search_term_string"}}],"inLanguage":"bs-BA"},{"@type":["Person","Organization"],"@id":"https:\/\/sandzakpress.net\/arhiva\/#\/schema\/person\/6e72b67d6e51910a1117b3b483ba20bd","name":"Kul","image":{"@type":"ImageObject","inLanguage":"bs-BA","@id":"https:\/\/sandzakpress.net\/arhiva\/#\/schema\/person\/image\/","url":"https:\/\/secure.gravatar.com\/avatar\/42263f39aa27ac04c43cab85c280eb2e?s=96&d=mm&r=pg","contentUrl":"https:\/\/secure.gravatar.com\/avatar\/42263f39aa27ac04c43cab85c280eb2e?s=96&d=mm&r=pg","caption":"Kul"},"logo":{"@id":"https:\/\/sandzakpress.net\/arhiva\/#\/schema\/person\/image\/"}},{"@type":"Person","@id":"https:\/\/sandzakpress.net\/arhiva\/#\/schema\/person\/c8baee722073534b583ea7bdb2e36c02","name":"bosniak","image":{"@type":"ImageObject","inLanguage":"bs-BA","@id":"https:\/\/sandzakpress.net\/arhiva\/#\/schema\/person\/image\/","url":"https:\/\/secure.gravatar.com\/avatar\/a04fd330bfe3a36a72a0ad4a6d89fca7?s=96&d=mm&r=pg","contentUrl":"https:\/\/secure.gravatar.com\/avatar\/a04fd330bfe3a36a72a0ad4a6d89fca7?s=96&d=mm&r=pg","caption":"bosniak"},"url":"https:\/\/sandzakpress.net\/arhiva\/author\/bosniak\/"}]}},"_links":{"self":[{"href":"https:\/\/sandzakpress.net\/arhiva\/wp-json\/wp\/v2\/posts\/83595"}],"collection":[{"href":"https:\/\/sandzakpress.net\/arhiva\/wp-json\/wp\/v2\/posts"}],"about":[{"href":"https:\/\/sandzakpress.net\/arhiva\/wp-json\/wp\/v2\/types\/post"}],"author":[{"embeddable":true,"href":"https:\/\/sandzakpress.net\/arhiva\/wp-json\/wp\/v2\/users\/83"}],"replies":[{"embeddable":true,"href":"https:\/\/sandzakpress.net\/arhiva\/wp-json\/wp\/v2\/comments?post=83595"}],"version-history":[{"count":0,"href":"https:\/\/sandzakpress.net\/arhiva\/wp-json\/wp\/v2\/posts\/83595\/revisions"}],"wp:featuredmedia":[{"embeddable":true,"href":"https:\/\/sandzakpress.net\/arhiva\/wp-json\/wp\/v2\/media\/83596"}],"wp:attachment":[{"href":"https:\/\/sandzakpress.net\/arhiva\/wp-json\/wp\/v2\/media?parent=83595"}],"wp:term":[{"taxonomy":"category","embeddable":true,"href":"https:\/\/sandzakpress.net\/arhiva\/wp-json\/wp\/v2\/categories?post=83595"},{"taxonomy":"post_tag","embeddable":true,"href":"https:\/\/sandzakpress.net\/arhiva\/wp-json\/wp\/v2\/tags?post=83595"}],"curies":[{"name":"wp","href":"https:\/\/api.w.org\/{rel}","templated":true}]}}