{"id":83515,"date":"2013-07-30T17:54:56","date_gmt":"2013-07-30T15:54:56","guid":{"rendered":"https:\/\/sandzakpress.net\/arhiva\/?p=83515"},"modified":"2013-07-31T03:17:51","modified_gmt":"2013-07-31T01:17:51","slug":"brutalna-diskriminacija-srpske-vlasti","status":"publish","type":"post","link":"https:\/\/sandzakpress.net\/arhiva\/brutalna-diskriminacija-srpske-vlasti\/","title":{"rendered":"Brutalna diskriminacija srpske vlasti prema ovom narodu ne prestaje"},"content":{"rendered":"<p><strong><img loading=\"lazy\" decoding=\"async\" class=\"alignleft size-medium wp-image-83527\" alt=\"sandzak_srbija_eu\" src=\"https:\/\/sandzakpress.net\/arhiva\/wp-content\/uploads\/2013\/07\/sandzak_srbija_eu-300x221.jpg\" width=\"300\" height=\"221\" \/>Sjeverni Sand\u017eak &#8211; Svjedoci smo ovih dana da Vlada Republike Srbije nastavlja sa diskriminatorskim odnosom prema Bo\u0161njacima u Sand\u017eaku. Vlada R. Srbije nastavlja nepravedno tla\u010diti sve one koji \u017eele da \u017eive dostojanstveno u ovoj zemlji.<\/strong><\/p>\n<p>.<\/p>\n<p>.<\/p>\n<p>.<\/p>\n<p>.<\/p>\n<p>.<\/p>\n<p>[alert style=&#8221;white&#8221;]<\/p>\n<p>&#8211;\u00a02007. Vlada R. Srbije je bespravno registrirala paralelnu Islamsku zajednicu na \u010delu sa Ademom Zilki\u0107em<\/p>\n<p>&#8211; 2010. Vlada R. Srbije bespravno nije priznala izbornu volju za BNV \u00a0i nastavila sara\u0111ivati za BNV-om u tehni\u010dkom mandatu na \u010delu sa Esadom D\u017eud\u017eevi\u0107em<\/p>\n<p>&#8211; 2012. Vlada R. Srbije je besparvno ukinula akreditaciju Internacionalnom univerzitetu nakon dvije godine provjere, dok je akreditovala Dr\u017eavni univerzitet za svega par dana<\/p>\n<p>&#8211; 2013. Vlada R. Srbije je bespravno odbila odluke Skup\u0161tine BDZ-a, svih organa stranke i apsolutne ve\u0107ine njenih odbornika o smjeni Emira Elfi\u0107a sa mjesta predsjendika stranke<\/p>\n<p>[\/alert]<\/p>\n<p><strong>Zar da se ru\u0161i Islamska zajednica na \u010delu sa Muftijom Zukorli\u0107em zato \u0161to tra\u017ei da imaju ista prava kao Srpska pravoslavna crkva?<\/strong><\/p>\n<p>Nastavlja se diskriminacija Vlade R. Srbije prema onom dijelu Bo\u0161njaka u Sand\u017eaku koji \u017eele \u017eivjeti dostojanstveno i ravnopravno sa ostalima u zemlji Srbiji.<\/p>\n<p>\u017delja joj je oslabiti Islamsku zajednicu, tako \u0161to \u0107e produbljivati podjele me\u0111u muslimanima, da se ne bi bavili \u0161irenjem vjere i ja\u010danjem vjerskih institucija, ve\u0107 borbom za kontrolom nad institucijom i muslimanima.<\/p>\n<p>To Vlada \u010dini materjalnim pomaganjem svih onih koji su u stanju ugroziti muftiju Muamer ef. Zukorli\u0107a.<\/p>\n<p>Vlada ne \u017eeli da dopusti Islamskoj zajednici da povrati vakufsku imovinu i da na vakufu ja\u010da svoju snagu gradnjom d\u017eamija i vjerskih, obrazovnih i humanitarnih institucija, zato je uzurpirala vakufsku imovinu, osim onog \u0161to je Islamska zajednica na \u010delu sa muftijom Zukorli\u0107em na silu uspijela vratiti.<\/p>\n<p>Vlada ne \u017eeli da Islamska zajednica kroz osnovne i srednje \u0161kole podu\u010dava omladinu islamu, zato\u00a0je istjerala sve vjerou\u010ditelje. Tu se tla\u010denje i diskriminacija ne zavr\u0161avaju.<\/p>\n<p>Vlada R. Srbije, za sad neuspje\u0161no, nastoji na direktan ili indirektan na\u010din podkupiti \u0161to ve\u010di broj slu\u017ebenika Islamske zajednice da bi ih podstakla da ustanu protiv muftije Zukorli\u0107a.<\/p>\n<p>Zar se i\u0161ta od ovoga doga\u0111a Pravoslavnoj crkvi? Ili mo\u017eda Katoli\u010dkoj crkvi? Ili ne daj Bo\u017ee Jevrejskoj crkvi?<\/p>\n<p>Pojedini slu\u017ebenici Islamske zajednice \u0107e pomo\u0107i Rasimu Ljaji\u0107u i povjerovati onome \u0161to on i njegovi pomaga\u010di obe\u0107avaju, samo ako budu \u017eeljeli predati \u017eivote na\u0161ih majki, sestara, \u017eena i \u0107erki d\u017eelatu u ruke, kao \u0161to je u\u010dinjeno u Srebrenici.<\/p>\n<p><strong>Zar pobjedi\u0161 na izborima i oni te ne priznaju?<\/strong><\/p>\n<p>Gdje to u Evropi jo\u0161 ima da narod izglasa jednog lidera, osim naravno u Egiptu i drugim islamskim zemljama, a da vlast uz pomo\u0107 svojih mehanizama izabere drugog da vlada, kao u slu\u010daju BNV-a.<\/p>\n<p>Bo\u0161nja\u010dka kulturna zajednica &#8211; BKZ- na \u010delu sa muftijom Muamer ef. Zukorli\u0107em je osvojila 49% na izborima 2010., nakon \u010dega ga je podr\u017ealo jo\u0161 dva odbornika BNV-a sa liste Rasima Ljaji\u0107a.<\/p>\n<p>Kako to da Vlada nije priznala, a priznala je kada je Hedija \u0160krijelj iz BDZ-a podr\u017eala Ljaji\u0107evu stranku u novopazarskoj vlasti i tako joj obezbijedila ve\u0107inu da vlada. Zar to nije nepravda i brutalna diskriminacija prema ovom narodu i pokretu za ravnopravnost na \u010delu sa muftijom Zukorli\u0107em?<\/p>\n<p><strong>Zar nema podr\u0161ku 99% stranke i ostane predsjednik?<\/strong><\/p>\n<p>Svjedoci smo ovih dana kako je Emir Elfi\u0107 uz pomo\u0107 Vlade R. Srbije i Rasima Ljaji\u0107a zabio no\u017e u le\u0111a Muftiji, iako je Muftija puno \u017ertvovao daju\u0107i mu povjerenje vo\u0111enja politi\u010dke stranke, iako mu je veliki broj ljudi zamjerio smatraju\u0107i Elfi\u0107a nesposobnim jer ne posjeduje liderske sposobnosti i nepodobnim s obzirom da je \u00a0\u0161urak. Iako je ve\u0107ina odbornika, odbora BDZ-a i \u010dlanova organa stranke glasalo za njegovu smjenu, Vlada R. Srbije je presudila u njegovu korist.<\/p>\n<p>Kako bi bilo kada su u Demokratskoj stranci odlu\u010dili smijeniti Borisa Tadi\u0107a da je Vlada odlu\u010dila u njegovu korist i njemu dodijelila stranku, iako je za Dragan \u0110ilasa glasalo ve\u0107ina narodnih poslanika, \u010dlanova organa stranke i odbora stranke?<\/p>\n<p>Do kada \u0107e ova brutalna nepravda i diskriminacija u Sand\u017eaku trajati? Kada \u0107e se ovaj narod osloboditi okova straha i podkupljivanja? Kada \u0107e ovaj narod shvatiti da nije normalno da \u017eivi u nepravdi i da nije normalno da mora biti rob \u010detnika, komunista i sada ovih tla\u010diteljskih demokrata?<\/p>\n<p>Glas borbe za pravdu i slobodu ovog naroda ne\u0107e prestati na nesre\u0107u Vlade R. Srbije i njenih pomaga\u010da i glas istine \u0107e se \u010duti dok god se ne sru\u0161i onaj ko zulum \u010dini. Sve se kida kad je najtanje, al se zulum kida kad je najdeblji &#8230; A sve je deblji i deblji &#8230;<\/p>\n","protected":false},"excerpt":{"rendered":"<p>Sjeverni Sand\u017eak &#8211; Svjedoci smo ovih dana da Vlada Republike Srbije nastavlja sa diskriminatorskim odnosom prema Bo\u0161njacima u Sand\u017eaku. Vlada R. Srbije nastavlja nepravedno tla\u010diti sve one koji \u017eele da \u017eive dostojanstveno u ovoj zemlji. . . . . . [alert style=&#8221;white&#8221;] &#8211;\u00a02007. Vlada R. Srbije je bespravno registrirala paralelnu Islamsku zajednicu na \u010delu sa [&hellip;]<\/p>\n","protected":false},"author":83,"featured_media":83529,"comment_status":"open","ping_status":"open","sticky":false,"template":"","format":"standard","meta":{"footnotes":""},"categories":[72,52,327,392,393,394,8957],"tags":[10204,10217,10223,10229,10243],"class_list":{"0":"post-83515","1":"post","2":"type-post","3":"status-publish","4":"format-standard","5":"has-post-thumbnail","7":"category-novi-pazar","8":"category-sjenica","9":"category-tutin","10":"category-prijepolje_","11":"category-priboj","12":"category-nova-varos","13":"category-vijesti-dana","14":"tag-muftija-muamer-zukorlic","15":"tag-nepravde-srpske-vlasti","16":"tag-bdz","17":"tag-islamska-zajednica","18":"tag-bnv"},"yoast_head":"<!-- This site is optimized with the Yoast SEO Premium plugin v23.1 (Yoast SEO v24.9) - https:\/\/yoast.com\/wordpress\/plugins\/seo\/ -->\n<title>Brutalna diskriminacija srpske vlasti prema ovom narodu ne prestaje<\/title>\n<meta name=\"robots\" content=\"index, follow, max-snippet:-1, max-image-preview:large, max-video-preview:-1\" \/>\n<link rel=\"canonical\" href=\"https:\/\/sandzakpress.net\/arhiva\/brutalna-diskriminacija-srpske-vlasti\/\" \/>\n<meta property=\"og:locale\" content=\"bs_BA\" \/>\n<meta property=\"og:type\" content=\"article\" \/>\n<meta property=\"og:title\" content=\"Brutalna diskriminacija srpske vlasti prema ovom narodu ne prestaje\" \/>\n<meta property=\"og:description\" content=\"Sjeverni Sand\u017eak &#8211; Svjedoci smo ovih dana da Vlada Republike Srbije nastavlja sa diskriminatorskim odnosom prema Bo\u0161njacima u Sand\u017eaku. Vlada R. Srbije nastavlja nepravedno tla\u010diti sve one koji \u017eele da \u017eive dostojanstveno u ovoj zemlji. . . . . . [alert style=&#8221;white&#8221;] &#8211;\u00a02007. Vlada R. Srbije je bespravno registrirala paralelnu Islamsku zajednicu na \u010delu sa [&hellip;]\" \/>\n<meta property=\"og:url\" content=\"https:\/\/sandzakpress.net\/arhiva\/brutalna-diskriminacija-srpske-vlasti\/\" \/>\n<meta property=\"og:site_name\" content=\"Sand\u017eak PRESS\" \/>\n<meta property=\"article:published_time\" content=\"2013-07-30T15:54:56+00:00\" \/>\n<meta property=\"article:modified_time\" content=\"2013-07-31T01:17:51+00:00\" \/>\n<meta property=\"og:image\" content=\"https:\/\/sandzakpress.net\/arhiva\/wp-content\/uploads\/2013\/07\/sandzak_srbija_eu-300x2211.jpg\" \/>\n\t<meta property=\"og:image:width\" content=\"300\" \/>\n\t<meta property=\"og:image:height\" content=\"221\" \/>\n\t<meta property=\"og:image:type\" content=\"image\/jpeg\" \/>\n<meta name=\"author\" content=\"bosniak\" \/>\n<meta name=\"twitter:card\" content=\"summary_large_image\" \/>\n<meta name=\"twitter:label1\" content=\"Written by\" \/>\n\t<meta name=\"twitter:data1\" content=\"bosniak\" \/>\n\t<meta name=\"twitter:label2\" content=\"Est. reading time\" \/>\n\t<meta name=\"twitter:data2\" content=\"4 minute\" \/>\n<script type=\"application\/ld+json\" class=\"yoast-schema-graph\">{\"@context\":\"https:\/\/schema.org\",\"@graph\":[{\"@type\":\"Article\",\"@id\":\"https:\/\/sandzakpress.net\/arhiva\/brutalna-diskriminacija-srpske-vlasti\/#article\",\"isPartOf\":{\"@id\":\"https:\/\/sandzakpress.net\/arhiva\/brutalna-diskriminacija-srpske-vlasti\/\"},\"author\":{\"name\":\"bosniak\",\"@id\":\"https:\/\/sandzakpress.net\/arhiva\/#\/schema\/person\/c8baee722073534b583ea7bdb2e36c02\"},\"headline\":\"Brutalna diskriminacija srpske vlasti prema ovom narodu ne prestaje\",\"datePublished\":\"2013-07-30T15:54:56+00:00\",\"dateModified\":\"2013-07-31T01:17:51+00:00\",\"mainEntityOfPage\":{\"@id\":\"https:\/\/sandzakpress.net\/arhiva\/brutalna-diskriminacija-srpske-vlasti\/\"},\"wordCount\":801,\"commentCount\":10,\"publisher\":{\"@id\":\"https:\/\/sandzakpress.net\/arhiva\/#\/schema\/person\/6e72b67d6e51910a1117b3b483ba20bd\"},\"image\":{\"@id\":\"https:\/\/sandzakpress.net\/arhiva\/brutalna-diskriminacija-srpske-vlasti\/#primaryimage\"},\"thumbnailUrl\":\"https:\/\/sandzakpress.net\/arhiva\/wp-content\/uploads\/2013\/07\/sandzak_srbija_eu-300x2211.jpg\",\"keywords\":[\"muftija Muamer Zukorli\u0107\",\"nepravde srpske vlasti\",\"BDZ\",\"Islamska zajednica\",\"BNV\"],\"articleSection\":[\"Novi Pazar\",\"Sjenica\",\"Tutin\",\"Prijepolje\",\"Priboj\",\"Nova Varo\u0161\",\"VIJESTI DANA\"],\"inLanguage\":\"bs-BA\",\"potentialAction\":[{\"@type\":\"CommentAction\",\"name\":\"Comment\",\"target\":[\"https:\/\/sandzakpress.net\/arhiva\/brutalna-diskriminacija-srpske-vlasti\/#respond\"]}]},{\"@type\":\"WebPage\",\"@id\":\"https:\/\/sandzakpress.net\/arhiva\/brutalna-diskriminacija-srpske-vlasti\/\",\"url\":\"https:\/\/sandzakpress.net\/arhiva\/brutalna-diskriminacija-srpske-vlasti\/\",\"name\":\"Brutalna diskriminacija srpske vlasti prema ovom narodu ne prestaje\",\"isPartOf\":{\"@id\":\"https:\/\/sandzakpress.net\/arhiva\/#website\"},\"primaryImageOfPage\":{\"@id\":\"https:\/\/sandzakpress.net\/arhiva\/brutalna-diskriminacija-srpske-vlasti\/#primaryimage\"},\"image\":{\"@id\":\"https:\/\/sandzakpress.net\/arhiva\/brutalna-diskriminacija-srpske-vlasti\/#primaryimage\"},\"thumbnailUrl\":\"https:\/\/sandzakpress.net\/arhiva\/wp-content\/uploads\/2013\/07\/sandzak_srbija_eu-300x2211.jpg\",\"datePublished\":\"2013-07-30T15:54:56+00:00\",\"dateModified\":\"2013-07-31T01:17:51+00:00\",\"breadcrumb\":{\"@id\":\"https:\/\/sandzakpress.net\/arhiva\/brutalna-diskriminacija-srpske-vlasti\/#breadcrumb\"},\"inLanguage\":\"bs-BA\",\"potentialAction\":[{\"@type\":\"ReadAction\",\"target\":[\"https:\/\/sandzakpress.net\/arhiva\/brutalna-diskriminacija-srpske-vlasti\/\"]}]},{\"@type\":\"ImageObject\",\"inLanguage\":\"bs-BA\",\"@id\":\"https:\/\/sandzakpress.net\/arhiva\/brutalna-diskriminacija-srpske-vlasti\/#primaryimage\",\"url\":\"https:\/\/sandzakpress.net\/arhiva\/wp-content\/uploads\/2013\/07\/sandzak_srbija_eu-300x2211.jpg\",\"contentUrl\":\"https:\/\/sandzakpress.net\/arhiva\/wp-content\/uploads\/2013\/07\/sandzak_srbija_eu-300x2211.jpg\",\"width\":300,\"height\":221},{\"@type\":\"BreadcrumbList\",\"@id\":\"https:\/\/sandzakpress.net\/arhiva\/brutalna-diskriminacija-srpske-vlasti\/#breadcrumb\",\"itemListElement\":[{\"@type\":\"ListItem\",\"position\":1,\"name\":\"Home\",\"item\":\"https:\/\/sandzakpress.net\/arhiva\/\"},{\"@type\":\"ListItem\",\"position\":2,\"name\":\"Brutalna diskriminacija srpske vlasti prema ovom narodu ne prestaje\"}]},{\"@type\":\"WebSite\",\"@id\":\"https:\/\/sandzakpress.net\/arhiva\/#website\",\"url\":\"https:\/\/sandzakpress.net\/arhiva\/\",\"name\":\"Sand\u017eak PRESS\",\"description\":\"Prve elektronske novine u Sand\u017eaku\",\"publisher\":{\"@id\":\"https:\/\/sandzakpress.net\/arhiva\/#\/schema\/person\/6e72b67d6e51910a1117b3b483ba20bd\"},\"potentialAction\":[{\"@type\":\"SearchAction\",\"target\":{\"@type\":\"EntryPoint\",\"urlTemplate\":\"https:\/\/sandzakpress.net\/arhiva\/?s={search_term_string}\"},\"query-input\":{\"@type\":\"PropertyValueSpecification\",\"valueRequired\":true,\"valueName\":\"search_term_string\"}}],\"inLanguage\":\"bs-BA\"},{\"@type\":[\"Person\",\"Organization\"],\"@id\":\"https:\/\/sandzakpress.net\/arhiva\/#\/schema\/person\/6e72b67d6e51910a1117b3b483ba20bd\",\"name\":\"Kul\",\"image\":{\"@type\":\"ImageObject\",\"inLanguage\":\"bs-BA\",\"@id\":\"https:\/\/sandzakpress.net\/arhiva\/#\/schema\/person\/image\/\",\"url\":\"https:\/\/secure.gravatar.com\/avatar\/42263f39aa27ac04c43cab85c280eb2e?s=96&d=mm&r=pg\",\"contentUrl\":\"https:\/\/secure.gravatar.com\/avatar\/42263f39aa27ac04c43cab85c280eb2e?s=96&d=mm&r=pg\",\"caption\":\"Kul\"},\"logo\":{\"@id\":\"https:\/\/sandzakpress.net\/arhiva\/#\/schema\/person\/image\/\"}},{\"@type\":\"Person\",\"@id\":\"https:\/\/sandzakpress.net\/arhiva\/#\/schema\/person\/c8baee722073534b583ea7bdb2e36c02\",\"name\":\"bosniak\",\"image\":{\"@type\":\"ImageObject\",\"inLanguage\":\"bs-BA\",\"@id\":\"https:\/\/sandzakpress.net\/arhiva\/#\/schema\/person\/image\/\",\"url\":\"https:\/\/secure.gravatar.com\/avatar\/a04fd330bfe3a36a72a0ad4a6d89fca7?s=96&d=mm&r=pg\",\"contentUrl\":\"https:\/\/secure.gravatar.com\/avatar\/a04fd330bfe3a36a72a0ad4a6d89fca7?s=96&d=mm&r=pg\",\"caption\":\"bosniak\"},\"url\":\"https:\/\/sandzakpress.net\/arhiva\/author\/bosniak\/\"}]}<\/script>\n<!-- \/ Yoast SEO Premium plugin. -->","yoast_head_json":{"title":"Brutalna diskriminacija srpske vlasti prema ovom narodu ne prestaje","robots":{"index":"index","follow":"follow","max-snippet":"max-snippet:-1","max-image-preview":"max-image-preview:large","max-video-preview":"max-video-preview:-1"},"canonical":"https:\/\/sandzakpress.net\/arhiva\/brutalna-diskriminacija-srpske-vlasti\/","og_locale":"bs_BA","og_type":"article","og_title":"Brutalna diskriminacija srpske vlasti prema ovom narodu ne prestaje","og_description":"Sjeverni Sand\u017eak &#8211; Svjedoci smo ovih dana da Vlada Republike Srbije nastavlja sa diskriminatorskim odnosom prema Bo\u0161njacima u Sand\u017eaku. Vlada R. Srbije nastavlja nepravedno tla\u010diti sve one koji \u017eele da \u017eive dostojanstveno u ovoj zemlji. . . . . . [alert style=&#8221;white&#8221;] &#8211;\u00a02007. Vlada R. Srbije je bespravno registrirala paralelnu Islamsku zajednicu na \u010delu sa [&hellip;]","og_url":"https:\/\/sandzakpress.net\/arhiva\/brutalna-diskriminacija-srpske-vlasti\/","og_site_name":"Sand\u017eak PRESS","article_published_time":"2013-07-30T15:54:56+00:00","article_modified_time":"2013-07-31T01:17:51+00:00","og_image":[{"width":300,"height":221,"url":"https:\/\/sandzakpress.net\/arhiva\/wp-content\/uploads\/2013\/07\/sandzak_srbija_eu-300x2211.jpg","type":"image\/jpeg"}],"author":"bosniak","twitter_card":"summary_large_image","twitter_misc":{"Written by":"bosniak","Est. reading time":"4 minute"},"schema":{"@context":"https:\/\/schema.org","@graph":[{"@type":"Article","@id":"https:\/\/sandzakpress.net\/arhiva\/brutalna-diskriminacija-srpske-vlasti\/#article","isPartOf":{"@id":"https:\/\/sandzakpress.net\/arhiva\/brutalna-diskriminacija-srpske-vlasti\/"},"author":{"name":"bosniak","@id":"https:\/\/sandzakpress.net\/arhiva\/#\/schema\/person\/c8baee722073534b583ea7bdb2e36c02"},"headline":"Brutalna diskriminacija srpske vlasti prema ovom narodu ne prestaje","datePublished":"2013-07-30T15:54:56+00:00","dateModified":"2013-07-31T01:17:51+00:00","mainEntityOfPage":{"@id":"https:\/\/sandzakpress.net\/arhiva\/brutalna-diskriminacija-srpske-vlasti\/"},"wordCount":801,"commentCount":10,"publisher":{"@id":"https:\/\/sandzakpress.net\/arhiva\/#\/schema\/person\/6e72b67d6e51910a1117b3b483ba20bd"},"image":{"@id":"https:\/\/sandzakpress.net\/arhiva\/brutalna-diskriminacija-srpske-vlasti\/#primaryimage"},"thumbnailUrl":"https:\/\/sandzakpress.net\/arhiva\/wp-content\/uploads\/2013\/07\/sandzak_srbija_eu-300x2211.jpg","keywords":["muftija Muamer Zukorli\u0107","nepravde srpske vlasti","BDZ","Islamska zajednica","BNV"],"articleSection":["Novi Pazar","Sjenica","Tutin","Prijepolje","Priboj","Nova Varo\u0161","VIJESTI DANA"],"inLanguage":"bs-BA","potentialAction":[{"@type":"CommentAction","name":"Comment","target":["https:\/\/sandzakpress.net\/arhiva\/brutalna-diskriminacija-srpske-vlasti\/#respond"]}]},{"@type":"WebPage","@id":"https:\/\/sandzakpress.net\/arhiva\/brutalna-diskriminacija-srpske-vlasti\/","url":"https:\/\/sandzakpress.net\/arhiva\/brutalna-diskriminacija-srpske-vlasti\/","name":"Brutalna diskriminacija srpske vlasti prema ovom narodu ne prestaje","isPartOf":{"@id":"https:\/\/sandzakpress.net\/arhiva\/#website"},"primaryImageOfPage":{"@id":"https:\/\/sandzakpress.net\/arhiva\/brutalna-diskriminacija-srpske-vlasti\/#primaryimage"},"image":{"@id":"https:\/\/sandzakpress.net\/arhiva\/brutalna-diskriminacija-srpske-vlasti\/#primaryimage"},"thumbnailUrl":"https:\/\/sandzakpress.net\/arhiva\/wp-content\/uploads\/2013\/07\/sandzak_srbija_eu-300x2211.jpg","datePublished":"2013-07-30T15:54:56+00:00","dateModified":"2013-07-31T01:17:51+00:00","breadcrumb":{"@id":"https:\/\/sandzakpress.net\/arhiva\/brutalna-diskriminacija-srpske-vlasti\/#breadcrumb"},"inLanguage":"bs-BA","potentialAction":[{"@type":"ReadAction","target":["https:\/\/sandzakpress.net\/arhiva\/brutalna-diskriminacija-srpske-vlasti\/"]}]},{"@type":"ImageObject","inLanguage":"bs-BA","@id":"https:\/\/sandzakpress.net\/arhiva\/brutalna-diskriminacija-srpske-vlasti\/#primaryimage","url":"https:\/\/sandzakpress.net\/arhiva\/wp-content\/uploads\/2013\/07\/sandzak_srbija_eu-300x2211.jpg","contentUrl":"https:\/\/sandzakpress.net\/arhiva\/wp-content\/uploads\/2013\/07\/sandzak_srbija_eu-300x2211.jpg","width":300,"height":221},{"@type":"BreadcrumbList","@id":"https:\/\/sandzakpress.net\/arhiva\/brutalna-diskriminacija-srpske-vlasti\/#breadcrumb","itemListElement":[{"@type":"ListItem","position":1,"name":"Home","item":"https:\/\/sandzakpress.net\/arhiva\/"},{"@type":"ListItem","position":2,"name":"Brutalna diskriminacija srpske vlasti prema ovom narodu ne prestaje"}]},{"@type":"WebSite","@id":"https:\/\/sandzakpress.net\/arhiva\/#website","url":"https:\/\/sandzakpress.net\/arhiva\/","name":"Sand\u017eak PRESS","description":"Prve elektronske novine u Sand\u017eaku","publisher":{"@id":"https:\/\/sandzakpress.net\/arhiva\/#\/schema\/person\/6e72b67d6e51910a1117b3b483ba20bd"},"potentialAction":[{"@type":"SearchAction","target":{"@type":"EntryPoint","urlTemplate":"https:\/\/sandzakpress.net\/arhiva\/?s={search_term_string}"},"query-input":{"@type":"PropertyValueSpecification","valueRequired":true,"valueName":"search_term_string"}}],"inLanguage":"bs-BA"},{"@type":["Person","Organization"],"@id":"https:\/\/sandzakpress.net\/arhiva\/#\/schema\/person\/6e72b67d6e51910a1117b3b483ba20bd","name":"Kul","image":{"@type":"ImageObject","inLanguage":"bs-BA","@id":"https:\/\/sandzakpress.net\/arhiva\/#\/schema\/person\/image\/","url":"https:\/\/secure.gravatar.com\/avatar\/42263f39aa27ac04c43cab85c280eb2e?s=96&d=mm&r=pg","contentUrl":"https:\/\/secure.gravatar.com\/avatar\/42263f39aa27ac04c43cab85c280eb2e?s=96&d=mm&r=pg","caption":"Kul"},"logo":{"@id":"https:\/\/sandzakpress.net\/arhiva\/#\/schema\/person\/image\/"}},{"@type":"Person","@id":"https:\/\/sandzakpress.net\/arhiva\/#\/schema\/person\/c8baee722073534b583ea7bdb2e36c02","name":"bosniak","image":{"@type":"ImageObject","inLanguage":"bs-BA","@id":"https:\/\/sandzakpress.net\/arhiva\/#\/schema\/person\/image\/","url":"https:\/\/secure.gravatar.com\/avatar\/a04fd330bfe3a36a72a0ad4a6d89fca7?s=96&d=mm&r=pg","contentUrl":"https:\/\/secure.gravatar.com\/avatar\/a04fd330bfe3a36a72a0ad4a6d89fca7?s=96&d=mm&r=pg","caption":"bosniak"},"url":"https:\/\/sandzakpress.net\/arhiva\/author\/bosniak\/"}]}},"_links":{"self":[{"href":"https:\/\/sandzakpress.net\/arhiva\/wp-json\/wp\/v2\/posts\/83515"}],"collection":[{"href":"https:\/\/sandzakpress.net\/arhiva\/wp-json\/wp\/v2\/posts"}],"about":[{"href":"https:\/\/sandzakpress.net\/arhiva\/wp-json\/wp\/v2\/types\/post"}],"author":[{"embeddable":true,"href":"https:\/\/sandzakpress.net\/arhiva\/wp-json\/wp\/v2\/users\/83"}],"replies":[{"embeddable":true,"href":"https:\/\/sandzakpress.net\/arhiva\/wp-json\/wp\/v2\/comments?post=83515"}],"version-history":[{"count":0,"href":"https:\/\/sandzakpress.net\/arhiva\/wp-json\/wp\/v2\/posts\/83515\/revisions"}],"wp:featuredmedia":[{"embeddable":true,"href":"https:\/\/sandzakpress.net\/arhiva\/wp-json\/wp\/v2\/media\/83529"}],"wp:attachment":[{"href":"https:\/\/sandzakpress.net\/arhiva\/wp-json\/wp\/v2\/media?parent=83515"}],"wp:term":[{"taxonomy":"category","embeddable":true,"href":"https:\/\/sandzakpress.net\/arhiva\/wp-json\/wp\/v2\/categories?post=83515"},{"taxonomy":"post_tag","embeddable":true,"href":"https:\/\/sandzakpress.net\/arhiva\/wp-json\/wp\/v2\/tags?post=83515"}],"curies":[{"name":"wp","href":"https:\/\/api.w.org\/{rel}","templated":true}]}}