{"id":83240,"date":"2013-07-26T22:42:39","date_gmt":"2013-07-26T20:42:39","guid":{"rendered":"https:\/\/sandzakpress.net\/arhiva\/?p=83240"},"modified":"2013-07-26T22:42:39","modified_gmt":"2013-07-26T20:42:39","slug":"snazna-podrska-grada-domacoj-privredi","status":"publish","type":"post","link":"https:\/\/sandzakpress.net\/arhiva\/snazna-podrska-grada-domacoj-privredi\/","title":{"rendered":"Sna\u017ena podr\u0161ka grada doma\u0107oj privredi?"},"content":{"rendered":"<p><strong><a href=\"https:\/\/sandzakpress.net\/arhiva\/wp-content\/uploads\/2013\/07\/world_of_jeans.jpg\"><img loading=\"lazy\" decoding=\"async\" class=\"alignleft size-medium wp-image-83241\" alt=\"world_of_jeans\" src=\"https:\/\/sandzakpress.net\/arhiva\/wp-content\/uploads\/2013\/07\/world_of_jeans-300x199.jpg\" width=\"300\" height=\"199\" \/><\/a>Novi Pazar &#8211; Kompanija \u201eWorld of jeans\u201c iz Novog Pazara pokrenula je u prostorijama nekada\u0161nje Trikota\u017ee \u201eRa\u0161ka\u201c proizvodnju odevnih predmeta, zapo\u0161ljavaju\u0107i za po\u010detak pedeset radnika. Pogon preduze\u0107a obi\u0161ao je gradona\u010delnik Novog Pazara, dr Meho Mahmutovi\u0107 sa najbli\u017eim saradnicima. <\/strong><\/p>\n<p>Svijet d\u017einsa, kako u prijevodu glasi naziv firme, mogao bi barem prema prvim najavama da bude dobar primjer poslovanja doma\u0107ih kompanija, te obezbe\u0111ivanja novih radnih mjesta.<\/p>\n<p>\u201eVeliko je zadovoljstvo prisustvovati otvaranju novih fabrika, \u0161to omogu\u0107ava ljudima da se zaposle i \u017eive od svog rada. Firma svoje proizvode stoprocentno izvozi na inostrano tr\u017ei\u0161te i za sada zapo\u0161ljava pedeset Novopazaraca. Me\u0111utim, vrlo je izvjesno da \u0107e, u skladu sa potra\u017enjom proizvoda i politikom poslovanja, do kraja godine obezbediti posao za jo\u0161 pedeset na\u0161ih sugra\u0111ana\u201c, rekao je Mahmutovi\u0107, obilaze\u0107i proizvodnju \u201eWorld of jeans\u201c preduze\u0107a.<\/p>\n<p>Gradona\u010delnik Mahmutovi\u0107 naglasio je tokom te posjete, da Novi Pazar ima sve preduslove da dalje razvija doma\u0107u proizvodnju.<\/p>\n<p>\u201eGrad \u0107e uvjek pomagati pospe\u0161ivanje doma\u0107e proizvodnje. Sta\u0107emo kao garant u potpunosti iza ove firme, a nadam se da \u0107e podr\u0161ku na adekvatan na\u010din uputiti i Republika. Kako sam rekao, doma\u0107a privreda je prioritet, a prostora naravno ima i za inostrane investicije. \u0160to se znanja menad\u017ementa, obu\u010denosti zaposlenih i kvaliteta robe ti\u010de, na\u0161e su firme apsolutno konkurentne na tr\u017ei\u0161tu, najbolje na Balkanu\u201c.<\/p>\n<p>Novi Pazar ima kapacitet da godi\u0161nje proizvede dvanaest miliona komada farmerica. Trnutno se na ovom prostoru prema inostranom tr\u017ei\u0161tu plasira tek oko milion gotovih proizvoda. Novootvorena firma ne samo da ima jasno definisano tr\u017ei\u0161te, ve\u0107 i sve izglede da u pogledu pro\u0161irenja proizvodnje uskoro napravi korak dalje.<\/p>\n<p>Vlasnik firme \u201eWorld of jeans\u201c, Faik Ibrovi\u0107 rekao je da je za sada proizvodnja od 600 komada dnevno, te da je sva gotova roba namenjena njema\u010dkom tr\u017ei\u0161tu. \u201eImaju\u0107i u vidu da oni kojima plasiramo robu tra\u017ee od nas u ovom trenutku \u010dak 1200 komada, izvjesno je da \u0107emo morati i da pove\u0107amo broj zaposlenih. To je dobra prilika za anga\u017eovanje jednog broja nezaposlenih sugra\u0111ana\u201c, rekao je Ibrovi\u0107.<\/p>\n<p>Gradske vlasti su preduzele sve mjera kako bi se stekli uslovi za osposobljavanje pogona. Prema rije\u010dima Ramiza Paljevca, na\u010delnika Odeljenja za privredu Gradske uprave Novog Pazara, grad \u0107e nastaviti da stvara ambijent za nove investicije.<\/p>\n<p>\u201eSve subvencije na gradskom nivou \u0107emo obezbediti jer nastojimo da budemo pouzdan partner investitorima. Bilo je izvesnih problema da se ovaj pogon pusti u rad, \u0161to je normalno imaju\u0107i u vidu de\u0161avanja iz pro\u0161losti. Posredovali smo u otklanjanju pote\u0161ko\u0107a u mjeri i na na\u010din kako nam je opisom poslova dato i danas obilazimo pedeset novozaposlenih na njihovim radnim mjestima\u201c.<\/p>\n<p>U okviru samog objekta postoji ideja o instaliranju solranih (fotonaponskih ) sistema za proizvodnju elektri\u010dne energije. To zna\u010di da bi zgrada u kojoj se proizvodnja nalazi imala sopstveni izvor elektri\u010dne energije, bez dodotnog napajanja. Prema rije\u010dima \u010dlana kabineta gradona\u010delnika, Elvira Hamidovi\u0107a, u toku su razgovori sa ponu\u0111a\u010dem i proizvo\u0111a\u010dem solarne opreme. Ovim bi grad na jo\u0161 jedan na\u010din pomogao menad\u017ementu i zaposlenima, smanjuju\u0107i znatne prate\u0107e tro\u0161kove , poput onih za struju, na najmanju mogu\u0107u mjeru.<\/p>\n<p>(novipazar)<\/p>\n","protected":false},"excerpt":{"rendered":"<p>Novi Pazar &#8211; Kompanija \u201eWorld of jeans\u201c iz Novog Pazara pokrenula je u prostorijama nekada\u0161nje Trikota\u017ee \u201eRa\u0161ka\u201c proizvodnju odevnih predmeta, zapo\u0161ljavaju\u0107i za po\u010detak pedeset radnika. Pogon preduze\u0107a obi\u0161ao je gradona\u010delnik Novog Pazara, dr Meho Mahmutovi\u0107 sa najbli\u017eim saradnicima. Svijet d\u017einsa, kako u prijevodu glasi naziv firme, mogao bi barem prema prvim najavama da bude dobar [&hellip;]<\/p>\n","protected":false},"author":83,"featured_media":83243,"comment_status":"open","ping_status":"open","sticky":false,"template":"","format":"standard","meta":{"footnotes":""},"categories":[72,3],"tags":[],"class_list":{"0":"post-83240","1":"post","2":"type-post","3":"status-publish","4":"format-standard","5":"has-post-thumbnail","7":"category-novi-pazar","8":"category-privreda"},"yoast_head":"<!-- This site is optimized with the Yoast SEO Premium plugin v23.1 (Yoast SEO v24.9) - https:\/\/yoast.com\/wordpress\/plugins\/seo\/ -->\n<title>Sna\u017ena podr\u0161ka grada doma\u0107oj privredi?<\/title>\n<meta name=\"robots\" content=\"index, follow, max-snippet:-1, max-image-preview:large, max-video-preview:-1\" \/>\n<link rel=\"canonical\" href=\"https:\/\/sandzakpress.net\/arhiva\/snazna-podrska-grada-domacoj-privredi\/\" \/>\n<meta property=\"og:locale\" content=\"bs_BA\" \/>\n<meta property=\"og:type\" content=\"article\" \/>\n<meta property=\"og:title\" content=\"Sna\u017ena podr\u0161ka grada doma\u0107oj privredi?\" \/>\n<meta property=\"og:description\" content=\"Novi Pazar &#8211; Kompanija \u201eWorld of jeans\u201c iz Novog Pazara pokrenula je u prostorijama nekada\u0161nje Trikota\u017ee \u201eRa\u0161ka\u201c proizvodnju odevnih predmeta, zapo\u0161ljavaju\u0107i za po\u010detak pedeset radnika. Pogon preduze\u0107a obi\u0161ao je gradona\u010delnik Novog Pazara, dr Meho Mahmutovi\u0107 sa najbli\u017eim saradnicima. Svijet d\u017einsa, kako u prijevodu glasi naziv firme, mogao bi barem prema prvim najavama da bude dobar [&hellip;]\" \/>\n<meta property=\"og:url\" content=\"https:\/\/sandzakpress.net\/arhiva\/snazna-podrska-grada-domacoj-privredi\/\" \/>\n<meta property=\"og:site_name\" content=\"Sand\u017eak PRESS\" \/>\n<meta property=\"article:published_time\" content=\"2013-07-26T20:42:39+00:00\" \/>\n<meta property=\"og:image\" content=\"https:\/\/sandzakpress.net\/arhiva\/wp-content\/uploads\/2013\/07\/world_of_jeans-300x1991.jpg\" \/>\n\t<meta property=\"og:image:width\" content=\"300\" \/>\n\t<meta property=\"og:image:height\" content=\"199\" \/>\n\t<meta property=\"og:image:type\" content=\"image\/jpeg\" \/>\n<meta name=\"author\" content=\"bosniak\" \/>\n<meta name=\"twitter:card\" content=\"summary_large_image\" \/>\n<meta name=\"twitter:label1\" content=\"Written by\" \/>\n\t<meta name=\"twitter:data1\" content=\"bosniak\" \/>\n\t<meta name=\"twitter:label2\" content=\"Est. reading time\" \/>\n\t<meta name=\"twitter:data2\" content=\"3 minute\" \/>\n<script type=\"application\/ld+json\" class=\"yoast-schema-graph\">{\"@context\":\"https:\/\/schema.org\",\"@graph\":[{\"@type\":\"Article\",\"@id\":\"https:\/\/sandzakpress.net\/arhiva\/snazna-podrska-grada-domacoj-privredi\/#article\",\"isPartOf\":{\"@id\":\"https:\/\/sandzakpress.net\/arhiva\/snazna-podrska-grada-domacoj-privredi\/\"},\"author\":{\"name\":\"bosniak\",\"@id\":\"https:\/\/sandzakpress.net\/arhiva\/#\/schema\/person\/c8baee722073534b583ea7bdb2e36c02\"},\"headline\":\"Sna\u017ena podr\u0161ka grada doma\u0107oj privredi?\",\"datePublished\":\"2013-07-26T20:42:39+00:00\",\"mainEntityOfPage\":{\"@id\":\"https:\/\/sandzakpress.net\/arhiva\/snazna-podrska-grada-domacoj-privredi\/\"},\"wordCount\":572,\"commentCount\":0,\"publisher\":{\"@id\":\"https:\/\/sandzakpress.net\/arhiva\/#\/schema\/person\/6e72b67d6e51910a1117b3b483ba20bd\"},\"image\":{\"@id\":\"https:\/\/sandzakpress.net\/arhiva\/snazna-podrska-grada-domacoj-privredi\/#primaryimage\"},\"thumbnailUrl\":\"https:\/\/sandzakpress.net\/arhiva\/wp-content\/uploads\/2013\/07\/world_of_jeans-300x1991.jpg\",\"articleSection\":[\"Novi Pazar\",\"Privreda\"],\"inLanguage\":\"bs-BA\",\"potentialAction\":[{\"@type\":\"CommentAction\",\"name\":\"Comment\",\"target\":[\"https:\/\/sandzakpress.net\/arhiva\/snazna-podrska-grada-domacoj-privredi\/#respond\"]}]},{\"@type\":\"WebPage\",\"@id\":\"https:\/\/sandzakpress.net\/arhiva\/snazna-podrska-grada-domacoj-privredi\/\",\"url\":\"https:\/\/sandzakpress.net\/arhiva\/snazna-podrska-grada-domacoj-privredi\/\",\"name\":\"Sna\u017ena podr\u0161ka grada doma\u0107oj privredi?\",\"isPartOf\":{\"@id\":\"https:\/\/sandzakpress.net\/arhiva\/#website\"},\"primaryImageOfPage\":{\"@id\":\"https:\/\/sandzakpress.net\/arhiva\/snazna-podrska-grada-domacoj-privredi\/#primaryimage\"},\"image\":{\"@id\":\"https:\/\/sandzakpress.net\/arhiva\/snazna-podrska-grada-domacoj-privredi\/#primaryimage\"},\"thumbnailUrl\":\"https:\/\/sandzakpress.net\/arhiva\/wp-content\/uploads\/2013\/07\/world_of_jeans-300x1991.jpg\",\"datePublished\":\"2013-07-26T20:42:39+00:00\",\"breadcrumb\":{\"@id\":\"https:\/\/sandzakpress.net\/arhiva\/snazna-podrska-grada-domacoj-privredi\/#breadcrumb\"},\"inLanguage\":\"bs-BA\",\"potentialAction\":[{\"@type\":\"ReadAction\",\"target\":[\"https:\/\/sandzakpress.net\/arhiva\/snazna-podrska-grada-domacoj-privredi\/\"]}]},{\"@type\":\"ImageObject\",\"inLanguage\":\"bs-BA\",\"@id\":\"https:\/\/sandzakpress.net\/arhiva\/snazna-podrska-grada-domacoj-privredi\/#primaryimage\",\"url\":\"https:\/\/sandzakpress.net\/arhiva\/wp-content\/uploads\/2013\/07\/world_of_jeans-300x1991.jpg\",\"contentUrl\":\"https:\/\/sandzakpress.net\/arhiva\/wp-content\/uploads\/2013\/07\/world_of_jeans-300x1991.jpg\",\"width\":300,\"height\":199},{\"@type\":\"BreadcrumbList\",\"@id\":\"https:\/\/sandzakpress.net\/arhiva\/snazna-podrska-grada-domacoj-privredi\/#breadcrumb\",\"itemListElement\":[{\"@type\":\"ListItem\",\"position\":1,\"name\":\"Home\",\"item\":\"https:\/\/sandzakpress.net\/arhiva\/\"},{\"@type\":\"ListItem\",\"position\":2,\"name\":\"Sna\u017ena podr\u0161ka grada doma\u0107oj privredi?\"}]},{\"@type\":\"WebSite\",\"@id\":\"https:\/\/sandzakpress.net\/arhiva\/#website\",\"url\":\"https:\/\/sandzakpress.net\/arhiva\/\",\"name\":\"Sand\u017eak PRESS\",\"description\":\"Prve elektronske novine u Sand\u017eaku\",\"publisher\":{\"@id\":\"https:\/\/sandzakpress.net\/arhiva\/#\/schema\/person\/6e72b67d6e51910a1117b3b483ba20bd\"},\"potentialAction\":[{\"@type\":\"SearchAction\",\"target\":{\"@type\":\"EntryPoint\",\"urlTemplate\":\"https:\/\/sandzakpress.net\/arhiva\/?s={search_term_string}\"},\"query-input\":{\"@type\":\"PropertyValueSpecification\",\"valueRequired\":true,\"valueName\":\"search_term_string\"}}],\"inLanguage\":\"bs-BA\"},{\"@type\":[\"Person\",\"Organization\"],\"@id\":\"https:\/\/sandzakpress.net\/arhiva\/#\/schema\/person\/6e72b67d6e51910a1117b3b483ba20bd\",\"name\":\"Kul\",\"image\":{\"@type\":\"ImageObject\",\"inLanguage\":\"bs-BA\",\"@id\":\"https:\/\/sandzakpress.net\/arhiva\/#\/schema\/person\/image\/\",\"url\":\"https:\/\/secure.gravatar.com\/avatar\/42263f39aa27ac04c43cab85c280eb2e?s=96&d=mm&r=pg\",\"contentUrl\":\"https:\/\/secure.gravatar.com\/avatar\/42263f39aa27ac04c43cab85c280eb2e?s=96&d=mm&r=pg\",\"caption\":\"Kul\"},\"logo\":{\"@id\":\"https:\/\/sandzakpress.net\/arhiva\/#\/schema\/person\/image\/\"}},{\"@type\":\"Person\",\"@id\":\"https:\/\/sandzakpress.net\/arhiva\/#\/schema\/person\/c8baee722073534b583ea7bdb2e36c02\",\"name\":\"bosniak\",\"image\":{\"@type\":\"ImageObject\",\"inLanguage\":\"bs-BA\",\"@id\":\"https:\/\/sandzakpress.net\/arhiva\/#\/schema\/person\/image\/\",\"url\":\"https:\/\/secure.gravatar.com\/avatar\/a04fd330bfe3a36a72a0ad4a6d89fca7?s=96&d=mm&r=pg\",\"contentUrl\":\"https:\/\/secure.gravatar.com\/avatar\/a04fd330bfe3a36a72a0ad4a6d89fca7?s=96&d=mm&r=pg\",\"caption\":\"bosniak\"},\"url\":\"https:\/\/sandzakpress.net\/arhiva\/author\/bosniak\/\"}]}<\/script>\n<!-- \/ Yoast SEO Premium plugin. -->","yoast_head_json":{"title":"Sna\u017ena podr\u0161ka grada doma\u0107oj privredi?","robots":{"index":"index","follow":"follow","max-snippet":"max-snippet:-1","max-image-preview":"max-image-preview:large","max-video-preview":"max-video-preview:-1"},"canonical":"https:\/\/sandzakpress.net\/arhiva\/snazna-podrska-grada-domacoj-privredi\/","og_locale":"bs_BA","og_type":"article","og_title":"Sna\u017ena podr\u0161ka grada doma\u0107oj privredi?","og_description":"Novi Pazar &#8211; Kompanija \u201eWorld of jeans\u201c iz Novog Pazara pokrenula je u prostorijama nekada\u0161nje Trikota\u017ee \u201eRa\u0161ka\u201c proizvodnju odevnih predmeta, zapo\u0161ljavaju\u0107i za po\u010detak pedeset radnika. Pogon preduze\u0107a obi\u0161ao je gradona\u010delnik Novog Pazara, dr Meho Mahmutovi\u0107 sa najbli\u017eim saradnicima. Svijet d\u017einsa, kako u prijevodu glasi naziv firme, mogao bi barem prema prvim najavama da bude dobar [&hellip;]","og_url":"https:\/\/sandzakpress.net\/arhiva\/snazna-podrska-grada-domacoj-privredi\/","og_site_name":"Sand\u017eak PRESS","article_published_time":"2013-07-26T20:42:39+00:00","og_image":[{"width":300,"height":199,"url":"https:\/\/sandzakpress.net\/arhiva\/wp-content\/uploads\/2013\/07\/world_of_jeans-300x1991.jpg","type":"image\/jpeg"}],"author":"bosniak","twitter_card":"summary_large_image","twitter_misc":{"Written by":"bosniak","Est. reading time":"3 minute"},"schema":{"@context":"https:\/\/schema.org","@graph":[{"@type":"Article","@id":"https:\/\/sandzakpress.net\/arhiva\/snazna-podrska-grada-domacoj-privredi\/#article","isPartOf":{"@id":"https:\/\/sandzakpress.net\/arhiva\/snazna-podrska-grada-domacoj-privredi\/"},"author":{"name":"bosniak","@id":"https:\/\/sandzakpress.net\/arhiva\/#\/schema\/person\/c8baee722073534b583ea7bdb2e36c02"},"headline":"Sna\u017ena podr\u0161ka grada doma\u0107oj privredi?","datePublished":"2013-07-26T20:42:39+00:00","mainEntityOfPage":{"@id":"https:\/\/sandzakpress.net\/arhiva\/snazna-podrska-grada-domacoj-privredi\/"},"wordCount":572,"commentCount":0,"publisher":{"@id":"https:\/\/sandzakpress.net\/arhiva\/#\/schema\/person\/6e72b67d6e51910a1117b3b483ba20bd"},"image":{"@id":"https:\/\/sandzakpress.net\/arhiva\/snazna-podrska-grada-domacoj-privredi\/#primaryimage"},"thumbnailUrl":"https:\/\/sandzakpress.net\/arhiva\/wp-content\/uploads\/2013\/07\/world_of_jeans-300x1991.jpg","articleSection":["Novi Pazar","Privreda"],"inLanguage":"bs-BA","potentialAction":[{"@type":"CommentAction","name":"Comment","target":["https:\/\/sandzakpress.net\/arhiva\/snazna-podrska-grada-domacoj-privredi\/#respond"]}]},{"@type":"WebPage","@id":"https:\/\/sandzakpress.net\/arhiva\/snazna-podrska-grada-domacoj-privredi\/","url":"https:\/\/sandzakpress.net\/arhiva\/snazna-podrska-grada-domacoj-privredi\/","name":"Sna\u017ena podr\u0161ka grada doma\u0107oj privredi?","isPartOf":{"@id":"https:\/\/sandzakpress.net\/arhiva\/#website"},"primaryImageOfPage":{"@id":"https:\/\/sandzakpress.net\/arhiva\/snazna-podrska-grada-domacoj-privredi\/#primaryimage"},"image":{"@id":"https:\/\/sandzakpress.net\/arhiva\/snazna-podrska-grada-domacoj-privredi\/#primaryimage"},"thumbnailUrl":"https:\/\/sandzakpress.net\/arhiva\/wp-content\/uploads\/2013\/07\/world_of_jeans-300x1991.jpg","datePublished":"2013-07-26T20:42:39+00:00","breadcrumb":{"@id":"https:\/\/sandzakpress.net\/arhiva\/snazna-podrska-grada-domacoj-privredi\/#breadcrumb"},"inLanguage":"bs-BA","potentialAction":[{"@type":"ReadAction","target":["https:\/\/sandzakpress.net\/arhiva\/snazna-podrska-grada-domacoj-privredi\/"]}]},{"@type":"ImageObject","inLanguage":"bs-BA","@id":"https:\/\/sandzakpress.net\/arhiva\/snazna-podrska-grada-domacoj-privredi\/#primaryimage","url":"https:\/\/sandzakpress.net\/arhiva\/wp-content\/uploads\/2013\/07\/world_of_jeans-300x1991.jpg","contentUrl":"https:\/\/sandzakpress.net\/arhiva\/wp-content\/uploads\/2013\/07\/world_of_jeans-300x1991.jpg","width":300,"height":199},{"@type":"BreadcrumbList","@id":"https:\/\/sandzakpress.net\/arhiva\/snazna-podrska-grada-domacoj-privredi\/#breadcrumb","itemListElement":[{"@type":"ListItem","position":1,"name":"Home","item":"https:\/\/sandzakpress.net\/arhiva\/"},{"@type":"ListItem","position":2,"name":"Sna\u017ena podr\u0161ka grada doma\u0107oj privredi?"}]},{"@type":"WebSite","@id":"https:\/\/sandzakpress.net\/arhiva\/#website","url":"https:\/\/sandzakpress.net\/arhiva\/","name":"Sand\u017eak PRESS","description":"Prve elektronske novine u Sand\u017eaku","publisher":{"@id":"https:\/\/sandzakpress.net\/arhiva\/#\/schema\/person\/6e72b67d6e51910a1117b3b483ba20bd"},"potentialAction":[{"@type":"SearchAction","target":{"@type":"EntryPoint","urlTemplate":"https:\/\/sandzakpress.net\/arhiva\/?s={search_term_string}"},"query-input":{"@type":"PropertyValueSpecification","valueRequired":true,"valueName":"search_term_string"}}],"inLanguage":"bs-BA"},{"@type":["Person","Organization"],"@id":"https:\/\/sandzakpress.net\/arhiva\/#\/schema\/person\/6e72b67d6e51910a1117b3b483ba20bd","name":"Kul","image":{"@type":"ImageObject","inLanguage":"bs-BA","@id":"https:\/\/sandzakpress.net\/arhiva\/#\/schema\/person\/image\/","url":"https:\/\/secure.gravatar.com\/avatar\/42263f39aa27ac04c43cab85c280eb2e?s=96&d=mm&r=pg","contentUrl":"https:\/\/secure.gravatar.com\/avatar\/42263f39aa27ac04c43cab85c280eb2e?s=96&d=mm&r=pg","caption":"Kul"},"logo":{"@id":"https:\/\/sandzakpress.net\/arhiva\/#\/schema\/person\/image\/"}},{"@type":"Person","@id":"https:\/\/sandzakpress.net\/arhiva\/#\/schema\/person\/c8baee722073534b583ea7bdb2e36c02","name":"bosniak","image":{"@type":"ImageObject","inLanguage":"bs-BA","@id":"https:\/\/sandzakpress.net\/arhiva\/#\/schema\/person\/image\/","url":"https:\/\/secure.gravatar.com\/avatar\/a04fd330bfe3a36a72a0ad4a6d89fca7?s=96&d=mm&r=pg","contentUrl":"https:\/\/secure.gravatar.com\/avatar\/a04fd330bfe3a36a72a0ad4a6d89fca7?s=96&d=mm&r=pg","caption":"bosniak"},"url":"https:\/\/sandzakpress.net\/arhiva\/author\/bosniak\/"}]}},"_links":{"self":[{"href":"https:\/\/sandzakpress.net\/arhiva\/wp-json\/wp\/v2\/posts\/83240"}],"collection":[{"href":"https:\/\/sandzakpress.net\/arhiva\/wp-json\/wp\/v2\/posts"}],"about":[{"href":"https:\/\/sandzakpress.net\/arhiva\/wp-json\/wp\/v2\/types\/post"}],"author":[{"embeddable":true,"href":"https:\/\/sandzakpress.net\/arhiva\/wp-json\/wp\/v2\/users\/83"}],"replies":[{"embeddable":true,"href":"https:\/\/sandzakpress.net\/arhiva\/wp-json\/wp\/v2\/comments?post=83240"}],"version-history":[{"count":0,"href":"https:\/\/sandzakpress.net\/arhiva\/wp-json\/wp\/v2\/posts\/83240\/revisions"}],"wp:featuredmedia":[{"embeddable":true,"href":"https:\/\/sandzakpress.net\/arhiva\/wp-json\/wp\/v2\/media\/83243"}],"wp:attachment":[{"href":"https:\/\/sandzakpress.net\/arhiva\/wp-json\/wp\/v2\/media?parent=83240"}],"wp:term":[{"taxonomy":"category","embeddable":true,"href":"https:\/\/sandzakpress.net\/arhiva\/wp-json\/wp\/v2\/categories?post=83240"},{"taxonomy":"post_tag","embeddable":true,"href":"https:\/\/sandzakpress.net\/arhiva\/wp-json\/wp\/v2\/tags?post=83240"}],"curies":[{"name":"wp","href":"https:\/\/api.w.org\/{rel}","templated":true}]}}