{"id":83186,"date":"2013-07-26T17:12:14","date_gmt":"2013-07-26T15:12:14","guid":{"rendered":"https:\/\/sandzakpress.net\/arhiva\/?p=83186"},"modified":"2013-07-26T17:12:14","modified_gmt":"2013-07-26T15:12:14","slug":"der-spiegel-general-sisi-na-putu-da-postane-faraon","status":"publish","type":"post","link":"https:\/\/sandzakpress.net\/arhiva\/der-spiegel-general-sisi-na-putu-da-postane-faraon\/","title":{"rendered":"Der Spiegel: General Sisi na putu da postane faraon"},"content":{"rendered":"<p><strong><a href=\"https:\/\/sandzakpress.net\/arhiva\/wp-content\/uploads\/2013\/07\/der-spiegel-general-sisi-na-putu-da-postane-faraon_trt-bosanski-21965.jpg\"><img loading=\"lazy\" decoding=\"async\" class=\"alignleft size-medium wp-image-83189\" alt=\"der-spiegel-general-sisi-na-putu-da-postane-faraon_trt-bosanski-21965\" src=\"https:\/\/sandzakpress.net\/arhiva\/wp-content\/uploads\/2013\/07\/der-spiegel-general-sisi-na-putu-da-postane-faraon_trt-bosanski-21965-300x181.jpg\" width=\"300\" height=\"181\" \/><\/a>Egipat &#8211; Nema\u010dki \u010dasopis Der Spiegel uporedio je generala Sisija sa faraonom.<\/strong><\/p>\n<p>Na zvani\u010dnoj internet stranici \u010dasopisa objavljen je \u010dlanak sa naslovom &#8221;General Sisi na putu da postane faraon&#8221;, koji je upotrijebljen za egipatskog ministra odbrane i na\u010delnika General\u0161taba\u00a0 Abdulfettaha es-Sisija.<\/p>\n<p>&#8220;Novi mo\u0107ni \u010dovjek poku\u0161ava da u\u010dvrsti svoju snagu&#8221;, re\u010deno je u vijesti, uz napomenu da je Sisi pozvao gra\u0111ane na demonstracije i da priprema zakone kako bi uti\u0161ao glas Muslimanskog bratstva.<\/p>\n<p>Podsje\u0107aju\u0107i da je Sisi pozvao pristalice vojnog udara da u petak iza\u0111u na trgove, \u010dasopis navodi kako je od demonstranata zatra\u017eeno da ispo\u0161tuju njegov zahtjev.<\/p>\n<p>U \u010dlanku su navedeni i naslovi egipatskih medija koji podr\u017eavaju Sisija. Osim toga, re\u010deno je i da Muslimansko bratstvo Sisijev poziv smatra &#8220;pozivom na gra\u0111anski rat&#8221;, te da on \u017eeli izazvati krvoproli\u0107e na ulicama.<\/p>\n","protected":false},"excerpt":{"rendered":"<p>Egipat &#8211; Nema\u010dki \u010dasopis Der Spiegel uporedio je generala Sisija sa faraonom. Na zvani\u010dnoj internet stranici \u010dasopisa objavljen je \u010dlanak sa naslovom &#8221;General Sisi na putu da postane faraon&#8221;, koji je upotrijebljen za egipatskog ministra odbrane i na\u010delnika General\u0161taba\u00a0 Abdulfettaha es-Sisija. &#8220;Novi mo\u0107ni \u010dovjek poku\u0161ava da u\u010dvrsti svoju snagu&#8221;, re\u010deno je u vijesti, uz napomenu [&hellip;]<\/p>\n","protected":false},"author":83,"featured_media":83191,"comment_status":"open","ping_status":"open","sticky":false,"template":"","format":"standard","meta":{"footnotes":""},"categories":[9],"tags":[10228],"class_list":{"0":"post-83186","1":"post","2":"type-post","3":"status-publish","4":"format-standard","5":"has-post-thumbnail","7":"category-svijet","8":"tag-egipat"},"yoast_head":"<!-- This site is optimized with the Yoast SEO Premium plugin v23.1 (Yoast SEO v24.9) - https:\/\/yoast.com\/wordpress\/plugins\/seo\/ -->\n<title>Der Spiegel: General Sisi na putu da postane faraon<\/title>\n<meta name=\"robots\" content=\"index, follow, max-snippet:-1, max-image-preview:large, max-video-preview:-1\" \/>\n<link rel=\"canonical\" href=\"https:\/\/sandzakpress.net\/arhiva\/der-spiegel-general-sisi-na-putu-da-postane-faraon\/\" \/>\n<meta property=\"og:locale\" content=\"bs_BA\" \/>\n<meta property=\"og:type\" content=\"article\" \/>\n<meta property=\"og:title\" content=\"Der Spiegel: General Sisi na putu da postane faraon\" \/>\n<meta property=\"og:description\" content=\"Egipat &#8211; Nema\u010dki \u010dasopis Der Spiegel uporedio je generala Sisija sa faraonom. Na zvani\u010dnoj internet stranici \u010dasopisa objavljen je \u010dlanak sa naslovom &#8221;General Sisi na putu da postane faraon&#8221;, koji je upotrijebljen za egipatskog ministra odbrane i na\u010delnika General\u0161taba\u00a0 Abdulfettaha es-Sisija. &#8220;Novi mo\u0107ni \u010dovjek poku\u0161ava da u\u010dvrsti svoju snagu&#8221;, re\u010deno je u vijesti, uz napomenu [&hellip;]\" \/>\n<meta property=\"og:url\" content=\"https:\/\/sandzakpress.net\/arhiva\/der-spiegel-general-sisi-na-putu-da-postane-faraon\/\" \/>\n<meta property=\"og:site_name\" content=\"Sand\u017eak PRESS\" \/>\n<meta property=\"article:published_time\" content=\"2013-07-26T15:12:14+00:00\" \/>\n<meta property=\"og:image\" content=\"https:\/\/sandzakpress.net\/arhiva\/wp-content\/uploads\/2013\/07\/der-spiegel-general-sisi-na-putu-da-postane-faraon_trt-bosanski-21965-300x1811.jpg\" \/>\n\t<meta property=\"og:image:width\" content=\"300\" \/>\n\t<meta property=\"og:image:height\" content=\"181\" \/>\n\t<meta property=\"og:image:type\" content=\"image\/jpeg\" \/>\n<meta name=\"author\" content=\"bosniak\" \/>\n<meta name=\"twitter:card\" content=\"summary_large_image\" \/>\n<meta name=\"twitter:label1\" content=\"Written by\" \/>\n\t<meta name=\"twitter:data1\" content=\"bosniak\" \/>\n\t<meta name=\"twitter:label2\" content=\"Est. reading time\" \/>\n\t<meta name=\"twitter:data2\" content=\"1 minuta\" \/>\n<script type=\"application\/ld+json\" class=\"yoast-schema-graph\">{\"@context\":\"https:\/\/schema.org\",\"@graph\":[{\"@type\":\"Article\",\"@id\":\"https:\/\/sandzakpress.net\/arhiva\/der-spiegel-general-sisi-na-putu-da-postane-faraon\/#article\",\"isPartOf\":{\"@id\":\"https:\/\/sandzakpress.net\/arhiva\/der-spiegel-general-sisi-na-putu-da-postane-faraon\/\"},\"author\":{\"name\":\"bosniak\",\"@id\":\"https:\/\/sandzakpress.net\/arhiva\/#\/schema\/person\/c8baee722073534b583ea7bdb2e36c02\"},\"headline\":\"Der Spiegel: General Sisi na putu da postane faraon\",\"datePublished\":\"2013-07-26T15:12:14+00:00\",\"mainEntityOfPage\":{\"@id\":\"https:\/\/sandzakpress.net\/arhiva\/der-spiegel-general-sisi-na-putu-da-postane-faraon\/\"},\"wordCount\":159,\"commentCount\":0,\"publisher\":{\"@id\":\"https:\/\/sandzakpress.net\/arhiva\/#\/schema\/person\/6e72b67d6e51910a1117b3b483ba20bd\"},\"image\":{\"@id\":\"https:\/\/sandzakpress.net\/arhiva\/der-spiegel-general-sisi-na-putu-da-postane-faraon\/#primaryimage\"},\"thumbnailUrl\":\"https:\/\/sandzakpress.net\/arhiva\/wp-content\/uploads\/2013\/07\/der-spiegel-general-sisi-na-putu-da-postane-faraon_trt-bosanski-21965-300x1811.jpg\",\"keywords\":[\"Egipat\"],\"articleSection\":[\"Svijet\"],\"inLanguage\":\"bs-BA\",\"potentialAction\":[{\"@type\":\"CommentAction\",\"name\":\"Comment\",\"target\":[\"https:\/\/sandzakpress.net\/arhiva\/der-spiegel-general-sisi-na-putu-da-postane-faraon\/#respond\"]}]},{\"@type\":\"WebPage\",\"@id\":\"https:\/\/sandzakpress.net\/arhiva\/der-spiegel-general-sisi-na-putu-da-postane-faraon\/\",\"url\":\"https:\/\/sandzakpress.net\/arhiva\/der-spiegel-general-sisi-na-putu-da-postane-faraon\/\",\"name\":\"Der Spiegel: General Sisi na putu da postane faraon\",\"isPartOf\":{\"@id\":\"https:\/\/sandzakpress.net\/arhiva\/#website\"},\"primaryImageOfPage\":{\"@id\":\"https:\/\/sandzakpress.net\/arhiva\/der-spiegel-general-sisi-na-putu-da-postane-faraon\/#primaryimage\"},\"image\":{\"@id\":\"https:\/\/sandzakpress.net\/arhiva\/der-spiegel-general-sisi-na-putu-da-postane-faraon\/#primaryimage\"},\"thumbnailUrl\":\"https:\/\/sandzakpress.net\/arhiva\/wp-content\/uploads\/2013\/07\/der-spiegel-general-sisi-na-putu-da-postane-faraon_trt-bosanski-21965-300x1811.jpg\",\"datePublished\":\"2013-07-26T15:12:14+00:00\",\"breadcrumb\":{\"@id\":\"https:\/\/sandzakpress.net\/arhiva\/der-spiegel-general-sisi-na-putu-da-postane-faraon\/#breadcrumb\"},\"inLanguage\":\"bs-BA\",\"potentialAction\":[{\"@type\":\"ReadAction\",\"target\":[\"https:\/\/sandzakpress.net\/arhiva\/der-spiegel-general-sisi-na-putu-da-postane-faraon\/\"]}]},{\"@type\":\"ImageObject\",\"inLanguage\":\"bs-BA\",\"@id\":\"https:\/\/sandzakpress.net\/arhiva\/der-spiegel-general-sisi-na-putu-da-postane-faraon\/#primaryimage\",\"url\":\"https:\/\/sandzakpress.net\/arhiva\/wp-content\/uploads\/2013\/07\/der-spiegel-general-sisi-na-putu-da-postane-faraon_trt-bosanski-21965-300x1811.jpg\",\"contentUrl\":\"https:\/\/sandzakpress.net\/arhiva\/wp-content\/uploads\/2013\/07\/der-spiegel-general-sisi-na-putu-da-postane-faraon_trt-bosanski-21965-300x1811.jpg\",\"width\":300,\"height\":181},{\"@type\":\"BreadcrumbList\",\"@id\":\"https:\/\/sandzakpress.net\/arhiva\/der-spiegel-general-sisi-na-putu-da-postane-faraon\/#breadcrumb\",\"itemListElement\":[{\"@type\":\"ListItem\",\"position\":1,\"name\":\"Home\",\"item\":\"https:\/\/sandzakpress.net\/arhiva\/\"},{\"@type\":\"ListItem\",\"position\":2,\"name\":\"Der Spiegel: General Sisi na putu da postane faraon\"}]},{\"@type\":\"WebSite\",\"@id\":\"https:\/\/sandzakpress.net\/arhiva\/#website\",\"url\":\"https:\/\/sandzakpress.net\/arhiva\/\",\"name\":\"Sand\u017eak PRESS\",\"description\":\"Prve elektronske novine u Sand\u017eaku\",\"publisher\":{\"@id\":\"https:\/\/sandzakpress.net\/arhiva\/#\/schema\/person\/6e72b67d6e51910a1117b3b483ba20bd\"},\"potentialAction\":[{\"@type\":\"SearchAction\",\"target\":{\"@type\":\"EntryPoint\",\"urlTemplate\":\"https:\/\/sandzakpress.net\/arhiva\/?s={search_term_string}\"},\"query-input\":{\"@type\":\"PropertyValueSpecification\",\"valueRequired\":true,\"valueName\":\"search_term_string\"}}],\"inLanguage\":\"bs-BA\"},{\"@type\":[\"Person\",\"Organization\"],\"@id\":\"https:\/\/sandzakpress.net\/arhiva\/#\/schema\/person\/6e72b67d6e51910a1117b3b483ba20bd\",\"name\":\"Kul\",\"image\":{\"@type\":\"ImageObject\",\"inLanguage\":\"bs-BA\",\"@id\":\"https:\/\/sandzakpress.net\/arhiva\/#\/schema\/person\/image\/\",\"url\":\"https:\/\/secure.gravatar.com\/avatar\/42263f39aa27ac04c43cab85c280eb2e?s=96&d=mm&r=pg\",\"contentUrl\":\"https:\/\/secure.gravatar.com\/avatar\/42263f39aa27ac04c43cab85c280eb2e?s=96&d=mm&r=pg\",\"caption\":\"Kul\"},\"logo\":{\"@id\":\"https:\/\/sandzakpress.net\/arhiva\/#\/schema\/person\/image\/\"}},{\"@type\":\"Person\",\"@id\":\"https:\/\/sandzakpress.net\/arhiva\/#\/schema\/person\/c8baee722073534b583ea7bdb2e36c02\",\"name\":\"bosniak\",\"image\":{\"@type\":\"ImageObject\",\"inLanguage\":\"bs-BA\",\"@id\":\"https:\/\/sandzakpress.net\/arhiva\/#\/schema\/person\/image\/\",\"url\":\"https:\/\/secure.gravatar.com\/avatar\/a04fd330bfe3a36a72a0ad4a6d89fca7?s=96&d=mm&r=pg\",\"contentUrl\":\"https:\/\/secure.gravatar.com\/avatar\/a04fd330bfe3a36a72a0ad4a6d89fca7?s=96&d=mm&r=pg\",\"caption\":\"bosniak\"},\"url\":\"https:\/\/sandzakpress.net\/arhiva\/author\/bosniak\/\"}]}<\/script>\n<!-- \/ Yoast SEO Premium plugin. -->","yoast_head_json":{"title":"Der Spiegel: General Sisi na putu da postane faraon","robots":{"index":"index","follow":"follow","max-snippet":"max-snippet:-1","max-image-preview":"max-image-preview:large","max-video-preview":"max-video-preview:-1"},"canonical":"https:\/\/sandzakpress.net\/arhiva\/der-spiegel-general-sisi-na-putu-da-postane-faraon\/","og_locale":"bs_BA","og_type":"article","og_title":"Der Spiegel: General Sisi na putu da postane faraon","og_description":"Egipat &#8211; Nema\u010dki \u010dasopis Der Spiegel uporedio je generala Sisija sa faraonom. Na zvani\u010dnoj internet stranici \u010dasopisa objavljen je \u010dlanak sa naslovom &#8221;General Sisi na putu da postane faraon&#8221;, koji je upotrijebljen za egipatskog ministra odbrane i na\u010delnika General\u0161taba\u00a0 Abdulfettaha es-Sisija. &#8220;Novi mo\u0107ni \u010dovjek poku\u0161ava da u\u010dvrsti svoju snagu&#8221;, re\u010deno je u vijesti, uz napomenu [&hellip;]","og_url":"https:\/\/sandzakpress.net\/arhiva\/der-spiegel-general-sisi-na-putu-da-postane-faraon\/","og_site_name":"Sand\u017eak PRESS","article_published_time":"2013-07-26T15:12:14+00:00","og_image":[{"width":300,"height":181,"url":"https:\/\/sandzakpress.net\/arhiva\/wp-content\/uploads\/2013\/07\/der-spiegel-general-sisi-na-putu-da-postane-faraon_trt-bosanski-21965-300x1811.jpg","type":"image\/jpeg"}],"author":"bosniak","twitter_card":"summary_large_image","twitter_misc":{"Written by":"bosniak","Est. reading time":"1 minuta"},"schema":{"@context":"https:\/\/schema.org","@graph":[{"@type":"Article","@id":"https:\/\/sandzakpress.net\/arhiva\/der-spiegel-general-sisi-na-putu-da-postane-faraon\/#article","isPartOf":{"@id":"https:\/\/sandzakpress.net\/arhiva\/der-spiegel-general-sisi-na-putu-da-postane-faraon\/"},"author":{"name":"bosniak","@id":"https:\/\/sandzakpress.net\/arhiva\/#\/schema\/person\/c8baee722073534b583ea7bdb2e36c02"},"headline":"Der Spiegel: General Sisi na putu da postane faraon","datePublished":"2013-07-26T15:12:14+00:00","mainEntityOfPage":{"@id":"https:\/\/sandzakpress.net\/arhiva\/der-spiegel-general-sisi-na-putu-da-postane-faraon\/"},"wordCount":159,"commentCount":0,"publisher":{"@id":"https:\/\/sandzakpress.net\/arhiva\/#\/schema\/person\/6e72b67d6e51910a1117b3b483ba20bd"},"image":{"@id":"https:\/\/sandzakpress.net\/arhiva\/der-spiegel-general-sisi-na-putu-da-postane-faraon\/#primaryimage"},"thumbnailUrl":"https:\/\/sandzakpress.net\/arhiva\/wp-content\/uploads\/2013\/07\/der-spiegel-general-sisi-na-putu-da-postane-faraon_trt-bosanski-21965-300x1811.jpg","keywords":["Egipat"],"articleSection":["Svijet"],"inLanguage":"bs-BA","potentialAction":[{"@type":"CommentAction","name":"Comment","target":["https:\/\/sandzakpress.net\/arhiva\/der-spiegel-general-sisi-na-putu-da-postane-faraon\/#respond"]}]},{"@type":"WebPage","@id":"https:\/\/sandzakpress.net\/arhiva\/der-spiegel-general-sisi-na-putu-da-postane-faraon\/","url":"https:\/\/sandzakpress.net\/arhiva\/der-spiegel-general-sisi-na-putu-da-postane-faraon\/","name":"Der Spiegel: General Sisi na putu da postane faraon","isPartOf":{"@id":"https:\/\/sandzakpress.net\/arhiva\/#website"},"primaryImageOfPage":{"@id":"https:\/\/sandzakpress.net\/arhiva\/der-spiegel-general-sisi-na-putu-da-postane-faraon\/#primaryimage"},"image":{"@id":"https:\/\/sandzakpress.net\/arhiva\/der-spiegel-general-sisi-na-putu-da-postane-faraon\/#primaryimage"},"thumbnailUrl":"https:\/\/sandzakpress.net\/arhiva\/wp-content\/uploads\/2013\/07\/der-spiegel-general-sisi-na-putu-da-postane-faraon_trt-bosanski-21965-300x1811.jpg","datePublished":"2013-07-26T15:12:14+00:00","breadcrumb":{"@id":"https:\/\/sandzakpress.net\/arhiva\/der-spiegel-general-sisi-na-putu-da-postane-faraon\/#breadcrumb"},"inLanguage":"bs-BA","potentialAction":[{"@type":"ReadAction","target":["https:\/\/sandzakpress.net\/arhiva\/der-spiegel-general-sisi-na-putu-da-postane-faraon\/"]}]},{"@type":"ImageObject","inLanguage":"bs-BA","@id":"https:\/\/sandzakpress.net\/arhiva\/der-spiegel-general-sisi-na-putu-da-postane-faraon\/#primaryimage","url":"https:\/\/sandzakpress.net\/arhiva\/wp-content\/uploads\/2013\/07\/der-spiegel-general-sisi-na-putu-da-postane-faraon_trt-bosanski-21965-300x1811.jpg","contentUrl":"https:\/\/sandzakpress.net\/arhiva\/wp-content\/uploads\/2013\/07\/der-spiegel-general-sisi-na-putu-da-postane-faraon_trt-bosanski-21965-300x1811.jpg","width":300,"height":181},{"@type":"BreadcrumbList","@id":"https:\/\/sandzakpress.net\/arhiva\/der-spiegel-general-sisi-na-putu-da-postane-faraon\/#breadcrumb","itemListElement":[{"@type":"ListItem","position":1,"name":"Home","item":"https:\/\/sandzakpress.net\/arhiva\/"},{"@type":"ListItem","position":2,"name":"Der Spiegel: General Sisi na putu da postane faraon"}]},{"@type":"WebSite","@id":"https:\/\/sandzakpress.net\/arhiva\/#website","url":"https:\/\/sandzakpress.net\/arhiva\/","name":"Sand\u017eak PRESS","description":"Prve elektronske novine u Sand\u017eaku","publisher":{"@id":"https:\/\/sandzakpress.net\/arhiva\/#\/schema\/person\/6e72b67d6e51910a1117b3b483ba20bd"},"potentialAction":[{"@type":"SearchAction","target":{"@type":"EntryPoint","urlTemplate":"https:\/\/sandzakpress.net\/arhiva\/?s={search_term_string}"},"query-input":{"@type":"PropertyValueSpecification","valueRequired":true,"valueName":"search_term_string"}}],"inLanguage":"bs-BA"},{"@type":["Person","Organization"],"@id":"https:\/\/sandzakpress.net\/arhiva\/#\/schema\/person\/6e72b67d6e51910a1117b3b483ba20bd","name":"Kul","image":{"@type":"ImageObject","inLanguage":"bs-BA","@id":"https:\/\/sandzakpress.net\/arhiva\/#\/schema\/person\/image\/","url":"https:\/\/secure.gravatar.com\/avatar\/42263f39aa27ac04c43cab85c280eb2e?s=96&d=mm&r=pg","contentUrl":"https:\/\/secure.gravatar.com\/avatar\/42263f39aa27ac04c43cab85c280eb2e?s=96&d=mm&r=pg","caption":"Kul"},"logo":{"@id":"https:\/\/sandzakpress.net\/arhiva\/#\/schema\/person\/image\/"}},{"@type":"Person","@id":"https:\/\/sandzakpress.net\/arhiva\/#\/schema\/person\/c8baee722073534b583ea7bdb2e36c02","name":"bosniak","image":{"@type":"ImageObject","inLanguage":"bs-BA","@id":"https:\/\/sandzakpress.net\/arhiva\/#\/schema\/person\/image\/","url":"https:\/\/secure.gravatar.com\/avatar\/a04fd330bfe3a36a72a0ad4a6d89fca7?s=96&d=mm&r=pg","contentUrl":"https:\/\/secure.gravatar.com\/avatar\/a04fd330bfe3a36a72a0ad4a6d89fca7?s=96&d=mm&r=pg","caption":"bosniak"},"url":"https:\/\/sandzakpress.net\/arhiva\/author\/bosniak\/"}]}},"_links":{"self":[{"href":"https:\/\/sandzakpress.net\/arhiva\/wp-json\/wp\/v2\/posts\/83186"}],"collection":[{"href":"https:\/\/sandzakpress.net\/arhiva\/wp-json\/wp\/v2\/posts"}],"about":[{"href":"https:\/\/sandzakpress.net\/arhiva\/wp-json\/wp\/v2\/types\/post"}],"author":[{"embeddable":true,"href":"https:\/\/sandzakpress.net\/arhiva\/wp-json\/wp\/v2\/users\/83"}],"replies":[{"embeddable":true,"href":"https:\/\/sandzakpress.net\/arhiva\/wp-json\/wp\/v2\/comments?post=83186"}],"version-history":[{"count":0,"href":"https:\/\/sandzakpress.net\/arhiva\/wp-json\/wp\/v2\/posts\/83186\/revisions"}],"wp:featuredmedia":[{"embeddable":true,"href":"https:\/\/sandzakpress.net\/arhiva\/wp-json\/wp\/v2\/media\/83191"}],"wp:attachment":[{"href":"https:\/\/sandzakpress.net\/arhiva\/wp-json\/wp\/v2\/media?parent=83186"}],"wp:term":[{"taxonomy":"category","embeddable":true,"href":"https:\/\/sandzakpress.net\/arhiva\/wp-json\/wp\/v2\/categories?post=83186"},{"taxonomy":"post_tag","embeddable":true,"href":"https:\/\/sandzakpress.net\/arhiva\/wp-json\/wp\/v2\/tags?post=83186"}],"curies":[{"name":"wp","href":"https:\/\/api.w.org\/{rel}","templated":true}]}}