{"id":83147,"date":"2013-07-26T16:45:40","date_gmt":"2013-07-26T14:45:40","guid":{"rendered":"https:\/\/sandzakpress.net\/arhiva\/?p=83147"},"modified":"2013-07-26T16:45:50","modified_gmt":"2013-07-26T14:45:50","slug":"sta-je-s-vrijedanjem-muslimanki-s-maramom","status":"publish","type":"post","link":"https:\/\/sandzakpress.net\/arhiva\/sta-je-s-vrijedanjem-muslimanki-s-maramom\/","title":{"rendered":"\u0160ta je s vrije\u0111anjem muslimanki s mahramom?"},"content":{"rendered":"<figure id=\"attachment_83148\" aria-describedby=\"caption-attachment-83148\" style=\"width: 300px\" class=\"wp-caption alignleft\"><a href=\"https:\/\/sandzakpress.net\/arhiva\/wp-content\/uploads\/2013\/07\/ekrem-tucakovic-.jpg\"><img loading=\"lazy\" decoding=\"async\" class=\"size-medium wp-image-83148\" alt=\"ekrem-tucakovic-\" src=\"https:\/\/sandzakpress.net\/arhiva\/wp-content\/uploads\/2013\/07\/ekrem-tucakovic--300x216.jpg\" width=\"300\" height=\"216\" \/><\/a><figcaption id=\"caption-attachment-83148\" class=\"wp-caption-text\">Ekrem Tucakovi\u0107<\/figcaption><\/figure>\n<p>\u0160iroku medijsku pa\u017enju dobilo je, kako je izvije\u0161teno, vrije\u0111anje dvije djevojke u Sarajevu zbog obla\u010denja. Osobu koja je to uradila javnost je, po njegovom fizi\u010dkom izgledu, ozna\u010dila pripadnikom odre\u0111enog pokreta, a od Islamske zajednice je tra\u017eeno da se i ona o tome o\u010dituje.<\/p>\n<p>Naravno, Islamska zajednica u Bosni i Hercegovini nikada nije imala te\u0161ko\u0107u da se o\u010dituje o nasilju i svaku vrstu nasilja uvijek je i na svakom mjestu osu\u0111ivala. \u0160tavi\u0161e, u vrijeme ratnih progona i strahota permanentno je apelirala da muslimani ne smiju posezati za nasiljem i poku\u0161avala tra\u017eiti na\u010din kako da bol, koju pojedinci nose zbog gubitka najmilijih, ne pretvore u nasilje i osvetu.<\/p>\n<p>Islamska zajednica je mnogo puta isticala privr\u017eenost stavu da niko nema pravo ugro\u017eavati bilo koga ili mu nametati silom svoja uvjerenja. Jednostavno, nasilje je nespojivo s islamom, u moralnom smislu nasilje je te\u017eak grijeh i musliman nastoji u svakoj prilici izbje\u0107i \u010dinjenje grijeha, pogotovo te\u0161kog. \u010cak i kada se u\u010dini takav grijeh, nenamjerno ili pri svijesti, musliman ne mo\u017ee to pravdati islamom i vjerskim razlozima.<\/p>\n<p>Pitanje verbalnih prijetnji, uvreda, omalova\u017eavanja i ismijavanje u javnom prostoru nema samo jednu stranu, jer je to i problem s kojim se veoma \u010desto mnoge muslimanke koje nose maramu suo\u010davaju, ne samo na ulici nego i u javnim i dr\u017eavnim institucijama. Treba se prisjetiti da je muslimanka zbog marame prije nekoliko godina u \u0161koli u Br\u010dkom ostala bez posla, da je muslimanka zbog marame ostala bez posla u Oru\u017eanim snagama BiH i prolazila kroz mu\u010dnu i frustriraju\u0107u proceduru \u201eizbacivanja\u201c, da je u sudu u Novom Travniku zbog marame uskra\u0107ivano pravo daktilografkinji da obavlja svoj posao, da je s karate takmi\u010denja odstranjena djevoj\u010dica zbog njene odluke da nosi maramu, te da je prije nekoliko mjeseci voza\u010d u javnom gradskom prevozu u Sarajevu (GRAS) verbalno izvrije\u0111ao i psovao pokrivenu muslimanku \u0161to je uredno dokumentovano i prijavljeno nadle\u017enim.<\/p>\n<p>Za brojne takve slu\u010dajeve Islamska zajednica ostaje posljednje uto\u010di\u0161te, prostor utjehe i o\u010dekivanja da im se pomogne i stane u njihovu za\u0161titu, ali je ona, uglavnom, nemo\u0107na da uradi ne\u0161to konkretnije.<\/p>\n<p>Stoga, pitanje netolerancije i vrije\u0111anja zbog odijevanja nije jednostrano, u njemu u\u010destvuju akteri razli\u010ditih profila, od ekstremno lijevih i agresivno sekularnih do krajnje desnih faktora dru\u0161tvene scene. Cijelo dru\u0161tvo zajedni\u010dkim snagama i aktivnostima mora se boriti protiv svih vrsta netrpeljivosti i netolerancije. Javnost i mediji ne mogu selektivno prilaziti pitanju netolerancije u javnom prostoru u kojem \u0107e vrije\u0111anje i ismijavanje muslimanki zato \u0161to nose maramu pro\u0107i bez bilo kakve javne i medijske reakcije.<\/p>\n<p>Samo sveobuhvatna i principijelna borba protiv netolerancije mo\u017ee biti efikasna i uvjerljiva, ali isto tako dati svakom pojedincu i instituciji legitimitet da se istinski zala\u017ee za po\u0161tovanje sva\u010dijeg ljudskog dostojanstva. Za razliku od velikog broja javnih li\u010dnosti, medija ili politi\u010dkih subjekata, Islamska zajednica je mnogo puta dokazala i potvrdila tu svoju principijelnost i dosljednost. Me\u0111utim, Islamska zajednica nije, niti smije biti de\u017eurna instanca koja \u0107e, po sva\u010dijoj \u017eelji i procjeni, reagirati na postupke pojedinaca, uli\u010dne sva\u0111e i uvrede. A neki upravo to \u017eele!<\/p>\n<p>(Rijaset)<\/p>\n<p><strong>\u00a0<\/strong><\/p>\n","protected":false},"excerpt":{"rendered":"<p>Ekrem Tucakovi\u0107<\/p>\n","protected":false},"author":83,"featured_media":83150,"comment_status":"open","ping_status":"open","sticky":false,"template":"","format":"standard","meta":{"footnotes":""},"categories":[10196],"tags":[10207,10268],"class_list":{"0":"post-83147","1":"post","2":"type-post","3":"status-publish","4":"format-standard","5":"has-post-thumbnail","7":"category-iz-pera-nasih-autora","8":"tag-ramazan","9":"tag-ekrem-tucakovic"},"yoast_head":"<!-- This site is optimized with the Yoast SEO Premium plugin v23.1 (Yoast SEO v24.9) - https:\/\/yoast.com\/wordpress\/plugins\/seo\/ -->\n<title>\u0160ta je s vrije\u0111anjem muslimanki s mahramom?<\/title>\n<meta name=\"robots\" content=\"index, follow, max-snippet:-1, max-image-preview:large, max-video-preview:-1\" \/>\n<link rel=\"canonical\" href=\"https:\/\/sandzakpress.net\/arhiva\/sta-je-s-vrijedanjem-muslimanki-s-maramom\/\" \/>\n<meta property=\"og:locale\" content=\"bs_BA\" \/>\n<meta property=\"og:type\" content=\"article\" \/>\n<meta property=\"og:title\" content=\"\u0160ta je s vrije\u0111anjem muslimanki s mahramom?\" \/>\n<meta property=\"og:description\" content=\"Ekrem Tucakovi\u0107\" \/>\n<meta property=\"og:url\" content=\"https:\/\/sandzakpress.net\/arhiva\/sta-je-s-vrijedanjem-muslimanki-s-maramom\/\" \/>\n<meta property=\"og:site_name\" content=\"Sand\u017eak PRESS\" \/>\n<meta property=\"article:published_time\" content=\"2013-07-26T14:45:40+00:00\" \/>\n<meta property=\"article:modified_time\" content=\"2013-07-26T14:45:50+00:00\" \/>\n<meta property=\"og:image\" content=\"https:\/\/sandzakpress.net\/arhiva\/wp-content\/uploads\/2013\/07\/ekrem-tucakovic-300x216.jpg\" \/>\n\t<meta property=\"og:image:width\" content=\"300\" \/>\n\t<meta property=\"og:image:height\" content=\"216\" \/>\n\t<meta property=\"og:image:type\" content=\"image\/jpeg\" \/>\n<meta name=\"author\" content=\"bosniak\" \/>\n<meta name=\"twitter:card\" content=\"summary_large_image\" \/>\n<meta name=\"twitter:label1\" content=\"Written by\" \/>\n\t<meta name=\"twitter:data1\" content=\"bosniak\" \/>\n\t<meta name=\"twitter:label2\" content=\"Est. reading time\" \/>\n\t<meta name=\"twitter:data2\" content=\"3 minute\" \/>\n<script type=\"application\/ld+json\" class=\"yoast-schema-graph\">{\"@context\":\"https:\/\/schema.org\",\"@graph\":[{\"@type\":\"Article\",\"@id\":\"https:\/\/sandzakpress.net\/arhiva\/sta-je-s-vrijedanjem-muslimanki-s-maramom\/#article\",\"isPartOf\":{\"@id\":\"https:\/\/sandzakpress.net\/arhiva\/sta-je-s-vrijedanjem-muslimanki-s-maramom\/\"},\"author\":{\"name\":\"bosniak\",\"@id\":\"https:\/\/sandzakpress.net\/arhiva\/#\/schema\/person\/c8baee722073534b583ea7bdb2e36c02\"},\"headline\":\"\u0160ta je s vrije\u0111anjem muslimanki s mahramom?\",\"datePublished\":\"2013-07-26T14:45:40+00:00\",\"dateModified\":\"2013-07-26T14:45:50+00:00\",\"mainEntityOfPage\":{\"@id\":\"https:\/\/sandzakpress.net\/arhiva\/sta-je-s-vrijedanjem-muslimanki-s-maramom\/\"},\"wordCount\":573,\"commentCount\":6,\"publisher\":{\"@id\":\"https:\/\/sandzakpress.net\/arhiva\/#\/schema\/person\/6e72b67d6e51910a1117b3b483ba20bd\"},\"image\":{\"@id\":\"https:\/\/sandzakpress.net\/arhiva\/sta-je-s-vrijedanjem-muslimanki-s-maramom\/#primaryimage\"},\"thumbnailUrl\":\"https:\/\/sandzakpress.net\/arhiva\/wp-content\/uploads\/2013\/07\/ekrem-tucakovic-300x216.jpg\",\"keywords\":[\"Ramazan\",\"Ekrem Tucakovi\u0107\"],\"articleSection\":[\"Iz pera na\u0161ih autora\"],\"inLanguage\":\"bs-BA\",\"potentialAction\":[{\"@type\":\"CommentAction\",\"name\":\"Comment\",\"target\":[\"https:\/\/sandzakpress.net\/arhiva\/sta-je-s-vrijedanjem-muslimanki-s-maramom\/#respond\"]}]},{\"@type\":\"WebPage\",\"@id\":\"https:\/\/sandzakpress.net\/arhiva\/sta-je-s-vrijedanjem-muslimanki-s-maramom\/\",\"url\":\"https:\/\/sandzakpress.net\/arhiva\/sta-je-s-vrijedanjem-muslimanki-s-maramom\/\",\"name\":\"\u0160ta je s vrije\u0111anjem muslimanki s mahramom?\",\"isPartOf\":{\"@id\":\"https:\/\/sandzakpress.net\/arhiva\/#website\"},\"primaryImageOfPage\":{\"@id\":\"https:\/\/sandzakpress.net\/arhiva\/sta-je-s-vrijedanjem-muslimanki-s-maramom\/#primaryimage\"},\"image\":{\"@id\":\"https:\/\/sandzakpress.net\/arhiva\/sta-je-s-vrijedanjem-muslimanki-s-maramom\/#primaryimage\"},\"thumbnailUrl\":\"https:\/\/sandzakpress.net\/arhiva\/wp-content\/uploads\/2013\/07\/ekrem-tucakovic-300x216.jpg\",\"datePublished\":\"2013-07-26T14:45:40+00:00\",\"dateModified\":\"2013-07-26T14:45:50+00:00\",\"breadcrumb\":{\"@id\":\"https:\/\/sandzakpress.net\/arhiva\/sta-je-s-vrijedanjem-muslimanki-s-maramom\/#breadcrumb\"},\"inLanguage\":\"bs-BA\",\"potentialAction\":[{\"@type\":\"ReadAction\",\"target\":[\"https:\/\/sandzakpress.net\/arhiva\/sta-je-s-vrijedanjem-muslimanki-s-maramom\/\"]}]},{\"@type\":\"ImageObject\",\"inLanguage\":\"bs-BA\",\"@id\":\"https:\/\/sandzakpress.net\/arhiva\/sta-je-s-vrijedanjem-muslimanki-s-maramom\/#primaryimage\",\"url\":\"https:\/\/sandzakpress.net\/arhiva\/wp-content\/uploads\/2013\/07\/ekrem-tucakovic-300x216.jpg\",\"contentUrl\":\"https:\/\/sandzakpress.net\/arhiva\/wp-content\/uploads\/2013\/07\/ekrem-tucakovic-300x216.jpg\",\"width\":300,\"height\":216},{\"@type\":\"BreadcrumbList\",\"@id\":\"https:\/\/sandzakpress.net\/arhiva\/sta-je-s-vrijedanjem-muslimanki-s-maramom\/#breadcrumb\",\"itemListElement\":[{\"@type\":\"ListItem\",\"position\":1,\"name\":\"Home\",\"item\":\"https:\/\/sandzakpress.net\/arhiva\/\"},{\"@type\":\"ListItem\",\"position\":2,\"name\":\"\u0160ta je s vrije\u0111anjem muslimanki s mahramom?\"}]},{\"@type\":\"WebSite\",\"@id\":\"https:\/\/sandzakpress.net\/arhiva\/#website\",\"url\":\"https:\/\/sandzakpress.net\/arhiva\/\",\"name\":\"Sand\u017eak PRESS\",\"description\":\"Prve elektronske novine u Sand\u017eaku\",\"publisher\":{\"@id\":\"https:\/\/sandzakpress.net\/arhiva\/#\/schema\/person\/6e72b67d6e51910a1117b3b483ba20bd\"},\"potentialAction\":[{\"@type\":\"SearchAction\",\"target\":{\"@type\":\"EntryPoint\",\"urlTemplate\":\"https:\/\/sandzakpress.net\/arhiva\/?s={search_term_string}\"},\"query-input\":{\"@type\":\"PropertyValueSpecification\",\"valueRequired\":true,\"valueName\":\"search_term_string\"}}],\"inLanguage\":\"bs-BA\"},{\"@type\":[\"Person\",\"Organization\"],\"@id\":\"https:\/\/sandzakpress.net\/arhiva\/#\/schema\/person\/6e72b67d6e51910a1117b3b483ba20bd\",\"name\":\"Kul\",\"image\":{\"@type\":\"ImageObject\",\"inLanguage\":\"bs-BA\",\"@id\":\"https:\/\/sandzakpress.net\/arhiva\/#\/schema\/person\/image\/\",\"url\":\"https:\/\/secure.gravatar.com\/avatar\/42263f39aa27ac04c43cab85c280eb2e?s=96&d=mm&r=pg\",\"contentUrl\":\"https:\/\/secure.gravatar.com\/avatar\/42263f39aa27ac04c43cab85c280eb2e?s=96&d=mm&r=pg\",\"caption\":\"Kul\"},\"logo\":{\"@id\":\"https:\/\/sandzakpress.net\/arhiva\/#\/schema\/person\/image\/\"}},{\"@type\":\"Person\",\"@id\":\"https:\/\/sandzakpress.net\/arhiva\/#\/schema\/person\/c8baee722073534b583ea7bdb2e36c02\",\"name\":\"bosniak\",\"image\":{\"@type\":\"ImageObject\",\"inLanguage\":\"bs-BA\",\"@id\":\"https:\/\/sandzakpress.net\/arhiva\/#\/schema\/person\/image\/\",\"url\":\"https:\/\/secure.gravatar.com\/avatar\/a04fd330bfe3a36a72a0ad4a6d89fca7?s=96&d=mm&r=pg\",\"contentUrl\":\"https:\/\/secure.gravatar.com\/avatar\/a04fd330bfe3a36a72a0ad4a6d89fca7?s=96&d=mm&r=pg\",\"caption\":\"bosniak\"},\"url\":\"https:\/\/sandzakpress.net\/arhiva\/author\/bosniak\/\"}]}<\/script>\n<!-- \/ Yoast SEO Premium plugin. -->","yoast_head_json":{"title":"\u0160ta je s vrije\u0111anjem muslimanki s mahramom?","robots":{"index":"index","follow":"follow","max-snippet":"max-snippet:-1","max-image-preview":"max-image-preview:large","max-video-preview":"max-video-preview:-1"},"canonical":"https:\/\/sandzakpress.net\/arhiva\/sta-je-s-vrijedanjem-muslimanki-s-maramom\/","og_locale":"bs_BA","og_type":"article","og_title":"\u0160ta je s vrije\u0111anjem muslimanki s mahramom?","og_description":"Ekrem Tucakovi\u0107","og_url":"https:\/\/sandzakpress.net\/arhiva\/sta-je-s-vrijedanjem-muslimanki-s-maramom\/","og_site_name":"Sand\u017eak PRESS","article_published_time":"2013-07-26T14:45:40+00:00","article_modified_time":"2013-07-26T14:45:50+00:00","og_image":[{"width":300,"height":216,"url":"https:\/\/sandzakpress.net\/arhiva\/wp-content\/uploads\/2013\/07\/ekrem-tucakovic-300x216.jpg","type":"image\/jpeg"}],"author":"bosniak","twitter_card":"summary_large_image","twitter_misc":{"Written by":"bosniak","Est. reading time":"3 minute"},"schema":{"@context":"https:\/\/schema.org","@graph":[{"@type":"Article","@id":"https:\/\/sandzakpress.net\/arhiva\/sta-je-s-vrijedanjem-muslimanki-s-maramom\/#article","isPartOf":{"@id":"https:\/\/sandzakpress.net\/arhiva\/sta-je-s-vrijedanjem-muslimanki-s-maramom\/"},"author":{"name":"bosniak","@id":"https:\/\/sandzakpress.net\/arhiva\/#\/schema\/person\/c8baee722073534b583ea7bdb2e36c02"},"headline":"\u0160ta je s vrije\u0111anjem muslimanki s mahramom?","datePublished":"2013-07-26T14:45:40+00:00","dateModified":"2013-07-26T14:45:50+00:00","mainEntityOfPage":{"@id":"https:\/\/sandzakpress.net\/arhiva\/sta-je-s-vrijedanjem-muslimanki-s-maramom\/"},"wordCount":573,"commentCount":6,"publisher":{"@id":"https:\/\/sandzakpress.net\/arhiva\/#\/schema\/person\/6e72b67d6e51910a1117b3b483ba20bd"},"image":{"@id":"https:\/\/sandzakpress.net\/arhiva\/sta-je-s-vrijedanjem-muslimanki-s-maramom\/#primaryimage"},"thumbnailUrl":"https:\/\/sandzakpress.net\/arhiva\/wp-content\/uploads\/2013\/07\/ekrem-tucakovic-300x216.jpg","keywords":["Ramazan","Ekrem Tucakovi\u0107"],"articleSection":["Iz pera na\u0161ih autora"],"inLanguage":"bs-BA","potentialAction":[{"@type":"CommentAction","name":"Comment","target":["https:\/\/sandzakpress.net\/arhiva\/sta-je-s-vrijedanjem-muslimanki-s-maramom\/#respond"]}]},{"@type":"WebPage","@id":"https:\/\/sandzakpress.net\/arhiva\/sta-je-s-vrijedanjem-muslimanki-s-maramom\/","url":"https:\/\/sandzakpress.net\/arhiva\/sta-je-s-vrijedanjem-muslimanki-s-maramom\/","name":"\u0160ta je s vrije\u0111anjem muslimanki s mahramom?","isPartOf":{"@id":"https:\/\/sandzakpress.net\/arhiva\/#website"},"primaryImageOfPage":{"@id":"https:\/\/sandzakpress.net\/arhiva\/sta-je-s-vrijedanjem-muslimanki-s-maramom\/#primaryimage"},"image":{"@id":"https:\/\/sandzakpress.net\/arhiva\/sta-je-s-vrijedanjem-muslimanki-s-maramom\/#primaryimage"},"thumbnailUrl":"https:\/\/sandzakpress.net\/arhiva\/wp-content\/uploads\/2013\/07\/ekrem-tucakovic-300x216.jpg","datePublished":"2013-07-26T14:45:40+00:00","dateModified":"2013-07-26T14:45:50+00:00","breadcrumb":{"@id":"https:\/\/sandzakpress.net\/arhiva\/sta-je-s-vrijedanjem-muslimanki-s-maramom\/#breadcrumb"},"inLanguage":"bs-BA","potentialAction":[{"@type":"ReadAction","target":["https:\/\/sandzakpress.net\/arhiva\/sta-je-s-vrijedanjem-muslimanki-s-maramom\/"]}]},{"@type":"ImageObject","inLanguage":"bs-BA","@id":"https:\/\/sandzakpress.net\/arhiva\/sta-je-s-vrijedanjem-muslimanki-s-maramom\/#primaryimage","url":"https:\/\/sandzakpress.net\/arhiva\/wp-content\/uploads\/2013\/07\/ekrem-tucakovic-300x216.jpg","contentUrl":"https:\/\/sandzakpress.net\/arhiva\/wp-content\/uploads\/2013\/07\/ekrem-tucakovic-300x216.jpg","width":300,"height":216},{"@type":"BreadcrumbList","@id":"https:\/\/sandzakpress.net\/arhiva\/sta-je-s-vrijedanjem-muslimanki-s-maramom\/#breadcrumb","itemListElement":[{"@type":"ListItem","position":1,"name":"Home","item":"https:\/\/sandzakpress.net\/arhiva\/"},{"@type":"ListItem","position":2,"name":"\u0160ta je s vrije\u0111anjem muslimanki s mahramom?"}]},{"@type":"WebSite","@id":"https:\/\/sandzakpress.net\/arhiva\/#website","url":"https:\/\/sandzakpress.net\/arhiva\/","name":"Sand\u017eak PRESS","description":"Prve elektronske novine u Sand\u017eaku","publisher":{"@id":"https:\/\/sandzakpress.net\/arhiva\/#\/schema\/person\/6e72b67d6e51910a1117b3b483ba20bd"},"potentialAction":[{"@type":"SearchAction","target":{"@type":"EntryPoint","urlTemplate":"https:\/\/sandzakpress.net\/arhiva\/?s={search_term_string}"},"query-input":{"@type":"PropertyValueSpecification","valueRequired":true,"valueName":"search_term_string"}}],"inLanguage":"bs-BA"},{"@type":["Person","Organization"],"@id":"https:\/\/sandzakpress.net\/arhiva\/#\/schema\/person\/6e72b67d6e51910a1117b3b483ba20bd","name":"Kul","image":{"@type":"ImageObject","inLanguage":"bs-BA","@id":"https:\/\/sandzakpress.net\/arhiva\/#\/schema\/person\/image\/","url":"https:\/\/secure.gravatar.com\/avatar\/42263f39aa27ac04c43cab85c280eb2e?s=96&d=mm&r=pg","contentUrl":"https:\/\/secure.gravatar.com\/avatar\/42263f39aa27ac04c43cab85c280eb2e?s=96&d=mm&r=pg","caption":"Kul"},"logo":{"@id":"https:\/\/sandzakpress.net\/arhiva\/#\/schema\/person\/image\/"}},{"@type":"Person","@id":"https:\/\/sandzakpress.net\/arhiva\/#\/schema\/person\/c8baee722073534b583ea7bdb2e36c02","name":"bosniak","image":{"@type":"ImageObject","inLanguage":"bs-BA","@id":"https:\/\/sandzakpress.net\/arhiva\/#\/schema\/person\/image\/","url":"https:\/\/secure.gravatar.com\/avatar\/a04fd330bfe3a36a72a0ad4a6d89fca7?s=96&d=mm&r=pg","contentUrl":"https:\/\/secure.gravatar.com\/avatar\/a04fd330bfe3a36a72a0ad4a6d89fca7?s=96&d=mm&r=pg","caption":"bosniak"},"url":"https:\/\/sandzakpress.net\/arhiva\/author\/bosniak\/"}]}},"_links":{"self":[{"href":"https:\/\/sandzakpress.net\/arhiva\/wp-json\/wp\/v2\/posts\/83147"}],"collection":[{"href":"https:\/\/sandzakpress.net\/arhiva\/wp-json\/wp\/v2\/posts"}],"about":[{"href":"https:\/\/sandzakpress.net\/arhiva\/wp-json\/wp\/v2\/types\/post"}],"author":[{"embeddable":true,"href":"https:\/\/sandzakpress.net\/arhiva\/wp-json\/wp\/v2\/users\/83"}],"replies":[{"embeddable":true,"href":"https:\/\/sandzakpress.net\/arhiva\/wp-json\/wp\/v2\/comments?post=83147"}],"version-history":[{"count":0,"href":"https:\/\/sandzakpress.net\/arhiva\/wp-json\/wp\/v2\/posts\/83147\/revisions"}],"wp:featuredmedia":[{"embeddable":true,"href":"https:\/\/sandzakpress.net\/arhiva\/wp-json\/wp\/v2\/media\/83150"}],"wp:attachment":[{"href":"https:\/\/sandzakpress.net\/arhiva\/wp-json\/wp\/v2\/media?parent=83147"}],"wp:term":[{"taxonomy":"category","embeddable":true,"href":"https:\/\/sandzakpress.net\/arhiva\/wp-json\/wp\/v2\/categories?post=83147"},{"taxonomy":"post_tag","embeddable":true,"href":"https:\/\/sandzakpress.net\/arhiva\/wp-json\/wp\/v2\/tags?post=83147"}],"curies":[{"name":"wp","href":"https:\/\/api.w.org\/{rel}","templated":true}]}}