{"id":82850,"date":"2013-07-24T16:00:03","date_gmt":"2013-07-24T14:00:03","guid":{"rendered":"https:\/\/sandzakpress.net\/arhiva\/?p=82850"},"modified":"2013-07-24T18:33:44","modified_gmt":"2013-07-24T16:33:44","slug":"82850","status":"publish","type":"post","link":"https:\/\/sandzakpress.net\/arhiva\/82850\/","title":{"rendered":"Intenzivirani sukobi me\u0111u opozicijom u Siriji: D\u017eabhat-Nusra protiv Kurda"},"content":{"rendered":"<p><a href=\"https:\/\/sandzakpress.net\/arhiva\/wp-content\/uploads\/2013\/07\/998031_688402707843580_2094558681_n.jpg\"><img loading=\"lazy\" decoding=\"async\" class=\"aligncenter size-full wp-image-82852\" alt=\"998031_688402707843580_2094558681_n\" src=\"https:\/\/sandzakpress.net\/arhiva\/wp-content\/uploads\/2013\/07\/998031_688402707843580_2094558681_n.jpg\" width=\"616\" height=\"311\" \/><\/a><\/p>\n<p><strong>Sirija &#8211; U sukobima Kurda i D\u017eabhatun-Nusre na severoistoku Sirije 17 poginulih. Kurdi napreduju u toj provinciji, u kojoj \u017eele da uspostave autonomiju. Borci <\/strong><strong>D\u017eabhatun-Nusre\u00a0<\/strong>\u00a0dr\u017ee 200 kurskih civila kao taoce.<\/p>\n<p>Najmanje 17 sirijskih Kurda i D\u017eabhatun-Nusre\u00a0\u00a0poginulo je\u00a0u sukobima u provinciji Hasaka, na severoistoku zemlje, gde se ve\u0107 osam dana vode borbe, saop\u0161tila je nevladina Sirijska opservatorija za ljudska prava.<\/p>\n<p>Kurdski borci su napredovali u tom regionu gdje \u017eele da uspostave autonomiju.<\/p>\n<p>Najmanje 13 pripadnika grupa bliskih Al Kaidi poginulo je u selu Me\u0161rafe u sukobima s Kurdima, koji su izgubili \u010detiri borca, dodaje Opservatorija sa sedi\u0161tem u Velikoj Britaniji.<\/p>\n<p>Me\u0161rafe se nalazi ju\u017eno od Ras el Aina, kurdskog grada na granici sa Turskom. Sukobi su se pro\u0161irili dalje na zapad. U tom regionu \u017eivi kurdsko i arapskog stanovni\u0161tvo, pa su tenzije sve ve\u0107e.<\/p>\n<p>Kurdske snage prema razli\u010ditim informacijama broje 10 do 15 hiljada vojnika.<\/p>\n<p><img loading=\"lazy\" decoding=\"async\" title=\"Kurdi Sirija.jpg\" alt=\"Kurdi Sirija.jpg\" src=\"http:\/\/www.rts.rs\/upload\/storyBoxImageData\/2013\/07\/24\/13483360\/Kurdi%20Sirija.jpg\" width=\"527\" height=\"316\" border=\"0\" \/><\/p>\n<p>Tenzije u dijelovima Sirije gde \u017eive Kurdi su porasle i jer su pripadnici\u00a0D\u017eabhatun-Nusre\u00a0povezani sa Al Kaidom zarobili\u00a0oko 200 kurdskih civila, uklju\u010duju\u0107i \u017eene i decu, koriste\u0107i ih kao \u017eivi \u0161tit, objavilo je ju\u010de\u00a0rusko ministarstvo spoljnih poslova.<\/p>\n<p>Civili su zato\u010deni nakon \u0161to su se sirijski Kurdi i borci povezani sa Al Kaidom sukobili proteklog vikenda na severoistoku Sirije du\u017e granice sa Turskom, a Kurdi\u00a0su zarobili vo\u0111u pobunjenika, koji je identifikovan kao Abu Musab.<\/p>\n<p>Pripadnici D\u017eabhatun-Nusre\u00a0odgovorili su na to zarobljavanjem 500 civila, uklju\u010duju\u0107i i decu i \u017eene. Iako su kurdski borci oslobodili Musaba, u zamenu za osloba\u0111anje civila, oko 200 ljudi je i dalje u rukama D\u017eabhatun-Nusre.<\/p>\n<p>Prije po\u010detka pobune protiv sirijskog predsednika Ba\u0161ara el Asada u martu 2011, Kurdi su bili marginalizovani, a Asad je odmah na po\u010detku pobune dodelio sirijsko dr\u017eavljanstvo delu kurdskog stanovni\u0161tva.<\/p>\n<div>\n<div><img loading=\"lazy\" decoding=\"async\" title=\"Kurdi.jpg\" alt=\"Kurdi.jpg\" src=\"http:\/\/www.rts.rs\/upload\/storyBoxImageData\/2013\/07\/24\/13481586\/Kurdi.jpg\" width=\"527\" height=\"396\" border=\"0\" \/><\/div>\n<\/div>\n<p>Kurdi su prije po\u010detka pobune protiv Ba\u0161ara el Asada \u010dinili oko devet odsto stanovni\u0161tva Sirije.<\/p>\n<p>Asadove snage povukle su se sredinom 2012. godine iz delova naseljenih Kurdima, prepu\u0161taju\u0107i lokalnim kurdskim vlastima upravljanje tim oblastima.<\/p>\n<p>Zbog tih promena na povr\u0161inu je izbilo duboko nepoverenje izme\u0111u dve zajednice, pogor\u0161ano nespobno\u0161\u0107u sirijske opozicije da da mjesta predstavnicima Kurda u organima svog pokreta.<\/p>\n<p>(RTS)<\/p>\n","protected":false},"excerpt":{"rendered":"<p>Sirija &#8211; U sukobima Kurda i D\u017eabhatun-Nusre na severoistoku Sirije 17 poginulih. Kurdi napreduju u toj provinciji, u kojoj \u017eele da uspostave autonomiju. Borci D\u017eabhatun-Nusre\u00a0\u00a0dr\u017ee 200 kurskih civila kao taoce. Najmanje 17 sirijskih Kurda i D\u017eabhatun-Nusre\u00a0\u00a0poginulo je\u00a0u sukobima u provinciji Hasaka, na severoistoku zemlje, gde se ve\u0107 osam dana vode borbe, saop\u0161tila je nevladina Sirijska [&hellip;]<\/p>\n","protected":false},"author":83,"featured_media":82852,"comment_status":"open","ping_status":"open","sticky":false,"template":"","format":"standard","meta":{"footnotes":""},"categories":[9,8957],"tags":[10225],"class_list":{"0":"post-82850","1":"post","2":"type-post","3":"status-publish","4":"format-standard","5":"has-post-thumbnail","7":"category-svijet","8":"category-vijesti-dana","9":"tag-sirija"},"yoast_head":"<!-- This site is optimized with the Yoast SEO Premium plugin v23.1 (Yoast SEO v24.9) - https:\/\/yoast.com\/wordpress\/plugins\/seo\/ -->\n<title>Intenzivirani sukobi me\u0111u opozicijom u Siriji: D\u017eabhat-Nusra protiv Kurda<\/title>\n<meta name=\"robots\" content=\"index, follow, max-snippet:-1, max-image-preview:large, max-video-preview:-1\" \/>\n<link rel=\"canonical\" href=\"https:\/\/sandzakpress.net\/arhiva\/82850\/\" \/>\n<meta property=\"og:locale\" content=\"bs_BA\" \/>\n<meta property=\"og:type\" content=\"article\" \/>\n<meta property=\"og:title\" content=\"Intenzivirani sukobi me\u0111u opozicijom u Siriji: D\u017eabhat-Nusra protiv Kurda\" \/>\n<meta property=\"og:description\" content=\"Sirija &#8211; U sukobima Kurda i D\u017eabhatun-Nusre na severoistoku Sirije 17 poginulih. Kurdi napreduju u toj provinciji, u kojoj \u017eele da uspostave autonomiju. Borci D\u017eabhatun-Nusre\u00a0\u00a0dr\u017ee 200 kurskih civila kao taoce. Najmanje 17 sirijskih Kurda i D\u017eabhatun-Nusre\u00a0\u00a0poginulo je\u00a0u sukobima u provinciji Hasaka, na severoistoku zemlje, gde se ve\u0107 osam dana vode borbe, saop\u0161tila je nevladina Sirijska [&hellip;]\" \/>\n<meta property=\"og:url\" content=\"https:\/\/sandzakpress.net\/arhiva\/82850\/\" \/>\n<meta property=\"og:site_name\" content=\"Sand\u017eak PRESS\" \/>\n<meta property=\"article:published_time\" content=\"2013-07-24T14:00:03+00:00\" \/>\n<meta property=\"article:modified_time\" content=\"2013-07-24T16:33:44+00:00\" \/>\n<meta property=\"og:image\" content=\"https:\/\/sandzakpress.net\/arhiva\/wp-content\/uploads\/2013\/07\/998031_688402707843580_2094558681_n.jpg\" \/>\n\t<meta property=\"og:image:width\" content=\"616\" \/>\n\t<meta property=\"og:image:height\" content=\"311\" \/>\n\t<meta property=\"og:image:type\" content=\"image\/jpeg\" \/>\n<meta name=\"author\" content=\"bosniak\" \/>\n<meta name=\"twitter:card\" content=\"summary_large_image\" \/>\n<meta name=\"twitter:label1\" content=\"Written by\" \/>\n\t<meta name=\"twitter:data1\" content=\"bosniak\" \/>\n\t<meta name=\"twitter:label2\" content=\"Est. reading time\" \/>\n\t<meta name=\"twitter:data2\" content=\"2 minute\" \/>\n<script type=\"application\/ld+json\" class=\"yoast-schema-graph\">{\"@context\":\"https:\/\/schema.org\",\"@graph\":[{\"@type\":\"Article\",\"@id\":\"https:\/\/sandzakpress.net\/arhiva\/82850\/#article\",\"isPartOf\":{\"@id\":\"https:\/\/sandzakpress.net\/arhiva\/82850\/\"},\"author\":{\"name\":\"bosniak\",\"@id\":\"https:\/\/sandzakpress.net\/arhiva\/#\/schema\/person\/c8baee722073534b583ea7bdb2e36c02\"},\"headline\":\"Intenzivirani sukobi me\u0111u opozicijom u Siriji: D\u017eabhat-Nusra protiv Kurda\",\"datePublished\":\"2013-07-24T14:00:03+00:00\",\"dateModified\":\"2013-07-24T16:33:44+00:00\",\"mainEntityOfPage\":{\"@id\":\"https:\/\/sandzakpress.net\/arhiva\/82850\/\"},\"wordCount\":385,\"commentCount\":0,\"publisher\":{\"@id\":\"https:\/\/sandzakpress.net\/arhiva\/#\/schema\/person\/6e72b67d6e51910a1117b3b483ba20bd\"},\"image\":{\"@id\":\"https:\/\/sandzakpress.net\/arhiva\/82850\/#primaryimage\"},\"thumbnailUrl\":\"https:\/\/sandzakpress.net\/arhiva\/wp-content\/uploads\/2013\/07\/998031_688402707843580_2094558681_n.jpg\",\"keywords\":[\"Sirija\"],\"articleSection\":[\"Svijet\",\"VIJESTI DANA\"],\"inLanguage\":\"bs-BA\",\"potentialAction\":[{\"@type\":\"CommentAction\",\"name\":\"Comment\",\"target\":[\"https:\/\/sandzakpress.net\/arhiva\/82850\/#respond\"]}]},{\"@type\":\"WebPage\",\"@id\":\"https:\/\/sandzakpress.net\/arhiva\/82850\/\",\"url\":\"https:\/\/sandzakpress.net\/arhiva\/82850\/\",\"name\":\"Intenzivirani sukobi me\u0111u opozicijom u Siriji: D\u017eabhat-Nusra protiv Kurda\",\"isPartOf\":{\"@id\":\"https:\/\/sandzakpress.net\/arhiva\/#website\"},\"primaryImageOfPage\":{\"@id\":\"https:\/\/sandzakpress.net\/arhiva\/82850\/#primaryimage\"},\"image\":{\"@id\":\"https:\/\/sandzakpress.net\/arhiva\/82850\/#primaryimage\"},\"thumbnailUrl\":\"https:\/\/sandzakpress.net\/arhiva\/wp-content\/uploads\/2013\/07\/998031_688402707843580_2094558681_n.jpg\",\"datePublished\":\"2013-07-24T14:00:03+00:00\",\"dateModified\":\"2013-07-24T16:33:44+00:00\",\"breadcrumb\":{\"@id\":\"https:\/\/sandzakpress.net\/arhiva\/82850\/#breadcrumb\"},\"inLanguage\":\"bs-BA\",\"potentialAction\":[{\"@type\":\"ReadAction\",\"target\":[\"https:\/\/sandzakpress.net\/arhiva\/82850\/\"]}]},{\"@type\":\"ImageObject\",\"inLanguage\":\"bs-BA\",\"@id\":\"https:\/\/sandzakpress.net\/arhiva\/82850\/#primaryimage\",\"url\":\"https:\/\/sandzakpress.net\/arhiva\/wp-content\/uploads\/2013\/07\/998031_688402707843580_2094558681_n.jpg\",\"contentUrl\":\"https:\/\/sandzakpress.net\/arhiva\/wp-content\/uploads\/2013\/07\/998031_688402707843580_2094558681_n.jpg\",\"width\":616,\"height\":311},{\"@type\":\"BreadcrumbList\",\"@id\":\"https:\/\/sandzakpress.net\/arhiva\/82850\/#breadcrumb\",\"itemListElement\":[{\"@type\":\"ListItem\",\"position\":1,\"name\":\"Home\",\"item\":\"https:\/\/sandzakpress.net\/arhiva\/\"},{\"@type\":\"ListItem\",\"position\":2,\"name\":\"Intenzivirani sukobi me\u0111u opozicijom u Siriji: D\u017eabhat-Nusra protiv Kurda\"}]},{\"@type\":\"WebSite\",\"@id\":\"https:\/\/sandzakpress.net\/arhiva\/#website\",\"url\":\"https:\/\/sandzakpress.net\/arhiva\/\",\"name\":\"Sand\u017eak PRESS\",\"description\":\"Prve elektronske novine u Sand\u017eaku\",\"publisher\":{\"@id\":\"https:\/\/sandzakpress.net\/arhiva\/#\/schema\/person\/6e72b67d6e51910a1117b3b483ba20bd\"},\"potentialAction\":[{\"@type\":\"SearchAction\",\"target\":{\"@type\":\"EntryPoint\",\"urlTemplate\":\"https:\/\/sandzakpress.net\/arhiva\/?s={search_term_string}\"},\"query-input\":{\"@type\":\"PropertyValueSpecification\",\"valueRequired\":true,\"valueName\":\"search_term_string\"}}],\"inLanguage\":\"bs-BA\"},{\"@type\":[\"Person\",\"Organization\"],\"@id\":\"https:\/\/sandzakpress.net\/arhiva\/#\/schema\/person\/6e72b67d6e51910a1117b3b483ba20bd\",\"name\":\"Kul\",\"image\":{\"@type\":\"ImageObject\",\"inLanguage\":\"bs-BA\",\"@id\":\"https:\/\/sandzakpress.net\/arhiva\/#\/schema\/person\/image\/\",\"url\":\"https:\/\/secure.gravatar.com\/avatar\/42263f39aa27ac04c43cab85c280eb2e?s=96&d=mm&r=pg\",\"contentUrl\":\"https:\/\/secure.gravatar.com\/avatar\/42263f39aa27ac04c43cab85c280eb2e?s=96&d=mm&r=pg\",\"caption\":\"Kul\"},\"logo\":{\"@id\":\"https:\/\/sandzakpress.net\/arhiva\/#\/schema\/person\/image\/\"}},{\"@type\":\"Person\",\"@id\":\"https:\/\/sandzakpress.net\/arhiva\/#\/schema\/person\/c8baee722073534b583ea7bdb2e36c02\",\"name\":\"bosniak\",\"image\":{\"@type\":\"ImageObject\",\"inLanguage\":\"bs-BA\",\"@id\":\"https:\/\/sandzakpress.net\/arhiva\/#\/schema\/person\/image\/\",\"url\":\"https:\/\/secure.gravatar.com\/avatar\/a04fd330bfe3a36a72a0ad4a6d89fca7?s=96&d=mm&r=pg\",\"contentUrl\":\"https:\/\/secure.gravatar.com\/avatar\/a04fd330bfe3a36a72a0ad4a6d89fca7?s=96&d=mm&r=pg\",\"caption\":\"bosniak\"},\"url\":\"https:\/\/sandzakpress.net\/arhiva\/author\/bosniak\/\"}]}<\/script>\n<!-- \/ Yoast SEO Premium plugin. -->","yoast_head_json":{"title":"Intenzivirani sukobi me\u0111u opozicijom u Siriji: D\u017eabhat-Nusra protiv Kurda","robots":{"index":"index","follow":"follow","max-snippet":"max-snippet:-1","max-image-preview":"max-image-preview:large","max-video-preview":"max-video-preview:-1"},"canonical":"https:\/\/sandzakpress.net\/arhiva\/82850\/","og_locale":"bs_BA","og_type":"article","og_title":"Intenzivirani sukobi me\u0111u opozicijom u Siriji: D\u017eabhat-Nusra protiv Kurda","og_description":"Sirija &#8211; U sukobima Kurda i D\u017eabhatun-Nusre na severoistoku Sirije 17 poginulih. Kurdi napreduju u toj provinciji, u kojoj \u017eele da uspostave autonomiju. Borci D\u017eabhatun-Nusre\u00a0\u00a0dr\u017ee 200 kurskih civila kao taoce. Najmanje 17 sirijskih Kurda i D\u017eabhatun-Nusre\u00a0\u00a0poginulo je\u00a0u sukobima u provinciji Hasaka, na severoistoku zemlje, gde se ve\u0107 osam dana vode borbe, saop\u0161tila je nevladina Sirijska [&hellip;]","og_url":"https:\/\/sandzakpress.net\/arhiva\/82850\/","og_site_name":"Sand\u017eak PRESS","article_published_time":"2013-07-24T14:00:03+00:00","article_modified_time":"2013-07-24T16:33:44+00:00","og_image":[{"width":616,"height":311,"url":"https:\/\/sandzakpress.net\/arhiva\/wp-content\/uploads\/2013\/07\/998031_688402707843580_2094558681_n.jpg","type":"image\/jpeg"}],"author":"bosniak","twitter_card":"summary_large_image","twitter_misc":{"Written by":"bosniak","Est. reading time":"2 minute"},"schema":{"@context":"https:\/\/schema.org","@graph":[{"@type":"Article","@id":"https:\/\/sandzakpress.net\/arhiva\/82850\/#article","isPartOf":{"@id":"https:\/\/sandzakpress.net\/arhiva\/82850\/"},"author":{"name":"bosniak","@id":"https:\/\/sandzakpress.net\/arhiva\/#\/schema\/person\/c8baee722073534b583ea7bdb2e36c02"},"headline":"Intenzivirani sukobi me\u0111u opozicijom u Siriji: D\u017eabhat-Nusra protiv Kurda","datePublished":"2013-07-24T14:00:03+00:00","dateModified":"2013-07-24T16:33:44+00:00","mainEntityOfPage":{"@id":"https:\/\/sandzakpress.net\/arhiva\/82850\/"},"wordCount":385,"commentCount":0,"publisher":{"@id":"https:\/\/sandzakpress.net\/arhiva\/#\/schema\/person\/6e72b67d6e51910a1117b3b483ba20bd"},"image":{"@id":"https:\/\/sandzakpress.net\/arhiva\/82850\/#primaryimage"},"thumbnailUrl":"https:\/\/sandzakpress.net\/arhiva\/wp-content\/uploads\/2013\/07\/998031_688402707843580_2094558681_n.jpg","keywords":["Sirija"],"articleSection":["Svijet","VIJESTI DANA"],"inLanguage":"bs-BA","potentialAction":[{"@type":"CommentAction","name":"Comment","target":["https:\/\/sandzakpress.net\/arhiva\/82850\/#respond"]}]},{"@type":"WebPage","@id":"https:\/\/sandzakpress.net\/arhiva\/82850\/","url":"https:\/\/sandzakpress.net\/arhiva\/82850\/","name":"Intenzivirani sukobi me\u0111u opozicijom u Siriji: D\u017eabhat-Nusra protiv Kurda","isPartOf":{"@id":"https:\/\/sandzakpress.net\/arhiva\/#website"},"primaryImageOfPage":{"@id":"https:\/\/sandzakpress.net\/arhiva\/82850\/#primaryimage"},"image":{"@id":"https:\/\/sandzakpress.net\/arhiva\/82850\/#primaryimage"},"thumbnailUrl":"https:\/\/sandzakpress.net\/arhiva\/wp-content\/uploads\/2013\/07\/998031_688402707843580_2094558681_n.jpg","datePublished":"2013-07-24T14:00:03+00:00","dateModified":"2013-07-24T16:33:44+00:00","breadcrumb":{"@id":"https:\/\/sandzakpress.net\/arhiva\/82850\/#breadcrumb"},"inLanguage":"bs-BA","potentialAction":[{"@type":"ReadAction","target":["https:\/\/sandzakpress.net\/arhiva\/82850\/"]}]},{"@type":"ImageObject","inLanguage":"bs-BA","@id":"https:\/\/sandzakpress.net\/arhiva\/82850\/#primaryimage","url":"https:\/\/sandzakpress.net\/arhiva\/wp-content\/uploads\/2013\/07\/998031_688402707843580_2094558681_n.jpg","contentUrl":"https:\/\/sandzakpress.net\/arhiva\/wp-content\/uploads\/2013\/07\/998031_688402707843580_2094558681_n.jpg","width":616,"height":311},{"@type":"BreadcrumbList","@id":"https:\/\/sandzakpress.net\/arhiva\/82850\/#breadcrumb","itemListElement":[{"@type":"ListItem","position":1,"name":"Home","item":"https:\/\/sandzakpress.net\/arhiva\/"},{"@type":"ListItem","position":2,"name":"Intenzivirani sukobi me\u0111u opozicijom u Siriji: D\u017eabhat-Nusra protiv Kurda"}]},{"@type":"WebSite","@id":"https:\/\/sandzakpress.net\/arhiva\/#website","url":"https:\/\/sandzakpress.net\/arhiva\/","name":"Sand\u017eak PRESS","description":"Prve elektronske novine u Sand\u017eaku","publisher":{"@id":"https:\/\/sandzakpress.net\/arhiva\/#\/schema\/person\/6e72b67d6e51910a1117b3b483ba20bd"},"potentialAction":[{"@type":"SearchAction","target":{"@type":"EntryPoint","urlTemplate":"https:\/\/sandzakpress.net\/arhiva\/?s={search_term_string}"},"query-input":{"@type":"PropertyValueSpecification","valueRequired":true,"valueName":"search_term_string"}}],"inLanguage":"bs-BA"},{"@type":["Person","Organization"],"@id":"https:\/\/sandzakpress.net\/arhiva\/#\/schema\/person\/6e72b67d6e51910a1117b3b483ba20bd","name":"Kul","image":{"@type":"ImageObject","inLanguage":"bs-BA","@id":"https:\/\/sandzakpress.net\/arhiva\/#\/schema\/person\/image\/","url":"https:\/\/secure.gravatar.com\/avatar\/42263f39aa27ac04c43cab85c280eb2e?s=96&d=mm&r=pg","contentUrl":"https:\/\/secure.gravatar.com\/avatar\/42263f39aa27ac04c43cab85c280eb2e?s=96&d=mm&r=pg","caption":"Kul"},"logo":{"@id":"https:\/\/sandzakpress.net\/arhiva\/#\/schema\/person\/image\/"}},{"@type":"Person","@id":"https:\/\/sandzakpress.net\/arhiva\/#\/schema\/person\/c8baee722073534b583ea7bdb2e36c02","name":"bosniak","image":{"@type":"ImageObject","inLanguage":"bs-BA","@id":"https:\/\/sandzakpress.net\/arhiva\/#\/schema\/person\/image\/","url":"https:\/\/secure.gravatar.com\/avatar\/a04fd330bfe3a36a72a0ad4a6d89fca7?s=96&d=mm&r=pg","contentUrl":"https:\/\/secure.gravatar.com\/avatar\/a04fd330bfe3a36a72a0ad4a6d89fca7?s=96&d=mm&r=pg","caption":"bosniak"},"url":"https:\/\/sandzakpress.net\/arhiva\/author\/bosniak\/"}]}},"_links":{"self":[{"href":"https:\/\/sandzakpress.net\/arhiva\/wp-json\/wp\/v2\/posts\/82850"}],"collection":[{"href":"https:\/\/sandzakpress.net\/arhiva\/wp-json\/wp\/v2\/posts"}],"about":[{"href":"https:\/\/sandzakpress.net\/arhiva\/wp-json\/wp\/v2\/types\/post"}],"author":[{"embeddable":true,"href":"https:\/\/sandzakpress.net\/arhiva\/wp-json\/wp\/v2\/users\/83"}],"replies":[{"embeddable":true,"href":"https:\/\/sandzakpress.net\/arhiva\/wp-json\/wp\/v2\/comments?post=82850"}],"version-history":[{"count":0,"href":"https:\/\/sandzakpress.net\/arhiva\/wp-json\/wp\/v2\/posts\/82850\/revisions"}],"wp:featuredmedia":[{"embeddable":true,"href":"https:\/\/sandzakpress.net\/arhiva\/wp-json\/wp\/v2\/media\/82852"}],"wp:attachment":[{"href":"https:\/\/sandzakpress.net\/arhiva\/wp-json\/wp\/v2\/media?parent=82850"}],"wp:term":[{"taxonomy":"category","embeddable":true,"href":"https:\/\/sandzakpress.net\/arhiva\/wp-json\/wp\/v2\/categories?post=82850"},{"taxonomy":"post_tag","embeddable":true,"href":"https:\/\/sandzakpress.net\/arhiva\/wp-json\/wp\/v2\/tags?post=82850"}],"curies":[{"name":"wp","href":"https:\/\/api.w.org\/{rel}","templated":true}]}}