{"id":82578,"date":"2013-07-22T18:38:49","date_gmt":"2013-07-22T16:38:49","guid":{"rendered":"https:\/\/sandzakpress.net\/arhiva\/?p=82578"},"modified":"2013-07-22T18:39:51","modified_gmt":"2013-07-22T16:39:51","slug":"muftija-zukorlic-i-dr-mustafa-ef-ceric-posjetili-ipf-u-bihacu","status":"publish","type":"post","link":"https:\/\/sandzakpress.net\/arhiva\/muftija-zukorlic-i-dr-mustafa-ef-ceric-posjetili-ipf-u-bihacu\/","title":{"rendered":"Muftija Zukorli\u0107 i Dr. Mustafa ef. Ceri\u0107 posjetili IPF u Biha\u0107u"},"content":{"rendered":"<p><a href=\"https:\/\/sandzakpress.net\/arhiva\/muftija-zukorlic-i-dr-mustafa-ef-ceric-posjetili-ipf-u-bihacu\/04-3\" rel=\"attachment wp-att-82580\"><img loading=\"lazy\" decoding=\"async\" class=\"aligncenter size-large wp-image-82580\" alt=\"04\" src=\"https:\/\/sandzakpress.net\/arhiva\/wp-content\/uploads\/2013\/07\/041-616x462.jpg\" width=\"615\" height=\"461\" \/><\/a><\/p>\n<p><strong>BiH &#8211; U sklopu ramazanske posjete Bo\u0161njacima u Krajini, dr. Mustafa ef. Ceri\u0107 i muftija Muamer ef. Zukorli\u0107, posjetili su Islamski pedago\u0161ki fakultet u Biha\u0107u. Uprava na \u010delu sa dekanom prof. dr. Muharemom \u0160tulanovi\u0107em priredila je sve\u010dani do\u010dek uvijek rado vi\u0111enim gostima na ovoj visokoobrazovnoj ustanovi. \u201eVe\u010deras smo svi sretni ukazanom nam posjetom od strane nama dragih gosti\u201c kazao je \u0160tulanovi\u0107.<\/strong><\/p>\n<p>Poselamiv\u0161i prisutne u d\u017eamiji Islamskog pedago\u0161kog fakulteta i zahvaliv\u0161i se Bogu na blagodatima mjeseca ramazana, tokom svog obra\u0107anja dr. Ceri\u0107 je kazao kako sve \u0161to je lijepo brzo pro\u0111e, pa tako i Ramazan.<\/p>\n<p><img loading=\"lazy\" decoding=\"async\" alt=\"iftar-ipf-bih-07-2013-1\" src=\"http:\/\/www.rijaset.ba\/images\/stories\/1aktuelnosti3\/iftar-ipf-bih-07-2013-1.jpg\" width=\"616\" height=\"442\" \/><\/p>\n<p>&#8211; Ramazan ima tu jednu posebnu milost, dok je njegova druga tre\u0107ina Bo\u017eija uputa, kada Uzvi\u0161eni Allah upu\u0107uje ljude na pravi put onoga ko to \u017eeli, jer da bi neko bio upu\u0107en on treba tome i te\u017eiti. Tre\u0107a tre\u0107ina mjeseca Ramazana je Bo\u017eiji oprost, kada Allah d\u017e.\u0161., opra\u0161ta grijehe, te stoga svaki vjernik treba nastojati da zadobije Bo\u017eiji oprost, to je onih zadnjih deset dana mjeseca Ramazana u kojima je no\u0107\u00a0Lejletul-Kadr,\u00a0koja je bolja od hiljadu mjeseci, u kojoj Allah d\u017e.\u0161., pra\u0161ta grijeha, a mi smo svi grije\u0161ni imamo puno grijeha. Zato draga bra\u0107o iskoristite Allahovu milost koja se spu\u0161ta uz Ramazan, Allahov hidajet koji nas upu\u0107uje i Allahov magfiret, da nam Allah d\u017e.\u0161., oprosti grijehe i uputi nas\u00a0 na pravi put \u2013 kazao je dr. Ceri\u0107 u svom vazu i nasihatu.<\/p>\n<p>Zatim se prigodnim vazom obratio i muftija Muamer ef. Zukorli\u0107\u00a0 i nakon zahvale Allahu d\u017e.\u0161., i salavata na Bo\u017eijeg poslanika Muhammeda, a.s, poselamio sve prisutne izraziv\u0161i svoje zadovoljstvo posjetom ovoj islamskoj visokoobrazovnoj instituciji, kazav\u0161i kako je Islamski pedago\u0161ki fakultet u Biha\u0107u, bajrak i svijetlo znanja u Krajini.<\/p>\n<p><img loading=\"lazy\" decoding=\"async\" alt=\"\" src=\"http:\/\/www.rijaset.ba\/images\/stories\/slikezamodul\/iftar-ipf-bih-07-2013\/02.jpg\" width=\"616\" height=\"500\" \/><\/p>\n<p>&#8211; Prva rije\u010d objave je bila ikre-u\u010di. Da bi se bilo \u0161ta u\u010dinilo \u010dovjeku je potrebno svijetlo. Svijetlo je ambijent za istinu, dok je mrak ambijent za neistinu i la\u017e. Svijetlo razuma i du\u0161e je znanje. Zato draga bra\u0107o i sestre, ako ho\u0107ete da va\u0161a djeca ne budu robovi stvorenja, dajte im maksimalno znanje kroz sve raspolo\u017eive vidove obrazovanja. Osnovno sredstvo porobljavanja ljudi je neznanje. Kada imate neuk narod, onda se njegovi neprijatelji sa njim poigravaju i manipuliraju raznim sredstvima. Predstavljaju im dobro lo\u0161im, a lo\u0161e dobrim i vode ih u smjeru u kom \u017eele. Bo\u0161njaci su mnogo puta u razli\u010ditim periodima bili \u017ertva raznih oblika manipulacije \u2013 kazao je muftija Zukorli\u0107.<\/p>\n<p>On je tako\u0111er govorio o islamskom odnosu izme\u0111u duha i tijela u kontekstu taqwe-bogobojaznosti, koja za razliku o materijalisti\u010dkog pogleda na svijet, gaji onu prirodnu moralnost i \u010disto\u0107u, \u0161to materijalisti ne mogu posti\u0107i zbog ne posjedovanja svijesti i vjere u Boga.<\/p>\n<p><strong>Fahrudin Voji\u0107<\/strong><\/p>\n","protected":false},"excerpt":{"rendered":"<p>BiH &#8211; U sklopu ramazanske posjete Bo\u0161njacima u Krajini, dr. Mustafa ef. Ceri\u0107 i muftija Muamer ef. Zukorli\u0107, posjetili su Islamski pedago\u0161ki fakultet u Biha\u0107u. Uprava na \u010delu sa dekanom prof. dr. Muharemom \u0160tulanovi\u0107em priredila je sve\u010dani do\u010dek uvijek rado vi\u0111enim gostima na ovoj visokoobrazovnoj ustanovi. \u201eVe\u010deras smo svi sretni ukazanom nam posjetom od strane [&hellip;]<\/p>\n","protected":false},"author":83,"featured_media":82580,"comment_status":"open","ping_status":"open","sticky":false,"template":"","format":"standard","meta":{"footnotes":""},"categories":[72,800,2860,8957],"tags":[10204,10221,10233],"class_list":{"0":"post-82578","1":"post","2":"type-post","3":"status-publish","4":"format-standard","5":"has-post-thumbnail","7":"category-novi-pazar","8":"category-nacija","9":"category-bosna-i-hercegovina-gradovi","10":"category-vijesti-dana","11":"tag-muftija-muamer-zukorlic","12":"tag-svjetski-bosnjacki-kongres","13":"tag-dr-mustafa-ceric"},"yoast_head":"<!-- This site is optimized with the Yoast SEO Premium plugin v23.1 (Yoast SEO v24.9) - https:\/\/yoast.com\/wordpress\/plugins\/seo\/ -->\n<title>Muftija Zukorli\u0107 i Dr. Mustafa ef. Ceri\u0107 posjetili IPF u Biha\u0107u<\/title>\n<meta name=\"robots\" content=\"index, follow, max-snippet:-1, max-image-preview:large, max-video-preview:-1\" \/>\n<link rel=\"canonical\" href=\"https:\/\/sandzakpress.net\/arhiva\/muftija-zukorlic-i-dr-mustafa-ef-ceric-posjetili-ipf-u-bihacu\/\" \/>\n<meta property=\"og:locale\" content=\"bs_BA\" \/>\n<meta property=\"og:type\" content=\"article\" \/>\n<meta property=\"og:title\" content=\"Muftija Zukorli\u0107 i Dr. Mustafa ef. Ceri\u0107 posjetili IPF u Biha\u0107u\" \/>\n<meta property=\"og:description\" content=\"BiH &#8211; U sklopu ramazanske posjete Bo\u0161njacima u Krajini, dr. Mustafa ef. Ceri\u0107 i muftija Muamer ef. Zukorli\u0107, posjetili su Islamski pedago\u0161ki fakultet u Biha\u0107u. Uprava na \u010delu sa dekanom prof. dr. Muharemom \u0160tulanovi\u0107em priredila je sve\u010dani do\u010dek uvijek rado vi\u0111enim gostima na ovoj visokoobrazovnoj ustanovi. \u201eVe\u010deras smo svi sretni ukazanom nam posjetom od strane [&hellip;]\" \/>\n<meta property=\"og:url\" content=\"https:\/\/sandzakpress.net\/arhiva\/muftija-zukorlic-i-dr-mustafa-ef-ceric-posjetili-ipf-u-bihacu\/\" \/>\n<meta property=\"og:site_name\" content=\"Sand\u017eak PRESS\" \/>\n<meta property=\"article:published_time\" content=\"2013-07-22T16:38:49+00:00\" \/>\n<meta property=\"article:modified_time\" content=\"2013-07-22T16:39:51+00:00\" \/>\n<meta property=\"og:image\" content=\"https:\/\/sandzakpress.net\/arhiva\/wp-content\/uploads\/2013\/07\/041.jpg\" \/>\n\t<meta property=\"og:image:width\" content=\"616\" \/>\n\t<meta property=\"og:image:height\" content=\"462\" \/>\n\t<meta property=\"og:image:type\" content=\"image\/jpeg\" \/>\n<meta name=\"author\" content=\"bosniak\" \/>\n<meta name=\"twitter:card\" content=\"summary_large_image\" \/>\n<meta name=\"twitter:label1\" content=\"Written by\" \/>\n\t<meta name=\"twitter:data1\" content=\"bosniak\" \/>\n\t<meta name=\"twitter:label2\" content=\"Est. reading time\" \/>\n\t<meta name=\"twitter:data2\" content=\"2 minute\" \/>\n<script type=\"application\/ld+json\" class=\"yoast-schema-graph\">{\"@context\":\"https:\/\/schema.org\",\"@graph\":[{\"@type\":\"Article\",\"@id\":\"https:\/\/sandzakpress.net\/arhiva\/muftija-zukorlic-i-dr-mustafa-ef-ceric-posjetili-ipf-u-bihacu\/#article\",\"isPartOf\":{\"@id\":\"https:\/\/sandzakpress.net\/arhiva\/muftija-zukorlic-i-dr-mustafa-ef-ceric-posjetili-ipf-u-bihacu\/\"},\"author\":{\"name\":\"bosniak\",\"@id\":\"https:\/\/sandzakpress.net\/arhiva\/#\/schema\/person\/c8baee722073534b583ea7bdb2e36c02\"},\"headline\":\"Muftija Zukorli\u0107 i Dr. Mustafa ef. Ceri\u0107 posjetili IPF u Biha\u0107u\",\"datePublished\":\"2013-07-22T16:38:49+00:00\",\"dateModified\":\"2013-07-22T16:39:51+00:00\",\"mainEntityOfPage\":{\"@id\":\"https:\/\/sandzakpress.net\/arhiva\/muftija-zukorlic-i-dr-mustafa-ef-ceric-posjetili-ipf-u-bihacu\/\"},\"wordCount\":491,\"commentCount\":1,\"publisher\":{\"@id\":\"https:\/\/sandzakpress.net\/arhiva\/#\/schema\/person\/6e72b67d6e51910a1117b3b483ba20bd\"},\"image\":{\"@id\":\"https:\/\/sandzakpress.net\/arhiva\/muftija-zukorlic-i-dr-mustafa-ef-ceric-posjetili-ipf-u-bihacu\/#primaryimage\"},\"thumbnailUrl\":\"https:\/\/sandzakpress.net\/arhiva\/wp-content\/uploads\/2013\/07\/041.jpg\",\"keywords\":[\"muftija Muamer Zukorli\u0107\",\"Svjetski bo\u0161nja\u010dki kongres\",\"Dr. Mustafa Ceri\u0107\"],\"articleSection\":[\"Novi Pazar\",\"Nacija\",\"Bosna i Hercegovina\",\"VIJESTI DANA\"],\"inLanguage\":\"bs-BA\",\"potentialAction\":[{\"@type\":\"CommentAction\",\"name\":\"Comment\",\"target\":[\"https:\/\/sandzakpress.net\/arhiva\/muftija-zukorlic-i-dr-mustafa-ef-ceric-posjetili-ipf-u-bihacu\/#respond\"]}]},{\"@type\":\"WebPage\",\"@id\":\"https:\/\/sandzakpress.net\/arhiva\/muftija-zukorlic-i-dr-mustafa-ef-ceric-posjetili-ipf-u-bihacu\/\",\"url\":\"https:\/\/sandzakpress.net\/arhiva\/muftija-zukorlic-i-dr-mustafa-ef-ceric-posjetili-ipf-u-bihacu\/\",\"name\":\"Muftija Zukorli\u0107 i Dr. Mustafa ef. Ceri\u0107 posjetili IPF u Biha\u0107u\",\"isPartOf\":{\"@id\":\"https:\/\/sandzakpress.net\/arhiva\/#website\"},\"primaryImageOfPage\":{\"@id\":\"https:\/\/sandzakpress.net\/arhiva\/muftija-zukorlic-i-dr-mustafa-ef-ceric-posjetili-ipf-u-bihacu\/#primaryimage\"},\"image\":{\"@id\":\"https:\/\/sandzakpress.net\/arhiva\/muftija-zukorlic-i-dr-mustafa-ef-ceric-posjetili-ipf-u-bihacu\/#primaryimage\"},\"thumbnailUrl\":\"https:\/\/sandzakpress.net\/arhiva\/wp-content\/uploads\/2013\/07\/041.jpg\",\"datePublished\":\"2013-07-22T16:38:49+00:00\",\"dateModified\":\"2013-07-22T16:39:51+00:00\",\"breadcrumb\":{\"@id\":\"https:\/\/sandzakpress.net\/arhiva\/muftija-zukorlic-i-dr-mustafa-ef-ceric-posjetili-ipf-u-bihacu\/#breadcrumb\"},\"inLanguage\":\"bs-BA\",\"potentialAction\":[{\"@type\":\"ReadAction\",\"target\":[\"https:\/\/sandzakpress.net\/arhiva\/muftija-zukorlic-i-dr-mustafa-ef-ceric-posjetili-ipf-u-bihacu\/\"]}]},{\"@type\":\"ImageObject\",\"inLanguage\":\"bs-BA\",\"@id\":\"https:\/\/sandzakpress.net\/arhiva\/muftija-zukorlic-i-dr-mustafa-ef-ceric-posjetili-ipf-u-bihacu\/#primaryimage\",\"url\":\"https:\/\/sandzakpress.net\/arhiva\/wp-content\/uploads\/2013\/07\/041.jpg\",\"contentUrl\":\"https:\/\/sandzakpress.net\/arhiva\/wp-content\/uploads\/2013\/07\/041.jpg\",\"width\":616,\"height\":462},{\"@type\":\"BreadcrumbList\",\"@id\":\"https:\/\/sandzakpress.net\/arhiva\/muftija-zukorlic-i-dr-mustafa-ef-ceric-posjetili-ipf-u-bihacu\/#breadcrumb\",\"itemListElement\":[{\"@type\":\"ListItem\",\"position\":1,\"name\":\"Home\",\"item\":\"https:\/\/sandzakpress.net\/arhiva\/\"},{\"@type\":\"ListItem\",\"position\":2,\"name\":\"Muftija Zukorli\u0107 i Dr. Mustafa ef. Ceri\u0107 posjetili IPF u Biha\u0107u\"}]},{\"@type\":\"WebSite\",\"@id\":\"https:\/\/sandzakpress.net\/arhiva\/#website\",\"url\":\"https:\/\/sandzakpress.net\/arhiva\/\",\"name\":\"Sand\u017eak PRESS\",\"description\":\"Prve elektronske novine u Sand\u017eaku\",\"publisher\":{\"@id\":\"https:\/\/sandzakpress.net\/arhiva\/#\/schema\/person\/6e72b67d6e51910a1117b3b483ba20bd\"},\"potentialAction\":[{\"@type\":\"SearchAction\",\"target\":{\"@type\":\"EntryPoint\",\"urlTemplate\":\"https:\/\/sandzakpress.net\/arhiva\/?s={search_term_string}\"},\"query-input\":{\"@type\":\"PropertyValueSpecification\",\"valueRequired\":true,\"valueName\":\"search_term_string\"}}],\"inLanguage\":\"bs-BA\"},{\"@type\":[\"Person\",\"Organization\"],\"@id\":\"https:\/\/sandzakpress.net\/arhiva\/#\/schema\/person\/6e72b67d6e51910a1117b3b483ba20bd\",\"name\":\"Kul\",\"image\":{\"@type\":\"ImageObject\",\"inLanguage\":\"bs-BA\",\"@id\":\"https:\/\/sandzakpress.net\/arhiva\/#\/schema\/person\/image\/\",\"url\":\"https:\/\/secure.gravatar.com\/avatar\/42263f39aa27ac04c43cab85c280eb2e?s=96&d=mm&r=pg\",\"contentUrl\":\"https:\/\/secure.gravatar.com\/avatar\/42263f39aa27ac04c43cab85c280eb2e?s=96&d=mm&r=pg\",\"caption\":\"Kul\"},\"logo\":{\"@id\":\"https:\/\/sandzakpress.net\/arhiva\/#\/schema\/person\/image\/\"}},{\"@type\":\"Person\",\"@id\":\"https:\/\/sandzakpress.net\/arhiva\/#\/schema\/person\/c8baee722073534b583ea7bdb2e36c02\",\"name\":\"bosniak\",\"image\":{\"@type\":\"ImageObject\",\"inLanguage\":\"bs-BA\",\"@id\":\"https:\/\/sandzakpress.net\/arhiva\/#\/schema\/person\/image\/\",\"url\":\"https:\/\/secure.gravatar.com\/avatar\/a04fd330bfe3a36a72a0ad4a6d89fca7?s=96&d=mm&r=pg\",\"contentUrl\":\"https:\/\/secure.gravatar.com\/avatar\/a04fd330bfe3a36a72a0ad4a6d89fca7?s=96&d=mm&r=pg\",\"caption\":\"bosniak\"},\"url\":\"https:\/\/sandzakpress.net\/arhiva\/author\/bosniak\/\"}]}<\/script>\n<!-- \/ Yoast SEO Premium plugin. -->","yoast_head_json":{"title":"Muftija Zukorli\u0107 i Dr. Mustafa ef. Ceri\u0107 posjetili IPF u Biha\u0107u","robots":{"index":"index","follow":"follow","max-snippet":"max-snippet:-1","max-image-preview":"max-image-preview:large","max-video-preview":"max-video-preview:-1"},"canonical":"https:\/\/sandzakpress.net\/arhiva\/muftija-zukorlic-i-dr-mustafa-ef-ceric-posjetili-ipf-u-bihacu\/","og_locale":"bs_BA","og_type":"article","og_title":"Muftija Zukorli\u0107 i Dr. Mustafa ef. Ceri\u0107 posjetili IPF u Biha\u0107u","og_description":"BiH &#8211; U sklopu ramazanske posjete Bo\u0161njacima u Krajini, dr. Mustafa ef. Ceri\u0107 i muftija Muamer ef. Zukorli\u0107, posjetili su Islamski pedago\u0161ki fakultet u Biha\u0107u. Uprava na \u010delu sa dekanom prof. dr. Muharemom \u0160tulanovi\u0107em priredila je sve\u010dani do\u010dek uvijek rado vi\u0111enim gostima na ovoj visokoobrazovnoj ustanovi. \u201eVe\u010deras smo svi sretni ukazanom nam posjetom od strane [&hellip;]","og_url":"https:\/\/sandzakpress.net\/arhiva\/muftija-zukorlic-i-dr-mustafa-ef-ceric-posjetili-ipf-u-bihacu\/","og_site_name":"Sand\u017eak PRESS","article_published_time":"2013-07-22T16:38:49+00:00","article_modified_time":"2013-07-22T16:39:51+00:00","og_image":[{"width":616,"height":462,"url":"https:\/\/sandzakpress.net\/arhiva\/wp-content\/uploads\/2013\/07\/041.jpg","type":"image\/jpeg"}],"author":"bosniak","twitter_card":"summary_large_image","twitter_misc":{"Written by":"bosniak","Est. reading time":"2 minute"},"schema":{"@context":"https:\/\/schema.org","@graph":[{"@type":"Article","@id":"https:\/\/sandzakpress.net\/arhiva\/muftija-zukorlic-i-dr-mustafa-ef-ceric-posjetili-ipf-u-bihacu\/#article","isPartOf":{"@id":"https:\/\/sandzakpress.net\/arhiva\/muftija-zukorlic-i-dr-mustafa-ef-ceric-posjetili-ipf-u-bihacu\/"},"author":{"name":"bosniak","@id":"https:\/\/sandzakpress.net\/arhiva\/#\/schema\/person\/c8baee722073534b583ea7bdb2e36c02"},"headline":"Muftija Zukorli\u0107 i Dr. Mustafa ef. Ceri\u0107 posjetili IPF u Biha\u0107u","datePublished":"2013-07-22T16:38:49+00:00","dateModified":"2013-07-22T16:39:51+00:00","mainEntityOfPage":{"@id":"https:\/\/sandzakpress.net\/arhiva\/muftija-zukorlic-i-dr-mustafa-ef-ceric-posjetili-ipf-u-bihacu\/"},"wordCount":491,"commentCount":1,"publisher":{"@id":"https:\/\/sandzakpress.net\/arhiva\/#\/schema\/person\/6e72b67d6e51910a1117b3b483ba20bd"},"image":{"@id":"https:\/\/sandzakpress.net\/arhiva\/muftija-zukorlic-i-dr-mustafa-ef-ceric-posjetili-ipf-u-bihacu\/#primaryimage"},"thumbnailUrl":"https:\/\/sandzakpress.net\/arhiva\/wp-content\/uploads\/2013\/07\/041.jpg","keywords":["muftija Muamer Zukorli\u0107","Svjetski bo\u0161nja\u010dki kongres","Dr. Mustafa Ceri\u0107"],"articleSection":["Novi Pazar","Nacija","Bosna i Hercegovina","VIJESTI DANA"],"inLanguage":"bs-BA","potentialAction":[{"@type":"CommentAction","name":"Comment","target":["https:\/\/sandzakpress.net\/arhiva\/muftija-zukorlic-i-dr-mustafa-ef-ceric-posjetili-ipf-u-bihacu\/#respond"]}]},{"@type":"WebPage","@id":"https:\/\/sandzakpress.net\/arhiva\/muftija-zukorlic-i-dr-mustafa-ef-ceric-posjetili-ipf-u-bihacu\/","url":"https:\/\/sandzakpress.net\/arhiva\/muftija-zukorlic-i-dr-mustafa-ef-ceric-posjetili-ipf-u-bihacu\/","name":"Muftija Zukorli\u0107 i Dr. Mustafa ef. Ceri\u0107 posjetili IPF u Biha\u0107u","isPartOf":{"@id":"https:\/\/sandzakpress.net\/arhiva\/#website"},"primaryImageOfPage":{"@id":"https:\/\/sandzakpress.net\/arhiva\/muftija-zukorlic-i-dr-mustafa-ef-ceric-posjetili-ipf-u-bihacu\/#primaryimage"},"image":{"@id":"https:\/\/sandzakpress.net\/arhiva\/muftija-zukorlic-i-dr-mustafa-ef-ceric-posjetili-ipf-u-bihacu\/#primaryimage"},"thumbnailUrl":"https:\/\/sandzakpress.net\/arhiva\/wp-content\/uploads\/2013\/07\/041.jpg","datePublished":"2013-07-22T16:38:49+00:00","dateModified":"2013-07-22T16:39:51+00:00","breadcrumb":{"@id":"https:\/\/sandzakpress.net\/arhiva\/muftija-zukorlic-i-dr-mustafa-ef-ceric-posjetili-ipf-u-bihacu\/#breadcrumb"},"inLanguage":"bs-BA","potentialAction":[{"@type":"ReadAction","target":["https:\/\/sandzakpress.net\/arhiva\/muftija-zukorlic-i-dr-mustafa-ef-ceric-posjetili-ipf-u-bihacu\/"]}]},{"@type":"ImageObject","inLanguage":"bs-BA","@id":"https:\/\/sandzakpress.net\/arhiva\/muftija-zukorlic-i-dr-mustafa-ef-ceric-posjetili-ipf-u-bihacu\/#primaryimage","url":"https:\/\/sandzakpress.net\/arhiva\/wp-content\/uploads\/2013\/07\/041.jpg","contentUrl":"https:\/\/sandzakpress.net\/arhiva\/wp-content\/uploads\/2013\/07\/041.jpg","width":616,"height":462},{"@type":"BreadcrumbList","@id":"https:\/\/sandzakpress.net\/arhiva\/muftija-zukorlic-i-dr-mustafa-ef-ceric-posjetili-ipf-u-bihacu\/#breadcrumb","itemListElement":[{"@type":"ListItem","position":1,"name":"Home","item":"https:\/\/sandzakpress.net\/arhiva\/"},{"@type":"ListItem","position":2,"name":"Muftija Zukorli\u0107 i Dr. Mustafa ef. Ceri\u0107 posjetili IPF u Biha\u0107u"}]},{"@type":"WebSite","@id":"https:\/\/sandzakpress.net\/arhiva\/#website","url":"https:\/\/sandzakpress.net\/arhiva\/","name":"Sand\u017eak PRESS","description":"Prve elektronske novine u Sand\u017eaku","publisher":{"@id":"https:\/\/sandzakpress.net\/arhiva\/#\/schema\/person\/6e72b67d6e51910a1117b3b483ba20bd"},"potentialAction":[{"@type":"SearchAction","target":{"@type":"EntryPoint","urlTemplate":"https:\/\/sandzakpress.net\/arhiva\/?s={search_term_string}"},"query-input":{"@type":"PropertyValueSpecification","valueRequired":true,"valueName":"search_term_string"}}],"inLanguage":"bs-BA"},{"@type":["Person","Organization"],"@id":"https:\/\/sandzakpress.net\/arhiva\/#\/schema\/person\/6e72b67d6e51910a1117b3b483ba20bd","name":"Kul","image":{"@type":"ImageObject","inLanguage":"bs-BA","@id":"https:\/\/sandzakpress.net\/arhiva\/#\/schema\/person\/image\/","url":"https:\/\/secure.gravatar.com\/avatar\/42263f39aa27ac04c43cab85c280eb2e?s=96&d=mm&r=pg","contentUrl":"https:\/\/secure.gravatar.com\/avatar\/42263f39aa27ac04c43cab85c280eb2e?s=96&d=mm&r=pg","caption":"Kul"},"logo":{"@id":"https:\/\/sandzakpress.net\/arhiva\/#\/schema\/person\/image\/"}},{"@type":"Person","@id":"https:\/\/sandzakpress.net\/arhiva\/#\/schema\/person\/c8baee722073534b583ea7bdb2e36c02","name":"bosniak","image":{"@type":"ImageObject","inLanguage":"bs-BA","@id":"https:\/\/sandzakpress.net\/arhiva\/#\/schema\/person\/image\/","url":"https:\/\/secure.gravatar.com\/avatar\/a04fd330bfe3a36a72a0ad4a6d89fca7?s=96&d=mm&r=pg","contentUrl":"https:\/\/secure.gravatar.com\/avatar\/a04fd330bfe3a36a72a0ad4a6d89fca7?s=96&d=mm&r=pg","caption":"bosniak"},"url":"https:\/\/sandzakpress.net\/arhiva\/author\/bosniak\/"}]}},"_links":{"self":[{"href":"https:\/\/sandzakpress.net\/arhiva\/wp-json\/wp\/v2\/posts\/82578"}],"collection":[{"href":"https:\/\/sandzakpress.net\/arhiva\/wp-json\/wp\/v2\/posts"}],"about":[{"href":"https:\/\/sandzakpress.net\/arhiva\/wp-json\/wp\/v2\/types\/post"}],"author":[{"embeddable":true,"href":"https:\/\/sandzakpress.net\/arhiva\/wp-json\/wp\/v2\/users\/83"}],"replies":[{"embeddable":true,"href":"https:\/\/sandzakpress.net\/arhiva\/wp-json\/wp\/v2\/comments?post=82578"}],"version-history":[{"count":0,"href":"https:\/\/sandzakpress.net\/arhiva\/wp-json\/wp\/v2\/posts\/82578\/revisions"}],"wp:featuredmedia":[{"embeddable":true,"href":"https:\/\/sandzakpress.net\/arhiva\/wp-json\/wp\/v2\/media\/82580"}],"wp:attachment":[{"href":"https:\/\/sandzakpress.net\/arhiva\/wp-json\/wp\/v2\/media?parent=82578"}],"wp:term":[{"taxonomy":"category","embeddable":true,"href":"https:\/\/sandzakpress.net\/arhiva\/wp-json\/wp\/v2\/categories?post=82578"},{"taxonomy":"post_tag","embeddable":true,"href":"https:\/\/sandzakpress.net\/arhiva\/wp-json\/wp\/v2\/tags?post=82578"}],"curies":[{"name":"wp","href":"https:\/\/api.w.org\/{rel}","templated":true}]}}