{"id":8257,"date":"2010-09-18T08:28:06","date_gmt":"2010-09-18T08:28:06","guid":{"rendered":"https:\/\/sandzakpress.net\/arhiva\/?p=8257"},"modified":"2010-09-18T08:28:06","modified_gmt":"2010-09-18T08:28:06","slug":"uhapsen-cecenski-lider-zakajev","status":"publish","type":"post","link":"https:\/\/sandzakpress.net\/arhiva\/uhapsen-cecenski-lider-zakajev\/","title":{"rendered":"Uhap\u0161en \u010de\u010denski lider Zakajev"},"content":{"rendered":"<p><strong><a href=\"https:\/\/sandzakpress.net\/arhiva\/wp-content\/uploads\/2010\/09\/17zakajev.jpg\"><img loading=\"lazy\" decoding=\"async\" class=\"alignleft size-medium wp-image-8258\" title=\"17zakajev\" src=\"https:\/\/sandzakpress.net\/arhiva\/wp-content\/uploads\/2010\/09\/17zakajev-300x196.jpg\" alt=\"\" width=\"300\" height=\"196\" \/><\/a>\u010ce\u010denija &#8211; Poljska policija uhapsila je ju\u010der u Var\u0161avi \u010de\u010denskog lidera, predsjednika vlade u egzilu Ahmeda Zakajeva, na osnovu me\u0111unarodne potjernice koju je za njim raspisala Rusija. Zakajev je uhap\u0161en na ulici ispred hotela a policija ga je odvezla u nadle\u017eno tu\u017eila\u0161tvo u poljskoj prijestolnici.<\/strong><\/p>\n<p>Premijer nepriznate nezavisne republike I\u010dkerije, kome je ina\u010de azil odobrila Velika Britanija, u Poljsku je stigao sa uredno odborenom poljskom vizom na 3. kongres \u010de\u010denske dijaspore i danas je u Pultusku kraj Var\u0161ave, gdje se od ju\u010der odr\u017eava kongres, trebalo da bude jedan od glavnih govornika.<\/p>\n<p>Ruske vlasti upozorile su ve\u0107 sredinom nedjelje da \u0107e zahtijevati da poljske vlasti Zakajeva uhapse i izru\u010de ga Rusiji ukoliko se pojavi na kongresu, jer ga sumnji\u010de da je umije\u0161an u teroristi\u010dke napade u \u010ce\u010deniji i Rusiji, izme\u0111u ostalog i u napad na moskovsko pozori\u0161te Dubrovka 2004. godine.<\/p>\n<p>Zakajev je najavio da \u0107e ujutro sam po\u0107i u tu\u017eila\u0161tvo, kako je kazao u intervjuu za \u017de\u010dpospolitu, da pita za\u0161to odjednom u Poljskoj, u kojoj je bio ve\u0107 \u010detiri puta ove godine odjednom, treba da se osje\u0107a kao progonjena divlja\u010d i kriminalac kome prijeti hap\u0161enje. Policija ga je jutros preduhitrila i uhapsila na ulici ispred hotela, jo\u0161 prije nego \u0161to je stigao da u\u0111e u kola i krene sam u tu\u017eila\u0161tvo.<\/p>\n<p>Iako su ruski zvani\u010dnici, \u0161ef diplomatije Sergej Lavrov i novi ruski ambasador Aleksandar Aleksejev, uo\u010di dolaska \u010de\u010denskog lidera upozorili Var\u0161avu da o\u010dekuju da on bude uhap\u0161en i izru\u010den, poljski premijer Donald Tusk kazao je ju\u010der a ponovio i jutros da Poljska ne\u0107e ispunjavati takve narud\u017ebine iz Rusije.<\/p>\n<p>Premijer Tusk upozorio je da poljske vlasti moraju da reaguju na poternicu Interpola i Zakajeva uhapse, ali da to ne zna\u010di da \u0107e on zaista biti izru\u010den. &#8220;Poljska tu vodi dosljedno autonomnu politiku. Odluku o Zakajevu donijet \u0107emo vode\u0107i ra\u010duna o na\u0161em interesu i o tome \u0161ta je pristojno i pravedno&#8221;, kazao je Tusk poljskom radiju.<\/p>\n<p>Sam Zakajev podsjetio je u intervjuu \u017de\u010dpospoliti da je hap\u0161en u Evropskoj uniji samo jednom, tako\u0111er na Svjetskom kongresu \u010de\u010denske dijaspore 2002. godine u Danskoj, ali je pu\u0161ten, a otkako mu je Velika Britanija 2003. godine odobrila azil i predstavnici Interpola potvrdili su da ne mogu vi\u0161e da ga gone, po\u0161to ga kao azilanta \u0161titi \u017denevska konvencija.<\/p>\n<p>Ahmed Zakajev je bliski saradnik trojice ve\u0107 mrtvih predsjednika separatisti\u010dke \u010ce\u010denije &#8211; D\u017eohara Dudajeva, Zelimhana Jandarbijeva i Aslana Mashadova.<\/p>\n<p>Rusko dr\u017eavno tu\u017eila\u0161tvo priprema zahtjev poljskim vlastima za ekstradiciju \u010de\u010denskog separatiste Ahmeda Zakajeva, saop\u0161tilo je tu\u017eila\u0161tvo. &#8220;U vezi s hap\u0161enjem Zakajeva na teritoriji Poljske, u skladu sa Evropskom konvencijom o ekstradiciji, Dr\u017eavno tu\u017eila\u0161tvo Rusije priprema dokumenta koja \u0107e na poljskom jeziku biti upu\u0107ena kompetentnim organima Poljske kako bi rije\u0161ili pitanje njegovog izru\u010denja Rusiji&#8221;, rekla je predstavnica tu\u017eila\u0161tva Marina Gridnjeva, prenosi Beta. Portparol ruskog Ministarstva spoljnih poslova Andrej Nesterenko izjavio je da je to ministarstvo u stalnom kontaktu s poljskim vlastima povodom hap\u0161enja Zakajeva.<\/p>\n<p>Izvor: <strong>Glas-Javnosti.rs<\/strong><\/p>\n","protected":false},"excerpt":{"rendered":"<p>\u010ce\u010denija &#8211; Poljska policija uhapsila je ju\u010der u Var\u0161avi \u010de\u010denskog lidera, predsjednika vlade u egzilu Ahmeda Zakajeva, na osnovu me\u0111unarodne potjernice koju je za njim raspisala Rusija. Zakajev je uhap\u0161en na ulici ispred hotela a policija ga je odvezla u nadle\u017eno tu\u017eila\u0161tvo u poljskoj prijestolnici. Premijer nepriznate nezavisne republike I\u010dkerije, kome je ina\u010de azil odobrila [&hellip;]<\/p>\n","protected":false},"author":83,"featured_media":8258,"comment_status":"open","ping_status":"open","sticky":false,"template":"","format":"standard","meta":{"footnotes":""},"categories":[9],"tags":[],"class_list":{"0":"post-8257","1":"post","2":"type-post","3":"status-publish","4":"format-standard","5":"has-post-thumbnail","7":"category-svijet"},"yoast_head":"<!-- This site is optimized with the Yoast SEO Premium plugin v23.1 (Yoast SEO v24.9) - https:\/\/yoast.com\/wordpress\/plugins\/seo\/ -->\n<title>Uhap\u0161en \u010de\u010denski lider Zakajev<\/title>\n<meta name=\"robots\" content=\"index, follow, max-snippet:-1, max-image-preview:large, max-video-preview:-1\" \/>\n<link rel=\"canonical\" href=\"https:\/\/sandzakpress.net\/arhiva\/uhapsen-cecenski-lider-zakajev\/\" \/>\n<meta property=\"og:locale\" content=\"bs_BA\" \/>\n<meta property=\"og:type\" content=\"article\" \/>\n<meta property=\"og:title\" content=\"Uhap\u0161en \u010de\u010denski lider Zakajev\" \/>\n<meta property=\"og:description\" content=\"\u010ce\u010denija &#8211; Poljska policija uhapsila je ju\u010der u Var\u0161avi \u010de\u010denskog lidera, predsjednika vlade u egzilu Ahmeda Zakajeva, na osnovu me\u0111unarodne potjernice koju je za njim raspisala Rusija. Zakajev je uhap\u0161en na ulici ispred hotela a policija ga je odvezla u nadle\u017eno tu\u017eila\u0161tvo u poljskoj prijestolnici. Premijer nepriznate nezavisne republike I\u010dkerije, kome je ina\u010de azil odobrila [&hellip;]\" \/>\n<meta property=\"og:url\" content=\"https:\/\/sandzakpress.net\/arhiva\/uhapsen-cecenski-lider-zakajev\/\" \/>\n<meta property=\"og:site_name\" content=\"Sand\u017eak PRESS\" \/>\n<meta property=\"article:published_time\" content=\"2010-09-18T08:28:06+00:00\" \/>\n<meta property=\"og:image\" content=\"https:\/\/sandzakpress.net\/arhiva\/wp-content\/uploads\/2010\/09\/17zakajev.jpg\" \/>\n\t<meta property=\"og:image:width\" content=\"350\" \/>\n\t<meta property=\"og:image:height\" content=\"229\" \/>\n\t<meta property=\"og:image:type\" content=\"image\/jpeg\" \/>\n<meta name=\"author\" content=\"bosniak\" \/>\n<meta name=\"twitter:card\" content=\"summary_large_image\" \/>\n<meta name=\"twitter:label1\" content=\"Written by\" \/>\n\t<meta name=\"twitter:data1\" content=\"bosniak\" \/>\n\t<meta name=\"twitter:label2\" content=\"Est. reading time\" \/>\n\t<meta name=\"twitter:data2\" content=\"3 minute\" \/>\n<script type=\"application\/ld+json\" class=\"yoast-schema-graph\">{\"@context\":\"https:\/\/schema.org\",\"@graph\":[{\"@type\":\"Article\",\"@id\":\"https:\/\/sandzakpress.net\/arhiva\/uhapsen-cecenski-lider-zakajev\/#article\",\"isPartOf\":{\"@id\":\"https:\/\/sandzakpress.net\/arhiva\/uhapsen-cecenski-lider-zakajev\/\"},\"author\":{\"name\":\"bosniak\",\"@id\":\"https:\/\/sandzakpress.net\/arhiva\/#\/schema\/person\/c8baee722073534b583ea7bdb2e36c02\"},\"headline\":\"Uhap\u0161en \u010de\u010denski lider Zakajev\",\"datePublished\":\"2010-09-18T08:28:06+00:00\",\"mainEntityOfPage\":{\"@id\":\"https:\/\/sandzakpress.net\/arhiva\/uhapsen-cecenski-lider-zakajev\/\"},\"wordCount\":551,\"commentCount\":0,\"publisher\":{\"@id\":\"https:\/\/sandzakpress.net\/arhiva\/#\/schema\/person\/6e72b67d6e51910a1117b3b483ba20bd\"},\"image\":{\"@id\":\"https:\/\/sandzakpress.net\/arhiva\/uhapsen-cecenski-lider-zakajev\/#primaryimage\"},\"thumbnailUrl\":\"https:\/\/sandzakpress.net\/arhiva\/wp-content\/uploads\/2010\/09\/17zakajev.jpg\",\"articleSection\":[\"Svijet\"],\"inLanguage\":\"bs-BA\",\"potentialAction\":[{\"@type\":\"CommentAction\",\"name\":\"Comment\",\"target\":[\"https:\/\/sandzakpress.net\/arhiva\/uhapsen-cecenski-lider-zakajev\/#respond\"]}]},{\"@type\":\"WebPage\",\"@id\":\"https:\/\/sandzakpress.net\/arhiva\/uhapsen-cecenski-lider-zakajev\/\",\"url\":\"https:\/\/sandzakpress.net\/arhiva\/uhapsen-cecenski-lider-zakajev\/\",\"name\":\"Uhap\u0161en \u010de\u010denski lider Zakajev\",\"isPartOf\":{\"@id\":\"https:\/\/sandzakpress.net\/arhiva\/#website\"},\"primaryImageOfPage\":{\"@id\":\"https:\/\/sandzakpress.net\/arhiva\/uhapsen-cecenski-lider-zakajev\/#primaryimage\"},\"image\":{\"@id\":\"https:\/\/sandzakpress.net\/arhiva\/uhapsen-cecenski-lider-zakajev\/#primaryimage\"},\"thumbnailUrl\":\"https:\/\/sandzakpress.net\/arhiva\/wp-content\/uploads\/2010\/09\/17zakajev.jpg\",\"datePublished\":\"2010-09-18T08:28:06+00:00\",\"breadcrumb\":{\"@id\":\"https:\/\/sandzakpress.net\/arhiva\/uhapsen-cecenski-lider-zakajev\/#breadcrumb\"},\"inLanguage\":\"bs-BA\",\"potentialAction\":[{\"@type\":\"ReadAction\",\"target\":[\"https:\/\/sandzakpress.net\/arhiva\/uhapsen-cecenski-lider-zakajev\/\"]}]},{\"@type\":\"ImageObject\",\"inLanguage\":\"bs-BA\",\"@id\":\"https:\/\/sandzakpress.net\/arhiva\/uhapsen-cecenski-lider-zakajev\/#primaryimage\",\"url\":\"https:\/\/sandzakpress.net\/arhiva\/wp-content\/uploads\/2010\/09\/17zakajev.jpg\",\"contentUrl\":\"https:\/\/sandzakpress.net\/arhiva\/wp-content\/uploads\/2010\/09\/17zakajev.jpg\",\"width\":350,\"height\":229},{\"@type\":\"BreadcrumbList\",\"@id\":\"https:\/\/sandzakpress.net\/arhiva\/uhapsen-cecenski-lider-zakajev\/#breadcrumb\",\"itemListElement\":[{\"@type\":\"ListItem\",\"position\":1,\"name\":\"Home\",\"item\":\"https:\/\/sandzakpress.net\/arhiva\/\"},{\"@type\":\"ListItem\",\"position\":2,\"name\":\"Uhap\u0161en \u010de\u010denski lider Zakajev\"}]},{\"@type\":\"WebSite\",\"@id\":\"https:\/\/sandzakpress.net\/arhiva\/#website\",\"url\":\"https:\/\/sandzakpress.net\/arhiva\/\",\"name\":\"Sand\u017eak PRESS\",\"description\":\"Prve elektronske novine u Sand\u017eaku\",\"publisher\":{\"@id\":\"https:\/\/sandzakpress.net\/arhiva\/#\/schema\/person\/6e72b67d6e51910a1117b3b483ba20bd\"},\"potentialAction\":[{\"@type\":\"SearchAction\",\"target\":{\"@type\":\"EntryPoint\",\"urlTemplate\":\"https:\/\/sandzakpress.net\/arhiva\/?s={search_term_string}\"},\"query-input\":{\"@type\":\"PropertyValueSpecification\",\"valueRequired\":true,\"valueName\":\"search_term_string\"}}],\"inLanguage\":\"bs-BA\"},{\"@type\":[\"Person\",\"Organization\"],\"@id\":\"https:\/\/sandzakpress.net\/arhiva\/#\/schema\/person\/6e72b67d6e51910a1117b3b483ba20bd\",\"name\":\"Kul\",\"image\":{\"@type\":\"ImageObject\",\"inLanguage\":\"bs-BA\",\"@id\":\"https:\/\/sandzakpress.net\/arhiva\/#\/schema\/person\/image\/\",\"url\":\"https:\/\/secure.gravatar.com\/avatar\/42263f39aa27ac04c43cab85c280eb2e?s=96&d=mm&r=pg\",\"contentUrl\":\"https:\/\/secure.gravatar.com\/avatar\/42263f39aa27ac04c43cab85c280eb2e?s=96&d=mm&r=pg\",\"caption\":\"Kul\"},\"logo\":{\"@id\":\"https:\/\/sandzakpress.net\/arhiva\/#\/schema\/person\/image\/\"}},{\"@type\":\"Person\",\"@id\":\"https:\/\/sandzakpress.net\/arhiva\/#\/schema\/person\/c8baee722073534b583ea7bdb2e36c02\",\"name\":\"bosniak\",\"image\":{\"@type\":\"ImageObject\",\"inLanguage\":\"bs-BA\",\"@id\":\"https:\/\/sandzakpress.net\/arhiva\/#\/schema\/person\/image\/\",\"url\":\"https:\/\/secure.gravatar.com\/avatar\/a04fd330bfe3a36a72a0ad4a6d89fca7?s=96&d=mm&r=pg\",\"contentUrl\":\"https:\/\/secure.gravatar.com\/avatar\/a04fd330bfe3a36a72a0ad4a6d89fca7?s=96&d=mm&r=pg\",\"caption\":\"bosniak\"},\"url\":\"https:\/\/sandzakpress.net\/arhiva\/author\/bosniak\/\"}]}<\/script>\n<!-- \/ Yoast SEO Premium plugin. -->","yoast_head_json":{"title":"Uhap\u0161en \u010de\u010denski lider Zakajev","robots":{"index":"index","follow":"follow","max-snippet":"max-snippet:-1","max-image-preview":"max-image-preview:large","max-video-preview":"max-video-preview:-1"},"canonical":"https:\/\/sandzakpress.net\/arhiva\/uhapsen-cecenski-lider-zakajev\/","og_locale":"bs_BA","og_type":"article","og_title":"Uhap\u0161en \u010de\u010denski lider Zakajev","og_description":"\u010ce\u010denija &#8211; Poljska policija uhapsila je ju\u010der u Var\u0161avi \u010de\u010denskog lidera, predsjednika vlade u egzilu Ahmeda Zakajeva, na osnovu me\u0111unarodne potjernice koju je za njim raspisala Rusija. Zakajev je uhap\u0161en na ulici ispred hotela a policija ga je odvezla u nadle\u017eno tu\u017eila\u0161tvo u poljskoj prijestolnici. Premijer nepriznate nezavisne republike I\u010dkerije, kome je ina\u010de azil odobrila [&hellip;]","og_url":"https:\/\/sandzakpress.net\/arhiva\/uhapsen-cecenski-lider-zakajev\/","og_site_name":"Sand\u017eak PRESS","article_published_time":"2010-09-18T08:28:06+00:00","og_image":[{"width":350,"height":229,"url":"https:\/\/sandzakpress.net\/arhiva\/wp-content\/uploads\/2010\/09\/17zakajev.jpg","type":"image\/jpeg"}],"author":"bosniak","twitter_card":"summary_large_image","twitter_misc":{"Written by":"bosniak","Est. reading time":"3 minute"},"schema":{"@context":"https:\/\/schema.org","@graph":[{"@type":"Article","@id":"https:\/\/sandzakpress.net\/arhiva\/uhapsen-cecenski-lider-zakajev\/#article","isPartOf":{"@id":"https:\/\/sandzakpress.net\/arhiva\/uhapsen-cecenski-lider-zakajev\/"},"author":{"name":"bosniak","@id":"https:\/\/sandzakpress.net\/arhiva\/#\/schema\/person\/c8baee722073534b583ea7bdb2e36c02"},"headline":"Uhap\u0161en \u010de\u010denski lider Zakajev","datePublished":"2010-09-18T08:28:06+00:00","mainEntityOfPage":{"@id":"https:\/\/sandzakpress.net\/arhiva\/uhapsen-cecenski-lider-zakajev\/"},"wordCount":551,"commentCount":0,"publisher":{"@id":"https:\/\/sandzakpress.net\/arhiva\/#\/schema\/person\/6e72b67d6e51910a1117b3b483ba20bd"},"image":{"@id":"https:\/\/sandzakpress.net\/arhiva\/uhapsen-cecenski-lider-zakajev\/#primaryimage"},"thumbnailUrl":"https:\/\/sandzakpress.net\/arhiva\/wp-content\/uploads\/2010\/09\/17zakajev.jpg","articleSection":["Svijet"],"inLanguage":"bs-BA","potentialAction":[{"@type":"CommentAction","name":"Comment","target":["https:\/\/sandzakpress.net\/arhiva\/uhapsen-cecenski-lider-zakajev\/#respond"]}]},{"@type":"WebPage","@id":"https:\/\/sandzakpress.net\/arhiva\/uhapsen-cecenski-lider-zakajev\/","url":"https:\/\/sandzakpress.net\/arhiva\/uhapsen-cecenski-lider-zakajev\/","name":"Uhap\u0161en \u010de\u010denski lider Zakajev","isPartOf":{"@id":"https:\/\/sandzakpress.net\/arhiva\/#website"},"primaryImageOfPage":{"@id":"https:\/\/sandzakpress.net\/arhiva\/uhapsen-cecenski-lider-zakajev\/#primaryimage"},"image":{"@id":"https:\/\/sandzakpress.net\/arhiva\/uhapsen-cecenski-lider-zakajev\/#primaryimage"},"thumbnailUrl":"https:\/\/sandzakpress.net\/arhiva\/wp-content\/uploads\/2010\/09\/17zakajev.jpg","datePublished":"2010-09-18T08:28:06+00:00","breadcrumb":{"@id":"https:\/\/sandzakpress.net\/arhiva\/uhapsen-cecenski-lider-zakajev\/#breadcrumb"},"inLanguage":"bs-BA","potentialAction":[{"@type":"ReadAction","target":["https:\/\/sandzakpress.net\/arhiva\/uhapsen-cecenski-lider-zakajev\/"]}]},{"@type":"ImageObject","inLanguage":"bs-BA","@id":"https:\/\/sandzakpress.net\/arhiva\/uhapsen-cecenski-lider-zakajev\/#primaryimage","url":"https:\/\/sandzakpress.net\/arhiva\/wp-content\/uploads\/2010\/09\/17zakajev.jpg","contentUrl":"https:\/\/sandzakpress.net\/arhiva\/wp-content\/uploads\/2010\/09\/17zakajev.jpg","width":350,"height":229},{"@type":"BreadcrumbList","@id":"https:\/\/sandzakpress.net\/arhiva\/uhapsen-cecenski-lider-zakajev\/#breadcrumb","itemListElement":[{"@type":"ListItem","position":1,"name":"Home","item":"https:\/\/sandzakpress.net\/arhiva\/"},{"@type":"ListItem","position":2,"name":"Uhap\u0161en \u010de\u010denski lider Zakajev"}]},{"@type":"WebSite","@id":"https:\/\/sandzakpress.net\/arhiva\/#website","url":"https:\/\/sandzakpress.net\/arhiva\/","name":"Sand\u017eak PRESS","description":"Prve elektronske novine u Sand\u017eaku","publisher":{"@id":"https:\/\/sandzakpress.net\/arhiva\/#\/schema\/person\/6e72b67d6e51910a1117b3b483ba20bd"},"potentialAction":[{"@type":"SearchAction","target":{"@type":"EntryPoint","urlTemplate":"https:\/\/sandzakpress.net\/arhiva\/?s={search_term_string}"},"query-input":{"@type":"PropertyValueSpecification","valueRequired":true,"valueName":"search_term_string"}}],"inLanguage":"bs-BA"},{"@type":["Person","Organization"],"@id":"https:\/\/sandzakpress.net\/arhiva\/#\/schema\/person\/6e72b67d6e51910a1117b3b483ba20bd","name":"Kul","image":{"@type":"ImageObject","inLanguage":"bs-BA","@id":"https:\/\/sandzakpress.net\/arhiva\/#\/schema\/person\/image\/","url":"https:\/\/secure.gravatar.com\/avatar\/42263f39aa27ac04c43cab85c280eb2e?s=96&d=mm&r=pg","contentUrl":"https:\/\/secure.gravatar.com\/avatar\/42263f39aa27ac04c43cab85c280eb2e?s=96&d=mm&r=pg","caption":"Kul"},"logo":{"@id":"https:\/\/sandzakpress.net\/arhiva\/#\/schema\/person\/image\/"}},{"@type":"Person","@id":"https:\/\/sandzakpress.net\/arhiva\/#\/schema\/person\/c8baee722073534b583ea7bdb2e36c02","name":"bosniak","image":{"@type":"ImageObject","inLanguage":"bs-BA","@id":"https:\/\/sandzakpress.net\/arhiva\/#\/schema\/person\/image\/","url":"https:\/\/secure.gravatar.com\/avatar\/a04fd330bfe3a36a72a0ad4a6d89fca7?s=96&d=mm&r=pg","contentUrl":"https:\/\/secure.gravatar.com\/avatar\/a04fd330bfe3a36a72a0ad4a6d89fca7?s=96&d=mm&r=pg","caption":"bosniak"},"url":"https:\/\/sandzakpress.net\/arhiva\/author\/bosniak\/"}]}},"_links":{"self":[{"href":"https:\/\/sandzakpress.net\/arhiva\/wp-json\/wp\/v2\/posts\/8257"}],"collection":[{"href":"https:\/\/sandzakpress.net\/arhiva\/wp-json\/wp\/v2\/posts"}],"about":[{"href":"https:\/\/sandzakpress.net\/arhiva\/wp-json\/wp\/v2\/types\/post"}],"author":[{"embeddable":true,"href":"https:\/\/sandzakpress.net\/arhiva\/wp-json\/wp\/v2\/users\/83"}],"replies":[{"embeddable":true,"href":"https:\/\/sandzakpress.net\/arhiva\/wp-json\/wp\/v2\/comments?post=8257"}],"version-history":[{"count":0,"href":"https:\/\/sandzakpress.net\/arhiva\/wp-json\/wp\/v2\/posts\/8257\/revisions"}],"wp:featuredmedia":[{"embeddable":true,"href":"https:\/\/sandzakpress.net\/arhiva\/wp-json\/wp\/v2\/media\/8258"}],"wp:attachment":[{"href":"https:\/\/sandzakpress.net\/arhiva\/wp-json\/wp\/v2\/media?parent=8257"}],"wp:term":[{"taxonomy":"category","embeddable":true,"href":"https:\/\/sandzakpress.net\/arhiva\/wp-json\/wp\/v2\/categories?post=8257"},{"taxonomy":"post_tag","embeddable":true,"href":"https:\/\/sandzakpress.net\/arhiva\/wp-json\/wp\/v2\/tags?post=8257"}],"curies":[{"name":"wp","href":"https:\/\/api.w.org\/{rel}","templated":true}]}}