{"id":82561,"date":"2013-07-22T17:09:49","date_gmt":"2013-07-22T15:09:49","guid":{"rendered":"https:\/\/sandzakpress.net\/arhiva\/?p=82561"},"modified":"2013-07-22T18:03:34","modified_gmt":"2013-07-22T16:03:34","slug":"berane-vlast-nagradila-potomke-koji-su-pocinili-genocid-na-muslimanima-berana-plava-i-gusinja","status":"publish","type":"post","link":"https:\/\/sandzakpress.net\/arhiva\/berane-vlast-nagradila-potomke-koji-su-pocinili-genocid-na-muslimanima-berana-plava-i-gusinja\/","title":{"rendered":"Berane: Vlast nagradila potomke onih koji su po\u010dinili genocid na muslimanima Berana, Plava i Gusinja"},"content":{"rendered":"<div>\n<p><a href=\"https:\/\/sandzakpress.net\/arhiva\/berane-vlast-nagradila-potomke-koji-su-pocinili-genocid-na-muslimanima-berana-plava-i-gusinja\/dscn0129\" rel=\"attachment wp-att-82562\"><img loading=\"lazy\" decoding=\"async\" class=\"aligncenter size-full wp-image-82562\" alt=\"DSCN0129\" src=\"https:\/\/sandzakpress.net\/arhiva\/wp-content\/uploads\/2013\/07\/DSCN0129.jpg\" width=\"616\" height=\"462\" \/><\/a><\/p>\n<p><strong>Ju\u017eni Sand\u017eak &#8211; Crnogorski predsednik Filip Vujanovi\u0107 nije prihvatio zahtjev reisa Islamske zajednice Rifata Fejzi\u0107a da ne prisustvuje dana\u0161njoj dodjeli priznanja op\u0161tine Berane Udru\u017eenju ratnih dobrovoljaca 1912-1918, ali je osudio zlo\u010dine nad gra\u0111anima islamske vjeroispovesti na sjeveru Crne Gore, po\u010detkom pro\u0161log vijeka.<\/strong><\/p>\n<\/div>\n<p>Fejzi\u0107 je zatra\u017eio od op\u0161tine Berane da se preispita odluka o dodijeli priznanja Udru\u017eenju ratnih dobrovoljaca 1912-1918. godine, a od Vujanovi\u0107a da ne prisustvuje uru\u010denje nagrade, jer je u pitanju Udru\u017eenje \u010diji su pripadnici, kako je naveo, po\u010detkom pro\u0161log vijeka ubijali i nasilno pokr\u0161tavali stanovnike islamske veroispovesti u Plavu i Gusinju.<br \/>\nVujanovi\u0107 je novinarima, nakon \u0161to je prisustvovao sve\u010danoj sjednici op\u0161tine Berane, kazao da se na podru\u010dju Plava i Gusinja po\u010detkom pro\u0161log vijeka dogodio stravi\u010dan zlo\u010din prema gra\u0111anima islamske vjeroispovesti, dodaju\u0107i da je to tamna strana crnogorske historije.<\/p>\n<div class=\"youtube-embed\" data-video_id=\"42xmxxOsd_Q\"><iframe loading=\"lazy\" title=\"DAN OP\u0160TINE BERANE - PRILOG TV VIJESTI\" width=\"696\" height=\"392\" src=\"https:\/\/www.youtube.com\/embed\/42xmxxOsd_Q?feature=oembed&#038;enablejsapi=1\" frameborder=\"0\" allow=\"accelerometer; autoplay; encrypted-media; gyroscope; picture-in-picture\" allowfullscreen><\/iframe><\/div>\n<p>On je izrazio uvjerenje da svi prepoznaju da su multinacionalni i me\u0111uvjerski sklad, uz antifa\u0161izam, velika vrijednost Crne Gore.<br \/>\n&#8211; U tom smislu, \u017eelim da saop\u0161tim da je Crna Gora jasno iskazala da ono \u0161to se prije jednog vijeka dogodilo na podru\u010dju Plava i Gusinja predstavlja stravi\u010dan zlo\u010din prema gra\u0111anima islamske vieroispovjesti, koji su u tom vremenu u velikom broju i ubijeni, prognani i nasilno pokr\u0161teni &#8211; kazao je Vujanovi\u0107.<br \/>\nOn je naveo da je u pitanju &#8220;tamna strana crnogorske istorije, koja je i u vremenu kraljevine Crne Gore ozna\u010dena takvom&#8221;.<br \/>\nVujanovi\u0107 je rekao da je Crna Gora pokazala snagu da se suo\u010di sa pro\u0161lo\u0161\u0107u i osudi svaki zlo\u010din, odnosno da &#8220;njeguje multinacionalni i multivjerski sklad&#8221;.<\/p>\n<p><img loading=\"lazy\" decoding=\"async\" class=\"aligncenter size-full wp-image-82563\" alt=\"IMG_0726\" src=\"https:\/\/sandzakpress.net\/arhiva\/wp-content\/uploads\/2013\/07\/IMG_0726.jpg\" width=\"616\" height=\"462\" \/><br \/>\nPredsednik Udru\u017eenje ratnih dobrovoljaca 1912-1918. godine, njihovih potomaka i po\u0161tovalaca Goran Kikovi\u0107 kazao je ranije da se \u010dlanovi tog udru\u017eenja ponose svojim precima, koji su oslobodili Berane od Turaka 1912. godine.<br \/>\nOn je naveo da reis Fejzi\u0107, bez ikakve potrebe, politizuje dodjelu op\u0161tinske nagrade.<br \/>\n&#8211; Ne znam za\u0161to bi bilo kome smetalo to \u0161to je na\u0161e udru\u017eenje dobilo najvi\u0161e priznanje op\u0161tine Berane &#8211; kazao je Kikovi\u0107.<\/p>\n<p>&nbsp;<\/p>\n<p>(Tanjug)<\/p>\n","protected":false},"excerpt":{"rendered":"<p>Ju\u017eni Sand\u017eak &#8211; Crnogorski predsednik Filip Vujanovi\u0107 nije prihvatio zahtjev reisa Islamske zajednice Rifata Fejzi\u0107a da ne prisustvuje dana\u0161njoj dodjeli priznanja op\u0161tine Berane Udru\u017eenju ratnih dobrovoljaca 1912-1918, ali je osudio zlo\u010dine nad gra\u0111anima islamske vjeroispovesti na sjeveru Crne Gore, po\u010detkom pro\u0161log vijeka. Fejzi\u0107 je zatra\u017eio od op\u0161tine Berane da se preispita odluka o dodijeli priznanja [&hellip;]<\/p>\n","protected":false},"author":83,"featured_media":82562,"comment_status":"open","ping_status":"open","sticky":false,"template":"","format":"standard","meta":{"footnotes":""},"categories":[398,1,397,10174,396,395,399,10173,8957],"tags":[10199,10218,10247],"class_list":{"0":"post-82561","1":"post","2":"type-post","3":"status-publish","4":"format-standard","5":"has-post-thumbnail","7":"category-rozaje","8":"category-politika","9":"category-berane","10":"category-petnjica-vase-vijesti","11":"category-bijelo_polje","12":"category-pljevlja_","13":"category-plav_","14":"category-gusinje-vase-vijesti","15":"category-vijesti-dana","16":"tag-zlocini-u-sandzaku","17":"tag-nepravde-crnogorske-vlasti","18":"tag-filip-vujanovic"},"yoast_head":"<!-- This site is optimized with the Yoast SEO Premium plugin v23.1 (Yoast SEO v24.9) - https:\/\/yoast.com\/wordpress\/plugins\/seo\/ -->\n<title>Berane: Vlast nagradila potomke onih koji su po\u010dinili genocid na muslimanima Berana, Plava i Gusinja<\/title>\n<meta name=\"robots\" content=\"index, follow, max-snippet:-1, max-image-preview:large, max-video-preview:-1\" \/>\n<link rel=\"canonical\" href=\"https:\/\/sandzakpress.net\/arhiva\/berane-vlast-nagradila-potomke-koji-su-pocinili-genocid-na-muslimanima-berana-plava-i-gusinja\/\" \/>\n<meta property=\"og:locale\" content=\"bs_BA\" \/>\n<meta property=\"og:type\" content=\"article\" \/>\n<meta property=\"og:title\" content=\"Berane: Vlast nagradila potomke onih koji su po\u010dinili genocid na muslimanima Berana, Plava i Gusinja\" \/>\n<meta property=\"og:description\" content=\"Ju\u017eni Sand\u017eak &#8211; Crnogorski predsednik Filip Vujanovi\u0107 nije prihvatio zahtjev reisa Islamske zajednice Rifata Fejzi\u0107a da ne prisustvuje dana\u0161njoj dodjeli priznanja op\u0161tine Berane Udru\u017eenju ratnih dobrovoljaca 1912-1918, ali je osudio zlo\u010dine nad gra\u0111anima islamske vjeroispovesti na sjeveru Crne Gore, po\u010detkom pro\u0161log vijeka. Fejzi\u0107 je zatra\u017eio od op\u0161tine Berane da se preispita odluka o dodijeli priznanja [&hellip;]\" \/>\n<meta property=\"og:url\" content=\"https:\/\/sandzakpress.net\/arhiva\/berane-vlast-nagradila-potomke-koji-su-pocinili-genocid-na-muslimanima-berana-plava-i-gusinja\/\" \/>\n<meta property=\"og:site_name\" content=\"Sand\u017eak PRESS\" \/>\n<meta property=\"article:published_time\" content=\"2013-07-22T15:09:49+00:00\" \/>\n<meta property=\"article:modified_time\" content=\"2013-07-22T16:03:34+00:00\" \/>\n<meta property=\"og:image\" content=\"https:\/\/sandzakpress.net\/arhiva\/wp-content\/uploads\/2013\/07\/DSCN0129.jpg\" \/>\n\t<meta property=\"og:image:width\" content=\"616\" \/>\n\t<meta property=\"og:image:height\" content=\"462\" \/>\n\t<meta property=\"og:image:type\" content=\"image\/jpeg\" \/>\n<meta name=\"author\" content=\"bosniak\" \/>\n<meta name=\"twitter:card\" content=\"summary_large_image\" \/>\n<meta name=\"twitter:label1\" content=\"Written by\" \/>\n\t<meta name=\"twitter:data1\" content=\"bosniak\" \/>\n\t<meta name=\"twitter:label2\" content=\"Est. reading time\" \/>\n\t<meta name=\"twitter:data2\" content=\"2 minute\" \/>\n<script type=\"application\/ld+json\" class=\"yoast-schema-graph\">{\"@context\":\"https:\/\/schema.org\",\"@graph\":[{\"@type\":\"Article\",\"@id\":\"https:\/\/sandzakpress.net\/arhiva\/berane-vlast-nagradila-potomke-koji-su-pocinili-genocid-na-muslimanima-berana-plava-i-gusinja\/#article\",\"isPartOf\":{\"@id\":\"https:\/\/sandzakpress.net\/arhiva\/berane-vlast-nagradila-potomke-koji-su-pocinili-genocid-na-muslimanima-berana-plava-i-gusinja\/\"},\"author\":{\"name\":\"bosniak\",\"@id\":\"https:\/\/sandzakpress.net\/arhiva\/#\/schema\/person\/c8baee722073534b583ea7bdb2e36c02\"},\"headline\":\"Berane: Vlast nagradila potomke onih koji su po\u010dinili genocid na muslimanima Berana, Plava i Gusinja\",\"datePublished\":\"2013-07-22T15:09:49+00:00\",\"dateModified\":\"2013-07-22T16:03:34+00:00\",\"mainEntityOfPage\":{\"@id\":\"https:\/\/sandzakpress.net\/arhiva\/berane-vlast-nagradila-potomke-koji-su-pocinili-genocid-na-muslimanima-berana-plava-i-gusinja\/\"},\"wordCount\":387,\"commentCount\":3,\"publisher\":{\"@id\":\"https:\/\/sandzakpress.net\/arhiva\/#\/schema\/person\/6e72b67d6e51910a1117b3b483ba20bd\"},\"image\":{\"@id\":\"https:\/\/sandzakpress.net\/arhiva\/berane-vlast-nagradila-potomke-koji-su-pocinili-genocid-na-muslimanima-berana-plava-i-gusinja\/#primaryimage\"},\"thumbnailUrl\":\"https:\/\/sandzakpress.net\/arhiva\/wp-content\/uploads\/2013\/07\/DSCN0129.jpg\",\"keywords\":[\"genocid u sand\u017eaku\",\"nepravde crnogorske vlasti\",\"Filip Vujanovi\u0107\"],\"articleSection\":[\"Ro\u017eaje\",\"Politika\",\"Berane\",\"Petnjica\",\"Bijelo Polje\",\"Pljevlja\",\"Plav\",\"Gusinje\",\"VIJESTI DANA\"],\"inLanguage\":\"bs-BA\",\"potentialAction\":[{\"@type\":\"CommentAction\",\"name\":\"Comment\",\"target\":[\"https:\/\/sandzakpress.net\/arhiva\/berane-vlast-nagradila-potomke-koji-su-pocinili-genocid-na-muslimanima-berana-plava-i-gusinja\/#respond\"]}]},{\"@type\":\"WebPage\",\"@id\":\"https:\/\/sandzakpress.net\/arhiva\/berane-vlast-nagradila-potomke-koji-su-pocinili-genocid-na-muslimanima-berana-plava-i-gusinja\/\",\"url\":\"https:\/\/sandzakpress.net\/arhiva\/berane-vlast-nagradila-potomke-koji-su-pocinili-genocid-na-muslimanima-berana-plava-i-gusinja\/\",\"name\":\"Berane: Vlast nagradila potomke onih koji su po\u010dinili genocid na muslimanima Berana, Plava i Gusinja\",\"isPartOf\":{\"@id\":\"https:\/\/sandzakpress.net\/arhiva\/#website\"},\"primaryImageOfPage\":{\"@id\":\"https:\/\/sandzakpress.net\/arhiva\/berane-vlast-nagradila-potomke-koji-su-pocinili-genocid-na-muslimanima-berana-plava-i-gusinja\/#primaryimage\"},\"image\":{\"@id\":\"https:\/\/sandzakpress.net\/arhiva\/berane-vlast-nagradila-potomke-koji-su-pocinili-genocid-na-muslimanima-berana-plava-i-gusinja\/#primaryimage\"},\"thumbnailUrl\":\"https:\/\/sandzakpress.net\/arhiva\/wp-content\/uploads\/2013\/07\/DSCN0129.jpg\",\"datePublished\":\"2013-07-22T15:09:49+00:00\",\"dateModified\":\"2013-07-22T16:03:34+00:00\",\"breadcrumb\":{\"@id\":\"https:\/\/sandzakpress.net\/arhiva\/berane-vlast-nagradila-potomke-koji-su-pocinili-genocid-na-muslimanima-berana-plava-i-gusinja\/#breadcrumb\"},\"inLanguage\":\"bs-BA\",\"potentialAction\":[{\"@type\":\"ReadAction\",\"target\":[\"https:\/\/sandzakpress.net\/arhiva\/berane-vlast-nagradila-potomke-koji-su-pocinili-genocid-na-muslimanima-berana-plava-i-gusinja\/\"]}]},{\"@type\":\"ImageObject\",\"inLanguage\":\"bs-BA\",\"@id\":\"https:\/\/sandzakpress.net\/arhiva\/berane-vlast-nagradila-potomke-koji-su-pocinili-genocid-na-muslimanima-berana-plava-i-gusinja\/#primaryimage\",\"url\":\"https:\/\/sandzakpress.net\/arhiva\/wp-content\/uploads\/2013\/07\/DSCN0129.jpg\",\"contentUrl\":\"https:\/\/sandzakpress.net\/arhiva\/wp-content\/uploads\/2013\/07\/DSCN0129.jpg\",\"width\":616,\"height\":462},{\"@type\":\"BreadcrumbList\",\"@id\":\"https:\/\/sandzakpress.net\/arhiva\/berane-vlast-nagradila-potomke-koji-su-pocinili-genocid-na-muslimanima-berana-plava-i-gusinja\/#breadcrumb\",\"itemListElement\":[{\"@type\":\"ListItem\",\"position\":1,\"name\":\"Home\",\"item\":\"https:\/\/sandzakpress.net\/arhiva\/\"},{\"@type\":\"ListItem\",\"position\":2,\"name\":\"Berane: Vlast nagradila potomke onih koji su po\u010dinili genocid na muslimanima Berana, Plava i Gusinja\"}]},{\"@type\":\"WebSite\",\"@id\":\"https:\/\/sandzakpress.net\/arhiva\/#website\",\"url\":\"https:\/\/sandzakpress.net\/arhiva\/\",\"name\":\"Sand\u017eak PRESS\",\"description\":\"Prve elektronske novine u Sand\u017eaku\",\"publisher\":{\"@id\":\"https:\/\/sandzakpress.net\/arhiva\/#\/schema\/person\/6e72b67d6e51910a1117b3b483ba20bd\"},\"potentialAction\":[{\"@type\":\"SearchAction\",\"target\":{\"@type\":\"EntryPoint\",\"urlTemplate\":\"https:\/\/sandzakpress.net\/arhiva\/?s={search_term_string}\"},\"query-input\":{\"@type\":\"PropertyValueSpecification\",\"valueRequired\":true,\"valueName\":\"search_term_string\"}}],\"inLanguage\":\"bs-BA\"},{\"@type\":[\"Person\",\"Organization\"],\"@id\":\"https:\/\/sandzakpress.net\/arhiva\/#\/schema\/person\/6e72b67d6e51910a1117b3b483ba20bd\",\"name\":\"Kul\",\"image\":{\"@type\":\"ImageObject\",\"inLanguage\":\"bs-BA\",\"@id\":\"https:\/\/sandzakpress.net\/arhiva\/#\/schema\/person\/image\/\",\"url\":\"https:\/\/secure.gravatar.com\/avatar\/42263f39aa27ac04c43cab85c280eb2e?s=96&d=mm&r=pg\",\"contentUrl\":\"https:\/\/secure.gravatar.com\/avatar\/42263f39aa27ac04c43cab85c280eb2e?s=96&d=mm&r=pg\",\"caption\":\"Kul\"},\"logo\":{\"@id\":\"https:\/\/sandzakpress.net\/arhiva\/#\/schema\/person\/image\/\"}},{\"@type\":\"Person\",\"@id\":\"https:\/\/sandzakpress.net\/arhiva\/#\/schema\/person\/c8baee722073534b583ea7bdb2e36c02\",\"name\":\"bosniak\",\"image\":{\"@type\":\"ImageObject\",\"inLanguage\":\"bs-BA\",\"@id\":\"https:\/\/sandzakpress.net\/arhiva\/#\/schema\/person\/image\/\",\"url\":\"https:\/\/secure.gravatar.com\/avatar\/a04fd330bfe3a36a72a0ad4a6d89fca7?s=96&d=mm&r=pg\",\"contentUrl\":\"https:\/\/secure.gravatar.com\/avatar\/a04fd330bfe3a36a72a0ad4a6d89fca7?s=96&d=mm&r=pg\",\"caption\":\"bosniak\"},\"url\":\"https:\/\/sandzakpress.net\/arhiva\/author\/bosniak\/\"}]}<\/script>\n<!-- \/ Yoast SEO Premium plugin. -->","yoast_head_json":{"title":"Berane: Vlast nagradila potomke onih koji su po\u010dinili genocid na muslimanima Berana, Plava i Gusinja","robots":{"index":"index","follow":"follow","max-snippet":"max-snippet:-1","max-image-preview":"max-image-preview:large","max-video-preview":"max-video-preview:-1"},"canonical":"https:\/\/sandzakpress.net\/arhiva\/berane-vlast-nagradila-potomke-koji-su-pocinili-genocid-na-muslimanima-berana-plava-i-gusinja\/","og_locale":"bs_BA","og_type":"article","og_title":"Berane: Vlast nagradila potomke onih koji su po\u010dinili genocid na muslimanima Berana, Plava i Gusinja","og_description":"Ju\u017eni Sand\u017eak &#8211; Crnogorski predsednik Filip Vujanovi\u0107 nije prihvatio zahtjev reisa Islamske zajednice Rifata Fejzi\u0107a da ne prisustvuje dana\u0161njoj dodjeli priznanja op\u0161tine Berane Udru\u017eenju ratnih dobrovoljaca 1912-1918, ali je osudio zlo\u010dine nad gra\u0111anima islamske vjeroispovesti na sjeveru Crne Gore, po\u010detkom pro\u0161log vijeka. Fejzi\u0107 je zatra\u017eio od op\u0161tine Berane da se preispita odluka o dodijeli priznanja [&hellip;]","og_url":"https:\/\/sandzakpress.net\/arhiva\/berane-vlast-nagradila-potomke-koji-su-pocinili-genocid-na-muslimanima-berana-plava-i-gusinja\/","og_site_name":"Sand\u017eak PRESS","article_published_time":"2013-07-22T15:09:49+00:00","article_modified_time":"2013-07-22T16:03:34+00:00","og_image":[{"width":616,"height":462,"url":"https:\/\/sandzakpress.net\/arhiva\/wp-content\/uploads\/2013\/07\/DSCN0129.jpg","type":"image\/jpeg"}],"author":"bosniak","twitter_card":"summary_large_image","twitter_misc":{"Written by":"bosniak","Est. reading time":"2 minute"},"schema":{"@context":"https:\/\/schema.org","@graph":[{"@type":"Article","@id":"https:\/\/sandzakpress.net\/arhiva\/berane-vlast-nagradila-potomke-koji-su-pocinili-genocid-na-muslimanima-berana-plava-i-gusinja\/#article","isPartOf":{"@id":"https:\/\/sandzakpress.net\/arhiva\/berane-vlast-nagradila-potomke-koji-su-pocinili-genocid-na-muslimanima-berana-plava-i-gusinja\/"},"author":{"name":"bosniak","@id":"https:\/\/sandzakpress.net\/arhiva\/#\/schema\/person\/c8baee722073534b583ea7bdb2e36c02"},"headline":"Berane: Vlast nagradila potomke onih koji su po\u010dinili genocid na muslimanima Berana, Plava i Gusinja","datePublished":"2013-07-22T15:09:49+00:00","dateModified":"2013-07-22T16:03:34+00:00","mainEntityOfPage":{"@id":"https:\/\/sandzakpress.net\/arhiva\/berane-vlast-nagradila-potomke-koji-su-pocinili-genocid-na-muslimanima-berana-plava-i-gusinja\/"},"wordCount":387,"commentCount":3,"publisher":{"@id":"https:\/\/sandzakpress.net\/arhiva\/#\/schema\/person\/6e72b67d6e51910a1117b3b483ba20bd"},"image":{"@id":"https:\/\/sandzakpress.net\/arhiva\/berane-vlast-nagradila-potomke-koji-su-pocinili-genocid-na-muslimanima-berana-plava-i-gusinja\/#primaryimage"},"thumbnailUrl":"https:\/\/sandzakpress.net\/arhiva\/wp-content\/uploads\/2013\/07\/DSCN0129.jpg","keywords":["genocid u sand\u017eaku","nepravde crnogorske vlasti","Filip Vujanovi\u0107"],"articleSection":["Ro\u017eaje","Politika","Berane","Petnjica","Bijelo Polje","Pljevlja","Plav","Gusinje","VIJESTI DANA"],"inLanguage":"bs-BA","potentialAction":[{"@type":"CommentAction","name":"Comment","target":["https:\/\/sandzakpress.net\/arhiva\/berane-vlast-nagradila-potomke-koji-su-pocinili-genocid-na-muslimanima-berana-plava-i-gusinja\/#respond"]}]},{"@type":"WebPage","@id":"https:\/\/sandzakpress.net\/arhiva\/berane-vlast-nagradila-potomke-koji-su-pocinili-genocid-na-muslimanima-berana-plava-i-gusinja\/","url":"https:\/\/sandzakpress.net\/arhiva\/berane-vlast-nagradila-potomke-koji-su-pocinili-genocid-na-muslimanima-berana-plava-i-gusinja\/","name":"Berane: Vlast nagradila potomke onih koji su po\u010dinili genocid na muslimanima Berana, Plava i Gusinja","isPartOf":{"@id":"https:\/\/sandzakpress.net\/arhiva\/#website"},"primaryImageOfPage":{"@id":"https:\/\/sandzakpress.net\/arhiva\/berane-vlast-nagradila-potomke-koji-su-pocinili-genocid-na-muslimanima-berana-plava-i-gusinja\/#primaryimage"},"image":{"@id":"https:\/\/sandzakpress.net\/arhiva\/berane-vlast-nagradila-potomke-koji-su-pocinili-genocid-na-muslimanima-berana-plava-i-gusinja\/#primaryimage"},"thumbnailUrl":"https:\/\/sandzakpress.net\/arhiva\/wp-content\/uploads\/2013\/07\/DSCN0129.jpg","datePublished":"2013-07-22T15:09:49+00:00","dateModified":"2013-07-22T16:03:34+00:00","breadcrumb":{"@id":"https:\/\/sandzakpress.net\/arhiva\/berane-vlast-nagradila-potomke-koji-su-pocinili-genocid-na-muslimanima-berana-plava-i-gusinja\/#breadcrumb"},"inLanguage":"bs-BA","potentialAction":[{"@type":"ReadAction","target":["https:\/\/sandzakpress.net\/arhiva\/berane-vlast-nagradila-potomke-koji-su-pocinili-genocid-na-muslimanima-berana-plava-i-gusinja\/"]}]},{"@type":"ImageObject","inLanguage":"bs-BA","@id":"https:\/\/sandzakpress.net\/arhiva\/berane-vlast-nagradila-potomke-koji-su-pocinili-genocid-na-muslimanima-berana-plava-i-gusinja\/#primaryimage","url":"https:\/\/sandzakpress.net\/arhiva\/wp-content\/uploads\/2013\/07\/DSCN0129.jpg","contentUrl":"https:\/\/sandzakpress.net\/arhiva\/wp-content\/uploads\/2013\/07\/DSCN0129.jpg","width":616,"height":462},{"@type":"BreadcrumbList","@id":"https:\/\/sandzakpress.net\/arhiva\/berane-vlast-nagradila-potomke-koji-su-pocinili-genocid-na-muslimanima-berana-plava-i-gusinja\/#breadcrumb","itemListElement":[{"@type":"ListItem","position":1,"name":"Home","item":"https:\/\/sandzakpress.net\/arhiva\/"},{"@type":"ListItem","position":2,"name":"Berane: Vlast nagradila potomke onih koji su po\u010dinili genocid na muslimanima Berana, Plava i Gusinja"}]},{"@type":"WebSite","@id":"https:\/\/sandzakpress.net\/arhiva\/#website","url":"https:\/\/sandzakpress.net\/arhiva\/","name":"Sand\u017eak PRESS","description":"Prve elektronske novine u Sand\u017eaku","publisher":{"@id":"https:\/\/sandzakpress.net\/arhiva\/#\/schema\/person\/6e72b67d6e51910a1117b3b483ba20bd"},"potentialAction":[{"@type":"SearchAction","target":{"@type":"EntryPoint","urlTemplate":"https:\/\/sandzakpress.net\/arhiva\/?s={search_term_string}"},"query-input":{"@type":"PropertyValueSpecification","valueRequired":true,"valueName":"search_term_string"}}],"inLanguage":"bs-BA"},{"@type":["Person","Organization"],"@id":"https:\/\/sandzakpress.net\/arhiva\/#\/schema\/person\/6e72b67d6e51910a1117b3b483ba20bd","name":"Kul","image":{"@type":"ImageObject","inLanguage":"bs-BA","@id":"https:\/\/sandzakpress.net\/arhiva\/#\/schema\/person\/image\/","url":"https:\/\/secure.gravatar.com\/avatar\/42263f39aa27ac04c43cab85c280eb2e?s=96&d=mm&r=pg","contentUrl":"https:\/\/secure.gravatar.com\/avatar\/42263f39aa27ac04c43cab85c280eb2e?s=96&d=mm&r=pg","caption":"Kul"},"logo":{"@id":"https:\/\/sandzakpress.net\/arhiva\/#\/schema\/person\/image\/"}},{"@type":"Person","@id":"https:\/\/sandzakpress.net\/arhiva\/#\/schema\/person\/c8baee722073534b583ea7bdb2e36c02","name":"bosniak","image":{"@type":"ImageObject","inLanguage":"bs-BA","@id":"https:\/\/sandzakpress.net\/arhiva\/#\/schema\/person\/image\/","url":"https:\/\/secure.gravatar.com\/avatar\/a04fd330bfe3a36a72a0ad4a6d89fca7?s=96&d=mm&r=pg","contentUrl":"https:\/\/secure.gravatar.com\/avatar\/a04fd330bfe3a36a72a0ad4a6d89fca7?s=96&d=mm&r=pg","caption":"bosniak"},"url":"https:\/\/sandzakpress.net\/arhiva\/author\/bosniak\/"}]}},"_links":{"self":[{"href":"https:\/\/sandzakpress.net\/arhiva\/wp-json\/wp\/v2\/posts\/82561"}],"collection":[{"href":"https:\/\/sandzakpress.net\/arhiva\/wp-json\/wp\/v2\/posts"}],"about":[{"href":"https:\/\/sandzakpress.net\/arhiva\/wp-json\/wp\/v2\/types\/post"}],"author":[{"embeddable":true,"href":"https:\/\/sandzakpress.net\/arhiva\/wp-json\/wp\/v2\/users\/83"}],"replies":[{"embeddable":true,"href":"https:\/\/sandzakpress.net\/arhiva\/wp-json\/wp\/v2\/comments?post=82561"}],"version-history":[{"count":0,"href":"https:\/\/sandzakpress.net\/arhiva\/wp-json\/wp\/v2\/posts\/82561\/revisions"}],"wp:featuredmedia":[{"embeddable":true,"href":"https:\/\/sandzakpress.net\/arhiva\/wp-json\/wp\/v2\/media\/82562"}],"wp:attachment":[{"href":"https:\/\/sandzakpress.net\/arhiva\/wp-json\/wp\/v2\/media?parent=82561"}],"wp:term":[{"taxonomy":"category","embeddable":true,"href":"https:\/\/sandzakpress.net\/arhiva\/wp-json\/wp\/v2\/categories?post=82561"},{"taxonomy":"post_tag","embeddable":true,"href":"https:\/\/sandzakpress.net\/arhiva\/wp-json\/wp\/v2\/tags?post=82561"}],"curies":[{"name":"wp","href":"https:\/\/api.w.org\/{rel}","templated":true}]}}