{"id":82462,"date":"2013-07-21T02:56:19","date_gmt":"2013-07-21T00:56:19","guid":{"rendered":"https:\/\/sandzakpress.net\/arhiva\/?p=82462"},"modified":"2013-07-21T03:02:31","modified_gmt":"2013-07-21T01:02:31","slug":"bosnjacki-savjet-i-bkz-kosova-intenzivno-rade-na-ujedinjenju-politickih-snaga-kosova","status":"publish","type":"post","link":"https:\/\/sandzakpress.net\/arhiva\/bosnjacki-savjet-i-bkz-kosova-intenzivno-rade-na-ujedinjenju-politickih-snaga-kosova\/","title":{"rendered":"Bo\u0161nja\u010dki savjet i BKZ Kosova intenzivno rade na zbli\u017eavanju bo\u0161nja\u010dkih politi\u010dkih snaga Kosova"},"content":{"rendered":"<p><a href=\"https:\/\/sandzakpress.net\/arhiva\/bosnjacki-savjet-i-bkz-kosova-intenzivno-rade-na-ujedinjenju-politickih-snaga-kosova\/untitled-1-182\" rel=\"attachment wp-att-82472\"><img loading=\"lazy\" decoding=\"async\" class=\"aligncenter size-full wp-image-82472\" alt=\"Untitled-1\" src=\"https:\/\/sandzakpress.net\/arhiva\/wp-content\/uploads\/2013\/07\/Untitled-17.jpg\" width=\"616\" height=\"309\" \/><\/a><\/p>\n<p><strong>Kosovo &#8211; Na drugom i zavr\u0161nom konsultativnom sastanku u vezi usagla\u0161avanja i potpisivanja Memoranduma razumijevanja sa predsjednicima bo\u0161nja\u010dkih politi\u010dkih subjekata na Kosovu, i danas je vo\u0111ena \u017eivlja me\u0111usobna debata.<\/strong><\/p>\n<p>Sastanku su prisustvovali Emilija Redxepi (NDS), Sadik Idrizi (DSV), Nebija Aljilji (DSB), Hamza Balje (CDU) i Afit Zulji (USB).<\/p>\n<p>Najvi\u0161e me\u0111usobnih opti\u017eivanja je bilo povodom isteka vremena za stvaranje <b>zajedni\u010dke izborne liste<\/b> jer je rok za potvr\u0111ivanje iste zavr\u0161n tri (3) dana ranije. Tako da, po\u0161to se Koalicioni nastup nemo\u017ee izvesti a rezervne solucije za tu opciju nema po uvjerenju prisutnih predstavnika partija, na dnevni red je ostala samo ta\u010dka vezana za usagla\u0161avanje i potpisivanje Memoranduma.<\/p>\n<p>Pokazalo se da je ve\u0107ina prisutnih predstavnika bila nespremna da ozbiljno i konkretno tretira pitanje Memoranduma te su to opravdavali kratko\u0161\u0107u vremena izme\u0111u ova dva sastanka. Zbog svega toga, mi Bo\u0161nja\u010dki savjet Kosova i Bo\u0161nja\u010dka kulturna Zajednica na Kosovu kao medijatori i u iskrenoj \u017eelji da se ipak do\u0111e do plodonosnih rezultata od op\u0107eg nacionalnog interesa, napravili smo dogovor da svaki od politi\u010dkih subjekata u roku od sedam dana dostavi svoje primjedbe i sugestije od kojih \u0107e BSK i BKZ-Kosova izradit modificirani koncept Memoranduma koji \u0107e biti prihvatljiv za sve, te na kraju \u0107e ih svi potpisat.<\/p>\n<p>O daljem toku, i svim bitnim pojedinostima medijatori (BSK i BKZ-Kosova) \u0107e javnost pravovremeno informirati, a i u najskorijem vremenu zauzeti svoj kona\u010dan i konkretan stav o cijelom dosada\u0161njem konsultativnom procesu te zaklju\u010dnim rezultatima.<\/p>\n<p>&nbsp;<\/p>\n<p>Bo\u0161nja\u010dki savjet Kosova &amp;<br \/>\nBo\u0161nja\u010dka kulturna Zajednica na Kosovu<\/p>\n<p>Re\u010dane: 20. 07. 2013 god.<\/p>\n","protected":false},"excerpt":{"rendered":"<p>Kosovo &#8211; Na drugom i zavr\u0161nom konsultativnom sastanku u vezi usagla\u0161avanja i potpisivanja Memoranduma razumijevanja sa predsjednicima bo\u0161nja\u010dkih politi\u010dkih subjekata na Kosovu, i danas je vo\u0111ena \u017eivlja me\u0111usobna debata. Sastanku su prisustvovali Emilija Redxepi (NDS), Sadik Idrizi (DSV), Nebija Aljilji (DSB), Hamza Balje (CDU) i Afit Zulji (USB). Najvi\u0161e me\u0111usobnih opti\u017eivanja je bilo povodom isteka [&hellip;]<\/p>\n","protected":false},"author":83,"featured_media":82470,"comment_status":"open","ping_status":"open","sticky":false,"template":"","format":"standard","meta":{"footnotes":""},"categories":[800,2690,8957],"tags":[10239,10240],"class_list":{"0":"post-82462","1":"post","2":"type-post","3":"status-publish","4":"format-standard","5":"has-post-thumbnail","7":"category-nacija","8":"category-kosovo-gradovi","9":"category-vijesti-dana","10":"tag-sahit-kandic","11":"tag-bkz"},"yoast_head":"<!-- This site is optimized with the Yoast SEO Premium plugin v23.1 (Yoast SEO v24.9) - https:\/\/yoast.com\/wordpress\/plugins\/seo\/ -->\n<title>Bo\u0161nja\u010dki savjet i BKZ Kosova intenzivno rade na zbli\u017eavanju bo\u0161nja\u010dkih politi\u010dkih snaga Kosova<\/title>\n<meta name=\"robots\" content=\"index, follow, max-snippet:-1, max-image-preview:large, max-video-preview:-1\" \/>\n<link rel=\"canonical\" href=\"https:\/\/sandzakpress.net\/arhiva\/bosnjacki-savjet-i-bkz-kosova-intenzivno-rade-na-ujedinjenju-politickih-snaga-kosova\/\" \/>\n<meta property=\"og:locale\" content=\"bs_BA\" \/>\n<meta property=\"og:type\" content=\"article\" \/>\n<meta property=\"og:title\" content=\"Bo\u0161nja\u010dki savjet i BKZ Kosova intenzivno rade na zbli\u017eavanju bo\u0161nja\u010dkih politi\u010dkih snaga Kosova\" \/>\n<meta property=\"og:description\" content=\"Kosovo &#8211; Na drugom i zavr\u0161nom konsultativnom sastanku u vezi usagla\u0161avanja i potpisivanja Memoranduma razumijevanja sa predsjednicima bo\u0161nja\u010dkih politi\u010dkih subjekata na Kosovu, i danas je vo\u0111ena \u017eivlja me\u0111usobna debata. Sastanku su prisustvovali Emilija Redxepi (NDS), Sadik Idrizi (DSV), Nebija Aljilji (DSB), Hamza Balje (CDU) i Afit Zulji (USB). Najvi\u0161e me\u0111usobnih opti\u017eivanja je bilo povodom isteka [&hellip;]\" \/>\n<meta property=\"og:url\" content=\"https:\/\/sandzakpress.net\/arhiva\/bosnjacki-savjet-i-bkz-kosova-intenzivno-rade-na-ujedinjenju-politickih-snaga-kosova\/\" \/>\n<meta property=\"og:site_name\" content=\"Sand\u017eak PRESS\" \/>\n<meta property=\"article:published_time\" content=\"2013-07-21T00:56:19+00:00\" \/>\n<meta property=\"article:modified_time\" content=\"2013-07-21T01:02:31+00:00\" \/>\n<meta property=\"og:image\" content=\"https:\/\/sandzakpress.net\/arhiva\/wp-content\/uploads\/2013\/07\/Untitled-16.jpg\" \/>\n\t<meta property=\"og:image:width\" content=\"489\" \/>\n\t<meta property=\"og:image:height\" content=\"245\" \/>\n\t<meta property=\"og:image:type\" content=\"image\/jpeg\" \/>\n<meta name=\"author\" content=\"bosniak\" \/>\n<meta name=\"twitter:card\" content=\"summary_large_image\" \/>\n<meta name=\"twitter:label1\" content=\"Written by\" \/>\n\t<meta name=\"twitter:data1\" content=\"bosniak\" \/>\n\t<meta name=\"twitter:label2\" content=\"Est. reading time\" \/>\n\t<meta name=\"twitter:data2\" content=\"1 minuta\" \/>\n<script type=\"application\/ld+json\" class=\"yoast-schema-graph\">{\"@context\":\"https:\/\/schema.org\",\"@graph\":[{\"@type\":\"Article\",\"@id\":\"https:\/\/sandzakpress.net\/arhiva\/bosnjacki-savjet-i-bkz-kosova-intenzivno-rade-na-ujedinjenju-politickih-snaga-kosova\/#article\",\"isPartOf\":{\"@id\":\"https:\/\/sandzakpress.net\/arhiva\/bosnjacki-savjet-i-bkz-kosova-intenzivno-rade-na-ujedinjenju-politickih-snaga-kosova\/\"},\"author\":{\"name\":\"bosniak\",\"@id\":\"https:\/\/sandzakpress.net\/arhiva\/#\/schema\/person\/c8baee722073534b583ea7bdb2e36c02\"},\"headline\":\"Bo\u0161nja\u010dki savjet i BKZ Kosova intenzivno rade na zbli\u017eavanju bo\u0161nja\u010dkih politi\u010dkih snaga Kosova\",\"datePublished\":\"2013-07-21T00:56:19+00:00\",\"dateModified\":\"2013-07-21T01:02:31+00:00\",\"mainEntityOfPage\":{\"@id\":\"https:\/\/sandzakpress.net\/arhiva\/bosnjacki-savjet-i-bkz-kosova-intenzivno-rade-na-ujedinjenju-politickih-snaga-kosova\/\"},\"wordCount\":301,\"commentCount\":4,\"publisher\":{\"@id\":\"https:\/\/sandzakpress.net\/arhiva\/#\/schema\/person\/6e72b67d6e51910a1117b3b483ba20bd\"},\"image\":{\"@id\":\"https:\/\/sandzakpress.net\/arhiva\/bosnjacki-savjet-i-bkz-kosova-intenzivno-rade-na-ujedinjenju-politickih-snaga-kosova\/#primaryimage\"},\"thumbnailUrl\":\"https:\/\/sandzakpress.net\/arhiva\/wp-content\/uploads\/2013\/07\/Untitled-16.jpg\",\"keywords\":[\"Sahit Kandi\u0107\",\"BKZ\"],\"articleSection\":[\"Nacija\",\"Kosovo\",\"VIJESTI DANA\"],\"inLanguage\":\"bs-BA\",\"potentialAction\":[{\"@type\":\"CommentAction\",\"name\":\"Comment\",\"target\":[\"https:\/\/sandzakpress.net\/arhiva\/bosnjacki-savjet-i-bkz-kosova-intenzivno-rade-na-ujedinjenju-politickih-snaga-kosova\/#respond\"]}]},{\"@type\":\"WebPage\",\"@id\":\"https:\/\/sandzakpress.net\/arhiva\/bosnjacki-savjet-i-bkz-kosova-intenzivno-rade-na-ujedinjenju-politickih-snaga-kosova\/\",\"url\":\"https:\/\/sandzakpress.net\/arhiva\/bosnjacki-savjet-i-bkz-kosova-intenzivno-rade-na-ujedinjenju-politickih-snaga-kosova\/\",\"name\":\"Bo\u0161nja\u010dki savjet i BKZ Kosova intenzivno rade na zbli\u017eavanju bo\u0161nja\u010dkih politi\u010dkih snaga Kosova\",\"isPartOf\":{\"@id\":\"https:\/\/sandzakpress.net\/arhiva\/#website\"},\"primaryImageOfPage\":{\"@id\":\"https:\/\/sandzakpress.net\/arhiva\/bosnjacki-savjet-i-bkz-kosova-intenzivno-rade-na-ujedinjenju-politickih-snaga-kosova\/#primaryimage\"},\"image\":{\"@id\":\"https:\/\/sandzakpress.net\/arhiva\/bosnjacki-savjet-i-bkz-kosova-intenzivno-rade-na-ujedinjenju-politickih-snaga-kosova\/#primaryimage\"},\"thumbnailUrl\":\"https:\/\/sandzakpress.net\/arhiva\/wp-content\/uploads\/2013\/07\/Untitled-16.jpg\",\"datePublished\":\"2013-07-21T00:56:19+00:00\",\"dateModified\":\"2013-07-21T01:02:31+00:00\",\"breadcrumb\":{\"@id\":\"https:\/\/sandzakpress.net\/arhiva\/bosnjacki-savjet-i-bkz-kosova-intenzivno-rade-na-ujedinjenju-politickih-snaga-kosova\/#breadcrumb\"},\"inLanguage\":\"bs-BA\",\"potentialAction\":[{\"@type\":\"ReadAction\",\"target\":[\"https:\/\/sandzakpress.net\/arhiva\/bosnjacki-savjet-i-bkz-kosova-intenzivno-rade-na-ujedinjenju-politickih-snaga-kosova\/\"]}]},{\"@type\":\"ImageObject\",\"inLanguage\":\"bs-BA\",\"@id\":\"https:\/\/sandzakpress.net\/arhiva\/bosnjacki-savjet-i-bkz-kosova-intenzivno-rade-na-ujedinjenju-politickih-snaga-kosova\/#primaryimage\",\"url\":\"https:\/\/sandzakpress.net\/arhiva\/wp-content\/uploads\/2013\/07\/Untitled-16.jpg\",\"contentUrl\":\"https:\/\/sandzakpress.net\/arhiva\/wp-content\/uploads\/2013\/07\/Untitled-16.jpg\",\"width\":489,\"height\":245},{\"@type\":\"BreadcrumbList\",\"@id\":\"https:\/\/sandzakpress.net\/arhiva\/bosnjacki-savjet-i-bkz-kosova-intenzivno-rade-na-ujedinjenju-politickih-snaga-kosova\/#breadcrumb\",\"itemListElement\":[{\"@type\":\"ListItem\",\"position\":1,\"name\":\"Home\",\"item\":\"https:\/\/sandzakpress.net\/arhiva\/\"},{\"@type\":\"ListItem\",\"position\":2,\"name\":\"Bo\u0161nja\u010dki savjet i BKZ Kosova intenzivno rade na zbli\u017eavanju bo\u0161nja\u010dkih politi\u010dkih snaga Kosova\"}]},{\"@type\":\"WebSite\",\"@id\":\"https:\/\/sandzakpress.net\/arhiva\/#website\",\"url\":\"https:\/\/sandzakpress.net\/arhiva\/\",\"name\":\"Sand\u017eak PRESS\",\"description\":\"Prve elektronske novine u Sand\u017eaku\",\"publisher\":{\"@id\":\"https:\/\/sandzakpress.net\/arhiva\/#\/schema\/person\/6e72b67d6e51910a1117b3b483ba20bd\"},\"potentialAction\":[{\"@type\":\"SearchAction\",\"target\":{\"@type\":\"EntryPoint\",\"urlTemplate\":\"https:\/\/sandzakpress.net\/arhiva\/?s={search_term_string}\"},\"query-input\":{\"@type\":\"PropertyValueSpecification\",\"valueRequired\":true,\"valueName\":\"search_term_string\"}}],\"inLanguage\":\"bs-BA\"},{\"@type\":[\"Person\",\"Organization\"],\"@id\":\"https:\/\/sandzakpress.net\/arhiva\/#\/schema\/person\/6e72b67d6e51910a1117b3b483ba20bd\",\"name\":\"Kul\",\"image\":{\"@type\":\"ImageObject\",\"inLanguage\":\"bs-BA\",\"@id\":\"https:\/\/sandzakpress.net\/arhiva\/#\/schema\/person\/image\/\",\"url\":\"https:\/\/secure.gravatar.com\/avatar\/42263f39aa27ac04c43cab85c280eb2e?s=96&d=mm&r=pg\",\"contentUrl\":\"https:\/\/secure.gravatar.com\/avatar\/42263f39aa27ac04c43cab85c280eb2e?s=96&d=mm&r=pg\",\"caption\":\"Kul\"},\"logo\":{\"@id\":\"https:\/\/sandzakpress.net\/arhiva\/#\/schema\/person\/image\/\"}},{\"@type\":\"Person\",\"@id\":\"https:\/\/sandzakpress.net\/arhiva\/#\/schema\/person\/c8baee722073534b583ea7bdb2e36c02\",\"name\":\"bosniak\",\"image\":{\"@type\":\"ImageObject\",\"inLanguage\":\"bs-BA\",\"@id\":\"https:\/\/sandzakpress.net\/arhiva\/#\/schema\/person\/image\/\",\"url\":\"https:\/\/secure.gravatar.com\/avatar\/a04fd330bfe3a36a72a0ad4a6d89fca7?s=96&d=mm&r=pg\",\"contentUrl\":\"https:\/\/secure.gravatar.com\/avatar\/a04fd330bfe3a36a72a0ad4a6d89fca7?s=96&d=mm&r=pg\",\"caption\":\"bosniak\"},\"url\":\"https:\/\/sandzakpress.net\/arhiva\/author\/bosniak\/\"}]}<\/script>\n<!-- \/ Yoast SEO Premium plugin. -->","yoast_head_json":{"title":"Bo\u0161nja\u010dki savjet i BKZ Kosova intenzivno rade na zbli\u017eavanju bo\u0161nja\u010dkih politi\u010dkih snaga Kosova","robots":{"index":"index","follow":"follow","max-snippet":"max-snippet:-1","max-image-preview":"max-image-preview:large","max-video-preview":"max-video-preview:-1"},"canonical":"https:\/\/sandzakpress.net\/arhiva\/bosnjacki-savjet-i-bkz-kosova-intenzivno-rade-na-ujedinjenju-politickih-snaga-kosova\/","og_locale":"bs_BA","og_type":"article","og_title":"Bo\u0161nja\u010dki savjet i BKZ Kosova intenzivno rade na zbli\u017eavanju bo\u0161nja\u010dkih politi\u010dkih snaga Kosova","og_description":"Kosovo &#8211; Na drugom i zavr\u0161nom konsultativnom sastanku u vezi usagla\u0161avanja i potpisivanja Memoranduma razumijevanja sa predsjednicima bo\u0161nja\u010dkih politi\u010dkih subjekata na Kosovu, i danas je vo\u0111ena \u017eivlja me\u0111usobna debata. Sastanku su prisustvovali Emilija Redxepi (NDS), Sadik Idrizi (DSV), Nebija Aljilji (DSB), Hamza Balje (CDU) i Afit Zulji (USB). Najvi\u0161e me\u0111usobnih opti\u017eivanja je bilo povodom isteka [&hellip;]","og_url":"https:\/\/sandzakpress.net\/arhiva\/bosnjacki-savjet-i-bkz-kosova-intenzivno-rade-na-ujedinjenju-politickih-snaga-kosova\/","og_site_name":"Sand\u017eak PRESS","article_published_time":"2013-07-21T00:56:19+00:00","article_modified_time":"2013-07-21T01:02:31+00:00","og_image":[{"width":489,"height":245,"url":"https:\/\/sandzakpress.net\/arhiva\/wp-content\/uploads\/2013\/07\/Untitled-16.jpg","type":"image\/jpeg"}],"author":"bosniak","twitter_card":"summary_large_image","twitter_misc":{"Written by":"bosniak","Est. reading time":"1 minuta"},"schema":{"@context":"https:\/\/schema.org","@graph":[{"@type":"Article","@id":"https:\/\/sandzakpress.net\/arhiva\/bosnjacki-savjet-i-bkz-kosova-intenzivno-rade-na-ujedinjenju-politickih-snaga-kosova\/#article","isPartOf":{"@id":"https:\/\/sandzakpress.net\/arhiva\/bosnjacki-savjet-i-bkz-kosova-intenzivno-rade-na-ujedinjenju-politickih-snaga-kosova\/"},"author":{"name":"bosniak","@id":"https:\/\/sandzakpress.net\/arhiva\/#\/schema\/person\/c8baee722073534b583ea7bdb2e36c02"},"headline":"Bo\u0161nja\u010dki savjet i BKZ Kosova intenzivno rade na zbli\u017eavanju bo\u0161nja\u010dkih politi\u010dkih snaga Kosova","datePublished":"2013-07-21T00:56:19+00:00","dateModified":"2013-07-21T01:02:31+00:00","mainEntityOfPage":{"@id":"https:\/\/sandzakpress.net\/arhiva\/bosnjacki-savjet-i-bkz-kosova-intenzivno-rade-na-ujedinjenju-politickih-snaga-kosova\/"},"wordCount":301,"commentCount":4,"publisher":{"@id":"https:\/\/sandzakpress.net\/arhiva\/#\/schema\/person\/6e72b67d6e51910a1117b3b483ba20bd"},"image":{"@id":"https:\/\/sandzakpress.net\/arhiva\/bosnjacki-savjet-i-bkz-kosova-intenzivno-rade-na-ujedinjenju-politickih-snaga-kosova\/#primaryimage"},"thumbnailUrl":"https:\/\/sandzakpress.net\/arhiva\/wp-content\/uploads\/2013\/07\/Untitled-16.jpg","keywords":["Sahit Kandi\u0107","BKZ"],"articleSection":["Nacija","Kosovo","VIJESTI DANA"],"inLanguage":"bs-BA","potentialAction":[{"@type":"CommentAction","name":"Comment","target":["https:\/\/sandzakpress.net\/arhiva\/bosnjacki-savjet-i-bkz-kosova-intenzivno-rade-na-ujedinjenju-politickih-snaga-kosova\/#respond"]}]},{"@type":"WebPage","@id":"https:\/\/sandzakpress.net\/arhiva\/bosnjacki-savjet-i-bkz-kosova-intenzivno-rade-na-ujedinjenju-politickih-snaga-kosova\/","url":"https:\/\/sandzakpress.net\/arhiva\/bosnjacki-savjet-i-bkz-kosova-intenzivno-rade-na-ujedinjenju-politickih-snaga-kosova\/","name":"Bo\u0161nja\u010dki savjet i BKZ Kosova intenzivno rade na zbli\u017eavanju bo\u0161nja\u010dkih politi\u010dkih snaga Kosova","isPartOf":{"@id":"https:\/\/sandzakpress.net\/arhiva\/#website"},"primaryImageOfPage":{"@id":"https:\/\/sandzakpress.net\/arhiva\/bosnjacki-savjet-i-bkz-kosova-intenzivno-rade-na-ujedinjenju-politickih-snaga-kosova\/#primaryimage"},"image":{"@id":"https:\/\/sandzakpress.net\/arhiva\/bosnjacki-savjet-i-bkz-kosova-intenzivno-rade-na-ujedinjenju-politickih-snaga-kosova\/#primaryimage"},"thumbnailUrl":"https:\/\/sandzakpress.net\/arhiva\/wp-content\/uploads\/2013\/07\/Untitled-16.jpg","datePublished":"2013-07-21T00:56:19+00:00","dateModified":"2013-07-21T01:02:31+00:00","breadcrumb":{"@id":"https:\/\/sandzakpress.net\/arhiva\/bosnjacki-savjet-i-bkz-kosova-intenzivno-rade-na-ujedinjenju-politickih-snaga-kosova\/#breadcrumb"},"inLanguage":"bs-BA","potentialAction":[{"@type":"ReadAction","target":["https:\/\/sandzakpress.net\/arhiva\/bosnjacki-savjet-i-bkz-kosova-intenzivno-rade-na-ujedinjenju-politickih-snaga-kosova\/"]}]},{"@type":"ImageObject","inLanguage":"bs-BA","@id":"https:\/\/sandzakpress.net\/arhiva\/bosnjacki-savjet-i-bkz-kosova-intenzivno-rade-na-ujedinjenju-politickih-snaga-kosova\/#primaryimage","url":"https:\/\/sandzakpress.net\/arhiva\/wp-content\/uploads\/2013\/07\/Untitled-16.jpg","contentUrl":"https:\/\/sandzakpress.net\/arhiva\/wp-content\/uploads\/2013\/07\/Untitled-16.jpg","width":489,"height":245},{"@type":"BreadcrumbList","@id":"https:\/\/sandzakpress.net\/arhiva\/bosnjacki-savjet-i-bkz-kosova-intenzivno-rade-na-ujedinjenju-politickih-snaga-kosova\/#breadcrumb","itemListElement":[{"@type":"ListItem","position":1,"name":"Home","item":"https:\/\/sandzakpress.net\/arhiva\/"},{"@type":"ListItem","position":2,"name":"Bo\u0161nja\u010dki savjet i BKZ Kosova intenzivno rade na zbli\u017eavanju bo\u0161nja\u010dkih politi\u010dkih snaga Kosova"}]},{"@type":"WebSite","@id":"https:\/\/sandzakpress.net\/arhiva\/#website","url":"https:\/\/sandzakpress.net\/arhiva\/","name":"Sand\u017eak PRESS","description":"Prve elektronske novine u Sand\u017eaku","publisher":{"@id":"https:\/\/sandzakpress.net\/arhiva\/#\/schema\/person\/6e72b67d6e51910a1117b3b483ba20bd"},"potentialAction":[{"@type":"SearchAction","target":{"@type":"EntryPoint","urlTemplate":"https:\/\/sandzakpress.net\/arhiva\/?s={search_term_string}"},"query-input":{"@type":"PropertyValueSpecification","valueRequired":true,"valueName":"search_term_string"}}],"inLanguage":"bs-BA"},{"@type":["Person","Organization"],"@id":"https:\/\/sandzakpress.net\/arhiva\/#\/schema\/person\/6e72b67d6e51910a1117b3b483ba20bd","name":"Kul","image":{"@type":"ImageObject","inLanguage":"bs-BA","@id":"https:\/\/sandzakpress.net\/arhiva\/#\/schema\/person\/image\/","url":"https:\/\/secure.gravatar.com\/avatar\/42263f39aa27ac04c43cab85c280eb2e?s=96&d=mm&r=pg","contentUrl":"https:\/\/secure.gravatar.com\/avatar\/42263f39aa27ac04c43cab85c280eb2e?s=96&d=mm&r=pg","caption":"Kul"},"logo":{"@id":"https:\/\/sandzakpress.net\/arhiva\/#\/schema\/person\/image\/"}},{"@type":"Person","@id":"https:\/\/sandzakpress.net\/arhiva\/#\/schema\/person\/c8baee722073534b583ea7bdb2e36c02","name":"bosniak","image":{"@type":"ImageObject","inLanguage":"bs-BA","@id":"https:\/\/sandzakpress.net\/arhiva\/#\/schema\/person\/image\/","url":"https:\/\/secure.gravatar.com\/avatar\/a04fd330bfe3a36a72a0ad4a6d89fca7?s=96&d=mm&r=pg","contentUrl":"https:\/\/secure.gravatar.com\/avatar\/a04fd330bfe3a36a72a0ad4a6d89fca7?s=96&d=mm&r=pg","caption":"bosniak"},"url":"https:\/\/sandzakpress.net\/arhiva\/author\/bosniak\/"}]}},"_links":{"self":[{"href":"https:\/\/sandzakpress.net\/arhiva\/wp-json\/wp\/v2\/posts\/82462"}],"collection":[{"href":"https:\/\/sandzakpress.net\/arhiva\/wp-json\/wp\/v2\/posts"}],"about":[{"href":"https:\/\/sandzakpress.net\/arhiva\/wp-json\/wp\/v2\/types\/post"}],"author":[{"embeddable":true,"href":"https:\/\/sandzakpress.net\/arhiva\/wp-json\/wp\/v2\/users\/83"}],"replies":[{"embeddable":true,"href":"https:\/\/sandzakpress.net\/arhiva\/wp-json\/wp\/v2\/comments?post=82462"}],"version-history":[{"count":0,"href":"https:\/\/sandzakpress.net\/arhiva\/wp-json\/wp\/v2\/posts\/82462\/revisions"}],"wp:featuredmedia":[{"embeddable":true,"href":"https:\/\/sandzakpress.net\/arhiva\/wp-json\/wp\/v2\/media\/82470"}],"wp:attachment":[{"href":"https:\/\/sandzakpress.net\/arhiva\/wp-json\/wp\/v2\/media?parent=82462"}],"wp:term":[{"taxonomy":"category","embeddable":true,"href":"https:\/\/sandzakpress.net\/arhiva\/wp-json\/wp\/v2\/categories?post=82462"},{"taxonomy":"post_tag","embeddable":true,"href":"https:\/\/sandzakpress.net\/arhiva\/wp-json\/wp\/v2\/tags?post=82462"}],"curies":[{"name":"wp","href":"https:\/\/api.w.org\/{rel}","templated":true}]}}