{"id":82428,"date":"2013-07-21T01:34:43","date_gmt":"2013-07-20T23:34:43","guid":{"rendered":"https:\/\/sandzakpress.net\/arhiva\/?p=82428"},"modified":"2013-07-21T01:39:11","modified_gmt":"2013-07-20T23:39:11","slug":"sandzaklije-na-marsu-mira-2013","status":"publish","type":"post","link":"https:\/\/sandzakpress.net\/arhiva\/sandzaklije-na-marsu-mira-2013\/","title":{"rendered":"Sand\u017eaklije na Mar\u0161u mira 2013"},"content":{"rendered":"<figure id=\"attachment_82430\" aria-describedby=\"caption-attachment-82430\" style=\"width: 300px\" class=\"wp-caption alignleft\"><a href=\"https:\/\/sandzakpress.net\/arhiva\/sandzaklije-na-marsu-mira-2013\/mirsadkurgas\" rel=\"attachment wp-att-82430\"><img loading=\"lazy\" decoding=\"async\" class=\"size-medium wp-image-82430\" alt=\"\" src=\"https:\/\/sandzakpress.net\/arhiva\/wp-content\/uploads\/2013\/07\/MirsadKurgas-300x199.jpg\" width=\"300\" height=\"199\" \/><\/a><figcaption id=\"caption-attachment-82430\" class=\"wp-caption-text\">Autor: Mirsad Kurga\u0161<\/figcaption><\/figure>\n<p>Od izvjesnog broja prijavljenih, \u201espala knjiga na dva slova\u201c: Mirsad Mehinagi\u0107 i moja malenkost, autor ovih redova, kre\u0107emo ka Nezuku. Idemo preko Gora\u017eda, gdje \u0107e nam se pridru\u017eiti planinarska legenda had\u017ei Hazim \u0161abanovi\u0107 zv. Baja. Primje\u0107ujemo koliko mu je drago \u0161to je \u010dlan na\u0161eg malog tima, s obzirom da Gora\u017ede ove godine nije organizovalo odlazak na Mar\u0161 mira.<\/p>\n<p>\u017dao nam je zbog toga, jer je grupa iz Gora\u017eda uvijek bila prepoznatljiva po svom duhu i \u0161irokogrudosti za sve s kojima se susretala, pa smo se tako i mi iz Crne Gore, tj. Sand\u017eaka, kod njih bili prili\u010dno odoma\u0107ili. Poja\u010dani &#8216;zvrkovima&#8217; koje je spremila had\u017ei-Bajina hanuma i krastavcima iz njihovog plastenika, uz pratnju ki\u0161e i svje\u017eine koju sobom nosi, kasno popodne sti\u017eemo u Nezuk. Kao i prethodnih godina, organizovan je prigodan program ispred seoske \u0161kole. Lokalni hor djevojaka izvodi nekoliko ilahija, a prisutnima se obra\u0107aju ratni komandanti na \u010delu sa legendarnim Naserom Ori\u0107em, kao i predsjednica Udru\u017eenja Majke Srebrenice, Hatid\u017ea Mehmedovi\u0107.<\/p>\n<p>Koliko je na\u0161 logisti\u010dar popularan pokazuje veliki broj u\u010desnika iz svih krajeva Bosne i inostranstva koji mu se razdragano javljaju. Veoma srda\u010dno se sa had\u017ei-Bajom pozdravlja i 73-godi\u0161nja Francuskinja Mari. Ona ve\u0107 osmi put u\u010destvuje na Mar\u0161u mira. U znak solidarnosti sa bo\u0161nja\u010dkim narodom ona nosi dimije, tradicionalni dio odje\u0107e bo\u0161nja\u010dkih \u017eena. Povjerila nam je da priprema knjigu o Srebrenici, \u010diju promociju planira za Mar\u0161 mira idu\u0107e godine.<\/p>\n<p><a href=\"http:\/\/www.broj19-number19.org\/images\/Mars%20mira.jpg\"><img loading=\"lazy\" decoding=\"async\" alt=\"Mars mira\" src=\"http:\/\/www.broj19-number19.org\/images\/Mars%20mira.jpg\" width=\"234\" height=\"186\" \/><\/a>\u00a0<a href=\"http:\/\/www.broj19-number19.org\/images\/Mari1.jpg\"><img loading=\"lazy\" decoding=\"async\" alt=\"Mari1\" src=\"http:\/\/www.broj19-number19.org\/images\/Mari1.jpg\" width=\"196\" height=\"262\" \/><\/a><\/p>\n<p>Na\u0161a \u2018trojka\u2019 te ve\u010deri kona\u010di u prostorijama mekteba nezu\u010dke d\u017eamije. Primje\u0107ujemo da je u proteklom periodu ovaj d\u017eema\u2019at vrijedno radio na ure\u0111enju d\u017eamije, u kojoj su se te ve\u010deri udobno smjestili mnogi u\u010desnici Mar\u0161a. Efendija nas je \u010dak ljubazno uputio i na kori\u0161\u0107enje automata za kafu u antreu d\u017eamije.<\/p>\n<p>08.7. 2013.g.\/ 29.\u0160a\u2019ban 1434.H.<br \/>\nNa platou iznad sela se i ove godine okupljaju u\u010desnici Mar\u0161a. Organizatori procjenjuju da je oko 5000 u\u010desnika iz Bosne i Hercegovine, susjednih kao i zemalja \u0161irom svijeta. Kao razlog manjem broju navode nastupaju\u0107i Ramazan- mjesec posta. To, me\u0111utim, sigurno nije smetalo grupi mladih ljudi iz Turske, koji su do\u0161li u okviru udru\u017eenja BOSNA-HERSEK EGITIM KULTUR YARDIMLASMA ve DAYANISMA DERNEGI. Do\u0161lo je njih 27 od kojih neke poznajemo sa prethodnih Mar\u0161eva. Na na\u0161e pitanje gdje je Recep (Red\u017eep), jedan od redovnih u\u010desnika Mar\u0161a mira, rekli su nam da trenutno u\u010destvuje u humanitarnim akcijama na granici sa Sirijom, gdje je situacija veoma te\u0161ka.<\/p>\n<p><a href=\"http:\/\/www.broj19-number19.org\/images\/Turci.jpg\"><img loading=\"lazy\" decoding=\"async\" alt=\"Turci\" src=\"http:\/\/www.broj19-number19.org\/images\/Turci.jpg\" width=\"216\" height=\"160\" \/><\/a>\u00a0<a href=\"http:\/\/www.broj19-number19.org\/images\/Turci1.jpg\"><img loading=\"lazy\" decoding=\"async\" alt=\"Turci1\" src=\"http:\/\/www.broj19-number19.org\/images\/Turci1.jpg\" width=\"216\" height=\"160\" \/><\/a><\/p>\n<p>Me\u0111u u\u010desnicima je i grupa mladi\u0107a iz Francuske, kako nam je rekao jedan od njih, Seifuddin, a tu su i Bjelopoljci sa zastavama Sand\u017eaka. Sa Sand\u017eaklijama ja i Senad Had\u017ei\u0107 iz Banovi\u0107a, sa bo\u0161nja\u010dkom nacionalnom zastavom, koji je petu islamsku du\u017enost obavio tako \u0161to je pje\u0161ice pre\u0161ao 3160 km od Bosne do Mekke.<\/p>\n<p><a href=\"http:\/\/www.broj19-number19.org\/images\/Francuzi.jpg\"><img loading=\"lazy\" decoding=\"async\" alt=\"Francuzi\" src=\"http:\/\/www.broj19-number19.org\/images\/Francuzi.jpg\" width=\"216\" height=\"160\" \/><\/a>\u00a0<a href=\"http:\/\/www.broj19-number19.org\/images\/Akova.jpg\"><img loading=\"lazy\" decoding=\"async\" alt=\"Akova\" src=\"http:\/\/www.broj19-number19.org\/images\/Akova.jpg\" width=\"216\" height=\"160\" \/><\/a><\/p>\n<p>Sa improvizovane bine, u\u010desnicima Mar\u0161a dobrodo\u0161licu je po\u017eelio Ismet Omerovi\u0107, na\u010delnik op\u0107ine Sapna. Ameri\u010dki ambasador Patrick Moon je naglasio da je va\u017eno sje\u0107ati se \u017ertava i sa ostalim u\u010desnicima Mar\u0161a sklapati nova prijateljstva. Predsjednik Upravnog odbora Memorijalnog centra Poto\u010dari, Sadik Ahmetovi\u0107, zahvalio se svim prisutnim na u\u010de\u0161\u0107u na stazi koja je posuta kostima onih koji su dali \u017eivot za BiH. Pozdravio je i one koji su krenuli na maraton Vukovar- Poto\u010dari, kao i bicikliste iz devet evropskih zemalja, uklju\u010duju\u0107i i bicikliste iz Beograda. Predsjednik Organizacionog odbora za obilje\u017eavanje 18-godi\u0161njice genocida, i predsjednik op\u0107ine Srebrenica , \u0106amil Durakovi\u0107, upozorio je na razna politi\u010dka previranja oko Srebrenice u proteklom periodu. Prisutnima je po\u017eelio sre\u0107an put i naglasio da o\u010dekuje od u\u010desnika samo respekt i pijetet prema \u017ertvama. Sre\u0107an put po\u017eelio je i ratni komandant Srebrenice Naser Ori\u0107.<\/p>\n<p><a href=\"http:\/\/www.broj19-number19.org\/images\/Naser1.jpg\"><img loading=\"lazy\" decoding=\"async\" alt=\"Naser1\" src=\"http:\/\/www.broj19-number19.org\/images\/Naser1.jpg\" width=\"216\" height=\"160\" \/><\/a>\u00a0<a href=\"http:\/\/www.broj19-number19.org\/images\/Naser.jpg\"><img loading=\"lazy\" decoding=\"async\" alt=\"Naser\" src=\"http:\/\/www.broj19-number19.org\/images\/Naser.jpg\" width=\"216\" height=\"160\" \/><\/a><\/p>\n<p>Podsjetio je na hrabre branitelje Srebrenice, od kojih je svega oko 4000 uspjelo pre\u0107i na slobodnu teritoriju. Veliki broj zarobljenih i potom likvidiranih Bo\u0161njaka, proistekao je zbog upotrebe bojnih otrova od strane jakih srpskih snaga, \u010diji broj je dostizao 25000. U\u010desnici Mar\u0161a \u0107e pre\u0107i put \u017eivota i smrti, kojim su pro\u0161li pre\u017eivjeli iz Srebrenice i time dati svoj doprinos DA SE NE ZABORAVI I NIKADA NIKOM NE PONOVI!<br \/>\nU 9,00 \u010dasova kolona polazi sa platoa i kroz \u0161umu se spu\u0161ta u pravcu \u0161kole.<\/p>\n<p><a href=\"http:\/\/www.broj19-number19.org\/images\/Polazak.jpg\"><img loading=\"lazy\" decoding=\"async\" alt=\"Polazak\" src=\"http:\/\/www.broj19-number19.org\/images\/Polazak.jpg\" width=\"215\" height=\"160\" \/><\/a>\u00a0<a href=\"http:\/\/www.broj19-number19.org\/images\/Polazak1.jpg\"><img loading=\"lazy\" decoding=\"async\" alt=\"Polazak1\" src=\"http:\/\/www.broj19-number19.org\/images\/Polazak1.jpg\" width=\"200\" height=\"159\" \/><\/a><\/p>\n<p>U\u010desnicima se pridru\u017euje 26-\u010dlana grupa \u201cWomen for women\u201d (\u201c\u017dene za \u017eene\u201d), \u010diju polovinu \u010dine \u010dlanovi iz BiH a drugu polovinu iz Francuske, Velike Britanije i jo\u0161 nekih zapadnoevropskih zemalja. Tu su i ove godine \u010dlanovi humanitarne organizacije \u201cBauern helfen\u201d iz Salzburga. Neki od njih u\u010destvuju na Mar\u0161u dok drugi usput dijele vodu, sokove, vo\u0107e\u2026<\/p>\n<p><a href=\"http:\/\/www.broj19-number19.org\/images\/Women.jpg\"><img loading=\"lazy\" decoding=\"async\" alt=\"Women\" src=\"http:\/\/www.broj19-number19.org\/images\/Women.jpg\" width=\"216\" height=\"160\" \/><\/a>\u00a0<a href=\"http:\/\/www.broj19-number19.org\/images\/Salzburg.jpg\"><img loading=\"lazy\" decoding=\"async\" alt=\"Salzburg\" src=\"http:\/\/www.broj19-number19.org\/images\/Salzburg.jpg\" width=\"216\" height=\"160\" \/><\/a><\/p>\n<p>Ivar Petterson je i ove godine do\u0161ao sa svojim udru\u017eenjem \u201cSolidarnost za Srebrenicu\u201d, \u010diji \u010dlanovi su iz vi\u0161e zapadnoevropskih zemalja. Me\u0111u njima je i Donata Manciani, 70-godi\u0161nja Italijanka koja je tu ve\u0107 osmi put zajedno sa svojim suprugom Pinuccom. (Na\u017ealost, na fotografiji nije u prvom planu, tako da se tek djelimi\u010dno vidi sa \u017eutim \u0161e\u0161iri\u0107em na glavi.) Sa njima u grupi je i mladi Filippo Cardaci, tako\u0111e iz Italije, koji je tu sa svojim roditeljima.<\/p>\n<p><a href=\"http:\/\/www.broj19-number19.org\/images\/Ivar.jpg\"><img loading=\"lazy\" decoding=\"async\" alt=\"Ivar\" src=\"http:\/\/www.broj19-number19.org\/images\/Ivar.jpg\" width=\"223\" height=\"160\" \/><\/a>\u00a0<a href=\"http:\/\/www.broj19-number19.org\/images\/Donata.jpg\"><img loading=\"lazy\" decoding=\"async\" alt=\"Donata\" src=\"http:\/\/www.broj19-number19.org\/images\/Donata.jpg\" width=\"216\" height=\"160\" \/><\/a><\/p>\n<p>Javlja nam se srda\u010dno i Fahrudin Buli\u0107 iz (H)Livna, na\u0161 drugar sa pro\u0161logodi\u0161njeg Mar\u0161a. On je u me\u0111uvremenu pred du\u0161u \u017ertava genocida u Srebrenici prou\u010dio 11 hatmi i 8372 sure Ja Sin. Fahrudin je prepoznatljiv i po tome \u0161to mu je najomiljenija garderoba trenerka i dres reprezentacije BiH u fudbalu. Pa\u017enju nam privla\u010de i u\u010desnici na \u010dijim majicama pi\u0161e \u201cDoktori i \u010darobnjaci za Srebrenicu\u201d. Saznajemo da su \u201cDoktori\u201d i \u201c\u010carobnjaci\u201d nazivi za dvije protivni\u010dke ekipe u malom nogometu u Visokom. Jedan od njih, Edin, nam obja\u0161njava da njihova grupa na Mar\u0161u broji pet \u010dlanova i da ovdje, za razliku od fudbalskih susreta, nastupaju ujedinjeni. Koliko su, ina\u010de, popularni u Visokom govori i \u010dinjenica da na njihovim utakmicama bude vi\u0161e posjetilaca nego na susretima NK \u201cBosna\u201d!<\/p>\n<p><a href=\"http:\/\/www.broj19-number19.org\/images\/Fahrudin.jpg\"><img loading=\"lazy\" decoding=\"async\" alt=\"Fahrudin\" src=\"http:\/\/www.broj19-number19.org\/images\/Fahrudin.jpg\" width=\"216\" height=\"160\" \/><\/a>\u00a0<a href=\"http:\/\/www.broj19-number19.org\/images\/Doktori%20i%20carobnjaci.jpg\"><img loading=\"lazy\" decoding=\"async\" alt=\"Doktori i carobnjaci\" src=\"http:\/\/www.broj19-number19.org\/images\/Doktori%20i%20carobnjaci.jpg\" width=\"216\" height=\"160\" \/><\/a><br \/>\nIako smo, generalno, protiv ulaska Crne Gore u NATO alijansu, fotografi\u0161emo se sa ambasadorom Moonom, \u017eele\u0107i time da pozdravimo anga\u017eovanje zvani\u010dnika SAD-a u organizaciji Mar\u0161a mira. Mirsadova narand\u017easta kapa sa porukom \u201cSamo pozitivno\u201d (dio izborne kampanje jedne nove crnogorske politi\u010dke partije) govori vi\u0161e od rije\u010di. Koliko je politi\u010dka situacija u Bosni kompleksna, govori i u\u010de\u0161\u0107e grupe pod nazivom \u201cAnti Dayton\u201d iz Dobo\u0161nice Donje. Organizovali su se u znak neslaganja sa postojanjem genocidne tvorevine zvane \u201cRepublika Srpska\u201d. Ve\u0107 drugi put organizovano u\u010destvuju na Mar\u0161u, a i me\u0111u njima ima pristalica i protivnika ulaska BiH u NATO.<\/p>\n<p><a href=\"http:\/\/www.broj19-number19.org\/images\/US%20ambasador.jpg\"><img loading=\"lazy\" decoding=\"async\" alt=\"US ambasador\" src=\"http:\/\/www.broj19-number19.org\/images\/US%20ambasador.jpg\" width=\"214\" height=\"157\" \/><\/a>\u00a0<a href=\"http:\/\/www.broj19-number19.org\/images\/Anti-Dayton.jpg\"><img loading=\"lazy\" decoding=\"async\" alt=\"Anti-Dayton\" src=\"http:\/\/www.broj19-number19.org\/images\/Anti-Dayton.jpg\" width=\"222\" height=\"155\" \/><\/a><\/p>\n<p>Jo\u0161 uvijek nailazimo na brojna upozorenja na zaostale mine. Ina\u010de, neki ovu mar\u0161rutu nazivaju, osim zvani\u010dnog naziva Mar\u0161 mira, i \u2018Mar\u0161 smrti\u2019, \u2018Put spasa\u2019 ali i \u2018Put d\u017eanarika\u2019. Naime, pored puta nailazimo na brojna stabla ovog drveta, \u010diji plodovi su pomogli iscrpljenim, gladnim i \u017eednim u\u010desnicima proboja da prikupe snagu i stignu na slobodnu teritoriju.<\/p>\n<p><a href=\"http:\/\/www.broj19-number19.org\/images\/Mine.jpg\"><img loading=\"lazy\" decoding=\"async\" alt=\"Mine\" src=\"http:\/\/www.broj19-number19.org\/images\/Mine.jpg\" width=\"216\" height=\"160\" \/><\/a>\u00a0<a href=\"http:\/\/www.broj19-number19.org\/images\/Dzanarike.jpg\"><img loading=\"lazy\" decoding=\"async\" alt=\"Dzanarike\" src=\"http:\/\/www.broj19-number19.org\/images\/Dzanarike.jpg\" width=\"216\" height=\"160\" \/><\/a><\/p>\n<p>Prva pauza je na Parlogu, kod spomen-obilje\u017eja \u0161ehidu Ejubu Goli\u0107u, a sljede\u0107a na Crnom vrhu, gdje stanovnici MZ Kri\u017eevi\u0107i i ove godine do\u010dekuju kolonu i nude kafu, \u010daj\u2026 Iako najavljeni, istorijskih \u010dasova nema, \u0161to smatramo da je propust koji treba ubudu\u0107e ispraviti.<br \/>\nMe\u0111u u\u010desnicima je i Dr Mehmet- Me\u0161a, neurolog iz Istanbula. Tu je sa svojim sestri\u0107em Camalom (D\u017eamalom), u okviru udru\u017eenja \u201cBOSNA HERSEK VAKIF AKADEMI\u201d. Ka\u017ee da su njegovi preci jo\u0161 prije 120 godina iz Sarajeva odselili za Tursku.<\/p>\n<p><a href=\"http:\/\/www.broj19-number19.org\/images\/Odmor.jpg\"><img loading=\"lazy\" decoding=\"async\" alt=\"Odmor\" src=\"http:\/\/www.broj19-number19.org\/images\/Odmor.jpg\" width=\"216\" height=\"160\" \/><\/a>\u00a0<a href=\"http:\/\/www.broj19-number19.org\/images\/Dr%20Mehmet.jpg\"><img loading=\"lazy\" decoding=\"async\" alt=\"Dr Mehmet\" src=\"http:\/\/www.broj19-number19.org\/images\/Dr%20Mehmet.jpg\" width=\"184\" height=\"252\" \/><\/a><\/p>\n<p>Tu je i grupa iz Grada\u010dca, rodnog mjesta Husein-bega Grada\u0161\u010devi\u0107a, legendarnog Zmaja od Bosne.<\/p>\n<p><a href=\"http:\/\/www.broj19-number19.org\/images\/Zmaj%20od%20Bosne.jpg\"><img loading=\"lazy\" decoding=\"async\" alt=\"Zmaj od Bosne\" src=\"http:\/\/www.broj19-number19.org\/images\/Zmaj%20od%20Bosne.jpg\" width=\"446\" height=\"333\" \/><\/a><\/p>\n<p><a href=\"http:\/\/www.broj19-number19.org\/images\/Farma.jpg\"><img loading=\"lazy\" decoding=\"async\" id=\"FloatImageLeft\" alt=\"Farma\" src=\"http:\/\/www.broj19-number19.org\/images\/Farma.jpg\" width=\"220\" height=\"159\" \/><\/a><\/p>\n<p>&nbsp;<\/p>\n<p>Na jednoj dionici trase, u gustoj \u0161umi, nailazimo na improvizovanu \u0161talu sa brojnim kozama. Tako\u0111e primje\u0107ujemo da je ova godina veoma plodna jer je dobro rodilo vo\u0107e i povr\u0107e.<\/p>\n<p>&nbsp;<\/p>\n<p>No\u0107 provodimo u Jo\u0161anici, u seoskoj d\u017eamiji gdje nas srda\u010dno do\u010dekuje imam Osman Halilovi\u0107 sa svojim d\u017eema\u2019atlijama. Ina\u010de, Osman-efendija je nakon Behram-begove medrese zavr\u0161io studije knji\u017eevnosti i planira upisati postdiplomske studije. U jednoj od susjednih ku\u0107a odsjela je grupa iz turske humanitarne organizacije IHH. Zajedno ve\u010deramo u prostorijama mekteba a bivamo po\u010da\u0161\u0107eni i sehurom, jer narednog dana po\u010dinje mjesec Ramazan. Tokom no\u0107i u d\u017eamiju pristi\u017eu i drugi u\u010desnici, mokri do gole ko\u017ee, od kojih saznajemo da je ki\u0161a koja neprestano pada poplavila logor koji je postavila vojska.<\/p>\n<p>&nbsp;<\/p>\n<p>09.7.2013.h.\/ 1.Ramazan 1434.H.<br \/>\nPrvi dan posta. Fotografi\u0161emo se ispred jo\u0161ani\u010dke d\u017eamije. Tu su ostaci stare munare koja je sru\u0161ena tokom srpske agresije i ostavljena je da podsje\u0107a naredne generacije na po\u010dinjene zlo\u010dine. Sa mladi\u0107ima iz Turske je Nijaz Nani\u0107 iz Bu\u017eima, profesor informatike i nosilac najve\u0107eg odlikovanja \u201cZlatni ljiljan\u201d, ina\u010de brat proslavljenog ratnog komandanta Izeta Nani\u0107a. Sa njim su Muhsin, Mustafa i Halil iz Turske. Muhsin radi kao marketing menad\u017eer u Istanbulu, a u organizaciji IHH volontira. Veliki je zaljubljenik u Bosnu i ve\u0107 tre\u0107i put u\u010destvuje na Mar\u0161u mira. Pri\u010da nam o nedavnom susretu sa Rohingya muslimanima u Arakanu i strahotama kojim su podvrgnuti od strane tamo\u0161njeg re\u017eima. Organizacija IHH je osnovala punkt za pru\u017eanje humanitarne pomo\u0107i tom nesre\u0107nom narodu. Muhsin ne krije iznena\u0111enje da se prisutne bo\u0161nja\u010dke djevojke uop\u0161te ne razlikuju svojim odijevanjem, izuzev nekolicine sa hid\u017eabom, kao ni pona\u0161anjem zajedno sa mladim Bo\u0161njacima od kojih mnogi raskala\u0161no nastupaju i nerijetko koriste neprimjerenu komunikaciju? Mustafa je ma\u0161inski in\u017einjer i radi u istoj firmi sa Muhsinom. Svoju kreativnost nam je demonstrirao tako \u0161to je improvizovao gama\u0161ne od najlonskih kesa, kako bi se donekle za\u0161titio od ki\u0161e koja neprestano pada.<\/p>\n<p><a href=\"http:\/\/www.broj19-number19.org\/images\/Josanica.jpg\"><img loading=\"lazy\" decoding=\"async\" alt=\"Josanica\" src=\"http:\/\/www.broj19-number19.org\/images\/Josanica.jpg\" width=\"216\" height=\"160\" \/><\/a>\u00a0<a href=\"http:\/\/www.broj19-number19.org\/images\/Mustafa.jpg\"><img loading=\"lazy\" decoding=\"async\" alt=\"Mustafa\" src=\"http:\/\/www.broj19-number19.org\/images\/Mustafa.jpg\" width=\"217\" height=\"161\" \/><\/a><\/p>\n<p>Njihov drug Halil je zaposlen kao komercijalista u fabrici za proizvodnju automobiliskih guma u Izmitu. Iako ima problema sa astmom i koristi pumpicu, Halil je ispostio prvi dan Ramazana. Ni naporna dionica puta ga nije sprije\u010dila da ostvari svoj nijjet.<br \/>\nSa nama je i Bekir iz Bratunca sa svojim prijateljem Husrefom Bazard\u017eanovi\u0107em, Zvorni\u010daninom koji od nedavno \u017eivi u Sarajevu. 75-godi\u0161nji Husref u\u010destvuje na Mar\u0161u od po\u010detka ove manifestacije, 2005-te godine.<br \/>\nU blizini rijeke Drinja\u010de, medicinske ekipe ukazuju pomo\u0107 nekim u\u010desnicima. Nakon uspona na planinu Udr\u010d (preko 1050 mnm), neki primaju i infuziju.<\/p>\n<p><a href=\"http:\/\/www.broj19-number19.org\/images\/Prva%20pomoc.jpg\"><img loading=\"lazy\" decoding=\"async\" alt=\"Prva pomoc\" src=\"http:\/\/www.broj19-number19.org\/images\/Prva%20pomoc.jpg\" width=\"216\" height=\"160\" \/><\/a>\u00a0<a href=\"http:\/\/www.broj19-number19.org\/images\/Prva%20pomoc1.jpg\"><img loading=\"lazy\" decoding=\"async\" alt=\"Prva pomoc1\" src=\"http:\/\/www.broj19-number19.org\/images\/Prva%20pomoc1.jpg\" width=\"216\" height=\"160\" \/><\/a><\/p>\n<p>Od Rova\u0161a nas neprestano prati ki\u0161a sa grmljavinom. Ni kabanice ne poma\u017eu mnogo, tako da smo svi manje-vi\u0161e mokri.<br \/>\nKona\u010dimo u Konjevi\u0107 Polju gdje nas je ugostio Ali\u0107 Be\u0107ir a njegova supruga nam priprema bogat iftar. Nakon penzionisanja, Be\u0107ir se vratio u rodno mjesto dok njegovi sinovi \u017eive u \u0160vajcarskoj. Stariji Samir je vrlo popularan zabavlja\u010d u dijaspori, a njegovi uspje\u0161ni nastupi mogu se pogledati i na Youtube-u. Veliki je patriota i navija\u010d bosansko-hercegova\u010dke reprezentacije, a u\u010destvuje i u brojnim humanitarnim akcijama. Tako\u0111e je i veliki po\u0161tovalac turskog premijera Erdogana i navija\u010d Fenerbah\u010dea.<br \/>\nBe\u0107ir je na konak primio i dvojicu policajaca iz Kalesije, koji su na Mar\u0161 doveli i sinove. Ka\u017eu nam da je ki\u0161a i u kampu u Mravinjcima poplavila \u0161atore. Jedan od u\u010desnika je \u010dak povrije\u0111en od udara groma (kasnije \u010dujemo da je uspje\u0161no hospitalizovan).<br \/>\nTako\u0111e, u me\u0111uvremenu saznajemo da su jednu grupu napali str\u0161ljenovi. Navodno je jedan od u\u010desnika, usljed alergijske reakcije, podlegao.<br \/>\nHad\u017ei- Baja nam pri\u010da kako je sa svojim kolegama iz Gorske slu\u017ebe spasavanja iz Gora\u017eda, u\u010destvovao na iskopavanju posmrtnih ostataka iz jezera Peru\u0107ac, nakon pra\u017enjenja akumulacije. Bez ikakve materijalne naknade, tokom 70 dana su na\u0161li preko 400 \u017ertava zlo\u010dina iz perioda ratnih zbivanja 90-tih.<\/p>\n<p>&nbsp;<\/p>\n<p>10.7.2013.g.\/2.Ramazan 1434.H.<br \/>\nKi\u0161a je prestala. Na\u0161 mladi doma\u0107in Samir nas prati jedan dio puta. Srije\u0107emo i malu Aminu iz Janje, koja je, takore\u0107i, postala jedan od simbola Mar\u0161a. Ovog puta se ne krije od objektiva foto-aparata i, dok duva balon koji joj je poklonio Halil, ka\u017ee nam da sada ima 7 godina i ovo joj je \u010detvrto u\u010de\u0161\u0107e na Mar\u0161u mira. Halil nam obja\u0161anjava, dok dijeli usput balone sa motivom turske zastave i drugoj djeci na koju nailazimo, da ovim simboli\u010dno \u017eeli poslati poruku da su \u201cTurci na ovim prostorima bili, sada su tu i bi\u0107e uvijek\u201d!<\/p>\n<p><a href=\"http:\/\/www.broj19-number19.org\/images\/Samir%20A1.jpg\"><img loading=\"lazy\" decoding=\"async\" alt=\"Samir A1\" src=\"http:\/\/www.broj19-number19.org\/images\/Samir%20A1.jpg\" width=\"216\" height=\"160\" \/><\/a>\u00a0<a href=\"http:\/\/www.broj19-number19.org\/images\/Amina.jpg\"><img loading=\"lazy\" decoding=\"async\" alt=\"Amina\" src=\"http:\/\/www.broj19-number19.org\/images\/Amina.jpg\" width=\"196\" height=\"262\" \/><\/a><\/p>\n<p>Na Mar\u0161u ve\u0107 drugi put u\u010destvuje i Norve\u017eanka Elza, koja je po struci antropolog i ve\u0107 sasvim solidno govori bosanski jezik. (Fotografisali smo je u dru\u0161tvu Halila, u Poto\u010darima.)Skre\u0107emo joj pa\u017enju na brojne bogumilske ste\u0107ke na koje nailazimo. U koloni je i mladi Lakota iz Kladnice kod Sjenice. Iako ima probleme sa bolom u koljenu, on ipak ne odustaje od posta. Tu je i jedan konjanik, u\u010desnik proboja 1992., koji u\u010desnicima Mar\u0161a dijeli slatki\u0161e.<\/p>\n<p><a href=\"http:\/\/www.broj19-number19.org\/images\/Elza%20i%20Halil.jpg\"><img loading=\"lazy\" decoding=\"async\" alt=\"Elza i Halil\" src=\"http:\/\/www.broj19-number19.org\/images\/Elza%20i%20Halil.jpg\" width=\"173\" height=\"234\" \/><\/a>\u00a0<a href=\"http:\/\/www.broj19-number19.org\/images\/Konjanik.jpg\"><img loading=\"lazy\" decoding=\"async\" alt=\"Konjanik\" src=\"http:\/\/www.broj19-number19.org\/images\/Konjanik.jpg\" width=\"262\" height=\"191\" \/><\/a><\/p>\n<p>Na trasi koja prolazi kroz selo \u0160iljkovi\u0107i, primje\u0107ujemo pored puta nove nadgrobne spomenike koji su o\u010digledno postavljeni daleko od groblja. Ku\u0107e u selu su uglavnom zapu\u0161tene i nenaseljene, a pomenute spomenike budno \u010duvaju redari i policija iz srpskog dijela BiH. Imaju\u0107i u vidu \u010dinjenicu da u BiH tokom proteklog rata nijedna crkva nije stradala od strane bosanskih branitelja, name\u0107e se logi\u010dno pitanje \u010demu toliko obezbje\u0111enje nekoliko pravoslavnih spomenika i spomen-\u010desama, \u010dak \u0161tavi\u0161e djeluje kao provokacija?<\/p>\n<p><a href=\"http:\/\/www.broj19-number19.org\/images\/Spomenici.jpg\"><img loading=\"lazy\" decoding=\"async\" alt=\"Spomenici\" src=\"http:\/\/www.broj19-number19.org\/images\/Spomenici.jpg\" width=\"216\" height=\"160\" \/><\/a>\u00a0<a href=\"http:\/\/www.broj19-number19.org\/images\/Spomenici1.jpg\"><img loading=\"lazy\" decoding=\"async\" alt=\"Spomenici1\" src=\"http:\/\/www.broj19-number19.org\/images\/Spomenici1.jpg\" width=\"216\" height=\"160\" \/><\/a><\/p>\n<p>Na Turbetu- \u0161ehidskom spomen obilje\u017eju na Palama, mje\u0161tani su i ove godine postavili sed\u017eade tako da se mo\u017ee obaviti namaz. To je naro\u010dito zna\u010dajno ako se uzme u obzir da je d\u017eamija u Rova\u0161ima posljednja na dionici puta do Srebrenice. Jedan od inicijatora i u\u010desnika u izgradnji ovog spomen-obilje\u017eja je Ahmet Mehmedovi\u0107. Poznat i po nadimku \u201eSlovenac\u201c jer je godinama radio u Sloveniji, u\u010desnik je otpora srpskoj agresiji od prvog dana. Upravo na tom mjestu je izvr\u0161eno prvo postrojavanje bataljona pod komandom Nasera Ori\u0107a, a \u0161tab komande bio je smje\u0161ten u Ahmetovoj ku\u0107i. Dva puta je ranjavan. Pri\u010da nam koliko su peripetija imali prilikom dobijanja dozvole za izgradnju Turbeta. Sva ta obimna dokumentacija tra\u017eena je kako bi se napravio pandan pravoslavnoj crkvi koja je sagra\u0111ena u selu Budak! Naime, u neposrednoj blizini jedne od masovnih grobnica sagra\u0111ena je crkva i to na uzvi\u0161ici iznad mezarja u Poto\u010darima. To je bio i razlog da se izmijeni trasa, a do\u0161lo je u pitanje i samo odr\u017eavanje Mar\u0161a. Iako je od po\u010detka upitna njena izgradnja, crkva je sagra\u0111ena i pod obezbje\u0111enjem je jakih policijskih snaga.<\/p>\n<p><a href=\"http:\/\/www.broj19-number19.org\/images\/Turbe.jpg\"><img loading=\"lazy\" decoding=\"async\" alt=\"Turbe\" src=\"http:\/\/www.broj19-number19.org\/images\/Turbe.jpg\" width=\"216\" height=\"160\" \/><\/a>\u00a0<a href=\"http:\/\/www.broj19-number19.org\/images\/Crkva.jpg\"><img loading=\"lazy\" decoding=\"async\" alt=\"Crkva\" src=\"http:\/\/www.broj19-number19.org\/images\/Crkva.jpg\" width=\"216\" height=\"160\" \/><\/a><\/p>\n<p>Ko\u017ear Adnan iz Novog Pazara nosi pti\u010dicu u kavezu. Ka\u017ee nam da on i njegov sugra\u0111anin Hubani\u0107 El Jessa ve\u0107 tre\u0107i put u\u010destvuju na Mar\u0161u. Ove godine sa njima je \u0161tiglic sa planine Bjela\u0161nica, ptica koju su nazvali \u2018\u0110ulzulejha\u2019 i koju \u0107e simboli\u010dno pustiti na slobodu u Memorijalnom centru u Poto\u010darima.<\/p>\n<p><a href=\"http:\/\/www.broj19-number19.org\/images\/Djulzulejha.jpg\"><img loading=\"lazy\" decoding=\"async\" alt=\"Djulzulejha\" src=\"http:\/\/www.broj19-number19.org\/images\/Djulzulejha.jpg\" width=\"196\" height=\"262\" \/><\/a>\u00a0<a href=\"http:\/\/www.broj19-number19.org\/images\/El%20Jessa1.jpg\"><img loading=\"lazy\" decoding=\"async\" alt=\"El jessa1\" src=\"http:\/\/www.broj19-number19.org\/images\/El%20Jessa1.jpg\" width=\"238\" height=\"175\" \/><\/a><\/p>\n<p>Oko 17 \u010dasova, nakon \u0161to se konsolidovala, kolona se strmom, uzanom stazom spu\u0161ta prema Poto\u010darima. Pred nama se prostire more bijelih \u0161ehidskih ni\u0161ana.<\/p>\n<p><a href=\"http:\/\/www.broj19-number19.org\/images\/Silazak1.jpg\"><img loading=\"lazy\" decoding=\"async\" alt=\"Silazak1\" src=\"http:\/\/www.broj19-number19.org\/images\/Silazak1.jpg\" width=\"216\" height=\"160\" \/><\/a>\u00a0<a href=\"http:\/\/www.broj19-number19.org\/images\/Silazak2.jpg\"><img loading=\"lazy\" decoding=\"async\" alt=\"Silazak2\" src=\"http:\/\/www.broj19-number19.org\/images\/Silazak2.jpg\" width=\"216\" height=\"160\" \/><\/a><\/p>\n<p>Do\u010dekuju nas brojni predstavnici doma\u0107ih i stranih medija. Kolona tiho i dostojanstveno, nose\u0107i razvijene dr\u017eavne i nacionalne zastave, ulazi u Memorijalni centar.<\/p>\n<p><a href=\"http:\/\/www.broj19-number19.org\/images\/Memorijalni%20centar.jpg\"><img loading=\"lazy\" decoding=\"async\" alt=\"Memorijalni centar\" src=\"http:\/\/www.broj19-number19.org\/images\/Memorijalni%20centar.jpg\" width=\"216\" height=\"160\" \/><\/a>\u00a0<a href=\"http:\/\/www.broj19-number19.org\/images\/El%20Jessa2.jpg\"><img loading=\"lazy\" decoding=\"async\" alt=\"El Jessa2\" src=\"http:\/\/www.broj19-number19.org\/images\/El%20Jessa2.jpg\" width=\"216\" height=\"160\" \/><\/a><\/p>\n<p>Nakon rije\u010di dobrodo\u0161lice Visokog predstavnika UN-a i organizatora Mar\u0161a, pristupa se izno\u0161enju posmrtnih ostataka iz obli\u017enje nekada\u0161nje fabri\u010dke hale. Na platou pored Musalle ove godine stalo je 409 tabuta.<\/p>\n<p><a href=\"http:\/\/www.broj19-number19.org\/images\/Tabuti.jpg\"><img loading=\"lazy\" decoding=\"async\" alt=\"Tabuti\" src=\"http:\/\/www.broj19-number19.org\/images\/Tabuti.jpg\" width=\"216\" height=\"160\" \/><\/a>\u00a0<a href=\"http:\/\/www.broj19-number19.org\/images\/Tabuti1.jpg\"><img loading=\"lazy\" decoding=\"async\" alt=\"Tabuti1\" src=\"http:\/\/www.broj19-number19.org\/images\/Tabuti1.jpg\" width=\"216\" height=\"160\" \/><\/a><\/p>\n<p>Ve\u0107 su spremni i svje\u017ee iskopani mezari. Ne\u0161to kasnije, sti\u017ee grupa maratonaca iz Vukovara.<\/p>\n<p><a href=\"http:\/\/www.broj19-number19.org\/images\/Mezari%20novi.jpg\"><img loading=\"lazy\" decoding=\"async\" alt=\"Mezari novi\" src=\"http:\/\/www.broj19-number19.org\/images\/Mezari%20novi.jpg\" width=\"216\" height=\"160\" \/><\/a>\u00a0<a href=\"http:\/\/www.broj19-number19.org\/images\/Maratonci.jpg\"><img loading=\"lazy\" decoding=\"async\" alt=\"Maratonci\" src=\"http:\/\/www.broj19-number19.org\/images\/Maratonci.jpg\" width=\"216\" height=\"160\" \/><\/a><br \/>\nOko 19 \u010dasova sti\u017ee i impresivan broj motociklista iz svih krajeva BiH kao i iz inostranstva. Nekih sat vremena kasnije sti\u017eu i biciklisti, me\u0111u kojim je i jedan broj invalida.<\/p>\n<p><a href=\"http:\/\/www.broj19-number19.org\/images\/Bajkeri.jpg\"><img loading=\"lazy\" decoding=\"async\" alt=\"Bajkeri\" src=\"http:\/\/www.broj19-number19.org\/images\/Bajkeri.jpg\" width=\"216\" height=\"160\" \/><\/a>\u00a0<a href=\"http:\/\/www.broj19-number19.org\/images\/Biciklisti.jpg\"><img loading=\"lazy\" decoding=\"async\" alt=\"Biciklisti\" src=\"http:\/\/www.broj19-number19.org\/images\/Biciklisti.jpg\" width=\"216\" height=\"160\" \/><\/a><\/p>\n<p>Zajedno sa jo\u0161 nekolicinom u\u010desnika Mar\u0161a, primljeni smo u ku\u0107u Amire Muji\u0107.<\/p>\n<p><a href=\"http:\/\/www.broj19-number19.org\/images\/Amira.jpg\"><img loading=\"lazy\" decoding=\"async\" alt=\"Amira\" src=\"http:\/\/www.broj19-number19.org\/images\/Amira.jpg\" width=\"446\" height=\"333\" \/><\/a><\/p>\n<p>Nakon pada Srebrenice, po\u0161to joj je suprug ubijen, sa sin\u010di\u0107em i k\u0107erkicom iz sabirnog centra u Poto\u010darima smje\u0161tena je u izbjegli\u010dki centar u Tuzli a potom u \u017divinice, da bi zatim pre\u0161la u \u0160vajcarsku gdje je tek nakon vi\u0161egodi\u0161njih peripetija uspjela regulisati status. Prvi put nakon nakon tragi\u010dnih doga\u0111aja, u Srebrenicu dolazi 2007-me, na d\u017eenazu svom ocu. Ku\u0107a u kojoj smo smje\u0161teni, ispunjenje je sna koji je sanjala sa svojim suprugom koji bi trebao biti sahranjen naredne godine, jer je na\u0111en dio skeleta. Amira je za sve goste u ku\u0107i obezbijedila bogatu ve\u010deru- iftar i doru\u010dak- sehur.<br \/>\n<a href=\"http:\/\/www.broj19-number19.org\/images\/Patike.jpg\"><img loading=\"lazy\" decoding=\"async\" id=\"FloatImageLeft\" alt=\"Patike\" src=\"http:\/\/www.broj19-number19.org\/images\/Patike.jpg\" width=\"200\" height=\"149\" name=\"FloatImageLeft\" \/><\/a><\/p>\n<p>&nbsp;<\/p>\n<p>&nbsp;<\/p>\n<p>Napokon, mogu se odlo\u017eiti i patike u kojim je i \u010detvrti put pre\u0111ena dionica Nezuk- Poto\u010dari.<\/p>\n<p>&nbsp;<\/p>\n<p>&nbsp;<\/p>\n<p>&nbsp;<\/p>\n<p>11.7.2013.g.\/3.Ramazan 1434.H.<br \/>\nU Poto\u010dare pristi\u017ee sve vi\u0161e naroda. Na\u017ealost, i ove godine uo\u010dljivo je prisustvo prosjaka svih profila i \u2018modus operandi-a\u2019. Beskrupulozni su i tra\u017ee novac \u010dak i pored tabuta sa posmrtnim ostacima. Brojne su improvizovane tezge sa pe\u010denjem i raznoraznom robom.<br \/>\nNana Dika Ganibegovi\u0107 iz Jajca deveti put dolazi na d\u017eenazu. Pri\u010da nam da je ro\u0111ena 1930.godine i da je po\u010detno obrazovanje sticala u d\u017eamiji koja je sagra\u0111ena u Zagrebu u periodu Paveli\u0107eve NDH. Sve vrijeme ovog posljednjeg rata provela je u Jajcu. \u010cak je dva mjeseca bila zato\u010dena u logoru kod Viteza. Redovito je vodila svoj dnevnik. Dva puta je bila na Had\u017ed\u017eu, za sebe i sina koji je poginuo u ratu. Iako joj je neophodna operacija katarakte, smatra da je odlazak na Had\u017ed\u017e bio pre\u010di. U Jajcu sada \u017eivi sama i ka\u017ee da je malo Bo\u0161njaka koji se vra\u0107aju u svoj rodni grad.<br \/>\nKao i svake godine, pristi\u017eu brojne delegacije doma\u0107ih i stranih dr\u017eavnika i politi\u010dara. Ustaljeni protokol. Veliki je broj novinara i pripadnika obezbje\u0111enja. U Muzeju Memorijalnog centra vlada velika gu\u017eva, ali nema novih sadr\u017eaja.<\/p>\n<p><a href=\"http:\/\/www.broj19-number19.org\/images\/Nana%20Dika.jpg\"><img loading=\"lazy\" decoding=\"async\" alt=\"Nana Dika\" src=\"http:\/\/www.broj19-number19.org\/images\/Nana%20Dika.jpg\" width=\"214\" height=\"151\" \/><\/a>\u00a0<a href=\"http:\/\/www.broj19-number19.org\/images\/Muzej.jpg\"><img loading=\"lazy\" decoding=\"async\" alt=\"Muzej\" src=\"http:\/\/www.broj19-number19.org\/images\/Muzej.jpg\" width=\"207\" height=\"152\" \/><\/a><\/p>\n<p>Ispred kompleksa Memorijalnog centra i ove godine je Hamza Yavuz sa svojim Udru\u017eenjem Bo\u0161njaka iz Izmira. Primje\u0107ujemo jo\u0161 neke organizovane grupe iz Turske koje su do\u0161le na d\u017eenazu.<\/p>\n<p><a href=\"http:\/\/www.broj19-number19.org\/images\/Izmir.jpg\"><img loading=\"lazy\" decoding=\"async\" alt=\"Izmir\" src=\"http:\/\/www.broj19-number19.org\/images\/Izmir.jpg\" width=\"216\" height=\"160\" \/><\/a>\u00a0<a href=\"http:\/\/www.broj19-number19.org\/images\/Turci2.jpg\"><img loading=\"lazy\" decoding=\"async\" alt=\"Turci2\" src=\"http:\/\/www.broj19-number19.org\/images\/Turci2.jpg\" width=\"216\" height=\"160\" \/><\/a><\/p>\n<p>Unutar Memorijalnog centra su predstavnici asocijacije \u017dene u crnom. Me\u0111u njima i Ljupka Kova\u010devi\u0107 i Tatjana Crepulja iz NVO ANIMA.<\/p>\n<p><a href=\"http:\/\/www.broj19-number19.org\/images\/Zene%20u%20crnom%20I.jpg\"><img loading=\"lazy\" decoding=\"async\" alt=\"Zene u crnom I\" src=\"http:\/\/www.broj19-number19.org\/images\/Zene%20u%20crnom%20I.jpg\" width=\"216\" height=\"160\" \/><\/a>\u00a0<a href=\"http:\/\/www.broj19-number19.org\/images\/Zene%20u%20crnom1.jpg\"><img loading=\"lazy\" decoding=\"async\" alt=\"Zene u crnom1\" src=\"http:\/\/www.broj19-number19.org\/images\/Zene%20u%20crnom1.jpg\" width=\"216\" height=\"160\" \/><\/a><\/p>\n<p>Visoke dr\u017eavne delegacije pola\u017eu vijence na spomenik \u0161ehidima. Jaka ki\u0161a je donekle unijela pometnju u protokol. Molitveni prostor se puni vjerskim velikodostojnicima. Doskora\u0161nji Reisu-l-ulema Mustafa Ceri\u0107 predvodi molitvu i d\u017eenazu.<\/p>\n<p><a href=\"http:\/\/www.broj19-number19.org\/images\/Bakir.jpg\"><img loading=\"lazy\" decoding=\"async\" alt=\"Bakir\" src=\"http:\/\/www.broj19-number19.org\/images\/Bakir.jpg\" width=\"216\" height=\"160\" \/><\/a>\u00a0<a href=\"http:\/\/www.broj19-number19.org\/images\/Musalla.jpg\"><img loading=\"lazy\" decoding=\"async\" alt=\"Musalla\" src=\"http:\/\/www.broj19-number19.org\/images\/Musalla.jpg\" width=\"216\" height=\"160\" \/><\/a><\/p>\n<p>Ki\u0161a u me\u0111uvremenu prestaje i posmrtni ostaci 409 \u0161ehida, na rukama svojih najbli\u017eih i ostalih prisutnih, nose se prema svojim mezarima.<\/p>\n<p><a href=\"http:\/\/www.broj19-number19.org\/images\/Tabuti2.jpg\"><img loading=\"lazy\" decoding=\"async\" alt=\"Tabuti2\" src=\"http:\/\/www.broj19-number19.org\/images\/Tabuti2.jpg\" width=\"217\" height=\"161\" \/><\/a>\u00a0<a href=\"http:\/\/www.broj19-number19.org\/images\/Ukop.jpg\"><img loading=\"lazy\" decoding=\"async\" alt=\"Ukop\" src=\"http:\/\/www.broj19-number19.org\/images\/Ukop.jpg\" width=\"216\" height=\"160\" \/><\/a><\/p>\n<p>I na kraju ovih dnevni\u010dkih zapisa, pitamo se:<br \/>\nKoliko jo\u0161 neznanih grobnica \u010duva posmrtne ostatke ostalih \u0161ehida? A koliko njih nikada ne\u0107e biti otkriveno?<br \/>\nDA LI \u0106EMO SE IKADA OPAMETITI I IZVU\u0106I POUKU???<\/p>\n","protected":false},"excerpt":{"rendered":"<p>Mirsad Kurga\u0161<\/p>\n","protected":false},"author":83,"featured_media":82430,"comment_status":"open","ping_status":"open","sticky":false,"template":"","format":"standard","meta":{"footnotes":""},"categories":[398,10196,10174,396,395,399],"tags":[10237],"class_list":{"0":"post-82428","1":"post","2":"type-post","3":"status-publish","4":"format-standard","5":"has-post-thumbnail","7":"category-rozaje","8":"category-iz-pera-nasih-autora","9":"category-petnjica-vase-vijesti","10":"category-bijelo_polje","11":"category-pljevlja_","12":"category-plav_","13":"tag-mirsad-kurgas"},"yoast_head":"<!-- This site is optimized with the Yoast SEO Premium plugin v23.1 (Yoast SEO v24.9) - https:\/\/yoast.com\/wordpress\/plugins\/seo\/ -->\n<title>Sand\u017eaklije na Mar\u0161u mira 2013<\/title>\n<meta name=\"robots\" content=\"index, follow, max-snippet:-1, max-image-preview:large, max-video-preview:-1\" \/>\n<link rel=\"canonical\" href=\"https:\/\/sandzakpress.net\/arhiva\/sandzaklije-na-marsu-mira-2013\/\" \/>\n<meta property=\"og:locale\" content=\"bs_BA\" \/>\n<meta property=\"og:type\" content=\"article\" \/>\n<meta property=\"og:title\" content=\"Sand\u017eaklije na Mar\u0161u mira 2013\" \/>\n<meta property=\"og:description\" content=\"Mirsad Kurga\u0161\" \/>\n<meta property=\"og:url\" content=\"https:\/\/sandzakpress.net\/arhiva\/sandzaklije-na-marsu-mira-2013\/\" \/>\n<meta property=\"og:site_name\" content=\"Sand\u017eak PRESS\" \/>\n<meta property=\"article:published_time\" content=\"2013-07-20T23:34:43+00:00\" \/>\n<meta property=\"article:modified_time\" content=\"2013-07-20T23:39:11+00:00\" \/>\n<meta property=\"og:image\" content=\"https:\/\/sandzakpress.net\/arhiva\/wp-content\/uploads\/2013\/07\/MirsadKurgas.jpg\" \/>\n\t<meta property=\"og:image:width\" content=\"380\" \/>\n\t<meta property=\"og:image:height\" content=\"253\" \/>\n\t<meta property=\"og:image:type\" content=\"image\/jpeg\" \/>\n<meta name=\"author\" content=\"bosniak\" \/>\n<meta name=\"twitter:card\" content=\"summary_large_image\" \/>\n<meta name=\"twitter:label1\" content=\"Written by\" \/>\n\t<meta name=\"twitter:data1\" content=\"bosniak\" \/>\n\t<meta name=\"twitter:label2\" content=\"Est. reading time\" \/>\n\t<meta name=\"twitter:data2\" content=\"16 minuta\" \/>\n<script type=\"application\/ld+json\" class=\"yoast-schema-graph\">{\"@context\":\"https:\/\/schema.org\",\"@graph\":[{\"@type\":\"Article\",\"@id\":\"https:\/\/sandzakpress.net\/arhiva\/sandzaklije-na-marsu-mira-2013\/#article\",\"isPartOf\":{\"@id\":\"https:\/\/sandzakpress.net\/arhiva\/sandzaklije-na-marsu-mira-2013\/\"},\"author\":{\"name\":\"bosniak\",\"@id\":\"https:\/\/sandzakpress.net\/arhiva\/#\/schema\/person\/c8baee722073534b583ea7bdb2e36c02\"},\"headline\":\"Sand\u017eaklije na Mar\u0161u mira 2013\",\"datePublished\":\"2013-07-20T23:34:43+00:00\",\"dateModified\":\"2013-07-20T23:39:11+00:00\",\"mainEntityOfPage\":{\"@id\":\"https:\/\/sandzakpress.net\/arhiva\/sandzaklije-na-marsu-mira-2013\/\"},\"wordCount\":3239,\"commentCount\":1,\"publisher\":{\"@id\":\"https:\/\/sandzakpress.net\/arhiva\/#\/schema\/person\/6e72b67d6e51910a1117b3b483ba20bd\"},\"image\":{\"@id\":\"https:\/\/sandzakpress.net\/arhiva\/sandzaklije-na-marsu-mira-2013\/#primaryimage\"},\"thumbnailUrl\":\"https:\/\/sandzakpress.net\/arhiva\/wp-content\/uploads\/2013\/07\/MirsadKurgas.jpg\",\"keywords\":[\"Mirsad Kurga\u0161\"],\"articleSection\":[\"Ro\u017eaje\",\"Iz pera na\u0161ih autora\",\"Petnjica\",\"Bijelo Polje\",\"Pljevlja\",\"Plav\"],\"inLanguage\":\"bs-BA\",\"potentialAction\":[{\"@type\":\"CommentAction\",\"name\":\"Comment\",\"target\":[\"https:\/\/sandzakpress.net\/arhiva\/sandzaklije-na-marsu-mira-2013\/#respond\"]}]},{\"@type\":\"WebPage\",\"@id\":\"https:\/\/sandzakpress.net\/arhiva\/sandzaklije-na-marsu-mira-2013\/\",\"url\":\"https:\/\/sandzakpress.net\/arhiva\/sandzaklije-na-marsu-mira-2013\/\",\"name\":\"Sand\u017eaklije na Mar\u0161u mira 2013\",\"isPartOf\":{\"@id\":\"https:\/\/sandzakpress.net\/arhiva\/#website\"},\"primaryImageOfPage\":{\"@id\":\"https:\/\/sandzakpress.net\/arhiva\/sandzaklije-na-marsu-mira-2013\/#primaryimage\"},\"image\":{\"@id\":\"https:\/\/sandzakpress.net\/arhiva\/sandzaklije-na-marsu-mira-2013\/#primaryimage\"},\"thumbnailUrl\":\"https:\/\/sandzakpress.net\/arhiva\/wp-content\/uploads\/2013\/07\/MirsadKurgas.jpg\",\"datePublished\":\"2013-07-20T23:34:43+00:00\",\"dateModified\":\"2013-07-20T23:39:11+00:00\",\"breadcrumb\":{\"@id\":\"https:\/\/sandzakpress.net\/arhiva\/sandzaklije-na-marsu-mira-2013\/#breadcrumb\"},\"inLanguage\":\"bs-BA\",\"potentialAction\":[{\"@type\":\"ReadAction\",\"target\":[\"https:\/\/sandzakpress.net\/arhiva\/sandzaklije-na-marsu-mira-2013\/\"]}]},{\"@type\":\"ImageObject\",\"inLanguage\":\"bs-BA\",\"@id\":\"https:\/\/sandzakpress.net\/arhiva\/sandzaklije-na-marsu-mira-2013\/#primaryimage\",\"url\":\"https:\/\/sandzakpress.net\/arhiva\/wp-content\/uploads\/2013\/07\/MirsadKurgas.jpg\",\"contentUrl\":\"https:\/\/sandzakpress.net\/arhiva\/wp-content\/uploads\/2013\/07\/MirsadKurgas.jpg\",\"width\":380,\"height\":253},{\"@type\":\"BreadcrumbList\",\"@id\":\"https:\/\/sandzakpress.net\/arhiva\/sandzaklije-na-marsu-mira-2013\/#breadcrumb\",\"itemListElement\":[{\"@type\":\"ListItem\",\"position\":1,\"name\":\"Home\",\"item\":\"https:\/\/sandzakpress.net\/arhiva\/\"},{\"@type\":\"ListItem\",\"position\":2,\"name\":\"Sand\u017eaklije na Mar\u0161u mira 2013\"}]},{\"@type\":\"WebSite\",\"@id\":\"https:\/\/sandzakpress.net\/arhiva\/#website\",\"url\":\"https:\/\/sandzakpress.net\/arhiva\/\",\"name\":\"Sand\u017eak PRESS\",\"description\":\"Prve elektronske novine u Sand\u017eaku\",\"publisher\":{\"@id\":\"https:\/\/sandzakpress.net\/arhiva\/#\/schema\/person\/6e72b67d6e51910a1117b3b483ba20bd\"},\"potentialAction\":[{\"@type\":\"SearchAction\",\"target\":{\"@type\":\"EntryPoint\",\"urlTemplate\":\"https:\/\/sandzakpress.net\/arhiva\/?s={search_term_string}\"},\"query-input\":{\"@type\":\"PropertyValueSpecification\",\"valueRequired\":true,\"valueName\":\"search_term_string\"}}],\"inLanguage\":\"bs-BA\"},{\"@type\":[\"Person\",\"Organization\"],\"@id\":\"https:\/\/sandzakpress.net\/arhiva\/#\/schema\/person\/6e72b67d6e51910a1117b3b483ba20bd\",\"name\":\"Kul\",\"image\":{\"@type\":\"ImageObject\",\"inLanguage\":\"bs-BA\",\"@id\":\"https:\/\/sandzakpress.net\/arhiva\/#\/schema\/person\/image\/\",\"url\":\"https:\/\/secure.gravatar.com\/avatar\/42263f39aa27ac04c43cab85c280eb2e?s=96&d=mm&r=pg\",\"contentUrl\":\"https:\/\/secure.gravatar.com\/avatar\/42263f39aa27ac04c43cab85c280eb2e?s=96&d=mm&r=pg\",\"caption\":\"Kul\"},\"logo\":{\"@id\":\"https:\/\/sandzakpress.net\/arhiva\/#\/schema\/person\/image\/\"}},{\"@type\":\"Person\",\"@id\":\"https:\/\/sandzakpress.net\/arhiva\/#\/schema\/person\/c8baee722073534b583ea7bdb2e36c02\",\"name\":\"bosniak\",\"image\":{\"@type\":\"ImageObject\",\"inLanguage\":\"bs-BA\",\"@id\":\"https:\/\/sandzakpress.net\/arhiva\/#\/schema\/person\/image\/\",\"url\":\"https:\/\/secure.gravatar.com\/avatar\/a04fd330bfe3a36a72a0ad4a6d89fca7?s=96&d=mm&r=pg\",\"contentUrl\":\"https:\/\/secure.gravatar.com\/avatar\/a04fd330bfe3a36a72a0ad4a6d89fca7?s=96&d=mm&r=pg\",\"caption\":\"bosniak\"},\"url\":\"https:\/\/sandzakpress.net\/arhiva\/author\/bosniak\/\"}]}<\/script>\n<!-- \/ Yoast SEO Premium plugin. -->","yoast_head_json":{"title":"Sand\u017eaklije na Mar\u0161u mira 2013","robots":{"index":"index","follow":"follow","max-snippet":"max-snippet:-1","max-image-preview":"max-image-preview:large","max-video-preview":"max-video-preview:-1"},"canonical":"https:\/\/sandzakpress.net\/arhiva\/sandzaklije-na-marsu-mira-2013\/","og_locale":"bs_BA","og_type":"article","og_title":"Sand\u017eaklije na Mar\u0161u mira 2013","og_description":"Mirsad Kurga\u0161","og_url":"https:\/\/sandzakpress.net\/arhiva\/sandzaklije-na-marsu-mira-2013\/","og_site_name":"Sand\u017eak PRESS","article_published_time":"2013-07-20T23:34:43+00:00","article_modified_time":"2013-07-20T23:39:11+00:00","og_image":[{"width":380,"height":253,"url":"https:\/\/sandzakpress.net\/arhiva\/wp-content\/uploads\/2013\/07\/MirsadKurgas.jpg","type":"image\/jpeg"}],"author":"bosniak","twitter_card":"summary_large_image","twitter_misc":{"Written by":"bosniak","Est. reading time":"16 minuta"},"schema":{"@context":"https:\/\/schema.org","@graph":[{"@type":"Article","@id":"https:\/\/sandzakpress.net\/arhiva\/sandzaklije-na-marsu-mira-2013\/#article","isPartOf":{"@id":"https:\/\/sandzakpress.net\/arhiva\/sandzaklije-na-marsu-mira-2013\/"},"author":{"name":"bosniak","@id":"https:\/\/sandzakpress.net\/arhiva\/#\/schema\/person\/c8baee722073534b583ea7bdb2e36c02"},"headline":"Sand\u017eaklije na Mar\u0161u mira 2013","datePublished":"2013-07-20T23:34:43+00:00","dateModified":"2013-07-20T23:39:11+00:00","mainEntityOfPage":{"@id":"https:\/\/sandzakpress.net\/arhiva\/sandzaklije-na-marsu-mira-2013\/"},"wordCount":3239,"commentCount":1,"publisher":{"@id":"https:\/\/sandzakpress.net\/arhiva\/#\/schema\/person\/6e72b67d6e51910a1117b3b483ba20bd"},"image":{"@id":"https:\/\/sandzakpress.net\/arhiva\/sandzaklije-na-marsu-mira-2013\/#primaryimage"},"thumbnailUrl":"https:\/\/sandzakpress.net\/arhiva\/wp-content\/uploads\/2013\/07\/MirsadKurgas.jpg","keywords":["Mirsad Kurga\u0161"],"articleSection":["Ro\u017eaje","Iz pera na\u0161ih autora","Petnjica","Bijelo Polje","Pljevlja","Plav"],"inLanguage":"bs-BA","potentialAction":[{"@type":"CommentAction","name":"Comment","target":["https:\/\/sandzakpress.net\/arhiva\/sandzaklije-na-marsu-mira-2013\/#respond"]}]},{"@type":"WebPage","@id":"https:\/\/sandzakpress.net\/arhiva\/sandzaklije-na-marsu-mira-2013\/","url":"https:\/\/sandzakpress.net\/arhiva\/sandzaklije-na-marsu-mira-2013\/","name":"Sand\u017eaklije na Mar\u0161u mira 2013","isPartOf":{"@id":"https:\/\/sandzakpress.net\/arhiva\/#website"},"primaryImageOfPage":{"@id":"https:\/\/sandzakpress.net\/arhiva\/sandzaklije-na-marsu-mira-2013\/#primaryimage"},"image":{"@id":"https:\/\/sandzakpress.net\/arhiva\/sandzaklije-na-marsu-mira-2013\/#primaryimage"},"thumbnailUrl":"https:\/\/sandzakpress.net\/arhiva\/wp-content\/uploads\/2013\/07\/MirsadKurgas.jpg","datePublished":"2013-07-20T23:34:43+00:00","dateModified":"2013-07-20T23:39:11+00:00","breadcrumb":{"@id":"https:\/\/sandzakpress.net\/arhiva\/sandzaklije-na-marsu-mira-2013\/#breadcrumb"},"inLanguage":"bs-BA","potentialAction":[{"@type":"ReadAction","target":["https:\/\/sandzakpress.net\/arhiva\/sandzaklije-na-marsu-mira-2013\/"]}]},{"@type":"ImageObject","inLanguage":"bs-BA","@id":"https:\/\/sandzakpress.net\/arhiva\/sandzaklije-na-marsu-mira-2013\/#primaryimage","url":"https:\/\/sandzakpress.net\/arhiva\/wp-content\/uploads\/2013\/07\/MirsadKurgas.jpg","contentUrl":"https:\/\/sandzakpress.net\/arhiva\/wp-content\/uploads\/2013\/07\/MirsadKurgas.jpg","width":380,"height":253},{"@type":"BreadcrumbList","@id":"https:\/\/sandzakpress.net\/arhiva\/sandzaklije-na-marsu-mira-2013\/#breadcrumb","itemListElement":[{"@type":"ListItem","position":1,"name":"Home","item":"https:\/\/sandzakpress.net\/arhiva\/"},{"@type":"ListItem","position":2,"name":"Sand\u017eaklije na Mar\u0161u mira 2013"}]},{"@type":"WebSite","@id":"https:\/\/sandzakpress.net\/arhiva\/#website","url":"https:\/\/sandzakpress.net\/arhiva\/","name":"Sand\u017eak PRESS","description":"Prve elektronske novine u Sand\u017eaku","publisher":{"@id":"https:\/\/sandzakpress.net\/arhiva\/#\/schema\/person\/6e72b67d6e51910a1117b3b483ba20bd"},"potentialAction":[{"@type":"SearchAction","target":{"@type":"EntryPoint","urlTemplate":"https:\/\/sandzakpress.net\/arhiva\/?s={search_term_string}"},"query-input":{"@type":"PropertyValueSpecification","valueRequired":true,"valueName":"search_term_string"}}],"inLanguage":"bs-BA"},{"@type":["Person","Organization"],"@id":"https:\/\/sandzakpress.net\/arhiva\/#\/schema\/person\/6e72b67d6e51910a1117b3b483ba20bd","name":"Kul","image":{"@type":"ImageObject","inLanguage":"bs-BA","@id":"https:\/\/sandzakpress.net\/arhiva\/#\/schema\/person\/image\/","url":"https:\/\/secure.gravatar.com\/avatar\/42263f39aa27ac04c43cab85c280eb2e?s=96&d=mm&r=pg","contentUrl":"https:\/\/secure.gravatar.com\/avatar\/42263f39aa27ac04c43cab85c280eb2e?s=96&d=mm&r=pg","caption":"Kul"},"logo":{"@id":"https:\/\/sandzakpress.net\/arhiva\/#\/schema\/person\/image\/"}},{"@type":"Person","@id":"https:\/\/sandzakpress.net\/arhiva\/#\/schema\/person\/c8baee722073534b583ea7bdb2e36c02","name":"bosniak","image":{"@type":"ImageObject","inLanguage":"bs-BA","@id":"https:\/\/sandzakpress.net\/arhiva\/#\/schema\/person\/image\/","url":"https:\/\/secure.gravatar.com\/avatar\/a04fd330bfe3a36a72a0ad4a6d89fca7?s=96&d=mm&r=pg","contentUrl":"https:\/\/secure.gravatar.com\/avatar\/a04fd330bfe3a36a72a0ad4a6d89fca7?s=96&d=mm&r=pg","caption":"bosniak"},"url":"https:\/\/sandzakpress.net\/arhiva\/author\/bosniak\/"}]}},"_links":{"self":[{"href":"https:\/\/sandzakpress.net\/arhiva\/wp-json\/wp\/v2\/posts\/82428"}],"collection":[{"href":"https:\/\/sandzakpress.net\/arhiva\/wp-json\/wp\/v2\/posts"}],"about":[{"href":"https:\/\/sandzakpress.net\/arhiva\/wp-json\/wp\/v2\/types\/post"}],"author":[{"embeddable":true,"href":"https:\/\/sandzakpress.net\/arhiva\/wp-json\/wp\/v2\/users\/83"}],"replies":[{"embeddable":true,"href":"https:\/\/sandzakpress.net\/arhiva\/wp-json\/wp\/v2\/comments?post=82428"}],"version-history":[{"count":0,"href":"https:\/\/sandzakpress.net\/arhiva\/wp-json\/wp\/v2\/posts\/82428\/revisions"}],"wp:featuredmedia":[{"embeddable":true,"href":"https:\/\/sandzakpress.net\/arhiva\/wp-json\/wp\/v2\/media\/82430"}],"wp:attachment":[{"href":"https:\/\/sandzakpress.net\/arhiva\/wp-json\/wp\/v2\/media?parent=82428"}],"wp:term":[{"taxonomy":"category","embeddable":true,"href":"https:\/\/sandzakpress.net\/arhiva\/wp-json\/wp\/v2\/categories?post=82428"},{"taxonomy":"post_tag","embeddable":true,"href":"https:\/\/sandzakpress.net\/arhiva\/wp-json\/wp\/v2\/tags?post=82428"}],"curies":[{"name":"wp","href":"https:\/\/api.w.org\/{rel}","templated":true}]}}