{"id":82392,"date":"2013-07-20T19:12:17","date_gmt":"2013-07-20T17:12:17","guid":{"rendered":"https:\/\/sandzakpress.net\/arhiva\/?p=82392"},"modified":"2013-07-20T19:12:17","modified_gmt":"2013-07-20T17:12:17","slug":"krivokapic-uputio-cestitku-povodom-dana-opstine-berane","status":"publish","type":"post","link":"https:\/\/sandzakpress.net\/arhiva\/krivokapic-uputio-cestitku-povodom-dana-opstine-berane\/","title":{"rendered":"Krivokapi\u0107 uputio \u010destitku povodom Dana op\u0161tine Berane"},"content":{"rendered":"<p><strong><a href=\"https:\/\/sandzakpress.net\/arhiva\/wp-content\/uploads\/2013\/07\/1807anko-krivokapic-.jpg\"><img loading=\"lazy\" decoding=\"async\" class=\"alignleft size-full wp-image-82393\" alt=\"1807anko-krivokapic-\" src=\"https:\/\/sandzakpress.net\/arhiva\/wp-content\/uploads\/2013\/07\/1807anko-krivokapic-.jpg\" width=\"429\" height=\"246\" srcset=\"https:\/\/sandzakpress.net\/arhiva\/wp-content\/uploads\/2013\/07\/1807anko-krivokapic-.jpg 429w, https:\/\/sandzakpress.net\/arhiva\/wp-content\/uploads\/2013\/07\/1807anko-krivokapic--350x200.jpg 350w\" sizes=\"(max-width: 429px) 100vw, 429px\" \/><\/a>Berane &#8211; Predsjednik Skup\u0161tine Crne Gore Ranko Krivokapi\u0107 uputio je \u010destitku povodom Dana op\u0161tine Berane \u2013 21. jula, predsjedniku Op\u0161tine Vuki Golubovi\u0107u, predsjedniku op\u0161tinske Skup\u0161tine Samiru Agovi\u0107u, odbornicima beranskog Parlamenta i gra\u0111anima.<\/strong><\/p>\n<p>&#8211; Va\u0161u op\u0161tinu posljednjih godina posebno krasi snaga mladosti koja ula\u017ee u svoje znanje, \u010dine\u0107i da grad odlu\u010dnije i br\u017ee ide ka na\u0161em zajedni\u010dkom evropskom cilju. \u017delim vam da i u vremenu ekonomske krize nastavite da \u010dinite napore u pravcu obezbje\u0111ivanja daljeg razvoja grada, koji \u0107e biti zasnovan na brojnim potencijalima koje ovaj kraj nesporno posjeduje, navodi se u \u010destitki.<\/p>\n<p>(portalanalitika.me)<\/p>\n","protected":false},"excerpt":{"rendered":"<p>Berane &#8211; Predsjednik Skup\u0161tine Crne Gore Ranko Krivokapi\u0107 uputio je \u010destitku povodom Dana op\u0161tine Berane \u2013 21. jula, predsjedniku Op\u0161tine Vuki Golubovi\u0107u, predsjedniku op\u0161tinske Skup\u0161tine Samiru Agovi\u0107u, odbornicima beranskog Parlamenta i gra\u0111anima. &#8211; Va\u0161u op\u0161tinu posljednjih godina posebno krasi snaga mladosti koja ula\u017ee u svoje znanje, \u010dine\u0107i da grad odlu\u010dnije i br\u017ee ide ka na\u0161em [&hellip;]<\/p>\n","protected":false},"author":83,"featured_media":82393,"comment_status":"open","ping_status":"open","sticky":false,"template":"","format":"standard","meta":{"footnotes":""},"categories":[1,397],"tags":[],"class_list":{"0":"post-82392","1":"post","2":"type-post","3":"status-publish","4":"format-standard","5":"has-post-thumbnail","7":"category-politika","8":"category-berane"},"yoast_head":"<!-- This site is optimized with the Yoast SEO Premium plugin v23.1 (Yoast SEO v24.9) - https:\/\/yoast.com\/wordpress\/plugins\/seo\/ -->\n<title>Krivokapi\u0107 uputio \u010destitku povodom Dana op\u0161tine Berane<\/title>\n<meta name=\"robots\" content=\"index, follow, max-snippet:-1, max-image-preview:large, max-video-preview:-1\" \/>\n<link rel=\"canonical\" href=\"https:\/\/sandzakpress.net\/arhiva\/krivokapic-uputio-cestitku-povodom-dana-opstine-berane\/\" \/>\n<meta property=\"og:locale\" content=\"bs_BA\" \/>\n<meta property=\"og:type\" content=\"article\" \/>\n<meta property=\"og:title\" content=\"Krivokapi\u0107 uputio \u010destitku povodom Dana op\u0161tine Berane\" \/>\n<meta property=\"og:description\" content=\"Berane &#8211; Predsjednik Skup\u0161tine Crne Gore Ranko Krivokapi\u0107 uputio je \u010destitku povodom Dana op\u0161tine Berane \u2013 21. jula, predsjedniku Op\u0161tine Vuki Golubovi\u0107u, predsjedniku op\u0161tinske Skup\u0161tine Samiru Agovi\u0107u, odbornicima beranskog Parlamenta i gra\u0111anima. &#8211; Va\u0161u op\u0161tinu posljednjih godina posebno krasi snaga mladosti koja ula\u017ee u svoje znanje, \u010dine\u0107i da grad odlu\u010dnije i br\u017ee ide ka na\u0161em [&hellip;]\" \/>\n<meta property=\"og:url\" content=\"https:\/\/sandzakpress.net\/arhiva\/krivokapic-uputio-cestitku-povodom-dana-opstine-berane\/\" \/>\n<meta property=\"og:site_name\" content=\"Sand\u017eak PRESS\" \/>\n<meta property=\"article:published_time\" content=\"2013-07-20T17:12:17+00:00\" \/>\n<meta property=\"og:image\" content=\"https:\/\/sandzakpress.net\/arhiva\/wp-content\/uploads\/2013\/07\/1807anko-krivokapic-.jpg\" \/>\n\t<meta property=\"og:image:width\" content=\"429\" \/>\n\t<meta property=\"og:image:height\" content=\"246\" \/>\n\t<meta property=\"og:image:type\" content=\"image\/jpeg\" \/>\n<meta name=\"author\" content=\"bosniak\" \/>\n<meta name=\"twitter:card\" content=\"summary_large_image\" \/>\n<meta name=\"twitter:label1\" content=\"Written by\" \/>\n\t<meta name=\"twitter:data1\" content=\"bosniak\" \/>\n\t<meta name=\"twitter:label2\" content=\"Est. reading time\" \/>\n\t<meta name=\"twitter:data2\" content=\"1 minuta\" \/>\n<script type=\"application\/ld+json\" class=\"yoast-schema-graph\">{\"@context\":\"https:\/\/schema.org\",\"@graph\":[{\"@type\":\"Article\",\"@id\":\"https:\/\/sandzakpress.net\/arhiva\/krivokapic-uputio-cestitku-povodom-dana-opstine-berane\/#article\",\"isPartOf\":{\"@id\":\"https:\/\/sandzakpress.net\/arhiva\/krivokapic-uputio-cestitku-povodom-dana-opstine-berane\/\"},\"author\":{\"name\":\"bosniak\",\"@id\":\"https:\/\/sandzakpress.net\/arhiva\/#\/schema\/person\/c8baee722073534b583ea7bdb2e36c02\"},\"headline\":\"Krivokapi\u0107 uputio \u010destitku povodom Dana op\u0161tine Berane\",\"datePublished\":\"2013-07-20T17:12:17+00:00\",\"mainEntityOfPage\":{\"@id\":\"https:\/\/sandzakpress.net\/arhiva\/krivokapic-uputio-cestitku-povodom-dana-opstine-berane\/\"},\"wordCount\":117,\"commentCount\":0,\"publisher\":{\"@id\":\"https:\/\/sandzakpress.net\/arhiva\/#\/schema\/person\/6e72b67d6e51910a1117b3b483ba20bd\"},\"image\":{\"@id\":\"https:\/\/sandzakpress.net\/arhiva\/krivokapic-uputio-cestitku-povodom-dana-opstine-berane\/#primaryimage\"},\"thumbnailUrl\":\"https:\/\/sandzakpress.net\/arhiva\/wp-content\/uploads\/2013\/07\/1807anko-krivokapic-.jpg\",\"articleSection\":[\"Politika\",\"Berane\"],\"inLanguage\":\"bs-BA\",\"potentialAction\":[{\"@type\":\"CommentAction\",\"name\":\"Comment\",\"target\":[\"https:\/\/sandzakpress.net\/arhiva\/krivokapic-uputio-cestitku-povodom-dana-opstine-berane\/#respond\"]}]},{\"@type\":\"WebPage\",\"@id\":\"https:\/\/sandzakpress.net\/arhiva\/krivokapic-uputio-cestitku-povodom-dana-opstine-berane\/\",\"url\":\"https:\/\/sandzakpress.net\/arhiva\/krivokapic-uputio-cestitku-povodom-dana-opstine-berane\/\",\"name\":\"Krivokapi\u0107 uputio \u010destitku povodom Dana op\u0161tine Berane\",\"isPartOf\":{\"@id\":\"https:\/\/sandzakpress.net\/arhiva\/#website\"},\"primaryImageOfPage\":{\"@id\":\"https:\/\/sandzakpress.net\/arhiva\/krivokapic-uputio-cestitku-povodom-dana-opstine-berane\/#primaryimage\"},\"image\":{\"@id\":\"https:\/\/sandzakpress.net\/arhiva\/krivokapic-uputio-cestitku-povodom-dana-opstine-berane\/#primaryimage\"},\"thumbnailUrl\":\"https:\/\/sandzakpress.net\/arhiva\/wp-content\/uploads\/2013\/07\/1807anko-krivokapic-.jpg\",\"datePublished\":\"2013-07-20T17:12:17+00:00\",\"breadcrumb\":{\"@id\":\"https:\/\/sandzakpress.net\/arhiva\/krivokapic-uputio-cestitku-povodom-dana-opstine-berane\/#breadcrumb\"},\"inLanguage\":\"bs-BA\",\"potentialAction\":[{\"@type\":\"ReadAction\",\"target\":[\"https:\/\/sandzakpress.net\/arhiva\/krivokapic-uputio-cestitku-povodom-dana-opstine-berane\/\"]}]},{\"@type\":\"ImageObject\",\"inLanguage\":\"bs-BA\",\"@id\":\"https:\/\/sandzakpress.net\/arhiva\/krivokapic-uputio-cestitku-povodom-dana-opstine-berane\/#primaryimage\",\"url\":\"https:\/\/sandzakpress.net\/arhiva\/wp-content\/uploads\/2013\/07\/1807anko-krivokapic-.jpg\",\"contentUrl\":\"https:\/\/sandzakpress.net\/arhiva\/wp-content\/uploads\/2013\/07\/1807anko-krivokapic-.jpg\",\"width\":429,\"height\":246},{\"@type\":\"BreadcrumbList\",\"@id\":\"https:\/\/sandzakpress.net\/arhiva\/krivokapic-uputio-cestitku-povodom-dana-opstine-berane\/#breadcrumb\",\"itemListElement\":[{\"@type\":\"ListItem\",\"position\":1,\"name\":\"Home\",\"item\":\"https:\/\/sandzakpress.net\/arhiva\/\"},{\"@type\":\"ListItem\",\"position\":2,\"name\":\"Krivokapi\u0107 uputio \u010destitku povodom Dana op\u0161tine Berane\"}]},{\"@type\":\"WebSite\",\"@id\":\"https:\/\/sandzakpress.net\/arhiva\/#website\",\"url\":\"https:\/\/sandzakpress.net\/arhiva\/\",\"name\":\"Sand\u017eak PRESS\",\"description\":\"Prve elektronske novine u Sand\u017eaku\",\"publisher\":{\"@id\":\"https:\/\/sandzakpress.net\/arhiva\/#\/schema\/person\/6e72b67d6e51910a1117b3b483ba20bd\"},\"potentialAction\":[{\"@type\":\"SearchAction\",\"target\":{\"@type\":\"EntryPoint\",\"urlTemplate\":\"https:\/\/sandzakpress.net\/arhiva\/?s={search_term_string}\"},\"query-input\":{\"@type\":\"PropertyValueSpecification\",\"valueRequired\":true,\"valueName\":\"search_term_string\"}}],\"inLanguage\":\"bs-BA\"},{\"@type\":[\"Person\",\"Organization\"],\"@id\":\"https:\/\/sandzakpress.net\/arhiva\/#\/schema\/person\/6e72b67d6e51910a1117b3b483ba20bd\",\"name\":\"Kul\",\"image\":{\"@type\":\"ImageObject\",\"inLanguage\":\"bs-BA\",\"@id\":\"https:\/\/sandzakpress.net\/arhiva\/#\/schema\/person\/image\/\",\"url\":\"https:\/\/secure.gravatar.com\/avatar\/42263f39aa27ac04c43cab85c280eb2e?s=96&d=mm&r=pg\",\"contentUrl\":\"https:\/\/secure.gravatar.com\/avatar\/42263f39aa27ac04c43cab85c280eb2e?s=96&d=mm&r=pg\",\"caption\":\"Kul\"},\"logo\":{\"@id\":\"https:\/\/sandzakpress.net\/arhiva\/#\/schema\/person\/image\/\"}},{\"@type\":\"Person\",\"@id\":\"https:\/\/sandzakpress.net\/arhiva\/#\/schema\/person\/c8baee722073534b583ea7bdb2e36c02\",\"name\":\"bosniak\",\"image\":{\"@type\":\"ImageObject\",\"inLanguage\":\"bs-BA\",\"@id\":\"https:\/\/sandzakpress.net\/arhiva\/#\/schema\/person\/image\/\",\"url\":\"https:\/\/secure.gravatar.com\/avatar\/a04fd330bfe3a36a72a0ad4a6d89fca7?s=96&d=mm&r=pg\",\"contentUrl\":\"https:\/\/secure.gravatar.com\/avatar\/a04fd330bfe3a36a72a0ad4a6d89fca7?s=96&d=mm&r=pg\",\"caption\":\"bosniak\"},\"url\":\"https:\/\/sandzakpress.net\/arhiva\/author\/bosniak\/\"}]}<\/script>\n<!-- \/ Yoast SEO Premium plugin. -->","yoast_head_json":{"title":"Krivokapi\u0107 uputio \u010destitku povodom Dana op\u0161tine Berane","robots":{"index":"index","follow":"follow","max-snippet":"max-snippet:-1","max-image-preview":"max-image-preview:large","max-video-preview":"max-video-preview:-1"},"canonical":"https:\/\/sandzakpress.net\/arhiva\/krivokapic-uputio-cestitku-povodom-dana-opstine-berane\/","og_locale":"bs_BA","og_type":"article","og_title":"Krivokapi\u0107 uputio \u010destitku povodom Dana op\u0161tine Berane","og_description":"Berane &#8211; Predsjednik Skup\u0161tine Crne Gore Ranko Krivokapi\u0107 uputio je \u010destitku povodom Dana op\u0161tine Berane \u2013 21. jula, predsjedniku Op\u0161tine Vuki Golubovi\u0107u, predsjedniku op\u0161tinske Skup\u0161tine Samiru Agovi\u0107u, odbornicima beranskog Parlamenta i gra\u0111anima. &#8211; Va\u0161u op\u0161tinu posljednjih godina posebno krasi snaga mladosti koja ula\u017ee u svoje znanje, \u010dine\u0107i da grad odlu\u010dnije i br\u017ee ide ka na\u0161em [&hellip;]","og_url":"https:\/\/sandzakpress.net\/arhiva\/krivokapic-uputio-cestitku-povodom-dana-opstine-berane\/","og_site_name":"Sand\u017eak PRESS","article_published_time":"2013-07-20T17:12:17+00:00","og_image":[{"width":429,"height":246,"url":"https:\/\/sandzakpress.net\/arhiva\/wp-content\/uploads\/2013\/07\/1807anko-krivokapic-.jpg","type":"image\/jpeg"}],"author":"bosniak","twitter_card":"summary_large_image","twitter_misc":{"Written by":"bosniak","Est. reading time":"1 minuta"},"schema":{"@context":"https:\/\/schema.org","@graph":[{"@type":"Article","@id":"https:\/\/sandzakpress.net\/arhiva\/krivokapic-uputio-cestitku-povodom-dana-opstine-berane\/#article","isPartOf":{"@id":"https:\/\/sandzakpress.net\/arhiva\/krivokapic-uputio-cestitku-povodom-dana-opstine-berane\/"},"author":{"name":"bosniak","@id":"https:\/\/sandzakpress.net\/arhiva\/#\/schema\/person\/c8baee722073534b583ea7bdb2e36c02"},"headline":"Krivokapi\u0107 uputio \u010destitku povodom Dana op\u0161tine Berane","datePublished":"2013-07-20T17:12:17+00:00","mainEntityOfPage":{"@id":"https:\/\/sandzakpress.net\/arhiva\/krivokapic-uputio-cestitku-povodom-dana-opstine-berane\/"},"wordCount":117,"commentCount":0,"publisher":{"@id":"https:\/\/sandzakpress.net\/arhiva\/#\/schema\/person\/6e72b67d6e51910a1117b3b483ba20bd"},"image":{"@id":"https:\/\/sandzakpress.net\/arhiva\/krivokapic-uputio-cestitku-povodom-dana-opstine-berane\/#primaryimage"},"thumbnailUrl":"https:\/\/sandzakpress.net\/arhiva\/wp-content\/uploads\/2013\/07\/1807anko-krivokapic-.jpg","articleSection":["Politika","Berane"],"inLanguage":"bs-BA","potentialAction":[{"@type":"CommentAction","name":"Comment","target":["https:\/\/sandzakpress.net\/arhiva\/krivokapic-uputio-cestitku-povodom-dana-opstine-berane\/#respond"]}]},{"@type":"WebPage","@id":"https:\/\/sandzakpress.net\/arhiva\/krivokapic-uputio-cestitku-povodom-dana-opstine-berane\/","url":"https:\/\/sandzakpress.net\/arhiva\/krivokapic-uputio-cestitku-povodom-dana-opstine-berane\/","name":"Krivokapi\u0107 uputio \u010destitku povodom Dana op\u0161tine Berane","isPartOf":{"@id":"https:\/\/sandzakpress.net\/arhiva\/#website"},"primaryImageOfPage":{"@id":"https:\/\/sandzakpress.net\/arhiva\/krivokapic-uputio-cestitku-povodom-dana-opstine-berane\/#primaryimage"},"image":{"@id":"https:\/\/sandzakpress.net\/arhiva\/krivokapic-uputio-cestitku-povodom-dana-opstine-berane\/#primaryimage"},"thumbnailUrl":"https:\/\/sandzakpress.net\/arhiva\/wp-content\/uploads\/2013\/07\/1807anko-krivokapic-.jpg","datePublished":"2013-07-20T17:12:17+00:00","breadcrumb":{"@id":"https:\/\/sandzakpress.net\/arhiva\/krivokapic-uputio-cestitku-povodom-dana-opstine-berane\/#breadcrumb"},"inLanguage":"bs-BA","potentialAction":[{"@type":"ReadAction","target":["https:\/\/sandzakpress.net\/arhiva\/krivokapic-uputio-cestitku-povodom-dana-opstine-berane\/"]}]},{"@type":"ImageObject","inLanguage":"bs-BA","@id":"https:\/\/sandzakpress.net\/arhiva\/krivokapic-uputio-cestitku-povodom-dana-opstine-berane\/#primaryimage","url":"https:\/\/sandzakpress.net\/arhiva\/wp-content\/uploads\/2013\/07\/1807anko-krivokapic-.jpg","contentUrl":"https:\/\/sandzakpress.net\/arhiva\/wp-content\/uploads\/2013\/07\/1807anko-krivokapic-.jpg","width":429,"height":246},{"@type":"BreadcrumbList","@id":"https:\/\/sandzakpress.net\/arhiva\/krivokapic-uputio-cestitku-povodom-dana-opstine-berane\/#breadcrumb","itemListElement":[{"@type":"ListItem","position":1,"name":"Home","item":"https:\/\/sandzakpress.net\/arhiva\/"},{"@type":"ListItem","position":2,"name":"Krivokapi\u0107 uputio \u010destitku povodom Dana op\u0161tine Berane"}]},{"@type":"WebSite","@id":"https:\/\/sandzakpress.net\/arhiva\/#website","url":"https:\/\/sandzakpress.net\/arhiva\/","name":"Sand\u017eak PRESS","description":"Prve elektronske novine u Sand\u017eaku","publisher":{"@id":"https:\/\/sandzakpress.net\/arhiva\/#\/schema\/person\/6e72b67d6e51910a1117b3b483ba20bd"},"potentialAction":[{"@type":"SearchAction","target":{"@type":"EntryPoint","urlTemplate":"https:\/\/sandzakpress.net\/arhiva\/?s={search_term_string}"},"query-input":{"@type":"PropertyValueSpecification","valueRequired":true,"valueName":"search_term_string"}}],"inLanguage":"bs-BA"},{"@type":["Person","Organization"],"@id":"https:\/\/sandzakpress.net\/arhiva\/#\/schema\/person\/6e72b67d6e51910a1117b3b483ba20bd","name":"Kul","image":{"@type":"ImageObject","inLanguage":"bs-BA","@id":"https:\/\/sandzakpress.net\/arhiva\/#\/schema\/person\/image\/","url":"https:\/\/secure.gravatar.com\/avatar\/42263f39aa27ac04c43cab85c280eb2e?s=96&d=mm&r=pg","contentUrl":"https:\/\/secure.gravatar.com\/avatar\/42263f39aa27ac04c43cab85c280eb2e?s=96&d=mm&r=pg","caption":"Kul"},"logo":{"@id":"https:\/\/sandzakpress.net\/arhiva\/#\/schema\/person\/image\/"}},{"@type":"Person","@id":"https:\/\/sandzakpress.net\/arhiva\/#\/schema\/person\/c8baee722073534b583ea7bdb2e36c02","name":"bosniak","image":{"@type":"ImageObject","inLanguage":"bs-BA","@id":"https:\/\/sandzakpress.net\/arhiva\/#\/schema\/person\/image\/","url":"https:\/\/secure.gravatar.com\/avatar\/a04fd330bfe3a36a72a0ad4a6d89fca7?s=96&d=mm&r=pg","contentUrl":"https:\/\/secure.gravatar.com\/avatar\/a04fd330bfe3a36a72a0ad4a6d89fca7?s=96&d=mm&r=pg","caption":"bosniak"},"url":"https:\/\/sandzakpress.net\/arhiva\/author\/bosniak\/"}]}},"_links":{"self":[{"href":"https:\/\/sandzakpress.net\/arhiva\/wp-json\/wp\/v2\/posts\/82392"}],"collection":[{"href":"https:\/\/sandzakpress.net\/arhiva\/wp-json\/wp\/v2\/posts"}],"about":[{"href":"https:\/\/sandzakpress.net\/arhiva\/wp-json\/wp\/v2\/types\/post"}],"author":[{"embeddable":true,"href":"https:\/\/sandzakpress.net\/arhiva\/wp-json\/wp\/v2\/users\/83"}],"replies":[{"embeddable":true,"href":"https:\/\/sandzakpress.net\/arhiva\/wp-json\/wp\/v2\/comments?post=82392"}],"version-history":[{"count":0,"href":"https:\/\/sandzakpress.net\/arhiva\/wp-json\/wp\/v2\/posts\/82392\/revisions"}],"wp:featuredmedia":[{"embeddable":true,"href":"https:\/\/sandzakpress.net\/arhiva\/wp-json\/wp\/v2\/media\/82393"}],"wp:attachment":[{"href":"https:\/\/sandzakpress.net\/arhiva\/wp-json\/wp\/v2\/media?parent=82392"}],"wp:term":[{"taxonomy":"category","embeddable":true,"href":"https:\/\/sandzakpress.net\/arhiva\/wp-json\/wp\/v2\/categories?post=82392"},{"taxonomy":"post_tag","embeddable":true,"href":"https:\/\/sandzakpress.net\/arhiva\/wp-json\/wp\/v2\/tags?post=82392"}],"curies":[{"name":"wp","href":"https:\/\/api.w.org\/{rel}","templated":true}]}}