{"id":82359,"date":"2013-07-20T20:10:31","date_gmt":"2013-07-20T18:10:31","guid":{"rendered":"https:\/\/sandzakpress.net\/arhiva\/?p=82359"},"modified":"2013-07-21T01:55:10","modified_gmt":"2013-07-20T23:55:10","slug":"ramazanski-top-u-sarajevu-oznacava-kraj-posta-i-privlaci-turiste","status":"publish","type":"post","link":"https:\/\/sandzakpress.net\/arhiva\/ramazanski-top-u-sarajevu-oznacava-kraj-posta-i-privlaci-turiste\/","title":{"rendered":"Ramazanski top u Sarajevu ozna\u010dava kraj posta i privla\u010di turiste"},"content":{"rendered":"<p><strong><a href=\"https:\/\/sandzakpress.net\/arhiva\/wp-content\/uploads\/2013\/07\/ramazanski-top-u-sarajevu-oznacava-kraj-posta-i-privlaci-turiste_trt-bosanski-21788.jpg\"><img loading=\"lazy\" decoding=\"async\" class=\"alignleft size-medium wp-image-82361\" alt=\"ramazanski-top-u-sarajevu-oznacava-kraj-posta-i-privlaci-turiste_trt-bosanski-21788\" src=\"https:\/\/sandzakpress.net\/arhiva\/wp-content\/uploads\/2013\/07\/ramazanski-top-u-sarajevu-oznacava-kraj-posta-i-privlaci-turiste_trt-bosanski-21788-300x186.jpg\" width=\"300\" height=\"186\" \/><\/a>BiH &#8211; Pucanj iz topa sa bedema vratni\u010dke \u017dute tabije svake ramazanske ve\u010deri ozna\u010dava vrijeme iftara &#8211; kraj cjelodnevnog posta muslimana.\u00a0<\/strong><\/p>\n<div><\/div>\n<div>Ramazanski top posljednjih godina je postao prava atrakcija, kako za Sarajlije, tako i za brojne turiste, koji dolaze na \u017dutu tabiju kako bi u\u017eivali u o\u010daravaju\u0107em pogledu na glavni grad BiH i kako bi, uz zvuk topa, prekinuli dnevni post dug vi\u0161e od 17 sati, tokom kojeg se odri\u010du svih jela, pi\u0107a i drugih tjelesnih u\u017eitaka.<\/div>\n<div><\/div>\n<div>Pucanj iz topa iznad Sarajeva tradicija je bosanskih muslimana stara vi\u0161e od stotinu godina, koja je za vrijeme komunisti\u010dke vladavine bila prekinuta, ali je po\u010detkom 90-tih godina pro\u0161log vijeka ponovo o\u017eivjela i njeguje se i danas.<\/div>\n<div><\/div>\n<div>Naj\u010de\u0161\u0107e su tu posta\u010di koji tvrde da je iftar na mjestu &#8220;sa kojeg puca top&#8221;, poseban u\u017eitak ramazana.<\/div>\n<div><\/div>\n<div>Tobd\u017eija Smajil Krivi\u0107 bavi se jednim od najodgovornijih poslova za vrijeme ramazana &#8211; zaslu\u017ean je \u0161to gra\u0111ani Sarajeva svaku ve\u010der znaju ta\u010dno vrijeme iftara.<\/div>\n<div><\/div>\n<div><img loading=\"lazy\" decoding=\"async\" alt=\"\" src=\"http:\/\/www.trtbosanski.com\/webimage\/image\/haber3_2013\/aa_ram_top_tabija_krivic.jpg\" width=\"609\" height=\"406\" \/><\/div>\n<div><\/div>\n<div>Krivi\u0107 se ovim poslom po\u010deo baviti 1997. godine, kada je posao tobd\u017eije preuzeo od muvekita Sahat kule i kada je, nakon nekoliko decenija pauze, ramazanski top ponovo postao jedna od sarajevskih atrakcija.<\/div>\n<div><\/div>\n<div>&#8220;Tradicija topa koji ozna\u010dava vrijeme iftara datira jo\u0161 od po\u010detka pro\u0161log vijeka i perioda Kraljevine Jugoslavije. Nakon Drugog svjetskog rata i dolaska komunista, paljenje topa bilo je zabranjeno. No, odmah nakon prvih vi\u0161estrana\u010dkih izbora 1990. godine top se po\u010deo ponovo ogla\u0161avati sa \u017dute tabije&#8221;, pojasnio je Krivi\u0107.<\/div>\n<div><\/div>\n<div>Tobd\u017eija Krivi\u0107 ve\u0107 ustaljenim ritmom dolazi na \u017dutu tabiju 20 minuta prije iftara kako bi obavio sve pripreme i provjere. Kada su topovska cijev, barutno punjenje, fitilji i upalja\u010di spremni, on gleda na sat i \u010deka da kazaljke do\u0111u na svoje mjesto. A zatim se \u010duje prasak, zablje\u0161ti svjetle\u0107a ru\u017ea na nebu iznad Sarajeva, pale se kandilji na d\u017eamijama i na radost posta\u010da po\u010dinje iftar.<\/div>\n<div><\/div>\n<div>Krivi\u0107 otrkiva da u\u017eiva u svom 16-godi\u0161njem radu, ali se brine za mnogobrojnu dje\u010dicu koja svake ve\u010deri dolaze na \u017dutu tabiju da gledaju pucanj iz topa.<\/div>\n<div><\/div>\n<div>&#8220;Nekada se brinem zbog ove dje\u010dice, nije bezbijedno biti blizu topa&#8221;, pojasnio je tobd\u017eija.<\/div>\n<div><\/div>\n<div>Sarajka koja je na \u017dutu tabiju do\u0161la sa djecom kazala je kako je top za mali\u0161ane poseban do\u017eivljaj.<\/div>\n<div><\/div>\n<div>&#8220;Ovo je za djecu prava radost, oni su odu\u0161evljeni \u0161to su prisustvovali paljenju topa ve\u010deras. Mislim da ne postoji mjesto na svijetu gdje je mogu\u0107e iftariti uz ovakav pogled i omrsiti se u sam trenutak po\u010detka iftara.&#8221;<\/div>\n<div><\/div>\n<div>Vanja Muhovi\u0107 jedan je od posta\u010da koji dolaze na \u00a0\u017dutu tabiju, a svake ve\u010deri sa 30-tak prijatelja ovdje organizuje iftar.<\/div>\n<div><\/div>\n<div><img loading=\"lazy\" decoding=\"async\" alt=\"\" src=\"http:\/\/www.trtbosanski.com\/webimage\/image\/haber3_2013\/aa_ram_top_tabija_muhovic.jpg\" width=\"609\" height=\"406\" \/><\/div>\n<div><\/div>\n<div>&#8220;Ove godine nas je mnogo vi\u0161e jer se pove\u0107ao broj osoba koje su \u017eeljele do\u0107i na ovo mjesto. Dakle, ve\u0107 na neki na\u010din postaje tradicija da ovdje do\u0111emo&#8221;, rekao je Muhovi\u0107.<\/div>\n<div><\/div>\n<div>Kenan Bajri\u0107 iz Kiseljaka prvi put je ove godine sa porodicom do\u0161ao da iftari na \u017dutoj tabiji. Ka\u017ee kako svaku no\u0107 iftari kod nekog drugog prijatelja ili u nekom drugom gradu.<\/div>\n<div><\/div>\n<div>Mujesira Duraj tako\u0111er je posjetila \u017eutu tabiju kako bi sa porodicom iftarila i u\u017eivala u pogledu na Sarajevo.<\/div>\n<div><\/div>\n<div>&#8220;Mi se veoma \u010desto sastajemo ovdje jer je ovo jedno od mjesta koja sam posje\u0107ivala jo\u0161 u djetinjstvu&#8221;, kazala je Duraj i dodala da je ovo godine na tabiji mnogo vi\u0161e mladih ljudi.<\/div>\n<div><\/div>\n<div>Adnan Iseni tako\u0111er je \u010dekao zvuk topa kako bi iftario sa porodicom i prijateljima.<\/div>\n<div><\/div>\n<div>&#8220;Ja sam svaki dan na nekom drugom mjestu. Do\u0161li smo kako bi ovaj iftar bio druga\u010diji, drugo mjesto, mnogo ljudi koji se ne poznaju ali su do\u0161li sa otprilike istim ciljem&#8221;, kazao je Iseni.<\/div>\n<div><\/div>\n<div>Za Almedinu Boji\u0107-Rizvi\u0107 \u017duta tabija je posebno mjesto za iftar, ali i mjesto gdje ju je suprug zaprosio.<\/div>\n<div><\/div>\n<div>Me\u0111u velikim brojem mladih ljudi bio je i Edis Mili\u0107 sa djevojkom koji, kako ka\u017ee, i mimo ramazana dolazi na \u017dutu tabiju.<\/div>\n<div><\/div>\n<div>&#8220;\u010ce\u0161\u0107e dolazim za vrijeme ramazana jer lijepo je vidjeti taj bljesak topa nad ovim gradom kada se upale kandilji, kada nastupi vrijeme iftara&#8221;, rekao je Mili\u0107 i dodao da je jako lijepo vidjeti ovoliko ljudi na jednom mjestu kako se zajedno iftare.<\/div>\n<div><\/div>\n<div><img loading=\"lazy\" decoding=\"async\" alt=\"\" src=\"http:\/\/www.trtbosanski.com\/webimage\/image\/haber3_2013\/aa_ram_top_tabija_1.jpg\" width=\"609\" height=\"406\" \/><\/div>\n<div><\/div>\n<div>&#8220;To izgleda kao jedna zajednica i pokazuje da u ovom gradu jo\u0161 uvijek ima ljudi koji se vole dru\u017eiti sa drugima, te se najvi\u0161e u tome ogledaju \u010dari ramazana&#8221;, pojasnio je Mili\u0107.<\/div>\n<div><\/div>\n<div>Top sa \u017dute tabije \u010duje se do novih dijelova Sarajeva, gdje brigu o posta\u010dima preuzima tobd\u017eija sa brda Mojmilo, koji tako\u0111e pucnjem iz topa ogla\u0161ava vrijeme iftara.<\/div>\n<div><\/div>\n<div>(trtbosanski)<\/div>\n","protected":false},"excerpt":{"rendered":"<p>BiH &#8211; Pucanj iz topa sa bedema vratni\u010dke \u017dute tabije svake ramazanske ve\u010deri ozna\u010dava vrijeme iftara &#8211; kraj cjelodnevnog posta muslimana.\u00a0 Ramazanski top posljednjih godina je postao prava atrakcija, kako za Sarajlije, tako i za brojne turiste, koji dolaze na \u017dutu tabiju kako bi u\u017eivali u o\u010daravaju\u0107em pogledu na glavni grad BiH i kako bi, [&hellip;]<\/p>\n","protected":false},"author":83,"featured_media":82361,"comment_status":"open","ping_status":"open","sticky":false,"template":"","format":"standard","meta":{"footnotes":""},"categories":[800,2860,8957],"tags":[10207],"class_list":{"0":"post-82359","1":"post","2":"type-post","3":"status-publish","4":"format-standard","5":"has-post-thumbnail","7":"category-nacija","8":"category-bosna-i-hercegovina-gradovi","9":"category-vijesti-dana","10":"tag-ramazan"},"yoast_head":"<!-- This site is optimized with the Yoast SEO Premium plugin v23.1 (Yoast SEO v24.9) - https:\/\/yoast.com\/wordpress\/plugins\/seo\/ -->\n<title>Ramazanski top u Sarajevu ozna\u010dava kraj posta i privla\u010di turiste<\/title>\n<meta name=\"robots\" content=\"index, follow, max-snippet:-1, max-image-preview:large, max-video-preview:-1\" \/>\n<link rel=\"canonical\" href=\"https:\/\/sandzakpress.net\/arhiva\/ramazanski-top-u-sarajevu-oznacava-kraj-posta-i-privlaci-turiste\/\" \/>\n<meta property=\"og:locale\" content=\"bs_BA\" \/>\n<meta property=\"og:type\" content=\"article\" \/>\n<meta property=\"og:title\" content=\"Ramazanski top u Sarajevu ozna\u010dava kraj posta i privla\u010di turiste\" \/>\n<meta property=\"og:description\" content=\"BiH &#8211; Pucanj iz topa sa bedema vratni\u010dke \u017dute tabije svake ramazanske ve\u010deri ozna\u010dava vrijeme iftara &#8211; kraj cjelodnevnog posta muslimana.\u00a0 Ramazanski top posljednjih godina je postao prava atrakcija, kako za Sarajlije, tako i za brojne turiste, koji dolaze na \u017dutu tabiju kako bi u\u017eivali u o\u010daravaju\u0107em pogledu na glavni grad BiH i kako bi, [&hellip;]\" \/>\n<meta property=\"og:url\" content=\"https:\/\/sandzakpress.net\/arhiva\/ramazanski-top-u-sarajevu-oznacava-kraj-posta-i-privlaci-turiste\/\" \/>\n<meta property=\"og:site_name\" content=\"Sand\u017eak PRESS\" \/>\n<meta property=\"article:published_time\" content=\"2013-07-20T18:10:31+00:00\" \/>\n<meta property=\"article:modified_time\" content=\"2013-07-20T23:55:10+00:00\" \/>\n<meta property=\"og:image\" content=\"https:\/\/sandzakpress.net\/arhiva\/wp-content\/uploads\/2013\/07\/ramazanski-top-u-sarajevu-oznacava-kraj-posta-i-privlaci-turiste_trt-bosanski-21788.jpg\" \/>\n\t<meta property=\"og:image:width\" content=\"584\" \/>\n\t<meta property=\"og:image:height\" content=\"363\" \/>\n\t<meta property=\"og:image:type\" content=\"image\/jpeg\" \/>\n<meta name=\"author\" content=\"bosniak\" \/>\n<meta name=\"twitter:card\" content=\"summary_large_image\" \/>\n<meta name=\"twitter:label1\" content=\"Written by\" \/>\n\t<meta name=\"twitter:data1\" content=\"bosniak\" \/>\n\t<meta name=\"twitter:label2\" content=\"Est. reading time\" \/>\n\t<meta name=\"twitter:data2\" content=\"4 minute\" \/>\n<script type=\"application\/ld+json\" class=\"yoast-schema-graph\">{\"@context\":\"https:\/\/schema.org\",\"@graph\":[{\"@type\":\"Article\",\"@id\":\"https:\/\/sandzakpress.net\/arhiva\/ramazanski-top-u-sarajevu-oznacava-kraj-posta-i-privlaci-turiste\/#article\",\"isPartOf\":{\"@id\":\"https:\/\/sandzakpress.net\/arhiva\/ramazanski-top-u-sarajevu-oznacava-kraj-posta-i-privlaci-turiste\/\"},\"author\":{\"name\":\"bosniak\",\"@id\":\"https:\/\/sandzakpress.net\/arhiva\/#\/schema\/person\/c8baee722073534b583ea7bdb2e36c02\"},\"headline\":\"Ramazanski top u Sarajevu ozna\u010dava kraj posta i privla\u010di turiste\",\"datePublished\":\"2013-07-20T18:10:31+00:00\",\"dateModified\":\"2013-07-20T23:55:10+00:00\",\"mainEntityOfPage\":{\"@id\":\"https:\/\/sandzakpress.net\/arhiva\/ramazanski-top-u-sarajevu-oznacava-kraj-posta-i-privlaci-turiste\/\"},\"wordCount\":807,\"commentCount\":0,\"publisher\":{\"@id\":\"https:\/\/sandzakpress.net\/arhiva\/#\/schema\/person\/6e72b67d6e51910a1117b3b483ba20bd\"},\"image\":{\"@id\":\"https:\/\/sandzakpress.net\/arhiva\/ramazanski-top-u-sarajevu-oznacava-kraj-posta-i-privlaci-turiste\/#primaryimage\"},\"thumbnailUrl\":\"https:\/\/sandzakpress.net\/arhiva\/wp-content\/uploads\/2013\/07\/ramazanski-top-u-sarajevu-oznacava-kraj-posta-i-privlaci-turiste_trt-bosanski-21788.jpg\",\"keywords\":[\"Ramazan\"],\"articleSection\":[\"Nacija\",\"Bosna i Hercegovina\",\"VIJESTI DANA\"],\"inLanguage\":\"bs-BA\",\"potentialAction\":[{\"@type\":\"CommentAction\",\"name\":\"Comment\",\"target\":[\"https:\/\/sandzakpress.net\/arhiva\/ramazanski-top-u-sarajevu-oznacava-kraj-posta-i-privlaci-turiste\/#respond\"]}]},{\"@type\":\"WebPage\",\"@id\":\"https:\/\/sandzakpress.net\/arhiva\/ramazanski-top-u-sarajevu-oznacava-kraj-posta-i-privlaci-turiste\/\",\"url\":\"https:\/\/sandzakpress.net\/arhiva\/ramazanski-top-u-sarajevu-oznacava-kraj-posta-i-privlaci-turiste\/\",\"name\":\"Ramazanski top u Sarajevu ozna\u010dava kraj posta i privla\u010di turiste\",\"isPartOf\":{\"@id\":\"https:\/\/sandzakpress.net\/arhiva\/#website\"},\"primaryImageOfPage\":{\"@id\":\"https:\/\/sandzakpress.net\/arhiva\/ramazanski-top-u-sarajevu-oznacava-kraj-posta-i-privlaci-turiste\/#primaryimage\"},\"image\":{\"@id\":\"https:\/\/sandzakpress.net\/arhiva\/ramazanski-top-u-sarajevu-oznacava-kraj-posta-i-privlaci-turiste\/#primaryimage\"},\"thumbnailUrl\":\"https:\/\/sandzakpress.net\/arhiva\/wp-content\/uploads\/2013\/07\/ramazanski-top-u-sarajevu-oznacava-kraj-posta-i-privlaci-turiste_trt-bosanski-21788.jpg\",\"datePublished\":\"2013-07-20T18:10:31+00:00\",\"dateModified\":\"2013-07-20T23:55:10+00:00\",\"breadcrumb\":{\"@id\":\"https:\/\/sandzakpress.net\/arhiva\/ramazanski-top-u-sarajevu-oznacava-kraj-posta-i-privlaci-turiste\/#breadcrumb\"},\"inLanguage\":\"bs-BA\",\"potentialAction\":[{\"@type\":\"ReadAction\",\"target\":[\"https:\/\/sandzakpress.net\/arhiva\/ramazanski-top-u-sarajevu-oznacava-kraj-posta-i-privlaci-turiste\/\"]}]},{\"@type\":\"ImageObject\",\"inLanguage\":\"bs-BA\",\"@id\":\"https:\/\/sandzakpress.net\/arhiva\/ramazanski-top-u-sarajevu-oznacava-kraj-posta-i-privlaci-turiste\/#primaryimage\",\"url\":\"https:\/\/sandzakpress.net\/arhiva\/wp-content\/uploads\/2013\/07\/ramazanski-top-u-sarajevu-oznacava-kraj-posta-i-privlaci-turiste_trt-bosanski-21788.jpg\",\"contentUrl\":\"https:\/\/sandzakpress.net\/arhiva\/wp-content\/uploads\/2013\/07\/ramazanski-top-u-sarajevu-oznacava-kraj-posta-i-privlaci-turiste_trt-bosanski-21788.jpg\",\"width\":584,\"height\":363},{\"@type\":\"BreadcrumbList\",\"@id\":\"https:\/\/sandzakpress.net\/arhiva\/ramazanski-top-u-sarajevu-oznacava-kraj-posta-i-privlaci-turiste\/#breadcrumb\",\"itemListElement\":[{\"@type\":\"ListItem\",\"position\":1,\"name\":\"Home\",\"item\":\"https:\/\/sandzakpress.net\/arhiva\/\"},{\"@type\":\"ListItem\",\"position\":2,\"name\":\"Ramazanski top u Sarajevu ozna\u010dava kraj posta i privla\u010di turiste\"}]},{\"@type\":\"WebSite\",\"@id\":\"https:\/\/sandzakpress.net\/arhiva\/#website\",\"url\":\"https:\/\/sandzakpress.net\/arhiva\/\",\"name\":\"Sand\u017eak PRESS\",\"description\":\"Prve elektronske novine u Sand\u017eaku\",\"publisher\":{\"@id\":\"https:\/\/sandzakpress.net\/arhiva\/#\/schema\/person\/6e72b67d6e51910a1117b3b483ba20bd\"},\"potentialAction\":[{\"@type\":\"SearchAction\",\"target\":{\"@type\":\"EntryPoint\",\"urlTemplate\":\"https:\/\/sandzakpress.net\/arhiva\/?s={search_term_string}\"},\"query-input\":{\"@type\":\"PropertyValueSpecification\",\"valueRequired\":true,\"valueName\":\"search_term_string\"}}],\"inLanguage\":\"bs-BA\"},{\"@type\":[\"Person\",\"Organization\"],\"@id\":\"https:\/\/sandzakpress.net\/arhiva\/#\/schema\/person\/6e72b67d6e51910a1117b3b483ba20bd\",\"name\":\"Kul\",\"image\":{\"@type\":\"ImageObject\",\"inLanguage\":\"bs-BA\",\"@id\":\"https:\/\/sandzakpress.net\/arhiva\/#\/schema\/person\/image\/\",\"url\":\"https:\/\/secure.gravatar.com\/avatar\/42263f39aa27ac04c43cab85c280eb2e?s=96&d=mm&r=pg\",\"contentUrl\":\"https:\/\/secure.gravatar.com\/avatar\/42263f39aa27ac04c43cab85c280eb2e?s=96&d=mm&r=pg\",\"caption\":\"Kul\"},\"logo\":{\"@id\":\"https:\/\/sandzakpress.net\/arhiva\/#\/schema\/person\/image\/\"}},{\"@type\":\"Person\",\"@id\":\"https:\/\/sandzakpress.net\/arhiva\/#\/schema\/person\/c8baee722073534b583ea7bdb2e36c02\",\"name\":\"bosniak\",\"image\":{\"@type\":\"ImageObject\",\"inLanguage\":\"bs-BA\",\"@id\":\"https:\/\/sandzakpress.net\/arhiva\/#\/schema\/person\/image\/\",\"url\":\"https:\/\/secure.gravatar.com\/avatar\/a04fd330bfe3a36a72a0ad4a6d89fca7?s=96&d=mm&r=pg\",\"contentUrl\":\"https:\/\/secure.gravatar.com\/avatar\/a04fd330bfe3a36a72a0ad4a6d89fca7?s=96&d=mm&r=pg\",\"caption\":\"bosniak\"},\"url\":\"https:\/\/sandzakpress.net\/arhiva\/author\/bosniak\/\"}]}<\/script>\n<!-- \/ Yoast SEO Premium plugin. -->","yoast_head_json":{"title":"Ramazanski top u Sarajevu ozna\u010dava kraj posta i privla\u010di turiste","robots":{"index":"index","follow":"follow","max-snippet":"max-snippet:-1","max-image-preview":"max-image-preview:large","max-video-preview":"max-video-preview:-1"},"canonical":"https:\/\/sandzakpress.net\/arhiva\/ramazanski-top-u-sarajevu-oznacava-kraj-posta-i-privlaci-turiste\/","og_locale":"bs_BA","og_type":"article","og_title":"Ramazanski top u Sarajevu ozna\u010dava kraj posta i privla\u010di turiste","og_description":"BiH &#8211; Pucanj iz topa sa bedema vratni\u010dke \u017dute tabije svake ramazanske ve\u010deri ozna\u010dava vrijeme iftara &#8211; kraj cjelodnevnog posta muslimana.\u00a0 Ramazanski top posljednjih godina je postao prava atrakcija, kako za Sarajlije, tako i za brojne turiste, koji dolaze na \u017dutu tabiju kako bi u\u017eivali u o\u010daravaju\u0107em pogledu na glavni grad BiH i kako bi, [&hellip;]","og_url":"https:\/\/sandzakpress.net\/arhiva\/ramazanski-top-u-sarajevu-oznacava-kraj-posta-i-privlaci-turiste\/","og_site_name":"Sand\u017eak PRESS","article_published_time":"2013-07-20T18:10:31+00:00","article_modified_time":"2013-07-20T23:55:10+00:00","og_image":[{"width":584,"height":363,"url":"https:\/\/sandzakpress.net\/arhiva\/wp-content\/uploads\/2013\/07\/ramazanski-top-u-sarajevu-oznacava-kraj-posta-i-privlaci-turiste_trt-bosanski-21788.jpg","type":"image\/jpeg"}],"author":"bosniak","twitter_card":"summary_large_image","twitter_misc":{"Written by":"bosniak","Est. reading time":"4 minute"},"schema":{"@context":"https:\/\/schema.org","@graph":[{"@type":"Article","@id":"https:\/\/sandzakpress.net\/arhiva\/ramazanski-top-u-sarajevu-oznacava-kraj-posta-i-privlaci-turiste\/#article","isPartOf":{"@id":"https:\/\/sandzakpress.net\/arhiva\/ramazanski-top-u-sarajevu-oznacava-kraj-posta-i-privlaci-turiste\/"},"author":{"name":"bosniak","@id":"https:\/\/sandzakpress.net\/arhiva\/#\/schema\/person\/c8baee722073534b583ea7bdb2e36c02"},"headline":"Ramazanski top u Sarajevu ozna\u010dava kraj posta i privla\u010di turiste","datePublished":"2013-07-20T18:10:31+00:00","dateModified":"2013-07-20T23:55:10+00:00","mainEntityOfPage":{"@id":"https:\/\/sandzakpress.net\/arhiva\/ramazanski-top-u-sarajevu-oznacava-kraj-posta-i-privlaci-turiste\/"},"wordCount":807,"commentCount":0,"publisher":{"@id":"https:\/\/sandzakpress.net\/arhiva\/#\/schema\/person\/6e72b67d6e51910a1117b3b483ba20bd"},"image":{"@id":"https:\/\/sandzakpress.net\/arhiva\/ramazanski-top-u-sarajevu-oznacava-kraj-posta-i-privlaci-turiste\/#primaryimage"},"thumbnailUrl":"https:\/\/sandzakpress.net\/arhiva\/wp-content\/uploads\/2013\/07\/ramazanski-top-u-sarajevu-oznacava-kraj-posta-i-privlaci-turiste_trt-bosanski-21788.jpg","keywords":["Ramazan"],"articleSection":["Nacija","Bosna i Hercegovina","VIJESTI DANA"],"inLanguage":"bs-BA","potentialAction":[{"@type":"CommentAction","name":"Comment","target":["https:\/\/sandzakpress.net\/arhiva\/ramazanski-top-u-sarajevu-oznacava-kraj-posta-i-privlaci-turiste\/#respond"]}]},{"@type":"WebPage","@id":"https:\/\/sandzakpress.net\/arhiva\/ramazanski-top-u-sarajevu-oznacava-kraj-posta-i-privlaci-turiste\/","url":"https:\/\/sandzakpress.net\/arhiva\/ramazanski-top-u-sarajevu-oznacava-kraj-posta-i-privlaci-turiste\/","name":"Ramazanski top u Sarajevu ozna\u010dava kraj posta i privla\u010di turiste","isPartOf":{"@id":"https:\/\/sandzakpress.net\/arhiva\/#website"},"primaryImageOfPage":{"@id":"https:\/\/sandzakpress.net\/arhiva\/ramazanski-top-u-sarajevu-oznacava-kraj-posta-i-privlaci-turiste\/#primaryimage"},"image":{"@id":"https:\/\/sandzakpress.net\/arhiva\/ramazanski-top-u-sarajevu-oznacava-kraj-posta-i-privlaci-turiste\/#primaryimage"},"thumbnailUrl":"https:\/\/sandzakpress.net\/arhiva\/wp-content\/uploads\/2013\/07\/ramazanski-top-u-sarajevu-oznacava-kraj-posta-i-privlaci-turiste_trt-bosanski-21788.jpg","datePublished":"2013-07-20T18:10:31+00:00","dateModified":"2013-07-20T23:55:10+00:00","breadcrumb":{"@id":"https:\/\/sandzakpress.net\/arhiva\/ramazanski-top-u-sarajevu-oznacava-kraj-posta-i-privlaci-turiste\/#breadcrumb"},"inLanguage":"bs-BA","potentialAction":[{"@type":"ReadAction","target":["https:\/\/sandzakpress.net\/arhiva\/ramazanski-top-u-sarajevu-oznacava-kraj-posta-i-privlaci-turiste\/"]}]},{"@type":"ImageObject","inLanguage":"bs-BA","@id":"https:\/\/sandzakpress.net\/arhiva\/ramazanski-top-u-sarajevu-oznacava-kraj-posta-i-privlaci-turiste\/#primaryimage","url":"https:\/\/sandzakpress.net\/arhiva\/wp-content\/uploads\/2013\/07\/ramazanski-top-u-sarajevu-oznacava-kraj-posta-i-privlaci-turiste_trt-bosanski-21788.jpg","contentUrl":"https:\/\/sandzakpress.net\/arhiva\/wp-content\/uploads\/2013\/07\/ramazanski-top-u-sarajevu-oznacava-kraj-posta-i-privlaci-turiste_trt-bosanski-21788.jpg","width":584,"height":363},{"@type":"BreadcrumbList","@id":"https:\/\/sandzakpress.net\/arhiva\/ramazanski-top-u-sarajevu-oznacava-kraj-posta-i-privlaci-turiste\/#breadcrumb","itemListElement":[{"@type":"ListItem","position":1,"name":"Home","item":"https:\/\/sandzakpress.net\/arhiva\/"},{"@type":"ListItem","position":2,"name":"Ramazanski top u Sarajevu ozna\u010dava kraj posta i privla\u010di turiste"}]},{"@type":"WebSite","@id":"https:\/\/sandzakpress.net\/arhiva\/#website","url":"https:\/\/sandzakpress.net\/arhiva\/","name":"Sand\u017eak PRESS","description":"Prve elektronske novine u Sand\u017eaku","publisher":{"@id":"https:\/\/sandzakpress.net\/arhiva\/#\/schema\/person\/6e72b67d6e51910a1117b3b483ba20bd"},"potentialAction":[{"@type":"SearchAction","target":{"@type":"EntryPoint","urlTemplate":"https:\/\/sandzakpress.net\/arhiva\/?s={search_term_string}"},"query-input":{"@type":"PropertyValueSpecification","valueRequired":true,"valueName":"search_term_string"}}],"inLanguage":"bs-BA"},{"@type":["Person","Organization"],"@id":"https:\/\/sandzakpress.net\/arhiva\/#\/schema\/person\/6e72b67d6e51910a1117b3b483ba20bd","name":"Kul","image":{"@type":"ImageObject","inLanguage":"bs-BA","@id":"https:\/\/sandzakpress.net\/arhiva\/#\/schema\/person\/image\/","url":"https:\/\/secure.gravatar.com\/avatar\/42263f39aa27ac04c43cab85c280eb2e?s=96&d=mm&r=pg","contentUrl":"https:\/\/secure.gravatar.com\/avatar\/42263f39aa27ac04c43cab85c280eb2e?s=96&d=mm&r=pg","caption":"Kul"},"logo":{"@id":"https:\/\/sandzakpress.net\/arhiva\/#\/schema\/person\/image\/"}},{"@type":"Person","@id":"https:\/\/sandzakpress.net\/arhiva\/#\/schema\/person\/c8baee722073534b583ea7bdb2e36c02","name":"bosniak","image":{"@type":"ImageObject","inLanguage":"bs-BA","@id":"https:\/\/sandzakpress.net\/arhiva\/#\/schema\/person\/image\/","url":"https:\/\/secure.gravatar.com\/avatar\/a04fd330bfe3a36a72a0ad4a6d89fca7?s=96&d=mm&r=pg","contentUrl":"https:\/\/secure.gravatar.com\/avatar\/a04fd330bfe3a36a72a0ad4a6d89fca7?s=96&d=mm&r=pg","caption":"bosniak"},"url":"https:\/\/sandzakpress.net\/arhiva\/author\/bosniak\/"}]}},"_links":{"self":[{"href":"https:\/\/sandzakpress.net\/arhiva\/wp-json\/wp\/v2\/posts\/82359"}],"collection":[{"href":"https:\/\/sandzakpress.net\/arhiva\/wp-json\/wp\/v2\/posts"}],"about":[{"href":"https:\/\/sandzakpress.net\/arhiva\/wp-json\/wp\/v2\/types\/post"}],"author":[{"embeddable":true,"href":"https:\/\/sandzakpress.net\/arhiva\/wp-json\/wp\/v2\/users\/83"}],"replies":[{"embeddable":true,"href":"https:\/\/sandzakpress.net\/arhiva\/wp-json\/wp\/v2\/comments?post=82359"}],"version-history":[{"count":0,"href":"https:\/\/sandzakpress.net\/arhiva\/wp-json\/wp\/v2\/posts\/82359\/revisions"}],"wp:featuredmedia":[{"embeddable":true,"href":"https:\/\/sandzakpress.net\/arhiva\/wp-json\/wp\/v2\/media\/82361"}],"wp:attachment":[{"href":"https:\/\/sandzakpress.net\/arhiva\/wp-json\/wp\/v2\/media?parent=82359"}],"wp:term":[{"taxonomy":"category","embeddable":true,"href":"https:\/\/sandzakpress.net\/arhiva\/wp-json\/wp\/v2\/categories?post=82359"},{"taxonomy":"post_tag","embeddable":true,"href":"https:\/\/sandzakpress.net\/arhiva\/wp-json\/wp\/v2\/tags?post=82359"}],"curies":[{"name":"wp","href":"https:\/\/api.w.org\/{rel}","templated":true}]}}