{"id":82203,"date":"2013-07-19T16:41:41","date_gmt":"2013-07-19T14:41:41","guid":{"rendered":"https:\/\/sandzakpress.net\/arhiva\/?p=82203"},"modified":"2013-07-20T04:15:05","modified_gmt":"2013-07-20T02:15:05","slug":"bdz-ponizavajuca-je-jufuspahiceva-odbrana-optuzenih-za-paljenje-bajrakli-dzamije","status":"publish","type":"post","link":"https:\/\/sandzakpress.net\/arhiva\/bdz-ponizavajuca-je-jufuspahiceva-odbrana-optuzenih-za-paljenje-bajrakli-dzamije\/","title":{"rendered":"BDZ: &#8216;Poni\u017eavaju\u0107a je Jufuspahi\u0107eva odbrana optu\u017eenih za paljenje Bajrakli d\u017eamije&#8217;"},"content":{"rendered":"<p><strong>\u00a0 \u00a0 \u00a0\u00a0 <a href=\"https:\/\/sandzakpress.net\/arhiva\/wp-content\/uploads\/2013\/07\/bajrakli-dzamija-azerbejdzan-1328585176-106617.jpg\"><img loading=\"lazy\" decoding=\"async\" class=\"alignleft size-medium wp-image-82204\" alt=\"bajrakli-dzamija-azerbejdzan-1328585176-106617\" src=\"https:\/\/sandzakpress.net\/arhiva\/wp-content\/uploads\/2013\/07\/bajrakli-dzamija-azerbejdzan-1328585176-106617-300x235.jpg\" width=\"300\" height=\"235\" \/><\/a>Novi Pazar &#8211; Bo\u0161nja\u010dka demokratska zajednica izra\u017eava svoje ogor\u010denje i zraga\u017eavanje u povodu skandalozne presude\u00a0Prvog osnovnog suda u Beogradu, prema kojoj niko od devetorice optu\u017eenih nije kriv za paljenje Bajrakli d\u017eamije, tokom protesta zbog doga\u0111aja na Kosovu, u martu 2004. godine.<\/strong><\/p>\n<p>Naime, sud je na \u010detiri mjeseca osudio samo trojicu vandala\u00a0zbog napada na policiju i u\u010destvovanja u neredima ispred d\u017eamije.<\/p>\n<p>Za sve \u0161to se nakon toga dogodilo \u2013razbijanje prozora na Bajrakli d\u017eamiji i izazivanje po\u017eara u \u010dijem je plamenu izgoreo dio d\u017eamije, vjerske knjige i stari spisi od neprocenjive vrednosti, sud nije na\u0161ao za shodno da je iko kriv.<\/p>\n<p>Htjeli smo da vjerujemo da su ovakve stvari i sli\u010dan odnos pravosu\u0111a u Srbiji prema muslimanima stvar pro\u0161losti, ali je ova sramna presuda dokaz da, na\u017ealost, to nije tako.<\/p>\n<p>Ova presuda dolazi u ambijentu op\u0161te nesigurnosti za muslimane i Bo\u0161njake u Srbiji.<\/p>\n<p>Nakon niza dogadjaja ubistava, ranjavanja, plja\u010dki gdje se ni\u0161ta ne \u010dini da se vinovnici ovih zlo\u010dina privedu pravdi presuda za paljenje Bajrakli d\u017eamije je dokaz da ni njihove svetinje, niti bilo \u0161ta \u0161to predstavlja njihov nacionalni, vjerski i kulturni identitet nije za\u0161ti\u0107eno.<\/p>\n<p>Od ovakve presude samo je poni\u017eavaju\u0107i odnos samoprogla\u0161enog imama Bajrakli d\u017eamije Muhameda Jusufspahi\u0107a prema ovom doga\u0111aju. Bilo je, u najmanju ruku degutantno, pratiti na kako bestidan na\u010din se trudio da pomogne vinovnicima ovog zlo\u010dina da budu oslobodjeni od optu\u017ebi za ovaj gnusni \u010din.<\/p>\n<p>Postavlja se pitanje koja je granica poni\u017eenja do koje su ovakvi i sli\u010dni pojedinci spremni da odu kako bi za\u0161titili svoje pozicije &#8220;de\u017eurnih re\u017eimskih ahmedija&#8221;.<\/p>\n<p>Bo\u0161nja\u010dka demokratska zajednica tra\u017ei od najvi\u0161ih predstavnika dr\u017eavnih organa da se neskrivaju iza licemjernih floskula o nezavisnom sudstvu, jer je ovom odlukom ono samo sebi presudilo, te da ulo\u017ee maksimalan napor kako bi se ova sramotna presuda \u0161to prije ukinula te donijela pravedna odluka o ovom zlo\u010dinu.<\/p>\n<p>Od njihovog odnosa prema ovom slu\u010daju ovisi i njihov moralni integritet i kapacitet da vode ovo dru\u0161tvo i ovu dr\u017eavu putem evropskih integracija.<\/p>\n<p align=\"right\"><b>Informativna slu\u017eba BDZ-a<\/b><\/p>\n<p>&nbsp;<\/p>\n<p>&nbsp;<\/p>\n","protected":false},"excerpt":{"rendered":"<p>\u00a0 \u00a0 \u00a0\u00a0 Novi Pazar &#8211; Bo\u0161nja\u010dka demokratska zajednica izra\u017eava svoje ogor\u010denje i zraga\u017eavanje u povodu skandalozne presude\u00a0Prvog osnovnog suda u Beogradu, prema kojoj niko od devetorice optu\u017eenih nije kriv za paljenje Bajrakli d\u017eamije, tokom protesta zbog doga\u0111aja na Kosovu, u martu 2004. godine. Naime, sud je na \u010detiri mjeseca osudio samo trojicu vandala\u00a0zbog napada [&hellip;]<\/p>\n","protected":false},"author":83,"featured_media":82204,"comment_status":"open","ping_status":"open","sticky":false,"template":"","format":"standard","meta":{"footnotes":""},"categories":[72,1,8957],"tags":[10197,10217,10223],"class_list":{"0":"post-82203","1":"post","2":"type-post","3":"status-publish","4":"format-standard","5":"has-post-thumbnail","7":"category-novi-pazar","8":"category-politika","9":"category-vijesti-dana","10":"tag-muhamed-jusufspahic","11":"tag-nepravde-srpske-vlasti","12":"tag-bdz"},"yoast_head":"<!-- This site is optimized with the Yoast SEO Premium plugin v23.1 (Yoast SEO v24.9) - https:\/\/yoast.com\/wordpress\/plugins\/seo\/ -->\n<title>BDZ: &#039;Poni\u017eavaju\u0107a je Jufuspahi\u0107eva odbrana optu\u017eenih za paljenje Bajrakli d\u017eamije&#039;<\/title>\n<meta name=\"robots\" content=\"index, follow, max-snippet:-1, max-image-preview:large, max-video-preview:-1\" \/>\n<link rel=\"canonical\" href=\"https:\/\/sandzakpress.net\/arhiva\/bdz-ponizavajuca-je-jufuspahiceva-odbrana-optuzenih-za-paljenje-bajrakli-dzamije\/\" \/>\n<meta property=\"og:locale\" content=\"bs_BA\" \/>\n<meta property=\"og:type\" content=\"article\" \/>\n<meta property=\"og:title\" content=\"BDZ: &#039;Poni\u017eavaju\u0107a je Jufuspahi\u0107eva odbrana optu\u017eenih za paljenje Bajrakli d\u017eamije&#039;\" \/>\n<meta property=\"og:description\" content=\"\u00a0 \u00a0 \u00a0\u00a0 Novi Pazar &#8211; Bo\u0161nja\u010dka demokratska zajednica izra\u017eava svoje ogor\u010denje i zraga\u017eavanje u povodu skandalozne presude\u00a0Prvog osnovnog suda u Beogradu, prema kojoj niko od devetorice optu\u017eenih nije kriv za paljenje Bajrakli d\u017eamije, tokom protesta zbog doga\u0111aja na Kosovu, u martu 2004. godine. Naime, sud je na \u010detiri mjeseca osudio samo trojicu vandala\u00a0zbog napada [&hellip;]\" \/>\n<meta property=\"og:url\" content=\"https:\/\/sandzakpress.net\/arhiva\/bdz-ponizavajuca-je-jufuspahiceva-odbrana-optuzenih-za-paljenje-bajrakli-dzamije\/\" \/>\n<meta property=\"og:site_name\" content=\"Sand\u017eak PRESS\" \/>\n<meta property=\"article:published_time\" content=\"2013-07-19T14:41:41+00:00\" \/>\n<meta property=\"article:modified_time\" content=\"2013-07-20T02:15:05+00:00\" \/>\n<meta property=\"og:image\" content=\"https:\/\/sandzakpress.net\/arhiva\/wp-content\/uploads\/2013\/07\/bajrakli-dzamija-azerbejdzan-1328585176-106617.jpg\" \/>\n\t<meta property=\"og:image:width\" content=\"513\" \/>\n\t<meta property=\"og:image:height\" content=\"403\" \/>\n\t<meta property=\"og:image:type\" content=\"image\/jpeg\" \/>\n<meta name=\"author\" content=\"bosniak\" \/>\n<meta name=\"twitter:card\" content=\"summary_large_image\" \/>\n<meta name=\"twitter:label1\" content=\"Written by\" \/>\n\t<meta name=\"twitter:data1\" content=\"bosniak\" \/>\n\t<meta name=\"twitter:label2\" content=\"Est. reading time\" \/>\n\t<meta name=\"twitter:data2\" content=\"2 minute\" \/>\n<script type=\"application\/ld+json\" class=\"yoast-schema-graph\">{\"@context\":\"https:\/\/schema.org\",\"@graph\":[{\"@type\":\"Article\",\"@id\":\"https:\/\/sandzakpress.net\/arhiva\/bdz-ponizavajuca-je-jufuspahiceva-odbrana-optuzenih-za-paljenje-bajrakli-dzamije\/#article\",\"isPartOf\":{\"@id\":\"https:\/\/sandzakpress.net\/arhiva\/bdz-ponizavajuca-je-jufuspahiceva-odbrana-optuzenih-za-paljenje-bajrakli-dzamije\/\"},\"author\":{\"name\":\"bosniak\",\"@id\":\"https:\/\/sandzakpress.net\/arhiva\/#\/schema\/person\/c8baee722073534b583ea7bdb2e36c02\"},\"headline\":\"BDZ: &#8216;Poni\u017eavaju\u0107a je Jufuspahi\u0107eva odbrana optu\u017eenih za paljenje Bajrakli d\u017eamije&#8217;\",\"datePublished\":\"2013-07-19T14:41:41+00:00\",\"dateModified\":\"2013-07-20T02:15:05+00:00\",\"mainEntityOfPage\":{\"@id\":\"https:\/\/sandzakpress.net\/arhiva\/bdz-ponizavajuca-je-jufuspahiceva-odbrana-optuzenih-za-paljenje-bajrakli-dzamije\/\"},\"wordCount\":393,\"commentCount\":0,\"publisher\":{\"@id\":\"https:\/\/sandzakpress.net\/arhiva\/#\/schema\/person\/6e72b67d6e51910a1117b3b483ba20bd\"},\"image\":{\"@id\":\"https:\/\/sandzakpress.net\/arhiva\/bdz-ponizavajuca-je-jufuspahiceva-odbrana-optuzenih-za-paljenje-bajrakli-dzamije\/#primaryimage\"},\"thumbnailUrl\":\"https:\/\/sandzakpress.net\/arhiva\/wp-content\/uploads\/2013\/07\/bajrakli-dzamija-azerbejdzan-1328585176-106617.jpg\",\"keywords\":[\"Muhamed Jusufspahi\u0107\",\"nepravde srpske vlasti\",\"BDZ\"],\"articleSection\":[\"Novi Pazar\",\"Politika\",\"VIJESTI DANA\"],\"inLanguage\":\"bs-BA\",\"potentialAction\":[{\"@type\":\"CommentAction\",\"name\":\"Comment\",\"target\":[\"https:\/\/sandzakpress.net\/arhiva\/bdz-ponizavajuca-je-jufuspahiceva-odbrana-optuzenih-za-paljenje-bajrakli-dzamije\/#respond\"]}]},{\"@type\":\"WebPage\",\"@id\":\"https:\/\/sandzakpress.net\/arhiva\/bdz-ponizavajuca-je-jufuspahiceva-odbrana-optuzenih-za-paljenje-bajrakli-dzamije\/\",\"url\":\"https:\/\/sandzakpress.net\/arhiva\/bdz-ponizavajuca-je-jufuspahiceva-odbrana-optuzenih-za-paljenje-bajrakli-dzamije\/\",\"name\":\"BDZ: 'Poni\u017eavaju\u0107a je Jufuspahi\u0107eva odbrana optu\u017eenih za paljenje Bajrakli d\u017eamije'\",\"isPartOf\":{\"@id\":\"https:\/\/sandzakpress.net\/arhiva\/#website\"},\"primaryImageOfPage\":{\"@id\":\"https:\/\/sandzakpress.net\/arhiva\/bdz-ponizavajuca-je-jufuspahiceva-odbrana-optuzenih-za-paljenje-bajrakli-dzamije\/#primaryimage\"},\"image\":{\"@id\":\"https:\/\/sandzakpress.net\/arhiva\/bdz-ponizavajuca-je-jufuspahiceva-odbrana-optuzenih-za-paljenje-bajrakli-dzamije\/#primaryimage\"},\"thumbnailUrl\":\"https:\/\/sandzakpress.net\/arhiva\/wp-content\/uploads\/2013\/07\/bajrakli-dzamija-azerbejdzan-1328585176-106617.jpg\",\"datePublished\":\"2013-07-19T14:41:41+00:00\",\"dateModified\":\"2013-07-20T02:15:05+00:00\",\"breadcrumb\":{\"@id\":\"https:\/\/sandzakpress.net\/arhiva\/bdz-ponizavajuca-je-jufuspahiceva-odbrana-optuzenih-za-paljenje-bajrakli-dzamije\/#breadcrumb\"},\"inLanguage\":\"bs-BA\",\"potentialAction\":[{\"@type\":\"ReadAction\",\"target\":[\"https:\/\/sandzakpress.net\/arhiva\/bdz-ponizavajuca-je-jufuspahiceva-odbrana-optuzenih-za-paljenje-bajrakli-dzamije\/\"]}]},{\"@type\":\"ImageObject\",\"inLanguage\":\"bs-BA\",\"@id\":\"https:\/\/sandzakpress.net\/arhiva\/bdz-ponizavajuca-je-jufuspahiceva-odbrana-optuzenih-za-paljenje-bajrakli-dzamije\/#primaryimage\",\"url\":\"https:\/\/sandzakpress.net\/arhiva\/wp-content\/uploads\/2013\/07\/bajrakli-dzamija-azerbejdzan-1328585176-106617.jpg\",\"contentUrl\":\"https:\/\/sandzakpress.net\/arhiva\/wp-content\/uploads\/2013\/07\/bajrakli-dzamija-azerbejdzan-1328585176-106617.jpg\",\"width\":513,\"height\":403},{\"@type\":\"BreadcrumbList\",\"@id\":\"https:\/\/sandzakpress.net\/arhiva\/bdz-ponizavajuca-je-jufuspahiceva-odbrana-optuzenih-za-paljenje-bajrakli-dzamije\/#breadcrumb\",\"itemListElement\":[{\"@type\":\"ListItem\",\"position\":1,\"name\":\"Home\",\"item\":\"https:\/\/sandzakpress.net\/arhiva\/\"},{\"@type\":\"ListItem\",\"position\":2,\"name\":\"BDZ: &#8216;Poni\u017eavaju\u0107a je Jufuspahi\u0107eva odbrana optu\u017eenih za paljenje Bajrakli d\u017eamije&#8217;\"}]},{\"@type\":\"WebSite\",\"@id\":\"https:\/\/sandzakpress.net\/arhiva\/#website\",\"url\":\"https:\/\/sandzakpress.net\/arhiva\/\",\"name\":\"Sand\u017eak PRESS\",\"description\":\"Prve elektronske novine u Sand\u017eaku\",\"publisher\":{\"@id\":\"https:\/\/sandzakpress.net\/arhiva\/#\/schema\/person\/6e72b67d6e51910a1117b3b483ba20bd\"},\"potentialAction\":[{\"@type\":\"SearchAction\",\"target\":{\"@type\":\"EntryPoint\",\"urlTemplate\":\"https:\/\/sandzakpress.net\/arhiva\/?s={search_term_string}\"},\"query-input\":{\"@type\":\"PropertyValueSpecification\",\"valueRequired\":true,\"valueName\":\"search_term_string\"}}],\"inLanguage\":\"bs-BA\"},{\"@type\":[\"Person\",\"Organization\"],\"@id\":\"https:\/\/sandzakpress.net\/arhiva\/#\/schema\/person\/6e72b67d6e51910a1117b3b483ba20bd\",\"name\":\"Kul\",\"image\":{\"@type\":\"ImageObject\",\"inLanguage\":\"bs-BA\",\"@id\":\"https:\/\/sandzakpress.net\/arhiva\/#\/schema\/person\/image\/\",\"url\":\"https:\/\/secure.gravatar.com\/avatar\/42263f39aa27ac04c43cab85c280eb2e?s=96&d=mm&r=pg\",\"contentUrl\":\"https:\/\/secure.gravatar.com\/avatar\/42263f39aa27ac04c43cab85c280eb2e?s=96&d=mm&r=pg\",\"caption\":\"Kul\"},\"logo\":{\"@id\":\"https:\/\/sandzakpress.net\/arhiva\/#\/schema\/person\/image\/\"}},{\"@type\":\"Person\",\"@id\":\"https:\/\/sandzakpress.net\/arhiva\/#\/schema\/person\/c8baee722073534b583ea7bdb2e36c02\",\"name\":\"bosniak\",\"image\":{\"@type\":\"ImageObject\",\"inLanguage\":\"bs-BA\",\"@id\":\"https:\/\/sandzakpress.net\/arhiva\/#\/schema\/person\/image\/\",\"url\":\"https:\/\/secure.gravatar.com\/avatar\/a04fd330bfe3a36a72a0ad4a6d89fca7?s=96&d=mm&r=pg\",\"contentUrl\":\"https:\/\/secure.gravatar.com\/avatar\/a04fd330bfe3a36a72a0ad4a6d89fca7?s=96&d=mm&r=pg\",\"caption\":\"bosniak\"},\"url\":\"https:\/\/sandzakpress.net\/arhiva\/author\/bosniak\/\"}]}<\/script>\n<!-- \/ Yoast SEO Premium plugin. -->","yoast_head_json":{"title":"BDZ: 'Poni\u017eavaju\u0107a je Jufuspahi\u0107eva odbrana optu\u017eenih za paljenje Bajrakli d\u017eamije'","robots":{"index":"index","follow":"follow","max-snippet":"max-snippet:-1","max-image-preview":"max-image-preview:large","max-video-preview":"max-video-preview:-1"},"canonical":"https:\/\/sandzakpress.net\/arhiva\/bdz-ponizavajuca-je-jufuspahiceva-odbrana-optuzenih-za-paljenje-bajrakli-dzamije\/","og_locale":"bs_BA","og_type":"article","og_title":"BDZ: 'Poni\u017eavaju\u0107a je Jufuspahi\u0107eva odbrana optu\u017eenih za paljenje Bajrakli d\u017eamije'","og_description":"\u00a0 \u00a0 \u00a0\u00a0 Novi Pazar &#8211; Bo\u0161nja\u010dka demokratska zajednica izra\u017eava svoje ogor\u010denje i zraga\u017eavanje u povodu skandalozne presude\u00a0Prvog osnovnog suda u Beogradu, prema kojoj niko od devetorice optu\u017eenih nije kriv za paljenje Bajrakli d\u017eamije, tokom protesta zbog doga\u0111aja na Kosovu, u martu 2004. godine. Naime, sud je na \u010detiri mjeseca osudio samo trojicu vandala\u00a0zbog napada [&hellip;]","og_url":"https:\/\/sandzakpress.net\/arhiva\/bdz-ponizavajuca-je-jufuspahiceva-odbrana-optuzenih-za-paljenje-bajrakli-dzamije\/","og_site_name":"Sand\u017eak PRESS","article_published_time":"2013-07-19T14:41:41+00:00","article_modified_time":"2013-07-20T02:15:05+00:00","og_image":[{"width":513,"height":403,"url":"https:\/\/sandzakpress.net\/arhiva\/wp-content\/uploads\/2013\/07\/bajrakli-dzamija-azerbejdzan-1328585176-106617.jpg","type":"image\/jpeg"}],"author":"bosniak","twitter_card":"summary_large_image","twitter_misc":{"Written by":"bosniak","Est. reading time":"2 minute"},"schema":{"@context":"https:\/\/schema.org","@graph":[{"@type":"Article","@id":"https:\/\/sandzakpress.net\/arhiva\/bdz-ponizavajuca-je-jufuspahiceva-odbrana-optuzenih-za-paljenje-bajrakli-dzamije\/#article","isPartOf":{"@id":"https:\/\/sandzakpress.net\/arhiva\/bdz-ponizavajuca-je-jufuspahiceva-odbrana-optuzenih-za-paljenje-bajrakli-dzamije\/"},"author":{"name":"bosniak","@id":"https:\/\/sandzakpress.net\/arhiva\/#\/schema\/person\/c8baee722073534b583ea7bdb2e36c02"},"headline":"BDZ: &#8216;Poni\u017eavaju\u0107a je Jufuspahi\u0107eva odbrana optu\u017eenih za paljenje Bajrakli d\u017eamije&#8217;","datePublished":"2013-07-19T14:41:41+00:00","dateModified":"2013-07-20T02:15:05+00:00","mainEntityOfPage":{"@id":"https:\/\/sandzakpress.net\/arhiva\/bdz-ponizavajuca-je-jufuspahiceva-odbrana-optuzenih-za-paljenje-bajrakli-dzamije\/"},"wordCount":393,"commentCount":0,"publisher":{"@id":"https:\/\/sandzakpress.net\/arhiva\/#\/schema\/person\/6e72b67d6e51910a1117b3b483ba20bd"},"image":{"@id":"https:\/\/sandzakpress.net\/arhiva\/bdz-ponizavajuca-je-jufuspahiceva-odbrana-optuzenih-za-paljenje-bajrakli-dzamije\/#primaryimage"},"thumbnailUrl":"https:\/\/sandzakpress.net\/arhiva\/wp-content\/uploads\/2013\/07\/bajrakli-dzamija-azerbejdzan-1328585176-106617.jpg","keywords":["Muhamed Jusufspahi\u0107","nepravde srpske vlasti","BDZ"],"articleSection":["Novi Pazar","Politika","VIJESTI DANA"],"inLanguage":"bs-BA","potentialAction":[{"@type":"CommentAction","name":"Comment","target":["https:\/\/sandzakpress.net\/arhiva\/bdz-ponizavajuca-je-jufuspahiceva-odbrana-optuzenih-za-paljenje-bajrakli-dzamije\/#respond"]}]},{"@type":"WebPage","@id":"https:\/\/sandzakpress.net\/arhiva\/bdz-ponizavajuca-je-jufuspahiceva-odbrana-optuzenih-za-paljenje-bajrakli-dzamije\/","url":"https:\/\/sandzakpress.net\/arhiva\/bdz-ponizavajuca-je-jufuspahiceva-odbrana-optuzenih-za-paljenje-bajrakli-dzamije\/","name":"BDZ: 'Poni\u017eavaju\u0107a je Jufuspahi\u0107eva odbrana optu\u017eenih za paljenje Bajrakli d\u017eamije'","isPartOf":{"@id":"https:\/\/sandzakpress.net\/arhiva\/#website"},"primaryImageOfPage":{"@id":"https:\/\/sandzakpress.net\/arhiva\/bdz-ponizavajuca-je-jufuspahiceva-odbrana-optuzenih-za-paljenje-bajrakli-dzamije\/#primaryimage"},"image":{"@id":"https:\/\/sandzakpress.net\/arhiva\/bdz-ponizavajuca-je-jufuspahiceva-odbrana-optuzenih-za-paljenje-bajrakli-dzamije\/#primaryimage"},"thumbnailUrl":"https:\/\/sandzakpress.net\/arhiva\/wp-content\/uploads\/2013\/07\/bajrakli-dzamija-azerbejdzan-1328585176-106617.jpg","datePublished":"2013-07-19T14:41:41+00:00","dateModified":"2013-07-20T02:15:05+00:00","breadcrumb":{"@id":"https:\/\/sandzakpress.net\/arhiva\/bdz-ponizavajuca-je-jufuspahiceva-odbrana-optuzenih-za-paljenje-bajrakli-dzamije\/#breadcrumb"},"inLanguage":"bs-BA","potentialAction":[{"@type":"ReadAction","target":["https:\/\/sandzakpress.net\/arhiva\/bdz-ponizavajuca-je-jufuspahiceva-odbrana-optuzenih-za-paljenje-bajrakli-dzamije\/"]}]},{"@type":"ImageObject","inLanguage":"bs-BA","@id":"https:\/\/sandzakpress.net\/arhiva\/bdz-ponizavajuca-je-jufuspahiceva-odbrana-optuzenih-za-paljenje-bajrakli-dzamije\/#primaryimage","url":"https:\/\/sandzakpress.net\/arhiva\/wp-content\/uploads\/2013\/07\/bajrakli-dzamija-azerbejdzan-1328585176-106617.jpg","contentUrl":"https:\/\/sandzakpress.net\/arhiva\/wp-content\/uploads\/2013\/07\/bajrakli-dzamija-azerbejdzan-1328585176-106617.jpg","width":513,"height":403},{"@type":"BreadcrumbList","@id":"https:\/\/sandzakpress.net\/arhiva\/bdz-ponizavajuca-je-jufuspahiceva-odbrana-optuzenih-za-paljenje-bajrakli-dzamije\/#breadcrumb","itemListElement":[{"@type":"ListItem","position":1,"name":"Home","item":"https:\/\/sandzakpress.net\/arhiva\/"},{"@type":"ListItem","position":2,"name":"BDZ: &#8216;Poni\u017eavaju\u0107a je Jufuspahi\u0107eva odbrana optu\u017eenih za paljenje Bajrakli d\u017eamije&#8217;"}]},{"@type":"WebSite","@id":"https:\/\/sandzakpress.net\/arhiva\/#website","url":"https:\/\/sandzakpress.net\/arhiva\/","name":"Sand\u017eak PRESS","description":"Prve elektronske novine u Sand\u017eaku","publisher":{"@id":"https:\/\/sandzakpress.net\/arhiva\/#\/schema\/person\/6e72b67d6e51910a1117b3b483ba20bd"},"potentialAction":[{"@type":"SearchAction","target":{"@type":"EntryPoint","urlTemplate":"https:\/\/sandzakpress.net\/arhiva\/?s={search_term_string}"},"query-input":{"@type":"PropertyValueSpecification","valueRequired":true,"valueName":"search_term_string"}}],"inLanguage":"bs-BA"},{"@type":["Person","Organization"],"@id":"https:\/\/sandzakpress.net\/arhiva\/#\/schema\/person\/6e72b67d6e51910a1117b3b483ba20bd","name":"Kul","image":{"@type":"ImageObject","inLanguage":"bs-BA","@id":"https:\/\/sandzakpress.net\/arhiva\/#\/schema\/person\/image\/","url":"https:\/\/secure.gravatar.com\/avatar\/42263f39aa27ac04c43cab85c280eb2e?s=96&d=mm&r=pg","contentUrl":"https:\/\/secure.gravatar.com\/avatar\/42263f39aa27ac04c43cab85c280eb2e?s=96&d=mm&r=pg","caption":"Kul"},"logo":{"@id":"https:\/\/sandzakpress.net\/arhiva\/#\/schema\/person\/image\/"}},{"@type":"Person","@id":"https:\/\/sandzakpress.net\/arhiva\/#\/schema\/person\/c8baee722073534b583ea7bdb2e36c02","name":"bosniak","image":{"@type":"ImageObject","inLanguage":"bs-BA","@id":"https:\/\/sandzakpress.net\/arhiva\/#\/schema\/person\/image\/","url":"https:\/\/secure.gravatar.com\/avatar\/a04fd330bfe3a36a72a0ad4a6d89fca7?s=96&d=mm&r=pg","contentUrl":"https:\/\/secure.gravatar.com\/avatar\/a04fd330bfe3a36a72a0ad4a6d89fca7?s=96&d=mm&r=pg","caption":"bosniak"},"url":"https:\/\/sandzakpress.net\/arhiva\/author\/bosniak\/"}]}},"_links":{"self":[{"href":"https:\/\/sandzakpress.net\/arhiva\/wp-json\/wp\/v2\/posts\/82203"}],"collection":[{"href":"https:\/\/sandzakpress.net\/arhiva\/wp-json\/wp\/v2\/posts"}],"about":[{"href":"https:\/\/sandzakpress.net\/arhiva\/wp-json\/wp\/v2\/types\/post"}],"author":[{"embeddable":true,"href":"https:\/\/sandzakpress.net\/arhiva\/wp-json\/wp\/v2\/users\/83"}],"replies":[{"embeddable":true,"href":"https:\/\/sandzakpress.net\/arhiva\/wp-json\/wp\/v2\/comments?post=82203"}],"version-history":[{"count":0,"href":"https:\/\/sandzakpress.net\/arhiva\/wp-json\/wp\/v2\/posts\/82203\/revisions"}],"wp:featuredmedia":[{"embeddable":true,"href":"https:\/\/sandzakpress.net\/arhiva\/wp-json\/wp\/v2\/media\/82204"}],"wp:attachment":[{"href":"https:\/\/sandzakpress.net\/arhiva\/wp-json\/wp\/v2\/media?parent=82203"}],"wp:term":[{"taxonomy":"category","embeddable":true,"href":"https:\/\/sandzakpress.net\/arhiva\/wp-json\/wp\/v2\/categories?post=82203"},{"taxonomy":"post_tag","embeddable":true,"href":"https:\/\/sandzakpress.net\/arhiva\/wp-json\/wp\/v2\/tags?post=82203"}],"curies":[{"name":"wp","href":"https:\/\/api.w.org\/{rel}","templated":true}]}}