{"id":82186,"date":"2013-07-19T08:20:43","date_gmt":"2013-07-19T06:20:43","guid":{"rendered":"https:\/\/sandzakpress.net\/arhiva\/?p=82186"},"modified":"2013-07-20T17:06:53","modified_gmt":"2013-07-20T15:06:53","slug":"iran-sijski-ucenjak-dozvolio-konzumiranje-vode-tokom-posta","status":"publish","type":"post","link":"https:\/\/sandzakpress.net\/arhiva\/iran-sijski-ucenjak-dozvolio-konzumiranje-vode-tokom-posta\/","title":{"rendered":"Iran: \u0160ijski u\u010denjak dozvolio konzumiranje vode tokom posta"},"content":{"rendered":"<p id=\"article_lead\"><strong><a href=\"https:\/\/sandzakpress.net\/arhiva\/wp-content\/uploads\/2013\/07\/268094_104-reuter-navesh-chitrakar_f.jpg\"><img loading=\"lazy\" decoding=\"async\" class=\"alignleft size-medium wp-image-82187\" alt=\"268094_104-reuter-navesh-chitrakar_f\" src=\"https:\/\/sandzakpress.net\/arhiva\/wp-content\/uploads\/2013\/07\/268094_104-reuter-navesh-chitrakar_f-300x172.jpg\" width=\"300\" height=\"172\" \/><\/a>Tuma\u010denje vi\u0161eg iranskog sve\u0161tenika da muslimani mogu da utole &#8220;ekstremnu \u017ee\u0111&#8221; tokom slavljenja svjetog mjeseca Ramazana izazvalo je debatu me\u0111u sve\u0161tenstvom te islamske republike, javio je ju\u010de Frans pres, pozivaju\u0107i se na iranske medije.<\/strong><\/p>\n<p>\u00a0&#8220;Oni koji ne mogu da podnesu ekstremnu \u017ee\u0111, mogu da popiju onoliko vode da je utole. To ne\u0107e prekinuti njihov post&#8221;, naveo je veliki ajatolah Asadolah Bajat Zan\u0111ani, koji je smatra bliskim reformatorima.<br \/>\nNjegovo tuma\u010denje je, me\u0111utim, ubrzo bilo izlo\u017eeno napadu velikog ajatolaha Nasera Makarema \u0160irazija, koji je odbacio mogu\u0107nost &#8220;posta i pijenja u isto vrijeme&#8221; i ponovio da bilo kakav prekid posta mora biti nadokna\u0111en postom nekog drugog dana u godini.<br \/>\nMediji se pozivaju i na interpretacije vrhovnog vjerskog lidera Alija Hamneija i velikog ajatolaha Alija Sistanija, po kojima &#8220;stanje slabosti ili \u017ee\u0111i ne zaslu\u017euje prekid posta&#8221;.<br \/>\nIpak, Zan\u0111ani &#8211; \u010dije je sjedi\u0161te u svijetom gradu Komu, smatra da islam omogu\u0107uje neke pauze u postu.<br \/>\nPrema njegovom mi\u0161ljenju, to mo\u017ee da zavisi od &#8220;odgovaraju\u0107ih klimatskih i geografskih uslova&#8221;, budu\u0107i da u nekim zemljama &#8211; poput Irana, ramazanski post mo\u017ee da traje ljeti do 16 sati.<br \/>\nNa svojoj internet stranici taj sve\u0161tenik je naveo da oni koji se razbole kada poste ili kada post pogor\u0161ava njihovu postoje\u0107u bolest, kao i radnici koji rade te\u0161ko, mogu da piju vodu ukoliko to omogu\u0107ava njihov opstanak.<br \/>\nZan\u0111ani dodaje da u tom slu\u010daju ne mora da se &#8220;nadokna\u0111uje&#8221; post nekog drugog dana.<br \/>\n&#8220;Imam Sadik (\u0161esti \u0161itski imam) rekao je da ljudi mogu da piju ukoliko \u0107e to spasiti njihov \u017eivot&#8221;, izneo je argument Zan\u0111ani.<br \/>\nAFP podsje\u0107a da se tokom Ramazana muslimani uzdr\u017eavaju od hrane, pi\u0107a, cigareta i seksualnih odnosa izme\u0111u izlaska i zalaska Sunca.<\/p>\n<p>(Blic)<\/p>\n","protected":false},"excerpt":{"rendered":"<p>Tuma\u010denje vi\u0161eg iranskog sve\u0161tenika da muslimani mogu da utole &#8220;ekstremnu \u017ee\u0111&#8221; tokom slavljenja svjetog mjeseca Ramazana izazvalo je debatu me\u0111u sve\u0161tenstvom te islamske republike, javio je ju\u010de Frans pres, pozivaju\u0107i se na iranske medije. \u00a0&#8220;Oni koji ne mogu da podnesu ekstremnu \u017ee\u0111, mogu da popiju onoliko vode da je utole. To ne\u0107e prekinuti njihov post&#8221;, [&hellip;]<\/p>\n","protected":false},"author":83,"featured_media":82187,"comment_status":"open","ping_status":"open","sticky":false,"template":"","format":"standard","meta":{"footnotes":""},"categories":[9,8957],"tags":[10202,10203],"class_list":{"0":"post-82186","1":"post","2":"type-post","3":"status-publish","4":"format-standard","5":"has-post-thumbnail","7":"category-svijet","8":"category-vijesti-dana","9":"tag-iran","10":"tag-sije"},"yoast_head":"<!-- This site is optimized with the Yoast SEO Premium plugin v23.1 (Yoast SEO v24.9) - https:\/\/yoast.com\/wordpress\/plugins\/seo\/ -->\n<title>Iran: \u0160ijski u\u010denjak dozvolio konzumiranje vode tokom posta<\/title>\n<meta name=\"robots\" content=\"index, follow, max-snippet:-1, max-image-preview:large, max-video-preview:-1\" \/>\n<link rel=\"canonical\" href=\"https:\/\/sandzakpress.net\/arhiva\/iran-sijski-ucenjak-dozvolio-konzumiranje-vode-tokom-posta\/\" \/>\n<meta property=\"og:locale\" content=\"bs_BA\" \/>\n<meta property=\"og:type\" content=\"article\" \/>\n<meta property=\"og:title\" content=\"Iran: \u0160ijski u\u010denjak dozvolio konzumiranje vode tokom posta\" \/>\n<meta property=\"og:description\" content=\"Tuma\u010denje vi\u0161eg iranskog sve\u0161tenika da muslimani mogu da utole &#8220;ekstremnu \u017ee\u0111&#8221; tokom slavljenja svjetog mjeseca Ramazana izazvalo je debatu me\u0111u sve\u0161tenstvom te islamske republike, javio je ju\u010de Frans pres, pozivaju\u0107i se na iranske medije. \u00a0&#8220;Oni koji ne mogu da podnesu ekstremnu \u017ee\u0111, mogu da popiju onoliko vode da je utole. To ne\u0107e prekinuti njihov post&#8221;, [&hellip;]\" \/>\n<meta property=\"og:url\" content=\"https:\/\/sandzakpress.net\/arhiva\/iran-sijski-ucenjak-dozvolio-konzumiranje-vode-tokom-posta\/\" \/>\n<meta property=\"og:site_name\" content=\"Sand\u017eak PRESS\" \/>\n<meta property=\"article:published_time\" content=\"2013-07-19T06:20:43+00:00\" \/>\n<meta property=\"article:modified_time\" content=\"2013-07-20T15:06:53+00:00\" \/>\n<meta property=\"og:image\" content=\"https:\/\/sandzakpress.net\/arhiva\/wp-content\/uploads\/2013\/07\/268094_104-reuter-navesh-chitrakar_f.jpg\" \/>\n\t<meta property=\"og:image:width\" content=\"470\" \/>\n\t<meta property=\"og:image:height\" content=\"270\" \/>\n\t<meta property=\"og:image:type\" content=\"image\/jpeg\" \/>\n<meta name=\"author\" content=\"bosniak\" \/>\n<meta name=\"twitter:card\" content=\"summary_large_image\" \/>\n<meta name=\"twitter:label1\" content=\"Written by\" \/>\n\t<meta name=\"twitter:data1\" content=\"bosniak\" \/>\n\t<meta name=\"twitter:label2\" content=\"Est. reading time\" \/>\n\t<meta name=\"twitter:data2\" content=\"2 minute\" \/>\n<script type=\"application\/ld+json\" class=\"yoast-schema-graph\">{\"@context\":\"https:\/\/schema.org\",\"@graph\":[{\"@type\":\"Article\",\"@id\":\"https:\/\/sandzakpress.net\/arhiva\/iran-sijski-ucenjak-dozvolio-konzumiranje-vode-tokom-posta\/#article\",\"isPartOf\":{\"@id\":\"https:\/\/sandzakpress.net\/arhiva\/iran-sijski-ucenjak-dozvolio-konzumiranje-vode-tokom-posta\/\"},\"author\":{\"name\":\"bosniak\",\"@id\":\"https:\/\/sandzakpress.net\/arhiva\/#\/schema\/person\/c8baee722073534b583ea7bdb2e36c02\"},\"headline\":\"Iran: \u0160ijski u\u010denjak dozvolio konzumiranje vode tokom posta\",\"datePublished\":\"2013-07-19T06:20:43+00:00\",\"dateModified\":\"2013-07-20T15:06:53+00:00\",\"mainEntityOfPage\":{\"@id\":\"https:\/\/sandzakpress.net\/arhiva\/iran-sijski-ucenjak-dozvolio-konzumiranje-vode-tokom-posta\/\"},\"wordCount\":320,\"commentCount\":0,\"publisher\":{\"@id\":\"https:\/\/sandzakpress.net\/arhiva\/#\/schema\/person\/6e72b67d6e51910a1117b3b483ba20bd\"},\"image\":{\"@id\":\"https:\/\/sandzakpress.net\/arhiva\/iran-sijski-ucenjak-dozvolio-konzumiranje-vode-tokom-posta\/#primaryimage\"},\"thumbnailUrl\":\"https:\/\/sandzakpress.net\/arhiva\/wp-content\/uploads\/2013\/07\/268094_104-reuter-navesh-chitrakar_f.jpg\",\"keywords\":[\"Iran\",\"\u0160ije\"],\"articleSection\":[\"Svijet\",\"VIJESTI DANA\"],\"inLanguage\":\"bs-BA\",\"potentialAction\":[{\"@type\":\"CommentAction\",\"name\":\"Comment\",\"target\":[\"https:\/\/sandzakpress.net\/arhiva\/iran-sijski-ucenjak-dozvolio-konzumiranje-vode-tokom-posta\/#respond\"]}]},{\"@type\":\"WebPage\",\"@id\":\"https:\/\/sandzakpress.net\/arhiva\/iran-sijski-ucenjak-dozvolio-konzumiranje-vode-tokom-posta\/\",\"url\":\"https:\/\/sandzakpress.net\/arhiva\/iran-sijski-ucenjak-dozvolio-konzumiranje-vode-tokom-posta\/\",\"name\":\"Iran: \u0160ijski u\u010denjak dozvolio konzumiranje vode tokom posta\",\"isPartOf\":{\"@id\":\"https:\/\/sandzakpress.net\/arhiva\/#website\"},\"primaryImageOfPage\":{\"@id\":\"https:\/\/sandzakpress.net\/arhiva\/iran-sijski-ucenjak-dozvolio-konzumiranje-vode-tokom-posta\/#primaryimage\"},\"image\":{\"@id\":\"https:\/\/sandzakpress.net\/arhiva\/iran-sijski-ucenjak-dozvolio-konzumiranje-vode-tokom-posta\/#primaryimage\"},\"thumbnailUrl\":\"https:\/\/sandzakpress.net\/arhiva\/wp-content\/uploads\/2013\/07\/268094_104-reuter-navesh-chitrakar_f.jpg\",\"datePublished\":\"2013-07-19T06:20:43+00:00\",\"dateModified\":\"2013-07-20T15:06:53+00:00\",\"breadcrumb\":{\"@id\":\"https:\/\/sandzakpress.net\/arhiva\/iran-sijski-ucenjak-dozvolio-konzumiranje-vode-tokom-posta\/#breadcrumb\"},\"inLanguage\":\"bs-BA\",\"potentialAction\":[{\"@type\":\"ReadAction\",\"target\":[\"https:\/\/sandzakpress.net\/arhiva\/iran-sijski-ucenjak-dozvolio-konzumiranje-vode-tokom-posta\/\"]}]},{\"@type\":\"ImageObject\",\"inLanguage\":\"bs-BA\",\"@id\":\"https:\/\/sandzakpress.net\/arhiva\/iran-sijski-ucenjak-dozvolio-konzumiranje-vode-tokom-posta\/#primaryimage\",\"url\":\"https:\/\/sandzakpress.net\/arhiva\/wp-content\/uploads\/2013\/07\/268094_104-reuter-navesh-chitrakar_f.jpg\",\"contentUrl\":\"https:\/\/sandzakpress.net\/arhiva\/wp-content\/uploads\/2013\/07\/268094_104-reuter-navesh-chitrakar_f.jpg\",\"width\":470,\"height\":270},{\"@type\":\"BreadcrumbList\",\"@id\":\"https:\/\/sandzakpress.net\/arhiva\/iran-sijski-ucenjak-dozvolio-konzumiranje-vode-tokom-posta\/#breadcrumb\",\"itemListElement\":[{\"@type\":\"ListItem\",\"position\":1,\"name\":\"Home\",\"item\":\"https:\/\/sandzakpress.net\/arhiva\/\"},{\"@type\":\"ListItem\",\"position\":2,\"name\":\"Iran: \u0160ijski u\u010denjak dozvolio konzumiranje vode tokom posta\"}]},{\"@type\":\"WebSite\",\"@id\":\"https:\/\/sandzakpress.net\/arhiva\/#website\",\"url\":\"https:\/\/sandzakpress.net\/arhiva\/\",\"name\":\"Sand\u017eak PRESS\",\"description\":\"Prve elektronske novine u Sand\u017eaku\",\"publisher\":{\"@id\":\"https:\/\/sandzakpress.net\/arhiva\/#\/schema\/person\/6e72b67d6e51910a1117b3b483ba20bd\"},\"potentialAction\":[{\"@type\":\"SearchAction\",\"target\":{\"@type\":\"EntryPoint\",\"urlTemplate\":\"https:\/\/sandzakpress.net\/arhiva\/?s={search_term_string}\"},\"query-input\":{\"@type\":\"PropertyValueSpecification\",\"valueRequired\":true,\"valueName\":\"search_term_string\"}}],\"inLanguage\":\"bs-BA\"},{\"@type\":[\"Person\",\"Organization\"],\"@id\":\"https:\/\/sandzakpress.net\/arhiva\/#\/schema\/person\/6e72b67d6e51910a1117b3b483ba20bd\",\"name\":\"Kul\",\"image\":{\"@type\":\"ImageObject\",\"inLanguage\":\"bs-BA\",\"@id\":\"https:\/\/sandzakpress.net\/arhiva\/#\/schema\/person\/image\/\",\"url\":\"https:\/\/secure.gravatar.com\/avatar\/42263f39aa27ac04c43cab85c280eb2e?s=96&d=mm&r=pg\",\"contentUrl\":\"https:\/\/secure.gravatar.com\/avatar\/42263f39aa27ac04c43cab85c280eb2e?s=96&d=mm&r=pg\",\"caption\":\"Kul\"},\"logo\":{\"@id\":\"https:\/\/sandzakpress.net\/arhiva\/#\/schema\/person\/image\/\"}},{\"@type\":\"Person\",\"@id\":\"https:\/\/sandzakpress.net\/arhiva\/#\/schema\/person\/c8baee722073534b583ea7bdb2e36c02\",\"name\":\"bosniak\",\"image\":{\"@type\":\"ImageObject\",\"inLanguage\":\"bs-BA\",\"@id\":\"https:\/\/sandzakpress.net\/arhiva\/#\/schema\/person\/image\/\",\"url\":\"https:\/\/secure.gravatar.com\/avatar\/a04fd330bfe3a36a72a0ad4a6d89fca7?s=96&d=mm&r=pg\",\"contentUrl\":\"https:\/\/secure.gravatar.com\/avatar\/a04fd330bfe3a36a72a0ad4a6d89fca7?s=96&d=mm&r=pg\",\"caption\":\"bosniak\"},\"url\":\"https:\/\/sandzakpress.net\/arhiva\/author\/bosniak\/\"}]}<\/script>\n<!-- \/ Yoast SEO Premium plugin. -->","yoast_head_json":{"title":"Iran: \u0160ijski u\u010denjak dozvolio konzumiranje vode tokom posta","robots":{"index":"index","follow":"follow","max-snippet":"max-snippet:-1","max-image-preview":"max-image-preview:large","max-video-preview":"max-video-preview:-1"},"canonical":"https:\/\/sandzakpress.net\/arhiva\/iran-sijski-ucenjak-dozvolio-konzumiranje-vode-tokom-posta\/","og_locale":"bs_BA","og_type":"article","og_title":"Iran: \u0160ijski u\u010denjak dozvolio konzumiranje vode tokom posta","og_description":"Tuma\u010denje vi\u0161eg iranskog sve\u0161tenika da muslimani mogu da utole &#8220;ekstremnu \u017ee\u0111&#8221; tokom slavljenja svjetog mjeseca Ramazana izazvalo je debatu me\u0111u sve\u0161tenstvom te islamske republike, javio je ju\u010de Frans pres, pozivaju\u0107i se na iranske medije. \u00a0&#8220;Oni koji ne mogu da podnesu ekstremnu \u017ee\u0111, mogu da popiju onoliko vode da je utole. To ne\u0107e prekinuti njihov post&#8221;, [&hellip;]","og_url":"https:\/\/sandzakpress.net\/arhiva\/iran-sijski-ucenjak-dozvolio-konzumiranje-vode-tokom-posta\/","og_site_name":"Sand\u017eak PRESS","article_published_time":"2013-07-19T06:20:43+00:00","article_modified_time":"2013-07-20T15:06:53+00:00","og_image":[{"width":470,"height":270,"url":"https:\/\/sandzakpress.net\/arhiva\/wp-content\/uploads\/2013\/07\/268094_104-reuter-navesh-chitrakar_f.jpg","type":"image\/jpeg"}],"author":"bosniak","twitter_card":"summary_large_image","twitter_misc":{"Written by":"bosniak","Est. reading time":"2 minute"},"schema":{"@context":"https:\/\/schema.org","@graph":[{"@type":"Article","@id":"https:\/\/sandzakpress.net\/arhiva\/iran-sijski-ucenjak-dozvolio-konzumiranje-vode-tokom-posta\/#article","isPartOf":{"@id":"https:\/\/sandzakpress.net\/arhiva\/iran-sijski-ucenjak-dozvolio-konzumiranje-vode-tokom-posta\/"},"author":{"name":"bosniak","@id":"https:\/\/sandzakpress.net\/arhiva\/#\/schema\/person\/c8baee722073534b583ea7bdb2e36c02"},"headline":"Iran: \u0160ijski u\u010denjak dozvolio konzumiranje vode tokom posta","datePublished":"2013-07-19T06:20:43+00:00","dateModified":"2013-07-20T15:06:53+00:00","mainEntityOfPage":{"@id":"https:\/\/sandzakpress.net\/arhiva\/iran-sijski-ucenjak-dozvolio-konzumiranje-vode-tokom-posta\/"},"wordCount":320,"commentCount":0,"publisher":{"@id":"https:\/\/sandzakpress.net\/arhiva\/#\/schema\/person\/6e72b67d6e51910a1117b3b483ba20bd"},"image":{"@id":"https:\/\/sandzakpress.net\/arhiva\/iran-sijski-ucenjak-dozvolio-konzumiranje-vode-tokom-posta\/#primaryimage"},"thumbnailUrl":"https:\/\/sandzakpress.net\/arhiva\/wp-content\/uploads\/2013\/07\/268094_104-reuter-navesh-chitrakar_f.jpg","keywords":["Iran","\u0160ije"],"articleSection":["Svijet","VIJESTI DANA"],"inLanguage":"bs-BA","potentialAction":[{"@type":"CommentAction","name":"Comment","target":["https:\/\/sandzakpress.net\/arhiva\/iran-sijski-ucenjak-dozvolio-konzumiranje-vode-tokom-posta\/#respond"]}]},{"@type":"WebPage","@id":"https:\/\/sandzakpress.net\/arhiva\/iran-sijski-ucenjak-dozvolio-konzumiranje-vode-tokom-posta\/","url":"https:\/\/sandzakpress.net\/arhiva\/iran-sijski-ucenjak-dozvolio-konzumiranje-vode-tokom-posta\/","name":"Iran: \u0160ijski u\u010denjak dozvolio konzumiranje vode tokom posta","isPartOf":{"@id":"https:\/\/sandzakpress.net\/arhiva\/#website"},"primaryImageOfPage":{"@id":"https:\/\/sandzakpress.net\/arhiva\/iran-sijski-ucenjak-dozvolio-konzumiranje-vode-tokom-posta\/#primaryimage"},"image":{"@id":"https:\/\/sandzakpress.net\/arhiva\/iran-sijski-ucenjak-dozvolio-konzumiranje-vode-tokom-posta\/#primaryimage"},"thumbnailUrl":"https:\/\/sandzakpress.net\/arhiva\/wp-content\/uploads\/2013\/07\/268094_104-reuter-navesh-chitrakar_f.jpg","datePublished":"2013-07-19T06:20:43+00:00","dateModified":"2013-07-20T15:06:53+00:00","breadcrumb":{"@id":"https:\/\/sandzakpress.net\/arhiva\/iran-sijski-ucenjak-dozvolio-konzumiranje-vode-tokom-posta\/#breadcrumb"},"inLanguage":"bs-BA","potentialAction":[{"@type":"ReadAction","target":["https:\/\/sandzakpress.net\/arhiva\/iran-sijski-ucenjak-dozvolio-konzumiranje-vode-tokom-posta\/"]}]},{"@type":"ImageObject","inLanguage":"bs-BA","@id":"https:\/\/sandzakpress.net\/arhiva\/iran-sijski-ucenjak-dozvolio-konzumiranje-vode-tokom-posta\/#primaryimage","url":"https:\/\/sandzakpress.net\/arhiva\/wp-content\/uploads\/2013\/07\/268094_104-reuter-navesh-chitrakar_f.jpg","contentUrl":"https:\/\/sandzakpress.net\/arhiva\/wp-content\/uploads\/2013\/07\/268094_104-reuter-navesh-chitrakar_f.jpg","width":470,"height":270},{"@type":"BreadcrumbList","@id":"https:\/\/sandzakpress.net\/arhiva\/iran-sijski-ucenjak-dozvolio-konzumiranje-vode-tokom-posta\/#breadcrumb","itemListElement":[{"@type":"ListItem","position":1,"name":"Home","item":"https:\/\/sandzakpress.net\/arhiva\/"},{"@type":"ListItem","position":2,"name":"Iran: \u0160ijski u\u010denjak dozvolio konzumiranje vode tokom posta"}]},{"@type":"WebSite","@id":"https:\/\/sandzakpress.net\/arhiva\/#website","url":"https:\/\/sandzakpress.net\/arhiva\/","name":"Sand\u017eak PRESS","description":"Prve elektronske novine u Sand\u017eaku","publisher":{"@id":"https:\/\/sandzakpress.net\/arhiva\/#\/schema\/person\/6e72b67d6e51910a1117b3b483ba20bd"},"potentialAction":[{"@type":"SearchAction","target":{"@type":"EntryPoint","urlTemplate":"https:\/\/sandzakpress.net\/arhiva\/?s={search_term_string}"},"query-input":{"@type":"PropertyValueSpecification","valueRequired":true,"valueName":"search_term_string"}}],"inLanguage":"bs-BA"},{"@type":["Person","Organization"],"@id":"https:\/\/sandzakpress.net\/arhiva\/#\/schema\/person\/6e72b67d6e51910a1117b3b483ba20bd","name":"Kul","image":{"@type":"ImageObject","inLanguage":"bs-BA","@id":"https:\/\/sandzakpress.net\/arhiva\/#\/schema\/person\/image\/","url":"https:\/\/secure.gravatar.com\/avatar\/42263f39aa27ac04c43cab85c280eb2e?s=96&d=mm&r=pg","contentUrl":"https:\/\/secure.gravatar.com\/avatar\/42263f39aa27ac04c43cab85c280eb2e?s=96&d=mm&r=pg","caption":"Kul"},"logo":{"@id":"https:\/\/sandzakpress.net\/arhiva\/#\/schema\/person\/image\/"}},{"@type":"Person","@id":"https:\/\/sandzakpress.net\/arhiva\/#\/schema\/person\/c8baee722073534b583ea7bdb2e36c02","name":"bosniak","image":{"@type":"ImageObject","inLanguage":"bs-BA","@id":"https:\/\/sandzakpress.net\/arhiva\/#\/schema\/person\/image\/","url":"https:\/\/secure.gravatar.com\/avatar\/a04fd330bfe3a36a72a0ad4a6d89fca7?s=96&d=mm&r=pg","contentUrl":"https:\/\/secure.gravatar.com\/avatar\/a04fd330bfe3a36a72a0ad4a6d89fca7?s=96&d=mm&r=pg","caption":"bosniak"},"url":"https:\/\/sandzakpress.net\/arhiva\/author\/bosniak\/"}]}},"_links":{"self":[{"href":"https:\/\/sandzakpress.net\/arhiva\/wp-json\/wp\/v2\/posts\/82186"}],"collection":[{"href":"https:\/\/sandzakpress.net\/arhiva\/wp-json\/wp\/v2\/posts"}],"about":[{"href":"https:\/\/sandzakpress.net\/arhiva\/wp-json\/wp\/v2\/types\/post"}],"author":[{"embeddable":true,"href":"https:\/\/sandzakpress.net\/arhiva\/wp-json\/wp\/v2\/users\/83"}],"replies":[{"embeddable":true,"href":"https:\/\/sandzakpress.net\/arhiva\/wp-json\/wp\/v2\/comments?post=82186"}],"version-history":[{"count":0,"href":"https:\/\/sandzakpress.net\/arhiva\/wp-json\/wp\/v2\/posts\/82186\/revisions"}],"wp:featuredmedia":[{"embeddable":true,"href":"https:\/\/sandzakpress.net\/arhiva\/wp-json\/wp\/v2\/media\/82187"}],"wp:attachment":[{"href":"https:\/\/sandzakpress.net\/arhiva\/wp-json\/wp\/v2\/media?parent=82186"}],"wp:term":[{"taxonomy":"category","embeddable":true,"href":"https:\/\/sandzakpress.net\/arhiva\/wp-json\/wp\/v2\/categories?post=82186"},{"taxonomy":"post_tag","embeddable":true,"href":"https:\/\/sandzakpress.net\/arhiva\/wp-json\/wp\/v2\/tags?post=82186"}],"curies":[{"name":"wp","href":"https:\/\/api.w.org\/{rel}","templated":true}]}}