{"id":8191,"date":"2010-09-17T09:38:32","date_gmt":"2010-09-17T09:38:32","guid":{"rendered":"https:\/\/sandzakpress.net\/arhiva\/?p=8191"},"modified":"2010-09-24T09:47:41","modified_gmt":"2010-09-24T09:47:41","slug":"altun-alem-dzamija-uskoro-otvorena","status":"publish","type":"post","link":"https:\/\/sandzakpress.net\/arhiva\/altun-alem-dzamija-uskoro-otvorena\/","title":{"rendered":"Altun-alem d\u017eamija uskoro otvorena"},"content":{"rendered":"<p><strong><a href=\"https:\/\/sandzakpress.net\/arhiva\/wp-content\/uploads\/2010\/09\/novipazar-1229963029.jpg\"><img loading=\"lazy\" decoding=\"async\" class=\"alignleft size-medium wp-image-8192\" title=\"novipazar-1229963029\" src=\"https:\/\/sandzakpress.net\/arhiva\/wp-content\/uploads\/2010\/09\/novipazar-1229963029-213x300.jpg\" alt=\"\" width=\"213\" height=\"300\" \/><\/a>Novi Pazar &#8211; Novopazarska Altun Alem d\u017eamija, najljep\u0161a gra\u0111evina te vrste u Sand\u017eaku koja poti\u010de iz XVI vijeka, mogla bi biti otvorena za vjernike po\u010detkom novembra, najavljuju u me\u0161ihatu Islamske zajednice u Srbiji.<\/strong><\/p>\n<p>Generalni sekretar Samir \u0160krijelj je rekao da se o\u010dekuje da bi do kraja oktobra mogli biti zavr\u0161eni radovi do odre\u0111ene faze, ali ne i u potpunosti. Zavr\u0161etak tih radova bi, me\u0111utim, omogu\u0107io da taj vjerski objekat bude otvoren za muslimanske vjernike, po\u010detkom novembra.<\/p>\n<p>D\u017eamija sa zlatnim alemom (dragim kamenom) zatvorena je prije gotovo tri godine kada je po\u010delo renoviranje kompletnog kompleksa harema u koji spada Stari mekteb, izdava\u010dka ku\u0107a El-Kemileh, menza za malu djecu i mezarje.<\/p>\n<p>Ovu d\u017eamiju su poku\u0161ali, na nasilan na\u010din, oteti pripadnici paravjerske tvorevine na \u010delu sa Hasibom Suljevi\u0107em, kojim direktno upravlja Bezbjednosno informativna agencija (BIA) Srbije, koji je bio imam u ovoj d\u017eamiji, prije nego je poku\u0161ao rascijepiti Islamsku zajednicu. U poku\u0161ajima nasilnog ulaska je upotrijebljeno i vatreno oru\u017eije, gdje je ranjen Eko Bi\u0161evac u prijedjelu vrata.<\/p>\n<p>Altun Alem d\u017eamija (d\u017eamija sa zlatnim alemom &#8211; dragim kamenom) nalazi se na sredi\u0161njem dijelu Prvomajske ulice. Ta ulica se zvala Stambolski (Carigradski) drum, a cio kvart u kome se nalazi pomenuta ulica, bio je poznat kao Jele\u010d mahala, po Jele\u010du, srednjovijekovnom gradu koji se nalazi na Rogozni, u \u010dijem pravcu je vodila dana\u0161nja Prvomajska ulica. Ime Jele\u010d mahala se izgubilo u XVII vijeku i umjesto toga pominju se d\u017eemati Altun Alem i Ahmed vojvoda.<\/p>\n<p>Altun Alem d\u017eamiju je sredinom XVI vijeka izgradio Muslihedin Abdul Gani poznatiji kao Mujezin hod\u017ea Al Medini, sasvim izvjesno veoma bogat, ali obrazovan i u\u010den \u010dovjek. Ne zna se ta\u010dna godina njene gradnje. Vjeruje se da je to bilo izme\u0111u 1516. i 1528. godine. Bilo kako bilo, objekat je iz prve polovine XVI vijeka, vrlo je lijepa i retka.<\/p>\n<p>Legenda ka\u017ee da su postojale Altuna, Had\u017eira i Halima, tri pa\u0161ine \u0107erke, ljepotice kao d\u017eenetske hurije, ro\u0111ene su i rasle u Novom Pazaru. Zbog ljepote, bogatstva i ugleda \u0161to su posjedovale ove tri sestre, niko se nije usudio da ih zaprosi. Kada su tri pa\u0161ine \u0107erke ostarjele i ostale neudate u godinama pred smrt dogovorile su se da svoje silno bogatstvo ostave u dobrotvorne svrhe.<\/p>\n<p>Altuna je dala sredstva da se izgradi d\u017eamija i da nosi njeno ime pa otuda Altun-alem d\u017eamija. Had\u017eira je uvakufila zemlju za gradsko groblje i drzge potrebe muslimana u jugozapadnom dijelu grada pa se taj dio tada nazvao, a i danas se zove Had\u017eet (po darodavcu Had\u017eiri). Najmla\u0111a od sestara Halima dala je sredstva za izgradnju \u010desme u gradu i ta \u010desma se i danas zove, po Halimi, Halima\u010da.<\/p>\n<p>Izvor: <strong>SandzakPRESS.net<\/strong><\/p>\n","protected":false},"excerpt":{"rendered":"<p>Novi Pazar &#8211; Novopazarska Altun Alem d\u017eamija, najljep\u0161a gra\u0111evina te vrste u Sand\u017eaku koja poti\u010de iz XVI vijeka, mogla bi biti otvorena za vjernike po\u010detkom novembra, najavljuju u me\u0161ihatu Islamske zajednice u Srbiji. Generalni sekretar Samir \u0160krijelj je rekao da se o\u010dekuje da bi do kraja oktobra mogli biti zavr\u0161eni radovi do odre\u0111ene faze, ali [&hellip;]<\/p>\n","protected":false},"author":83,"featured_media":8192,"comment_status":"open","ping_status":"open","sticky":false,"template":"","format":"standard","meta":{"footnotes":""},"categories":[72,802],"tags":[],"class_list":{"0":"post-8191","1":"post","2":"type-post","3":"status-publish","4":"format-standard","5":"has-post-thumbnail","7":"category-novi-pazar","8":"category-islamska_zajednica"},"yoast_head":"<!-- This site is optimized with the Yoast SEO Premium plugin v23.1 (Yoast SEO v24.9) - https:\/\/yoast.com\/wordpress\/plugins\/seo\/ -->\n<title>Altun-alem d\u017eamija uskoro otvorena<\/title>\n<meta name=\"robots\" content=\"index, follow, max-snippet:-1, max-image-preview:large, max-video-preview:-1\" \/>\n<link rel=\"canonical\" href=\"https:\/\/sandzakpress.net\/arhiva\/altun-alem-dzamija-uskoro-otvorena\/\" \/>\n<meta property=\"og:locale\" content=\"bs_BA\" \/>\n<meta property=\"og:type\" content=\"article\" \/>\n<meta property=\"og:title\" content=\"Altun-alem d\u017eamija uskoro otvorena\" \/>\n<meta property=\"og:description\" content=\"Novi Pazar &#8211; Novopazarska Altun Alem d\u017eamija, najljep\u0161a gra\u0111evina te vrste u Sand\u017eaku koja poti\u010de iz XVI vijeka, mogla bi biti otvorena za vjernike po\u010detkom novembra, najavljuju u me\u0161ihatu Islamske zajednice u Srbiji. Generalni sekretar Samir \u0160krijelj je rekao da se o\u010dekuje da bi do kraja oktobra mogli biti zavr\u0161eni radovi do odre\u0111ene faze, ali [&hellip;]\" \/>\n<meta property=\"og:url\" content=\"https:\/\/sandzakpress.net\/arhiva\/altun-alem-dzamija-uskoro-otvorena\/\" \/>\n<meta property=\"og:site_name\" content=\"Sand\u017eak PRESS\" \/>\n<meta property=\"article:published_time\" content=\"2010-09-17T09:38:32+00:00\" \/>\n<meta property=\"article:modified_time\" content=\"2010-09-24T09:47:41+00:00\" \/>\n<meta property=\"og:image\" content=\"https:\/\/sandzakpress.net\/arhiva\/wp-content\/uploads\/2010\/09\/novipazar-1229963029.jpg\" \/>\n\t<meta property=\"og:image:width\" content=\"532\" \/>\n\t<meta property=\"og:image:height\" content=\"748\" \/>\n\t<meta property=\"og:image:type\" content=\"image\/jpeg\" \/>\n<meta name=\"author\" content=\"bosniak\" \/>\n<meta name=\"twitter:card\" content=\"summary_large_image\" \/>\n<meta name=\"twitter:label1\" content=\"Written by\" \/>\n\t<meta name=\"twitter:data1\" content=\"bosniak\" \/>\n\t<meta name=\"twitter:label2\" content=\"Est. reading time\" \/>\n\t<meta name=\"twitter:data2\" content=\"2 minute\" \/>\n<script type=\"application\/ld+json\" class=\"yoast-schema-graph\">{\"@context\":\"https:\/\/schema.org\",\"@graph\":[{\"@type\":\"Article\",\"@id\":\"https:\/\/sandzakpress.net\/arhiva\/altun-alem-dzamija-uskoro-otvorena\/#article\",\"isPartOf\":{\"@id\":\"https:\/\/sandzakpress.net\/arhiva\/altun-alem-dzamija-uskoro-otvorena\/\"},\"author\":{\"name\":\"bosniak\",\"@id\":\"https:\/\/sandzakpress.net\/arhiva\/#\/schema\/person\/c8baee722073534b583ea7bdb2e36c02\"},\"headline\":\"Altun-alem d\u017eamija uskoro otvorena\",\"datePublished\":\"2010-09-17T09:38:32+00:00\",\"dateModified\":\"2010-09-24T09:47:41+00:00\",\"mainEntityOfPage\":{\"@id\":\"https:\/\/sandzakpress.net\/arhiva\/altun-alem-dzamija-uskoro-otvorena\/\"},\"wordCount\":489,\"commentCount\":7,\"publisher\":{\"@id\":\"https:\/\/sandzakpress.net\/arhiva\/#\/schema\/person\/6e72b67d6e51910a1117b3b483ba20bd\"},\"image\":{\"@id\":\"https:\/\/sandzakpress.net\/arhiva\/altun-alem-dzamija-uskoro-otvorena\/#primaryimage\"},\"thumbnailUrl\":\"https:\/\/sandzakpress.net\/arhiva\/wp-content\/uploads\/2010\/09\/novipazar-1229963029.jpg\",\"articleSection\":[\"Novi Pazar\",\"Islamska zajednica\"],\"inLanguage\":\"bs-BA\",\"potentialAction\":[{\"@type\":\"CommentAction\",\"name\":\"Comment\",\"target\":[\"https:\/\/sandzakpress.net\/arhiva\/altun-alem-dzamija-uskoro-otvorena\/#respond\"]}]},{\"@type\":\"WebPage\",\"@id\":\"https:\/\/sandzakpress.net\/arhiva\/altun-alem-dzamija-uskoro-otvorena\/\",\"url\":\"https:\/\/sandzakpress.net\/arhiva\/altun-alem-dzamija-uskoro-otvorena\/\",\"name\":\"Altun-alem d\u017eamija uskoro otvorena\",\"isPartOf\":{\"@id\":\"https:\/\/sandzakpress.net\/arhiva\/#website\"},\"primaryImageOfPage\":{\"@id\":\"https:\/\/sandzakpress.net\/arhiva\/altun-alem-dzamija-uskoro-otvorena\/#primaryimage\"},\"image\":{\"@id\":\"https:\/\/sandzakpress.net\/arhiva\/altun-alem-dzamija-uskoro-otvorena\/#primaryimage\"},\"thumbnailUrl\":\"https:\/\/sandzakpress.net\/arhiva\/wp-content\/uploads\/2010\/09\/novipazar-1229963029.jpg\",\"datePublished\":\"2010-09-17T09:38:32+00:00\",\"dateModified\":\"2010-09-24T09:47:41+00:00\",\"breadcrumb\":{\"@id\":\"https:\/\/sandzakpress.net\/arhiva\/altun-alem-dzamija-uskoro-otvorena\/#breadcrumb\"},\"inLanguage\":\"bs-BA\",\"potentialAction\":[{\"@type\":\"ReadAction\",\"target\":[\"https:\/\/sandzakpress.net\/arhiva\/altun-alem-dzamija-uskoro-otvorena\/\"]}]},{\"@type\":\"ImageObject\",\"inLanguage\":\"bs-BA\",\"@id\":\"https:\/\/sandzakpress.net\/arhiva\/altun-alem-dzamija-uskoro-otvorena\/#primaryimage\",\"url\":\"https:\/\/sandzakpress.net\/arhiva\/wp-content\/uploads\/2010\/09\/novipazar-1229963029.jpg\",\"contentUrl\":\"https:\/\/sandzakpress.net\/arhiva\/wp-content\/uploads\/2010\/09\/novipazar-1229963029.jpg\",\"width\":532,\"height\":748},{\"@type\":\"BreadcrumbList\",\"@id\":\"https:\/\/sandzakpress.net\/arhiva\/altun-alem-dzamija-uskoro-otvorena\/#breadcrumb\",\"itemListElement\":[{\"@type\":\"ListItem\",\"position\":1,\"name\":\"Home\",\"item\":\"https:\/\/sandzakpress.net\/arhiva\/\"},{\"@type\":\"ListItem\",\"position\":2,\"name\":\"Altun-alem d\u017eamija uskoro otvorena\"}]},{\"@type\":\"WebSite\",\"@id\":\"https:\/\/sandzakpress.net\/arhiva\/#website\",\"url\":\"https:\/\/sandzakpress.net\/arhiva\/\",\"name\":\"Sand\u017eak PRESS\",\"description\":\"Prve elektronske novine u Sand\u017eaku\",\"publisher\":{\"@id\":\"https:\/\/sandzakpress.net\/arhiva\/#\/schema\/person\/6e72b67d6e51910a1117b3b483ba20bd\"},\"potentialAction\":[{\"@type\":\"SearchAction\",\"target\":{\"@type\":\"EntryPoint\",\"urlTemplate\":\"https:\/\/sandzakpress.net\/arhiva\/?s={search_term_string}\"},\"query-input\":{\"@type\":\"PropertyValueSpecification\",\"valueRequired\":true,\"valueName\":\"search_term_string\"}}],\"inLanguage\":\"bs-BA\"},{\"@type\":[\"Person\",\"Organization\"],\"@id\":\"https:\/\/sandzakpress.net\/arhiva\/#\/schema\/person\/6e72b67d6e51910a1117b3b483ba20bd\",\"name\":\"Kul\",\"image\":{\"@type\":\"ImageObject\",\"inLanguage\":\"bs-BA\",\"@id\":\"https:\/\/sandzakpress.net\/arhiva\/#\/schema\/person\/image\/\",\"url\":\"https:\/\/secure.gravatar.com\/avatar\/42263f39aa27ac04c43cab85c280eb2e?s=96&d=mm&r=pg\",\"contentUrl\":\"https:\/\/secure.gravatar.com\/avatar\/42263f39aa27ac04c43cab85c280eb2e?s=96&d=mm&r=pg\",\"caption\":\"Kul\"},\"logo\":{\"@id\":\"https:\/\/sandzakpress.net\/arhiva\/#\/schema\/person\/image\/\"}},{\"@type\":\"Person\",\"@id\":\"https:\/\/sandzakpress.net\/arhiva\/#\/schema\/person\/c8baee722073534b583ea7bdb2e36c02\",\"name\":\"bosniak\",\"image\":{\"@type\":\"ImageObject\",\"inLanguage\":\"bs-BA\",\"@id\":\"https:\/\/sandzakpress.net\/arhiva\/#\/schema\/person\/image\/\",\"url\":\"https:\/\/secure.gravatar.com\/avatar\/a04fd330bfe3a36a72a0ad4a6d89fca7?s=96&d=mm&r=pg\",\"contentUrl\":\"https:\/\/secure.gravatar.com\/avatar\/a04fd330bfe3a36a72a0ad4a6d89fca7?s=96&d=mm&r=pg\",\"caption\":\"bosniak\"},\"url\":\"https:\/\/sandzakpress.net\/arhiva\/author\/bosniak\/\"}]}<\/script>\n<!-- \/ Yoast SEO Premium plugin. -->","yoast_head_json":{"title":"Altun-alem d\u017eamija uskoro otvorena","robots":{"index":"index","follow":"follow","max-snippet":"max-snippet:-1","max-image-preview":"max-image-preview:large","max-video-preview":"max-video-preview:-1"},"canonical":"https:\/\/sandzakpress.net\/arhiva\/altun-alem-dzamija-uskoro-otvorena\/","og_locale":"bs_BA","og_type":"article","og_title":"Altun-alem d\u017eamija uskoro otvorena","og_description":"Novi Pazar &#8211; Novopazarska Altun Alem d\u017eamija, najljep\u0161a gra\u0111evina te vrste u Sand\u017eaku koja poti\u010de iz XVI vijeka, mogla bi biti otvorena za vjernike po\u010detkom novembra, najavljuju u me\u0161ihatu Islamske zajednice u Srbiji. Generalni sekretar Samir \u0160krijelj je rekao da se o\u010dekuje da bi do kraja oktobra mogli biti zavr\u0161eni radovi do odre\u0111ene faze, ali [&hellip;]","og_url":"https:\/\/sandzakpress.net\/arhiva\/altun-alem-dzamija-uskoro-otvorena\/","og_site_name":"Sand\u017eak PRESS","article_published_time":"2010-09-17T09:38:32+00:00","article_modified_time":"2010-09-24T09:47:41+00:00","og_image":[{"width":532,"height":748,"url":"https:\/\/sandzakpress.net\/arhiva\/wp-content\/uploads\/2010\/09\/novipazar-1229963029.jpg","type":"image\/jpeg"}],"author":"bosniak","twitter_card":"summary_large_image","twitter_misc":{"Written by":"bosniak","Est. reading time":"2 minute"},"schema":{"@context":"https:\/\/schema.org","@graph":[{"@type":"Article","@id":"https:\/\/sandzakpress.net\/arhiva\/altun-alem-dzamija-uskoro-otvorena\/#article","isPartOf":{"@id":"https:\/\/sandzakpress.net\/arhiva\/altun-alem-dzamija-uskoro-otvorena\/"},"author":{"name":"bosniak","@id":"https:\/\/sandzakpress.net\/arhiva\/#\/schema\/person\/c8baee722073534b583ea7bdb2e36c02"},"headline":"Altun-alem d\u017eamija uskoro otvorena","datePublished":"2010-09-17T09:38:32+00:00","dateModified":"2010-09-24T09:47:41+00:00","mainEntityOfPage":{"@id":"https:\/\/sandzakpress.net\/arhiva\/altun-alem-dzamija-uskoro-otvorena\/"},"wordCount":489,"commentCount":7,"publisher":{"@id":"https:\/\/sandzakpress.net\/arhiva\/#\/schema\/person\/6e72b67d6e51910a1117b3b483ba20bd"},"image":{"@id":"https:\/\/sandzakpress.net\/arhiva\/altun-alem-dzamija-uskoro-otvorena\/#primaryimage"},"thumbnailUrl":"https:\/\/sandzakpress.net\/arhiva\/wp-content\/uploads\/2010\/09\/novipazar-1229963029.jpg","articleSection":["Novi Pazar","Islamska zajednica"],"inLanguage":"bs-BA","potentialAction":[{"@type":"CommentAction","name":"Comment","target":["https:\/\/sandzakpress.net\/arhiva\/altun-alem-dzamija-uskoro-otvorena\/#respond"]}]},{"@type":"WebPage","@id":"https:\/\/sandzakpress.net\/arhiva\/altun-alem-dzamija-uskoro-otvorena\/","url":"https:\/\/sandzakpress.net\/arhiva\/altun-alem-dzamija-uskoro-otvorena\/","name":"Altun-alem d\u017eamija uskoro otvorena","isPartOf":{"@id":"https:\/\/sandzakpress.net\/arhiva\/#website"},"primaryImageOfPage":{"@id":"https:\/\/sandzakpress.net\/arhiva\/altun-alem-dzamija-uskoro-otvorena\/#primaryimage"},"image":{"@id":"https:\/\/sandzakpress.net\/arhiva\/altun-alem-dzamija-uskoro-otvorena\/#primaryimage"},"thumbnailUrl":"https:\/\/sandzakpress.net\/arhiva\/wp-content\/uploads\/2010\/09\/novipazar-1229963029.jpg","datePublished":"2010-09-17T09:38:32+00:00","dateModified":"2010-09-24T09:47:41+00:00","breadcrumb":{"@id":"https:\/\/sandzakpress.net\/arhiva\/altun-alem-dzamija-uskoro-otvorena\/#breadcrumb"},"inLanguage":"bs-BA","potentialAction":[{"@type":"ReadAction","target":["https:\/\/sandzakpress.net\/arhiva\/altun-alem-dzamija-uskoro-otvorena\/"]}]},{"@type":"ImageObject","inLanguage":"bs-BA","@id":"https:\/\/sandzakpress.net\/arhiva\/altun-alem-dzamija-uskoro-otvorena\/#primaryimage","url":"https:\/\/sandzakpress.net\/arhiva\/wp-content\/uploads\/2010\/09\/novipazar-1229963029.jpg","contentUrl":"https:\/\/sandzakpress.net\/arhiva\/wp-content\/uploads\/2010\/09\/novipazar-1229963029.jpg","width":532,"height":748},{"@type":"BreadcrumbList","@id":"https:\/\/sandzakpress.net\/arhiva\/altun-alem-dzamija-uskoro-otvorena\/#breadcrumb","itemListElement":[{"@type":"ListItem","position":1,"name":"Home","item":"https:\/\/sandzakpress.net\/arhiva\/"},{"@type":"ListItem","position":2,"name":"Altun-alem d\u017eamija uskoro otvorena"}]},{"@type":"WebSite","@id":"https:\/\/sandzakpress.net\/arhiva\/#website","url":"https:\/\/sandzakpress.net\/arhiva\/","name":"Sand\u017eak PRESS","description":"Prve elektronske novine u Sand\u017eaku","publisher":{"@id":"https:\/\/sandzakpress.net\/arhiva\/#\/schema\/person\/6e72b67d6e51910a1117b3b483ba20bd"},"potentialAction":[{"@type":"SearchAction","target":{"@type":"EntryPoint","urlTemplate":"https:\/\/sandzakpress.net\/arhiva\/?s={search_term_string}"},"query-input":{"@type":"PropertyValueSpecification","valueRequired":true,"valueName":"search_term_string"}}],"inLanguage":"bs-BA"},{"@type":["Person","Organization"],"@id":"https:\/\/sandzakpress.net\/arhiva\/#\/schema\/person\/6e72b67d6e51910a1117b3b483ba20bd","name":"Kul","image":{"@type":"ImageObject","inLanguage":"bs-BA","@id":"https:\/\/sandzakpress.net\/arhiva\/#\/schema\/person\/image\/","url":"https:\/\/secure.gravatar.com\/avatar\/42263f39aa27ac04c43cab85c280eb2e?s=96&d=mm&r=pg","contentUrl":"https:\/\/secure.gravatar.com\/avatar\/42263f39aa27ac04c43cab85c280eb2e?s=96&d=mm&r=pg","caption":"Kul"},"logo":{"@id":"https:\/\/sandzakpress.net\/arhiva\/#\/schema\/person\/image\/"}},{"@type":"Person","@id":"https:\/\/sandzakpress.net\/arhiva\/#\/schema\/person\/c8baee722073534b583ea7bdb2e36c02","name":"bosniak","image":{"@type":"ImageObject","inLanguage":"bs-BA","@id":"https:\/\/sandzakpress.net\/arhiva\/#\/schema\/person\/image\/","url":"https:\/\/secure.gravatar.com\/avatar\/a04fd330bfe3a36a72a0ad4a6d89fca7?s=96&d=mm&r=pg","contentUrl":"https:\/\/secure.gravatar.com\/avatar\/a04fd330bfe3a36a72a0ad4a6d89fca7?s=96&d=mm&r=pg","caption":"bosniak"},"url":"https:\/\/sandzakpress.net\/arhiva\/author\/bosniak\/"}]}},"_links":{"self":[{"href":"https:\/\/sandzakpress.net\/arhiva\/wp-json\/wp\/v2\/posts\/8191"}],"collection":[{"href":"https:\/\/sandzakpress.net\/arhiva\/wp-json\/wp\/v2\/posts"}],"about":[{"href":"https:\/\/sandzakpress.net\/arhiva\/wp-json\/wp\/v2\/types\/post"}],"author":[{"embeddable":true,"href":"https:\/\/sandzakpress.net\/arhiva\/wp-json\/wp\/v2\/users\/83"}],"replies":[{"embeddable":true,"href":"https:\/\/sandzakpress.net\/arhiva\/wp-json\/wp\/v2\/comments?post=8191"}],"version-history":[{"count":0,"href":"https:\/\/sandzakpress.net\/arhiva\/wp-json\/wp\/v2\/posts\/8191\/revisions"}],"wp:featuredmedia":[{"embeddable":true,"href":"https:\/\/sandzakpress.net\/arhiva\/wp-json\/wp\/v2\/media\/8192"}],"wp:attachment":[{"href":"https:\/\/sandzakpress.net\/arhiva\/wp-json\/wp\/v2\/media?parent=8191"}],"wp:term":[{"taxonomy":"category","embeddable":true,"href":"https:\/\/sandzakpress.net\/arhiva\/wp-json\/wp\/v2\/categories?post=8191"},{"taxonomy":"post_tag","embeddable":true,"href":"https:\/\/sandzakpress.net\/arhiva\/wp-json\/wp\/v2\/tags?post=8191"}],"curies":[{"name":"wp","href":"https:\/\/api.w.org\/{rel}","templated":true}]}}