{"id":8175,"date":"2010-09-16T10:33:58","date_gmt":"2010-09-16T10:33:58","guid":{"rendered":"https:\/\/sandzakpress.net\/arhiva\/?p=8175"},"modified":"2010-09-16T10:36:35","modified_gmt":"2010-09-16T10:36:35","slug":"srpski-antisandzacki-blok","status":"publish","type":"post","link":"https:\/\/sandzakpress.net\/arhiva\/srpski-antisandzacki-blok\/","title":{"rendered":"Srpski antisand\u017ea\u010dki blok"},"content":{"rendered":"<p><strong><a href=\"https:\/\/sandzakpress.net\/arhiva\/wp-content\/uploads\/2010\/09\/suljo-rasim-adem-jusufspahic.jpg\"><img loading=\"lazy\" decoding=\"async\" class=\"alignleft size-medium wp-image-8176\" title=\"suljo-rasim-adem-jusufspahic\" src=\"https:\/\/sandzakpress.net\/arhiva\/wp-content\/uploads\/2010\/09\/suljo-rasim-adem-jusufspahic-256x300.jpg\" alt=\"\" width=\"160\" height=\"186\" \/><\/a>Sjeverni Sand\u017eak &#8211; Ono \u0161to se u Sand\u017eaku da primjetiti, a znatno je razli\u010dito nego prije dvije godine, jeste to da je nezvani\u010dno formiran politi\u010dki blok koji ima za cilj da se bori i sputava sve \u0161to je islamsko, bo\u0161nja\u010dko, sand\u017ea\u010dko i op\u0161temoralno.<\/strong><\/p>\n<p>Taj blok \u010dini koalicija Sulejmana Ugljanina, Rasima Ljaji\u0107a, Adema Zilki\u0107a i Muhameda Jusufspahi\u0107a. Taj blok je u narodu ve\u0107 dobio ime, i to ni manje ni vi\u0161e nego, IZDAJNICI bo\u0161nja\u010dkog naroda.<\/p>\n<p>Sve je po\u010delo od Sulejmana Ugljanina i dana kada je rekao:<\/p>\n<p>\u201eMe\u0161ihat vi\u0161e ne postoji!\u201c<\/p>\n<p>Od tada pa do danas, priklonili su mu se mnogi istomi\u0161ljenici i sada je vrlo jasno i da blok IZDAJNIKA dr\u017eava koristi kao bi\u010d protiv svega \u0161to je u Sand\u017eaku ostalo, a da nije srpsko i kr\u0161\u0107ansko.<\/p>\n<p>U tom bloku se, iz dana u dan, da primjetiti da se nalaze i politi\u010dari poput Fevzije Muri\u0107a, Tarika Imamovi\u0107a i Mithata Noki\u0107a. \u010cesto pominjani ljudi na medijima, ali bez nekog velikog uticaja u dru\u0161tvu.<\/p>\n<p>O ovome ne treba puno pri\u010dat, dovoljno je citirati stih bo\u0161nja\u010dkog pjesnika Musa \u0106azim \u0106ati\u0107a:<\/p>\n<p>Sakrij lice izdajico,<br \/>\nNek ne pljuju ljudi na te,<br \/>\nA znaj i to: Izdajicu<br \/>\ni pod zemljom kletve prate!\u2026<\/p>\n<p>U prilogu vam dajemo i Ugljaninov intervju o ru\u0161enju na\u0161ih svetinja i ko je god sada i danas sa nim, podr\u017eava ove njegove izgovorene rije\u010di:<\/p>\n<p><object classid=\"clsid:d27cdb6e-ae6d-11cf-96b8-444553540000\" width=\"616\" height=\"500\" codebase=\"http:\/\/download.macromedia.com\/pub\/shockwave\/cabs\/flash\/swflash.cab#version=6,0,40,0\"><param name=\"allowFullScreen\" value=\"true\" \/><param name=\"allowscriptaccess\" value=\"always\" \/><param name=\"src\" value=\"http:\/\/www.youtube.com\/v\/oTK5_xGhKLo?fs=1&amp;hl=en_US\" \/><param name=\"allowfullscreen\" value=\"true\" \/><embed type=\"application\/x-shockwave-flash\" width=\"616\" height=\"500\" src=\"http:\/\/www.youtube.com\/v\/oTK5_xGhKLo?fs=1&amp;hl=en_US\" allowscriptaccess=\"always\" allowfullscreen=\"true\"><\/embed><\/object><\/p>\n<p>Izvor:<strong> SandzakPRESS.net<\/strong><\/p>\n","protected":false},"excerpt":{"rendered":"<p>Sjeverni Sand\u017eak &#8211; Ono \u0161to se u Sand\u017eaku da primjetiti, a znatno je razli\u010dito nego prije dvije godine, jeste to da je nezvani\u010dno formiran politi\u010dki blok koji ima za cilj da se bori i sputava sve \u0161to je islamsko, bo\u0161nja\u010dko, sand\u017ea\u010dko i op\u0161temoralno. Taj blok \u010dini koalicija Sulejmana Ugljanina, Rasima Ljaji\u0107a, Adema Zilki\u0107a i Muhameda [&hellip;]<\/p>\n","protected":false},"author":83,"featured_media":8176,"comment_status":"open","ping_status":"open","sticky":false,"template":"","format":"standard","meta":{"footnotes":""},"categories":[800,72,52,327,392,393,394],"tags":[],"class_list":{"0":"post-8175","1":"post","2":"type-post","3":"status-publish","4":"format-standard","5":"has-post-thumbnail","7":"category-nacija","8":"category-novi-pazar","9":"category-sjenica","10":"category-tutin","11":"category-prijepolje_","12":"category-priboj","13":"category-nova-varos"},"yoast_head":"<!-- This site is optimized with the Yoast SEO Premium plugin v23.1 (Yoast SEO v24.9) - https:\/\/yoast.com\/wordpress\/plugins\/seo\/ -->\n<title>Srpski antisand\u017ea\u010dki blok<\/title>\n<meta name=\"robots\" content=\"index, follow, max-snippet:-1, max-image-preview:large, max-video-preview:-1\" \/>\n<link rel=\"canonical\" href=\"https:\/\/sandzakpress.net\/arhiva\/srpski-antisandzacki-blok\/\" \/>\n<meta property=\"og:locale\" content=\"bs_BA\" \/>\n<meta property=\"og:type\" content=\"article\" \/>\n<meta property=\"og:title\" content=\"Srpski antisand\u017ea\u010dki blok\" \/>\n<meta property=\"og:description\" content=\"Sjeverni Sand\u017eak &#8211; Ono \u0161to se u Sand\u017eaku da primjetiti, a znatno je razli\u010dito nego prije dvije godine, jeste to da je nezvani\u010dno formiran politi\u010dki blok koji ima za cilj da se bori i sputava sve \u0161to je islamsko, bo\u0161nja\u010dko, sand\u017ea\u010dko i op\u0161temoralno. Taj blok \u010dini koalicija Sulejmana Ugljanina, Rasima Ljaji\u0107a, Adema Zilki\u0107a i Muhameda [&hellip;]\" \/>\n<meta property=\"og:url\" content=\"https:\/\/sandzakpress.net\/arhiva\/srpski-antisandzacki-blok\/\" \/>\n<meta property=\"og:site_name\" content=\"Sand\u017eak PRESS\" \/>\n<meta property=\"article:published_time\" content=\"2010-09-16T10:33:58+00:00\" \/>\n<meta property=\"article:modified_time\" content=\"2010-09-16T10:36:35+00:00\" \/>\n<meta property=\"og:image\" content=\"https:\/\/sandzakpress.net\/arhiva\/wp-content\/uploads\/2010\/09\/suljo-rasim-adem-jusufspahic.jpg\" \/>\n\t<meta property=\"og:image:width\" content=\"594\" \/>\n\t<meta property=\"og:image:height\" content=\"695\" \/>\n\t<meta property=\"og:image:type\" content=\"image\/jpeg\" \/>\n<meta name=\"author\" content=\"bosniak\" \/>\n<meta name=\"twitter:card\" content=\"summary_large_image\" \/>\n<meta name=\"twitter:label1\" content=\"Written by\" \/>\n\t<meta name=\"twitter:data1\" content=\"bosniak\" \/>\n\t<meta name=\"twitter:label2\" content=\"Est. reading time\" \/>\n\t<meta name=\"twitter:data2\" content=\"1 minuta\" \/>\n<script type=\"application\/ld+json\" class=\"yoast-schema-graph\">{\"@context\":\"https:\/\/schema.org\",\"@graph\":[{\"@type\":\"Article\",\"@id\":\"https:\/\/sandzakpress.net\/arhiva\/srpski-antisandzacki-blok\/#article\",\"isPartOf\":{\"@id\":\"https:\/\/sandzakpress.net\/arhiva\/srpski-antisandzacki-blok\/\"},\"author\":{\"name\":\"bosniak\",\"@id\":\"https:\/\/sandzakpress.net\/arhiva\/#\/schema\/person\/c8baee722073534b583ea7bdb2e36c02\"},\"headline\":\"Srpski antisand\u017ea\u010dki blok\",\"datePublished\":\"2010-09-16T10:33:58+00:00\",\"dateModified\":\"2010-09-16T10:36:35+00:00\",\"mainEntityOfPage\":{\"@id\":\"https:\/\/sandzakpress.net\/arhiva\/srpski-antisandzacki-blok\/\"},\"wordCount\":264,\"commentCount\":13,\"publisher\":{\"@id\":\"https:\/\/sandzakpress.net\/arhiva\/#\/schema\/person\/6e72b67d6e51910a1117b3b483ba20bd\"},\"image\":{\"@id\":\"https:\/\/sandzakpress.net\/arhiva\/srpski-antisandzacki-blok\/#primaryimage\"},\"thumbnailUrl\":\"https:\/\/sandzakpress.net\/arhiva\/wp-content\/uploads\/2010\/09\/suljo-rasim-adem-jusufspahic.jpg\",\"articleSection\":[\"Nacija\",\"Novi Pazar\",\"Sjenica\",\"Tutin\",\"Prijepolje\",\"Priboj\",\"Nova Varo\u0161\"],\"inLanguage\":\"bs-BA\",\"potentialAction\":[{\"@type\":\"CommentAction\",\"name\":\"Comment\",\"target\":[\"https:\/\/sandzakpress.net\/arhiva\/srpski-antisandzacki-blok\/#respond\"]}]},{\"@type\":\"WebPage\",\"@id\":\"https:\/\/sandzakpress.net\/arhiva\/srpski-antisandzacki-blok\/\",\"url\":\"https:\/\/sandzakpress.net\/arhiva\/srpski-antisandzacki-blok\/\",\"name\":\"Srpski antisand\u017ea\u010dki blok\",\"isPartOf\":{\"@id\":\"https:\/\/sandzakpress.net\/arhiva\/#website\"},\"primaryImageOfPage\":{\"@id\":\"https:\/\/sandzakpress.net\/arhiva\/srpski-antisandzacki-blok\/#primaryimage\"},\"image\":{\"@id\":\"https:\/\/sandzakpress.net\/arhiva\/srpski-antisandzacki-blok\/#primaryimage\"},\"thumbnailUrl\":\"https:\/\/sandzakpress.net\/arhiva\/wp-content\/uploads\/2010\/09\/suljo-rasim-adem-jusufspahic.jpg\",\"datePublished\":\"2010-09-16T10:33:58+00:00\",\"dateModified\":\"2010-09-16T10:36:35+00:00\",\"breadcrumb\":{\"@id\":\"https:\/\/sandzakpress.net\/arhiva\/srpski-antisandzacki-blok\/#breadcrumb\"},\"inLanguage\":\"bs-BA\",\"potentialAction\":[{\"@type\":\"ReadAction\",\"target\":[\"https:\/\/sandzakpress.net\/arhiva\/srpski-antisandzacki-blok\/\"]}]},{\"@type\":\"ImageObject\",\"inLanguage\":\"bs-BA\",\"@id\":\"https:\/\/sandzakpress.net\/arhiva\/srpski-antisandzacki-blok\/#primaryimage\",\"url\":\"https:\/\/sandzakpress.net\/arhiva\/wp-content\/uploads\/2010\/09\/suljo-rasim-adem-jusufspahic.jpg\",\"contentUrl\":\"https:\/\/sandzakpress.net\/arhiva\/wp-content\/uploads\/2010\/09\/suljo-rasim-adem-jusufspahic.jpg\",\"width\":594,\"height\":695},{\"@type\":\"BreadcrumbList\",\"@id\":\"https:\/\/sandzakpress.net\/arhiva\/srpski-antisandzacki-blok\/#breadcrumb\",\"itemListElement\":[{\"@type\":\"ListItem\",\"position\":1,\"name\":\"Home\",\"item\":\"https:\/\/sandzakpress.net\/arhiva\/\"},{\"@type\":\"ListItem\",\"position\":2,\"name\":\"Srpski antisand\u017ea\u010dki blok\"}]},{\"@type\":\"WebSite\",\"@id\":\"https:\/\/sandzakpress.net\/arhiva\/#website\",\"url\":\"https:\/\/sandzakpress.net\/arhiva\/\",\"name\":\"Sand\u017eak PRESS\",\"description\":\"Prve elektronske novine u Sand\u017eaku\",\"publisher\":{\"@id\":\"https:\/\/sandzakpress.net\/arhiva\/#\/schema\/person\/6e72b67d6e51910a1117b3b483ba20bd\"},\"potentialAction\":[{\"@type\":\"SearchAction\",\"target\":{\"@type\":\"EntryPoint\",\"urlTemplate\":\"https:\/\/sandzakpress.net\/arhiva\/?s={search_term_string}\"},\"query-input\":{\"@type\":\"PropertyValueSpecification\",\"valueRequired\":true,\"valueName\":\"search_term_string\"}}],\"inLanguage\":\"bs-BA\"},{\"@type\":[\"Person\",\"Organization\"],\"@id\":\"https:\/\/sandzakpress.net\/arhiva\/#\/schema\/person\/6e72b67d6e51910a1117b3b483ba20bd\",\"name\":\"Kul\",\"image\":{\"@type\":\"ImageObject\",\"inLanguage\":\"bs-BA\",\"@id\":\"https:\/\/sandzakpress.net\/arhiva\/#\/schema\/person\/image\/\",\"url\":\"https:\/\/secure.gravatar.com\/avatar\/42263f39aa27ac04c43cab85c280eb2e?s=96&d=mm&r=pg\",\"contentUrl\":\"https:\/\/secure.gravatar.com\/avatar\/42263f39aa27ac04c43cab85c280eb2e?s=96&d=mm&r=pg\",\"caption\":\"Kul\"},\"logo\":{\"@id\":\"https:\/\/sandzakpress.net\/arhiva\/#\/schema\/person\/image\/\"}},{\"@type\":\"Person\",\"@id\":\"https:\/\/sandzakpress.net\/arhiva\/#\/schema\/person\/c8baee722073534b583ea7bdb2e36c02\",\"name\":\"bosniak\",\"image\":{\"@type\":\"ImageObject\",\"inLanguage\":\"bs-BA\",\"@id\":\"https:\/\/sandzakpress.net\/arhiva\/#\/schema\/person\/image\/\",\"url\":\"https:\/\/secure.gravatar.com\/avatar\/a04fd330bfe3a36a72a0ad4a6d89fca7?s=96&d=mm&r=pg\",\"contentUrl\":\"https:\/\/secure.gravatar.com\/avatar\/a04fd330bfe3a36a72a0ad4a6d89fca7?s=96&d=mm&r=pg\",\"caption\":\"bosniak\"},\"url\":\"https:\/\/sandzakpress.net\/arhiva\/author\/bosniak\/\"}]}<\/script>\n<!-- \/ Yoast SEO Premium plugin. -->","yoast_head_json":{"title":"Srpski antisand\u017ea\u010dki blok","robots":{"index":"index","follow":"follow","max-snippet":"max-snippet:-1","max-image-preview":"max-image-preview:large","max-video-preview":"max-video-preview:-1"},"canonical":"https:\/\/sandzakpress.net\/arhiva\/srpski-antisandzacki-blok\/","og_locale":"bs_BA","og_type":"article","og_title":"Srpski antisand\u017ea\u010dki blok","og_description":"Sjeverni Sand\u017eak &#8211; Ono \u0161to se u Sand\u017eaku da primjetiti, a znatno je razli\u010dito nego prije dvije godine, jeste to da je nezvani\u010dno formiran politi\u010dki blok koji ima za cilj da se bori i sputava sve \u0161to je islamsko, bo\u0161nja\u010dko, sand\u017ea\u010dko i op\u0161temoralno. Taj blok \u010dini koalicija Sulejmana Ugljanina, Rasima Ljaji\u0107a, Adema Zilki\u0107a i Muhameda [&hellip;]","og_url":"https:\/\/sandzakpress.net\/arhiva\/srpski-antisandzacki-blok\/","og_site_name":"Sand\u017eak PRESS","article_published_time":"2010-09-16T10:33:58+00:00","article_modified_time":"2010-09-16T10:36:35+00:00","og_image":[{"width":594,"height":695,"url":"https:\/\/sandzakpress.net\/arhiva\/wp-content\/uploads\/2010\/09\/suljo-rasim-adem-jusufspahic.jpg","type":"image\/jpeg"}],"author":"bosniak","twitter_card":"summary_large_image","twitter_misc":{"Written by":"bosniak","Est. reading time":"1 minuta"},"schema":{"@context":"https:\/\/schema.org","@graph":[{"@type":"Article","@id":"https:\/\/sandzakpress.net\/arhiva\/srpski-antisandzacki-blok\/#article","isPartOf":{"@id":"https:\/\/sandzakpress.net\/arhiva\/srpski-antisandzacki-blok\/"},"author":{"name":"bosniak","@id":"https:\/\/sandzakpress.net\/arhiva\/#\/schema\/person\/c8baee722073534b583ea7bdb2e36c02"},"headline":"Srpski antisand\u017ea\u010dki blok","datePublished":"2010-09-16T10:33:58+00:00","dateModified":"2010-09-16T10:36:35+00:00","mainEntityOfPage":{"@id":"https:\/\/sandzakpress.net\/arhiva\/srpski-antisandzacki-blok\/"},"wordCount":264,"commentCount":13,"publisher":{"@id":"https:\/\/sandzakpress.net\/arhiva\/#\/schema\/person\/6e72b67d6e51910a1117b3b483ba20bd"},"image":{"@id":"https:\/\/sandzakpress.net\/arhiva\/srpski-antisandzacki-blok\/#primaryimage"},"thumbnailUrl":"https:\/\/sandzakpress.net\/arhiva\/wp-content\/uploads\/2010\/09\/suljo-rasim-adem-jusufspahic.jpg","articleSection":["Nacija","Novi Pazar","Sjenica","Tutin","Prijepolje","Priboj","Nova Varo\u0161"],"inLanguage":"bs-BA","potentialAction":[{"@type":"CommentAction","name":"Comment","target":["https:\/\/sandzakpress.net\/arhiva\/srpski-antisandzacki-blok\/#respond"]}]},{"@type":"WebPage","@id":"https:\/\/sandzakpress.net\/arhiva\/srpski-antisandzacki-blok\/","url":"https:\/\/sandzakpress.net\/arhiva\/srpski-antisandzacki-blok\/","name":"Srpski antisand\u017ea\u010dki blok","isPartOf":{"@id":"https:\/\/sandzakpress.net\/arhiva\/#website"},"primaryImageOfPage":{"@id":"https:\/\/sandzakpress.net\/arhiva\/srpski-antisandzacki-blok\/#primaryimage"},"image":{"@id":"https:\/\/sandzakpress.net\/arhiva\/srpski-antisandzacki-blok\/#primaryimage"},"thumbnailUrl":"https:\/\/sandzakpress.net\/arhiva\/wp-content\/uploads\/2010\/09\/suljo-rasim-adem-jusufspahic.jpg","datePublished":"2010-09-16T10:33:58+00:00","dateModified":"2010-09-16T10:36:35+00:00","breadcrumb":{"@id":"https:\/\/sandzakpress.net\/arhiva\/srpski-antisandzacki-blok\/#breadcrumb"},"inLanguage":"bs-BA","potentialAction":[{"@type":"ReadAction","target":["https:\/\/sandzakpress.net\/arhiva\/srpski-antisandzacki-blok\/"]}]},{"@type":"ImageObject","inLanguage":"bs-BA","@id":"https:\/\/sandzakpress.net\/arhiva\/srpski-antisandzacki-blok\/#primaryimage","url":"https:\/\/sandzakpress.net\/arhiva\/wp-content\/uploads\/2010\/09\/suljo-rasim-adem-jusufspahic.jpg","contentUrl":"https:\/\/sandzakpress.net\/arhiva\/wp-content\/uploads\/2010\/09\/suljo-rasim-adem-jusufspahic.jpg","width":594,"height":695},{"@type":"BreadcrumbList","@id":"https:\/\/sandzakpress.net\/arhiva\/srpski-antisandzacki-blok\/#breadcrumb","itemListElement":[{"@type":"ListItem","position":1,"name":"Home","item":"https:\/\/sandzakpress.net\/arhiva\/"},{"@type":"ListItem","position":2,"name":"Srpski antisand\u017ea\u010dki blok"}]},{"@type":"WebSite","@id":"https:\/\/sandzakpress.net\/arhiva\/#website","url":"https:\/\/sandzakpress.net\/arhiva\/","name":"Sand\u017eak PRESS","description":"Prve elektronske novine u Sand\u017eaku","publisher":{"@id":"https:\/\/sandzakpress.net\/arhiva\/#\/schema\/person\/6e72b67d6e51910a1117b3b483ba20bd"},"potentialAction":[{"@type":"SearchAction","target":{"@type":"EntryPoint","urlTemplate":"https:\/\/sandzakpress.net\/arhiva\/?s={search_term_string}"},"query-input":{"@type":"PropertyValueSpecification","valueRequired":true,"valueName":"search_term_string"}}],"inLanguage":"bs-BA"},{"@type":["Person","Organization"],"@id":"https:\/\/sandzakpress.net\/arhiva\/#\/schema\/person\/6e72b67d6e51910a1117b3b483ba20bd","name":"Kul","image":{"@type":"ImageObject","inLanguage":"bs-BA","@id":"https:\/\/sandzakpress.net\/arhiva\/#\/schema\/person\/image\/","url":"https:\/\/secure.gravatar.com\/avatar\/42263f39aa27ac04c43cab85c280eb2e?s=96&d=mm&r=pg","contentUrl":"https:\/\/secure.gravatar.com\/avatar\/42263f39aa27ac04c43cab85c280eb2e?s=96&d=mm&r=pg","caption":"Kul"},"logo":{"@id":"https:\/\/sandzakpress.net\/arhiva\/#\/schema\/person\/image\/"}},{"@type":"Person","@id":"https:\/\/sandzakpress.net\/arhiva\/#\/schema\/person\/c8baee722073534b583ea7bdb2e36c02","name":"bosniak","image":{"@type":"ImageObject","inLanguage":"bs-BA","@id":"https:\/\/sandzakpress.net\/arhiva\/#\/schema\/person\/image\/","url":"https:\/\/secure.gravatar.com\/avatar\/a04fd330bfe3a36a72a0ad4a6d89fca7?s=96&d=mm&r=pg","contentUrl":"https:\/\/secure.gravatar.com\/avatar\/a04fd330bfe3a36a72a0ad4a6d89fca7?s=96&d=mm&r=pg","caption":"bosniak"},"url":"https:\/\/sandzakpress.net\/arhiva\/author\/bosniak\/"}]}},"_links":{"self":[{"href":"https:\/\/sandzakpress.net\/arhiva\/wp-json\/wp\/v2\/posts\/8175"}],"collection":[{"href":"https:\/\/sandzakpress.net\/arhiva\/wp-json\/wp\/v2\/posts"}],"about":[{"href":"https:\/\/sandzakpress.net\/arhiva\/wp-json\/wp\/v2\/types\/post"}],"author":[{"embeddable":true,"href":"https:\/\/sandzakpress.net\/arhiva\/wp-json\/wp\/v2\/users\/83"}],"replies":[{"embeddable":true,"href":"https:\/\/sandzakpress.net\/arhiva\/wp-json\/wp\/v2\/comments?post=8175"}],"version-history":[{"count":0,"href":"https:\/\/sandzakpress.net\/arhiva\/wp-json\/wp\/v2\/posts\/8175\/revisions"}],"wp:featuredmedia":[{"embeddable":true,"href":"https:\/\/sandzakpress.net\/arhiva\/wp-json\/wp\/v2\/media\/8176"}],"wp:attachment":[{"href":"https:\/\/sandzakpress.net\/arhiva\/wp-json\/wp\/v2\/media?parent=8175"}],"wp:term":[{"taxonomy":"category","embeddable":true,"href":"https:\/\/sandzakpress.net\/arhiva\/wp-json\/wp\/v2\/categories?post=8175"},{"taxonomy":"post_tag","embeddable":true,"href":"https:\/\/sandzakpress.net\/arhiva\/wp-json\/wp\/v2\/tags?post=8175"}],"curies":[{"name":"wp","href":"https:\/\/api.w.org\/{rel}","templated":true}]}}