{"id":81534,"date":"2013-07-10T15:14:14","date_gmt":"2013-07-10T13:14:14","guid":{"rendered":"https:\/\/sandzakpress.net\/arhiva\/?p=81534"},"modified":"2013-07-10T16:19:24","modified_gmt":"2013-07-10T14:19:24","slug":"predvodnici-muslimana-u-crnoj-gori-prvi-dan-ramazana-iftare-sa-predsjednikom-vujanovicem","status":"publish","type":"post","link":"https:\/\/sandzakpress.net\/arhiva\/predvodnici-muslimana-u-crnoj-gori-prvi-dan-ramazana-iftare-sa-predsjednikom-vujanovicem\/","title":{"rendered":"Predvodnici muslimana u Crnoj Gori prvi dan Ramazana iftare sa predsjednikom Vujanovi\u0107em"},"content":{"rendered":"<h4><a href=\"https:\/\/sandzakpress.net\/arhiva\/wp-content\/uploads\/2013\/07\/IftarPodgorica2_zps5669c6a9.jpg\"><img loading=\"lazy\" decoding=\"async\" class=\"aligncenter size-full wp-image-81535\" title=\"IftarPodgorica2_zps5669c6a9\" src=\"https:\/\/sandzakpress.net\/arhiva\/wp-content\/uploads\/2013\/07\/IftarPodgorica2_zps5669c6a9.jpg\" alt=\"\" width=\"600\" height=\"400\" \/><\/a><\/h4>\n<h4>Ju\u017eni Sand\u017eak &#8211; Gost prvog iftara bio je i predsjednik Crne Gore Filip Vujanovi\u0107 koji je tokom svom obra\u0107anja prisutnima \u010destitao po\u010detak najve\u0107eg i najsvetijeg islamskog mjeseca ramazana.<\/h4>\n<div>\n<p>Ambasada Republike Turske u Crnoj Gori ve\u010deras je u podgori\u010dkom restoranu \u201cMora\u010da\u201d\u00a0uprili\u010dila iftar povodom prvog dana posta mjeseca ramazana, javlja reporter agencije Anadolija.<\/p>\n<p>Gost prvog iftara bio je i predsjednik Crne Gore Filip Vujanovi\u0107 koji je tokom svom obra\u0107anja\u00a0prisutnima \u010destitao po\u010detak najve\u0107eg i najsvetijeg islamskog mjeseca ramazana.<\/p>\n<p>\u201cMjesec ramazan\u00a0prepoznaje, otkriva i potvr\u0111uje najve\u0107e vrijednosti Kur'ana. \u017delim da iska\u017eem po\u0161tovanje za sve ono \u0161to je izvorno islamstvo za njegove poruke vrijednosti i pouke. A,\u00a0kao i svaki post, i ovaj te\u017ei idealu svake vjere, da svi ljudi budu jednaki\u00a0bez obzira na njihovo zanimanje imovno stanje, obrazovanje\u201d, rekao je Vujanovi\u0107 u svom obra\u0107anju tokom iftara.<\/p>\n<p>On je istakao da je mjesec ramazan\u00a0veliki i zato je je njegova poruka velika i vrijedna, a, prije svega, kako je kazao, poruka jednakosti koja \u010dovjeka \u010dini vrijednim.<\/p>\n<p>\u201cPoruka koja govori da treba da poma\u017eemo jedni druge.\u00a0Zato je ramazan ne samo mjesec molitve i posta nego i mjesec oprosta.\u201d<\/p>\n<p>Ambasador Republike Turske u Crnoj Gori Mehmet Niyazi Tanilir nagovijestio je da je za muslimane \u0161irom svijeta ovaj mjesec,mjesec \u010di\u0161\u0107enja i ujedinjavanja<\/p>\n<p>.<img loading=\"lazy\" decoding=\"async\" src=\"http:\/\/i1155.photobucket.com\/albums\/p544\/kedza3\/kedza3029\/IftarPodgorica_zps8084cc6d.jpg\" alt=\"\" width=\"600\" height=\"400\" \/><\/p>\n<p>\u201cKao demokratska i miroljubiva zemlja koja sve vjerske zajednice vidi kao svoje bogatstvo, koja svojim Ustavom garantuje i njihova prava\u00a0kada je u pitanju model su\u017eivota u miru, Crna Gora\u00a0u stvari mo\u017ee poslu\u017eiti i kao dobar primjer zemljama Balkana, a onda i cijelom svijetu\u201d, kazao je ambasador Tanilir.<\/p>\n<p>Na iftaru su, pored predsjednika Crne Gore, prisustvovali i brojni poslanici crnogorskog parlamenta, te i Bo\u0161nja\u010dke partije, od kojih je i potpredsjednik Skup\u0161tine Suljo Mustafi\u0107 i predsjednik te partije i potpredsjednik Vlade Rafet Husovi\u0107, kao i reis Islamske zajednice Crne Gore Rifat ef Fejzi\u0107.<\/p>\n<p>(Anadolija)<\/p>\n<\/div>\n","protected":false},"excerpt":{"rendered":"<p>Ju\u017eni Sand\u017eak &#8211; Gost prvog iftara bio je i predsjednik Crne Gore Filip Vujanovi\u0107 koji je tokom svom obra\u0107anja prisutnima \u010destitao po\u010detak najve\u0107eg i najsvetijeg islamskog mjeseca ramazana. Ambasada Republike Turske u Crnoj Gori ve\u010deras je u podgori\u010dkom restoranu \u201cMora\u010da\u201d\u00a0uprili\u010dila iftar povodom prvog dana posta mjeseca ramazana, javlja reporter agencije Anadolija. Gost prvog iftara bio [&hellip;]<\/p>\n","protected":false},"author":83,"featured_media":81535,"comment_status":"open","ping_status":"open","sticky":false,"template":"","format":"standard","meta":{"footnotes":""},"categories":[398,1,397,10174,396,395,399,10173,8957],"tags":[],"class_list":{"0":"post-81534","1":"post","2":"type-post","3":"status-publish","4":"format-standard","5":"has-post-thumbnail","7":"category-rozaje","8":"category-politika","9":"category-berane","10":"category-petnjica-vase-vijesti","11":"category-bijelo_polje","12":"category-pljevlja_","13":"category-plav_","14":"category-gusinje-vase-vijesti","15":"category-vijesti-dana"},"yoast_head":"<!-- This site is optimized with the Yoast SEO Premium plugin v23.1 (Yoast SEO v24.9) - https:\/\/yoast.com\/wordpress\/plugins\/seo\/ -->\n<title>Predvodnici muslimana u Crnoj Gori prvi dan Ramazana iftare sa predsjednikom Vujanovi\u0107em<\/title>\n<meta name=\"robots\" content=\"index, follow, max-snippet:-1, max-image-preview:large, max-video-preview:-1\" \/>\n<link rel=\"canonical\" href=\"https:\/\/sandzakpress.net\/arhiva\/predvodnici-muslimana-u-crnoj-gori-prvi-dan-ramazana-iftare-sa-predsjednikom-vujanovicem\/\" \/>\n<meta property=\"og:locale\" content=\"bs_BA\" \/>\n<meta property=\"og:type\" content=\"article\" \/>\n<meta property=\"og:title\" content=\"Predvodnici muslimana u Crnoj Gori prvi dan Ramazana iftare sa predsjednikom Vujanovi\u0107em\" \/>\n<meta property=\"og:description\" content=\"Ju\u017eni Sand\u017eak &#8211; Gost prvog iftara bio je i predsjednik Crne Gore Filip Vujanovi\u0107 koji je tokom svom obra\u0107anja prisutnima \u010destitao po\u010detak najve\u0107eg i najsvetijeg islamskog mjeseca ramazana. Ambasada Republike Turske u Crnoj Gori ve\u010deras je u podgori\u010dkom restoranu \u201cMora\u010da\u201d\u00a0uprili\u010dila iftar povodom prvog dana posta mjeseca ramazana, javlja reporter agencije Anadolija. Gost prvog iftara bio [&hellip;]\" \/>\n<meta property=\"og:url\" content=\"https:\/\/sandzakpress.net\/arhiva\/predvodnici-muslimana-u-crnoj-gori-prvi-dan-ramazana-iftare-sa-predsjednikom-vujanovicem\/\" \/>\n<meta property=\"og:site_name\" content=\"Sand\u017eak PRESS\" \/>\n<meta property=\"article:published_time\" content=\"2013-07-10T13:14:14+00:00\" \/>\n<meta property=\"article:modified_time\" content=\"2013-07-10T14:19:24+00:00\" \/>\n<meta property=\"og:image\" content=\"https:\/\/sandzakpress.net\/arhiva\/wp-content\/uploads\/2013\/07\/IftarPodgorica2_zps5669c6a9.jpg\" \/>\n\t<meta property=\"og:image:width\" content=\"600\" \/>\n\t<meta property=\"og:image:height\" content=\"400\" \/>\n\t<meta property=\"og:image:type\" content=\"image\/jpeg\" \/>\n<meta name=\"author\" content=\"bosniak\" \/>\n<meta name=\"twitter:card\" content=\"summary_large_image\" \/>\n<meta name=\"twitter:label1\" content=\"Written by\" \/>\n\t<meta name=\"twitter:data1\" content=\"bosniak\" \/>\n\t<meta name=\"twitter:label2\" content=\"Est. reading time\" \/>\n\t<meta name=\"twitter:data2\" content=\"2 minute\" \/>\n<script type=\"application\/ld+json\" class=\"yoast-schema-graph\">{\"@context\":\"https:\/\/schema.org\",\"@graph\":[{\"@type\":\"Article\",\"@id\":\"https:\/\/sandzakpress.net\/arhiva\/predvodnici-muslimana-u-crnoj-gori-prvi-dan-ramazana-iftare-sa-predsjednikom-vujanovicem\/#article\",\"isPartOf\":{\"@id\":\"https:\/\/sandzakpress.net\/arhiva\/predvodnici-muslimana-u-crnoj-gori-prvi-dan-ramazana-iftare-sa-predsjednikom-vujanovicem\/\"},\"author\":{\"name\":\"bosniak\",\"@id\":\"https:\/\/sandzakpress.net\/arhiva\/#\/schema\/person\/c8baee722073534b583ea7bdb2e36c02\"},\"headline\":\"Predvodnici muslimana u Crnoj Gori prvi dan Ramazana iftare sa predsjednikom Vujanovi\u0107em\",\"datePublished\":\"2013-07-10T13:14:14+00:00\",\"dateModified\":\"2013-07-10T14:19:24+00:00\",\"mainEntityOfPage\":{\"@id\":\"https:\/\/sandzakpress.net\/arhiva\/predvodnici-muslimana-u-crnoj-gori-prvi-dan-ramazana-iftare-sa-predsjednikom-vujanovicem\/\"},\"wordCount\":343,\"commentCount\":9,\"publisher\":{\"@id\":\"https:\/\/sandzakpress.net\/arhiva\/#\/schema\/person\/6e72b67d6e51910a1117b3b483ba20bd\"},\"image\":{\"@id\":\"https:\/\/sandzakpress.net\/arhiva\/predvodnici-muslimana-u-crnoj-gori-prvi-dan-ramazana-iftare-sa-predsjednikom-vujanovicem\/#primaryimage\"},\"thumbnailUrl\":\"https:\/\/sandzakpress.net\/arhiva\/wp-content\/uploads\/2013\/07\/IftarPodgorica2_zps5669c6a9.jpg\",\"articleSection\":[\"Ro\u017eaje\",\"Politika\",\"Berane\",\"Petnjica\",\"Bijelo Polje\",\"Pljevlja\",\"Plav\",\"Gusinje\",\"VIJESTI DANA\"],\"inLanguage\":\"bs-BA\",\"potentialAction\":[{\"@type\":\"CommentAction\",\"name\":\"Comment\",\"target\":[\"https:\/\/sandzakpress.net\/arhiva\/predvodnici-muslimana-u-crnoj-gori-prvi-dan-ramazana-iftare-sa-predsjednikom-vujanovicem\/#respond\"]}]},{\"@type\":\"WebPage\",\"@id\":\"https:\/\/sandzakpress.net\/arhiva\/predvodnici-muslimana-u-crnoj-gori-prvi-dan-ramazana-iftare-sa-predsjednikom-vujanovicem\/\",\"url\":\"https:\/\/sandzakpress.net\/arhiva\/predvodnici-muslimana-u-crnoj-gori-prvi-dan-ramazana-iftare-sa-predsjednikom-vujanovicem\/\",\"name\":\"Predvodnici muslimana u Crnoj Gori prvi dan Ramazana iftare sa predsjednikom Vujanovi\u0107em\",\"isPartOf\":{\"@id\":\"https:\/\/sandzakpress.net\/arhiva\/#website\"},\"primaryImageOfPage\":{\"@id\":\"https:\/\/sandzakpress.net\/arhiva\/predvodnici-muslimana-u-crnoj-gori-prvi-dan-ramazana-iftare-sa-predsjednikom-vujanovicem\/#primaryimage\"},\"image\":{\"@id\":\"https:\/\/sandzakpress.net\/arhiva\/predvodnici-muslimana-u-crnoj-gori-prvi-dan-ramazana-iftare-sa-predsjednikom-vujanovicem\/#primaryimage\"},\"thumbnailUrl\":\"https:\/\/sandzakpress.net\/arhiva\/wp-content\/uploads\/2013\/07\/IftarPodgorica2_zps5669c6a9.jpg\",\"datePublished\":\"2013-07-10T13:14:14+00:00\",\"dateModified\":\"2013-07-10T14:19:24+00:00\",\"breadcrumb\":{\"@id\":\"https:\/\/sandzakpress.net\/arhiva\/predvodnici-muslimana-u-crnoj-gori-prvi-dan-ramazana-iftare-sa-predsjednikom-vujanovicem\/#breadcrumb\"},\"inLanguage\":\"bs-BA\",\"potentialAction\":[{\"@type\":\"ReadAction\",\"target\":[\"https:\/\/sandzakpress.net\/arhiva\/predvodnici-muslimana-u-crnoj-gori-prvi-dan-ramazana-iftare-sa-predsjednikom-vujanovicem\/\"]}]},{\"@type\":\"ImageObject\",\"inLanguage\":\"bs-BA\",\"@id\":\"https:\/\/sandzakpress.net\/arhiva\/predvodnici-muslimana-u-crnoj-gori-prvi-dan-ramazana-iftare-sa-predsjednikom-vujanovicem\/#primaryimage\",\"url\":\"https:\/\/sandzakpress.net\/arhiva\/wp-content\/uploads\/2013\/07\/IftarPodgorica2_zps5669c6a9.jpg\",\"contentUrl\":\"https:\/\/sandzakpress.net\/arhiva\/wp-content\/uploads\/2013\/07\/IftarPodgorica2_zps5669c6a9.jpg\",\"width\":600,\"height\":400},{\"@type\":\"BreadcrumbList\",\"@id\":\"https:\/\/sandzakpress.net\/arhiva\/predvodnici-muslimana-u-crnoj-gori-prvi-dan-ramazana-iftare-sa-predsjednikom-vujanovicem\/#breadcrumb\",\"itemListElement\":[{\"@type\":\"ListItem\",\"position\":1,\"name\":\"Home\",\"item\":\"https:\/\/sandzakpress.net\/arhiva\/\"},{\"@type\":\"ListItem\",\"position\":2,\"name\":\"Predvodnici muslimana u Crnoj Gori prvi dan Ramazana iftare sa predsjednikom Vujanovi\u0107em\"}]},{\"@type\":\"WebSite\",\"@id\":\"https:\/\/sandzakpress.net\/arhiva\/#website\",\"url\":\"https:\/\/sandzakpress.net\/arhiva\/\",\"name\":\"Sand\u017eak PRESS\",\"description\":\"Prve elektronske novine u Sand\u017eaku\",\"publisher\":{\"@id\":\"https:\/\/sandzakpress.net\/arhiva\/#\/schema\/person\/6e72b67d6e51910a1117b3b483ba20bd\"},\"potentialAction\":[{\"@type\":\"SearchAction\",\"target\":{\"@type\":\"EntryPoint\",\"urlTemplate\":\"https:\/\/sandzakpress.net\/arhiva\/?s={search_term_string}\"},\"query-input\":{\"@type\":\"PropertyValueSpecification\",\"valueRequired\":true,\"valueName\":\"search_term_string\"}}],\"inLanguage\":\"bs-BA\"},{\"@type\":[\"Person\",\"Organization\"],\"@id\":\"https:\/\/sandzakpress.net\/arhiva\/#\/schema\/person\/6e72b67d6e51910a1117b3b483ba20bd\",\"name\":\"Kul\",\"image\":{\"@type\":\"ImageObject\",\"inLanguage\":\"bs-BA\",\"@id\":\"https:\/\/sandzakpress.net\/arhiva\/#\/schema\/person\/image\/\",\"url\":\"https:\/\/secure.gravatar.com\/avatar\/42263f39aa27ac04c43cab85c280eb2e?s=96&d=mm&r=pg\",\"contentUrl\":\"https:\/\/secure.gravatar.com\/avatar\/42263f39aa27ac04c43cab85c280eb2e?s=96&d=mm&r=pg\",\"caption\":\"Kul\"},\"logo\":{\"@id\":\"https:\/\/sandzakpress.net\/arhiva\/#\/schema\/person\/image\/\"}},{\"@type\":\"Person\",\"@id\":\"https:\/\/sandzakpress.net\/arhiva\/#\/schema\/person\/c8baee722073534b583ea7bdb2e36c02\",\"name\":\"bosniak\",\"image\":{\"@type\":\"ImageObject\",\"inLanguage\":\"bs-BA\",\"@id\":\"https:\/\/sandzakpress.net\/arhiva\/#\/schema\/person\/image\/\",\"url\":\"https:\/\/secure.gravatar.com\/avatar\/a04fd330bfe3a36a72a0ad4a6d89fca7?s=96&d=mm&r=pg\",\"contentUrl\":\"https:\/\/secure.gravatar.com\/avatar\/a04fd330bfe3a36a72a0ad4a6d89fca7?s=96&d=mm&r=pg\",\"caption\":\"bosniak\"},\"url\":\"https:\/\/sandzakpress.net\/arhiva\/author\/bosniak\/\"}]}<\/script>\n<!-- \/ Yoast SEO Premium plugin. -->","yoast_head_json":{"title":"Predvodnici muslimana u Crnoj Gori prvi dan Ramazana iftare sa predsjednikom Vujanovi\u0107em","robots":{"index":"index","follow":"follow","max-snippet":"max-snippet:-1","max-image-preview":"max-image-preview:large","max-video-preview":"max-video-preview:-1"},"canonical":"https:\/\/sandzakpress.net\/arhiva\/predvodnici-muslimana-u-crnoj-gori-prvi-dan-ramazana-iftare-sa-predsjednikom-vujanovicem\/","og_locale":"bs_BA","og_type":"article","og_title":"Predvodnici muslimana u Crnoj Gori prvi dan Ramazana iftare sa predsjednikom Vujanovi\u0107em","og_description":"Ju\u017eni Sand\u017eak &#8211; Gost prvog iftara bio je i predsjednik Crne Gore Filip Vujanovi\u0107 koji je tokom svom obra\u0107anja prisutnima \u010destitao po\u010detak najve\u0107eg i najsvetijeg islamskog mjeseca ramazana. Ambasada Republike Turske u Crnoj Gori ve\u010deras je u podgori\u010dkom restoranu \u201cMora\u010da\u201d\u00a0uprili\u010dila iftar povodom prvog dana posta mjeseca ramazana, javlja reporter agencije Anadolija. Gost prvog iftara bio [&hellip;]","og_url":"https:\/\/sandzakpress.net\/arhiva\/predvodnici-muslimana-u-crnoj-gori-prvi-dan-ramazana-iftare-sa-predsjednikom-vujanovicem\/","og_site_name":"Sand\u017eak PRESS","article_published_time":"2013-07-10T13:14:14+00:00","article_modified_time":"2013-07-10T14:19:24+00:00","og_image":[{"width":600,"height":400,"url":"https:\/\/sandzakpress.net\/arhiva\/wp-content\/uploads\/2013\/07\/IftarPodgorica2_zps5669c6a9.jpg","type":"image\/jpeg"}],"author":"bosniak","twitter_card":"summary_large_image","twitter_misc":{"Written by":"bosniak","Est. reading time":"2 minute"},"schema":{"@context":"https:\/\/schema.org","@graph":[{"@type":"Article","@id":"https:\/\/sandzakpress.net\/arhiva\/predvodnici-muslimana-u-crnoj-gori-prvi-dan-ramazana-iftare-sa-predsjednikom-vujanovicem\/#article","isPartOf":{"@id":"https:\/\/sandzakpress.net\/arhiva\/predvodnici-muslimana-u-crnoj-gori-prvi-dan-ramazana-iftare-sa-predsjednikom-vujanovicem\/"},"author":{"name":"bosniak","@id":"https:\/\/sandzakpress.net\/arhiva\/#\/schema\/person\/c8baee722073534b583ea7bdb2e36c02"},"headline":"Predvodnici muslimana u Crnoj Gori prvi dan Ramazana iftare sa predsjednikom Vujanovi\u0107em","datePublished":"2013-07-10T13:14:14+00:00","dateModified":"2013-07-10T14:19:24+00:00","mainEntityOfPage":{"@id":"https:\/\/sandzakpress.net\/arhiva\/predvodnici-muslimana-u-crnoj-gori-prvi-dan-ramazana-iftare-sa-predsjednikom-vujanovicem\/"},"wordCount":343,"commentCount":9,"publisher":{"@id":"https:\/\/sandzakpress.net\/arhiva\/#\/schema\/person\/6e72b67d6e51910a1117b3b483ba20bd"},"image":{"@id":"https:\/\/sandzakpress.net\/arhiva\/predvodnici-muslimana-u-crnoj-gori-prvi-dan-ramazana-iftare-sa-predsjednikom-vujanovicem\/#primaryimage"},"thumbnailUrl":"https:\/\/sandzakpress.net\/arhiva\/wp-content\/uploads\/2013\/07\/IftarPodgorica2_zps5669c6a9.jpg","articleSection":["Ro\u017eaje","Politika","Berane","Petnjica","Bijelo Polje","Pljevlja","Plav","Gusinje","VIJESTI DANA"],"inLanguage":"bs-BA","potentialAction":[{"@type":"CommentAction","name":"Comment","target":["https:\/\/sandzakpress.net\/arhiva\/predvodnici-muslimana-u-crnoj-gori-prvi-dan-ramazana-iftare-sa-predsjednikom-vujanovicem\/#respond"]}]},{"@type":"WebPage","@id":"https:\/\/sandzakpress.net\/arhiva\/predvodnici-muslimana-u-crnoj-gori-prvi-dan-ramazana-iftare-sa-predsjednikom-vujanovicem\/","url":"https:\/\/sandzakpress.net\/arhiva\/predvodnici-muslimana-u-crnoj-gori-prvi-dan-ramazana-iftare-sa-predsjednikom-vujanovicem\/","name":"Predvodnici muslimana u Crnoj Gori prvi dan Ramazana iftare sa predsjednikom Vujanovi\u0107em","isPartOf":{"@id":"https:\/\/sandzakpress.net\/arhiva\/#website"},"primaryImageOfPage":{"@id":"https:\/\/sandzakpress.net\/arhiva\/predvodnici-muslimana-u-crnoj-gori-prvi-dan-ramazana-iftare-sa-predsjednikom-vujanovicem\/#primaryimage"},"image":{"@id":"https:\/\/sandzakpress.net\/arhiva\/predvodnici-muslimana-u-crnoj-gori-prvi-dan-ramazana-iftare-sa-predsjednikom-vujanovicem\/#primaryimage"},"thumbnailUrl":"https:\/\/sandzakpress.net\/arhiva\/wp-content\/uploads\/2013\/07\/IftarPodgorica2_zps5669c6a9.jpg","datePublished":"2013-07-10T13:14:14+00:00","dateModified":"2013-07-10T14:19:24+00:00","breadcrumb":{"@id":"https:\/\/sandzakpress.net\/arhiva\/predvodnici-muslimana-u-crnoj-gori-prvi-dan-ramazana-iftare-sa-predsjednikom-vujanovicem\/#breadcrumb"},"inLanguage":"bs-BA","potentialAction":[{"@type":"ReadAction","target":["https:\/\/sandzakpress.net\/arhiva\/predvodnici-muslimana-u-crnoj-gori-prvi-dan-ramazana-iftare-sa-predsjednikom-vujanovicem\/"]}]},{"@type":"ImageObject","inLanguage":"bs-BA","@id":"https:\/\/sandzakpress.net\/arhiva\/predvodnici-muslimana-u-crnoj-gori-prvi-dan-ramazana-iftare-sa-predsjednikom-vujanovicem\/#primaryimage","url":"https:\/\/sandzakpress.net\/arhiva\/wp-content\/uploads\/2013\/07\/IftarPodgorica2_zps5669c6a9.jpg","contentUrl":"https:\/\/sandzakpress.net\/arhiva\/wp-content\/uploads\/2013\/07\/IftarPodgorica2_zps5669c6a9.jpg","width":600,"height":400},{"@type":"BreadcrumbList","@id":"https:\/\/sandzakpress.net\/arhiva\/predvodnici-muslimana-u-crnoj-gori-prvi-dan-ramazana-iftare-sa-predsjednikom-vujanovicem\/#breadcrumb","itemListElement":[{"@type":"ListItem","position":1,"name":"Home","item":"https:\/\/sandzakpress.net\/arhiva\/"},{"@type":"ListItem","position":2,"name":"Predvodnici muslimana u Crnoj Gori prvi dan Ramazana iftare sa predsjednikom Vujanovi\u0107em"}]},{"@type":"WebSite","@id":"https:\/\/sandzakpress.net\/arhiva\/#website","url":"https:\/\/sandzakpress.net\/arhiva\/","name":"Sand\u017eak PRESS","description":"Prve elektronske novine u Sand\u017eaku","publisher":{"@id":"https:\/\/sandzakpress.net\/arhiva\/#\/schema\/person\/6e72b67d6e51910a1117b3b483ba20bd"},"potentialAction":[{"@type":"SearchAction","target":{"@type":"EntryPoint","urlTemplate":"https:\/\/sandzakpress.net\/arhiva\/?s={search_term_string}"},"query-input":{"@type":"PropertyValueSpecification","valueRequired":true,"valueName":"search_term_string"}}],"inLanguage":"bs-BA"},{"@type":["Person","Organization"],"@id":"https:\/\/sandzakpress.net\/arhiva\/#\/schema\/person\/6e72b67d6e51910a1117b3b483ba20bd","name":"Kul","image":{"@type":"ImageObject","inLanguage":"bs-BA","@id":"https:\/\/sandzakpress.net\/arhiva\/#\/schema\/person\/image\/","url":"https:\/\/secure.gravatar.com\/avatar\/42263f39aa27ac04c43cab85c280eb2e?s=96&d=mm&r=pg","contentUrl":"https:\/\/secure.gravatar.com\/avatar\/42263f39aa27ac04c43cab85c280eb2e?s=96&d=mm&r=pg","caption":"Kul"},"logo":{"@id":"https:\/\/sandzakpress.net\/arhiva\/#\/schema\/person\/image\/"}},{"@type":"Person","@id":"https:\/\/sandzakpress.net\/arhiva\/#\/schema\/person\/c8baee722073534b583ea7bdb2e36c02","name":"bosniak","image":{"@type":"ImageObject","inLanguage":"bs-BA","@id":"https:\/\/sandzakpress.net\/arhiva\/#\/schema\/person\/image\/","url":"https:\/\/secure.gravatar.com\/avatar\/a04fd330bfe3a36a72a0ad4a6d89fca7?s=96&d=mm&r=pg","contentUrl":"https:\/\/secure.gravatar.com\/avatar\/a04fd330bfe3a36a72a0ad4a6d89fca7?s=96&d=mm&r=pg","caption":"bosniak"},"url":"https:\/\/sandzakpress.net\/arhiva\/author\/bosniak\/"}]}},"_links":{"self":[{"href":"https:\/\/sandzakpress.net\/arhiva\/wp-json\/wp\/v2\/posts\/81534"}],"collection":[{"href":"https:\/\/sandzakpress.net\/arhiva\/wp-json\/wp\/v2\/posts"}],"about":[{"href":"https:\/\/sandzakpress.net\/arhiva\/wp-json\/wp\/v2\/types\/post"}],"author":[{"embeddable":true,"href":"https:\/\/sandzakpress.net\/arhiva\/wp-json\/wp\/v2\/users\/83"}],"replies":[{"embeddable":true,"href":"https:\/\/sandzakpress.net\/arhiva\/wp-json\/wp\/v2\/comments?post=81534"}],"version-history":[{"count":0,"href":"https:\/\/sandzakpress.net\/arhiva\/wp-json\/wp\/v2\/posts\/81534\/revisions"}],"wp:featuredmedia":[{"embeddable":true,"href":"https:\/\/sandzakpress.net\/arhiva\/wp-json\/wp\/v2\/media\/81535"}],"wp:attachment":[{"href":"https:\/\/sandzakpress.net\/arhiva\/wp-json\/wp\/v2\/media?parent=81534"}],"wp:term":[{"taxonomy":"category","embeddable":true,"href":"https:\/\/sandzakpress.net\/arhiva\/wp-json\/wp\/v2\/categories?post=81534"},{"taxonomy":"post_tag","embeddable":true,"href":"https:\/\/sandzakpress.net\/arhiva\/wp-json\/wp\/v2\/tags?post=81534"}],"curies":[{"name":"wp","href":"https:\/\/api.w.org\/{rel}","templated":true}]}}