{"id":81395,"date":"2013-07-09T14:58:35","date_gmt":"2013-07-09T12:58:35","guid":{"rendered":"https:\/\/sandzakpress.net\/arhiva\/?p=81395"},"modified":"2013-07-09T15:43:12","modified_gmt":"2013-07-09T13:43:12","slug":"muftija-primio-delegaciju-udruzenja-bosnjaka-izmira","status":"publish","type":"post","link":"https:\/\/sandzakpress.net\/arhiva\/muftija-primio-delegaciju-udruzenja-bosnjaka-izmira\/","title":{"rendered":"Muftija primio delegaciju Udru\u017eenja Bo\u0161njaka Izmira"},"content":{"rendered":"<p><strong><a href=\"https:\/\/sandzakpress.net\/arhiva\/wp-content\/uploads\/2013\/07\/bosnjaci-izmira-9.7.2013-71.jpg\"><img loading=\"lazy\" decoding=\"async\" class=\"alignleft size-medium wp-image-81398\" title=\"bosnjaci izmira 9.7.2013 (7)\" src=\"https:\/\/sandzakpress.net\/arhiva\/wp-content\/uploads\/2013\/07\/bosnjaci-izmira-9.7.2013-71-300x242.jpg\" alt=\"\" width=\"300\" height=\"242\" \/><\/a>Novi Pazar, Turska &#8211; Glavni muftija Islamske zajednice u Srbiji, muftija sand\u017ea\u010dki Muamer ef. Zukorli\u0107 primio je 09.07.2013. god. vi\u0161e\u010dlanu delegaciju udru\u017eenja koje okuplja Bo\u0161njake koji \u017eive na podru\u010dju Izmira.<\/strong><\/p>\n<p>Tom prilikom gosti su upoznali Muftiju da na podru\u010dju Izmira \u017eivi oko 400.000 Bo\u0161njaka, od kojih je ve\u0107ina sa prostora Sand\u017eaka, isti\u010du\u0107i da su Bo\u0161njaci tog podru\u010dja svjesni svog identiteta i ponosni na svoju etni\u010dku kulturu. Oni su naveli podatak da u okolini Izmira postoji nekoliko sela u kojima se i danas govori isklju\u010divo bosanski jezik.<\/p>\n<p>Gosti su izrazili spremnost za saradnju na svim poljima, posebno ukazuju\u0107i na zna\u010daj osnivanja Svjetskog bo\u0161nja\u010dkog kongresa, sto\u017eerne nacionalne organizacije Bo\u0161njaka.<\/p>\n<p>Muftija je ukazao na zna\u010daj unutarbo\u0161nja\u010dkog povezivanja, isti\u010du\u0107i da je bo\u0161nja\u010dka dijaspora u Turskoj jedan od najzna\u010dajnijih dijelova bo\u0161nja\u010dkog naroda, \u0161to nas obavezuje na unapre\u0111enje saradnje i povezivanje u cilju o\u010duvanja nacionalnog i kulturnog identiteta.<\/p>\n<p><img decoding=\"async\" src=\"http:\/\/mesihat.org\/images\/stories\/bosnjaci%20izmira%209.7.2013\/bosnjaci%20izmira%209.7.2013%20(1).JPG\" alt=\"\" \/><\/p>\n<p><img decoding=\"async\" src=\"http:\/\/mesihat.org\/images\/stories\/bosnjaci%20izmira%209.7.2013\/bosnjaci%20izmira%209.7.2013%20(6).JPG\" alt=\"\" \/><\/p>\n<p><img decoding=\"async\" src=\"http:\/\/mesihat.org\/images\/stories\/bosnjaci%20izmira%209.7.2013\/bosnjaci%20izmira%209.7.2013%20(5).JPG\" alt=\"\" \/><\/p>\n<p>(Me\u0161ihat)<\/p>\n","protected":false},"excerpt":{"rendered":"<p>Novi Pazar, Turska &#8211; Glavni muftija Islamske zajednice u Srbiji, muftija sand\u017ea\u010dki Muamer ef. Zukorli\u0107 primio je 09.07.2013. god. vi\u0161e\u010dlanu delegaciju udru\u017eenja koje okuplja Bo\u0161njake koji \u017eive na podru\u010dju Izmira. Tom prilikom gosti su upoznali Muftiju da na podru\u010dju Izmira \u017eivi oko 400.000 Bo\u0161njaka, od kojih je ve\u0107ina sa prostora Sand\u017eaka, isti\u010du\u0107i da su Bo\u0161njaci [&hellip;]<\/p>\n","protected":false},"author":83,"featured_media":81398,"comment_status":"open","ping_status":"open","sticky":false,"template":"","format":"standard","meta":{"footnotes":""},"categories":[72,800,8957,2692],"tags":[],"class_list":{"0":"post-81395","1":"post","2":"type-post","3":"status-publish","4":"format-standard","5":"has-post-thumbnail","7":"category-novi-pazar","8":"category-nacija","9":"category-vijesti-dana","10":"category-turska-gradovi"},"yoast_head":"<!-- This site is optimized with the Yoast SEO Premium plugin v23.1 (Yoast SEO v24.9) - https:\/\/yoast.com\/wordpress\/plugins\/seo\/ -->\n<title>Muftija primio delegaciju Udru\u017eenja Bo\u0161njaka Izmira<\/title>\n<meta name=\"robots\" content=\"index, follow, max-snippet:-1, max-image-preview:large, max-video-preview:-1\" \/>\n<link rel=\"canonical\" href=\"https:\/\/sandzakpress.net\/arhiva\/muftija-primio-delegaciju-udruzenja-bosnjaka-izmira\/\" \/>\n<meta property=\"og:locale\" content=\"bs_BA\" \/>\n<meta property=\"og:type\" content=\"article\" \/>\n<meta property=\"og:title\" content=\"Muftija primio delegaciju Udru\u017eenja Bo\u0161njaka Izmira\" \/>\n<meta property=\"og:description\" content=\"Novi Pazar, Turska &#8211; Glavni muftija Islamske zajednice u Srbiji, muftija sand\u017ea\u010dki Muamer ef. Zukorli\u0107 primio je 09.07.2013. god. vi\u0161e\u010dlanu delegaciju udru\u017eenja koje okuplja Bo\u0161njake koji \u017eive na podru\u010dju Izmira. Tom prilikom gosti su upoznali Muftiju da na podru\u010dju Izmira \u017eivi oko 400.000 Bo\u0161njaka, od kojih je ve\u0107ina sa prostora Sand\u017eaka, isti\u010du\u0107i da su Bo\u0161njaci [&hellip;]\" \/>\n<meta property=\"og:url\" content=\"https:\/\/sandzakpress.net\/arhiva\/muftija-primio-delegaciju-udruzenja-bosnjaka-izmira\/\" \/>\n<meta property=\"og:site_name\" content=\"Sand\u017eak PRESS\" \/>\n<meta property=\"article:published_time\" content=\"2013-07-09T12:58:35+00:00\" \/>\n<meta property=\"article:modified_time\" content=\"2013-07-09T13:43:12+00:00\" \/>\n<meta property=\"og:image\" content=\"https:\/\/sandzakpress.net\/arhiva\/wp-content\/uploads\/2013\/07\/bosnjaci-izmira-9.7.2013-71.jpg\" \/>\n\t<meta property=\"og:image:width\" content=\"616\" \/>\n\t<meta property=\"og:image:height\" content=\"499\" \/>\n\t<meta property=\"og:image:type\" content=\"image\/jpeg\" \/>\n<meta name=\"author\" content=\"bosniak\" \/>\n<meta name=\"twitter:card\" content=\"summary_large_image\" \/>\n<meta name=\"twitter:label1\" content=\"Written by\" \/>\n\t<meta name=\"twitter:data1\" content=\"bosniak\" \/>\n\t<meta name=\"twitter:label2\" content=\"Est. reading time\" \/>\n\t<meta name=\"twitter:data2\" content=\"1 minuta\" \/>\n<script type=\"application\/ld+json\" class=\"yoast-schema-graph\">{\"@context\":\"https:\/\/schema.org\",\"@graph\":[{\"@type\":\"Article\",\"@id\":\"https:\/\/sandzakpress.net\/arhiva\/muftija-primio-delegaciju-udruzenja-bosnjaka-izmira\/#article\",\"isPartOf\":{\"@id\":\"https:\/\/sandzakpress.net\/arhiva\/muftija-primio-delegaciju-udruzenja-bosnjaka-izmira\/\"},\"author\":{\"name\":\"bosniak\",\"@id\":\"https:\/\/sandzakpress.net\/arhiva\/#\/schema\/person\/c8baee722073534b583ea7bdb2e36c02\"},\"headline\":\"Muftija primio delegaciju Udru\u017eenja Bo\u0161njaka Izmira\",\"datePublished\":\"2013-07-09T12:58:35+00:00\",\"dateModified\":\"2013-07-09T13:43:12+00:00\",\"mainEntityOfPage\":{\"@id\":\"https:\/\/sandzakpress.net\/arhiva\/muftija-primio-delegaciju-udruzenja-bosnjaka-izmira\/\"},\"wordCount\":185,\"commentCount\":0,\"publisher\":{\"@id\":\"https:\/\/sandzakpress.net\/arhiva\/#\/schema\/person\/6e72b67d6e51910a1117b3b483ba20bd\"},\"image\":{\"@id\":\"https:\/\/sandzakpress.net\/arhiva\/muftija-primio-delegaciju-udruzenja-bosnjaka-izmira\/#primaryimage\"},\"thumbnailUrl\":\"https:\/\/sandzakpress.net\/arhiva\/wp-content\/uploads\/2013\/07\/bosnjaci-izmira-9.7.2013-71.jpg\",\"articleSection\":[\"Novi Pazar\",\"Nacija\",\"VIJESTI DANA\",\"Turska\"],\"inLanguage\":\"bs-BA\",\"potentialAction\":[{\"@type\":\"CommentAction\",\"name\":\"Comment\",\"target\":[\"https:\/\/sandzakpress.net\/arhiva\/muftija-primio-delegaciju-udruzenja-bosnjaka-izmira\/#respond\"]}]},{\"@type\":\"WebPage\",\"@id\":\"https:\/\/sandzakpress.net\/arhiva\/muftija-primio-delegaciju-udruzenja-bosnjaka-izmira\/\",\"url\":\"https:\/\/sandzakpress.net\/arhiva\/muftija-primio-delegaciju-udruzenja-bosnjaka-izmira\/\",\"name\":\"Muftija primio delegaciju Udru\u017eenja Bo\u0161njaka Izmira\",\"isPartOf\":{\"@id\":\"https:\/\/sandzakpress.net\/arhiva\/#website\"},\"primaryImageOfPage\":{\"@id\":\"https:\/\/sandzakpress.net\/arhiva\/muftija-primio-delegaciju-udruzenja-bosnjaka-izmira\/#primaryimage\"},\"image\":{\"@id\":\"https:\/\/sandzakpress.net\/arhiva\/muftija-primio-delegaciju-udruzenja-bosnjaka-izmira\/#primaryimage\"},\"thumbnailUrl\":\"https:\/\/sandzakpress.net\/arhiva\/wp-content\/uploads\/2013\/07\/bosnjaci-izmira-9.7.2013-71.jpg\",\"datePublished\":\"2013-07-09T12:58:35+00:00\",\"dateModified\":\"2013-07-09T13:43:12+00:00\",\"breadcrumb\":{\"@id\":\"https:\/\/sandzakpress.net\/arhiva\/muftija-primio-delegaciju-udruzenja-bosnjaka-izmira\/#breadcrumb\"},\"inLanguage\":\"bs-BA\",\"potentialAction\":[{\"@type\":\"ReadAction\",\"target\":[\"https:\/\/sandzakpress.net\/arhiva\/muftija-primio-delegaciju-udruzenja-bosnjaka-izmira\/\"]}]},{\"@type\":\"ImageObject\",\"inLanguage\":\"bs-BA\",\"@id\":\"https:\/\/sandzakpress.net\/arhiva\/muftija-primio-delegaciju-udruzenja-bosnjaka-izmira\/#primaryimage\",\"url\":\"https:\/\/sandzakpress.net\/arhiva\/wp-content\/uploads\/2013\/07\/bosnjaci-izmira-9.7.2013-71.jpg\",\"contentUrl\":\"https:\/\/sandzakpress.net\/arhiva\/wp-content\/uploads\/2013\/07\/bosnjaci-izmira-9.7.2013-71.jpg\",\"width\":616,\"height\":499},{\"@type\":\"BreadcrumbList\",\"@id\":\"https:\/\/sandzakpress.net\/arhiva\/muftija-primio-delegaciju-udruzenja-bosnjaka-izmira\/#breadcrumb\",\"itemListElement\":[{\"@type\":\"ListItem\",\"position\":1,\"name\":\"Home\",\"item\":\"https:\/\/sandzakpress.net\/arhiva\/\"},{\"@type\":\"ListItem\",\"position\":2,\"name\":\"Muftija primio delegaciju Udru\u017eenja Bo\u0161njaka Izmira\"}]},{\"@type\":\"WebSite\",\"@id\":\"https:\/\/sandzakpress.net\/arhiva\/#website\",\"url\":\"https:\/\/sandzakpress.net\/arhiva\/\",\"name\":\"Sand\u017eak PRESS\",\"description\":\"Prve elektronske novine u Sand\u017eaku\",\"publisher\":{\"@id\":\"https:\/\/sandzakpress.net\/arhiva\/#\/schema\/person\/6e72b67d6e51910a1117b3b483ba20bd\"},\"potentialAction\":[{\"@type\":\"SearchAction\",\"target\":{\"@type\":\"EntryPoint\",\"urlTemplate\":\"https:\/\/sandzakpress.net\/arhiva\/?s={search_term_string}\"},\"query-input\":{\"@type\":\"PropertyValueSpecification\",\"valueRequired\":true,\"valueName\":\"search_term_string\"}}],\"inLanguage\":\"bs-BA\"},{\"@type\":[\"Person\",\"Organization\"],\"@id\":\"https:\/\/sandzakpress.net\/arhiva\/#\/schema\/person\/6e72b67d6e51910a1117b3b483ba20bd\",\"name\":\"Kul\",\"image\":{\"@type\":\"ImageObject\",\"inLanguage\":\"bs-BA\",\"@id\":\"https:\/\/sandzakpress.net\/arhiva\/#\/schema\/person\/image\/\",\"url\":\"https:\/\/secure.gravatar.com\/avatar\/42263f39aa27ac04c43cab85c280eb2e?s=96&d=mm&r=pg\",\"contentUrl\":\"https:\/\/secure.gravatar.com\/avatar\/42263f39aa27ac04c43cab85c280eb2e?s=96&d=mm&r=pg\",\"caption\":\"Kul\"},\"logo\":{\"@id\":\"https:\/\/sandzakpress.net\/arhiva\/#\/schema\/person\/image\/\"}},{\"@type\":\"Person\",\"@id\":\"https:\/\/sandzakpress.net\/arhiva\/#\/schema\/person\/c8baee722073534b583ea7bdb2e36c02\",\"name\":\"bosniak\",\"image\":{\"@type\":\"ImageObject\",\"inLanguage\":\"bs-BA\",\"@id\":\"https:\/\/sandzakpress.net\/arhiva\/#\/schema\/person\/image\/\",\"url\":\"https:\/\/secure.gravatar.com\/avatar\/a04fd330bfe3a36a72a0ad4a6d89fca7?s=96&d=mm&r=pg\",\"contentUrl\":\"https:\/\/secure.gravatar.com\/avatar\/a04fd330bfe3a36a72a0ad4a6d89fca7?s=96&d=mm&r=pg\",\"caption\":\"bosniak\"},\"url\":\"https:\/\/sandzakpress.net\/arhiva\/author\/bosniak\/\"}]}<\/script>\n<!-- \/ Yoast SEO Premium plugin. -->","yoast_head_json":{"title":"Muftija primio delegaciju Udru\u017eenja Bo\u0161njaka Izmira","robots":{"index":"index","follow":"follow","max-snippet":"max-snippet:-1","max-image-preview":"max-image-preview:large","max-video-preview":"max-video-preview:-1"},"canonical":"https:\/\/sandzakpress.net\/arhiva\/muftija-primio-delegaciju-udruzenja-bosnjaka-izmira\/","og_locale":"bs_BA","og_type":"article","og_title":"Muftija primio delegaciju Udru\u017eenja Bo\u0161njaka Izmira","og_description":"Novi Pazar, Turska &#8211; Glavni muftija Islamske zajednice u Srbiji, muftija sand\u017ea\u010dki Muamer ef. Zukorli\u0107 primio je 09.07.2013. god. vi\u0161e\u010dlanu delegaciju udru\u017eenja koje okuplja Bo\u0161njake koji \u017eive na podru\u010dju Izmira. Tom prilikom gosti su upoznali Muftiju da na podru\u010dju Izmira \u017eivi oko 400.000 Bo\u0161njaka, od kojih je ve\u0107ina sa prostora Sand\u017eaka, isti\u010du\u0107i da su Bo\u0161njaci [&hellip;]","og_url":"https:\/\/sandzakpress.net\/arhiva\/muftija-primio-delegaciju-udruzenja-bosnjaka-izmira\/","og_site_name":"Sand\u017eak PRESS","article_published_time":"2013-07-09T12:58:35+00:00","article_modified_time":"2013-07-09T13:43:12+00:00","og_image":[{"width":616,"height":499,"url":"https:\/\/sandzakpress.net\/arhiva\/wp-content\/uploads\/2013\/07\/bosnjaci-izmira-9.7.2013-71.jpg","type":"image\/jpeg"}],"author":"bosniak","twitter_card":"summary_large_image","twitter_misc":{"Written by":"bosniak","Est. reading time":"1 minuta"},"schema":{"@context":"https:\/\/schema.org","@graph":[{"@type":"Article","@id":"https:\/\/sandzakpress.net\/arhiva\/muftija-primio-delegaciju-udruzenja-bosnjaka-izmira\/#article","isPartOf":{"@id":"https:\/\/sandzakpress.net\/arhiva\/muftija-primio-delegaciju-udruzenja-bosnjaka-izmira\/"},"author":{"name":"bosniak","@id":"https:\/\/sandzakpress.net\/arhiva\/#\/schema\/person\/c8baee722073534b583ea7bdb2e36c02"},"headline":"Muftija primio delegaciju Udru\u017eenja Bo\u0161njaka Izmira","datePublished":"2013-07-09T12:58:35+00:00","dateModified":"2013-07-09T13:43:12+00:00","mainEntityOfPage":{"@id":"https:\/\/sandzakpress.net\/arhiva\/muftija-primio-delegaciju-udruzenja-bosnjaka-izmira\/"},"wordCount":185,"commentCount":0,"publisher":{"@id":"https:\/\/sandzakpress.net\/arhiva\/#\/schema\/person\/6e72b67d6e51910a1117b3b483ba20bd"},"image":{"@id":"https:\/\/sandzakpress.net\/arhiva\/muftija-primio-delegaciju-udruzenja-bosnjaka-izmira\/#primaryimage"},"thumbnailUrl":"https:\/\/sandzakpress.net\/arhiva\/wp-content\/uploads\/2013\/07\/bosnjaci-izmira-9.7.2013-71.jpg","articleSection":["Novi Pazar","Nacija","VIJESTI DANA","Turska"],"inLanguage":"bs-BA","potentialAction":[{"@type":"CommentAction","name":"Comment","target":["https:\/\/sandzakpress.net\/arhiva\/muftija-primio-delegaciju-udruzenja-bosnjaka-izmira\/#respond"]}]},{"@type":"WebPage","@id":"https:\/\/sandzakpress.net\/arhiva\/muftija-primio-delegaciju-udruzenja-bosnjaka-izmira\/","url":"https:\/\/sandzakpress.net\/arhiva\/muftija-primio-delegaciju-udruzenja-bosnjaka-izmira\/","name":"Muftija primio delegaciju Udru\u017eenja Bo\u0161njaka Izmira","isPartOf":{"@id":"https:\/\/sandzakpress.net\/arhiva\/#website"},"primaryImageOfPage":{"@id":"https:\/\/sandzakpress.net\/arhiva\/muftija-primio-delegaciju-udruzenja-bosnjaka-izmira\/#primaryimage"},"image":{"@id":"https:\/\/sandzakpress.net\/arhiva\/muftija-primio-delegaciju-udruzenja-bosnjaka-izmira\/#primaryimage"},"thumbnailUrl":"https:\/\/sandzakpress.net\/arhiva\/wp-content\/uploads\/2013\/07\/bosnjaci-izmira-9.7.2013-71.jpg","datePublished":"2013-07-09T12:58:35+00:00","dateModified":"2013-07-09T13:43:12+00:00","breadcrumb":{"@id":"https:\/\/sandzakpress.net\/arhiva\/muftija-primio-delegaciju-udruzenja-bosnjaka-izmira\/#breadcrumb"},"inLanguage":"bs-BA","potentialAction":[{"@type":"ReadAction","target":["https:\/\/sandzakpress.net\/arhiva\/muftija-primio-delegaciju-udruzenja-bosnjaka-izmira\/"]}]},{"@type":"ImageObject","inLanguage":"bs-BA","@id":"https:\/\/sandzakpress.net\/arhiva\/muftija-primio-delegaciju-udruzenja-bosnjaka-izmira\/#primaryimage","url":"https:\/\/sandzakpress.net\/arhiva\/wp-content\/uploads\/2013\/07\/bosnjaci-izmira-9.7.2013-71.jpg","contentUrl":"https:\/\/sandzakpress.net\/arhiva\/wp-content\/uploads\/2013\/07\/bosnjaci-izmira-9.7.2013-71.jpg","width":616,"height":499},{"@type":"BreadcrumbList","@id":"https:\/\/sandzakpress.net\/arhiva\/muftija-primio-delegaciju-udruzenja-bosnjaka-izmira\/#breadcrumb","itemListElement":[{"@type":"ListItem","position":1,"name":"Home","item":"https:\/\/sandzakpress.net\/arhiva\/"},{"@type":"ListItem","position":2,"name":"Muftija primio delegaciju Udru\u017eenja Bo\u0161njaka Izmira"}]},{"@type":"WebSite","@id":"https:\/\/sandzakpress.net\/arhiva\/#website","url":"https:\/\/sandzakpress.net\/arhiva\/","name":"Sand\u017eak PRESS","description":"Prve elektronske novine u Sand\u017eaku","publisher":{"@id":"https:\/\/sandzakpress.net\/arhiva\/#\/schema\/person\/6e72b67d6e51910a1117b3b483ba20bd"},"potentialAction":[{"@type":"SearchAction","target":{"@type":"EntryPoint","urlTemplate":"https:\/\/sandzakpress.net\/arhiva\/?s={search_term_string}"},"query-input":{"@type":"PropertyValueSpecification","valueRequired":true,"valueName":"search_term_string"}}],"inLanguage":"bs-BA"},{"@type":["Person","Organization"],"@id":"https:\/\/sandzakpress.net\/arhiva\/#\/schema\/person\/6e72b67d6e51910a1117b3b483ba20bd","name":"Kul","image":{"@type":"ImageObject","inLanguage":"bs-BA","@id":"https:\/\/sandzakpress.net\/arhiva\/#\/schema\/person\/image\/","url":"https:\/\/secure.gravatar.com\/avatar\/42263f39aa27ac04c43cab85c280eb2e?s=96&d=mm&r=pg","contentUrl":"https:\/\/secure.gravatar.com\/avatar\/42263f39aa27ac04c43cab85c280eb2e?s=96&d=mm&r=pg","caption":"Kul"},"logo":{"@id":"https:\/\/sandzakpress.net\/arhiva\/#\/schema\/person\/image\/"}},{"@type":"Person","@id":"https:\/\/sandzakpress.net\/arhiva\/#\/schema\/person\/c8baee722073534b583ea7bdb2e36c02","name":"bosniak","image":{"@type":"ImageObject","inLanguage":"bs-BA","@id":"https:\/\/sandzakpress.net\/arhiva\/#\/schema\/person\/image\/","url":"https:\/\/secure.gravatar.com\/avatar\/a04fd330bfe3a36a72a0ad4a6d89fca7?s=96&d=mm&r=pg","contentUrl":"https:\/\/secure.gravatar.com\/avatar\/a04fd330bfe3a36a72a0ad4a6d89fca7?s=96&d=mm&r=pg","caption":"bosniak"},"url":"https:\/\/sandzakpress.net\/arhiva\/author\/bosniak\/"}]}},"_links":{"self":[{"href":"https:\/\/sandzakpress.net\/arhiva\/wp-json\/wp\/v2\/posts\/81395"}],"collection":[{"href":"https:\/\/sandzakpress.net\/arhiva\/wp-json\/wp\/v2\/posts"}],"about":[{"href":"https:\/\/sandzakpress.net\/arhiva\/wp-json\/wp\/v2\/types\/post"}],"author":[{"embeddable":true,"href":"https:\/\/sandzakpress.net\/arhiva\/wp-json\/wp\/v2\/users\/83"}],"replies":[{"embeddable":true,"href":"https:\/\/sandzakpress.net\/arhiva\/wp-json\/wp\/v2\/comments?post=81395"}],"version-history":[{"count":0,"href":"https:\/\/sandzakpress.net\/arhiva\/wp-json\/wp\/v2\/posts\/81395\/revisions"}],"wp:featuredmedia":[{"embeddable":true,"href":"https:\/\/sandzakpress.net\/arhiva\/wp-json\/wp\/v2\/media\/81398"}],"wp:attachment":[{"href":"https:\/\/sandzakpress.net\/arhiva\/wp-json\/wp\/v2\/media?parent=81395"}],"wp:term":[{"taxonomy":"category","embeddable":true,"href":"https:\/\/sandzakpress.net\/arhiva\/wp-json\/wp\/v2\/categories?post=81395"},{"taxonomy":"post_tag","embeddable":true,"href":"https:\/\/sandzakpress.net\/arhiva\/wp-json\/wp\/v2\/tags?post=81395"}],"curies":[{"name":"wp","href":"https:\/\/api.w.org\/{rel}","templated":true}]}}