{"id":81373,"date":"2013-07-09T00:47:08","date_gmt":"2013-07-08T22:47:08","guid":{"rendered":"https:\/\/sandzakpress.net\/arhiva\/?p=81373"},"modified":"2013-07-09T00:49:31","modified_gmt":"2013-07-08T22:49:31","slug":"bih-i-sandzak-u-utorak-prvi-dan-ramazana","status":"publish","type":"post","link":"https:\/\/sandzakpress.net\/arhiva\/bih-i-sandzak-u-utorak-prvi-dan-ramazana\/","title":{"rendered":"BiH i Sand\u017eak: U utorak prvi dan Ramazana"},"content":{"rendered":"<p><strong><a href=\"https:\/\/sandzakpress.net\/arhiva\/wp-content\/uploads\/2013\/07\/ramazan-begova-dzamija.jpg\"><img loading=\"lazy\" decoding=\"async\" class=\"alignleft size-medium wp-image-81374\" title=\"ramazan-begova-dzamija\" src=\"https:\/\/sandzakpress.net\/arhiva\/wp-content\/uploads\/2013\/07\/ramazan-begova-dzamija-300x193.jpg\" alt=\"\" width=\"300\" height=\"193\" \/><\/a>BiH, Sand\u017eak &#8211; Prvi dan mjeseca ramazana i po\u010detak posta je u utorak, 09. jula 2013. godine. Prema Takvimu Rijaseta Islamske zajednice u Bosni i Hercegovini ovogodi\u0161nji mjesec ramazan ima 30 dana i zavr\u0161ava se u \u010detvrtak 08. augusta 2013. godine kada nastupa Ramazanski bajram.<\/strong><\/p>\n<p>Ramazan je deveti mjesec hid\u017eretskog kalendara koji muslimani i muslimanke provode u postu od zore do zalaska sunca, nastoje\u0107i ste\u0107i Allahovo zadovoljstvo, moralno pro\u010di\u0161\u0107enje i duhovnu snagu.<\/p>\n<p>U ovom odabranom mjesecu nalazi se no\u0107 Lejletu-l-kadr u kojoj je ljudima po\u010delo spu\u0161tanje Bo\u017eije objave Kur'ana i no\u0107 Bedra, historijskog doga\u0111aja koji je sna\u017eno usmjerio povijest islama. Muslimani Bo\u0161njaci, pored posta i klanjanja teravih-namaza od dvadeset rekata, ramazan provode nastoje\u0107i \u0161to vi\u0161e u\u010diti i razumijevati kur'anski tekst, prisustvovati mukabelama, dru\u017eiti se na zajedni\u010dkim iftarima i sehurima, razvijati duh me\u0111usobne solidarnosti i izvr\u0161iti obavezu koja proisti\u010de iz propisa zekata i sadekatu-l-fitra.<\/p>\n<p>Islamska zajednica u Bosni i Hercegovini tokom mjeseca ramazana realizirat \u0107e brojne aktivnosti koje, pored ostalog, uklju\u010duju posjete d\u017eematima i dru\u017eenje s d\u017eematlijama, odr\u017eavanje prigodnih predavanja i programskih sadr\u017eaja povodom mubarek no\u0107i.<\/p>\n<blockquote><p><strong><span style=\"color: #000000;\">Resulullah, sallallahu alejhi ve sellem, je rekao: &#8220;Postite kad svi poste, a prekidajte post kad svi prekidaju.&#8221; (Tirmizi)<br \/>\n<\/span><\/strong><\/p><\/blockquote>\n<div>\n<div>\n<blockquote>\n<div id=\"id_51db41161cbe37939338572\"><strong><span style=\"color: #000000;\">Islamski pravni kolegij donio je odluku u kojoj se ka\u017ee: &#8220;\u2026Nema potrebe za pozivanjem i obavezivanjem svih muslimana u svijetu da zajedno nastupaju s postom i proslavljanjem islamskih praznika, jer poziv na jedinstvenost u tome uistinu ne\u0107e\u00a0ujediniti muslimane, kako to neki misle (u\u010denjaci koji zastupaju mi\u0161ljenje da je, ukoliko se ustanovi pojava mla\u0111aka u nekom mjestu, bilo ono blizu ili daleko, obaveza svih muslimana da postupe po tom vi\u0111enju mla\u0111aka i da poste). Tako\u0111er, savjetujemo da se ustanovljavanje mla\u0111aka ostavi muftijstvu i \u0161erijatskim sudnicama u islamskim zemljama jer je to od koristi svim muslimanima. Ono \u0161to \u0107e ujediniti muslimane jeste njihova odlu\u010dnost u sprovo\u0111enju Allahove, subhanehu ve te\u2018ala, Knjige i sunneta Allahovog Poslanika, sallallahu alejhi ve sellem, u njihovim svakodnevnim poslovima\u2026&#8221; (Tevdihul-ahkam, 3\/456)<\/span><\/strong><\/div>\n<\/blockquote>\n<\/div>\n<\/div>\n<div>\n<div><strong><a rel=\"nofollow\" href=\"http:\/\/www.youtube.com\/watch?feature=player_embedded&amp;v=_aXrwZf8zr8\" target=\"_blank\"><\/a><\/strong><\/div>\n<\/div>\n<p>http:\/\/www.youtube.com\/watch?feature=player_embedded&#038;v=_aXrwZf8zr8<\/p>\n<p>(Rijaset)<\/p>\n","protected":false},"excerpt":{"rendered":"<p>BiH, Sand\u017eak &#8211; Prvi dan mjeseca ramazana i po\u010detak posta je u utorak, 09. jula 2013. godine. Prema Takvimu Rijaseta Islamske zajednice u Bosni i Hercegovini ovogodi\u0161nji mjesec ramazan ima 30 dana i zavr\u0161ava se u \u010detvrtak 08. augusta 2013. godine kada nastupa Ramazanski bajram. Ramazan je deveti mjesec hid\u017eretskog kalendara koji muslimani i muslimanke [&hellip;]<\/p>\n","protected":false},"author":83,"featured_media":81374,"comment_status":"open","ping_status":"open","sticky":false,"template":"","format":"standard","meta":{"footnotes":""},"categories":[72,2860,52,397,327,10174,392,396,393,395,802,394,399,8957],"tags":[],"class_list":{"0":"post-81373","1":"post","2":"type-post","3":"status-publish","4":"format-standard","5":"has-post-thumbnail","7":"category-novi-pazar","8":"category-bosna-i-hercegovina-gradovi","9":"category-sjenica","10":"category-berane","11":"category-tutin","12":"category-petnjica-vase-vijesti","13":"category-prijepolje_","14":"category-bijelo_polje","15":"category-priboj","16":"category-pljevlja_","17":"category-islamska_zajednica","18":"category-nova-varos","19":"category-plav_","20":"category-vijesti-dana"},"yoast_head":"<!-- This site is optimized with the Yoast SEO Premium plugin v23.1 (Yoast SEO v24.9) - https:\/\/yoast.com\/wordpress\/plugins\/seo\/ -->\n<title>BiH i Sand\u017eak: U utorak prvi dan Ramazana<\/title>\n<meta name=\"robots\" content=\"index, follow, max-snippet:-1, max-image-preview:large, max-video-preview:-1\" \/>\n<link rel=\"canonical\" href=\"https:\/\/sandzakpress.net\/arhiva\/bih-i-sandzak-u-utorak-prvi-dan-ramazana\/\" \/>\n<meta property=\"og:locale\" content=\"bs_BA\" \/>\n<meta property=\"og:type\" content=\"article\" \/>\n<meta property=\"og:title\" content=\"BiH i Sand\u017eak: U utorak prvi dan Ramazana\" \/>\n<meta property=\"og:description\" content=\"BiH, Sand\u017eak &#8211; Prvi dan mjeseca ramazana i po\u010detak posta je u utorak, 09. jula 2013. godine. Prema Takvimu Rijaseta Islamske zajednice u Bosni i Hercegovini ovogodi\u0161nji mjesec ramazan ima 30 dana i zavr\u0161ava se u \u010detvrtak 08. augusta 2013. godine kada nastupa Ramazanski bajram. Ramazan je deveti mjesec hid\u017eretskog kalendara koji muslimani i muslimanke [&hellip;]\" \/>\n<meta property=\"og:url\" content=\"https:\/\/sandzakpress.net\/arhiva\/bih-i-sandzak-u-utorak-prvi-dan-ramazana\/\" \/>\n<meta property=\"og:site_name\" content=\"Sand\u017eak PRESS\" \/>\n<meta property=\"article:published_time\" content=\"2013-07-08T22:47:08+00:00\" \/>\n<meta property=\"article:modified_time\" content=\"2013-07-08T22:49:31+00:00\" \/>\n<meta property=\"og:image\" content=\"https:\/\/sandzakpress.net\/arhiva\/wp-content\/uploads\/2013\/07\/ramazan-begova-dzamija.jpg\" \/>\n\t<meta property=\"og:image:width\" content=\"418\" \/>\n\t<meta property=\"og:image:height\" content=\"270\" \/>\n\t<meta property=\"og:image:type\" content=\"image\/jpeg\" \/>\n<meta name=\"author\" content=\"bosniak\" \/>\n<meta name=\"twitter:card\" content=\"summary_large_image\" \/>\n<meta name=\"twitter:label1\" content=\"Written by\" \/>\n\t<meta name=\"twitter:data1\" content=\"bosniak\" \/>\n\t<meta name=\"twitter:label2\" content=\"Est. reading time\" \/>\n\t<meta name=\"twitter:data2\" content=\"2 minute\" \/>\n<script type=\"application\/ld+json\" class=\"yoast-schema-graph\">{\"@context\":\"https:\/\/schema.org\",\"@graph\":[{\"@type\":\"Article\",\"@id\":\"https:\/\/sandzakpress.net\/arhiva\/bih-i-sandzak-u-utorak-prvi-dan-ramazana\/#article\",\"isPartOf\":{\"@id\":\"https:\/\/sandzakpress.net\/arhiva\/bih-i-sandzak-u-utorak-prvi-dan-ramazana\/\"},\"author\":{\"name\":\"bosniak\",\"@id\":\"https:\/\/sandzakpress.net\/arhiva\/#\/schema\/person\/c8baee722073534b583ea7bdb2e36c02\"},\"headline\":\"BiH i Sand\u017eak: U utorak prvi dan Ramazana\",\"datePublished\":\"2013-07-08T22:47:08+00:00\",\"dateModified\":\"2013-07-08T22:49:31+00:00\",\"mainEntityOfPage\":{\"@id\":\"https:\/\/sandzakpress.net\/arhiva\/bih-i-sandzak-u-utorak-prvi-dan-ramazana\/\"},\"wordCount\":377,\"commentCount\":2,\"publisher\":{\"@id\":\"https:\/\/sandzakpress.net\/arhiva\/#\/schema\/person\/6e72b67d6e51910a1117b3b483ba20bd\"},\"image\":{\"@id\":\"https:\/\/sandzakpress.net\/arhiva\/bih-i-sandzak-u-utorak-prvi-dan-ramazana\/#primaryimage\"},\"thumbnailUrl\":\"https:\/\/sandzakpress.net\/arhiva\/wp-content\/uploads\/2013\/07\/ramazan-begova-dzamija.jpg\",\"articleSection\":[\"Novi Pazar\",\"Bosna i Hercegovina\",\"Sjenica\",\"Berane\",\"Tutin\",\"Petnjica\",\"Prijepolje\",\"Bijelo Polje\",\"Priboj\",\"Pljevlja\",\"Islamska zajednica\",\"Nova Varo\u0161\",\"Plav\",\"VIJESTI DANA\"],\"inLanguage\":\"bs-BA\",\"potentialAction\":[{\"@type\":\"CommentAction\",\"name\":\"Comment\",\"target\":[\"https:\/\/sandzakpress.net\/arhiva\/bih-i-sandzak-u-utorak-prvi-dan-ramazana\/#respond\"]}]},{\"@type\":\"WebPage\",\"@id\":\"https:\/\/sandzakpress.net\/arhiva\/bih-i-sandzak-u-utorak-prvi-dan-ramazana\/\",\"url\":\"https:\/\/sandzakpress.net\/arhiva\/bih-i-sandzak-u-utorak-prvi-dan-ramazana\/\",\"name\":\"BiH i Sand\u017eak: U utorak prvi dan Ramazana\",\"isPartOf\":{\"@id\":\"https:\/\/sandzakpress.net\/arhiva\/#website\"},\"primaryImageOfPage\":{\"@id\":\"https:\/\/sandzakpress.net\/arhiva\/bih-i-sandzak-u-utorak-prvi-dan-ramazana\/#primaryimage\"},\"image\":{\"@id\":\"https:\/\/sandzakpress.net\/arhiva\/bih-i-sandzak-u-utorak-prvi-dan-ramazana\/#primaryimage\"},\"thumbnailUrl\":\"https:\/\/sandzakpress.net\/arhiva\/wp-content\/uploads\/2013\/07\/ramazan-begova-dzamija.jpg\",\"datePublished\":\"2013-07-08T22:47:08+00:00\",\"dateModified\":\"2013-07-08T22:49:31+00:00\",\"breadcrumb\":{\"@id\":\"https:\/\/sandzakpress.net\/arhiva\/bih-i-sandzak-u-utorak-prvi-dan-ramazana\/#breadcrumb\"},\"inLanguage\":\"bs-BA\",\"potentialAction\":[{\"@type\":\"ReadAction\",\"target\":[\"https:\/\/sandzakpress.net\/arhiva\/bih-i-sandzak-u-utorak-prvi-dan-ramazana\/\"]}]},{\"@type\":\"ImageObject\",\"inLanguage\":\"bs-BA\",\"@id\":\"https:\/\/sandzakpress.net\/arhiva\/bih-i-sandzak-u-utorak-prvi-dan-ramazana\/#primaryimage\",\"url\":\"https:\/\/sandzakpress.net\/arhiva\/wp-content\/uploads\/2013\/07\/ramazan-begova-dzamija.jpg\",\"contentUrl\":\"https:\/\/sandzakpress.net\/arhiva\/wp-content\/uploads\/2013\/07\/ramazan-begova-dzamija.jpg\",\"width\":418,\"height\":270},{\"@type\":\"BreadcrumbList\",\"@id\":\"https:\/\/sandzakpress.net\/arhiva\/bih-i-sandzak-u-utorak-prvi-dan-ramazana\/#breadcrumb\",\"itemListElement\":[{\"@type\":\"ListItem\",\"position\":1,\"name\":\"Home\",\"item\":\"https:\/\/sandzakpress.net\/arhiva\/\"},{\"@type\":\"ListItem\",\"position\":2,\"name\":\"BiH i Sand\u017eak: U utorak prvi dan Ramazana\"}]},{\"@type\":\"WebSite\",\"@id\":\"https:\/\/sandzakpress.net\/arhiva\/#website\",\"url\":\"https:\/\/sandzakpress.net\/arhiva\/\",\"name\":\"Sand\u017eak PRESS\",\"description\":\"Prve elektronske novine u Sand\u017eaku\",\"publisher\":{\"@id\":\"https:\/\/sandzakpress.net\/arhiva\/#\/schema\/person\/6e72b67d6e51910a1117b3b483ba20bd\"},\"potentialAction\":[{\"@type\":\"SearchAction\",\"target\":{\"@type\":\"EntryPoint\",\"urlTemplate\":\"https:\/\/sandzakpress.net\/arhiva\/?s={search_term_string}\"},\"query-input\":{\"@type\":\"PropertyValueSpecification\",\"valueRequired\":true,\"valueName\":\"search_term_string\"}}],\"inLanguage\":\"bs-BA\"},{\"@type\":[\"Person\",\"Organization\"],\"@id\":\"https:\/\/sandzakpress.net\/arhiva\/#\/schema\/person\/6e72b67d6e51910a1117b3b483ba20bd\",\"name\":\"Kul\",\"image\":{\"@type\":\"ImageObject\",\"inLanguage\":\"bs-BA\",\"@id\":\"https:\/\/sandzakpress.net\/arhiva\/#\/schema\/person\/image\/\",\"url\":\"https:\/\/secure.gravatar.com\/avatar\/42263f39aa27ac04c43cab85c280eb2e?s=96&d=mm&r=pg\",\"contentUrl\":\"https:\/\/secure.gravatar.com\/avatar\/42263f39aa27ac04c43cab85c280eb2e?s=96&d=mm&r=pg\",\"caption\":\"Kul\"},\"logo\":{\"@id\":\"https:\/\/sandzakpress.net\/arhiva\/#\/schema\/person\/image\/\"}},{\"@type\":\"Person\",\"@id\":\"https:\/\/sandzakpress.net\/arhiva\/#\/schema\/person\/c8baee722073534b583ea7bdb2e36c02\",\"name\":\"bosniak\",\"image\":{\"@type\":\"ImageObject\",\"inLanguage\":\"bs-BA\",\"@id\":\"https:\/\/sandzakpress.net\/arhiva\/#\/schema\/person\/image\/\",\"url\":\"https:\/\/secure.gravatar.com\/avatar\/a04fd330bfe3a36a72a0ad4a6d89fca7?s=96&d=mm&r=pg\",\"contentUrl\":\"https:\/\/secure.gravatar.com\/avatar\/a04fd330bfe3a36a72a0ad4a6d89fca7?s=96&d=mm&r=pg\",\"caption\":\"bosniak\"},\"url\":\"https:\/\/sandzakpress.net\/arhiva\/author\/bosniak\/\"}]}<\/script>\n<!-- \/ Yoast SEO Premium plugin. -->","yoast_head_json":{"title":"BiH i Sand\u017eak: U utorak prvi dan Ramazana","robots":{"index":"index","follow":"follow","max-snippet":"max-snippet:-1","max-image-preview":"max-image-preview:large","max-video-preview":"max-video-preview:-1"},"canonical":"https:\/\/sandzakpress.net\/arhiva\/bih-i-sandzak-u-utorak-prvi-dan-ramazana\/","og_locale":"bs_BA","og_type":"article","og_title":"BiH i Sand\u017eak: U utorak prvi dan Ramazana","og_description":"BiH, Sand\u017eak &#8211; Prvi dan mjeseca ramazana i po\u010detak posta je u utorak, 09. jula 2013. godine. Prema Takvimu Rijaseta Islamske zajednice u Bosni i Hercegovini ovogodi\u0161nji mjesec ramazan ima 30 dana i zavr\u0161ava se u \u010detvrtak 08. augusta 2013. godine kada nastupa Ramazanski bajram. Ramazan je deveti mjesec hid\u017eretskog kalendara koji muslimani i muslimanke [&hellip;]","og_url":"https:\/\/sandzakpress.net\/arhiva\/bih-i-sandzak-u-utorak-prvi-dan-ramazana\/","og_site_name":"Sand\u017eak PRESS","article_published_time":"2013-07-08T22:47:08+00:00","article_modified_time":"2013-07-08T22:49:31+00:00","og_image":[{"width":418,"height":270,"url":"https:\/\/sandzakpress.net\/arhiva\/wp-content\/uploads\/2013\/07\/ramazan-begova-dzamija.jpg","type":"image\/jpeg"}],"author":"bosniak","twitter_card":"summary_large_image","twitter_misc":{"Written by":"bosniak","Est. reading time":"2 minute"},"schema":{"@context":"https:\/\/schema.org","@graph":[{"@type":"Article","@id":"https:\/\/sandzakpress.net\/arhiva\/bih-i-sandzak-u-utorak-prvi-dan-ramazana\/#article","isPartOf":{"@id":"https:\/\/sandzakpress.net\/arhiva\/bih-i-sandzak-u-utorak-prvi-dan-ramazana\/"},"author":{"name":"bosniak","@id":"https:\/\/sandzakpress.net\/arhiva\/#\/schema\/person\/c8baee722073534b583ea7bdb2e36c02"},"headline":"BiH i Sand\u017eak: U utorak prvi dan Ramazana","datePublished":"2013-07-08T22:47:08+00:00","dateModified":"2013-07-08T22:49:31+00:00","mainEntityOfPage":{"@id":"https:\/\/sandzakpress.net\/arhiva\/bih-i-sandzak-u-utorak-prvi-dan-ramazana\/"},"wordCount":377,"commentCount":2,"publisher":{"@id":"https:\/\/sandzakpress.net\/arhiva\/#\/schema\/person\/6e72b67d6e51910a1117b3b483ba20bd"},"image":{"@id":"https:\/\/sandzakpress.net\/arhiva\/bih-i-sandzak-u-utorak-prvi-dan-ramazana\/#primaryimage"},"thumbnailUrl":"https:\/\/sandzakpress.net\/arhiva\/wp-content\/uploads\/2013\/07\/ramazan-begova-dzamija.jpg","articleSection":["Novi Pazar","Bosna i Hercegovina","Sjenica","Berane","Tutin","Petnjica","Prijepolje","Bijelo Polje","Priboj","Pljevlja","Islamska zajednica","Nova Varo\u0161","Plav","VIJESTI DANA"],"inLanguage":"bs-BA","potentialAction":[{"@type":"CommentAction","name":"Comment","target":["https:\/\/sandzakpress.net\/arhiva\/bih-i-sandzak-u-utorak-prvi-dan-ramazana\/#respond"]}]},{"@type":"WebPage","@id":"https:\/\/sandzakpress.net\/arhiva\/bih-i-sandzak-u-utorak-prvi-dan-ramazana\/","url":"https:\/\/sandzakpress.net\/arhiva\/bih-i-sandzak-u-utorak-prvi-dan-ramazana\/","name":"BiH i Sand\u017eak: U utorak prvi dan Ramazana","isPartOf":{"@id":"https:\/\/sandzakpress.net\/arhiva\/#website"},"primaryImageOfPage":{"@id":"https:\/\/sandzakpress.net\/arhiva\/bih-i-sandzak-u-utorak-prvi-dan-ramazana\/#primaryimage"},"image":{"@id":"https:\/\/sandzakpress.net\/arhiva\/bih-i-sandzak-u-utorak-prvi-dan-ramazana\/#primaryimage"},"thumbnailUrl":"https:\/\/sandzakpress.net\/arhiva\/wp-content\/uploads\/2013\/07\/ramazan-begova-dzamija.jpg","datePublished":"2013-07-08T22:47:08+00:00","dateModified":"2013-07-08T22:49:31+00:00","breadcrumb":{"@id":"https:\/\/sandzakpress.net\/arhiva\/bih-i-sandzak-u-utorak-prvi-dan-ramazana\/#breadcrumb"},"inLanguage":"bs-BA","potentialAction":[{"@type":"ReadAction","target":["https:\/\/sandzakpress.net\/arhiva\/bih-i-sandzak-u-utorak-prvi-dan-ramazana\/"]}]},{"@type":"ImageObject","inLanguage":"bs-BA","@id":"https:\/\/sandzakpress.net\/arhiva\/bih-i-sandzak-u-utorak-prvi-dan-ramazana\/#primaryimage","url":"https:\/\/sandzakpress.net\/arhiva\/wp-content\/uploads\/2013\/07\/ramazan-begova-dzamija.jpg","contentUrl":"https:\/\/sandzakpress.net\/arhiva\/wp-content\/uploads\/2013\/07\/ramazan-begova-dzamija.jpg","width":418,"height":270},{"@type":"BreadcrumbList","@id":"https:\/\/sandzakpress.net\/arhiva\/bih-i-sandzak-u-utorak-prvi-dan-ramazana\/#breadcrumb","itemListElement":[{"@type":"ListItem","position":1,"name":"Home","item":"https:\/\/sandzakpress.net\/arhiva\/"},{"@type":"ListItem","position":2,"name":"BiH i Sand\u017eak: U utorak prvi dan Ramazana"}]},{"@type":"WebSite","@id":"https:\/\/sandzakpress.net\/arhiva\/#website","url":"https:\/\/sandzakpress.net\/arhiva\/","name":"Sand\u017eak PRESS","description":"Prve elektronske novine u Sand\u017eaku","publisher":{"@id":"https:\/\/sandzakpress.net\/arhiva\/#\/schema\/person\/6e72b67d6e51910a1117b3b483ba20bd"},"potentialAction":[{"@type":"SearchAction","target":{"@type":"EntryPoint","urlTemplate":"https:\/\/sandzakpress.net\/arhiva\/?s={search_term_string}"},"query-input":{"@type":"PropertyValueSpecification","valueRequired":true,"valueName":"search_term_string"}}],"inLanguage":"bs-BA"},{"@type":["Person","Organization"],"@id":"https:\/\/sandzakpress.net\/arhiva\/#\/schema\/person\/6e72b67d6e51910a1117b3b483ba20bd","name":"Kul","image":{"@type":"ImageObject","inLanguage":"bs-BA","@id":"https:\/\/sandzakpress.net\/arhiva\/#\/schema\/person\/image\/","url":"https:\/\/secure.gravatar.com\/avatar\/42263f39aa27ac04c43cab85c280eb2e?s=96&d=mm&r=pg","contentUrl":"https:\/\/secure.gravatar.com\/avatar\/42263f39aa27ac04c43cab85c280eb2e?s=96&d=mm&r=pg","caption":"Kul"},"logo":{"@id":"https:\/\/sandzakpress.net\/arhiva\/#\/schema\/person\/image\/"}},{"@type":"Person","@id":"https:\/\/sandzakpress.net\/arhiva\/#\/schema\/person\/c8baee722073534b583ea7bdb2e36c02","name":"bosniak","image":{"@type":"ImageObject","inLanguage":"bs-BA","@id":"https:\/\/sandzakpress.net\/arhiva\/#\/schema\/person\/image\/","url":"https:\/\/secure.gravatar.com\/avatar\/a04fd330bfe3a36a72a0ad4a6d89fca7?s=96&d=mm&r=pg","contentUrl":"https:\/\/secure.gravatar.com\/avatar\/a04fd330bfe3a36a72a0ad4a6d89fca7?s=96&d=mm&r=pg","caption":"bosniak"},"url":"https:\/\/sandzakpress.net\/arhiva\/author\/bosniak\/"}]}},"_links":{"self":[{"href":"https:\/\/sandzakpress.net\/arhiva\/wp-json\/wp\/v2\/posts\/81373"}],"collection":[{"href":"https:\/\/sandzakpress.net\/arhiva\/wp-json\/wp\/v2\/posts"}],"about":[{"href":"https:\/\/sandzakpress.net\/arhiva\/wp-json\/wp\/v2\/types\/post"}],"author":[{"embeddable":true,"href":"https:\/\/sandzakpress.net\/arhiva\/wp-json\/wp\/v2\/users\/83"}],"replies":[{"embeddable":true,"href":"https:\/\/sandzakpress.net\/arhiva\/wp-json\/wp\/v2\/comments?post=81373"}],"version-history":[{"count":0,"href":"https:\/\/sandzakpress.net\/arhiva\/wp-json\/wp\/v2\/posts\/81373\/revisions"}],"wp:featuredmedia":[{"embeddable":true,"href":"https:\/\/sandzakpress.net\/arhiva\/wp-json\/wp\/v2\/media\/81374"}],"wp:attachment":[{"href":"https:\/\/sandzakpress.net\/arhiva\/wp-json\/wp\/v2\/media?parent=81373"}],"wp:term":[{"taxonomy":"category","embeddable":true,"href":"https:\/\/sandzakpress.net\/arhiva\/wp-json\/wp\/v2\/categories?post=81373"},{"taxonomy":"post_tag","embeddable":true,"href":"https:\/\/sandzakpress.net\/arhiva\/wp-json\/wp\/v2\/tags?post=81373"}],"curies":[{"name":"wp","href":"https:\/\/api.w.org\/{rel}","templated":true}]}}