{"id":81249,"date":"2013-07-07T23:42:36","date_gmt":"2013-07-07T21:42:36","guid":{"rendered":"https:\/\/sandzakpress.net\/arhiva\/?p=81249"},"modified":"2013-07-08T14:05:12","modified_gmt":"2013-07-08T12:05:12","slug":"odrzana-elektorska-skupstina-za-bnv-u-cg-kalac-muratovic-i-kujevic-u-buducem-sazivu","status":"publish","type":"post","link":"https:\/\/sandzakpress.net\/arhiva\/odrzana-elektorska-skupstina-za-bnv-u-cg-kalac-muratovic-i-kujevic-u-buducem-sazivu\/","title":{"rendered":"Odr\u017eana elektorska skup\u0161tina za BNV u CG: Kala\u010d, Muratovi\u0107 i Kujevi\u0107 u budu\u0107em sazivu"},"content":{"rendered":"<p><a href=\"https:\/\/sandzakpress.net\/arhiva\/wp-content\/uploads\/2013\/07\/bnv-u-cg.jpg\"><img loading=\"lazy\" decoding=\"async\" class=\"alignnone size-full wp-image-81250\" title=\"bnv u cg\" src=\"https:\/\/sandzakpress.net\/arhiva\/wp-content\/uploads\/2013\/07\/bnv-u-cg.jpg\" alt=\"\" width=\"620\" height=\"372\" \/><\/a><\/p>\n<p><strong><a href=\"https:\/\/sandzakpress.net\/arhiva\/wp-content\/uploads\/2013\/07\/bnv-u-cg.jpg\"><\/a>Ro\u017eaje &#8211; U Ro\u017eajama je u nedjelju, 7. jula 2013. godine, odr\u017eana elektorska skup\u0161tina za izbor \u010dlanova Bo\u0161nja\u010dkog nacionalnog savjeta. Elektorskoj skup\u0161tini prethodilo je kandidiranje elektora za skup\u0161tinu prikupljanjem stotinu potpisa pripadnika bo\u0161nja\u010dke nacionalne zajednice sa pravom glasa.<img decoding=\"async\" title=\"Vi\u0161e...\" src=\"http:\/\/www.bkz.org.rs\/wp-includes\/js\/tinymce\/plugins\/wordpress\/img\/trans.gif\" alt=\"\" \/><!--more--><br \/>\n<\/strong><\/p>\n<p>Bo\u0161nja\u010dka kulturna zajednica uzela je u\u010de\u0161\u0107e u dana\u0161njem zasjedanju, delegiranjem 23 elektora.<\/p>\n<p>Ukupan broj prijavljenih elektora bio je 134, dok se na zasjedanju elektorske skup\u0161tine pojavilo njih 117. Za \u010dlanove vije\u0107a kandidiralo se 64 elektora, od kojih je izabrano 17 \u010dlanova budu\u0107eg saziva Bo\u0161nja\u010dkog nacionalnog vije\u0107a u Crnoj Gori. Elektori su izabrani tajnim glasanjem, a verifikaciona komisija za prebrojavanje glasova sastojala se od pet elektora.<\/p>\n<p>Elektorskom skup\u0161tinom predsjedavao je najstariji elektor Selman Red\u017eematovi\u0107, kojeg je kandidirala Bo\u0161nja\u010dka kulturna zajednica.<\/p>\n<p>U narednom sazivu Bo\u0161nja\u010dkog nacionalnog vije\u0107a me\u0111u 17 vije\u0107nika, u\u010de\u0161\u0107e \u0107e uzeti i Hazbija Kala\u010d \u2013 predsjednik Bo\u0161nja\u010dke kulturne zajednice u Crnoj Gori, Almir Muratovi\u0107 \u2013 predsjednik OO BKZ u Petnjici i Beranama, te Muamer Kujevi\u0107 \u2013 ugledni privrednik iz Ro\u017eaja, a koje je kandidirala i podr\u017eala Bo\u0161nja\u010dka kulturna zajednica.<\/p>\n<p>Za \u010dlanove budu\u0107eg saziva BNV u CG izabrani su (redoslijed po broju osvojenih glasova):<\/p>\n<ol>\n<li><strong><\/strong><strong>Kujevi\u0107 Muamer<\/strong><\/li>\n<li>Li\u010dina Munib<\/li>\n<li>Cikoti\u0107 \u0160ukrija<\/li>\n<li>\u0160ahman Edita<\/li>\n<li>Struji\u0107 Kenan<\/li>\n<li>D\u017eud\u017eevi\u0107 Mirsad<\/li>\n<li>Guti\u0107 Damir<\/li>\n<li>D\u017eogovi\u0107 Alisa<\/li>\n<li>Nurkovi\u0107 Osman<\/li>\n<li><strong><\/strong><strong>Kala\u010d Hazbija<\/strong><\/li>\n<li>Drljan Safet<\/li>\n<li>Li\u010dina Zahit<\/li>\n<li>Grbovi\u0107 Muradif<\/li>\n<li>Nurkovi\u0107 Ejup<\/li>\n<li>Adrovi\u0107 Admir<\/li>\n<li><strong><\/strong><strong>Muratovi\u0107 Almir<\/strong><\/li>\n<li>Sijari\u0107 Re\u0161ad<\/li>\n<\/ol>\n<p>Konstitutivna sjednica bit \u0107e zakazana naknadno.<\/p>\n<p>(BKZ)<\/p>\n","protected":false},"excerpt":{"rendered":"<p>Ro\u017eaje &#8211; U Ro\u017eajama je u nedjelju, 7. jula 2013. godine, odr\u017eana elektorska skup\u0161tina za izbor \u010dlanova Bo\u0161nja\u010dkog nacionalnog savjeta. Elektorskoj skup\u0161tini prethodilo je kandidiranje elektora za skup\u0161tinu prikupljanjem stotinu potpisa pripadnika bo\u0161nja\u010dke nacionalne zajednice sa pravom glasa.<\/p>\n","protected":false},"author":83,"featured_media":81250,"comment_status":"open","ping_status":"open","sticky":false,"template":"","format":"standard","meta":{"footnotes":""},"categories":[398,10174,399,10173,8957],"tags":[],"class_list":{"0":"post-81249","1":"post","2":"type-post","3":"status-publish","4":"format-standard","5":"has-post-thumbnail","7":"category-rozaje","8":"category-petnjica-vase-vijesti","9":"category-plav_","10":"category-gusinje-vase-vijesti","11":"category-vijesti-dana"},"yoast_head":"<!-- This site is optimized with the Yoast SEO Premium plugin v23.1 (Yoast SEO v24.9) - https:\/\/yoast.com\/wordpress\/plugins\/seo\/ -->\n<title>Odr\u017eana elektorska skup\u0161tina za BNV u CG: Kala\u010d, Muratovi\u0107 i Kujevi\u0107 u budu\u0107em sazivu<\/title>\n<meta name=\"robots\" content=\"index, follow, max-snippet:-1, max-image-preview:large, max-video-preview:-1\" \/>\n<link rel=\"canonical\" href=\"https:\/\/sandzakpress.net\/arhiva\/odrzana-elektorska-skupstina-za-bnv-u-cg-kalac-muratovic-i-kujevic-u-buducem-sazivu\/\" \/>\n<meta property=\"og:locale\" content=\"bs_BA\" \/>\n<meta property=\"og:type\" content=\"article\" \/>\n<meta property=\"og:title\" content=\"Odr\u017eana elektorska skup\u0161tina za BNV u CG: Kala\u010d, Muratovi\u0107 i Kujevi\u0107 u budu\u0107em sazivu\" \/>\n<meta property=\"og:description\" content=\"Ro\u017eaje &#8211; U Ro\u017eajama je u nedjelju, 7. jula 2013. godine, odr\u017eana elektorska skup\u0161tina za izbor \u010dlanova Bo\u0161nja\u010dkog nacionalnog savjeta. Elektorskoj skup\u0161tini prethodilo je kandidiranje elektora za skup\u0161tinu prikupljanjem stotinu potpisa pripadnika bo\u0161nja\u010dke nacionalne zajednice sa pravom glasa.\" \/>\n<meta property=\"og:url\" content=\"https:\/\/sandzakpress.net\/arhiva\/odrzana-elektorska-skupstina-za-bnv-u-cg-kalac-muratovic-i-kujevic-u-buducem-sazivu\/\" \/>\n<meta property=\"og:site_name\" content=\"Sand\u017eak PRESS\" \/>\n<meta property=\"article:published_time\" content=\"2013-07-07T21:42:36+00:00\" \/>\n<meta property=\"article:modified_time\" content=\"2013-07-08T12:05:12+00:00\" \/>\n<meta property=\"og:image\" content=\"https:\/\/sandzakpress.net\/arhiva\/wp-content\/uploads\/2013\/07\/bnv-u-cg.jpg\" \/>\n\t<meta property=\"og:image:width\" content=\"616\" \/>\n\t<meta property=\"og:image:height\" content=\"370\" \/>\n\t<meta property=\"og:image:type\" content=\"image\/jpeg\" \/>\n<meta name=\"author\" content=\"bosniak\" \/>\n<meta name=\"twitter:card\" content=\"summary_large_image\" \/>\n<meta name=\"twitter:label1\" content=\"Written by\" \/>\n\t<meta name=\"twitter:data1\" content=\"bosniak\" \/>\n\t<meta name=\"twitter:label2\" content=\"Est. reading time\" \/>\n\t<meta name=\"twitter:data2\" content=\"1 minuta\" \/>\n<script type=\"application\/ld+json\" class=\"yoast-schema-graph\">{\"@context\":\"https:\/\/schema.org\",\"@graph\":[{\"@type\":\"Article\",\"@id\":\"https:\/\/sandzakpress.net\/arhiva\/odrzana-elektorska-skupstina-za-bnv-u-cg-kalac-muratovic-i-kujevic-u-buducem-sazivu\/#article\",\"isPartOf\":{\"@id\":\"https:\/\/sandzakpress.net\/arhiva\/odrzana-elektorska-skupstina-za-bnv-u-cg-kalac-muratovic-i-kujevic-u-buducem-sazivu\/\"},\"author\":{\"name\":\"bosniak\",\"@id\":\"https:\/\/sandzakpress.net\/arhiva\/#\/schema\/person\/c8baee722073534b583ea7bdb2e36c02\"},\"headline\":\"Odr\u017eana elektorska skup\u0161tina za BNV u CG: Kala\u010d, Muratovi\u0107 i Kujevi\u0107 u budu\u0107em sazivu\",\"datePublished\":\"2013-07-07T21:42:36+00:00\",\"dateModified\":\"2013-07-08T12:05:12+00:00\",\"mainEntityOfPage\":{\"@id\":\"https:\/\/sandzakpress.net\/arhiva\/odrzana-elektorska-skupstina-za-bnv-u-cg-kalac-muratovic-i-kujevic-u-buducem-sazivu\/\"},\"wordCount\":273,\"commentCount\":0,\"publisher\":{\"@id\":\"https:\/\/sandzakpress.net\/arhiva\/#\/schema\/person\/6e72b67d6e51910a1117b3b483ba20bd\"},\"image\":{\"@id\":\"https:\/\/sandzakpress.net\/arhiva\/odrzana-elektorska-skupstina-za-bnv-u-cg-kalac-muratovic-i-kujevic-u-buducem-sazivu\/#primaryimage\"},\"thumbnailUrl\":\"https:\/\/sandzakpress.net\/arhiva\/wp-content\/uploads\/2013\/07\/bnv-u-cg.jpg\",\"articleSection\":[\"Ro\u017eaje\",\"Petnjica\",\"Plav\",\"Gusinje\",\"VIJESTI DANA\"],\"inLanguage\":\"bs-BA\",\"potentialAction\":[{\"@type\":\"CommentAction\",\"name\":\"Comment\",\"target\":[\"https:\/\/sandzakpress.net\/arhiva\/odrzana-elektorska-skupstina-za-bnv-u-cg-kalac-muratovic-i-kujevic-u-buducem-sazivu\/#respond\"]}]},{\"@type\":\"WebPage\",\"@id\":\"https:\/\/sandzakpress.net\/arhiva\/odrzana-elektorska-skupstina-za-bnv-u-cg-kalac-muratovic-i-kujevic-u-buducem-sazivu\/\",\"url\":\"https:\/\/sandzakpress.net\/arhiva\/odrzana-elektorska-skupstina-za-bnv-u-cg-kalac-muratovic-i-kujevic-u-buducem-sazivu\/\",\"name\":\"Odr\u017eana elektorska skup\u0161tina za BNV u CG: Kala\u010d, Muratovi\u0107 i Kujevi\u0107 u budu\u0107em sazivu\",\"isPartOf\":{\"@id\":\"https:\/\/sandzakpress.net\/arhiva\/#website\"},\"primaryImageOfPage\":{\"@id\":\"https:\/\/sandzakpress.net\/arhiva\/odrzana-elektorska-skupstina-za-bnv-u-cg-kalac-muratovic-i-kujevic-u-buducem-sazivu\/#primaryimage\"},\"image\":{\"@id\":\"https:\/\/sandzakpress.net\/arhiva\/odrzana-elektorska-skupstina-za-bnv-u-cg-kalac-muratovic-i-kujevic-u-buducem-sazivu\/#primaryimage\"},\"thumbnailUrl\":\"https:\/\/sandzakpress.net\/arhiva\/wp-content\/uploads\/2013\/07\/bnv-u-cg.jpg\",\"datePublished\":\"2013-07-07T21:42:36+00:00\",\"dateModified\":\"2013-07-08T12:05:12+00:00\",\"breadcrumb\":{\"@id\":\"https:\/\/sandzakpress.net\/arhiva\/odrzana-elektorska-skupstina-za-bnv-u-cg-kalac-muratovic-i-kujevic-u-buducem-sazivu\/#breadcrumb\"},\"inLanguage\":\"bs-BA\",\"potentialAction\":[{\"@type\":\"ReadAction\",\"target\":[\"https:\/\/sandzakpress.net\/arhiva\/odrzana-elektorska-skupstina-za-bnv-u-cg-kalac-muratovic-i-kujevic-u-buducem-sazivu\/\"]}]},{\"@type\":\"ImageObject\",\"inLanguage\":\"bs-BA\",\"@id\":\"https:\/\/sandzakpress.net\/arhiva\/odrzana-elektorska-skupstina-za-bnv-u-cg-kalac-muratovic-i-kujevic-u-buducem-sazivu\/#primaryimage\",\"url\":\"https:\/\/sandzakpress.net\/arhiva\/wp-content\/uploads\/2013\/07\/bnv-u-cg.jpg\",\"contentUrl\":\"https:\/\/sandzakpress.net\/arhiva\/wp-content\/uploads\/2013\/07\/bnv-u-cg.jpg\",\"width\":616,\"height\":370},{\"@type\":\"BreadcrumbList\",\"@id\":\"https:\/\/sandzakpress.net\/arhiva\/odrzana-elektorska-skupstina-za-bnv-u-cg-kalac-muratovic-i-kujevic-u-buducem-sazivu\/#breadcrumb\",\"itemListElement\":[{\"@type\":\"ListItem\",\"position\":1,\"name\":\"Home\",\"item\":\"https:\/\/sandzakpress.net\/arhiva\/\"},{\"@type\":\"ListItem\",\"position\":2,\"name\":\"Odr\u017eana elektorska skup\u0161tina za BNV u CG: Kala\u010d, Muratovi\u0107 i Kujevi\u0107 u budu\u0107em sazivu\"}]},{\"@type\":\"WebSite\",\"@id\":\"https:\/\/sandzakpress.net\/arhiva\/#website\",\"url\":\"https:\/\/sandzakpress.net\/arhiva\/\",\"name\":\"Sand\u017eak PRESS\",\"description\":\"Prve elektronske novine u Sand\u017eaku\",\"publisher\":{\"@id\":\"https:\/\/sandzakpress.net\/arhiva\/#\/schema\/person\/6e72b67d6e51910a1117b3b483ba20bd\"},\"potentialAction\":[{\"@type\":\"SearchAction\",\"target\":{\"@type\":\"EntryPoint\",\"urlTemplate\":\"https:\/\/sandzakpress.net\/arhiva\/?s={search_term_string}\"},\"query-input\":{\"@type\":\"PropertyValueSpecification\",\"valueRequired\":true,\"valueName\":\"search_term_string\"}}],\"inLanguage\":\"bs-BA\"},{\"@type\":[\"Person\",\"Organization\"],\"@id\":\"https:\/\/sandzakpress.net\/arhiva\/#\/schema\/person\/6e72b67d6e51910a1117b3b483ba20bd\",\"name\":\"Kul\",\"image\":{\"@type\":\"ImageObject\",\"inLanguage\":\"bs-BA\",\"@id\":\"https:\/\/sandzakpress.net\/arhiva\/#\/schema\/person\/image\/\",\"url\":\"https:\/\/secure.gravatar.com\/avatar\/42263f39aa27ac04c43cab85c280eb2e?s=96&d=mm&r=pg\",\"contentUrl\":\"https:\/\/secure.gravatar.com\/avatar\/42263f39aa27ac04c43cab85c280eb2e?s=96&d=mm&r=pg\",\"caption\":\"Kul\"},\"logo\":{\"@id\":\"https:\/\/sandzakpress.net\/arhiva\/#\/schema\/person\/image\/\"}},{\"@type\":\"Person\",\"@id\":\"https:\/\/sandzakpress.net\/arhiva\/#\/schema\/person\/c8baee722073534b583ea7bdb2e36c02\",\"name\":\"bosniak\",\"image\":{\"@type\":\"ImageObject\",\"inLanguage\":\"bs-BA\",\"@id\":\"https:\/\/sandzakpress.net\/arhiva\/#\/schema\/person\/image\/\",\"url\":\"https:\/\/secure.gravatar.com\/avatar\/a04fd330bfe3a36a72a0ad4a6d89fca7?s=96&d=mm&r=pg\",\"contentUrl\":\"https:\/\/secure.gravatar.com\/avatar\/a04fd330bfe3a36a72a0ad4a6d89fca7?s=96&d=mm&r=pg\",\"caption\":\"bosniak\"},\"url\":\"https:\/\/sandzakpress.net\/arhiva\/author\/bosniak\/\"}]}<\/script>\n<!-- \/ Yoast SEO Premium plugin. -->","yoast_head_json":{"title":"Odr\u017eana elektorska skup\u0161tina za BNV u CG: Kala\u010d, Muratovi\u0107 i Kujevi\u0107 u budu\u0107em sazivu","robots":{"index":"index","follow":"follow","max-snippet":"max-snippet:-1","max-image-preview":"max-image-preview:large","max-video-preview":"max-video-preview:-1"},"canonical":"https:\/\/sandzakpress.net\/arhiva\/odrzana-elektorska-skupstina-za-bnv-u-cg-kalac-muratovic-i-kujevic-u-buducem-sazivu\/","og_locale":"bs_BA","og_type":"article","og_title":"Odr\u017eana elektorska skup\u0161tina za BNV u CG: Kala\u010d, Muratovi\u0107 i Kujevi\u0107 u budu\u0107em sazivu","og_description":"Ro\u017eaje &#8211; U Ro\u017eajama je u nedjelju, 7. jula 2013. godine, odr\u017eana elektorska skup\u0161tina za izbor \u010dlanova Bo\u0161nja\u010dkog nacionalnog savjeta. Elektorskoj skup\u0161tini prethodilo je kandidiranje elektora za skup\u0161tinu prikupljanjem stotinu potpisa pripadnika bo\u0161nja\u010dke nacionalne zajednice sa pravom glasa.","og_url":"https:\/\/sandzakpress.net\/arhiva\/odrzana-elektorska-skupstina-za-bnv-u-cg-kalac-muratovic-i-kujevic-u-buducem-sazivu\/","og_site_name":"Sand\u017eak PRESS","article_published_time":"2013-07-07T21:42:36+00:00","article_modified_time":"2013-07-08T12:05:12+00:00","og_image":[{"width":616,"height":370,"url":"https:\/\/sandzakpress.net\/arhiva\/wp-content\/uploads\/2013\/07\/bnv-u-cg.jpg","type":"image\/jpeg"}],"author":"bosniak","twitter_card":"summary_large_image","twitter_misc":{"Written by":"bosniak","Est. reading time":"1 minuta"},"schema":{"@context":"https:\/\/schema.org","@graph":[{"@type":"Article","@id":"https:\/\/sandzakpress.net\/arhiva\/odrzana-elektorska-skupstina-za-bnv-u-cg-kalac-muratovic-i-kujevic-u-buducem-sazivu\/#article","isPartOf":{"@id":"https:\/\/sandzakpress.net\/arhiva\/odrzana-elektorska-skupstina-za-bnv-u-cg-kalac-muratovic-i-kujevic-u-buducem-sazivu\/"},"author":{"name":"bosniak","@id":"https:\/\/sandzakpress.net\/arhiva\/#\/schema\/person\/c8baee722073534b583ea7bdb2e36c02"},"headline":"Odr\u017eana elektorska skup\u0161tina za BNV u CG: Kala\u010d, Muratovi\u0107 i Kujevi\u0107 u budu\u0107em sazivu","datePublished":"2013-07-07T21:42:36+00:00","dateModified":"2013-07-08T12:05:12+00:00","mainEntityOfPage":{"@id":"https:\/\/sandzakpress.net\/arhiva\/odrzana-elektorska-skupstina-za-bnv-u-cg-kalac-muratovic-i-kujevic-u-buducem-sazivu\/"},"wordCount":273,"commentCount":0,"publisher":{"@id":"https:\/\/sandzakpress.net\/arhiva\/#\/schema\/person\/6e72b67d6e51910a1117b3b483ba20bd"},"image":{"@id":"https:\/\/sandzakpress.net\/arhiva\/odrzana-elektorska-skupstina-za-bnv-u-cg-kalac-muratovic-i-kujevic-u-buducem-sazivu\/#primaryimage"},"thumbnailUrl":"https:\/\/sandzakpress.net\/arhiva\/wp-content\/uploads\/2013\/07\/bnv-u-cg.jpg","articleSection":["Ro\u017eaje","Petnjica","Plav","Gusinje","VIJESTI DANA"],"inLanguage":"bs-BA","potentialAction":[{"@type":"CommentAction","name":"Comment","target":["https:\/\/sandzakpress.net\/arhiva\/odrzana-elektorska-skupstina-za-bnv-u-cg-kalac-muratovic-i-kujevic-u-buducem-sazivu\/#respond"]}]},{"@type":"WebPage","@id":"https:\/\/sandzakpress.net\/arhiva\/odrzana-elektorska-skupstina-za-bnv-u-cg-kalac-muratovic-i-kujevic-u-buducem-sazivu\/","url":"https:\/\/sandzakpress.net\/arhiva\/odrzana-elektorska-skupstina-za-bnv-u-cg-kalac-muratovic-i-kujevic-u-buducem-sazivu\/","name":"Odr\u017eana elektorska skup\u0161tina za BNV u CG: Kala\u010d, Muratovi\u0107 i Kujevi\u0107 u budu\u0107em sazivu","isPartOf":{"@id":"https:\/\/sandzakpress.net\/arhiva\/#website"},"primaryImageOfPage":{"@id":"https:\/\/sandzakpress.net\/arhiva\/odrzana-elektorska-skupstina-za-bnv-u-cg-kalac-muratovic-i-kujevic-u-buducem-sazivu\/#primaryimage"},"image":{"@id":"https:\/\/sandzakpress.net\/arhiva\/odrzana-elektorska-skupstina-za-bnv-u-cg-kalac-muratovic-i-kujevic-u-buducem-sazivu\/#primaryimage"},"thumbnailUrl":"https:\/\/sandzakpress.net\/arhiva\/wp-content\/uploads\/2013\/07\/bnv-u-cg.jpg","datePublished":"2013-07-07T21:42:36+00:00","dateModified":"2013-07-08T12:05:12+00:00","breadcrumb":{"@id":"https:\/\/sandzakpress.net\/arhiva\/odrzana-elektorska-skupstina-za-bnv-u-cg-kalac-muratovic-i-kujevic-u-buducem-sazivu\/#breadcrumb"},"inLanguage":"bs-BA","potentialAction":[{"@type":"ReadAction","target":["https:\/\/sandzakpress.net\/arhiva\/odrzana-elektorska-skupstina-za-bnv-u-cg-kalac-muratovic-i-kujevic-u-buducem-sazivu\/"]}]},{"@type":"ImageObject","inLanguage":"bs-BA","@id":"https:\/\/sandzakpress.net\/arhiva\/odrzana-elektorska-skupstina-za-bnv-u-cg-kalac-muratovic-i-kujevic-u-buducem-sazivu\/#primaryimage","url":"https:\/\/sandzakpress.net\/arhiva\/wp-content\/uploads\/2013\/07\/bnv-u-cg.jpg","contentUrl":"https:\/\/sandzakpress.net\/arhiva\/wp-content\/uploads\/2013\/07\/bnv-u-cg.jpg","width":616,"height":370},{"@type":"BreadcrumbList","@id":"https:\/\/sandzakpress.net\/arhiva\/odrzana-elektorska-skupstina-za-bnv-u-cg-kalac-muratovic-i-kujevic-u-buducem-sazivu\/#breadcrumb","itemListElement":[{"@type":"ListItem","position":1,"name":"Home","item":"https:\/\/sandzakpress.net\/arhiva\/"},{"@type":"ListItem","position":2,"name":"Odr\u017eana elektorska skup\u0161tina za BNV u CG: Kala\u010d, Muratovi\u0107 i Kujevi\u0107 u budu\u0107em sazivu"}]},{"@type":"WebSite","@id":"https:\/\/sandzakpress.net\/arhiva\/#website","url":"https:\/\/sandzakpress.net\/arhiva\/","name":"Sand\u017eak PRESS","description":"Prve elektronske novine u Sand\u017eaku","publisher":{"@id":"https:\/\/sandzakpress.net\/arhiva\/#\/schema\/person\/6e72b67d6e51910a1117b3b483ba20bd"},"potentialAction":[{"@type":"SearchAction","target":{"@type":"EntryPoint","urlTemplate":"https:\/\/sandzakpress.net\/arhiva\/?s={search_term_string}"},"query-input":{"@type":"PropertyValueSpecification","valueRequired":true,"valueName":"search_term_string"}}],"inLanguage":"bs-BA"},{"@type":["Person","Organization"],"@id":"https:\/\/sandzakpress.net\/arhiva\/#\/schema\/person\/6e72b67d6e51910a1117b3b483ba20bd","name":"Kul","image":{"@type":"ImageObject","inLanguage":"bs-BA","@id":"https:\/\/sandzakpress.net\/arhiva\/#\/schema\/person\/image\/","url":"https:\/\/secure.gravatar.com\/avatar\/42263f39aa27ac04c43cab85c280eb2e?s=96&d=mm&r=pg","contentUrl":"https:\/\/secure.gravatar.com\/avatar\/42263f39aa27ac04c43cab85c280eb2e?s=96&d=mm&r=pg","caption":"Kul"},"logo":{"@id":"https:\/\/sandzakpress.net\/arhiva\/#\/schema\/person\/image\/"}},{"@type":"Person","@id":"https:\/\/sandzakpress.net\/arhiva\/#\/schema\/person\/c8baee722073534b583ea7bdb2e36c02","name":"bosniak","image":{"@type":"ImageObject","inLanguage":"bs-BA","@id":"https:\/\/sandzakpress.net\/arhiva\/#\/schema\/person\/image\/","url":"https:\/\/secure.gravatar.com\/avatar\/a04fd330bfe3a36a72a0ad4a6d89fca7?s=96&d=mm&r=pg","contentUrl":"https:\/\/secure.gravatar.com\/avatar\/a04fd330bfe3a36a72a0ad4a6d89fca7?s=96&d=mm&r=pg","caption":"bosniak"},"url":"https:\/\/sandzakpress.net\/arhiva\/author\/bosniak\/"}]}},"_links":{"self":[{"href":"https:\/\/sandzakpress.net\/arhiva\/wp-json\/wp\/v2\/posts\/81249"}],"collection":[{"href":"https:\/\/sandzakpress.net\/arhiva\/wp-json\/wp\/v2\/posts"}],"about":[{"href":"https:\/\/sandzakpress.net\/arhiva\/wp-json\/wp\/v2\/types\/post"}],"author":[{"embeddable":true,"href":"https:\/\/sandzakpress.net\/arhiva\/wp-json\/wp\/v2\/users\/83"}],"replies":[{"embeddable":true,"href":"https:\/\/sandzakpress.net\/arhiva\/wp-json\/wp\/v2\/comments?post=81249"}],"version-history":[{"count":0,"href":"https:\/\/sandzakpress.net\/arhiva\/wp-json\/wp\/v2\/posts\/81249\/revisions"}],"wp:featuredmedia":[{"embeddable":true,"href":"https:\/\/sandzakpress.net\/arhiva\/wp-json\/wp\/v2\/media\/81250"}],"wp:attachment":[{"href":"https:\/\/sandzakpress.net\/arhiva\/wp-json\/wp\/v2\/media?parent=81249"}],"wp:term":[{"taxonomy":"category","embeddable":true,"href":"https:\/\/sandzakpress.net\/arhiva\/wp-json\/wp\/v2\/categories?post=81249"},{"taxonomy":"post_tag","embeddable":true,"href":"https:\/\/sandzakpress.net\/arhiva\/wp-json\/wp\/v2\/tags?post=81249"}],"curies":[{"name":"wp","href":"https:\/\/api.w.org\/{rel}","templated":true}]}}