{"id":81172,"date":"2013-07-06T15:20:50","date_gmt":"2013-07-06T13:20:50","guid":{"rendered":"https:\/\/sandzakpress.net\/arhiva\/?p=81172"},"modified":"2013-07-06T15:20:50","modified_gmt":"2013-07-06T13:20:50","slug":"bosnjaci-u-dijaspori-obiljezavaju-sjecanje-na-11-jul-genocid-u-srebrenici","status":"publish","type":"post","link":"https:\/\/sandzakpress.net\/arhiva\/bosnjaci-u-dijaspori-obiljezavaju-sjecanje-na-11-jul-genocid-u-srebrenici\/","title":{"rendered":"Bo\u0161njaci u dijaspori obilje\u017eavaju sje\u0107anje na 11. jul &#8211; Genocid u Srebrenici"},"content":{"rendered":"<p><strong><a href=\"https:\/\/sandzakpress.net\/arhiva\/wp-content\/uploads\/2013\/07\/Trg-Clairefontaine.jpg\"><img loading=\"lazy\" decoding=\"async\" class=\"alignnone size-full wp-image-81173\" title=\"Trg Clairefontaine\" src=\"https:\/\/sandzakpress.net\/arhiva\/wp-content\/uploads\/2013\/07\/Trg-Clairefontaine.jpg\" alt=\"\" width=\"620\" height=\"465\" \/><\/a>Pariz, Luksemburg, Bilefeld &#8211;\u00a0Ove godine u Bo\u0161nja\u010dkoj dijaspori \u0161irom svijeta na razne na\u010dine obilje\u017eavat \u0107e se 11. Jul \u2013 dan kada je u Srebrenici po\u010dinjen genocid nad Bo\u0161njacima.<!--more--><br \/>\n<\/strong><\/p>\n<p>Manifesti sje\u0107anja na ovaj tagi\u010dan dan obilje\u017eit \u0107e se u Parizu i Luksemburgu u nedjelju 7. jula, u Bilefeldu 11. jula te u brojnim drugim gradovima.<\/p>\n<p><strong>LUKSEMBURG<\/strong><\/p>\n<p>U Luksemburgu ovogodi\u0161nja komemoracija koja je zakazana za nedjelju (07. jula) odr\u017ea\u0107e se u velikoj sali u gradi\u0107u Dommeldange nadomak luksembur\u0161ke prijestonice. Organizator komemoracije je ve\u0107 4. godine za redom \u201eOdbor za obilje\u017eavanje 11. jula, Dana sje\u0107anja na \u017ertve genocida u Srebrenici\u201c u \u010dijem sastavu djeluju sljede\u0107a udru\u017eenja i d\u017eemati:\u00a0\u00a0\u00a0\u00a0\u00a0\u00a0\u00a0\u00a0\u00a0\u00a0\u00a0\u00a0\u00a0\u00a0\u00a0 CIL &#8211; Centre islamique au Luxembourg, AIC SUD &#8211; Association islamique et cultuelle du Sud ;<\/p>\n<p>CCINS &#8211; Centre culturel islamique &#8220;Nordstadt&#8221;, AIL &#8211; Association islamique de Luxembourg, CCIL &#8211; Centre culturelle islamique du Luxembourg, CCIN &#8211; Centre culturelle islamique du Nord, KSD &#8211; &#8220;Bosna&#8221;, Humanitarno dru\u0161tvo &#8220;Nova Bosna&#8221;, Fudbalski klub &#8220;Zavidovi\u0107i 94&#8221;,<\/p>\n<p>UMA-Unija mladih aktivista, Zavi\u010dajni klub &#8220;Bihor&#8221;, Cooperation &#8220;Luxembourg-Montenegro&#8221;, BDF-Bo\u0161njacki demokratski fond, FK Millebaach \u2013 Sandzak, FK \u2018\u2019Sloga\u2019\u2019 Wiltz, BKZ &#8211; Bo\u0161nja\u010dka kulturna zajednica, Klub gra\u0111ana Zavidovi\u0107i.<\/p>\n<p>Ve\u0107 \u010ditavu sedmicu prije komemoracije, na gradskom trgu Clairefontaine u strogom centru grada, dijeli propagandni materijal gra\u0111anima Luksemburga i razgovara sa onima koji \u017eele da saznaju vi\u0161e o genocidu u Srebrenici ali i o genocidima nad Bo\u0161njacima generalno.<\/p>\n<p><a href=\"https:\/\/sandzakpress.net\/arhiva\/wp-content\/uploads\/2013\/07\/SREBRENICA-2013-PLAKATA.jpg\"><img loading=\"lazy\" decoding=\"async\" class=\"alignnone size-full wp-image-81174\" title=\"SREBRENICA 2013 - PLAKATA\" src=\"https:\/\/sandzakpress.net\/arhiva\/wp-content\/uploads\/2013\/07\/SREBRENICA-2013-PLAKATA.jpg\" alt=\"\" width=\"620\" height=\"802\" \/><\/a><\/p>\n<p><strong>PARIZ<\/strong><\/p>\n<p>U Parizu na Plac de la Nation od 14 do 18 h u organizaciji CCB D\u017eemat Pariz organizirat \u0107e se okupljanje, gdje \u0107e transparentima, letcima, fotoizlo\u017ebom, majicama i drugim obilje\u017ejima sa porukama o genocidu u Srebrenici na Francuskom jeziku Bo\u0161njaci ovoga grada podjestiti na stavi\u010dan genocid koji se dogodio nad Bo\u0161njacima 11. jula 1995. godine.<\/p>\n<p><a href=\"https:\/\/sandzakpress.net\/arhiva\/wp-content\/uploads\/2013\/07\/Untitled-11.jpg\"><img loading=\"lazy\" decoding=\"async\" class=\"alignnone size-full wp-image-81175\" title=\"Untitled-1\" src=\"https:\/\/sandzakpress.net\/arhiva\/wp-content\/uploads\/2013\/07\/Untitled-11.jpg\" alt=\"\" width=\"620\" height=\"876\" \/><\/a><\/p>\n<p><strong>BIELEFELD<\/strong><\/p>\n<p>U Bilefeldu \u0107e 11. jula 2013. Godine, ta\u010dno na dan d\u017eenaze u Poto\u010darima, BKC &#8220;Selam&#8221; i KSC BiH Bielefeld organizirati mirnu \u0161etnju ulicama ovoga grada, gdje \u0107e tako\u0111er porukama na transparentima, majicama i dr., poslati poruku da se genocid u Srebrenici ne smije zaboraviti. Kolona polazi od sjedi\u0161ta KSC BiH Bielefeld (ulica Budde str 19) u 18h.<\/p>\n","protected":false},"excerpt":{"rendered":"<p>Pariz, Luksemburg, Bilefeld &#8211;\u00a0Ove godine u Bo\u0161nja\u010dkoj dijaspori \u0161irom svijeta na razne na\u010dine obilje\u017eavat \u0107e se 11. Jul \u2013 dan kada je u Srebrenici po\u010dinjen genocid nad Bo\u0161njacima.<\/p>\n","protected":false},"author":83,"featured_media":81173,"comment_status":"open","ping_status":"open","sticky":false,"template":"","format":"standard","meta":{"footnotes":""},"categories":[72,800,9538,9550,9549,8957],"tags":[],"class_list":{"0":"post-81172","1":"post","2":"type-post","3":"status-publish","4":"format-standard","5":"has-post-thumbnail","7":"category-novi-pazar","8":"category-nacija","9":"category-njemacka-dijaspora-gradovi-vase-vijesti","10":"category-francuska-dijaspora-gradovi-vase-vijesti","11":"category-luxemburg","12":"category-vijesti-dana"},"yoast_head":"<!-- This site is optimized with the Yoast SEO Premium plugin v23.1 (Yoast SEO v24.9) - https:\/\/yoast.com\/wordpress\/plugins\/seo\/ -->\n<title>Bo\u0161njaci u dijaspori obilje\u017eavaju sje\u0107anje na 11. jul - Genocid u Srebrenici<\/title>\n<meta name=\"robots\" content=\"index, follow, max-snippet:-1, max-image-preview:large, max-video-preview:-1\" \/>\n<link rel=\"canonical\" href=\"https:\/\/sandzakpress.net\/arhiva\/bosnjaci-u-dijaspori-obiljezavaju-sjecanje-na-11-jul-genocid-u-srebrenici\/\" \/>\n<meta property=\"og:locale\" content=\"bs_BA\" \/>\n<meta property=\"og:type\" content=\"article\" \/>\n<meta property=\"og:title\" content=\"Bo\u0161njaci u dijaspori obilje\u017eavaju sje\u0107anje na 11. jul - Genocid u Srebrenici\" \/>\n<meta property=\"og:description\" content=\"Pariz, Luksemburg, Bilefeld &#8211;\u00a0Ove godine u Bo\u0161nja\u010dkoj dijaspori \u0161irom svijeta na razne na\u010dine obilje\u017eavat \u0107e se 11. Jul \u2013 dan kada je u Srebrenici po\u010dinjen genocid nad Bo\u0161njacima.\" \/>\n<meta property=\"og:url\" content=\"https:\/\/sandzakpress.net\/arhiva\/bosnjaci-u-dijaspori-obiljezavaju-sjecanje-na-11-jul-genocid-u-srebrenici\/\" \/>\n<meta property=\"og:site_name\" content=\"Sand\u017eak PRESS\" \/>\n<meta property=\"article:published_time\" content=\"2013-07-06T13:20:50+00:00\" \/>\n<meta property=\"og:image\" content=\"https:\/\/sandzakpress.net\/arhiva\/wp-content\/uploads\/2013\/07\/Trg-Clairefontaine.jpg\" \/>\n\t<meta property=\"og:image:width\" content=\"616\" \/>\n\t<meta property=\"og:image:height\" content=\"462\" \/>\n\t<meta property=\"og:image:type\" content=\"image\/jpeg\" \/>\n<meta name=\"author\" content=\"bosniak\" \/>\n<meta name=\"twitter:card\" content=\"summary_large_image\" \/>\n<meta name=\"twitter:label1\" content=\"Written by\" \/>\n\t<meta name=\"twitter:data1\" content=\"bosniak\" \/>\n\t<meta name=\"twitter:label2\" content=\"Est. reading time\" \/>\n\t<meta name=\"twitter:data2\" content=\"2 minute\" \/>\n<script type=\"application\/ld+json\" class=\"yoast-schema-graph\">{\"@context\":\"https:\/\/schema.org\",\"@graph\":[{\"@type\":\"Article\",\"@id\":\"https:\/\/sandzakpress.net\/arhiva\/bosnjaci-u-dijaspori-obiljezavaju-sjecanje-na-11-jul-genocid-u-srebrenici\/#article\",\"isPartOf\":{\"@id\":\"https:\/\/sandzakpress.net\/arhiva\/bosnjaci-u-dijaspori-obiljezavaju-sjecanje-na-11-jul-genocid-u-srebrenici\/\"},\"author\":{\"name\":\"bosniak\",\"@id\":\"https:\/\/sandzakpress.net\/arhiva\/#\/schema\/person\/c8baee722073534b583ea7bdb2e36c02\"},\"headline\":\"Bo\u0161njaci u dijaspori obilje\u017eavaju sje\u0107anje na 11. jul &#8211; Genocid u Srebrenici\",\"datePublished\":\"2013-07-06T13:20:50+00:00\",\"mainEntityOfPage\":{\"@id\":\"https:\/\/sandzakpress.net\/arhiva\/bosnjaci-u-dijaspori-obiljezavaju-sjecanje-na-11-jul-genocid-u-srebrenici\/\"},\"wordCount\":375,\"commentCount\":3,\"publisher\":{\"@id\":\"https:\/\/sandzakpress.net\/arhiva\/#\/schema\/person\/6e72b67d6e51910a1117b3b483ba20bd\"},\"image\":{\"@id\":\"https:\/\/sandzakpress.net\/arhiva\/bosnjaci-u-dijaspori-obiljezavaju-sjecanje-na-11-jul-genocid-u-srebrenici\/#primaryimage\"},\"thumbnailUrl\":\"https:\/\/sandzakpress.net\/arhiva\/wp-content\/uploads\/2013\/07\/Trg-Clairefontaine.jpg\",\"articleSection\":[\"Novi Pazar\",\"Nacija\",\"Njema\u010dka\",\"Francuska\",\"Luksemburg\",\"VIJESTI DANA\"],\"inLanguage\":\"bs-BA\",\"potentialAction\":[{\"@type\":\"CommentAction\",\"name\":\"Comment\",\"target\":[\"https:\/\/sandzakpress.net\/arhiva\/bosnjaci-u-dijaspori-obiljezavaju-sjecanje-na-11-jul-genocid-u-srebrenici\/#respond\"]}]},{\"@type\":\"WebPage\",\"@id\":\"https:\/\/sandzakpress.net\/arhiva\/bosnjaci-u-dijaspori-obiljezavaju-sjecanje-na-11-jul-genocid-u-srebrenici\/\",\"url\":\"https:\/\/sandzakpress.net\/arhiva\/bosnjaci-u-dijaspori-obiljezavaju-sjecanje-na-11-jul-genocid-u-srebrenici\/\",\"name\":\"Bo\u0161njaci u dijaspori obilje\u017eavaju sje\u0107anje na 11. jul - Genocid u Srebrenici\",\"isPartOf\":{\"@id\":\"https:\/\/sandzakpress.net\/arhiva\/#website\"},\"primaryImageOfPage\":{\"@id\":\"https:\/\/sandzakpress.net\/arhiva\/bosnjaci-u-dijaspori-obiljezavaju-sjecanje-na-11-jul-genocid-u-srebrenici\/#primaryimage\"},\"image\":{\"@id\":\"https:\/\/sandzakpress.net\/arhiva\/bosnjaci-u-dijaspori-obiljezavaju-sjecanje-na-11-jul-genocid-u-srebrenici\/#primaryimage\"},\"thumbnailUrl\":\"https:\/\/sandzakpress.net\/arhiva\/wp-content\/uploads\/2013\/07\/Trg-Clairefontaine.jpg\",\"datePublished\":\"2013-07-06T13:20:50+00:00\",\"breadcrumb\":{\"@id\":\"https:\/\/sandzakpress.net\/arhiva\/bosnjaci-u-dijaspori-obiljezavaju-sjecanje-na-11-jul-genocid-u-srebrenici\/#breadcrumb\"},\"inLanguage\":\"bs-BA\",\"potentialAction\":[{\"@type\":\"ReadAction\",\"target\":[\"https:\/\/sandzakpress.net\/arhiva\/bosnjaci-u-dijaspori-obiljezavaju-sjecanje-na-11-jul-genocid-u-srebrenici\/\"]}]},{\"@type\":\"ImageObject\",\"inLanguage\":\"bs-BA\",\"@id\":\"https:\/\/sandzakpress.net\/arhiva\/bosnjaci-u-dijaspori-obiljezavaju-sjecanje-na-11-jul-genocid-u-srebrenici\/#primaryimage\",\"url\":\"https:\/\/sandzakpress.net\/arhiva\/wp-content\/uploads\/2013\/07\/Trg-Clairefontaine.jpg\",\"contentUrl\":\"https:\/\/sandzakpress.net\/arhiva\/wp-content\/uploads\/2013\/07\/Trg-Clairefontaine.jpg\",\"width\":616,\"height\":462},{\"@type\":\"BreadcrumbList\",\"@id\":\"https:\/\/sandzakpress.net\/arhiva\/bosnjaci-u-dijaspori-obiljezavaju-sjecanje-na-11-jul-genocid-u-srebrenici\/#breadcrumb\",\"itemListElement\":[{\"@type\":\"ListItem\",\"position\":1,\"name\":\"Home\",\"item\":\"https:\/\/sandzakpress.net\/arhiva\/\"},{\"@type\":\"ListItem\",\"position\":2,\"name\":\"Bo\u0161njaci u dijaspori obilje\u017eavaju sje\u0107anje na 11. jul &#8211; Genocid u Srebrenici\"}]},{\"@type\":\"WebSite\",\"@id\":\"https:\/\/sandzakpress.net\/arhiva\/#website\",\"url\":\"https:\/\/sandzakpress.net\/arhiva\/\",\"name\":\"Sand\u017eak PRESS\",\"description\":\"Prve elektronske novine u Sand\u017eaku\",\"publisher\":{\"@id\":\"https:\/\/sandzakpress.net\/arhiva\/#\/schema\/person\/6e72b67d6e51910a1117b3b483ba20bd\"},\"potentialAction\":[{\"@type\":\"SearchAction\",\"target\":{\"@type\":\"EntryPoint\",\"urlTemplate\":\"https:\/\/sandzakpress.net\/arhiva\/?s={search_term_string}\"},\"query-input\":{\"@type\":\"PropertyValueSpecification\",\"valueRequired\":true,\"valueName\":\"search_term_string\"}}],\"inLanguage\":\"bs-BA\"},{\"@type\":[\"Person\",\"Organization\"],\"@id\":\"https:\/\/sandzakpress.net\/arhiva\/#\/schema\/person\/6e72b67d6e51910a1117b3b483ba20bd\",\"name\":\"Kul\",\"image\":{\"@type\":\"ImageObject\",\"inLanguage\":\"bs-BA\",\"@id\":\"https:\/\/sandzakpress.net\/arhiva\/#\/schema\/person\/image\/\",\"url\":\"https:\/\/secure.gravatar.com\/avatar\/42263f39aa27ac04c43cab85c280eb2e?s=96&d=mm&r=pg\",\"contentUrl\":\"https:\/\/secure.gravatar.com\/avatar\/42263f39aa27ac04c43cab85c280eb2e?s=96&d=mm&r=pg\",\"caption\":\"Kul\"},\"logo\":{\"@id\":\"https:\/\/sandzakpress.net\/arhiva\/#\/schema\/person\/image\/\"}},{\"@type\":\"Person\",\"@id\":\"https:\/\/sandzakpress.net\/arhiva\/#\/schema\/person\/c8baee722073534b583ea7bdb2e36c02\",\"name\":\"bosniak\",\"image\":{\"@type\":\"ImageObject\",\"inLanguage\":\"bs-BA\",\"@id\":\"https:\/\/sandzakpress.net\/arhiva\/#\/schema\/person\/image\/\",\"url\":\"https:\/\/secure.gravatar.com\/avatar\/a04fd330bfe3a36a72a0ad4a6d89fca7?s=96&d=mm&r=pg\",\"contentUrl\":\"https:\/\/secure.gravatar.com\/avatar\/a04fd330bfe3a36a72a0ad4a6d89fca7?s=96&d=mm&r=pg\",\"caption\":\"bosniak\"},\"url\":\"https:\/\/sandzakpress.net\/arhiva\/author\/bosniak\/\"}]}<\/script>\n<!-- \/ Yoast SEO Premium plugin. -->","yoast_head_json":{"title":"Bo\u0161njaci u dijaspori obilje\u017eavaju sje\u0107anje na 11. jul - Genocid u Srebrenici","robots":{"index":"index","follow":"follow","max-snippet":"max-snippet:-1","max-image-preview":"max-image-preview:large","max-video-preview":"max-video-preview:-1"},"canonical":"https:\/\/sandzakpress.net\/arhiva\/bosnjaci-u-dijaspori-obiljezavaju-sjecanje-na-11-jul-genocid-u-srebrenici\/","og_locale":"bs_BA","og_type":"article","og_title":"Bo\u0161njaci u dijaspori obilje\u017eavaju sje\u0107anje na 11. jul - Genocid u Srebrenici","og_description":"Pariz, Luksemburg, Bilefeld &#8211;\u00a0Ove godine u Bo\u0161nja\u010dkoj dijaspori \u0161irom svijeta na razne na\u010dine obilje\u017eavat \u0107e se 11. Jul \u2013 dan kada je u Srebrenici po\u010dinjen genocid nad Bo\u0161njacima.","og_url":"https:\/\/sandzakpress.net\/arhiva\/bosnjaci-u-dijaspori-obiljezavaju-sjecanje-na-11-jul-genocid-u-srebrenici\/","og_site_name":"Sand\u017eak PRESS","article_published_time":"2013-07-06T13:20:50+00:00","og_image":[{"width":616,"height":462,"url":"https:\/\/sandzakpress.net\/arhiva\/wp-content\/uploads\/2013\/07\/Trg-Clairefontaine.jpg","type":"image\/jpeg"}],"author":"bosniak","twitter_card":"summary_large_image","twitter_misc":{"Written by":"bosniak","Est. reading time":"2 minute"},"schema":{"@context":"https:\/\/schema.org","@graph":[{"@type":"Article","@id":"https:\/\/sandzakpress.net\/arhiva\/bosnjaci-u-dijaspori-obiljezavaju-sjecanje-na-11-jul-genocid-u-srebrenici\/#article","isPartOf":{"@id":"https:\/\/sandzakpress.net\/arhiva\/bosnjaci-u-dijaspori-obiljezavaju-sjecanje-na-11-jul-genocid-u-srebrenici\/"},"author":{"name":"bosniak","@id":"https:\/\/sandzakpress.net\/arhiva\/#\/schema\/person\/c8baee722073534b583ea7bdb2e36c02"},"headline":"Bo\u0161njaci u dijaspori obilje\u017eavaju sje\u0107anje na 11. jul &#8211; Genocid u Srebrenici","datePublished":"2013-07-06T13:20:50+00:00","mainEntityOfPage":{"@id":"https:\/\/sandzakpress.net\/arhiva\/bosnjaci-u-dijaspori-obiljezavaju-sjecanje-na-11-jul-genocid-u-srebrenici\/"},"wordCount":375,"commentCount":3,"publisher":{"@id":"https:\/\/sandzakpress.net\/arhiva\/#\/schema\/person\/6e72b67d6e51910a1117b3b483ba20bd"},"image":{"@id":"https:\/\/sandzakpress.net\/arhiva\/bosnjaci-u-dijaspori-obiljezavaju-sjecanje-na-11-jul-genocid-u-srebrenici\/#primaryimage"},"thumbnailUrl":"https:\/\/sandzakpress.net\/arhiva\/wp-content\/uploads\/2013\/07\/Trg-Clairefontaine.jpg","articleSection":["Novi Pazar","Nacija","Njema\u010dka","Francuska","Luksemburg","VIJESTI DANA"],"inLanguage":"bs-BA","potentialAction":[{"@type":"CommentAction","name":"Comment","target":["https:\/\/sandzakpress.net\/arhiva\/bosnjaci-u-dijaspori-obiljezavaju-sjecanje-na-11-jul-genocid-u-srebrenici\/#respond"]}]},{"@type":"WebPage","@id":"https:\/\/sandzakpress.net\/arhiva\/bosnjaci-u-dijaspori-obiljezavaju-sjecanje-na-11-jul-genocid-u-srebrenici\/","url":"https:\/\/sandzakpress.net\/arhiva\/bosnjaci-u-dijaspori-obiljezavaju-sjecanje-na-11-jul-genocid-u-srebrenici\/","name":"Bo\u0161njaci u dijaspori obilje\u017eavaju sje\u0107anje na 11. jul - Genocid u Srebrenici","isPartOf":{"@id":"https:\/\/sandzakpress.net\/arhiva\/#website"},"primaryImageOfPage":{"@id":"https:\/\/sandzakpress.net\/arhiva\/bosnjaci-u-dijaspori-obiljezavaju-sjecanje-na-11-jul-genocid-u-srebrenici\/#primaryimage"},"image":{"@id":"https:\/\/sandzakpress.net\/arhiva\/bosnjaci-u-dijaspori-obiljezavaju-sjecanje-na-11-jul-genocid-u-srebrenici\/#primaryimage"},"thumbnailUrl":"https:\/\/sandzakpress.net\/arhiva\/wp-content\/uploads\/2013\/07\/Trg-Clairefontaine.jpg","datePublished":"2013-07-06T13:20:50+00:00","breadcrumb":{"@id":"https:\/\/sandzakpress.net\/arhiva\/bosnjaci-u-dijaspori-obiljezavaju-sjecanje-na-11-jul-genocid-u-srebrenici\/#breadcrumb"},"inLanguage":"bs-BA","potentialAction":[{"@type":"ReadAction","target":["https:\/\/sandzakpress.net\/arhiva\/bosnjaci-u-dijaspori-obiljezavaju-sjecanje-na-11-jul-genocid-u-srebrenici\/"]}]},{"@type":"ImageObject","inLanguage":"bs-BA","@id":"https:\/\/sandzakpress.net\/arhiva\/bosnjaci-u-dijaspori-obiljezavaju-sjecanje-na-11-jul-genocid-u-srebrenici\/#primaryimage","url":"https:\/\/sandzakpress.net\/arhiva\/wp-content\/uploads\/2013\/07\/Trg-Clairefontaine.jpg","contentUrl":"https:\/\/sandzakpress.net\/arhiva\/wp-content\/uploads\/2013\/07\/Trg-Clairefontaine.jpg","width":616,"height":462},{"@type":"BreadcrumbList","@id":"https:\/\/sandzakpress.net\/arhiva\/bosnjaci-u-dijaspori-obiljezavaju-sjecanje-na-11-jul-genocid-u-srebrenici\/#breadcrumb","itemListElement":[{"@type":"ListItem","position":1,"name":"Home","item":"https:\/\/sandzakpress.net\/arhiva\/"},{"@type":"ListItem","position":2,"name":"Bo\u0161njaci u dijaspori obilje\u017eavaju sje\u0107anje na 11. jul &#8211; Genocid u Srebrenici"}]},{"@type":"WebSite","@id":"https:\/\/sandzakpress.net\/arhiva\/#website","url":"https:\/\/sandzakpress.net\/arhiva\/","name":"Sand\u017eak PRESS","description":"Prve elektronske novine u Sand\u017eaku","publisher":{"@id":"https:\/\/sandzakpress.net\/arhiva\/#\/schema\/person\/6e72b67d6e51910a1117b3b483ba20bd"},"potentialAction":[{"@type":"SearchAction","target":{"@type":"EntryPoint","urlTemplate":"https:\/\/sandzakpress.net\/arhiva\/?s={search_term_string}"},"query-input":{"@type":"PropertyValueSpecification","valueRequired":true,"valueName":"search_term_string"}}],"inLanguage":"bs-BA"},{"@type":["Person","Organization"],"@id":"https:\/\/sandzakpress.net\/arhiva\/#\/schema\/person\/6e72b67d6e51910a1117b3b483ba20bd","name":"Kul","image":{"@type":"ImageObject","inLanguage":"bs-BA","@id":"https:\/\/sandzakpress.net\/arhiva\/#\/schema\/person\/image\/","url":"https:\/\/secure.gravatar.com\/avatar\/42263f39aa27ac04c43cab85c280eb2e?s=96&d=mm&r=pg","contentUrl":"https:\/\/secure.gravatar.com\/avatar\/42263f39aa27ac04c43cab85c280eb2e?s=96&d=mm&r=pg","caption":"Kul"},"logo":{"@id":"https:\/\/sandzakpress.net\/arhiva\/#\/schema\/person\/image\/"}},{"@type":"Person","@id":"https:\/\/sandzakpress.net\/arhiva\/#\/schema\/person\/c8baee722073534b583ea7bdb2e36c02","name":"bosniak","image":{"@type":"ImageObject","inLanguage":"bs-BA","@id":"https:\/\/sandzakpress.net\/arhiva\/#\/schema\/person\/image\/","url":"https:\/\/secure.gravatar.com\/avatar\/a04fd330bfe3a36a72a0ad4a6d89fca7?s=96&d=mm&r=pg","contentUrl":"https:\/\/secure.gravatar.com\/avatar\/a04fd330bfe3a36a72a0ad4a6d89fca7?s=96&d=mm&r=pg","caption":"bosniak"},"url":"https:\/\/sandzakpress.net\/arhiva\/author\/bosniak\/"}]}},"_links":{"self":[{"href":"https:\/\/sandzakpress.net\/arhiva\/wp-json\/wp\/v2\/posts\/81172"}],"collection":[{"href":"https:\/\/sandzakpress.net\/arhiva\/wp-json\/wp\/v2\/posts"}],"about":[{"href":"https:\/\/sandzakpress.net\/arhiva\/wp-json\/wp\/v2\/types\/post"}],"author":[{"embeddable":true,"href":"https:\/\/sandzakpress.net\/arhiva\/wp-json\/wp\/v2\/users\/83"}],"replies":[{"embeddable":true,"href":"https:\/\/sandzakpress.net\/arhiva\/wp-json\/wp\/v2\/comments?post=81172"}],"version-history":[{"count":0,"href":"https:\/\/sandzakpress.net\/arhiva\/wp-json\/wp\/v2\/posts\/81172\/revisions"}],"wp:featuredmedia":[{"embeddable":true,"href":"https:\/\/sandzakpress.net\/arhiva\/wp-json\/wp\/v2\/media\/81173"}],"wp:attachment":[{"href":"https:\/\/sandzakpress.net\/arhiva\/wp-json\/wp\/v2\/media?parent=81172"}],"wp:term":[{"taxonomy":"category","embeddable":true,"href":"https:\/\/sandzakpress.net\/arhiva\/wp-json\/wp\/v2\/categories?post=81172"},{"taxonomy":"post_tag","embeddable":true,"href":"https:\/\/sandzakpress.net\/arhiva\/wp-json\/wp\/v2\/tags?post=81172"}],"curies":[{"name":"wp","href":"https:\/\/api.w.org\/{rel}","templated":true}]}}