{"id":8113,"date":"2010-09-16T07:30:03","date_gmt":"2010-09-16T07:30:03","guid":{"rendered":"https:\/\/sandzakpress.net\/arhiva\/?p=8113"},"modified":"2010-09-16T14:34:32","modified_gmt":"2010-09-16T14:34:32","slug":"sirijske-vlasti-joj-utrle-tragove-zbog-podrske-palestini","status":"publish","type":"post","link":"https:\/\/sandzakpress.net\/arhiva\/sirijske-vlasti-joj-utrle-tragove-zbog-podrske-palestini\/","title":{"rendered":"Sirijske vlasti joj utrle tragove zbog podr\u0161ke Palestini"},"content":{"rendered":"<p><strong><a href=\"https:\/\/sandzakpress.net\/arhiva\/wp-content\/uploads\/2010\/09\/dal_1.jpg\"><img loading=\"lazy\" decoding=\"async\" class=\"alignleft size-medium wp-image-8114\" title=\"dal_1\" src=\"https:\/\/sandzakpress.net\/arhiva\/wp-content\/uploads\/2010\/09\/dal_1-300x200.jpg\" alt=\"\" width=\"300\" height=\"200\" \/><\/a>Sirija &#8211; Majka blogerke Tal el Molouhi iz Sirije uputila je molbu sirijskom predsjedniku Ba\u0161aru el Assadu za osloba\u0111anje njene k\u0107erke nakon \u0161to nije uspjela da dobije informacije o njenom mjestu boravka ili razlogu njenog hap\u0161enja.<\/strong><\/p>\n<p>Majka Tal el Molouhi u pismu je zamolila predsjednika da intervenira kako bi osigurao osloba\u0111anje njene k\u0107erke nagla\u0161avaju\u0107i da ona ne zna ni\u0161ta o politici.<\/p>\n<p>Molouhi, 19-godi\u0161nja u\u010denica, uhap\u0161ena je u decembru navodno zbog njenog bloga u kojem je objavljivala pjesme i \u010dlanke koji podr\u017eavaju palestinske ciljeve i kritiziraju francusku inicijativu za postizanje mira izme\u0111u Izraela i Sirije.<\/p>\n<p>Nakon \u0161to je Moulouhi uhap\u0161ena, bezbjedonosne snage pretra\u017eile su njenu ku\u0107u i konfiskovali njen kompjuter. Od tada niko nije \u010duo za nju, porodici nije dopu\u0161teno da je posjeti i slu\u017ebeno ispitivanje nije sprovedeno.<\/p>\n<p>U pismu, objavljenom na internet stranicama neovisne sirijske organizacije &#8220;Opservatorij za ljudska prava&#8221;, majka je izjavila kako je poku\u0161ala preko svih mogu\u0107ih kanala saznati gdje joj je k\u0107er pritvorena ili makar saznati razloge hap\u0161enja, ali bez uspjeha.<\/p>\n<p>&#8220;Napokon sam dobila obe\u0107anje od jednog sigurnosnog odjela da \u0107e moja k\u0107er biti pu\u0161tena prije ramazana&#8221;, pi\u0161e majka. &#8220;Sada je ramazan pro\u0161ao i jo\u0161 uvijek ni\u0161ta ne znamo o njoj.&#8221;<\/p>\n<p>U svom pismu majka je izrazila o\u010daj porodice koja pati nakon \u0161to Molouhi uhap\u0161ena.<\/p>\n<p>&#8220;Ne postoje rije\u010di koje bi opisale nesre\u0107u koja je sna\u0161la cijelu na\u0161u porodicu i koli\u010dinu patnje kroz koju prolazimo.&#8221;<\/p>\n<p>Molouhina majka je dodala da njena k\u0107i voli svoju zemlju i da pi\u0161e sve \u0161to joj dolazi u misli, iskreno, bez lo\u0161e namjere i bez namjere mije\u0161anja u politiku.<\/p>\n<p>&#8220;Kao oca svih Sirijaca, molim vas da spasite \u017eivot moje k\u0107eri. Ona je vrlo mlada i ne zna ni\u0161ta o politici.&#8221;<\/p>\n<p>U me\u0111uvremenu, Arapska mre\u017ea za informacije o ljudskim pravima izjavila je da hap\u0161enje Malouhijeve zbog pjesama postavljenih na blog izaziva zabrinutost za njenu sigurnost i njezinu budu\u0107nost.<\/p>\n<p>&#8220;Hap\u0161enje mlade u\u010denice koja nije zavr\u0161ila ni srednju \u0161kolu zbog pjesama koje ne sadr\u017ee ni\u0161ta protivzakonito je iznimno o\u0161tra akcija&#8221;, stoji u saop\u0107enju na internet stranici Mre\u017ee.<\/p>\n<p>Na nekoliko internet stranica kru\u017ei nepotvr\u0111ena vijest da je Molouhi mu\u010dena do smrti u pritvoru.<\/p>\n<p>&#8220;Do sada mi ne znamo \u0161to se dogodilo s Tal el Molouhi i postoje glasine u Siriji da je umrla nakon \u0161to su je brutalno mu\u010dili&#8221;,\u00a0 rekao je bloger Teufik el Telmesani.<\/p>\n<p>Vijest o Molouhinoj smrti objavljena je na Facebook stranici Demokratskog arapskog centra za strate\u0161ke, politi\u010dke i ekonomske studije<\/p>\n<p>Uprkos zahtjevima da potvrdi ili zanije\u010de vijesti, sirijska vlada nema komentara. Sirijske vlasti rijetko daju izjave o politi\u010dkim hap\u0161enjima.<\/p>\n<p>Da podsjetimo, u Siriji vlada jednopartijski sistem i bavljenje politikom od strane gra\u0111ana se brutalno ka\u017enjava.<\/p>\n<p><object classid=\"clsid:d27cdb6e-ae6d-11cf-96b8-444553540000\" width=\"616\" height=\"500\" codebase=\"http:\/\/download.macromedia.com\/pub\/shockwave\/cabs\/flash\/swflash.cab#version=6,0,40,0\"><param name=\"allowFullScreen\" value=\"true\" \/><param name=\"allowscriptaccess\" value=\"always\" \/><param name=\"src\" value=\"http:\/\/www.youtube.com\/v\/BKJejbY9NLU?fs=1&amp;hl=en_US\" \/><param name=\"allowfullscreen\" value=\"true\" \/><embed type=\"application\/x-shockwave-flash\" width=\"616\" height=\"500\" src=\"http:\/\/www.youtube.com\/v\/BKJejbY9NLU?fs=1&amp;hl=en_US\" allowscriptaccess=\"always\" allowfullscreen=\"true\"><\/embed><\/object><\/p>\n<p>Izvor: <strong>IslamBosna.ba<\/strong><\/p>\n","protected":false},"excerpt":{"rendered":"<p>Sirija &#8211; Majka blogerke Tal el Molouhi iz Sirije uputila je molbu sirijskom predsjedniku Ba\u0161aru el Assadu za osloba\u0111anje njene k\u0107erke nakon \u0161to nije uspjela da dobije informacije o njenom mjestu boravka ili razlogu njenog hap\u0161enja. Majka Tal el Molouhi u pismu je zamolila predsjednika da intervenira kako bi osigurao osloba\u0111anje njene k\u0107erke nagla\u0161avaju\u0107i da [&hellip;]<\/p>\n","protected":false},"author":83,"featured_media":8114,"comment_status":"open","ping_status":"open","sticky":false,"template":"","format":"standard","meta":{"footnotes":""},"categories":[9],"tags":[],"class_list":{"0":"post-8113","1":"post","2":"type-post","3":"status-publish","4":"format-standard","5":"has-post-thumbnail","7":"category-svijet"},"yoast_head":"<!-- This site is optimized with the Yoast SEO Premium plugin v23.1 (Yoast SEO v24.9) - https:\/\/yoast.com\/wordpress\/plugins\/seo\/ -->\n<title>Sirijske vlasti joj utrle tragove zbog podr\u0161ke Palestini<\/title>\n<meta name=\"robots\" content=\"index, follow, max-snippet:-1, max-image-preview:large, max-video-preview:-1\" \/>\n<link rel=\"canonical\" href=\"https:\/\/sandzakpress.net\/arhiva\/sirijske-vlasti-joj-utrle-tragove-zbog-podrske-palestini\/\" \/>\n<meta property=\"og:locale\" content=\"bs_BA\" \/>\n<meta property=\"og:type\" content=\"article\" \/>\n<meta property=\"og:title\" content=\"Sirijske vlasti joj utrle tragove zbog podr\u0161ke Palestini\" \/>\n<meta property=\"og:description\" content=\"Sirija &#8211; Majka blogerke Tal el Molouhi iz Sirije uputila je molbu sirijskom predsjedniku Ba\u0161aru el Assadu za osloba\u0111anje njene k\u0107erke nakon \u0161to nije uspjela da dobije informacije o njenom mjestu boravka ili razlogu njenog hap\u0161enja. Majka Tal el Molouhi u pismu je zamolila predsjednika da intervenira kako bi osigurao osloba\u0111anje njene k\u0107erke nagla\u0161avaju\u0107i da [&hellip;]\" \/>\n<meta property=\"og:url\" content=\"https:\/\/sandzakpress.net\/arhiva\/sirijske-vlasti-joj-utrle-tragove-zbog-podrske-palestini\/\" \/>\n<meta property=\"og:site_name\" content=\"Sand\u017eak PRESS\" \/>\n<meta property=\"article:published_time\" content=\"2010-09-16T07:30:03+00:00\" \/>\n<meta property=\"article:modified_time\" content=\"2010-09-16T14:34:32+00:00\" \/>\n<meta property=\"og:image\" content=\"https:\/\/sandzakpress.net\/arhiva\/wp-content\/uploads\/2010\/09\/dal_1.jpg\" \/>\n\t<meta property=\"og:image:width\" content=\"330\" \/>\n\t<meta property=\"og:image:height\" content=\"220\" \/>\n\t<meta property=\"og:image:type\" content=\"image\/jpeg\" \/>\n<meta name=\"author\" content=\"bosniak\" \/>\n<meta name=\"twitter:card\" content=\"summary_large_image\" \/>\n<meta name=\"twitter:label1\" content=\"Written by\" \/>\n\t<meta name=\"twitter:data1\" content=\"bosniak\" \/>\n\t<meta name=\"twitter:label2\" content=\"Est. reading time\" \/>\n\t<meta name=\"twitter:data2\" content=\"2 minute\" \/>\n<script type=\"application\/ld+json\" class=\"yoast-schema-graph\">{\"@context\":\"https:\/\/schema.org\",\"@graph\":[{\"@type\":\"Article\",\"@id\":\"https:\/\/sandzakpress.net\/arhiva\/sirijske-vlasti-joj-utrle-tragove-zbog-podrske-palestini\/#article\",\"isPartOf\":{\"@id\":\"https:\/\/sandzakpress.net\/arhiva\/sirijske-vlasti-joj-utrle-tragove-zbog-podrske-palestini\/\"},\"author\":{\"name\":\"bosniak\",\"@id\":\"https:\/\/sandzakpress.net\/arhiva\/#\/schema\/person\/c8baee722073534b583ea7bdb2e36c02\"},\"headline\":\"Sirijske vlasti joj utrle tragove zbog podr\u0161ke Palestini\",\"datePublished\":\"2010-09-16T07:30:03+00:00\",\"dateModified\":\"2010-09-16T14:34:32+00:00\",\"mainEntityOfPage\":{\"@id\":\"https:\/\/sandzakpress.net\/arhiva\/sirijske-vlasti-joj-utrle-tragove-zbog-podrske-palestini\/\"},\"wordCount\":508,\"commentCount\":0,\"publisher\":{\"@id\":\"https:\/\/sandzakpress.net\/arhiva\/#\/schema\/person\/6e72b67d6e51910a1117b3b483ba20bd\"},\"image\":{\"@id\":\"https:\/\/sandzakpress.net\/arhiva\/sirijske-vlasti-joj-utrle-tragove-zbog-podrske-palestini\/#primaryimage\"},\"thumbnailUrl\":\"https:\/\/sandzakpress.net\/arhiva\/wp-content\/uploads\/2010\/09\/dal_1.jpg\",\"articleSection\":[\"Svijet\"],\"inLanguage\":\"bs-BA\",\"potentialAction\":[{\"@type\":\"CommentAction\",\"name\":\"Comment\",\"target\":[\"https:\/\/sandzakpress.net\/arhiva\/sirijske-vlasti-joj-utrle-tragove-zbog-podrske-palestini\/#respond\"]}]},{\"@type\":\"WebPage\",\"@id\":\"https:\/\/sandzakpress.net\/arhiva\/sirijske-vlasti-joj-utrle-tragove-zbog-podrske-palestini\/\",\"url\":\"https:\/\/sandzakpress.net\/arhiva\/sirijske-vlasti-joj-utrle-tragove-zbog-podrske-palestini\/\",\"name\":\"Sirijske vlasti joj utrle tragove zbog podr\u0161ke Palestini\",\"isPartOf\":{\"@id\":\"https:\/\/sandzakpress.net\/arhiva\/#website\"},\"primaryImageOfPage\":{\"@id\":\"https:\/\/sandzakpress.net\/arhiva\/sirijske-vlasti-joj-utrle-tragove-zbog-podrske-palestini\/#primaryimage\"},\"image\":{\"@id\":\"https:\/\/sandzakpress.net\/arhiva\/sirijske-vlasti-joj-utrle-tragove-zbog-podrske-palestini\/#primaryimage\"},\"thumbnailUrl\":\"https:\/\/sandzakpress.net\/arhiva\/wp-content\/uploads\/2010\/09\/dal_1.jpg\",\"datePublished\":\"2010-09-16T07:30:03+00:00\",\"dateModified\":\"2010-09-16T14:34:32+00:00\",\"breadcrumb\":{\"@id\":\"https:\/\/sandzakpress.net\/arhiva\/sirijske-vlasti-joj-utrle-tragove-zbog-podrske-palestini\/#breadcrumb\"},\"inLanguage\":\"bs-BA\",\"potentialAction\":[{\"@type\":\"ReadAction\",\"target\":[\"https:\/\/sandzakpress.net\/arhiva\/sirijske-vlasti-joj-utrle-tragove-zbog-podrske-palestini\/\"]}]},{\"@type\":\"ImageObject\",\"inLanguage\":\"bs-BA\",\"@id\":\"https:\/\/sandzakpress.net\/arhiva\/sirijske-vlasti-joj-utrle-tragove-zbog-podrske-palestini\/#primaryimage\",\"url\":\"https:\/\/sandzakpress.net\/arhiva\/wp-content\/uploads\/2010\/09\/dal_1.jpg\",\"contentUrl\":\"https:\/\/sandzakpress.net\/arhiva\/wp-content\/uploads\/2010\/09\/dal_1.jpg\",\"width\":330,\"height\":220},{\"@type\":\"BreadcrumbList\",\"@id\":\"https:\/\/sandzakpress.net\/arhiva\/sirijske-vlasti-joj-utrle-tragove-zbog-podrske-palestini\/#breadcrumb\",\"itemListElement\":[{\"@type\":\"ListItem\",\"position\":1,\"name\":\"Home\",\"item\":\"https:\/\/sandzakpress.net\/arhiva\/\"},{\"@type\":\"ListItem\",\"position\":2,\"name\":\"Sirijske vlasti joj utrle tragove zbog podr\u0161ke Palestini\"}]},{\"@type\":\"WebSite\",\"@id\":\"https:\/\/sandzakpress.net\/arhiva\/#website\",\"url\":\"https:\/\/sandzakpress.net\/arhiva\/\",\"name\":\"Sand\u017eak PRESS\",\"description\":\"Prve elektronske novine u Sand\u017eaku\",\"publisher\":{\"@id\":\"https:\/\/sandzakpress.net\/arhiva\/#\/schema\/person\/6e72b67d6e51910a1117b3b483ba20bd\"},\"potentialAction\":[{\"@type\":\"SearchAction\",\"target\":{\"@type\":\"EntryPoint\",\"urlTemplate\":\"https:\/\/sandzakpress.net\/arhiva\/?s={search_term_string}\"},\"query-input\":{\"@type\":\"PropertyValueSpecification\",\"valueRequired\":true,\"valueName\":\"search_term_string\"}}],\"inLanguage\":\"bs-BA\"},{\"@type\":[\"Person\",\"Organization\"],\"@id\":\"https:\/\/sandzakpress.net\/arhiva\/#\/schema\/person\/6e72b67d6e51910a1117b3b483ba20bd\",\"name\":\"Kul\",\"image\":{\"@type\":\"ImageObject\",\"inLanguage\":\"bs-BA\",\"@id\":\"https:\/\/sandzakpress.net\/arhiva\/#\/schema\/person\/image\/\",\"url\":\"https:\/\/secure.gravatar.com\/avatar\/42263f39aa27ac04c43cab85c280eb2e?s=96&d=mm&r=pg\",\"contentUrl\":\"https:\/\/secure.gravatar.com\/avatar\/42263f39aa27ac04c43cab85c280eb2e?s=96&d=mm&r=pg\",\"caption\":\"Kul\"},\"logo\":{\"@id\":\"https:\/\/sandzakpress.net\/arhiva\/#\/schema\/person\/image\/\"}},{\"@type\":\"Person\",\"@id\":\"https:\/\/sandzakpress.net\/arhiva\/#\/schema\/person\/c8baee722073534b583ea7bdb2e36c02\",\"name\":\"bosniak\",\"image\":{\"@type\":\"ImageObject\",\"inLanguage\":\"bs-BA\",\"@id\":\"https:\/\/sandzakpress.net\/arhiva\/#\/schema\/person\/image\/\",\"url\":\"https:\/\/secure.gravatar.com\/avatar\/a04fd330bfe3a36a72a0ad4a6d89fca7?s=96&d=mm&r=pg\",\"contentUrl\":\"https:\/\/secure.gravatar.com\/avatar\/a04fd330bfe3a36a72a0ad4a6d89fca7?s=96&d=mm&r=pg\",\"caption\":\"bosniak\"},\"url\":\"https:\/\/sandzakpress.net\/arhiva\/author\/bosniak\/\"}]}<\/script>\n<!-- \/ Yoast SEO Premium plugin. -->","yoast_head_json":{"title":"Sirijske vlasti joj utrle tragove zbog podr\u0161ke Palestini","robots":{"index":"index","follow":"follow","max-snippet":"max-snippet:-1","max-image-preview":"max-image-preview:large","max-video-preview":"max-video-preview:-1"},"canonical":"https:\/\/sandzakpress.net\/arhiva\/sirijske-vlasti-joj-utrle-tragove-zbog-podrske-palestini\/","og_locale":"bs_BA","og_type":"article","og_title":"Sirijske vlasti joj utrle tragove zbog podr\u0161ke Palestini","og_description":"Sirija &#8211; Majka blogerke Tal el Molouhi iz Sirije uputila je molbu sirijskom predsjedniku Ba\u0161aru el Assadu za osloba\u0111anje njene k\u0107erke nakon \u0161to nije uspjela da dobije informacije o njenom mjestu boravka ili razlogu njenog hap\u0161enja. Majka Tal el Molouhi u pismu je zamolila predsjednika da intervenira kako bi osigurao osloba\u0111anje njene k\u0107erke nagla\u0161avaju\u0107i da [&hellip;]","og_url":"https:\/\/sandzakpress.net\/arhiva\/sirijske-vlasti-joj-utrle-tragove-zbog-podrske-palestini\/","og_site_name":"Sand\u017eak PRESS","article_published_time":"2010-09-16T07:30:03+00:00","article_modified_time":"2010-09-16T14:34:32+00:00","og_image":[{"width":330,"height":220,"url":"https:\/\/sandzakpress.net\/arhiva\/wp-content\/uploads\/2010\/09\/dal_1.jpg","type":"image\/jpeg"}],"author":"bosniak","twitter_card":"summary_large_image","twitter_misc":{"Written by":"bosniak","Est. reading time":"2 minute"},"schema":{"@context":"https:\/\/schema.org","@graph":[{"@type":"Article","@id":"https:\/\/sandzakpress.net\/arhiva\/sirijske-vlasti-joj-utrle-tragove-zbog-podrske-palestini\/#article","isPartOf":{"@id":"https:\/\/sandzakpress.net\/arhiva\/sirijske-vlasti-joj-utrle-tragove-zbog-podrske-palestini\/"},"author":{"name":"bosniak","@id":"https:\/\/sandzakpress.net\/arhiva\/#\/schema\/person\/c8baee722073534b583ea7bdb2e36c02"},"headline":"Sirijske vlasti joj utrle tragove zbog podr\u0161ke Palestini","datePublished":"2010-09-16T07:30:03+00:00","dateModified":"2010-09-16T14:34:32+00:00","mainEntityOfPage":{"@id":"https:\/\/sandzakpress.net\/arhiva\/sirijske-vlasti-joj-utrle-tragove-zbog-podrske-palestini\/"},"wordCount":508,"commentCount":0,"publisher":{"@id":"https:\/\/sandzakpress.net\/arhiva\/#\/schema\/person\/6e72b67d6e51910a1117b3b483ba20bd"},"image":{"@id":"https:\/\/sandzakpress.net\/arhiva\/sirijske-vlasti-joj-utrle-tragove-zbog-podrske-palestini\/#primaryimage"},"thumbnailUrl":"https:\/\/sandzakpress.net\/arhiva\/wp-content\/uploads\/2010\/09\/dal_1.jpg","articleSection":["Svijet"],"inLanguage":"bs-BA","potentialAction":[{"@type":"CommentAction","name":"Comment","target":["https:\/\/sandzakpress.net\/arhiva\/sirijske-vlasti-joj-utrle-tragove-zbog-podrske-palestini\/#respond"]}]},{"@type":"WebPage","@id":"https:\/\/sandzakpress.net\/arhiva\/sirijske-vlasti-joj-utrle-tragove-zbog-podrske-palestini\/","url":"https:\/\/sandzakpress.net\/arhiva\/sirijske-vlasti-joj-utrle-tragove-zbog-podrske-palestini\/","name":"Sirijske vlasti joj utrle tragove zbog podr\u0161ke Palestini","isPartOf":{"@id":"https:\/\/sandzakpress.net\/arhiva\/#website"},"primaryImageOfPage":{"@id":"https:\/\/sandzakpress.net\/arhiva\/sirijske-vlasti-joj-utrle-tragove-zbog-podrske-palestini\/#primaryimage"},"image":{"@id":"https:\/\/sandzakpress.net\/arhiva\/sirijske-vlasti-joj-utrle-tragove-zbog-podrske-palestini\/#primaryimage"},"thumbnailUrl":"https:\/\/sandzakpress.net\/arhiva\/wp-content\/uploads\/2010\/09\/dal_1.jpg","datePublished":"2010-09-16T07:30:03+00:00","dateModified":"2010-09-16T14:34:32+00:00","breadcrumb":{"@id":"https:\/\/sandzakpress.net\/arhiva\/sirijske-vlasti-joj-utrle-tragove-zbog-podrske-palestini\/#breadcrumb"},"inLanguage":"bs-BA","potentialAction":[{"@type":"ReadAction","target":["https:\/\/sandzakpress.net\/arhiva\/sirijske-vlasti-joj-utrle-tragove-zbog-podrske-palestini\/"]}]},{"@type":"ImageObject","inLanguage":"bs-BA","@id":"https:\/\/sandzakpress.net\/arhiva\/sirijske-vlasti-joj-utrle-tragove-zbog-podrske-palestini\/#primaryimage","url":"https:\/\/sandzakpress.net\/arhiva\/wp-content\/uploads\/2010\/09\/dal_1.jpg","contentUrl":"https:\/\/sandzakpress.net\/arhiva\/wp-content\/uploads\/2010\/09\/dal_1.jpg","width":330,"height":220},{"@type":"BreadcrumbList","@id":"https:\/\/sandzakpress.net\/arhiva\/sirijske-vlasti-joj-utrle-tragove-zbog-podrske-palestini\/#breadcrumb","itemListElement":[{"@type":"ListItem","position":1,"name":"Home","item":"https:\/\/sandzakpress.net\/arhiva\/"},{"@type":"ListItem","position":2,"name":"Sirijske vlasti joj utrle tragove zbog podr\u0161ke Palestini"}]},{"@type":"WebSite","@id":"https:\/\/sandzakpress.net\/arhiva\/#website","url":"https:\/\/sandzakpress.net\/arhiva\/","name":"Sand\u017eak PRESS","description":"Prve elektronske novine u Sand\u017eaku","publisher":{"@id":"https:\/\/sandzakpress.net\/arhiva\/#\/schema\/person\/6e72b67d6e51910a1117b3b483ba20bd"},"potentialAction":[{"@type":"SearchAction","target":{"@type":"EntryPoint","urlTemplate":"https:\/\/sandzakpress.net\/arhiva\/?s={search_term_string}"},"query-input":{"@type":"PropertyValueSpecification","valueRequired":true,"valueName":"search_term_string"}}],"inLanguage":"bs-BA"},{"@type":["Person","Organization"],"@id":"https:\/\/sandzakpress.net\/arhiva\/#\/schema\/person\/6e72b67d6e51910a1117b3b483ba20bd","name":"Kul","image":{"@type":"ImageObject","inLanguage":"bs-BA","@id":"https:\/\/sandzakpress.net\/arhiva\/#\/schema\/person\/image\/","url":"https:\/\/secure.gravatar.com\/avatar\/42263f39aa27ac04c43cab85c280eb2e?s=96&d=mm&r=pg","contentUrl":"https:\/\/secure.gravatar.com\/avatar\/42263f39aa27ac04c43cab85c280eb2e?s=96&d=mm&r=pg","caption":"Kul"},"logo":{"@id":"https:\/\/sandzakpress.net\/arhiva\/#\/schema\/person\/image\/"}},{"@type":"Person","@id":"https:\/\/sandzakpress.net\/arhiva\/#\/schema\/person\/c8baee722073534b583ea7bdb2e36c02","name":"bosniak","image":{"@type":"ImageObject","inLanguage":"bs-BA","@id":"https:\/\/sandzakpress.net\/arhiva\/#\/schema\/person\/image\/","url":"https:\/\/secure.gravatar.com\/avatar\/a04fd330bfe3a36a72a0ad4a6d89fca7?s=96&d=mm&r=pg","contentUrl":"https:\/\/secure.gravatar.com\/avatar\/a04fd330bfe3a36a72a0ad4a6d89fca7?s=96&d=mm&r=pg","caption":"bosniak"},"url":"https:\/\/sandzakpress.net\/arhiva\/author\/bosniak\/"}]}},"_links":{"self":[{"href":"https:\/\/sandzakpress.net\/arhiva\/wp-json\/wp\/v2\/posts\/8113"}],"collection":[{"href":"https:\/\/sandzakpress.net\/arhiva\/wp-json\/wp\/v2\/posts"}],"about":[{"href":"https:\/\/sandzakpress.net\/arhiva\/wp-json\/wp\/v2\/types\/post"}],"author":[{"embeddable":true,"href":"https:\/\/sandzakpress.net\/arhiva\/wp-json\/wp\/v2\/users\/83"}],"replies":[{"embeddable":true,"href":"https:\/\/sandzakpress.net\/arhiva\/wp-json\/wp\/v2\/comments?post=8113"}],"version-history":[{"count":0,"href":"https:\/\/sandzakpress.net\/arhiva\/wp-json\/wp\/v2\/posts\/8113\/revisions"}],"wp:featuredmedia":[{"embeddable":true,"href":"https:\/\/sandzakpress.net\/arhiva\/wp-json\/wp\/v2\/media\/8114"}],"wp:attachment":[{"href":"https:\/\/sandzakpress.net\/arhiva\/wp-json\/wp\/v2\/media?parent=8113"}],"wp:term":[{"taxonomy":"category","embeddable":true,"href":"https:\/\/sandzakpress.net\/arhiva\/wp-json\/wp\/v2\/categories?post=8113"},{"taxonomy":"post_tag","embeddable":true,"href":"https:\/\/sandzakpress.net\/arhiva\/wp-json\/wp\/v2\/tags?post=8113"}],"curies":[{"name":"wp","href":"https:\/\/api.w.org\/{rel}","templated":true}]}}