{"id":81086,"date":"2013-07-05T14:33:21","date_gmt":"2013-07-05T12:33:21","guid":{"rendered":"https:\/\/sandzakpress.net\/arhiva\/?p=81086"},"modified":"2013-07-05T14:33:21","modified_gmt":"2013-07-05T12:33:21","slug":"otvoreno-pismo-rasku-konjevicu-ministru-mup-a-crne-gore-od-19-bosnjackih-organizacija","status":"publish","type":"post","link":"https:\/\/sandzakpress.net\/arhiva\/otvoreno-pismo-rasku-konjevicu-ministru-mup-a-crne-gore-od-19-bosnjackih-organizacija\/","title":{"rendered":"Otvoreno pismo Ra\u0161ku Konjevi\u0107u, ministru MUP-a Crne Gore od 19 bo\u0161nja\u010dkih organizacija"},"content":{"rendered":"<p><strong><em><a href=\"https:\/\/sandzakpress.net\/arhiva\/wp-content\/uploads\/2013\/07\/Rasko_Konjevic_ministar_MUP_CG.jpg\"><img loading=\"lazy\" decoding=\"async\" class=\"alignleft size-full wp-image-81085\" title=\"Rasko_Konjevic_ministar_MUP_CG\" src=\"https:\/\/sandzakpress.net\/arhiva\/wp-content\/uploads\/2013\/07\/Rasko_Konjevic_ministar_MUP_CG.jpg\" alt=\"\" width=\"300\" height=\"294\" \/><\/a>-Zahtjev za obustavu kr\u0161enja osnovnih ljudskih prava i sloboda na grani\u010dnim prelazima Crne Gore<br \/>\n-Zahtjev za uspostavljanje posebnog (olak\u0161avaju\u0107eg) re\u017eima kontrole za gra\u0111ane CG na grani\u010dnim prelazima u Crnoj Gori po ugledu na zemlje iz okru\u017eenja (Hrvatska) te ostale \u010dlanice EU<\/em><\/strong><\/p>\n<p>Po\u0161tovani gospodine ministre,<\/p>\n<p><strong>\u017delim da u ime dijaspore te u svoje li\u010dno ime izrazim najo\u0161triji protest zbog permanentnog kr\u0161enja ljudskih prava i sloboda na crnogorskim grani\u010dnim prelazima. <\/strong><\/p>\n<p>Pravo na privatnost pripada grupi osnovnih ljudskih prava i sloboda i utemeljeno je u svim demokratskim sistemima. Ovo pravo se mo\u017ee samo u iznimnim situacijama uskratiti poput u situaciji krivi\u010dnog gonjenja. Evropski sud za ljudska prava djelomi\u010dno ograni\u010dava ovo pravo javnim li\u010dnostima. U ostalim slu\u010dajevima je ono neprikosnoveno i po\u0161tovanje ovog elementarnog ljudskog prava predstavlja odraz stanja demokratije u jednom dru\u0161tvu.<\/p>\n<p>Lice koje ne \u017eeli da saop\u0161ti svoju privatnost, na primjer cilj svog putovanja, ne mo\u017ee se prisiliti na to niti mu se zbog toga mogu uskratiti druga ljudska prava i slobode, na primjer sloboda kretanja. Evidentna je praksa da se gra\u0111ani Crne Gore, uglavnom Bo\u0161njaci i Albanci, propituju gdje putuju, \u0161to kod selektivne primjene isklju\u010divo prema ovim nacionalnim grupama, predstavlja grubo kr\u0161enje ljudskih prava i ljudskog dostojanstva te podsje\u0107a na period ranih devedesetih na koji se definitivno ne smije niti mo\u017ee biti ponosan.<\/p>\n<p>Unaprijed se izja\u0161njavamo da ne prihvatamo argumentaciju tipa neophodnosti radi ispunjavanja medjunarodnih obaveza kao na primjer spre\u010davanje putovanja u svrhu podno\u0161enja zahtjeva za azil u inostranstvu i sli\u010dno, iz razloga selektivne primjene prema manjinskim narodima, uglavnom Bo\u0161njacima i Albancima, kao i iz razloga \u0161to se \u201epropitivanje\u201c vr\u0161i i prema onim licima koji imaju stalne boravke u zemljama prijema \u0161irom zapadne Evrope i SAD. U slu\u010dajevima odbijanja pristajanja na ga\u017eenje dostojanstva i ljudskih prava i sloboda, primjenom represivnih mjera &#8211; zastra\u0161ivanjem i prijetnjama te sprovodjenjem u slu\u017ebene prostorije, vr\u0161i se matletiranje gradjana.<\/p>\n<p>Konkretan povod je iskustvo sa slu\u017ebenicom MUP-a na aerodromu u Podgorici, 1.jula oko 16:10 sati kada je ista zaprijetila ukidanjem prava na slobodu kretanja ukoliko se ne saop\u0161ti cilj putovanja te<span style=\"text-decoration: underline;\"><strong> \u201estrogom i drskom\u201c intonacijom, odstranjivanjem od ostalih putnika i sprovodjenjem u slu\u017ebene prostorije<\/strong><\/span> izvr\u0161ila poni\u017eavanje prema onome ko se usprotivio ovakvom na\u010dinu ophodjenja, pozivaju\u0107i se na zakon koji navodno dozvoljava slu\u017ebenicima MUP-a ukidanje slobode kretanja, ina\u010de jednog od osnovnih ljudskih prava i sloboda zagarantovanih Ustavom i zakonima kao i medjunarodnom poveljom UN-a. Da podsjetim, ovo pitanje se postavlja selektivno, uglavnom prema pripadnicima manjinskih naroda i to je stvar objektivnog zapa\u017eanja i izjava na\u0161ih \u010dlanova iz li\u010dnog iskustva.<\/p>\n<p>Smatramo da Vi kao ministar imate i na\u010dina i mogu\u0107nosti da odgovaraju\u0107om uredbom ukinete ovu praksu koja vjerujte mi, stavara izuzetno ru\u017enu sliku o Crnoj Gori, te da eventuelno dodatnim instrukcijama pripadnicima MUP-a na grani\u010dnim prelazima omogu\u0107ite bolju prohodnost a samim tim i doprinesete smanjivanju gu\u017evi na grani\u010dnim prelazima, \u0161to dodatno iritira crnogorsku dijasporu. Za razliku od turista iz susjednih dr\u017eava i koji bi takodje trebali biti obuhva\u0107eni ovim olak\u0161avanjima, gra\u0111ani iz emigracije prije dolaska na granicu Crne Gore prethodno prevale put u prosjeku od oko 2000 km, te je za iste neshvatljiv odnos crnogorske policije prema svojim gra\u0111anima koji su prinudjeni na ljetnjoj \u017eegi provoditi i satima na granici, kako bi njihov ulazak\/izlazak iz Crne Gore bio evidentiran. Prethodno su prevalili vi\u0161e grani\u010dnih prelaza na kojima nije bilo ozbiljnijih zadr\u017eavanja. \u0160ta vi\u0161e, na svim grani\u010dnim prelazima je re\u017eim kontrole pode\u0161en tako da putnici iz sopstvenih dr\u017eava kao i putnici iz zemalja EU (ako je doti\u010dna dr\u017eava i njena \u010dlanica) pod olak\u0161avaju\u0107im okolnostima koriste dodatne propusnije kontrolne punktove, dok je jedino u Crnoj Gori obrnuta praksa da njeni gradjani bivaju izlo\u017eeni detaljnijim pregledima i moraju u red sa svima ostalima.<\/p>\n<p>\u017delimo da Vas podsjetimo da je davne 2004. godine tada\u0161nji ministar MUP-a zabranio \u201epresretanje\u201c dijaspore na drumovima kada su voza\u010di vozila sa stranim registarskim oznakama ni\u010dim izazvani na putu od Bijelog Polja do Podgorice po 5-6 puta \u201erutinski\u201c kontrolisani i obavezno nov\u010dano ka\u017enjavani. Takvo zalaganje i stav dr\u017eavnih organa, dijaspora je znala da pozdravi.<\/p>\n<p><strong><span style=\"text-decoration: underline;\">Pobolj\u0161anjem uslova re\u017eima na granici Crne Gore izbjegle bi se neprijatnosti kao i pobolj\u0161ao protok ljudi na grani\u010dnim prelazima.<\/span><\/strong><\/p>\n<p>Nadamo se da \u0107emo i nakon Va\u0161eg zalaganja imati prilike da pozdravimo ulogu MUP-a kod rje\u0161avanja ovog i sli\u010dnih problema, stoji u otvorenom pismu koje je potpisao\u00a0<strong>Zaim \u010celebi\u0107,<\/strong> predsjednik HG Sand\u017eak EUREGIO sa sjedi\u0161tem u Aachenu i predstavnici\u00a0<strong>organizacija koja podr\u017eavaju ovaj zahtjev:<\/strong><\/p>\n<p>HG Sand\u017eak-Euregio &#8211; Aachen-Zaim \u010celebi\u0107<br \/>\nBo\u0161nja\u010dka kulturna zajednica Crne Gore &#8211; Hazbija Kala\u010d<br \/>\nUdru\u017eenje Bo\u0161njakinja Evrope-Frankfurt am Main-Elifa Krije\u0161torac<br \/>\nBo\u0161nja\u010dka kulturna zajednica Belgije-Ned\u017ead \u0106eman<br \/>\nBo\u0161nja\u010dki kulturni centar- Aachen-Dino Gegi\u0107<br \/>\nEvropska dijaspora Bo\u0161njaka-Dortmund- Faik Hod\u017ei\u0107<br \/>\nZajednica Sand\u017ea\u010dke dijaspore \u0160vajcarske<br \/>\nRedakcija Bo\u0161njaci.net- Esad Krci\u0107<br \/>\nBo\u0161nja\u010dka kulturna zajednica New York &#8211; Ismet Pjetrovic<br \/>\nZajednica sand\u017ea\u010dke dijaspore Holandije &#8211; Enes Nuhovi\u0107<br \/>\nBo\u0161nja\u010dka kulturna zajednica Crne Gore &#8211; Hazbija Kala\u010d<br \/>\nOdbor \u0160ehidske d\u017eamije New York &#8211; Dr. Mersim Ziljki\u0107<br \/>\nBKZ Luksemburg &#8211; Faruk Li\u010dina<br \/>\nGrupa gradjana Luksemburg &#8211; Sulejman Ali\u010dkovi\u0107<br \/>\nPredstavni\u0161tvo Sand\u017eak u S.A.D. &#8211; Smajle Srdanovi\u0107<br \/>\nCooperation Luxembourg Montenegro-Munir Ramdedovi\u0107<br \/>\nKSV Montenegro-Aachen-Izet Beganovi\u0107<br \/>\nPlavsko-Gusinjski Merhamet-Njema\u010dka-Beka Selimanjin<\/p>\n","protected":false},"excerpt":{"rendered":"<p>-Zahtjev za obustavu kr\u0161enja osnovnih ljudskih prava i sloboda na grani\u010dnim prelazima Crne Gore -Zahtjev za uspostavljanje posebnog (olak\u0161avaju\u0107eg) re\u017eima kontrole za gra\u0111ane CG na grani\u010dnim prelazima u Crnoj Gori po ugledu na zemlje iz okru\u017eenja (Hrvatska) te ostale \u010dlanice EU Po\u0161tovani gospodine ministre, \u017delim da u ime dijaspore te u svoje li\u010dno ime izrazim [&hellip;]<\/p>\n","protected":false},"author":83,"featured_media":81085,"comment_status":"open","ping_status":"open","sticky":false,"template":"","format":"standard","meta":{"footnotes":""},"categories":[398,800,3012,9538,397,10174,9544,396,395,399,10173,9548,9545,9549,8957],"tags":[],"class_list":{"0":"post-81086","1":"post","2":"type-post","3":"status-publish","4":"format-standard","5":"has-post-thumbnail","7":"category-rozaje","8":"category-nacija","9":"category-amerika-gradovi","10":"category-njemacka-dijaspora-gradovi-vase-vijesti","11":"category-berane","12":"category-petnjica-vase-vijesti","13":"category-svicarska-dijaspora-gradovi-vase-vijesti","14":"category-bijelo_polje","15":"category-pljevlja_","16":"category-plav_","17":"category-gusinje-vase-vijesti","18":"category-belgija-dijaspora-gradovi-vase-vijesti","19":"category-holandija-dijaspora-gradovi-vase-vijesti","20":"category-luxemburg","21":"category-vijesti-dana"},"yoast_head":"<!-- This site is optimized with the Yoast SEO Premium plugin v23.1 (Yoast SEO v24.9) - https:\/\/yoast.com\/wordpress\/plugins\/seo\/ -->\n<title>Otvoreno pismo Ra\u0161ku Konjevi\u0107u, ministru MUP-a Crne Gore od 19 bo\u0161nja\u010dkih organizacija<\/title>\n<meta name=\"robots\" content=\"index, follow, max-snippet:-1, max-image-preview:large, max-video-preview:-1\" \/>\n<link rel=\"canonical\" href=\"https:\/\/sandzakpress.net\/arhiva\/otvoreno-pismo-rasku-konjevicu-ministru-mup-a-crne-gore-od-19-bosnjackih-organizacija\/\" \/>\n<meta property=\"og:locale\" content=\"bs_BA\" \/>\n<meta property=\"og:type\" content=\"article\" \/>\n<meta property=\"og:title\" content=\"Otvoreno pismo Ra\u0161ku Konjevi\u0107u, ministru MUP-a Crne Gore od 19 bo\u0161nja\u010dkih organizacija\" \/>\n<meta property=\"og:description\" content=\"-Zahtjev za obustavu kr\u0161enja osnovnih ljudskih prava i sloboda na grani\u010dnim prelazima Crne Gore -Zahtjev za uspostavljanje posebnog (olak\u0161avaju\u0107eg) re\u017eima kontrole za gra\u0111ane CG na grani\u010dnim prelazima u Crnoj Gori po ugledu na zemlje iz okru\u017eenja (Hrvatska) te ostale \u010dlanice EU Po\u0161tovani gospodine ministre, \u017delim da u ime dijaspore te u svoje li\u010dno ime izrazim [&hellip;]\" \/>\n<meta property=\"og:url\" content=\"https:\/\/sandzakpress.net\/arhiva\/otvoreno-pismo-rasku-konjevicu-ministru-mup-a-crne-gore-od-19-bosnjackih-organizacija\/\" \/>\n<meta property=\"og:site_name\" content=\"Sand\u017eak PRESS\" \/>\n<meta property=\"article:published_time\" content=\"2013-07-05T12:33:21+00:00\" \/>\n<meta property=\"og:image\" content=\"https:\/\/sandzakpress.net\/arhiva\/wp-content\/uploads\/2013\/07\/Rasko_Konjevic_ministar_MUP_CG.jpg\" \/>\n\t<meta property=\"og:image:width\" content=\"300\" \/>\n\t<meta property=\"og:image:height\" content=\"294\" \/>\n\t<meta property=\"og:image:type\" content=\"image\/jpeg\" \/>\n<meta name=\"author\" content=\"bosniak\" \/>\n<meta name=\"twitter:card\" content=\"summary_large_image\" \/>\n<meta name=\"twitter:label1\" content=\"Written by\" \/>\n\t<meta name=\"twitter:data1\" content=\"bosniak\" \/>\n\t<meta name=\"twitter:label2\" content=\"Est. reading time\" \/>\n\t<meta name=\"twitter:data2\" content=\"5 minuta\" \/>\n<script type=\"application\/ld+json\" class=\"yoast-schema-graph\">{\"@context\":\"https:\/\/schema.org\",\"@graph\":[{\"@type\":\"Article\",\"@id\":\"https:\/\/sandzakpress.net\/arhiva\/otvoreno-pismo-rasku-konjevicu-ministru-mup-a-crne-gore-od-19-bosnjackih-organizacija\/#article\",\"isPartOf\":{\"@id\":\"https:\/\/sandzakpress.net\/arhiva\/otvoreno-pismo-rasku-konjevicu-ministru-mup-a-crne-gore-od-19-bosnjackih-organizacija\/\"},\"author\":{\"name\":\"bosniak\",\"@id\":\"https:\/\/sandzakpress.net\/arhiva\/#\/schema\/person\/c8baee722073534b583ea7bdb2e36c02\"},\"headline\":\"Otvoreno pismo Ra\u0161ku Konjevi\u0107u, ministru MUP-a Crne Gore od 19 bo\u0161nja\u010dkih organizacija\",\"datePublished\":\"2013-07-05T12:33:21+00:00\",\"mainEntityOfPage\":{\"@id\":\"https:\/\/sandzakpress.net\/arhiva\/otvoreno-pismo-rasku-konjevicu-ministru-mup-a-crne-gore-od-19-bosnjackih-organizacija\/\"},\"wordCount\":958,\"commentCount\":3,\"publisher\":{\"@id\":\"https:\/\/sandzakpress.net\/arhiva\/#\/schema\/person\/6e72b67d6e51910a1117b3b483ba20bd\"},\"image\":{\"@id\":\"https:\/\/sandzakpress.net\/arhiva\/otvoreno-pismo-rasku-konjevicu-ministru-mup-a-crne-gore-od-19-bosnjackih-organizacija\/#primaryimage\"},\"thumbnailUrl\":\"https:\/\/sandzakpress.net\/arhiva\/wp-content\/uploads\/2013\/07\/Rasko_Konjevic_ministar_MUP_CG.jpg\",\"articleSection\":[\"Ro\u017eaje\",\"Nacija\",\"Amerika\",\"Njema\u010dka\",\"Berane\",\"Petnjica\",\"\u0160vicarska\",\"Bijelo Polje\",\"Pljevlja\",\"Plav\",\"Gusinje\",\"Belgija\",\"Holandija\",\"Luksemburg\",\"VIJESTI DANA\"],\"inLanguage\":\"bs-BA\",\"potentialAction\":[{\"@type\":\"CommentAction\",\"name\":\"Comment\",\"target\":[\"https:\/\/sandzakpress.net\/arhiva\/otvoreno-pismo-rasku-konjevicu-ministru-mup-a-crne-gore-od-19-bosnjackih-organizacija\/#respond\"]}]},{\"@type\":\"WebPage\",\"@id\":\"https:\/\/sandzakpress.net\/arhiva\/otvoreno-pismo-rasku-konjevicu-ministru-mup-a-crne-gore-od-19-bosnjackih-organizacija\/\",\"url\":\"https:\/\/sandzakpress.net\/arhiva\/otvoreno-pismo-rasku-konjevicu-ministru-mup-a-crne-gore-od-19-bosnjackih-organizacija\/\",\"name\":\"Otvoreno pismo Ra\u0161ku Konjevi\u0107u, ministru MUP-a Crne Gore od 19 bo\u0161nja\u010dkih organizacija\",\"isPartOf\":{\"@id\":\"https:\/\/sandzakpress.net\/arhiva\/#website\"},\"primaryImageOfPage\":{\"@id\":\"https:\/\/sandzakpress.net\/arhiva\/otvoreno-pismo-rasku-konjevicu-ministru-mup-a-crne-gore-od-19-bosnjackih-organizacija\/#primaryimage\"},\"image\":{\"@id\":\"https:\/\/sandzakpress.net\/arhiva\/otvoreno-pismo-rasku-konjevicu-ministru-mup-a-crne-gore-od-19-bosnjackih-organizacija\/#primaryimage\"},\"thumbnailUrl\":\"https:\/\/sandzakpress.net\/arhiva\/wp-content\/uploads\/2013\/07\/Rasko_Konjevic_ministar_MUP_CG.jpg\",\"datePublished\":\"2013-07-05T12:33:21+00:00\",\"breadcrumb\":{\"@id\":\"https:\/\/sandzakpress.net\/arhiva\/otvoreno-pismo-rasku-konjevicu-ministru-mup-a-crne-gore-od-19-bosnjackih-organizacija\/#breadcrumb\"},\"inLanguage\":\"bs-BA\",\"potentialAction\":[{\"@type\":\"ReadAction\",\"target\":[\"https:\/\/sandzakpress.net\/arhiva\/otvoreno-pismo-rasku-konjevicu-ministru-mup-a-crne-gore-od-19-bosnjackih-organizacija\/\"]}]},{\"@type\":\"ImageObject\",\"inLanguage\":\"bs-BA\",\"@id\":\"https:\/\/sandzakpress.net\/arhiva\/otvoreno-pismo-rasku-konjevicu-ministru-mup-a-crne-gore-od-19-bosnjackih-organizacija\/#primaryimage\",\"url\":\"https:\/\/sandzakpress.net\/arhiva\/wp-content\/uploads\/2013\/07\/Rasko_Konjevic_ministar_MUP_CG.jpg\",\"contentUrl\":\"https:\/\/sandzakpress.net\/arhiva\/wp-content\/uploads\/2013\/07\/Rasko_Konjevic_ministar_MUP_CG.jpg\",\"width\":300,\"height\":294},{\"@type\":\"BreadcrumbList\",\"@id\":\"https:\/\/sandzakpress.net\/arhiva\/otvoreno-pismo-rasku-konjevicu-ministru-mup-a-crne-gore-od-19-bosnjackih-organizacija\/#breadcrumb\",\"itemListElement\":[{\"@type\":\"ListItem\",\"position\":1,\"name\":\"Home\",\"item\":\"https:\/\/sandzakpress.net\/arhiva\/\"},{\"@type\":\"ListItem\",\"position\":2,\"name\":\"Otvoreno pismo Ra\u0161ku Konjevi\u0107u, ministru MUP-a Crne Gore od 19 bo\u0161nja\u010dkih organizacija\"}]},{\"@type\":\"WebSite\",\"@id\":\"https:\/\/sandzakpress.net\/arhiva\/#website\",\"url\":\"https:\/\/sandzakpress.net\/arhiva\/\",\"name\":\"Sand\u017eak PRESS\",\"description\":\"Prve elektronske novine u Sand\u017eaku\",\"publisher\":{\"@id\":\"https:\/\/sandzakpress.net\/arhiva\/#\/schema\/person\/6e72b67d6e51910a1117b3b483ba20bd\"},\"potentialAction\":[{\"@type\":\"SearchAction\",\"target\":{\"@type\":\"EntryPoint\",\"urlTemplate\":\"https:\/\/sandzakpress.net\/arhiva\/?s={search_term_string}\"},\"query-input\":{\"@type\":\"PropertyValueSpecification\",\"valueRequired\":true,\"valueName\":\"search_term_string\"}}],\"inLanguage\":\"bs-BA\"},{\"@type\":[\"Person\",\"Organization\"],\"@id\":\"https:\/\/sandzakpress.net\/arhiva\/#\/schema\/person\/6e72b67d6e51910a1117b3b483ba20bd\",\"name\":\"Kul\",\"image\":{\"@type\":\"ImageObject\",\"inLanguage\":\"bs-BA\",\"@id\":\"https:\/\/sandzakpress.net\/arhiva\/#\/schema\/person\/image\/\",\"url\":\"https:\/\/secure.gravatar.com\/avatar\/42263f39aa27ac04c43cab85c280eb2e?s=96&d=mm&r=pg\",\"contentUrl\":\"https:\/\/secure.gravatar.com\/avatar\/42263f39aa27ac04c43cab85c280eb2e?s=96&d=mm&r=pg\",\"caption\":\"Kul\"},\"logo\":{\"@id\":\"https:\/\/sandzakpress.net\/arhiva\/#\/schema\/person\/image\/\"}},{\"@type\":\"Person\",\"@id\":\"https:\/\/sandzakpress.net\/arhiva\/#\/schema\/person\/c8baee722073534b583ea7bdb2e36c02\",\"name\":\"bosniak\",\"image\":{\"@type\":\"ImageObject\",\"inLanguage\":\"bs-BA\",\"@id\":\"https:\/\/sandzakpress.net\/arhiva\/#\/schema\/person\/image\/\",\"url\":\"https:\/\/secure.gravatar.com\/avatar\/a04fd330bfe3a36a72a0ad4a6d89fca7?s=96&d=mm&r=pg\",\"contentUrl\":\"https:\/\/secure.gravatar.com\/avatar\/a04fd330bfe3a36a72a0ad4a6d89fca7?s=96&d=mm&r=pg\",\"caption\":\"bosniak\"},\"url\":\"https:\/\/sandzakpress.net\/arhiva\/author\/bosniak\/\"}]}<\/script>\n<!-- \/ Yoast SEO Premium plugin. -->","yoast_head_json":{"title":"Otvoreno pismo Ra\u0161ku Konjevi\u0107u, ministru MUP-a Crne Gore od 19 bo\u0161nja\u010dkih organizacija","robots":{"index":"index","follow":"follow","max-snippet":"max-snippet:-1","max-image-preview":"max-image-preview:large","max-video-preview":"max-video-preview:-1"},"canonical":"https:\/\/sandzakpress.net\/arhiva\/otvoreno-pismo-rasku-konjevicu-ministru-mup-a-crne-gore-od-19-bosnjackih-organizacija\/","og_locale":"bs_BA","og_type":"article","og_title":"Otvoreno pismo Ra\u0161ku Konjevi\u0107u, ministru MUP-a Crne Gore od 19 bo\u0161nja\u010dkih organizacija","og_description":"-Zahtjev za obustavu kr\u0161enja osnovnih ljudskih prava i sloboda na grani\u010dnim prelazima Crne Gore -Zahtjev za uspostavljanje posebnog (olak\u0161avaju\u0107eg) re\u017eima kontrole za gra\u0111ane CG na grani\u010dnim prelazima u Crnoj Gori po ugledu na zemlje iz okru\u017eenja (Hrvatska) te ostale \u010dlanice EU Po\u0161tovani gospodine ministre, \u017delim da u ime dijaspore te u svoje li\u010dno ime izrazim [&hellip;]","og_url":"https:\/\/sandzakpress.net\/arhiva\/otvoreno-pismo-rasku-konjevicu-ministru-mup-a-crne-gore-od-19-bosnjackih-organizacija\/","og_site_name":"Sand\u017eak PRESS","article_published_time":"2013-07-05T12:33:21+00:00","og_image":[{"width":300,"height":294,"url":"https:\/\/sandzakpress.net\/arhiva\/wp-content\/uploads\/2013\/07\/Rasko_Konjevic_ministar_MUP_CG.jpg","type":"image\/jpeg"}],"author":"bosniak","twitter_card":"summary_large_image","twitter_misc":{"Written by":"bosniak","Est. reading time":"5 minuta"},"schema":{"@context":"https:\/\/schema.org","@graph":[{"@type":"Article","@id":"https:\/\/sandzakpress.net\/arhiva\/otvoreno-pismo-rasku-konjevicu-ministru-mup-a-crne-gore-od-19-bosnjackih-organizacija\/#article","isPartOf":{"@id":"https:\/\/sandzakpress.net\/arhiva\/otvoreno-pismo-rasku-konjevicu-ministru-mup-a-crne-gore-od-19-bosnjackih-organizacija\/"},"author":{"name":"bosniak","@id":"https:\/\/sandzakpress.net\/arhiva\/#\/schema\/person\/c8baee722073534b583ea7bdb2e36c02"},"headline":"Otvoreno pismo Ra\u0161ku Konjevi\u0107u, ministru MUP-a Crne Gore od 19 bo\u0161nja\u010dkih organizacija","datePublished":"2013-07-05T12:33:21+00:00","mainEntityOfPage":{"@id":"https:\/\/sandzakpress.net\/arhiva\/otvoreno-pismo-rasku-konjevicu-ministru-mup-a-crne-gore-od-19-bosnjackih-organizacija\/"},"wordCount":958,"commentCount":3,"publisher":{"@id":"https:\/\/sandzakpress.net\/arhiva\/#\/schema\/person\/6e72b67d6e51910a1117b3b483ba20bd"},"image":{"@id":"https:\/\/sandzakpress.net\/arhiva\/otvoreno-pismo-rasku-konjevicu-ministru-mup-a-crne-gore-od-19-bosnjackih-organizacija\/#primaryimage"},"thumbnailUrl":"https:\/\/sandzakpress.net\/arhiva\/wp-content\/uploads\/2013\/07\/Rasko_Konjevic_ministar_MUP_CG.jpg","articleSection":["Ro\u017eaje","Nacija","Amerika","Njema\u010dka","Berane","Petnjica","\u0160vicarska","Bijelo Polje","Pljevlja","Plav","Gusinje","Belgija","Holandija","Luksemburg","VIJESTI DANA"],"inLanguage":"bs-BA","potentialAction":[{"@type":"CommentAction","name":"Comment","target":["https:\/\/sandzakpress.net\/arhiva\/otvoreno-pismo-rasku-konjevicu-ministru-mup-a-crne-gore-od-19-bosnjackih-organizacija\/#respond"]}]},{"@type":"WebPage","@id":"https:\/\/sandzakpress.net\/arhiva\/otvoreno-pismo-rasku-konjevicu-ministru-mup-a-crne-gore-od-19-bosnjackih-organizacija\/","url":"https:\/\/sandzakpress.net\/arhiva\/otvoreno-pismo-rasku-konjevicu-ministru-mup-a-crne-gore-od-19-bosnjackih-organizacija\/","name":"Otvoreno pismo Ra\u0161ku Konjevi\u0107u, ministru MUP-a Crne Gore od 19 bo\u0161nja\u010dkih organizacija","isPartOf":{"@id":"https:\/\/sandzakpress.net\/arhiva\/#website"},"primaryImageOfPage":{"@id":"https:\/\/sandzakpress.net\/arhiva\/otvoreno-pismo-rasku-konjevicu-ministru-mup-a-crne-gore-od-19-bosnjackih-organizacija\/#primaryimage"},"image":{"@id":"https:\/\/sandzakpress.net\/arhiva\/otvoreno-pismo-rasku-konjevicu-ministru-mup-a-crne-gore-od-19-bosnjackih-organizacija\/#primaryimage"},"thumbnailUrl":"https:\/\/sandzakpress.net\/arhiva\/wp-content\/uploads\/2013\/07\/Rasko_Konjevic_ministar_MUP_CG.jpg","datePublished":"2013-07-05T12:33:21+00:00","breadcrumb":{"@id":"https:\/\/sandzakpress.net\/arhiva\/otvoreno-pismo-rasku-konjevicu-ministru-mup-a-crne-gore-od-19-bosnjackih-organizacija\/#breadcrumb"},"inLanguage":"bs-BA","potentialAction":[{"@type":"ReadAction","target":["https:\/\/sandzakpress.net\/arhiva\/otvoreno-pismo-rasku-konjevicu-ministru-mup-a-crne-gore-od-19-bosnjackih-organizacija\/"]}]},{"@type":"ImageObject","inLanguage":"bs-BA","@id":"https:\/\/sandzakpress.net\/arhiva\/otvoreno-pismo-rasku-konjevicu-ministru-mup-a-crne-gore-od-19-bosnjackih-organizacija\/#primaryimage","url":"https:\/\/sandzakpress.net\/arhiva\/wp-content\/uploads\/2013\/07\/Rasko_Konjevic_ministar_MUP_CG.jpg","contentUrl":"https:\/\/sandzakpress.net\/arhiva\/wp-content\/uploads\/2013\/07\/Rasko_Konjevic_ministar_MUP_CG.jpg","width":300,"height":294},{"@type":"BreadcrumbList","@id":"https:\/\/sandzakpress.net\/arhiva\/otvoreno-pismo-rasku-konjevicu-ministru-mup-a-crne-gore-od-19-bosnjackih-organizacija\/#breadcrumb","itemListElement":[{"@type":"ListItem","position":1,"name":"Home","item":"https:\/\/sandzakpress.net\/arhiva\/"},{"@type":"ListItem","position":2,"name":"Otvoreno pismo Ra\u0161ku Konjevi\u0107u, ministru MUP-a Crne Gore od 19 bo\u0161nja\u010dkih organizacija"}]},{"@type":"WebSite","@id":"https:\/\/sandzakpress.net\/arhiva\/#website","url":"https:\/\/sandzakpress.net\/arhiva\/","name":"Sand\u017eak PRESS","description":"Prve elektronske novine u Sand\u017eaku","publisher":{"@id":"https:\/\/sandzakpress.net\/arhiva\/#\/schema\/person\/6e72b67d6e51910a1117b3b483ba20bd"},"potentialAction":[{"@type":"SearchAction","target":{"@type":"EntryPoint","urlTemplate":"https:\/\/sandzakpress.net\/arhiva\/?s={search_term_string}"},"query-input":{"@type":"PropertyValueSpecification","valueRequired":true,"valueName":"search_term_string"}}],"inLanguage":"bs-BA"},{"@type":["Person","Organization"],"@id":"https:\/\/sandzakpress.net\/arhiva\/#\/schema\/person\/6e72b67d6e51910a1117b3b483ba20bd","name":"Kul","image":{"@type":"ImageObject","inLanguage":"bs-BA","@id":"https:\/\/sandzakpress.net\/arhiva\/#\/schema\/person\/image\/","url":"https:\/\/secure.gravatar.com\/avatar\/42263f39aa27ac04c43cab85c280eb2e?s=96&d=mm&r=pg","contentUrl":"https:\/\/secure.gravatar.com\/avatar\/42263f39aa27ac04c43cab85c280eb2e?s=96&d=mm&r=pg","caption":"Kul"},"logo":{"@id":"https:\/\/sandzakpress.net\/arhiva\/#\/schema\/person\/image\/"}},{"@type":"Person","@id":"https:\/\/sandzakpress.net\/arhiva\/#\/schema\/person\/c8baee722073534b583ea7bdb2e36c02","name":"bosniak","image":{"@type":"ImageObject","inLanguage":"bs-BA","@id":"https:\/\/sandzakpress.net\/arhiva\/#\/schema\/person\/image\/","url":"https:\/\/secure.gravatar.com\/avatar\/a04fd330bfe3a36a72a0ad4a6d89fca7?s=96&d=mm&r=pg","contentUrl":"https:\/\/secure.gravatar.com\/avatar\/a04fd330bfe3a36a72a0ad4a6d89fca7?s=96&d=mm&r=pg","caption":"bosniak"},"url":"https:\/\/sandzakpress.net\/arhiva\/author\/bosniak\/"}]}},"_links":{"self":[{"href":"https:\/\/sandzakpress.net\/arhiva\/wp-json\/wp\/v2\/posts\/81086"}],"collection":[{"href":"https:\/\/sandzakpress.net\/arhiva\/wp-json\/wp\/v2\/posts"}],"about":[{"href":"https:\/\/sandzakpress.net\/arhiva\/wp-json\/wp\/v2\/types\/post"}],"author":[{"embeddable":true,"href":"https:\/\/sandzakpress.net\/arhiva\/wp-json\/wp\/v2\/users\/83"}],"replies":[{"embeddable":true,"href":"https:\/\/sandzakpress.net\/arhiva\/wp-json\/wp\/v2\/comments?post=81086"}],"version-history":[{"count":0,"href":"https:\/\/sandzakpress.net\/arhiva\/wp-json\/wp\/v2\/posts\/81086\/revisions"}],"wp:featuredmedia":[{"embeddable":true,"href":"https:\/\/sandzakpress.net\/arhiva\/wp-json\/wp\/v2\/media\/81085"}],"wp:attachment":[{"href":"https:\/\/sandzakpress.net\/arhiva\/wp-json\/wp\/v2\/media?parent=81086"}],"wp:term":[{"taxonomy":"category","embeddable":true,"href":"https:\/\/sandzakpress.net\/arhiva\/wp-json\/wp\/v2\/categories?post=81086"},{"taxonomy":"post_tag","embeddable":true,"href":"https:\/\/sandzakpress.net\/arhiva\/wp-json\/wp\/v2\/tags?post=81086"}],"curies":[{"name":"wp","href":"https:\/\/api.w.org\/{rel}","templated":true}]}}