{"id":8096,"date":"2010-09-15T11:57:05","date_gmt":"2010-09-15T11:57:05","guid":{"rendered":"https:\/\/sandzakpress.net\/arhiva\/?p=8096"},"modified":"2010-09-15T11:57:05","modified_gmt":"2010-09-15T11:57:05","slug":"za-koga-je-navijao-muftija","status":"publish","type":"post","link":"https:\/\/sandzakpress.net\/arhiva\/za-koga-je-navijao-muftija\/","title":{"rendered":"Za koga je navijao Muftija?"},"content":{"rendered":"<p><strong><a href=\"https:\/\/sandzakpress.net\/arhiva\/wp-content\/uploads\/2010\/09\/58353_01zukrolic-03-alo-aleksandar-stankovic_f-1.jpg\"><img loading=\"lazy\" decoding=\"async\" class=\"alignleft size-medium wp-image-8097\" title=\"58353_01zukrolic-03-alo-aleksandar-stankovic_f (1)\" src=\"https:\/\/sandzakpress.net\/arhiva\/wp-content\/uploads\/2010\/09\/58353_01zukrolic-03-alo-aleksandar-stankovic_f-1-300x207.jpg\" alt=\"\" width=\"300\" height=\"207\" \/><\/a>Sjeverni Sand\u017eak &#8211; Glavni muftija Islamske zajednice u Srbiji Muamer ef. Zukorli\u0107 ka\u017ee da je pona\u0161anje vlasti prema Bo\u0161njacima podiglo stepen antagonizma prema Beogradu.<\/strong><\/p>\n<p>Muftija Zukorli\u0107 je u Ka\u017eiprstu B92 rekao da ima problem da Srbiju do\u017eivi kao svoju domovinu, i priznao da je za vrijeme ko\u0161arka\u0161ke utakmice izme\u0111u Srbije i Turske navijao za reprezentaciju Turske.<\/p>\n<p>Ovo je samo jo\u0161 jedan od doga\u0111aja u posljednjih nekoliko mjeseci koji potvr\u0111uje da su odnosi Novog Pazara i Beograda zategnuti, ka\u017ee muftija Muamer ef. Zukorli\u0107, glavni muftija Islamske zajednice u Srbiji.<\/p>\n<p>Muftija Zukorli\u0107 obja\u0161njava da narod osje\u0107a emotivnu povezanost sa ko\u0161arka\u0161ima turske reprezentacije jer je njih petorica porijeklom iz Sand\u017eaka, ali navodi da ne podr\u017eava parolu &#8220;Ovo je Turska&#8221;, koja se te no\u0107i mogla \u010duti na ulicama Novog Pazara.<\/p>\n<p>B92: Da li ste vi organizator ovoga?<\/p>\n<p>Zukorli\u0107: To je besmisleno pitanje.<\/p>\n<p>B92: Za koga ste vi navijali?<\/p>\n<p>Zukorli\u0107: Apsolutno za Tursku.<\/p>\n<p>B92: Za\u0161to za Tursku?<\/p>\n<p>Zukorli\u0107: Iz istog razloga kao i moj narod.<\/p>\n<p>B92: A da li ikada navijate za Srbiju?<\/p>\n<p>Zukorli\u0107: Ja sam jako dugo bio spreman da navijam za Srbiju, punih 15 godina. Moj odnos prema Srbiji je bio takav da sam prosto bio spreman da svim svojim bi\u0107em u\u010destvujem da se ljute rane Srebrenice i drugih stradanja stave po strani, da ostanu samo u pam\u0107enju kako se nikada vi\u0161e ne bi ponovile, i da krenemo novim putem. Me\u0111utim, vlast to meni nije dozvolila, ni mom narodu.<\/p>\n<p>\u201cApsolutno vam ne smeta kada u Banjaluci masovno navijaju za Srbiju protiv Bosne i Hercegovine. To apsolutno nikome ne smeta, ili bar medijima, to se mo\u017ee pratiti\u201d, ukazao je muftija.<\/p>\n<p>\u201cOpet dolazimo do najve\u0107eg problema, a to su dvojni standardi. Mora se prestati sa dvojim standardima, mora se prestati sa diskriminacijom. Moj odnos prema dr\u017eavi kroz kritike vlasti potvr\u0111uje koliko ja \u017eelim tu dr\u017eavu kao svoju\u201c, rekao je on.<\/p>\n<p>Izvor<strong>: SandzakPRESS.net<\/strong><\/p>\n","protected":false},"excerpt":{"rendered":"<p>Sjeverni Sand\u017eak &#8211; Glavni muftija Islamske zajednice u Srbiji Muamer ef. Zukorli\u0107 ka\u017ee da je pona\u0161anje vlasti prema Bo\u0161njacima podiglo stepen antagonizma prema Beogradu. Muftija Zukorli\u0107 je u Ka\u017eiprstu B92 rekao da ima problem da Srbiju do\u017eivi kao svoju domovinu, i priznao da je za vrijeme ko\u0161arka\u0161ke utakmice izme\u0111u Srbije i Turske navijao za reprezentaciju [&hellip;]<\/p>\n","protected":false},"author":83,"featured_media":8097,"comment_status":"open","ping_status":"open","sticky":false,"template":"","format":"standard","meta":{"footnotes":""},"categories":[72,800,52,327,392,393,394],"tags":[],"class_list":{"0":"post-8096","1":"post","2":"type-post","3":"status-publish","4":"format-standard","5":"has-post-thumbnail","7":"category-novi-pazar","8":"category-nacija","9":"category-sjenica","10":"category-tutin","11":"category-prijepolje_","12":"category-priboj","13":"category-nova-varos"},"yoast_head":"<!-- This site is optimized with the Yoast SEO Premium plugin v23.1 (Yoast SEO v24.9) - https:\/\/yoast.com\/wordpress\/plugins\/seo\/ -->\n<title>Za koga je navijao Muftija?<\/title>\n<meta name=\"robots\" content=\"index, follow, max-snippet:-1, max-image-preview:large, max-video-preview:-1\" \/>\n<link rel=\"canonical\" href=\"https:\/\/sandzakpress.net\/arhiva\/za-koga-je-navijao-muftija\/\" \/>\n<meta property=\"og:locale\" content=\"bs_BA\" \/>\n<meta property=\"og:type\" content=\"article\" \/>\n<meta property=\"og:title\" content=\"Za koga je navijao Muftija?\" \/>\n<meta property=\"og:description\" content=\"Sjeverni Sand\u017eak &#8211; Glavni muftija Islamske zajednice u Srbiji Muamer ef. Zukorli\u0107 ka\u017ee da je pona\u0161anje vlasti prema Bo\u0161njacima podiglo stepen antagonizma prema Beogradu. Muftija Zukorli\u0107 je u Ka\u017eiprstu B92 rekao da ima problem da Srbiju do\u017eivi kao svoju domovinu, i priznao da je za vrijeme ko\u0161arka\u0161ke utakmice izme\u0111u Srbije i Turske navijao za reprezentaciju [&hellip;]\" \/>\n<meta property=\"og:url\" content=\"https:\/\/sandzakpress.net\/arhiva\/za-koga-je-navijao-muftija\/\" \/>\n<meta property=\"og:site_name\" content=\"Sand\u017eak PRESS\" \/>\n<meta property=\"article:published_time\" content=\"2010-09-15T11:57:05+00:00\" \/>\n<meta property=\"og:image\" content=\"https:\/\/sandzakpress.net\/arhiva\/wp-content\/uploads\/2010\/09\/58353_01zukrolic-03-alo-aleksandar-stankovic_f-1.jpg\" \/>\n\t<meta property=\"og:image:width\" content=\"390\" \/>\n\t<meta property=\"og:image:height\" content=\"270\" \/>\n\t<meta property=\"og:image:type\" content=\"image\/jpeg\" \/>\n<meta name=\"author\" content=\"bosniak\" \/>\n<meta name=\"twitter:card\" content=\"summary_large_image\" \/>\n<meta name=\"twitter:label1\" content=\"Written by\" \/>\n\t<meta name=\"twitter:data1\" content=\"bosniak\" \/>\n\t<meta name=\"twitter:label2\" content=\"Est. reading time\" \/>\n\t<meta name=\"twitter:data2\" content=\"2 minute\" \/>\n<script type=\"application\/ld+json\" class=\"yoast-schema-graph\">{\"@context\":\"https:\/\/schema.org\",\"@graph\":[{\"@type\":\"Article\",\"@id\":\"https:\/\/sandzakpress.net\/arhiva\/za-koga-je-navijao-muftija\/#article\",\"isPartOf\":{\"@id\":\"https:\/\/sandzakpress.net\/arhiva\/za-koga-je-navijao-muftija\/\"},\"author\":{\"name\":\"bosniak\",\"@id\":\"https:\/\/sandzakpress.net\/arhiva\/#\/schema\/person\/c8baee722073534b583ea7bdb2e36c02\"},\"headline\":\"Za koga je navijao Muftija?\",\"datePublished\":\"2010-09-15T11:57:05+00:00\",\"mainEntityOfPage\":{\"@id\":\"https:\/\/sandzakpress.net\/arhiva\/za-koga-je-navijao-muftija\/\"},\"wordCount\":342,\"commentCount\":21,\"publisher\":{\"@id\":\"https:\/\/sandzakpress.net\/arhiva\/#\/schema\/person\/6e72b67d6e51910a1117b3b483ba20bd\"},\"image\":{\"@id\":\"https:\/\/sandzakpress.net\/arhiva\/za-koga-je-navijao-muftija\/#primaryimage\"},\"thumbnailUrl\":\"https:\/\/sandzakpress.net\/arhiva\/wp-content\/uploads\/2010\/09\/58353_01zukrolic-03-alo-aleksandar-stankovic_f-1.jpg\",\"articleSection\":[\"Novi Pazar\",\"Nacija\",\"Sjenica\",\"Tutin\",\"Prijepolje\",\"Priboj\",\"Nova Varo\u0161\"],\"inLanguage\":\"bs-BA\",\"potentialAction\":[{\"@type\":\"CommentAction\",\"name\":\"Comment\",\"target\":[\"https:\/\/sandzakpress.net\/arhiva\/za-koga-je-navijao-muftija\/#respond\"]}]},{\"@type\":\"WebPage\",\"@id\":\"https:\/\/sandzakpress.net\/arhiva\/za-koga-je-navijao-muftija\/\",\"url\":\"https:\/\/sandzakpress.net\/arhiva\/za-koga-je-navijao-muftija\/\",\"name\":\"Za koga je navijao Muftija?\",\"isPartOf\":{\"@id\":\"https:\/\/sandzakpress.net\/arhiva\/#website\"},\"primaryImageOfPage\":{\"@id\":\"https:\/\/sandzakpress.net\/arhiva\/za-koga-je-navijao-muftija\/#primaryimage\"},\"image\":{\"@id\":\"https:\/\/sandzakpress.net\/arhiva\/za-koga-je-navijao-muftija\/#primaryimage\"},\"thumbnailUrl\":\"https:\/\/sandzakpress.net\/arhiva\/wp-content\/uploads\/2010\/09\/58353_01zukrolic-03-alo-aleksandar-stankovic_f-1.jpg\",\"datePublished\":\"2010-09-15T11:57:05+00:00\",\"breadcrumb\":{\"@id\":\"https:\/\/sandzakpress.net\/arhiva\/za-koga-je-navijao-muftija\/#breadcrumb\"},\"inLanguage\":\"bs-BA\",\"potentialAction\":[{\"@type\":\"ReadAction\",\"target\":[\"https:\/\/sandzakpress.net\/arhiva\/za-koga-je-navijao-muftija\/\"]}]},{\"@type\":\"ImageObject\",\"inLanguage\":\"bs-BA\",\"@id\":\"https:\/\/sandzakpress.net\/arhiva\/za-koga-je-navijao-muftija\/#primaryimage\",\"url\":\"https:\/\/sandzakpress.net\/arhiva\/wp-content\/uploads\/2010\/09\/58353_01zukrolic-03-alo-aleksandar-stankovic_f-1.jpg\",\"contentUrl\":\"https:\/\/sandzakpress.net\/arhiva\/wp-content\/uploads\/2010\/09\/58353_01zukrolic-03-alo-aleksandar-stankovic_f-1.jpg\",\"width\":390,\"height\":270},{\"@type\":\"BreadcrumbList\",\"@id\":\"https:\/\/sandzakpress.net\/arhiva\/za-koga-je-navijao-muftija\/#breadcrumb\",\"itemListElement\":[{\"@type\":\"ListItem\",\"position\":1,\"name\":\"Home\",\"item\":\"https:\/\/sandzakpress.net\/arhiva\/\"},{\"@type\":\"ListItem\",\"position\":2,\"name\":\"Za koga je navijao Muftija?\"}]},{\"@type\":\"WebSite\",\"@id\":\"https:\/\/sandzakpress.net\/arhiva\/#website\",\"url\":\"https:\/\/sandzakpress.net\/arhiva\/\",\"name\":\"Sand\u017eak PRESS\",\"description\":\"Prve elektronske novine u Sand\u017eaku\",\"publisher\":{\"@id\":\"https:\/\/sandzakpress.net\/arhiva\/#\/schema\/person\/6e72b67d6e51910a1117b3b483ba20bd\"},\"potentialAction\":[{\"@type\":\"SearchAction\",\"target\":{\"@type\":\"EntryPoint\",\"urlTemplate\":\"https:\/\/sandzakpress.net\/arhiva\/?s={search_term_string}\"},\"query-input\":{\"@type\":\"PropertyValueSpecification\",\"valueRequired\":true,\"valueName\":\"search_term_string\"}}],\"inLanguage\":\"bs-BA\"},{\"@type\":[\"Person\",\"Organization\"],\"@id\":\"https:\/\/sandzakpress.net\/arhiva\/#\/schema\/person\/6e72b67d6e51910a1117b3b483ba20bd\",\"name\":\"Kul\",\"image\":{\"@type\":\"ImageObject\",\"inLanguage\":\"bs-BA\",\"@id\":\"https:\/\/sandzakpress.net\/arhiva\/#\/schema\/person\/image\/\",\"url\":\"https:\/\/secure.gravatar.com\/avatar\/42263f39aa27ac04c43cab85c280eb2e?s=96&d=mm&r=pg\",\"contentUrl\":\"https:\/\/secure.gravatar.com\/avatar\/42263f39aa27ac04c43cab85c280eb2e?s=96&d=mm&r=pg\",\"caption\":\"Kul\"},\"logo\":{\"@id\":\"https:\/\/sandzakpress.net\/arhiva\/#\/schema\/person\/image\/\"}},{\"@type\":\"Person\",\"@id\":\"https:\/\/sandzakpress.net\/arhiva\/#\/schema\/person\/c8baee722073534b583ea7bdb2e36c02\",\"name\":\"bosniak\",\"image\":{\"@type\":\"ImageObject\",\"inLanguage\":\"bs-BA\",\"@id\":\"https:\/\/sandzakpress.net\/arhiva\/#\/schema\/person\/image\/\",\"url\":\"https:\/\/secure.gravatar.com\/avatar\/a04fd330bfe3a36a72a0ad4a6d89fca7?s=96&d=mm&r=pg\",\"contentUrl\":\"https:\/\/secure.gravatar.com\/avatar\/a04fd330bfe3a36a72a0ad4a6d89fca7?s=96&d=mm&r=pg\",\"caption\":\"bosniak\"},\"url\":\"https:\/\/sandzakpress.net\/arhiva\/author\/bosniak\/\"}]}<\/script>\n<!-- \/ Yoast SEO Premium plugin. -->","yoast_head_json":{"title":"Za koga je navijao Muftija?","robots":{"index":"index","follow":"follow","max-snippet":"max-snippet:-1","max-image-preview":"max-image-preview:large","max-video-preview":"max-video-preview:-1"},"canonical":"https:\/\/sandzakpress.net\/arhiva\/za-koga-je-navijao-muftija\/","og_locale":"bs_BA","og_type":"article","og_title":"Za koga je navijao Muftija?","og_description":"Sjeverni Sand\u017eak &#8211; Glavni muftija Islamske zajednice u Srbiji Muamer ef. Zukorli\u0107 ka\u017ee da je pona\u0161anje vlasti prema Bo\u0161njacima podiglo stepen antagonizma prema Beogradu. Muftija Zukorli\u0107 je u Ka\u017eiprstu B92 rekao da ima problem da Srbiju do\u017eivi kao svoju domovinu, i priznao da je za vrijeme ko\u0161arka\u0161ke utakmice izme\u0111u Srbije i Turske navijao za reprezentaciju [&hellip;]","og_url":"https:\/\/sandzakpress.net\/arhiva\/za-koga-je-navijao-muftija\/","og_site_name":"Sand\u017eak PRESS","article_published_time":"2010-09-15T11:57:05+00:00","og_image":[{"width":390,"height":270,"url":"https:\/\/sandzakpress.net\/arhiva\/wp-content\/uploads\/2010\/09\/58353_01zukrolic-03-alo-aleksandar-stankovic_f-1.jpg","type":"image\/jpeg"}],"author":"bosniak","twitter_card":"summary_large_image","twitter_misc":{"Written by":"bosniak","Est. reading time":"2 minute"},"schema":{"@context":"https:\/\/schema.org","@graph":[{"@type":"Article","@id":"https:\/\/sandzakpress.net\/arhiva\/za-koga-je-navijao-muftija\/#article","isPartOf":{"@id":"https:\/\/sandzakpress.net\/arhiva\/za-koga-je-navijao-muftija\/"},"author":{"name":"bosniak","@id":"https:\/\/sandzakpress.net\/arhiva\/#\/schema\/person\/c8baee722073534b583ea7bdb2e36c02"},"headline":"Za koga je navijao Muftija?","datePublished":"2010-09-15T11:57:05+00:00","mainEntityOfPage":{"@id":"https:\/\/sandzakpress.net\/arhiva\/za-koga-je-navijao-muftija\/"},"wordCount":342,"commentCount":21,"publisher":{"@id":"https:\/\/sandzakpress.net\/arhiva\/#\/schema\/person\/6e72b67d6e51910a1117b3b483ba20bd"},"image":{"@id":"https:\/\/sandzakpress.net\/arhiva\/za-koga-je-navijao-muftija\/#primaryimage"},"thumbnailUrl":"https:\/\/sandzakpress.net\/arhiva\/wp-content\/uploads\/2010\/09\/58353_01zukrolic-03-alo-aleksandar-stankovic_f-1.jpg","articleSection":["Novi Pazar","Nacija","Sjenica","Tutin","Prijepolje","Priboj","Nova Varo\u0161"],"inLanguage":"bs-BA","potentialAction":[{"@type":"CommentAction","name":"Comment","target":["https:\/\/sandzakpress.net\/arhiva\/za-koga-je-navijao-muftija\/#respond"]}]},{"@type":"WebPage","@id":"https:\/\/sandzakpress.net\/arhiva\/za-koga-je-navijao-muftija\/","url":"https:\/\/sandzakpress.net\/arhiva\/za-koga-je-navijao-muftija\/","name":"Za koga je navijao Muftija?","isPartOf":{"@id":"https:\/\/sandzakpress.net\/arhiva\/#website"},"primaryImageOfPage":{"@id":"https:\/\/sandzakpress.net\/arhiva\/za-koga-je-navijao-muftija\/#primaryimage"},"image":{"@id":"https:\/\/sandzakpress.net\/arhiva\/za-koga-je-navijao-muftija\/#primaryimage"},"thumbnailUrl":"https:\/\/sandzakpress.net\/arhiva\/wp-content\/uploads\/2010\/09\/58353_01zukrolic-03-alo-aleksandar-stankovic_f-1.jpg","datePublished":"2010-09-15T11:57:05+00:00","breadcrumb":{"@id":"https:\/\/sandzakpress.net\/arhiva\/za-koga-je-navijao-muftija\/#breadcrumb"},"inLanguage":"bs-BA","potentialAction":[{"@type":"ReadAction","target":["https:\/\/sandzakpress.net\/arhiva\/za-koga-je-navijao-muftija\/"]}]},{"@type":"ImageObject","inLanguage":"bs-BA","@id":"https:\/\/sandzakpress.net\/arhiva\/za-koga-je-navijao-muftija\/#primaryimage","url":"https:\/\/sandzakpress.net\/arhiva\/wp-content\/uploads\/2010\/09\/58353_01zukrolic-03-alo-aleksandar-stankovic_f-1.jpg","contentUrl":"https:\/\/sandzakpress.net\/arhiva\/wp-content\/uploads\/2010\/09\/58353_01zukrolic-03-alo-aleksandar-stankovic_f-1.jpg","width":390,"height":270},{"@type":"BreadcrumbList","@id":"https:\/\/sandzakpress.net\/arhiva\/za-koga-je-navijao-muftija\/#breadcrumb","itemListElement":[{"@type":"ListItem","position":1,"name":"Home","item":"https:\/\/sandzakpress.net\/arhiva\/"},{"@type":"ListItem","position":2,"name":"Za koga je navijao Muftija?"}]},{"@type":"WebSite","@id":"https:\/\/sandzakpress.net\/arhiva\/#website","url":"https:\/\/sandzakpress.net\/arhiva\/","name":"Sand\u017eak PRESS","description":"Prve elektronske novine u Sand\u017eaku","publisher":{"@id":"https:\/\/sandzakpress.net\/arhiva\/#\/schema\/person\/6e72b67d6e51910a1117b3b483ba20bd"},"potentialAction":[{"@type":"SearchAction","target":{"@type":"EntryPoint","urlTemplate":"https:\/\/sandzakpress.net\/arhiva\/?s={search_term_string}"},"query-input":{"@type":"PropertyValueSpecification","valueRequired":true,"valueName":"search_term_string"}}],"inLanguage":"bs-BA"},{"@type":["Person","Organization"],"@id":"https:\/\/sandzakpress.net\/arhiva\/#\/schema\/person\/6e72b67d6e51910a1117b3b483ba20bd","name":"Kul","image":{"@type":"ImageObject","inLanguage":"bs-BA","@id":"https:\/\/sandzakpress.net\/arhiva\/#\/schema\/person\/image\/","url":"https:\/\/secure.gravatar.com\/avatar\/42263f39aa27ac04c43cab85c280eb2e?s=96&d=mm&r=pg","contentUrl":"https:\/\/secure.gravatar.com\/avatar\/42263f39aa27ac04c43cab85c280eb2e?s=96&d=mm&r=pg","caption":"Kul"},"logo":{"@id":"https:\/\/sandzakpress.net\/arhiva\/#\/schema\/person\/image\/"}},{"@type":"Person","@id":"https:\/\/sandzakpress.net\/arhiva\/#\/schema\/person\/c8baee722073534b583ea7bdb2e36c02","name":"bosniak","image":{"@type":"ImageObject","inLanguage":"bs-BA","@id":"https:\/\/sandzakpress.net\/arhiva\/#\/schema\/person\/image\/","url":"https:\/\/secure.gravatar.com\/avatar\/a04fd330bfe3a36a72a0ad4a6d89fca7?s=96&d=mm&r=pg","contentUrl":"https:\/\/secure.gravatar.com\/avatar\/a04fd330bfe3a36a72a0ad4a6d89fca7?s=96&d=mm&r=pg","caption":"bosniak"},"url":"https:\/\/sandzakpress.net\/arhiva\/author\/bosniak\/"}]}},"_links":{"self":[{"href":"https:\/\/sandzakpress.net\/arhiva\/wp-json\/wp\/v2\/posts\/8096"}],"collection":[{"href":"https:\/\/sandzakpress.net\/arhiva\/wp-json\/wp\/v2\/posts"}],"about":[{"href":"https:\/\/sandzakpress.net\/arhiva\/wp-json\/wp\/v2\/types\/post"}],"author":[{"embeddable":true,"href":"https:\/\/sandzakpress.net\/arhiva\/wp-json\/wp\/v2\/users\/83"}],"replies":[{"embeddable":true,"href":"https:\/\/sandzakpress.net\/arhiva\/wp-json\/wp\/v2\/comments?post=8096"}],"version-history":[{"count":0,"href":"https:\/\/sandzakpress.net\/arhiva\/wp-json\/wp\/v2\/posts\/8096\/revisions"}],"wp:featuredmedia":[{"embeddable":true,"href":"https:\/\/sandzakpress.net\/arhiva\/wp-json\/wp\/v2\/media\/8097"}],"wp:attachment":[{"href":"https:\/\/sandzakpress.net\/arhiva\/wp-json\/wp\/v2\/media?parent=8096"}],"wp:term":[{"taxonomy":"category","embeddable":true,"href":"https:\/\/sandzakpress.net\/arhiva\/wp-json\/wp\/v2\/categories?post=8096"},{"taxonomy":"post_tag","embeddable":true,"href":"https:\/\/sandzakpress.net\/arhiva\/wp-json\/wp\/v2\/tags?post=8096"}],"curies":[{"name":"wp","href":"https:\/\/api.w.org\/{rel}","templated":true}]}}